
{"id":31245,"date":"2023-12-05T17:14:00","date_gmt":"2023-12-05T21:14:00","guid":{"rendered":"https:\/\/colegioarquitectos.com\/?p=31245"},"modified":"2023-12-05T17:14:00","modified_gmt":"2023-12-05T21:14:00","slug":"mensaje-de-la-presidenta-de-la-union-internacional-de-arquitectos-uia-para-la-cop28","status":"publish","type":"post","link":"https:\/\/colegioarquitectos.com\/noticias\/?p=31245","title":{"rendered":"Mensaje de la presidenta de la Uni\u00f3n Internacional de Arquitectos (UIA) para la COP28"},"content":{"rendered":"<p>Es un placer dirigir este mensaje a todos los representantes gubernamentales, participantes y quienes siguen los trabajos de la 28\u00aa Conferencia de las Partes de la Convenci\u00f3n Marco de las Naciones Unidas sobre el Cambio Clim\u00e1tico (COP28) en mi calidad de presidente de la Uni\u00f3n Internacional de Arquitectos (UIA). ).<\/p>\n<p>La construcci\u00f3n es un acto p\u00fablico. Depende de factores pol\u00edticos y econ\u00f3micos y requiere colaboraci\u00f3n interdisciplinaria.<\/p>\n<p>Los arquitectos tienen el desaf\u00edo de dise\u00f1ar lugares capaces de generar una sociedad mejor y m\u00e1s amigable, as\u00ed como edificios que contribuyan al bienestar de las personas que los utilizan y respondan a los desaf\u00edos ambientales.<\/p>\n<p>Los arquitectos reciben educaci\u00f3n y formaci\u00f3n para coordinar los conocimientos de otras disciplinas y especialistas, utilizar la tecnolog\u00eda de forma inteligente y encontrar soluciones dentro del marco econ\u00f3mico y legal determinado. Al mismo tiempo, promueven activamente cambios en la legislaci\u00f3n para mejorar las pol\u00edticas p\u00fablicas, optimizar el uso de la tierra y los recursos naturales renovables, reducir el gasto energ\u00e9tico y mejorar la protecci\u00f3n del medio ambiente.<\/p>\n<p>Sin embargo, lo que es verdaderamente esencial y \u00fanico para la profesi\u00f3n de arquitecto es la capacidad de traducir las necesidades en soluciones espaciales y responder con creatividad en el dise\u00f1o a las particularidades de la tarea, el lugar y el contexto teniendo en cuenta todas las limitaciones.<\/p>\n<p>Como especialista en dise\u00f1o, el arquitecto tiene el desaf\u00edo de comprender las necesidades tanto de los usuarios como de los inversores e interpretarlas en inter\u00e9s de la sociedad. La profesi\u00f3n no s\u00f3lo tiene una responsabilidad est\u00e9tica, sino tambi\u00e9n social, \u00e9tica y pol\u00edtica.<\/p>\n<p>La expansi\u00f3n urbana descontrolada en todo el mundo amenaza no s\u00f3lo el equilibrio ambiental, social y econ\u00f3mico del planeta, sino tambi\u00e9n su relaci\u00f3n con la naturaleza y la biodiversidad. Las crisis clim\u00e1ticas, los frecuentes desastres naturales, los disturbios pol\u00edticos y las guerras en muchos pa\u00edses han revelado desigualdades sociales, econ\u00f3micas y ambientales que afectan desproporcionadamente a quienes viven en la pobreza. El mundo enfrenta la dif\u00edcil tarea de encontrar la mejor manera de responder a los desaf\u00edos clim\u00e1ticos y sociales actuales.<\/p>\n<p>La arquitectura, incluida la planificaci\u00f3n territorial y el dise\u00f1o urbano, es una disciplina de inter\u00e9s p\u00fablico y s\u00f3lo puede contribuir con \u00e9xito a soluciones innovadoras si los clientes son responsables y el marco legal favorable a la innovaci\u00f3n.<\/p>\n<p>La UIA promueve la arquitectura sostenible en alineaci\u00f3n con los 17 ODS de la ONU. El tema del Congreso de la UIA de 2023 en Copenhague se centr\u00f3 en \u201cFuturos sostenibles, no dejar a nadie atr\u00e1s\u201d. Las resoluciones del Congreso son parte del legado de la UIA para los pr\u00f3ximos a\u00f1os.<\/p>\n<p>Con publicaciones de proyectos seleccionados en las Gu\u00edas de la UIA sobre los 17 ODS de la ONU, la Comisi\u00f3n especializada de la UIA demuestra la capacidad de la arquitectura para contribuir con soluciones valiosas y ayuda a crear una amplia conciencia sobre la sostenibilidad. Con concursos estudiantiles, como la GGWI (Iniciativa de la Gran Muralla Verde) realizada en relaci\u00f3n con el Congreso de 2023, la Uni\u00f3n ha estado creando conciencia entre la pr\u00f3xima generaci\u00f3n de arquitectos sobre los desaf\u00edos que enfrentar\u00e1n.<\/p>\n<p>La relaci\u00f3n entre las zonas urbanas y rurales es en todos los pa\u00edses un factor decisivo para el clima. La planificaci\u00f3n territorial es una cuesti\u00f3n clave que debe abordarse en el debate sobre el clima.<\/p>\n<p>En su 75\u00ba aniversario este a\u00f1o, la UIA invita a los gobiernos y autoridades de planificaci\u00f3n de todos los pa\u00edses a abordar la urgente cuesti\u00f3n de la urbanizaci\u00f3n con medidas que alienten a los pol\u00edticos y clientes a cooperar con los arquitectos y con una legislaci\u00f3n progresista que permita soluciones innovadoras.<\/p>\n<p>&nbsp;<\/p>\n<p><strong>Regina Gonthier<\/strong><br \/>\n<strong>Presidenta de la Uni\u00f3n Internacional de Arquitectos (UIA)<\/strong><\/p>\n<p>&nbsp;<\/p>\n<p><\/p>","protected":false},"excerpt":{"rendered":"<p>Es un placer dirigir este mensaje a todos los representantes gubernamentales, participantes y quienes siguen los trabajos de la 28\u00aa Conferencia de las Partes de la Convenci\u00f3n Marco de las Naciones Unidas sobre el Cambio Clim\u00e1tico (COP28) en mi calidad &hellip; <a class=\"more-link\" href=\"https:\/\/colegioarquitectos.com\/noticias\/?p=31245\">ver m\u00e1s<\/a><\/p>","protected":false},"author":4,"featured_media":31184,"comment_status":"closed","ping_status":"closed","sticky":false,"template":"","format":"standard","meta":{"footnotes":""},"categories":[8,621],"tags":[702,213,214],"class_list":["post-31245","post","type-post","status-publish","format-standard","has-post-thumbnail","hentry","category-colegio-de-arquitectos","category-internacional","tag-cop28","tag-uia","tag-union-internacional-de-arquitectos"],"yoast_head":"<!-- This site is optimized with the Yoast SEO plugin v24.2 - https:\/\/yoast.com\/wordpress\/plugins\/seo\/ -->\n<title>Mensaje de la presidenta de la Uni\u00f3n Internacional de Arquitectos (UIA) para la COP28 - COLEGIO DE ARQUITECTOS DE CHILE<\/title>\n<meta name=\"robots\" content=\"index, follow, max-snippet:-1, max-image-preview:large, max-video-preview:-1\" \/>\n<link rel=\"canonical\" href=\"https:\/\/colegioarquitectos.com\/noticias\/?p=31245\" \/>\n<meta property=\"og:locale\" content=\"es_ES\" \/>\n<meta property=\"og:type\" content=\"article\" \/>\n<meta property=\"og:title\" content=\"Mensaje de la presidenta de la Uni\u00f3n Internacional de Arquitectos (UIA) para la COP28 - COLEGIO DE ARQUITECTOS DE CHILE\" \/>\n<meta property=\"og:description\" content=\"Es un placer dirigir este mensaje a todos los representantes gubernamentales, participantes y quienes siguen los trabajos de la 28\u00aa Conferencia de las Partes de la Convenci\u00f3n Marco de las Naciones Unidas sobre el Cambio Clim\u00e1tico (COP28) en mi calidad &hellip; ver m\u00e1s\" \/>\n<meta property=\"og:url\" content=\"https:\/\/colegioarquitectos.com\/noticias\/?p=31245\" \/>\n<meta property=\"og:site_name\" content=\"COLEGIO DE ARQUITECTOS DE CHILE\" \/>\n<meta property=\"article:publisher\" content=\"https:\/\/facebook.com\/Colegioarq\/\" \/>\n<meta property=\"article:published_time\" content=\"2023-12-05T21:14:00+00:00\" \/>\n<meta property=\"og:image\" content=\"https:\/\/colegioarquitectos.com\/noticias\/wp-content\/uploads\/2023\/11\/Proyecto-nuevo-5.png\" \/>\n\t<meta property=\"og:image:width\" content=\"1280\" \/>\n\t<meta property=\"og:image:height\" content=\"720\" \/>\n\t<meta property=\"og:image:type\" content=\"image\/png\" \/>\n<meta name=\"author\" content=\"Colegio de Arquitectos de Chile\" \/>\n<meta name=\"twitter:card\" content=\"summary_large_image\" \/>\n<meta name=\"twitter:creator\" content=\"@colegioarq\" \/>\n<meta name=\"twitter:site\" content=\"@colegioarq\" \/>\n<meta name=\"twitter:label1\" content=\"Escrito por\" \/>\n\t<meta name=\"twitter:data1\" content=\"Colegio de Arquitectos de Chile\" \/>\n\t<meta name=\"twitter:label2\" content=\"Tiempo de lectura\" \/>\n\t<meta name=\"twitter:data2\" content=\"3 minutos\" \/>\n<script type=\"application\/ld+json\" class=\"yoast-schema-graph\">{\"@context\":\"https:\/\/schema.org\",\"@graph\":[{\"@type\":\"Article\",\"@id\":\"https:\/\/colegioarquitectos.com\/noticias\/?p=31245#article\",\"isPartOf\":{\"@id\":\"https:\/\/colegioarquitectos.com\/noticias\/?p=31245\"},\"author\":{\"name\":\"Colegio de Arquitectos de Chile\",\"@id\":\"https:\/\/colegioarquitectos.com\/noticias\/#\/schema\/person\/685cc0aad148303c5608f049af8285ad\"},\"headline\":\"Mensaje de la presidenta de la Uni\u00f3n Internacional de Arquitectos (UIA) para la COP28\",\"datePublished\":\"2023-12-05T21:14:00+00:00\",\"dateModified\":\"2023-12-05T21:14:00+00:00\",\"mainEntityOfPage\":{\"@id\":\"https:\/\/colegioarquitectos.com\/noticias\/?p=31245\"},\"wordCount\":690,\"publisher\":{\"@id\":\"https:\/\/colegioarquitectos.com\/noticias\/#organization\"},\"image\":{\"@id\":\"https:\/\/colegioarquitectos.com\/noticias\/?p=31245#primaryimage\"},\"thumbnailUrl\":\"https:\/\/colegioarquitectos.com\/noticias\/wp-content\/uploads\/2023\/11\/Proyecto-nuevo-5.png\",\"keywords\":[\"COP28\",\"UIA\",\"Uni\u00f3n Internacional de Arquitectos\"],\"articleSection\":[\"Colegio\",\"Internacional\"],\"inLanguage\":\"es\"},{\"@type\":\"WebPage\",\"@id\":\"https:\/\/colegioarquitectos.com\/noticias\/?p=31245\",\"url\":\"https:\/\/colegioarquitectos.com\/noticias\/?p=31245\",\"name\":\"Mensaje de la presidenta de la Uni\u00f3n Internacional de Arquitectos (UIA) para la COP28 - COLEGIO DE ARQUITECTOS DE CHILE\",\"isPartOf\":{\"@id\":\"https:\/\/colegioarquitectos.com\/noticias\/#website\"},\"primaryImageOfPage\":{\"@id\":\"https:\/\/colegioarquitectos.com\/noticias\/?p=31245#primaryimage\"},\"image\":{\"@id\":\"https:\/\/colegioarquitectos.com\/noticias\/?p=31245#primaryimage\"},\"thumbnailUrl\":\"https:\/\/colegioarquitectos.com\/noticias\/wp-content\/uploads\/2023\/11\/Proyecto-nuevo-5.png\",\"datePublished\":\"2023-12-05T21:14:00+00:00\",\"dateModified\":\"2023-12-05T21:14:00+00:00\",\"breadcrumb\":{\"@id\":\"https:\/\/colegioarquitectos.com\/noticias\/?p=31245#breadcrumb\"},\"inLanguage\":\"es\",\"potentialAction\":[{\"@type\":\"ReadAction\",\"target\":[\"https:\/\/colegioarquitectos.com\/noticias\/?p=31245\"]}]},{\"@type\":\"ImageObject\",\"inLanguage\":\"es\",\"@id\":\"https:\/\/colegioarquitectos.com\/noticias\/?p=31245#primaryimage\",\"url\":\"https:\/\/colegioarquitectos.com\/noticias\/wp-content\/uploads\/2023\/11\/Proyecto-nuevo-5.png\",\"contentUrl\":\"https:\/\/colegioarquitectos.com\/noticias\/wp-content\/uploads\/2023\/11\/Proyecto-nuevo-5.png\",\"width\":1280,\"height\":720},{\"@type\":\"BreadcrumbList\",\"@id\":\"https:\/\/colegioarquitectos.com\/noticias\/?p=31245#breadcrumb\",\"itemListElement\":[{\"@type\":\"ListItem\",\"position\":1,\"name\":\"Portada\",\"item\":\"https:\/\/colegioarquitectos.com\/noticias\"},{\"@type\":\"ListItem\",\"position\":2,\"name\":\"Mensaje de la presidenta de la Uni\u00f3n Internacional de Arquitectos (UIA) para la COP28\"}]},{\"@type\":\"WebSite\",\"@id\":\"https:\/\/colegioarquitectos.com\/noticias\/#website\",\"url\":\"https:\/\/colegioarquitectos.com\/noticias\/\",\"name\":\"COLEGIO DE ARQUITECTOS DE CHILE\",\"description\":\"\",\"publisher\":{\"@id\":\"https:\/\/colegioarquitectos.com\/noticias\/#organization\"},\"potentialAction\":[{\"@type\":\"SearchAction\",\"target\":{\"@type\":\"EntryPoint\",\"urlTemplate\":\"https:\/\/colegioarquitectos.com\/noticias\/?s={search_term_string}\"},\"query-input\":{\"@type\":\"PropertyValueSpecification\",\"valueRequired\":true,\"valueName\":\"search_term_string\"}}],\"inLanguage\":\"es\"},{\"@type\":\"Organization\",\"@id\":\"https:\/\/colegioarquitectos.com\/noticias\/#organization\",\"name\":\"COLEGIO DE ARQUITECTOS DE CHILE\",\"url\":\"https:\/\/colegioarquitectos.com\/noticias\/\",\"logo\":{\"@type\":\"ImageObject\",\"inLanguage\":\"es\",\"@id\":\"https:\/\/colegioarquitectos.com\/noticias\/#\/schema\/logo\/image\/\",\"url\":\"https:\/\/colegioarquitectos.com\/noticias\/wp-content\/uploads\/2021\/05\/ENCABEZADO-LOGO-CA.jpg\",\"contentUrl\":\"https:\/\/colegioarquitectos.com\/noticias\/wp-content\/uploads\/2021\/05\/ENCABEZADO-LOGO-CA.jpg\",\"width\":690,\"height\":350,\"caption\":\"COLEGIO DE ARQUITECTOS DE CHILE\"},\"image\":{\"@id\":\"https:\/\/colegioarquitectos.com\/noticias\/#\/schema\/logo\/image\/\"},\"sameAs\":[\"https:\/\/facebook.com\/Colegioarq\/\",\"https:\/\/x.com\/colegioarq\",\"https:\/\/instagram.com\/colegioarq\",\"https:\/\/youtube.com\/@ColegiodeArquitectosdeChile\"]},{\"@type\":\"Person\",\"@id\":\"https:\/\/colegioarquitectos.com\/noticias\/#\/schema\/person\/685cc0aad148303c5608f049af8285ad\",\"name\":\"Colegio de Arquitectos de Chile\",\"url\":\"https:\/\/colegioarquitectos.com\/noticias\/?author=4\"}]}<\/script>\n<!-- \/ Yoast SEO plugin. -->","yoast_head_json":{"title":"Mensaje de la presidenta de la Uni\u00f3n Internacional de Arquitectos (UIA) para la COP28 - COLEGIO DE ARQUITECTOS DE CHILE","robots":{"index":"index","follow":"follow","max-snippet":"max-snippet:-1","max-image-preview":"max-image-preview:large","max-video-preview":"max-video-preview:-1"},"canonical":"https:\/\/colegioarquitectos.com\/noticias\/?p=31245","og_locale":"es_ES","og_type":"article","og_title":"Mensaje de la presidenta de la Uni\u00f3n Internacional de Arquitectos (UIA) para la COP28 - COLEGIO DE ARQUITECTOS DE CHILE","og_description":"Es un placer dirigir este mensaje a todos los representantes gubernamentales, participantes y quienes siguen los trabajos de la 28\u00aa Conferencia de las Partes de la Convenci\u00f3n Marco de las Naciones Unidas sobre el Cambio Clim\u00e1tico (COP28) en mi calidad &hellip; ver m\u00e1s","og_url":"https:\/\/colegioarquitectos.com\/noticias\/?p=31245","og_site_name":"COLEGIO DE ARQUITECTOS DE CHILE","article_publisher":"https:\/\/facebook.com\/Colegioarq\/","article_published_time":"2023-12-05T21:14:00+00:00","og_image":[{"width":1280,"height":720,"url":"https:\/\/colegioarquitectos.com\/noticias\/wp-content\/uploads\/2023\/11\/Proyecto-nuevo-5.png","type":"image\/png"}],"author":"Colegio de Arquitectos de Chile","twitter_card":"summary_large_image","twitter_creator":"@colegioarq","twitter_site":"@colegioarq","twitter_misc":{"Escrito por":"Colegio de Arquitectos de Chile","Tiempo de lectura":"3 minutos"},"schema":{"@context":"https:\/\/schema.org","@graph":[{"@type":"Article","@id":"https:\/\/colegioarquitectos.com\/noticias\/?p=31245#article","isPartOf":{"@id":"https:\/\/colegioarquitectos.com\/noticias\/?p=31245"},"author":{"name":"Colegio de Arquitectos de Chile","@id":"https:\/\/colegioarquitectos.com\/noticias\/#\/schema\/person\/685cc0aad148303c5608f049af8285ad"},"headline":"Mensaje de la presidenta de la Uni\u00f3n Internacional de Arquitectos (UIA) para la COP28","datePublished":"2023-12-05T21:14:00+00:00","dateModified":"2023-12-05T21:14:00+00:00","mainEntityOfPage":{"@id":"https:\/\/colegioarquitectos.com\/noticias\/?p=31245"},"wordCount":690,"publisher":{"@id":"https:\/\/colegioarquitectos.com\/noticias\/#organization"},"image":{"@id":"https:\/\/colegioarquitectos.com\/noticias\/?p=31245#primaryimage"},"thumbnailUrl":"https:\/\/colegioarquitectos.com\/noticias\/wp-content\/uploads\/2023\/11\/Proyecto-nuevo-5.png","keywords":["COP28","UIA","Uni\u00f3n Internacional de Arquitectos"],"articleSection":["Colegio","Internacional"],"inLanguage":"es"},{"@type":"WebPage","@id":"https:\/\/colegioarquitectos.com\/noticias\/?p=31245","url":"https:\/\/colegioarquitectos.com\/noticias\/?p=31245","name":"Mensaje de la presidenta de la Uni\u00f3n Internacional de Arquitectos (UIA) para la COP28 - COLEGIO DE ARQUITECTOS DE CHILE","isPartOf":{"@id":"https:\/\/colegioarquitectos.com\/noticias\/#website"},"primaryImageOfPage":{"@id":"https:\/\/colegioarquitectos.com\/noticias\/?p=31245#primaryimage"},"image":{"@id":"https:\/\/colegioarquitectos.com\/noticias\/?p=31245#primaryimage"},"thumbnailUrl":"https:\/\/colegioarquitectos.com\/noticias\/wp-content\/uploads\/2023\/11\/Proyecto-nuevo-5.png","datePublished":"2023-12-05T21:14:00+00:00","dateModified":"2023-12-05T21:14:00+00:00","breadcrumb":{"@id":"https:\/\/colegioarquitectos.com\/noticias\/?p=31245#breadcrumb"},"inLanguage":"es","potentialAction":[{"@type":"ReadAction","target":["https:\/\/colegioarquitectos.com\/noticias\/?p=31245"]}]},{"@type":"ImageObject","inLanguage":"es","@id":"https:\/\/colegioarquitectos.com\/noticias\/?p=31245#primaryimage","url":"https:\/\/colegioarquitectos.com\/noticias\/wp-content\/uploads\/2023\/11\/Proyecto-nuevo-5.png","contentUrl":"https:\/\/colegioarquitectos.com\/noticias\/wp-content\/uploads\/2023\/11\/Proyecto-nuevo-5.png","width":1280,"height":720},{"@type":"BreadcrumbList","@id":"https:\/\/colegioarquitectos.com\/noticias\/?p=31245#breadcrumb","itemListElement":[{"@type":"ListItem","position":1,"name":"Portada","item":"https:\/\/colegioarquitectos.com\/noticias"},{"@type":"ListItem","position":2,"name":"Mensaje de la presidenta de la Uni\u00f3n Internacional de Arquitectos (UIA) para la COP28"}]},{"@type":"WebSite","@id":"https:\/\/colegioarquitectos.com\/noticias\/#website","url":"https:\/\/colegioarquitectos.com\/noticias\/","name":"COLEGIO DE ARQUITECTOS DE CHILE","description":"","publisher":{"@id":"https:\/\/colegioarquitectos.com\/noticias\/#organization"},"potentialAction":[{"@type":"SearchAction","target":{"@type":"EntryPoint","urlTemplate":"https:\/\/colegioarquitectos.com\/noticias\/?s={search_term_string}"},"query-input":{"@type":"PropertyValueSpecification","valueRequired":true,"valueName":"search_term_string"}}],"inLanguage":"es"},{"@type":"Organization","@id":"https:\/\/colegioarquitectos.com\/noticias\/#organization","name":"COLEGIO DE ARQUITECTOS DE CHILE","url":"https:\/\/colegioarquitectos.com\/noticias\/","logo":{"@type":"ImageObject","inLanguage":"es","@id":"https:\/\/colegioarquitectos.com\/noticias\/#\/schema\/logo\/image\/","url":"https:\/\/colegioarquitectos.com\/noticias\/wp-content\/uploads\/2021\/05\/ENCABEZADO-LOGO-CA.jpg","contentUrl":"https:\/\/colegioarquitectos.com\/noticias\/wp-content\/uploads\/2021\/05\/ENCABEZADO-LOGO-CA.jpg","width":690,"height":350,"caption":"COLEGIO DE ARQUITECTOS DE CHILE"},"image":{"@id":"https:\/\/colegioarquitectos.com\/noticias\/#\/schema\/logo\/image\/"},"sameAs":["https:\/\/facebook.com\/Colegioarq\/","https:\/\/x.com\/colegioarq","https:\/\/instagram.com\/colegioarq","https:\/\/youtube.com\/@ColegiodeArquitectosdeChile"]},{"@type":"Person","@id":"https:\/\/colegioarquitectos.com\/noticias\/#\/schema\/person\/685cc0aad148303c5608f049af8285ad","name":"Colegio de Arquitectos de Chile","url":"https:\/\/colegioarquitectos.com\/noticias\/?author=4"}]}},"_links":{"self":[{"href":"https:\/\/colegioarquitectos.com\/noticias\/index.php?rest_route=\/wp\/v2\/posts\/31245","targetHints":{"allow":["GET"]}}],"collection":[{"href":"https:\/\/colegioarquitectos.com\/noticias\/index.php?rest_route=\/wp\/v2\/posts"}],"about":[{"href":"https:\/\/colegioarquitectos.com\/noticias\/index.php?rest_route=\/wp\/v2\/types\/post"}],"author":[{"embeddable":true,"href":"https:\/\/colegioarquitectos.com\/noticias\/index.php?rest_route=\/wp\/v2\/users\/4"}],"replies":[{"embeddable":true,"href":"https:\/\/colegioarquitectos.com\/noticias\/index.php?rest_route=%2Fwp%2Fv2%2Fcomments&post=31245"}],"version-history":[{"count":0,"href":"https:\/\/colegioarquitectos.com\/noticias\/index.php?rest_route=\/wp\/v2\/posts\/31245\/revisions"}],"wp:featuredmedia":[{"embeddable":true,"href":"https:\/\/colegioarquitectos.com\/noticias\/index.php?rest_route=\/wp\/v2\/media\/31184"}],"wp:attachment":[{"href":"https:\/\/colegioarquitectos.com\/noticias\/index.php?rest_route=%2Fwp%2Fv2%2Fmedia&parent=31245"}],"wp:term":[{"taxonomy":"category","embeddable":true,"href":"https:\/\/colegioarquitectos.com\/noticias\/index.php?rest_route=%2Fwp%2Fv2%2Fcategories&post=31245"},{"taxonomy":"post_tag","embeddable":true,"href":"https:\/\/colegioarquitectos.com\/noticias\/index.php?rest_route=%2Fwp%2Fv2%2Ftags&post=31245"}],"curies":[{"name":"wp","href":"https:\/\/api.w.org\/{rel}","templated":true}]}}