
{"id":31267,"date":"2023-12-08T08:14:19","date_gmt":"2023-12-08T12:14:19","guid":{"rendered":"https:\/\/colegioarquitectos.com\/?p=31267"},"modified":"2023-12-12T09:56:27","modified_gmt":"2023-12-12T13:56:27","slug":"declaracion-publica-compat-sobre-la-agresion-al-arquitecto-especialista-en-patrimonio-lorenzo-berg","status":"publish","type":"post","link":"https:\/\/colegioarquitectos.com\/noticias\/?p=31267","title":{"rendered":"[Declaraci\u00f3n p\u00fablica &#8211; COMPAT] Sobre la agresi\u00f3n al arquitecto especialista en patrimonio, Lorenzo Berg"},"content":{"rendered":"<p>La puesta en valor del patrimonio arquitect\u00f3nico es una labor compleja, ardua y multidisciplinar. En el caso de edificios p\u00fablicos, es usual que estos trabajos puedan tomar a\u00f1os de dedicaci\u00f3n de m\u00faltiples actores, tanto p\u00fablicos como privados. La restauraci\u00f3n del Teatro Municipal de Vi\u00f1a del Mar signific\u00f3 12 a\u00f1os de minucioso trabajo de un equipo conformado por muchos profesionales, trabajadores y artesanos, incluidos varios arquitectos.<\/p>\n<p>Por esta raz\u00f3n, inquietan los hechos relatados en el comunicado p\u00fablico de la Facultad de Arquitectura y Urbanismo de la Universidad de Chile y en la prensa, refiriendo que, durante el evento oficial de reapertura del teatro, el arquitecto, autor del proyecto de restauraci\u00f3n y puesta en valor, nuestro colega Lorenzo Berg, fue agredido f\u00edsicamente y expulsado violentamente de la actividad.<\/p>\n<p>Nos sumamos a esta denuncia y solicitamos que la autoridad p\u00fablica responsable del evento aclare con urgencia lo ocurrido, aplique las sanciones que correspondan y adopte medidas encaminadas a reparar el da\u00f1o sufrido por el arquitecto Berg. Nos parece que la explicaci\u00f3n que hasta ahora se conoce por parte del municipio es del todo insuficiente respecto a la gravedad de estos hechos.<\/p>\n<p>Situaciones como \u00e9sta alertan sobre el menoscabo que puede sufrir nuestra profesi\u00f3n de arquitectas y arquitectos, en tanto se pretenda invisibilizar o desdibujar su relevante participaci\u00f3n en proyectos p\u00fablicos emblem\u00e1ticos, llevados adelante no solo por la autoridad pol\u00edtica respectiva o las entidades ejecutoras p\u00fablicas o privadas, sino por profesionales altamente calificados y dedicados.<\/p>\n<p>Llamamos a poner en el centro del debate p\u00fablico la puesta en valor del patrimonio y de la cultura, tarea compleja y laboriosa que requiere de la voluntad y compromiso de agentes privados, p\u00fablicos y tambi\u00e9n de especialistas, como somos las arquitectas y arquitectos. Asimismo, solicitamos que se despejen p\u00fablicamente las leg\u00edtimas dudas respecto del merecido respeto y reconocimiento al autor de este importante proyecto.<\/p>\n<p>&nbsp;<\/p>\n<p><strong>Comit\u00e9 de Patrimonio Arquitect\u00f3nico y Ambiental<\/strong><\/p>\n<p>&nbsp;<\/p>\n<p><\/p>","protected":false},"excerpt":{"rendered":"<p>La puesta en valor del patrimonio arquitect\u00f3nico es una labor compleja, ardua y multidisciplinar. En el caso de edificios p\u00fablicos, es usual que estos trabajos puedan tomar a\u00f1os de dedicaci\u00f3n de m\u00faltiples actores, tanto p\u00fablicos como privados. La restauraci\u00f3n del &hellip; <a class=\"more-link\" href=\"https:\/\/colegioarquitectos.com\/noticias\/?p=31267\">ver m\u00e1s<\/a><\/p>","protected":false},"author":4,"featured_media":31268,"comment_status":"closed","ping_status":"closed","sticky":false,"template":"","format":"standard","meta":{"footnotes":""},"categories":[9,82],"tags":[711,352,189,710,712],"class_list":["post-31267","post","type-post","status-publish","format-standard","has-post-thumbnail","hentry","category-comites","category-declaraciones-publicas","tag-agresion","tag-comite-de-patrimonio-arquitectonico-y-ambiental","tag-declaracion-publica","tag-lorenzo-berg","tag-teatro-municipal-de-vina-del-mar"],"yoast_head":"<!-- This site is optimized with the Yoast SEO plugin v24.2 - https:\/\/yoast.com\/wordpress\/plugins\/seo\/ -->\n<title>[Declaraci\u00f3n p\u00fablica - COMPAT] Sobre la agresi\u00f3n al arquitecto especialista en patrimonio, Lorenzo Berg - COLEGIO DE ARQUITECTOS DE CHILE<\/title>\n<meta name=\"robots\" content=\"index, follow, max-snippet:-1, max-image-preview:large, max-video-preview:-1\" \/>\n<link rel=\"canonical\" href=\"https:\/\/colegioarquitectos.com\/noticias\/?p=31267\" \/>\n<meta property=\"og:locale\" content=\"es_ES\" \/>\n<meta property=\"og:type\" content=\"article\" \/>\n<meta property=\"og:title\" content=\"[Declaraci\u00f3n p\u00fablica - COMPAT] Sobre la agresi\u00f3n al arquitecto especialista en patrimonio, Lorenzo Berg - COLEGIO DE ARQUITECTOS DE CHILE\" \/>\n<meta property=\"og:description\" content=\"La puesta en valor del patrimonio arquitect\u00f3nico es una labor compleja, ardua y multidisciplinar. En el caso de edificios p\u00fablicos, es usual que estos trabajos puedan tomar a\u00f1os de dedicaci\u00f3n de m\u00faltiples actores, tanto p\u00fablicos como privados. La restauraci\u00f3n del &hellip; ver m\u00e1s\" \/>\n<meta property=\"og:url\" content=\"https:\/\/colegioarquitectos.com\/noticias\/?p=31267\" \/>\n<meta property=\"og:site_name\" content=\"COLEGIO DE ARQUITECTOS DE CHILE\" \/>\n<meta property=\"article:publisher\" content=\"https:\/\/facebook.com\/Colegioarq\/\" \/>\n<meta property=\"article:published_time\" content=\"2023-12-08T12:14:19+00:00\" \/>\n<meta property=\"article:modified_time\" content=\"2023-12-12T13:56:27+00:00\" \/>\n<meta property=\"og:image\" content=\"https:\/\/colegioarquitectos.com\/noticias\/wp-content\/uploads\/2023\/12\/PORTADA-COMPAT.png\" \/>\n\t<meta property=\"og:image:width\" content=\"1280\" \/>\n\t<meta property=\"og:image:height\" content=\"720\" \/>\n\t<meta property=\"og:image:type\" content=\"image\/png\" \/>\n<meta name=\"author\" content=\"Colegio de Arquitectos de Chile\" \/>\n<meta name=\"twitter:card\" content=\"summary_large_image\" \/>\n<meta name=\"twitter:creator\" content=\"@colegioarq\" \/>\n<meta name=\"twitter:site\" content=\"@colegioarq\" \/>\n<meta name=\"twitter:label1\" content=\"Escrito por\" \/>\n\t<meta name=\"twitter:data1\" content=\"Colegio de Arquitectos de Chile\" \/>\n\t<meta name=\"twitter:label2\" content=\"Tiempo de lectura\" \/>\n\t<meta name=\"twitter:data2\" content=\"2 minutos\" \/>\n<script type=\"application\/ld+json\" class=\"yoast-schema-graph\">{\"@context\":\"https:\/\/schema.org\",\"@graph\":[{\"@type\":\"Article\",\"@id\":\"https:\/\/colegioarquitectos.com\/noticias\/?p=31267#article\",\"isPartOf\":{\"@id\":\"https:\/\/colegioarquitectos.com\/noticias\/?p=31267\"},\"author\":{\"name\":\"Colegio de Arquitectos de Chile\",\"@id\":\"https:\/\/colegioarquitectos.com\/noticias\/#\/schema\/person\/685cc0aad148303c5608f049af8285ad\"},\"headline\":\"[Declaraci\u00f3n p\u00fablica &#8211; COMPAT] Sobre la agresi\u00f3n al arquitecto especialista en patrimonio, Lorenzo Berg\",\"datePublished\":\"2023-12-08T12:14:19+00:00\",\"dateModified\":\"2023-12-12T13:56:27+00:00\",\"mainEntityOfPage\":{\"@id\":\"https:\/\/colegioarquitectos.com\/noticias\/?p=31267\"},\"wordCount\":358,\"publisher\":{\"@id\":\"https:\/\/colegioarquitectos.com\/noticias\/#organization\"},\"image\":{\"@id\":\"https:\/\/colegioarquitectos.com\/noticias\/?p=31267#primaryimage\"},\"thumbnailUrl\":\"https:\/\/colegioarquitectos.com\/noticias\/wp-content\/uploads\/2023\/12\/PORTADA-COMPAT.png\",\"keywords\":[\"Agresi\u00f3n\",\"Comit\u00e9 de Patrimonio Arquitect\u00f3nico y Ambiental\",\"Declaraci\u00f3n p\u00fablica\",\"Lorenzo Berg\",\"Teatro Municipal de Vi\u00f1a del Mar\"],\"articleSection\":[\"Comit\u00e9s\",\"Declaraciones p\u00fablicas\"],\"inLanguage\":\"es\"},{\"@type\":\"WebPage\",\"@id\":\"https:\/\/colegioarquitectos.com\/noticias\/?p=31267\",\"url\":\"https:\/\/colegioarquitectos.com\/noticias\/?p=31267\",\"name\":\"[Declaraci\u00f3n p\u00fablica - COMPAT] Sobre la agresi\u00f3n al arquitecto especialista en patrimonio, Lorenzo Berg - COLEGIO DE ARQUITECTOS DE CHILE\",\"isPartOf\":{\"@id\":\"https:\/\/colegioarquitectos.com\/noticias\/#website\"},\"primaryImageOfPage\":{\"@id\":\"https:\/\/colegioarquitectos.com\/noticias\/?p=31267#primaryimage\"},\"image\":{\"@id\":\"https:\/\/colegioarquitectos.com\/noticias\/?p=31267#primaryimage\"},\"thumbnailUrl\":\"https:\/\/colegioarquitectos.com\/noticias\/wp-content\/uploads\/2023\/12\/PORTADA-COMPAT.png\",\"datePublished\":\"2023-12-08T12:14:19+00:00\",\"dateModified\":\"2023-12-12T13:56:27+00:00\",\"breadcrumb\":{\"@id\":\"https:\/\/colegioarquitectos.com\/noticias\/?p=31267#breadcrumb\"},\"inLanguage\":\"es\",\"potentialAction\":[{\"@type\":\"ReadAction\",\"target\":[\"https:\/\/colegioarquitectos.com\/noticias\/?p=31267\"]}]},{\"@type\":\"ImageObject\",\"inLanguage\":\"es\",\"@id\":\"https:\/\/colegioarquitectos.com\/noticias\/?p=31267#primaryimage\",\"url\":\"https:\/\/colegioarquitectos.com\/noticias\/wp-content\/uploads\/2023\/12\/PORTADA-COMPAT.png\",\"contentUrl\":\"https:\/\/colegioarquitectos.com\/noticias\/wp-content\/uploads\/2023\/12\/PORTADA-COMPAT.png\",\"width\":1280,\"height\":720},{\"@type\":\"BreadcrumbList\",\"@id\":\"https:\/\/colegioarquitectos.com\/noticias\/?p=31267#breadcrumb\",\"itemListElement\":[{\"@type\":\"ListItem\",\"position\":1,\"name\":\"Portada\",\"item\":\"https:\/\/colegioarquitectos.com\/noticias\"},{\"@type\":\"ListItem\",\"position\":2,\"name\":\"[Declaraci\u00f3n p\u00fablica &#8211; COMPAT] Sobre la agresi\u00f3n al arquitecto especialista en patrimonio, Lorenzo Berg\"}]},{\"@type\":\"WebSite\",\"@id\":\"https:\/\/colegioarquitectos.com\/noticias\/#website\",\"url\":\"https:\/\/colegioarquitectos.com\/noticias\/\",\"name\":\"COLEGIO DE ARQUITECTOS DE CHILE\",\"description\":\"\",\"publisher\":{\"@id\":\"https:\/\/colegioarquitectos.com\/noticias\/#organization\"},\"potentialAction\":[{\"@type\":\"SearchAction\",\"target\":{\"@type\":\"EntryPoint\",\"urlTemplate\":\"https:\/\/colegioarquitectos.com\/noticias\/?s={search_term_string}\"},\"query-input\":{\"@type\":\"PropertyValueSpecification\",\"valueRequired\":true,\"valueName\":\"search_term_string\"}}],\"inLanguage\":\"es\"},{\"@type\":\"Organization\",\"@id\":\"https:\/\/colegioarquitectos.com\/noticias\/#organization\",\"name\":\"COLEGIO DE ARQUITECTOS DE CHILE\",\"url\":\"https:\/\/colegioarquitectos.com\/noticias\/\",\"logo\":{\"@type\":\"ImageObject\",\"inLanguage\":\"es\",\"@id\":\"https:\/\/colegioarquitectos.com\/noticias\/#\/schema\/logo\/image\/\",\"url\":\"https:\/\/colegioarquitectos.com\/noticias\/wp-content\/uploads\/2021\/05\/ENCABEZADO-LOGO-CA.jpg\",\"contentUrl\":\"https:\/\/colegioarquitectos.com\/noticias\/wp-content\/uploads\/2021\/05\/ENCABEZADO-LOGO-CA.jpg\",\"width\":690,\"height\":350,\"caption\":\"COLEGIO DE ARQUITECTOS DE CHILE\"},\"image\":{\"@id\":\"https:\/\/colegioarquitectos.com\/noticias\/#\/schema\/logo\/image\/\"},\"sameAs\":[\"https:\/\/facebook.com\/Colegioarq\/\",\"https:\/\/x.com\/colegioarq\",\"https:\/\/instagram.com\/colegioarq\",\"https:\/\/youtube.com\/@ColegiodeArquitectosdeChile\"]},{\"@type\":\"Person\",\"@id\":\"https:\/\/colegioarquitectos.com\/noticias\/#\/schema\/person\/685cc0aad148303c5608f049af8285ad\",\"name\":\"Colegio de Arquitectos de Chile\",\"url\":\"https:\/\/colegioarquitectos.com\/noticias\/?author=4\"}]}<\/script>\n<!-- \/ Yoast SEO plugin. -->","yoast_head_json":{"title":"[Declaraci\u00f3n p\u00fablica - COMPAT] Sobre la agresi\u00f3n al arquitecto especialista en patrimonio, Lorenzo Berg - COLEGIO DE ARQUITECTOS DE CHILE","robots":{"index":"index","follow":"follow","max-snippet":"max-snippet:-1","max-image-preview":"max-image-preview:large","max-video-preview":"max-video-preview:-1"},"canonical":"https:\/\/colegioarquitectos.com\/noticias\/?p=31267","og_locale":"es_ES","og_type":"article","og_title":"[Declaraci\u00f3n p\u00fablica - COMPAT] Sobre la agresi\u00f3n al arquitecto especialista en patrimonio, Lorenzo Berg - COLEGIO DE ARQUITECTOS DE CHILE","og_description":"La puesta en valor del patrimonio arquitect\u00f3nico es una labor compleja, ardua y multidisciplinar. En el caso de edificios p\u00fablicos, es usual que estos trabajos puedan tomar a\u00f1os de dedicaci\u00f3n de m\u00faltiples actores, tanto p\u00fablicos como privados. La restauraci\u00f3n del &hellip; ver m\u00e1s","og_url":"https:\/\/colegioarquitectos.com\/noticias\/?p=31267","og_site_name":"COLEGIO DE ARQUITECTOS DE CHILE","article_publisher":"https:\/\/facebook.com\/Colegioarq\/","article_published_time":"2023-12-08T12:14:19+00:00","article_modified_time":"2023-12-12T13:56:27+00:00","og_image":[{"width":1280,"height":720,"url":"https:\/\/colegioarquitectos.com\/noticias\/wp-content\/uploads\/2023\/12\/PORTADA-COMPAT.png","type":"image\/png"}],"author":"Colegio de Arquitectos de Chile","twitter_card":"summary_large_image","twitter_creator":"@colegioarq","twitter_site":"@colegioarq","twitter_misc":{"Escrito por":"Colegio de Arquitectos de Chile","Tiempo de lectura":"2 minutos"},"schema":{"@context":"https:\/\/schema.org","@graph":[{"@type":"Article","@id":"https:\/\/colegioarquitectos.com\/noticias\/?p=31267#article","isPartOf":{"@id":"https:\/\/colegioarquitectos.com\/noticias\/?p=31267"},"author":{"name":"Colegio de Arquitectos de Chile","@id":"https:\/\/colegioarquitectos.com\/noticias\/#\/schema\/person\/685cc0aad148303c5608f049af8285ad"},"headline":"[Declaraci\u00f3n p\u00fablica &#8211; COMPAT] Sobre la agresi\u00f3n al arquitecto especialista en patrimonio, Lorenzo Berg","datePublished":"2023-12-08T12:14:19+00:00","dateModified":"2023-12-12T13:56:27+00:00","mainEntityOfPage":{"@id":"https:\/\/colegioarquitectos.com\/noticias\/?p=31267"},"wordCount":358,"publisher":{"@id":"https:\/\/colegioarquitectos.com\/noticias\/#organization"},"image":{"@id":"https:\/\/colegioarquitectos.com\/noticias\/?p=31267#primaryimage"},"thumbnailUrl":"https:\/\/colegioarquitectos.com\/noticias\/wp-content\/uploads\/2023\/12\/PORTADA-COMPAT.png","keywords":["Agresi\u00f3n","Comit\u00e9 de Patrimonio Arquitect\u00f3nico y Ambiental","Declaraci\u00f3n p\u00fablica","Lorenzo Berg","Teatro Municipal de Vi\u00f1a del Mar"],"articleSection":["Comit\u00e9s","Declaraciones p\u00fablicas"],"inLanguage":"es"},{"@type":"WebPage","@id":"https:\/\/colegioarquitectos.com\/noticias\/?p=31267","url":"https:\/\/colegioarquitectos.com\/noticias\/?p=31267","name":"[Declaraci\u00f3n p\u00fablica - COMPAT] Sobre la agresi\u00f3n al arquitecto especialista en patrimonio, Lorenzo Berg - COLEGIO DE ARQUITECTOS DE CHILE","isPartOf":{"@id":"https:\/\/colegioarquitectos.com\/noticias\/#website"},"primaryImageOfPage":{"@id":"https:\/\/colegioarquitectos.com\/noticias\/?p=31267#primaryimage"},"image":{"@id":"https:\/\/colegioarquitectos.com\/noticias\/?p=31267#primaryimage"},"thumbnailUrl":"https:\/\/colegioarquitectos.com\/noticias\/wp-content\/uploads\/2023\/12\/PORTADA-COMPAT.png","datePublished":"2023-12-08T12:14:19+00:00","dateModified":"2023-12-12T13:56:27+00:00","breadcrumb":{"@id":"https:\/\/colegioarquitectos.com\/noticias\/?p=31267#breadcrumb"},"inLanguage":"es","potentialAction":[{"@type":"ReadAction","target":["https:\/\/colegioarquitectos.com\/noticias\/?p=31267"]}]},{"@type":"ImageObject","inLanguage":"es","@id":"https:\/\/colegioarquitectos.com\/noticias\/?p=31267#primaryimage","url":"https:\/\/colegioarquitectos.com\/noticias\/wp-content\/uploads\/2023\/12\/PORTADA-COMPAT.png","contentUrl":"https:\/\/colegioarquitectos.com\/noticias\/wp-content\/uploads\/2023\/12\/PORTADA-COMPAT.png","width":1280,"height":720},{"@type":"BreadcrumbList","@id":"https:\/\/colegioarquitectos.com\/noticias\/?p=31267#breadcrumb","itemListElement":[{"@type":"ListItem","position":1,"name":"Portada","item":"https:\/\/colegioarquitectos.com\/noticias"},{"@type":"ListItem","position":2,"name":"[Declaraci\u00f3n p\u00fablica &#8211; COMPAT] Sobre la agresi\u00f3n al arquitecto especialista en patrimonio, Lorenzo Berg"}]},{"@type":"WebSite","@id":"https:\/\/colegioarquitectos.com\/noticias\/#website","url":"https:\/\/colegioarquitectos.com\/noticias\/","name":"COLEGIO DE ARQUITECTOS DE CHILE","description":"","publisher":{"@id":"https:\/\/colegioarquitectos.com\/noticias\/#organization"},"potentialAction":[{"@type":"SearchAction","target":{"@type":"EntryPoint","urlTemplate":"https:\/\/colegioarquitectos.com\/noticias\/?s={search_term_string}"},"query-input":{"@type":"PropertyValueSpecification","valueRequired":true,"valueName":"search_term_string"}}],"inLanguage":"es"},{"@type":"Organization","@id":"https:\/\/colegioarquitectos.com\/noticias\/#organization","name":"COLEGIO DE ARQUITECTOS DE CHILE","url":"https:\/\/colegioarquitectos.com\/noticias\/","logo":{"@type":"ImageObject","inLanguage":"es","@id":"https:\/\/colegioarquitectos.com\/noticias\/#\/schema\/logo\/image\/","url":"https:\/\/colegioarquitectos.com\/noticias\/wp-content\/uploads\/2021\/05\/ENCABEZADO-LOGO-CA.jpg","contentUrl":"https:\/\/colegioarquitectos.com\/noticias\/wp-content\/uploads\/2021\/05\/ENCABEZADO-LOGO-CA.jpg","width":690,"height":350,"caption":"COLEGIO DE ARQUITECTOS DE CHILE"},"image":{"@id":"https:\/\/colegioarquitectos.com\/noticias\/#\/schema\/logo\/image\/"},"sameAs":["https:\/\/facebook.com\/Colegioarq\/","https:\/\/x.com\/colegioarq","https:\/\/instagram.com\/colegioarq","https:\/\/youtube.com\/@ColegiodeArquitectosdeChile"]},{"@type":"Person","@id":"https:\/\/colegioarquitectos.com\/noticias\/#\/schema\/person\/685cc0aad148303c5608f049af8285ad","name":"Colegio de Arquitectos de Chile","url":"https:\/\/colegioarquitectos.com\/noticias\/?author=4"}]}},"_links":{"self":[{"href":"https:\/\/colegioarquitectos.com\/noticias\/index.php?rest_route=\/wp\/v2\/posts\/31267","targetHints":{"allow":["GET"]}}],"collection":[{"href":"https:\/\/colegioarquitectos.com\/noticias\/index.php?rest_route=\/wp\/v2\/posts"}],"about":[{"href":"https:\/\/colegioarquitectos.com\/noticias\/index.php?rest_route=\/wp\/v2\/types\/post"}],"author":[{"embeddable":true,"href":"https:\/\/colegioarquitectos.com\/noticias\/index.php?rest_route=\/wp\/v2\/users\/4"}],"replies":[{"embeddable":true,"href":"https:\/\/colegioarquitectos.com\/noticias\/index.php?rest_route=%2Fwp%2Fv2%2Fcomments&post=31267"}],"version-history":[{"count":0,"href":"https:\/\/colegioarquitectos.com\/noticias\/index.php?rest_route=\/wp\/v2\/posts\/31267\/revisions"}],"wp:featuredmedia":[{"embeddable":true,"href":"https:\/\/colegioarquitectos.com\/noticias\/index.php?rest_route=\/wp\/v2\/media\/31268"}],"wp:attachment":[{"href":"https:\/\/colegioarquitectos.com\/noticias\/index.php?rest_route=%2Fwp%2Fv2%2Fmedia&parent=31267"}],"wp:term":[{"taxonomy":"category","embeddable":true,"href":"https:\/\/colegioarquitectos.com\/noticias\/index.php?rest_route=%2Fwp%2Fv2%2Fcategories&post=31267"},{"taxonomy":"post_tag","embeddable":true,"href":"https:\/\/colegioarquitectos.com\/noticias\/index.php?rest_route=%2Fwp%2Fv2%2Ftags&post=31267"}],"curies":[{"name":"wp","href":"https:\/\/api.w.org\/{rel}","templated":true}]}}