
{"id":31330,"date":"2023-12-23T11:26:35","date_gmt":"2023-12-23T15:26:35","guid":{"rendered":"https:\/\/colegioarquitectos.com\/?p=31330"},"modified":"2023-12-29T09:46:34","modified_gmt":"2023-12-29T13:46:34","slug":"fallecio-victor-gubbins-browne","status":"publish","type":"post","link":"https:\/\/colegioarquitectos.com\/noticias\/?p=31330","title":{"rendered":"Falleci\u00f3 V\u00edctor Gubbins Browne"},"content":{"rendered":"<p>Como<strong>\u00a0Colegio de Arquitectos de Chile<\/strong>\u00a0lamentamos comunicar el sensible fallecimiento del arquitecto <b>V\u00edctor Gubbins Browne<\/b>, ex presidente nacional (1982-1985) de nuestra Asociaci\u00f3n Gremial.<\/p>\n<p>Arquitecto de la<strong> Pontificia Universidad Cat\u00f3lica de Valpara\u00edso (1957)<\/strong>. Comenz\u00f3 a trabajar con el arquitecto <strong>Alejandro Cross<\/strong> en Santiago, a partir de 1957, en el dise\u00f1o y montaje de la industria de <strong>Hormigones Livianos Sihl Pumex<\/strong>, de propiedad de Betteley y C\u00eda.<\/p>\n<p>En 1959 viaja a Francia para tomar un curso en el <strong>CSTB<\/strong> (Centre Scientifique et Technique du Batiment), sobre prefabricaci\u00f3n en hormig\u00f3n. Permanece en Par\u00eds durante siete a\u00f1os, entre 1959 y 1966, y trabaja con <strong>Andr\u00e9 Wogenscky<\/strong>, disc\u00edpulo y asociado espor\u00e1dico de <strong>Le Corbusier<\/strong>.<\/p>\n<p>En <strong>1969<\/strong> asume en la <strong>Pontificia Universidad Cat\u00f3lica de Chile<\/strong> como Profesor de Taller de 3\u00ba A\u00f1o, posteriormente del Taller Santiago, donde permaneci\u00f3 hasta 1976. Adem\u00e1s, acepta la invitaci\u00f3n de<strong> Christian de Groote<\/strong> de constituir un equipo de trabajo para abordar el <strong>Plan de Mejoramiento Urban\u00edstico y Arquitect\u00f3nico de Huachipato<\/strong>. A partir de ah\u00ed trabaja en diferentes encargos solicitados por <strong>CAP<\/strong> a lo largo de Chile tales como los Proyectos de las oficinas CAP en Vallenar, del Conjunto Habitacional Meseta Lo Gallo en Vi\u00f1a del Mar, de las oficinas CAP en Santiago, de la Acer\u00eda y Unidad Departamental Conox Huachipato, entre otros, as\u00ed como proyectos habitacionales tales como la Cooperativa Serfacoop.<\/p>\n<p>En 1976 establece una oficina con el arquitecto <strong>Ernesto Labb\u00e9<\/strong>, destacando los proyectos de los <strong>Institutos de Rehabilitaci\u00f3n Infantil de Santiago, Antofagasta, Concepci\u00f3n y Valpara\u00edso pertenecientes a la Telet\u00f3n; el Instituto de Educaci\u00f3n Rural en Ancud; los Hospitales de la Mutual de Seguridad de la C\u00e1mara Chilena de la Construcci\u00f3n en Antofagasta y Copiap\u00f3<\/strong>, entre otras iniciativas.<\/p>\n<p>El 6 de abril de 1982 el Colegio de Arquitectos de Chile vuelve a realizar elecciones por votaci\u00f3n informada, individual, directa y secreta para elegir el Primer Directorio del nuevo<strong> Colegio de Arquitectos de Chile A.G.<\/strong>, <strong>en las que resulta electo presidente nacional V\u00edctor Gubbins<\/strong>.<\/p>\n<p>En su vida gremial nacional e internacional, se desempe\u00f1\u00f3 como <strong>presidente de la Secci\u00f3n Chilena de la Uni\u00f3n Internacional de Arquitectos (1983-1986); director de la Federaci\u00f3n Panamericana de Asociaciones de Arquitectos (1984-1986); vicepresidente de la Federaci\u00f3n de Colegios Profesionales Universitarios de Chile (1984-1986) y presidente del Tribunal de \u00c9tica Nacional (TEN) del Colegio de Arquitectos (1986-1990)<\/strong>.<\/p>\n<p>En <strong>1995<\/strong> fue presidente de la <strong>X Bienal de Arquitectura y Urbanismo de Chile<\/strong>, <strong>\u00abHacia el a\u00f1o 2000, \u00bfqu\u00e9 ciudad queremos?\u00bb<\/strong>.<\/p>\n<p>Entre sus obras m\u00e1s destacadas se cuentan los <strong>Centros de Rehabilitaci\u00f3n Telet\u00f3n (1976-1996), la Mutual de Seguridad de Antofagasta (1986-1987), el Colegio Chuquicamata en Calama (1999-2001), Televisi\u00f3n Nacional de Chile (2000-2002 primera etapa y 2005), la Estaciones de metro Tobalaba y Quinta Normal, Cumming y Libertad, de L\u00ednea 5 (2000-2004), el Centro Cultural Chimkowe (2006), la Sede Villarrica Universidad Cat\u00f3lica (2007), el Colegio San Andr\u00e9s 2 (2011), la Sede del Colegio de Ingenieros (2017) y la Casa Mirador Tunqu\u00e9n (2018)<\/strong>.<\/p>\n<p>En <strong>2000<\/strong> fue reconocido con el <strong>Premio Nacional de Arquitectura<\/strong>.<\/p>\n<p>En estos dif\u00edciles momentos, sensibles con el dolor de su familia y sus cercanos, les hacemos llegar nuestro m\u00e1s sentido p\u00e9same.<\/p>\n<p>&nbsp;<\/p>\n<hr \/>\n<p><strong>V\u00edctor Gubbins Browne<\/strong> ser\u00e1 velado ma\u00f1ana domingo 24 de diciembre entre la 10.00 y las\u00a0 20.00 horas en la Capilla del Colegio San Ignacio El Bosque (Av. Pocuro 2801, Providencia).<\/p>\n<p>Misa y funerales se efectuar\u00e1n el lunes 25 de diciembre a las 15.00 horas en la Capilla del Cementerio Parque del Recuerdo (Av. Am\u00e9rico Vespucio 555, Huechuraba).<\/p>\n<hr \/>\n<p><a href=\"https:\/\/colegioarquitectos.com\/noticias\/wp-content\/uploads\/2023\/12\/Hoy-se-fue-mi-padre-y-uno-de-mis-mejores-amigos-1.pdf\"><img loading=\"lazy\" decoding=\"async\" class=\"alignnone\" src=\"http:\/\/www.colegioarquitectos.com\/imgs\/descargas_linea_punto\/pdfcolor.jpg\" alt=\"\" width=\"25\" height=\"25\" \/><\/a>\u00a0<strong><a href=\"https:\/\/colegioarquitectos.com\/noticias\/wp-content\/uploads\/2023\/12\/Hoy-se-fue-mi-padre-y-uno-de-mis-mejores-amigos-1.pdf\">Despedida de Pedro Gubbins a su padre, V\u00edctor Gubbins Browne<\/a><\/strong><\/p>\n<p>&nbsp;<\/p>\n<p><\/p>","protected":false},"excerpt":{"rendered":"<p>Como\u00a0Colegio de Arquitectos de Chile\u00a0lamentamos comunicar el sensible fallecimiento del arquitecto V\u00edctor Gubbins Browne, ex presidente nacional (1982-1985) de nuestra Asociaci\u00f3n Gremial. Arquitecto de la Pontificia Universidad Cat\u00f3lica de Valpara\u00edso (1957). Comenz\u00f3 a trabajar con el arquitecto Alejandro Cross en &hellip; <a class=\"more-link\" href=\"https:\/\/colegioarquitectos.com\/noticias\/?p=31330\">ver m\u00e1s<\/a><\/p>","protected":false},"author":4,"featured_media":31336,"comment_status":"closed","ping_status":"closed","sticky":false,"template":"","format":"standard","meta":{"footnotes":""},"categories":[8,37],"tags":[136,90,736,734,735],"class_list":["post-31330","post","type-post","status-publish","format-standard","has-post-thumbnail","hentry","category-colegio-de-arquitectos","category-obituario","tag-obituario","tag-premio-nacional-de-arquitectura","tag-premio-nacional-de-arquitectura-2000","tag-victor-gubbins","tag-victor-gubbins-browne"],"yoast_head":"<!-- This site is optimized with the Yoast SEO plugin v24.2 - https:\/\/yoast.com\/wordpress\/plugins\/seo\/ -->\n<title>Falleci\u00f3 V\u00edctor Gubbins Browne - COLEGIO DE ARQUITECTOS DE CHILE<\/title>\n<meta name=\"robots\" content=\"index, follow, max-snippet:-1, max-image-preview:large, max-video-preview:-1\" \/>\n<link rel=\"canonical\" href=\"https:\/\/colegioarquitectos.com\/noticias\/?p=31330\" \/>\n<meta property=\"og:locale\" content=\"es_ES\" \/>\n<meta property=\"og:type\" content=\"article\" \/>\n<meta property=\"og:title\" content=\"Falleci\u00f3 V\u00edctor Gubbins Browne - COLEGIO DE ARQUITECTOS DE CHILE\" \/>\n<meta property=\"og:description\" content=\"Como\u00a0Colegio de Arquitectos de Chile\u00a0lamentamos comunicar el sensible fallecimiento del arquitecto V\u00edctor Gubbins Browne, ex presidente nacional (1982-1985) de nuestra Asociaci\u00f3n Gremial. Arquitecto de la Pontificia Universidad Cat\u00f3lica de Valpara\u00edso (1957). Comenz\u00f3 a trabajar con el arquitecto Alejandro Cross en &hellip; ver m\u00e1s\" \/>\n<meta property=\"og:url\" content=\"https:\/\/colegioarquitectos.com\/noticias\/?p=31330\" \/>\n<meta property=\"og:site_name\" content=\"COLEGIO DE ARQUITECTOS DE CHILE\" \/>\n<meta property=\"article:publisher\" content=\"https:\/\/facebook.com\/Colegioarq\/\" \/>\n<meta property=\"article:published_time\" content=\"2023-12-23T15:26:35+00:00\" \/>\n<meta property=\"article:modified_time\" content=\"2023-12-29T13:46:34+00:00\" \/>\n<meta property=\"og:image\" content=\"https:\/\/colegioarquitectos.com\/noticias\/wp-content\/uploads\/2023\/12\/ENCABEZADO-FINAL.png\" \/>\n\t<meta property=\"og:image:width\" content=\"1280\" \/>\n\t<meta property=\"og:image:height\" content=\"720\" \/>\n\t<meta property=\"og:image:type\" content=\"image\/png\" \/>\n<meta name=\"author\" content=\"Colegio de Arquitectos de Chile\" \/>\n<meta name=\"twitter:card\" content=\"summary_large_image\" \/>\n<meta name=\"twitter:creator\" content=\"@colegioarq\" \/>\n<meta name=\"twitter:site\" content=\"@colegioarq\" \/>\n<meta name=\"twitter:label1\" content=\"Escrito por\" \/>\n\t<meta name=\"twitter:data1\" content=\"Colegio de Arquitectos de Chile\" \/>\n\t<meta name=\"twitter:label2\" content=\"Tiempo de lectura\" \/>\n\t<meta name=\"twitter:data2\" content=\"3 minutos\" \/>\n<script type=\"application\/ld+json\" class=\"yoast-schema-graph\">{\"@context\":\"https:\/\/schema.org\",\"@graph\":[{\"@type\":\"Article\",\"@id\":\"https:\/\/colegioarquitectos.com\/noticias\/?p=31330#article\",\"isPartOf\":{\"@id\":\"https:\/\/colegioarquitectos.com\/noticias\/?p=31330\"},\"author\":{\"name\":\"Colegio de Arquitectos de Chile\",\"@id\":\"https:\/\/colegioarquitectos.com\/noticias\/#\/schema\/person\/685cc0aad148303c5608f049af8285ad\"},\"headline\":\"Falleci\u00f3 V\u00edctor Gubbins Browne\",\"datePublished\":\"2023-12-23T15:26:35+00:00\",\"dateModified\":\"2023-12-29T13:46:34+00:00\",\"mainEntityOfPage\":{\"@id\":\"https:\/\/colegioarquitectos.com\/noticias\/?p=31330\"},\"wordCount\":607,\"publisher\":{\"@id\":\"https:\/\/colegioarquitectos.com\/noticias\/#organization\"},\"image\":{\"@id\":\"https:\/\/colegioarquitectos.com\/noticias\/?p=31330#primaryimage\"},\"thumbnailUrl\":\"https:\/\/colegioarquitectos.com\/noticias\/wp-content\/uploads\/2023\/12\/ENCABEZADO-FINAL.png\",\"keywords\":[\"Obituario\",\"premio nacional de arquitectura\",\"Premio Nacional de Arquitectura 2000\",\"V\u00edctor Gubbins\",\"V\u00edctor Gubbins Browne\"],\"articleSection\":[\"Colegio\",\"Obituario\"],\"inLanguage\":\"es\"},{\"@type\":\"WebPage\",\"@id\":\"https:\/\/colegioarquitectos.com\/noticias\/?p=31330\",\"url\":\"https:\/\/colegioarquitectos.com\/noticias\/?p=31330\",\"name\":\"Falleci\u00f3 V\u00edctor Gubbins Browne - COLEGIO DE ARQUITECTOS DE CHILE\",\"isPartOf\":{\"@id\":\"https:\/\/colegioarquitectos.com\/noticias\/#website\"},\"primaryImageOfPage\":{\"@id\":\"https:\/\/colegioarquitectos.com\/noticias\/?p=31330#primaryimage\"},\"image\":{\"@id\":\"https:\/\/colegioarquitectos.com\/noticias\/?p=31330#primaryimage\"},\"thumbnailUrl\":\"https:\/\/colegioarquitectos.com\/noticias\/wp-content\/uploads\/2023\/12\/ENCABEZADO-FINAL.png\",\"datePublished\":\"2023-12-23T15:26:35+00:00\",\"dateModified\":\"2023-12-29T13:46:34+00:00\",\"breadcrumb\":{\"@id\":\"https:\/\/colegioarquitectos.com\/noticias\/?p=31330#breadcrumb\"},\"inLanguage\":\"es\",\"potentialAction\":[{\"@type\":\"ReadAction\",\"target\":[\"https:\/\/colegioarquitectos.com\/noticias\/?p=31330\"]}]},{\"@type\":\"ImageObject\",\"inLanguage\":\"es\",\"@id\":\"https:\/\/colegioarquitectos.com\/noticias\/?p=31330#primaryimage\",\"url\":\"https:\/\/colegioarquitectos.com\/noticias\/wp-content\/uploads\/2023\/12\/ENCABEZADO-FINAL.png\",\"contentUrl\":\"https:\/\/colegioarquitectos.com\/noticias\/wp-content\/uploads\/2023\/12\/ENCABEZADO-FINAL.png\",\"width\":1280,\"height\":720},{\"@type\":\"BreadcrumbList\",\"@id\":\"https:\/\/colegioarquitectos.com\/noticias\/?p=31330#breadcrumb\",\"itemListElement\":[{\"@type\":\"ListItem\",\"position\":1,\"name\":\"Portada\",\"item\":\"https:\/\/colegioarquitectos.com\/noticias\"},{\"@type\":\"ListItem\",\"position\":2,\"name\":\"Falleci\u00f3 V\u00edctor Gubbins Browne\"}]},{\"@type\":\"WebSite\",\"@id\":\"https:\/\/colegioarquitectos.com\/noticias\/#website\",\"url\":\"https:\/\/colegioarquitectos.com\/noticias\/\",\"name\":\"COLEGIO DE ARQUITECTOS DE CHILE\",\"description\":\"\",\"publisher\":{\"@id\":\"https:\/\/colegioarquitectos.com\/noticias\/#organization\"},\"potentialAction\":[{\"@type\":\"SearchAction\",\"target\":{\"@type\":\"EntryPoint\",\"urlTemplate\":\"https:\/\/colegioarquitectos.com\/noticias\/?s={search_term_string}\"},\"query-input\":{\"@type\":\"PropertyValueSpecification\",\"valueRequired\":true,\"valueName\":\"search_term_string\"}}],\"inLanguage\":\"es\"},{\"@type\":\"Organization\",\"@id\":\"https:\/\/colegioarquitectos.com\/noticias\/#organization\",\"name\":\"COLEGIO DE ARQUITECTOS DE CHILE\",\"url\":\"https:\/\/colegioarquitectos.com\/noticias\/\",\"logo\":{\"@type\":\"ImageObject\",\"inLanguage\":\"es\",\"@id\":\"https:\/\/colegioarquitectos.com\/noticias\/#\/schema\/logo\/image\/\",\"url\":\"https:\/\/colegioarquitectos.com\/noticias\/wp-content\/uploads\/2021\/05\/ENCABEZADO-LOGO-CA.jpg\",\"contentUrl\":\"https:\/\/colegioarquitectos.com\/noticias\/wp-content\/uploads\/2021\/05\/ENCABEZADO-LOGO-CA.jpg\",\"width\":690,\"height\":350,\"caption\":\"COLEGIO DE ARQUITECTOS DE CHILE\"},\"image\":{\"@id\":\"https:\/\/colegioarquitectos.com\/noticias\/#\/schema\/logo\/image\/\"},\"sameAs\":[\"https:\/\/facebook.com\/Colegioarq\/\",\"https:\/\/x.com\/colegioarq\",\"https:\/\/instagram.com\/colegioarq\",\"https:\/\/youtube.com\/@ColegiodeArquitectosdeChile\"]},{\"@type\":\"Person\",\"@id\":\"https:\/\/colegioarquitectos.com\/noticias\/#\/schema\/person\/685cc0aad148303c5608f049af8285ad\",\"name\":\"Colegio de Arquitectos de Chile\",\"url\":\"https:\/\/colegioarquitectos.com\/noticias\/?author=4\"}]}<\/script>\n<!-- \/ Yoast SEO plugin. -->","yoast_head_json":{"title":"Falleci\u00f3 V\u00edctor Gubbins Browne - COLEGIO DE ARQUITECTOS DE CHILE","robots":{"index":"index","follow":"follow","max-snippet":"max-snippet:-1","max-image-preview":"max-image-preview:large","max-video-preview":"max-video-preview:-1"},"canonical":"https:\/\/colegioarquitectos.com\/noticias\/?p=31330","og_locale":"es_ES","og_type":"article","og_title":"Falleci\u00f3 V\u00edctor Gubbins Browne - COLEGIO DE ARQUITECTOS DE CHILE","og_description":"Como\u00a0Colegio de Arquitectos de Chile\u00a0lamentamos comunicar el sensible fallecimiento del arquitecto V\u00edctor Gubbins Browne, ex presidente nacional (1982-1985) de nuestra Asociaci\u00f3n Gremial. Arquitecto de la Pontificia Universidad Cat\u00f3lica de Valpara\u00edso (1957). Comenz\u00f3 a trabajar con el arquitecto Alejandro Cross en &hellip; ver m\u00e1s","og_url":"https:\/\/colegioarquitectos.com\/noticias\/?p=31330","og_site_name":"COLEGIO DE ARQUITECTOS DE CHILE","article_publisher":"https:\/\/facebook.com\/Colegioarq\/","article_published_time":"2023-12-23T15:26:35+00:00","article_modified_time":"2023-12-29T13:46:34+00:00","og_image":[{"width":1280,"height":720,"url":"https:\/\/colegioarquitectos.com\/noticias\/wp-content\/uploads\/2023\/12\/ENCABEZADO-FINAL.png","type":"image\/png"}],"author":"Colegio de Arquitectos de Chile","twitter_card":"summary_large_image","twitter_creator":"@colegioarq","twitter_site":"@colegioarq","twitter_misc":{"Escrito por":"Colegio de Arquitectos de Chile","Tiempo de lectura":"3 minutos"},"schema":{"@context":"https:\/\/schema.org","@graph":[{"@type":"Article","@id":"https:\/\/colegioarquitectos.com\/noticias\/?p=31330#article","isPartOf":{"@id":"https:\/\/colegioarquitectos.com\/noticias\/?p=31330"},"author":{"name":"Colegio de Arquitectos de Chile","@id":"https:\/\/colegioarquitectos.com\/noticias\/#\/schema\/person\/685cc0aad148303c5608f049af8285ad"},"headline":"Falleci\u00f3 V\u00edctor Gubbins Browne","datePublished":"2023-12-23T15:26:35+00:00","dateModified":"2023-12-29T13:46:34+00:00","mainEntityOfPage":{"@id":"https:\/\/colegioarquitectos.com\/noticias\/?p=31330"},"wordCount":607,"publisher":{"@id":"https:\/\/colegioarquitectos.com\/noticias\/#organization"},"image":{"@id":"https:\/\/colegioarquitectos.com\/noticias\/?p=31330#primaryimage"},"thumbnailUrl":"https:\/\/colegioarquitectos.com\/noticias\/wp-content\/uploads\/2023\/12\/ENCABEZADO-FINAL.png","keywords":["Obituario","premio nacional de arquitectura","Premio Nacional de Arquitectura 2000","V\u00edctor Gubbins","V\u00edctor Gubbins Browne"],"articleSection":["Colegio","Obituario"],"inLanguage":"es"},{"@type":"WebPage","@id":"https:\/\/colegioarquitectos.com\/noticias\/?p=31330","url":"https:\/\/colegioarquitectos.com\/noticias\/?p=31330","name":"Falleci\u00f3 V\u00edctor Gubbins Browne - COLEGIO DE ARQUITECTOS DE CHILE","isPartOf":{"@id":"https:\/\/colegioarquitectos.com\/noticias\/#website"},"primaryImageOfPage":{"@id":"https:\/\/colegioarquitectos.com\/noticias\/?p=31330#primaryimage"},"image":{"@id":"https:\/\/colegioarquitectos.com\/noticias\/?p=31330#primaryimage"},"thumbnailUrl":"https:\/\/colegioarquitectos.com\/noticias\/wp-content\/uploads\/2023\/12\/ENCABEZADO-FINAL.png","datePublished":"2023-12-23T15:26:35+00:00","dateModified":"2023-12-29T13:46:34+00:00","breadcrumb":{"@id":"https:\/\/colegioarquitectos.com\/noticias\/?p=31330#breadcrumb"},"inLanguage":"es","potentialAction":[{"@type":"ReadAction","target":["https:\/\/colegioarquitectos.com\/noticias\/?p=31330"]}]},{"@type":"ImageObject","inLanguage":"es","@id":"https:\/\/colegioarquitectos.com\/noticias\/?p=31330#primaryimage","url":"https:\/\/colegioarquitectos.com\/noticias\/wp-content\/uploads\/2023\/12\/ENCABEZADO-FINAL.png","contentUrl":"https:\/\/colegioarquitectos.com\/noticias\/wp-content\/uploads\/2023\/12\/ENCABEZADO-FINAL.png","width":1280,"height":720},{"@type":"BreadcrumbList","@id":"https:\/\/colegioarquitectos.com\/noticias\/?p=31330#breadcrumb","itemListElement":[{"@type":"ListItem","position":1,"name":"Portada","item":"https:\/\/colegioarquitectos.com\/noticias"},{"@type":"ListItem","position":2,"name":"Falleci\u00f3 V\u00edctor Gubbins Browne"}]},{"@type":"WebSite","@id":"https:\/\/colegioarquitectos.com\/noticias\/#website","url":"https:\/\/colegioarquitectos.com\/noticias\/","name":"COLEGIO DE ARQUITECTOS DE CHILE","description":"","publisher":{"@id":"https:\/\/colegioarquitectos.com\/noticias\/#organization"},"potentialAction":[{"@type":"SearchAction","target":{"@type":"EntryPoint","urlTemplate":"https:\/\/colegioarquitectos.com\/noticias\/?s={search_term_string}"},"query-input":{"@type":"PropertyValueSpecification","valueRequired":true,"valueName":"search_term_string"}}],"inLanguage":"es"},{"@type":"Organization","@id":"https:\/\/colegioarquitectos.com\/noticias\/#organization","name":"COLEGIO DE ARQUITECTOS DE CHILE","url":"https:\/\/colegioarquitectos.com\/noticias\/","logo":{"@type":"ImageObject","inLanguage":"es","@id":"https:\/\/colegioarquitectos.com\/noticias\/#\/schema\/logo\/image\/","url":"https:\/\/colegioarquitectos.com\/noticias\/wp-content\/uploads\/2021\/05\/ENCABEZADO-LOGO-CA.jpg","contentUrl":"https:\/\/colegioarquitectos.com\/noticias\/wp-content\/uploads\/2021\/05\/ENCABEZADO-LOGO-CA.jpg","width":690,"height":350,"caption":"COLEGIO DE ARQUITECTOS DE CHILE"},"image":{"@id":"https:\/\/colegioarquitectos.com\/noticias\/#\/schema\/logo\/image\/"},"sameAs":["https:\/\/facebook.com\/Colegioarq\/","https:\/\/x.com\/colegioarq","https:\/\/instagram.com\/colegioarq","https:\/\/youtube.com\/@ColegiodeArquitectosdeChile"]},{"@type":"Person","@id":"https:\/\/colegioarquitectos.com\/noticias\/#\/schema\/person\/685cc0aad148303c5608f049af8285ad","name":"Colegio de Arquitectos de Chile","url":"https:\/\/colegioarquitectos.com\/noticias\/?author=4"}]}},"_links":{"self":[{"href":"https:\/\/colegioarquitectos.com\/noticias\/index.php?rest_route=\/wp\/v2\/posts\/31330","targetHints":{"allow":["GET"]}}],"collection":[{"href":"https:\/\/colegioarquitectos.com\/noticias\/index.php?rest_route=\/wp\/v2\/posts"}],"about":[{"href":"https:\/\/colegioarquitectos.com\/noticias\/index.php?rest_route=\/wp\/v2\/types\/post"}],"author":[{"embeddable":true,"href":"https:\/\/colegioarquitectos.com\/noticias\/index.php?rest_route=\/wp\/v2\/users\/4"}],"replies":[{"embeddable":true,"href":"https:\/\/colegioarquitectos.com\/noticias\/index.php?rest_route=%2Fwp%2Fv2%2Fcomments&post=31330"}],"version-history":[{"count":0,"href":"https:\/\/colegioarquitectos.com\/noticias\/index.php?rest_route=\/wp\/v2\/posts\/31330\/revisions"}],"wp:featuredmedia":[{"embeddable":true,"href":"https:\/\/colegioarquitectos.com\/noticias\/index.php?rest_route=\/wp\/v2\/media\/31336"}],"wp:attachment":[{"href":"https:\/\/colegioarquitectos.com\/noticias\/index.php?rest_route=%2Fwp%2Fv2%2Fmedia&parent=31330"}],"wp:term":[{"taxonomy":"category","embeddable":true,"href":"https:\/\/colegioarquitectos.com\/noticias\/index.php?rest_route=%2Fwp%2Fv2%2Fcategories&post=31330"},{"taxonomy":"post_tag","embeddable":true,"href":"https:\/\/colegioarquitectos.com\/noticias\/index.php?rest_route=%2Fwp%2Fv2%2Ftags&post=31330"}],"curies":[{"name":"wp","href":"https:\/\/api.w.org\/{rel}","templated":true}]}}