
{"id":31383,"date":"2024-01-22T13:05:54","date_gmt":"2024-01-22T17:05:54","guid":{"rendered":"https:\/\/colegioarquitectos.com\/?p=31383"},"modified":"2024-01-22T13:11:58","modified_gmt":"2024-01-22T17:11:58","slug":"asumen-nuevas-directoras-nacionales-del-colegio-de-arquitectos-de-chile","status":"publish","type":"post","link":"https:\/\/colegioarquitectos.com\/noticias\/?p=31383","title":{"rendered":"Asumen nuevas directoras nacionales del Colegio de Arquitectos de Chile"},"content":{"rendered":"<p>El pasado <strong>lunes 8 de enero<\/strong>, en el marco de la sesi\u00f3n <strong>N\u00b026<\/strong> del <strong>Directorio Nacional<\/strong> del <strong>Colegio de Arquitectos de Chile<\/strong>, fueron proclamadas como nuevas directoras nacionales las arquitectas <strong>Lorena Estai Hidalgo<\/strong> y<strong> Ana Vergara San Mart\u00edn<\/strong>.<\/p>\n<p>Las arquitectas participaron en el proceso de <strong>Elecciones Extraordinarias CA 2023<\/strong>, realizadas el pasado<strong>\u00a018 y 19 de diciembre de 2023<\/strong>, que ten\u00eda como fin <strong>sumar autoridades para los cargos desiertos del Directorio Nacional<\/strong>.<\/p>\n<p>En tanto, este lunes <strong>22 de enero,<\/strong> durante la <strong>sesi\u00f3n N\u00b029<\/strong>\u00a0del <strong>Directorio Nacional<\/strong>\u00a0, se eligi\u00f3 a <strong>Lorena Estai<\/strong> como nueva <strong>Directora de Desarrollo,<\/strong> y a <strong>Ana Vergara<\/strong> como <strong>Directora de Beneficios<\/strong> del <strong>Colegio de Arquitectos de Chile<\/strong>.<\/p>\n<p>&nbsp;<\/p>\n<h4>Lorena Estai Hidalgo\u00a0\u2014 Directora de Desarrollo<\/h4>\n<hr \/>\n<p><img loading=\"lazy\" decoding=\"async\" class=\"alignleft wp-image-25809 size-medium\" src=\"https:\/\/colegioarquitectos.com\/noticias\/wp-content\/uploads\/2020\/10\/foto-Lorena-Estai-245x300.jpg\" alt=\"\" width=\"245\" height=\"300\" srcset=\"https:\/\/colegioarquitectos.com\/noticias\/wp-content\/uploads\/2020\/10\/foto-Lorena-Estai-245x300.jpg 245w, https:\/\/colegioarquitectos.com\/noticias\/wp-content\/uploads\/2020\/10\/foto-Lorena-Estai-768x941.jpg 768w, https:\/\/colegioarquitectos.com\/noticias\/wp-content\/uploads\/2020\/10\/foto-Lorena-Estai-836x1024.jpg 836w, https:\/\/colegioarquitectos.com\/noticias\/wp-content\/uploads\/2020\/10\/foto-Lorena-Estai.jpg 1757w\" sizes=\"auto, (max-width: 245px) 100vw, 245px\" \/>Arquitecta de la Universidad de Valpara\u00edso con amplia experiencia en desarrollo de proyectos a largo plazo vinculados a \u00e1reas de evaluaci\u00f3n de proyectos, dise\u00f1o y construcci\u00f3n, planificaci\u00f3n urbana. Funcionaria Publica con m\u00e1s de 18 a\u00f1os de experiencia.<\/p>\n<p>Experiencia en Participaci\u00f3n Ciudadana en levantamiento de necesidades y realidad local, Focalizaci\u00f3n y estudio de demandas asociadas a proyectos de inversi\u00f3n.<\/p>\n<p>Diplomado en Arquitectura y Territorio Universidad de Salamanca (2019) y Diplomado en compras P\u00fablicas USAH 2022.<\/p>\n<p>Asesora de la Comisi\u00f3n de Monumentos Nacionales de la Regi\u00f3n de O\u2019Higgins desde 2016 a la fecha como representante del Colegio de Arquitectos de Chile.<\/p>\n<p>Presidenta de la Delegaci\u00f3n Zonal O\u2019Higgins del Colegio de Arquitectos de Chile desde 2010 hasta 2019. Fue Secretaria General del Colegio de Arquitectos de Chile en el periodo 2021-2022.<\/p>\n<p>Obtuvo el Premio Alberto Risopatr\u00f3n del Colegio de Arquitectos de Chile en 2019 y fue declarada Salvadore\u00f1a Ilustre 2022 por Codelco Chile, Divisi\u00f3n Salvador.<\/p>\n<h4><\/h4>\n<p>&nbsp;<\/p>\n<h4>Ana Vergara San Mart\u00edn\u00a0\u2014 Directora de Beneficios<\/h4>\n<hr \/>\n<p><img loading=\"lazy\" decoding=\"async\" class=\"alignleft wp-image-31281 size-medium\" src=\"https:\/\/colegioarquitectos.com\/noticias\/wp-content\/uploads\/2023\/12\/IMG_20231124comprimido-225x300.jpg\" alt=\"\" width=\"225\" height=\"300\" srcset=\"https:\/\/colegioarquitectos.com\/noticias\/wp-content\/uploads\/2023\/12\/IMG_20231124comprimido-225x300.jpg 225w, https:\/\/colegioarquitectos.com\/noticias\/wp-content\/uploads\/2023\/12\/IMG_20231124comprimido-768x1024.jpg 768w\" sizes=\"auto, (max-width: 225px) 100vw, 225px\" \/>Arquitecta, UBB, Chile, Diplomada en Liderazgo y Emprendimiento Social de la UAB y M\u00e1ster en Medio Ambiente y Arquitectura Bioclim\u00e1tica L. en la UPM, Espa\u00f1a. Arquitecto en Secci\u00f3n de Inhabitabilidad y Da\u00f1os de la DOM de Chill\u00e1n. Ha ejercido el libre ejercicio de su profesi\u00f3n desde 2010, llevando a cabo proyectos en el \u00e1mbito habitacional, educacional y patrimonial, trabaj\u00f3 para EGIS Jundep ONG y EGIS Casas del Sur realizando proyectos de mejoramientos PPPT, habitacionales y de Inspecci\u00f3n T\u00e9cnica de Obra, celebrando convenios con MINVU, SERVIU.<\/p>\n<p>Jefe de Proyectos en la empresa Deco &amp; Obras S.A. realizando proyectos educacionales y residenciales.<\/p>\n<p>Beneficiada con fondos concursables FONDART, SERCOTEC, MINEDUC.<\/p>\n<p>Premios IDEA GOODYEAR, TRIENAL SUR DEL MUNDO.<\/p>\n<p>Secretaria CA DZ \u00d1uble 2018-2019; es miembro fundador y secretaria del Colectivo Bauhaus 100 en Las Condes, Santiago; miembro fundador de Asociaci\u00f3n \u00d1uble Audiovisual; y fundadora del grupo privado COLEGAS ARQUITECTOS de la red social facebook. Actualmente Secretaria del Comit\u00e9 de H\u00e1bitat y Vivienda CA y es Gerente General de Royal Fortress SpA.<\/p>\n<p>&nbsp;<\/p>\n<p><\/p>","protected":false},"excerpt":{"rendered":"<p>El pasado lunes 8 de enero, en el marco de la sesi\u00f3n N\u00b026 del Directorio Nacional del Colegio de Arquitectos de Chile, fueron proclamadas como nuevas directoras nacionales las arquitectas Lorena Estai Hidalgo y Ana Vergara San Mart\u00edn. Las arquitectas &hellip; <a class=\"more-link\" href=\"https:\/\/colegioarquitectos.com\/noticias\/?p=31383\">ver m\u00e1s<\/a><\/p>","protected":false},"author":4,"featured_media":31419,"comment_status":"closed","ping_status":"closed","sticky":false,"template":"","format":"standard","meta":{"footnotes":""},"categories":[8,673],"tags":[105,742,743,703,143,674,741,675],"class_list":["post-31383","post","type-post","status-publish","format-standard","has-post-thumbnail","hentry","category-colegio-de-arquitectos","category-elecciones-extraordinarias-ca-2023","tag-colegio-de-arquitectos-de-chile","tag-directora-de-beneficios","tag-directora-de-desarrollo","tag-directorio-nacional","tag-elecciones","tag-elecciones-extraordinarias","tag-elecciones-extraordinarias-ca","tag-elecciones-extraordinarias-ca-2023"],"yoast_head":"<!-- This site is optimized with the Yoast SEO plugin v24.2 - https:\/\/yoast.com\/wordpress\/plugins\/seo\/ -->\n<title>Asumen nuevas directoras nacionales del Colegio de Arquitectos de Chile - COLEGIO DE ARQUITECTOS DE CHILE<\/title>\n<meta name=\"robots\" content=\"index, follow, max-snippet:-1, max-image-preview:large, max-video-preview:-1\" \/>\n<link rel=\"canonical\" href=\"https:\/\/colegioarquitectos.com\/noticias\/?p=31383\" \/>\n<meta property=\"og:locale\" content=\"es_ES\" \/>\n<meta property=\"og:type\" content=\"article\" \/>\n<meta property=\"og:title\" content=\"Asumen nuevas directoras nacionales del Colegio de Arquitectos de Chile - COLEGIO DE ARQUITECTOS DE CHILE\" \/>\n<meta property=\"og:description\" content=\"El pasado lunes 8 de enero, en el marco de la sesi\u00f3n N\u00b026 del Directorio Nacional del Colegio de Arquitectos de Chile, fueron proclamadas como nuevas directoras nacionales las arquitectas Lorena Estai Hidalgo y Ana Vergara San Mart\u00edn. Las arquitectas &hellip; ver m\u00e1s\" \/>\n<meta property=\"og:url\" content=\"https:\/\/colegioarquitectos.com\/noticias\/?p=31383\" \/>\n<meta property=\"og:site_name\" content=\"COLEGIO DE ARQUITECTOS DE CHILE\" \/>\n<meta property=\"article:publisher\" content=\"https:\/\/facebook.com\/Colegioarq\/\" \/>\n<meta property=\"article:published_time\" content=\"2024-01-22T17:05:54+00:00\" \/>\n<meta property=\"article:modified_time\" content=\"2024-01-22T17:11:58+00:00\" \/>\n<meta property=\"og:image\" content=\"https:\/\/colegioarquitectos.com\/noticias\/wp-content\/uploads\/2024\/01\/ENCABEZADO-ANUNCIOS-Y-ETX.png\" \/>\n\t<meta property=\"og:image:width\" content=\"1280\" \/>\n\t<meta property=\"og:image:height\" content=\"720\" \/>\n\t<meta property=\"og:image:type\" content=\"image\/png\" \/>\n<meta name=\"author\" content=\"Colegio de Arquitectos de Chile\" \/>\n<meta name=\"twitter:card\" content=\"summary_large_image\" \/>\n<meta name=\"twitter:creator\" content=\"@colegioarq\" \/>\n<meta name=\"twitter:site\" content=\"@colegioarq\" \/>\n<meta name=\"twitter:label1\" content=\"Escrito por\" \/>\n\t<meta name=\"twitter:data1\" content=\"Colegio de Arquitectos de Chile\" \/>\n\t<meta name=\"twitter:label2\" content=\"Tiempo de lectura\" \/>\n\t<meta name=\"twitter:data2\" content=\"2 minutos\" \/>\n<script type=\"application\/ld+json\" class=\"yoast-schema-graph\">{\"@context\":\"https:\/\/schema.org\",\"@graph\":[{\"@type\":\"Article\",\"@id\":\"https:\/\/colegioarquitectos.com\/noticias\/?p=31383#article\",\"isPartOf\":{\"@id\":\"https:\/\/colegioarquitectos.com\/noticias\/?p=31383\"},\"author\":{\"name\":\"Colegio de Arquitectos de Chile\",\"@id\":\"https:\/\/colegioarquitectos.com\/noticias\/#\/schema\/person\/685cc0aad148303c5608f049af8285ad\"},\"headline\":\"Asumen nuevas directoras nacionales del Colegio de Arquitectos de Chile\",\"datePublished\":\"2024-01-22T17:05:54+00:00\",\"dateModified\":\"2024-01-22T17:11:58+00:00\",\"mainEntityOfPage\":{\"@id\":\"https:\/\/colegioarquitectos.com\/noticias\/?p=31383\"},\"wordCount\":475,\"publisher\":{\"@id\":\"https:\/\/colegioarquitectos.com\/noticias\/#organization\"},\"image\":{\"@id\":\"https:\/\/colegioarquitectos.com\/noticias\/?p=31383#primaryimage\"},\"thumbnailUrl\":\"https:\/\/colegioarquitectos.com\/noticias\/wp-content\/uploads\/2024\/01\/ENCABEZADO-ANUNCIOS-Y-ETX.png\",\"keywords\":[\"Colegio de Arquitectos de Chile\",\"Directora de Beneficios\",\"Directora de Desarrollo\",\"Directorio Nacional\",\"Elecciones\",\"Elecciones Extraordinarias\",\"Elecciones Extraordinarias CA\",\"Elecciones Extraordinarias CA 2023\"],\"articleSection\":[\"Colegio\",\"Elecciones Extraordinarias CA 2023\"],\"inLanguage\":\"es\"},{\"@type\":\"WebPage\",\"@id\":\"https:\/\/colegioarquitectos.com\/noticias\/?p=31383\",\"url\":\"https:\/\/colegioarquitectos.com\/noticias\/?p=31383\",\"name\":\"Asumen nuevas directoras nacionales del Colegio de Arquitectos de Chile - COLEGIO DE ARQUITECTOS DE CHILE\",\"isPartOf\":{\"@id\":\"https:\/\/colegioarquitectos.com\/noticias\/#website\"},\"primaryImageOfPage\":{\"@id\":\"https:\/\/colegioarquitectos.com\/noticias\/?p=31383#primaryimage\"},\"image\":{\"@id\":\"https:\/\/colegioarquitectos.com\/noticias\/?p=31383#primaryimage\"},\"thumbnailUrl\":\"https:\/\/colegioarquitectos.com\/noticias\/wp-content\/uploads\/2024\/01\/ENCABEZADO-ANUNCIOS-Y-ETX.png\",\"datePublished\":\"2024-01-22T17:05:54+00:00\",\"dateModified\":\"2024-01-22T17:11:58+00:00\",\"breadcrumb\":{\"@id\":\"https:\/\/colegioarquitectos.com\/noticias\/?p=31383#breadcrumb\"},\"inLanguage\":\"es\",\"potentialAction\":[{\"@type\":\"ReadAction\",\"target\":[\"https:\/\/colegioarquitectos.com\/noticias\/?p=31383\"]}]},{\"@type\":\"ImageObject\",\"inLanguage\":\"es\",\"@id\":\"https:\/\/colegioarquitectos.com\/noticias\/?p=31383#primaryimage\",\"url\":\"https:\/\/colegioarquitectos.com\/noticias\/wp-content\/uploads\/2024\/01\/ENCABEZADO-ANUNCIOS-Y-ETX.png\",\"contentUrl\":\"https:\/\/colegioarquitectos.com\/noticias\/wp-content\/uploads\/2024\/01\/ENCABEZADO-ANUNCIOS-Y-ETX.png\",\"width\":1280,\"height\":720},{\"@type\":\"BreadcrumbList\",\"@id\":\"https:\/\/colegioarquitectos.com\/noticias\/?p=31383#breadcrumb\",\"itemListElement\":[{\"@type\":\"ListItem\",\"position\":1,\"name\":\"Portada\",\"item\":\"https:\/\/colegioarquitectos.com\/noticias\"},{\"@type\":\"ListItem\",\"position\":2,\"name\":\"Asumen nuevas directoras nacionales del Colegio de Arquitectos de Chile\"}]},{\"@type\":\"WebSite\",\"@id\":\"https:\/\/colegioarquitectos.com\/noticias\/#website\",\"url\":\"https:\/\/colegioarquitectos.com\/noticias\/\",\"name\":\"COLEGIO DE ARQUITECTOS DE CHILE\",\"description\":\"\",\"publisher\":{\"@id\":\"https:\/\/colegioarquitectos.com\/noticias\/#organization\"},\"potentialAction\":[{\"@type\":\"SearchAction\",\"target\":{\"@type\":\"EntryPoint\",\"urlTemplate\":\"https:\/\/colegioarquitectos.com\/noticias\/?s={search_term_string}\"},\"query-input\":{\"@type\":\"PropertyValueSpecification\",\"valueRequired\":true,\"valueName\":\"search_term_string\"}}],\"inLanguage\":\"es\"},{\"@type\":\"Organization\",\"@id\":\"https:\/\/colegioarquitectos.com\/noticias\/#organization\",\"name\":\"COLEGIO DE ARQUITECTOS DE CHILE\",\"url\":\"https:\/\/colegioarquitectos.com\/noticias\/\",\"logo\":{\"@type\":\"ImageObject\",\"inLanguage\":\"es\",\"@id\":\"https:\/\/colegioarquitectos.com\/noticias\/#\/schema\/logo\/image\/\",\"url\":\"https:\/\/colegioarquitectos.com\/noticias\/wp-content\/uploads\/2021\/05\/ENCABEZADO-LOGO-CA.jpg\",\"contentUrl\":\"https:\/\/colegioarquitectos.com\/noticias\/wp-content\/uploads\/2021\/05\/ENCABEZADO-LOGO-CA.jpg\",\"width\":690,\"height\":350,\"caption\":\"COLEGIO DE ARQUITECTOS DE CHILE\"},\"image\":{\"@id\":\"https:\/\/colegioarquitectos.com\/noticias\/#\/schema\/logo\/image\/\"},\"sameAs\":[\"https:\/\/facebook.com\/Colegioarq\/\",\"https:\/\/x.com\/colegioarq\",\"https:\/\/instagram.com\/colegioarq\",\"https:\/\/youtube.com\/@ColegiodeArquitectosdeChile\"]},{\"@type\":\"Person\",\"@id\":\"https:\/\/colegioarquitectos.com\/noticias\/#\/schema\/person\/685cc0aad148303c5608f049af8285ad\",\"name\":\"Colegio de Arquitectos de Chile\",\"url\":\"https:\/\/colegioarquitectos.com\/noticias\/?author=4\"}]}<\/script>\n<!-- \/ Yoast SEO plugin. -->","yoast_head_json":{"title":"Asumen nuevas directoras nacionales del Colegio de Arquitectos de Chile - COLEGIO DE ARQUITECTOS DE CHILE","robots":{"index":"index","follow":"follow","max-snippet":"max-snippet:-1","max-image-preview":"max-image-preview:large","max-video-preview":"max-video-preview:-1"},"canonical":"https:\/\/colegioarquitectos.com\/noticias\/?p=31383","og_locale":"es_ES","og_type":"article","og_title":"Asumen nuevas directoras nacionales del Colegio de Arquitectos de Chile - COLEGIO DE ARQUITECTOS DE CHILE","og_description":"El pasado lunes 8 de enero, en el marco de la sesi\u00f3n N\u00b026 del Directorio Nacional del Colegio de Arquitectos de Chile, fueron proclamadas como nuevas directoras nacionales las arquitectas Lorena Estai Hidalgo y Ana Vergara San Mart\u00edn. Las arquitectas &hellip; ver m\u00e1s","og_url":"https:\/\/colegioarquitectos.com\/noticias\/?p=31383","og_site_name":"COLEGIO DE ARQUITECTOS DE CHILE","article_publisher":"https:\/\/facebook.com\/Colegioarq\/","article_published_time":"2024-01-22T17:05:54+00:00","article_modified_time":"2024-01-22T17:11:58+00:00","og_image":[{"width":1280,"height":720,"url":"https:\/\/colegioarquitectos.com\/noticias\/wp-content\/uploads\/2024\/01\/ENCABEZADO-ANUNCIOS-Y-ETX.png","type":"image\/png"}],"author":"Colegio de Arquitectos de Chile","twitter_card":"summary_large_image","twitter_creator":"@colegioarq","twitter_site":"@colegioarq","twitter_misc":{"Escrito por":"Colegio de Arquitectos de Chile","Tiempo de lectura":"2 minutos"},"schema":{"@context":"https:\/\/schema.org","@graph":[{"@type":"Article","@id":"https:\/\/colegioarquitectos.com\/noticias\/?p=31383#article","isPartOf":{"@id":"https:\/\/colegioarquitectos.com\/noticias\/?p=31383"},"author":{"name":"Colegio de Arquitectos de Chile","@id":"https:\/\/colegioarquitectos.com\/noticias\/#\/schema\/person\/685cc0aad148303c5608f049af8285ad"},"headline":"Asumen nuevas directoras nacionales del Colegio de Arquitectos de Chile","datePublished":"2024-01-22T17:05:54+00:00","dateModified":"2024-01-22T17:11:58+00:00","mainEntityOfPage":{"@id":"https:\/\/colegioarquitectos.com\/noticias\/?p=31383"},"wordCount":475,"publisher":{"@id":"https:\/\/colegioarquitectos.com\/noticias\/#organization"},"image":{"@id":"https:\/\/colegioarquitectos.com\/noticias\/?p=31383#primaryimage"},"thumbnailUrl":"https:\/\/colegioarquitectos.com\/noticias\/wp-content\/uploads\/2024\/01\/ENCABEZADO-ANUNCIOS-Y-ETX.png","keywords":["Colegio de Arquitectos de Chile","Directora de Beneficios","Directora de Desarrollo","Directorio Nacional","Elecciones","Elecciones Extraordinarias","Elecciones Extraordinarias CA","Elecciones Extraordinarias CA 2023"],"articleSection":["Colegio","Elecciones Extraordinarias CA 2023"],"inLanguage":"es"},{"@type":"WebPage","@id":"https:\/\/colegioarquitectos.com\/noticias\/?p=31383","url":"https:\/\/colegioarquitectos.com\/noticias\/?p=31383","name":"Asumen nuevas directoras nacionales del Colegio de Arquitectos de Chile - COLEGIO DE ARQUITECTOS DE CHILE","isPartOf":{"@id":"https:\/\/colegioarquitectos.com\/noticias\/#website"},"primaryImageOfPage":{"@id":"https:\/\/colegioarquitectos.com\/noticias\/?p=31383#primaryimage"},"image":{"@id":"https:\/\/colegioarquitectos.com\/noticias\/?p=31383#primaryimage"},"thumbnailUrl":"https:\/\/colegioarquitectos.com\/noticias\/wp-content\/uploads\/2024\/01\/ENCABEZADO-ANUNCIOS-Y-ETX.png","datePublished":"2024-01-22T17:05:54+00:00","dateModified":"2024-01-22T17:11:58+00:00","breadcrumb":{"@id":"https:\/\/colegioarquitectos.com\/noticias\/?p=31383#breadcrumb"},"inLanguage":"es","potentialAction":[{"@type":"ReadAction","target":["https:\/\/colegioarquitectos.com\/noticias\/?p=31383"]}]},{"@type":"ImageObject","inLanguage":"es","@id":"https:\/\/colegioarquitectos.com\/noticias\/?p=31383#primaryimage","url":"https:\/\/colegioarquitectos.com\/noticias\/wp-content\/uploads\/2024\/01\/ENCABEZADO-ANUNCIOS-Y-ETX.png","contentUrl":"https:\/\/colegioarquitectos.com\/noticias\/wp-content\/uploads\/2024\/01\/ENCABEZADO-ANUNCIOS-Y-ETX.png","width":1280,"height":720},{"@type":"BreadcrumbList","@id":"https:\/\/colegioarquitectos.com\/noticias\/?p=31383#breadcrumb","itemListElement":[{"@type":"ListItem","position":1,"name":"Portada","item":"https:\/\/colegioarquitectos.com\/noticias"},{"@type":"ListItem","position":2,"name":"Asumen nuevas directoras nacionales del Colegio de Arquitectos de Chile"}]},{"@type":"WebSite","@id":"https:\/\/colegioarquitectos.com\/noticias\/#website","url":"https:\/\/colegioarquitectos.com\/noticias\/","name":"COLEGIO DE ARQUITECTOS DE CHILE","description":"","publisher":{"@id":"https:\/\/colegioarquitectos.com\/noticias\/#organization"},"potentialAction":[{"@type":"SearchAction","target":{"@type":"EntryPoint","urlTemplate":"https:\/\/colegioarquitectos.com\/noticias\/?s={search_term_string}"},"query-input":{"@type":"PropertyValueSpecification","valueRequired":true,"valueName":"search_term_string"}}],"inLanguage":"es"},{"@type":"Organization","@id":"https:\/\/colegioarquitectos.com\/noticias\/#organization","name":"COLEGIO DE ARQUITECTOS DE CHILE","url":"https:\/\/colegioarquitectos.com\/noticias\/","logo":{"@type":"ImageObject","inLanguage":"es","@id":"https:\/\/colegioarquitectos.com\/noticias\/#\/schema\/logo\/image\/","url":"https:\/\/colegioarquitectos.com\/noticias\/wp-content\/uploads\/2021\/05\/ENCABEZADO-LOGO-CA.jpg","contentUrl":"https:\/\/colegioarquitectos.com\/noticias\/wp-content\/uploads\/2021\/05\/ENCABEZADO-LOGO-CA.jpg","width":690,"height":350,"caption":"COLEGIO DE ARQUITECTOS DE CHILE"},"image":{"@id":"https:\/\/colegioarquitectos.com\/noticias\/#\/schema\/logo\/image\/"},"sameAs":["https:\/\/facebook.com\/Colegioarq\/","https:\/\/x.com\/colegioarq","https:\/\/instagram.com\/colegioarq","https:\/\/youtube.com\/@ColegiodeArquitectosdeChile"]},{"@type":"Person","@id":"https:\/\/colegioarquitectos.com\/noticias\/#\/schema\/person\/685cc0aad148303c5608f049af8285ad","name":"Colegio de Arquitectos de Chile","url":"https:\/\/colegioarquitectos.com\/noticias\/?author=4"}]}},"_links":{"self":[{"href":"https:\/\/colegioarquitectos.com\/noticias\/index.php?rest_route=\/wp\/v2\/posts\/31383","targetHints":{"allow":["GET"]}}],"collection":[{"href":"https:\/\/colegioarquitectos.com\/noticias\/index.php?rest_route=\/wp\/v2\/posts"}],"about":[{"href":"https:\/\/colegioarquitectos.com\/noticias\/index.php?rest_route=\/wp\/v2\/types\/post"}],"author":[{"embeddable":true,"href":"https:\/\/colegioarquitectos.com\/noticias\/index.php?rest_route=\/wp\/v2\/users\/4"}],"replies":[{"embeddable":true,"href":"https:\/\/colegioarquitectos.com\/noticias\/index.php?rest_route=%2Fwp%2Fv2%2Fcomments&post=31383"}],"version-history":[{"count":0,"href":"https:\/\/colegioarquitectos.com\/noticias\/index.php?rest_route=\/wp\/v2\/posts\/31383\/revisions"}],"wp:featuredmedia":[{"embeddable":true,"href":"https:\/\/colegioarquitectos.com\/noticias\/index.php?rest_route=\/wp\/v2\/media\/31419"}],"wp:attachment":[{"href":"https:\/\/colegioarquitectos.com\/noticias\/index.php?rest_route=%2Fwp%2Fv2%2Fmedia&parent=31383"}],"wp:term":[{"taxonomy":"category","embeddable":true,"href":"https:\/\/colegioarquitectos.com\/noticias\/index.php?rest_route=%2Fwp%2Fv2%2Fcategories&post=31383"},{"taxonomy":"post_tag","embeddable":true,"href":"https:\/\/colegioarquitectos.com\/noticias\/index.php?rest_route=%2Fwp%2Fv2%2Ftags&post=31383"}],"curies":[{"name":"wp","href":"https:\/\/api.w.org\/{rel}","templated":true}]}}