
{"id":31403,"date":"2023-12-08T09:46:06","date_gmt":"2023-12-08T13:46:06","guid":{"rendered":"https:\/\/colegioarquitectos.com\/?p=31403"},"modified":"2024-01-17T09:52:05","modified_gmt":"2024-01-17T13:52:05","slug":"colegio-de-arquitectos-de-chile-firma-convenio-de-colaboracion-con-el-consejo-de-construccion-industrializada-cci","status":"publish","type":"post","link":"https:\/\/colegioarquitectos.com\/noticias\/?p=31403","title":{"rendered":"Colegio de Arquitectos de Chile firma convenio de colaboraci\u00f3n con el Consejo de Construcci\u00f3n Industrializada (CCI)"},"content":{"rendered":"<p>Como cierre del a\u00f1o 2023, se concret\u00f3 la firma de un convenio de colaboraci\u00f3n del <strong>Colegio de Arquitectos de Chile<\/strong> con el <strong>Consejo de Construcci\u00f3n Industrializada (CCI)<\/strong>, en una reuni\u00f3n realizada en nuestra <strong>Sede Nacional<\/strong>.<\/p>\n<p>En la instancia, participaron la presidenta nacional, <strong>Beatriz Buccicardi<\/strong>; Tatiana Mart\u00ednez, presidenta del CCI; <strong>Milton Vicentelo<\/strong>, vicepresidente, y <strong>Geraldine Meneses<\/strong>, coordinadora general del CCI; <strong>Francis Pfenniger<\/strong>, past president del Comit\u00e9 de Tecnolog\u00eda (COMTEC), y <strong>Diego Mellado<\/strong>, su actual presidente.<\/p>\n<p>El convenio de colaboraci\u00f3n, <strong>establece una alianza estrat\u00e9gica para avanzar conjuntamente en temas de inter\u00e9s com\u00fan y seguir profundizando los lazos de amistad y cooperaci\u00f3n entre ambas instituciones<\/strong>.<\/p>\n<p>Por otra parte, instruye<strong> incorporar tempranamente los conceptos de industrializaci\u00f3n y prefabricaci\u00f3n en los proyectos<\/strong>; adem\u00e1s de <strong>coordinar grupos t\u00e9cnicos y difundir actividades conjuntas<\/strong>, entre otras acciones que comunicar\u00e1n oportunamente ambas instituciones.<\/p>\n<p>\u00abCreemos que este acuerdo nos permitir\u00e1 avanzar en coordinar grupos t\u00e9cnicos en conjunto, que nos ayuden a desarrollar ideas de l\u00edneas de investigaci\u00f3n, desarrollo e innovaci\u00f3n; as\u00ed como tambi\u00e9n difundir y promover actividades conjuntas. Pero ante todo, consideramos que este acuerdo nos permite mayor nivel de asociatividad entre las y los miembros de ambas entidades; lazos que s\u00f3lo ayudan a robustecer el sector de la construcci\u00f3n\u00bb, indic\u00f3 la presidenta nacional <strong>Beatriz Buccicardi<\/strong>.<\/p>\n<p>&nbsp;<\/p>\n<p><\/p>","protected":false},"excerpt":{"rendered":"<p>Como cierre del a\u00f1o 2023, se concret\u00f3 la firma de un convenio de colaboraci\u00f3n del Colegio de Arquitectos de Chile con el Consejo de Construcci\u00f3n Industrializada (CCI), en una reuni\u00f3n realizada en nuestra Sede Nacional. En la instancia, participaron la &hellip; <a class=\"more-link\" href=\"https:\/\/colegioarquitectos.com\/noticias\/?p=31403\">ver m\u00e1s<\/a><\/p>","protected":false},"author":4,"featured_media":31404,"comment_status":"closed","ping_status":"closed","sticky":false,"template":"","format":"standard","meta":{"footnotes":""},"categories":[8],"tags":[747,748,745,746],"class_list":["post-31403","post","type-post","status-publish","format-standard","has-post-thumbnail","hentry","category-colegio-de-arquitectos","tag-cci","tag-consejo-de-construccion-industrializada","tag-convenio","tag-convenio-de-colaboracion"],"yoast_head":"<!-- This site is optimized with the Yoast SEO plugin v24.2 - https:\/\/yoast.com\/wordpress\/plugins\/seo\/ -->\n<title>Colegio de Arquitectos de Chile firma convenio de colaboraci\u00f3n con el Consejo de Construcci\u00f3n Industrializada (CCI) - COLEGIO DE ARQUITECTOS DE CHILE<\/title>\n<meta name=\"robots\" content=\"index, follow, max-snippet:-1, max-image-preview:large, max-video-preview:-1\" \/>\n<link rel=\"canonical\" href=\"https:\/\/colegioarquitectos.com\/noticias\/?p=31403\" \/>\n<meta property=\"og:locale\" content=\"es_ES\" \/>\n<meta property=\"og:type\" content=\"article\" \/>\n<meta property=\"og:title\" content=\"Colegio de Arquitectos de Chile firma convenio de colaboraci\u00f3n con el Consejo de Construcci\u00f3n Industrializada (CCI) - COLEGIO DE ARQUITECTOS DE CHILE\" \/>\n<meta property=\"og:description\" content=\"Como cierre del a\u00f1o 2023, se concret\u00f3 la firma de un convenio de colaboraci\u00f3n del Colegio de Arquitectos de Chile con el Consejo de Construcci\u00f3n Industrializada (CCI), en una reuni\u00f3n realizada en nuestra Sede Nacional. En la instancia, participaron la &hellip; ver m\u00e1s\" \/>\n<meta property=\"og:url\" content=\"https:\/\/colegioarquitectos.com\/noticias\/?p=31403\" \/>\n<meta property=\"og:site_name\" content=\"COLEGIO DE ARQUITECTOS DE CHILE\" \/>\n<meta property=\"article:publisher\" content=\"https:\/\/facebook.com\/Colegioarq\/\" \/>\n<meta property=\"article:published_time\" content=\"2023-12-08T13:46:06+00:00\" \/>\n<meta property=\"article:modified_time\" content=\"2024-01-17T13:52:05+00:00\" \/>\n<meta property=\"og:image\" content=\"https:\/\/colegioarquitectos.com\/noticias\/wp-content\/uploads\/2024\/01\/portada-cci.jpg\" \/>\n\t<meta property=\"og:image:width\" content=\"1280\" \/>\n\t<meta property=\"og:image:height\" content=\"720\" \/>\n\t<meta property=\"og:image:type\" content=\"image\/jpeg\" \/>\n<meta name=\"author\" content=\"Colegio de Arquitectos de Chile\" \/>\n<meta name=\"twitter:card\" content=\"summary_large_image\" \/>\n<meta name=\"twitter:creator\" content=\"@colegioarq\" \/>\n<meta name=\"twitter:site\" content=\"@colegioarq\" \/>\n<meta name=\"twitter:label1\" content=\"Escrito por\" \/>\n\t<meta name=\"twitter:data1\" content=\"Colegio de Arquitectos de Chile\" \/>\n\t<meta name=\"twitter:label2\" content=\"Tiempo de lectura\" \/>\n\t<meta name=\"twitter:data2\" content=\"1 minuto\" \/>\n<script type=\"application\/ld+json\" class=\"yoast-schema-graph\">{\"@context\":\"https:\/\/schema.org\",\"@graph\":[{\"@type\":\"Article\",\"@id\":\"https:\/\/colegioarquitectos.com\/noticias\/?p=31403#article\",\"isPartOf\":{\"@id\":\"https:\/\/colegioarquitectos.com\/noticias\/?p=31403\"},\"author\":{\"name\":\"Colegio de Arquitectos de Chile\",\"@id\":\"https:\/\/colegioarquitectos.com\/noticias\/#\/schema\/person\/685cc0aad148303c5608f049af8285ad\"},\"headline\":\"Colegio de Arquitectos de Chile firma convenio de colaboraci\u00f3n con el Consejo de Construcci\u00f3n Industrializada (CCI)\",\"datePublished\":\"2023-12-08T13:46:06+00:00\",\"dateModified\":\"2024-01-17T13:52:05+00:00\",\"mainEntityOfPage\":{\"@id\":\"https:\/\/colegioarquitectos.com\/noticias\/?p=31403\"},\"wordCount\":247,\"publisher\":{\"@id\":\"https:\/\/colegioarquitectos.com\/noticias\/#organization\"},\"image\":{\"@id\":\"https:\/\/colegioarquitectos.com\/noticias\/?p=31403#primaryimage\"},\"thumbnailUrl\":\"https:\/\/colegioarquitectos.com\/noticias\/wp-content\/uploads\/2024\/01\/portada-cci.jpg\",\"keywords\":[\"CCI\",\"Consejo de Construcci\u00f3n Industrializada\",\"convenio\",\"convenio de colaboraci\u00f3n\"],\"articleSection\":[\"Colegio\"],\"inLanguage\":\"es\"},{\"@type\":\"WebPage\",\"@id\":\"https:\/\/colegioarquitectos.com\/noticias\/?p=31403\",\"url\":\"https:\/\/colegioarquitectos.com\/noticias\/?p=31403\",\"name\":\"Colegio de Arquitectos de Chile firma convenio de colaboraci\u00f3n con el Consejo de Construcci\u00f3n Industrializada (CCI) - COLEGIO DE ARQUITECTOS DE CHILE\",\"isPartOf\":{\"@id\":\"https:\/\/colegioarquitectos.com\/noticias\/#website\"},\"primaryImageOfPage\":{\"@id\":\"https:\/\/colegioarquitectos.com\/noticias\/?p=31403#primaryimage\"},\"image\":{\"@id\":\"https:\/\/colegioarquitectos.com\/noticias\/?p=31403#primaryimage\"},\"thumbnailUrl\":\"https:\/\/colegioarquitectos.com\/noticias\/wp-content\/uploads\/2024\/01\/portada-cci.jpg\",\"datePublished\":\"2023-12-08T13:46:06+00:00\",\"dateModified\":\"2024-01-17T13:52:05+00:00\",\"breadcrumb\":{\"@id\":\"https:\/\/colegioarquitectos.com\/noticias\/?p=31403#breadcrumb\"},\"inLanguage\":\"es\",\"potentialAction\":[{\"@type\":\"ReadAction\",\"target\":[\"https:\/\/colegioarquitectos.com\/noticias\/?p=31403\"]}]},{\"@type\":\"ImageObject\",\"inLanguage\":\"es\",\"@id\":\"https:\/\/colegioarquitectos.com\/noticias\/?p=31403#primaryimage\",\"url\":\"https:\/\/colegioarquitectos.com\/noticias\/wp-content\/uploads\/2024\/01\/portada-cci.jpg\",\"contentUrl\":\"https:\/\/colegioarquitectos.com\/noticias\/wp-content\/uploads\/2024\/01\/portada-cci.jpg\",\"width\":1280,\"height\":720},{\"@type\":\"BreadcrumbList\",\"@id\":\"https:\/\/colegioarquitectos.com\/noticias\/?p=31403#breadcrumb\",\"itemListElement\":[{\"@type\":\"ListItem\",\"position\":1,\"name\":\"Portada\",\"item\":\"https:\/\/colegioarquitectos.com\/noticias\"},{\"@type\":\"ListItem\",\"position\":2,\"name\":\"Colegio de Arquitectos de Chile firma convenio de colaboraci\u00f3n con el Consejo de Construcci\u00f3n Industrializada (CCI)\"}]},{\"@type\":\"WebSite\",\"@id\":\"https:\/\/colegioarquitectos.com\/noticias\/#website\",\"url\":\"https:\/\/colegioarquitectos.com\/noticias\/\",\"name\":\"COLEGIO DE ARQUITECTOS DE CHILE\",\"description\":\"\",\"publisher\":{\"@id\":\"https:\/\/colegioarquitectos.com\/noticias\/#organization\"},\"potentialAction\":[{\"@type\":\"SearchAction\",\"target\":{\"@type\":\"EntryPoint\",\"urlTemplate\":\"https:\/\/colegioarquitectos.com\/noticias\/?s={search_term_string}\"},\"query-input\":{\"@type\":\"PropertyValueSpecification\",\"valueRequired\":true,\"valueName\":\"search_term_string\"}}],\"inLanguage\":\"es\"},{\"@type\":\"Organization\",\"@id\":\"https:\/\/colegioarquitectos.com\/noticias\/#organization\",\"name\":\"COLEGIO DE ARQUITECTOS DE CHILE\",\"url\":\"https:\/\/colegioarquitectos.com\/noticias\/\",\"logo\":{\"@type\":\"ImageObject\",\"inLanguage\":\"es\",\"@id\":\"https:\/\/colegioarquitectos.com\/noticias\/#\/schema\/logo\/image\/\",\"url\":\"https:\/\/colegioarquitectos.com\/noticias\/wp-content\/uploads\/2021\/05\/ENCABEZADO-LOGO-CA.jpg\",\"contentUrl\":\"https:\/\/colegioarquitectos.com\/noticias\/wp-content\/uploads\/2021\/05\/ENCABEZADO-LOGO-CA.jpg\",\"width\":690,\"height\":350,\"caption\":\"COLEGIO DE ARQUITECTOS DE CHILE\"},\"image\":{\"@id\":\"https:\/\/colegioarquitectos.com\/noticias\/#\/schema\/logo\/image\/\"},\"sameAs\":[\"https:\/\/facebook.com\/Colegioarq\/\",\"https:\/\/x.com\/colegioarq\",\"https:\/\/instagram.com\/colegioarq\",\"https:\/\/youtube.com\/@ColegiodeArquitectosdeChile\"]},{\"@type\":\"Person\",\"@id\":\"https:\/\/colegioarquitectos.com\/noticias\/#\/schema\/person\/685cc0aad148303c5608f049af8285ad\",\"name\":\"Colegio de Arquitectos de Chile\",\"url\":\"https:\/\/colegioarquitectos.com\/noticias\/?author=4\"}]}<\/script>\n<!-- \/ Yoast SEO plugin. -->","yoast_head_json":{"title":"Colegio de Arquitectos de Chile firma convenio de colaboraci\u00f3n con el Consejo de Construcci\u00f3n Industrializada (CCI) - COLEGIO DE ARQUITECTOS DE CHILE","robots":{"index":"index","follow":"follow","max-snippet":"max-snippet:-1","max-image-preview":"max-image-preview:large","max-video-preview":"max-video-preview:-1"},"canonical":"https:\/\/colegioarquitectos.com\/noticias\/?p=31403","og_locale":"es_ES","og_type":"article","og_title":"Colegio de Arquitectos de Chile firma convenio de colaboraci\u00f3n con el Consejo de Construcci\u00f3n Industrializada (CCI) - COLEGIO DE ARQUITECTOS DE CHILE","og_description":"Como cierre del a\u00f1o 2023, se concret\u00f3 la firma de un convenio de colaboraci\u00f3n del Colegio de Arquitectos de Chile con el Consejo de Construcci\u00f3n Industrializada (CCI), en una reuni\u00f3n realizada en nuestra Sede Nacional. En la instancia, participaron la &hellip; ver m\u00e1s","og_url":"https:\/\/colegioarquitectos.com\/noticias\/?p=31403","og_site_name":"COLEGIO DE ARQUITECTOS DE CHILE","article_publisher":"https:\/\/facebook.com\/Colegioarq\/","article_published_time":"2023-12-08T13:46:06+00:00","article_modified_time":"2024-01-17T13:52:05+00:00","og_image":[{"width":1280,"height":720,"url":"https:\/\/colegioarquitectos.com\/noticias\/wp-content\/uploads\/2024\/01\/portada-cci.jpg","type":"image\/jpeg"}],"author":"Colegio de Arquitectos de Chile","twitter_card":"summary_large_image","twitter_creator":"@colegioarq","twitter_site":"@colegioarq","twitter_misc":{"Escrito por":"Colegio de Arquitectos de Chile","Tiempo de lectura":"1 minuto"},"schema":{"@context":"https:\/\/schema.org","@graph":[{"@type":"Article","@id":"https:\/\/colegioarquitectos.com\/noticias\/?p=31403#article","isPartOf":{"@id":"https:\/\/colegioarquitectos.com\/noticias\/?p=31403"},"author":{"name":"Colegio de Arquitectos de Chile","@id":"https:\/\/colegioarquitectos.com\/noticias\/#\/schema\/person\/685cc0aad148303c5608f049af8285ad"},"headline":"Colegio de Arquitectos de Chile firma convenio de colaboraci\u00f3n con el Consejo de Construcci\u00f3n Industrializada (CCI)","datePublished":"2023-12-08T13:46:06+00:00","dateModified":"2024-01-17T13:52:05+00:00","mainEntityOfPage":{"@id":"https:\/\/colegioarquitectos.com\/noticias\/?p=31403"},"wordCount":247,"publisher":{"@id":"https:\/\/colegioarquitectos.com\/noticias\/#organization"},"image":{"@id":"https:\/\/colegioarquitectos.com\/noticias\/?p=31403#primaryimage"},"thumbnailUrl":"https:\/\/colegioarquitectos.com\/noticias\/wp-content\/uploads\/2024\/01\/portada-cci.jpg","keywords":["CCI","Consejo de Construcci\u00f3n Industrializada","convenio","convenio de colaboraci\u00f3n"],"articleSection":["Colegio"],"inLanguage":"es"},{"@type":"WebPage","@id":"https:\/\/colegioarquitectos.com\/noticias\/?p=31403","url":"https:\/\/colegioarquitectos.com\/noticias\/?p=31403","name":"Colegio de Arquitectos de Chile firma convenio de colaboraci\u00f3n con el Consejo de Construcci\u00f3n Industrializada (CCI) - COLEGIO DE ARQUITECTOS DE CHILE","isPartOf":{"@id":"https:\/\/colegioarquitectos.com\/noticias\/#website"},"primaryImageOfPage":{"@id":"https:\/\/colegioarquitectos.com\/noticias\/?p=31403#primaryimage"},"image":{"@id":"https:\/\/colegioarquitectos.com\/noticias\/?p=31403#primaryimage"},"thumbnailUrl":"https:\/\/colegioarquitectos.com\/noticias\/wp-content\/uploads\/2024\/01\/portada-cci.jpg","datePublished":"2023-12-08T13:46:06+00:00","dateModified":"2024-01-17T13:52:05+00:00","breadcrumb":{"@id":"https:\/\/colegioarquitectos.com\/noticias\/?p=31403#breadcrumb"},"inLanguage":"es","potentialAction":[{"@type":"ReadAction","target":["https:\/\/colegioarquitectos.com\/noticias\/?p=31403"]}]},{"@type":"ImageObject","inLanguage":"es","@id":"https:\/\/colegioarquitectos.com\/noticias\/?p=31403#primaryimage","url":"https:\/\/colegioarquitectos.com\/noticias\/wp-content\/uploads\/2024\/01\/portada-cci.jpg","contentUrl":"https:\/\/colegioarquitectos.com\/noticias\/wp-content\/uploads\/2024\/01\/portada-cci.jpg","width":1280,"height":720},{"@type":"BreadcrumbList","@id":"https:\/\/colegioarquitectos.com\/noticias\/?p=31403#breadcrumb","itemListElement":[{"@type":"ListItem","position":1,"name":"Portada","item":"https:\/\/colegioarquitectos.com\/noticias"},{"@type":"ListItem","position":2,"name":"Colegio de Arquitectos de Chile firma convenio de colaboraci\u00f3n con el Consejo de Construcci\u00f3n Industrializada (CCI)"}]},{"@type":"WebSite","@id":"https:\/\/colegioarquitectos.com\/noticias\/#website","url":"https:\/\/colegioarquitectos.com\/noticias\/","name":"COLEGIO DE ARQUITECTOS DE CHILE","description":"","publisher":{"@id":"https:\/\/colegioarquitectos.com\/noticias\/#organization"},"potentialAction":[{"@type":"SearchAction","target":{"@type":"EntryPoint","urlTemplate":"https:\/\/colegioarquitectos.com\/noticias\/?s={search_term_string}"},"query-input":{"@type":"PropertyValueSpecification","valueRequired":true,"valueName":"search_term_string"}}],"inLanguage":"es"},{"@type":"Organization","@id":"https:\/\/colegioarquitectos.com\/noticias\/#organization","name":"COLEGIO DE ARQUITECTOS DE CHILE","url":"https:\/\/colegioarquitectos.com\/noticias\/","logo":{"@type":"ImageObject","inLanguage":"es","@id":"https:\/\/colegioarquitectos.com\/noticias\/#\/schema\/logo\/image\/","url":"https:\/\/colegioarquitectos.com\/noticias\/wp-content\/uploads\/2021\/05\/ENCABEZADO-LOGO-CA.jpg","contentUrl":"https:\/\/colegioarquitectos.com\/noticias\/wp-content\/uploads\/2021\/05\/ENCABEZADO-LOGO-CA.jpg","width":690,"height":350,"caption":"COLEGIO DE ARQUITECTOS DE CHILE"},"image":{"@id":"https:\/\/colegioarquitectos.com\/noticias\/#\/schema\/logo\/image\/"},"sameAs":["https:\/\/facebook.com\/Colegioarq\/","https:\/\/x.com\/colegioarq","https:\/\/instagram.com\/colegioarq","https:\/\/youtube.com\/@ColegiodeArquitectosdeChile"]},{"@type":"Person","@id":"https:\/\/colegioarquitectos.com\/noticias\/#\/schema\/person\/685cc0aad148303c5608f049af8285ad","name":"Colegio de Arquitectos de Chile","url":"https:\/\/colegioarquitectos.com\/noticias\/?author=4"}]}},"_links":{"self":[{"href":"https:\/\/colegioarquitectos.com\/noticias\/index.php?rest_route=\/wp\/v2\/posts\/31403","targetHints":{"allow":["GET"]}}],"collection":[{"href":"https:\/\/colegioarquitectos.com\/noticias\/index.php?rest_route=\/wp\/v2\/posts"}],"about":[{"href":"https:\/\/colegioarquitectos.com\/noticias\/index.php?rest_route=\/wp\/v2\/types\/post"}],"author":[{"embeddable":true,"href":"https:\/\/colegioarquitectos.com\/noticias\/index.php?rest_route=\/wp\/v2\/users\/4"}],"replies":[{"embeddable":true,"href":"https:\/\/colegioarquitectos.com\/noticias\/index.php?rest_route=%2Fwp%2Fv2%2Fcomments&post=31403"}],"version-history":[{"count":0,"href":"https:\/\/colegioarquitectos.com\/noticias\/index.php?rest_route=\/wp\/v2\/posts\/31403\/revisions"}],"wp:featuredmedia":[{"embeddable":true,"href":"https:\/\/colegioarquitectos.com\/noticias\/index.php?rest_route=\/wp\/v2\/media\/31404"}],"wp:attachment":[{"href":"https:\/\/colegioarquitectos.com\/noticias\/index.php?rest_route=%2Fwp%2Fv2%2Fmedia&parent=31403"}],"wp:term":[{"taxonomy":"category","embeddable":true,"href":"https:\/\/colegioarquitectos.com\/noticias\/index.php?rest_route=%2Fwp%2Fv2%2Fcategories&post=31403"},{"taxonomy":"post_tag","embeddable":true,"href":"https:\/\/colegioarquitectos.com\/noticias\/index.php?rest_route=%2Fwp%2Fv2%2Ftags&post=31403"}],"curies":[{"name":"wp","href":"https:\/\/api.w.org\/{rel}","templated":true}]}}