
{"id":31407,"date":"2024-01-18T11:13:50","date_gmt":"2024-01-18T15:13:50","guid":{"rendered":"https:\/\/colegioarquitectos.com\/?p=31407"},"modified":"2024-01-18T11:15:55","modified_gmt":"2024-01-18T15:15:55","slug":"premio-uia-2030-segundo-ciclo","status":"publish","type":"post","link":"https:\/\/colegioarquitectos.com\/noticias\/?p=31407","title":{"rendered":"Premio UIA 2030: Segundo ciclo"},"content":{"rendered":"<p>La Uni\u00f3n Internacional de Arquitectos, en colaboraci\u00f3n con\u00a0<a href=\"http:\/\/zvin.mjt.lu\/lnk\/AWUAADNkkOoAAc3CzCIAAQ7UxOsAAUG3dzwAnHYmAAX_PwBlnCtm7xs4qMfRR0279hXxAtTPzwAFvp4\/1\/M1eYs8xewZmD1gjmcp9alQ\/aHR0cHM6Ly91bmhhYml0YXQub3JnLw\"><strong>ONU-H\u00e1bitat<\/strong><\/a>\u00a0, ha anunciado el lanzamiento del segundo ciclo del Premio UIA 2030. Este premio bienal promueve el trabajo de los arquitectos que contribuyen al cumplimiento de la Agenda 2030 de las Naciones Unidas para el Desarrollo Sostenible junto con la Nueva Agenda Urbana.<\/p>\n<p>El\u00a0<a href=\"http:\/\/zvin.mjt.lu\/lnk\/AWUAADNkkOoAAc3CzCIAAQ7UxOsAAUG3dzwAnHYmAAX_PwBlnCtm7xs4qMfRR0279hXxAtTPzwAFvp4\/2\/0ynuxt0b_zOv2Yt883zLxg\/aHR0cHM6Ly93d3cudWlhLWFyY2hpdGVjdGVzLm9yZy9lbi9hd2FyZC91aWEtMjAzMC1hd2FyZC8\"><strong>primer ciclo<\/strong><\/a>\u00a0del premio reuni\u00f3 125 proyectos de 40 pa\u00edses y los\u00a0<a href=\"http:\/\/zvin.mjt.lu\/lnk\/AWUAADNkkOoAAc3CzCIAAQ7UxOsAAUG3dzwAnHYmAAX_PwBlnCtm7xs4qMfRR0279hXxAtTPzwAFvp4\/3\/YiUP0LCN4Emu879s4b29CQ\/aHR0cHM6Ly93d3cudWlhLWFyY2hpdGVjdGVzLm9yZy9lbi9uZXdzL3VpYS0yMDMwLWF3YXJkLXdpbm5lcnMv\"><strong>resultados finales<\/strong><\/a>\u00a0se anunciaron el 28 de junio de 2022 en Katowice, Polonia, durante el Foro Urbano Mundial (FUM11).<\/p>\n<p>Sincronizado con el\u00a0<a href=\"http:\/\/zvin.mjt.lu\/lnk\/AWUAADNkkOoAAc3CzCIAAQ7UxOsAAUG3dzwAnHYmAAX_PwBlnCtm7xs4qMfRR0279hXxAtTPzwAFvp4\/4\/vaAno3nY9gRXoro_F_3uDg\/aHR0cHM6Ly93dWYudW5oYWJpdGF0Lm9yZy8\"><strong>Foro Urbano Mundial (FUM)<\/strong><\/a>\u00a0, el premio invita a todos los arquitectos de todo el mundo a presentar candidaturas para proyectos construidos que demuestren la calidad del dise\u00f1o y hayan realizado contribuciones significativas al logro de los Objetivos de Desarrollo Sostenible (ODS).<\/p>\n<p>La adjudicaci\u00f3n se desarrollar\u00e1 en\u00a0<strong>dos etapas<\/strong>\u00a0. Las presentaciones\u00a0<strong>de la Etapa 1<\/strong>\u00a0se evaluar\u00e1n a nivel regional, reflejando cada una de las\u00a0<a href=\"http:\/\/zvin.mjt.lu\/lnk\/AWUAADNkkOoAAc3CzCIAAQ7UxOsAAUG3dzwAnHYmAAX_PwBlnCtm7xs4qMfRR0279hXxAtTPzwAFvp4\/5\/6MXjsXPv5SWmxCmh6O89vA\/aHR0cHM6Ly93d3cudWlhLWFyY2hpdGVjdGVzLm9yZy9lbi9hYm91dC9tZW1iZXItc2VjdGlvbnMv\"><strong>cinco Regiones de la UIA<\/strong><\/a>\u00a0. Entre uno y tres Finalistas Regionales de cada Categor\u00eda de Premio pasar\u00e1n a la\u00a0<strong>Etapa 2<\/strong>\u00a0. La ubicaci\u00f3n del proyecto determinar\u00e1 la regi\u00f3n en la que se evaluar\u00e1.<\/p>\n<p>&nbsp;<\/p>\n<h4><strong>Categor\u00edas\u00a0 \u00a0 \u00a0 \u00a0 \u00a0 \u00a0 \u00a0 \u00a0 \u00a0 \u00a0 <\/strong><\/h4>\n<hr \/>\n<p>La selecci\u00f3n de proyectos construidos en todo el mundo, que demuestren calidad de dise\u00f1o y hayan hecho contribuciones significativas a los ODS, se dividir\u00e1 en seis nuevas categor\u00edas:<\/p>\n<ol>\n<li><strong> Buena salud y bienestar: <\/strong>Esta categor\u00eda reconocer\u00e1 un proyecto que pueda demostrar haber contribuido significativamente a la promoci\u00f3n de una vida sana y el bienestar, como la reducci\u00f3n de las enfermedades transmisibles, de conformidad con los principios que sustentan la meta 3.3 del ODS 3. .<\/li>\n<li><strong> Vivienda adecuada, segura y asequible:\u00a0<\/strong>Esta categor\u00eda reconocer\u00e1 un proyecto que haya contribuido significativamente a la provisi\u00f3n de viviendas accesibles, adecuadas, seguras y asequibles, la regeneraci\u00f3n urbana y\/o la mejora de los barrios marginales de conformidad con los principios que sustentan la Meta 11.1 del ODS 11.<\/li>\n<li><strong> Acceso a transporte p\u00fablico seguro, accesible y sostenible: <\/strong>Esta categor\u00eda reconocer\u00e1 un proyecto que, en virtud de su ubicaci\u00f3n, dise\u00f1o, densidad, etc., haya contribuido significativamente a la provisi\u00f3n de transporte p\u00fablico seguro, accesible y sostenible (como Transporte Orientado al Desarrollo y\/o planificaci\u00f3n vecinal), consistente con los principios que sustentan la Meta 11.2.1 del ODS11.<\/li>\n<li><strong> Acceso a espacios verdes y p\u00fablicos:\u00a0<\/strong>Esta categor\u00eda reconocer\u00e1 un proyecto que haya contribuido significativamente a brindar acceso a espacios verdes y p\u00fablicos seguros, inclusivos y accesibles para todos, de conformidad con los principios que sustentan la meta 11.7 del ODS 11.<\/li>\n<li><strong> Adaptaci\u00f3n al cambio clim\u00e1tico y resiliencia a los desastres:\u00a0<\/strong>Esta categor\u00eda reconocer\u00e1 un proyecto que pueda demostrar haber contribuido significativamente a la adaptaci\u00f3n al cambio clim\u00e1tico y\/o la resiliencia a los desastres, de conformidad con los principios que sustentan la Meta 11.b del ODS11.<\/li>\n<li><strong> Promoci\u00f3n, restauraci\u00f3n y uso sostenible de los ecosistemas:\u00a0<\/strong>Esta categor\u00eda reconocer\u00e1 un proyecto que, ya sea a trav\u00e9s de su ubicaci\u00f3n, dise\u00f1o o construcci\u00f3n, contribuya significativamente a la promoci\u00f3n, restauraci\u00f3n y\/o uso sostenible de los ecosistemas de acuerdo con los principios que sustentan el ODS15.<\/li>\n<\/ol>\n<p>&nbsp;<\/p>\n<h4><b>Jurado<\/b><\/h4>\n<hr \/>\n<ul>\n<li><strong> Sr. Peter Oborn\u00a0<\/strong>(Reino Unido), Arquitecto, Londres \u2013 Presidente del Jurado, Copresidente del Premio UIA 2030 \u2013 Representante de la UIA<\/li>\n<li><strong> Sr. Andrew Rudd\u00a0<\/strong>(EE.UU.), Oficial de Asentamientos Humanos, Divisi\u00f3n de Soluciones Globales \u2013 Representante de ONU-H\u00e1bitat<\/li>\n<li><strong> Sra. Tina Saaby\u00a0<\/strong>(Dinamarca), Directora, Instituto Dan\u00e9s de Urbanismo, Copenhague<\/li>\n<li><strong> Sra. Violeta Komitova\u00a0<\/strong>(Bulgaria), arquitecta municipal y miembro del Parlamento de Bulgaria, Sof\u00eda<\/li>\n<li><strong> Dra. Anna Rubbo\u00a0<\/strong>(EE.UU.), investigadora principal, Centro para el Desarrollo Urbano Sostenible, The Climate School, Universidad de Columbia, Nueva York<\/li>\n<li><strong> Sr. Rob Adams\u00a0<\/strong>(Australia), Director de Dise\u00f1o Urbano, Ciudad de Melbourne<\/li>\n<li><strong> Sra. Nadia Tromp\u00a0<\/strong>(Sud\u00e1frica), fundadora, Ntsika Architects, Johannesburgo<\/li>\n<li><strong> Sr. Ho\u00e0ng Th\u00fac H\u00e0o\u00a0<\/strong>(Vietnam), Vicepresidente de la Asociaci\u00f3n de Arquitectos de Vietnam, Fundador de 1+1&gt;2 Arquitectos, Ganador del Premio UIA Robert Matthew 2023 y del Premio UIA Vassilis Sgoutas 2017 \u2013 Jurado suplente<\/li>\n<li><strong> Sr. Ishtiaque Zahir Titas\u00a0<\/strong>(Bangladesh), Copresidente del Premio UIA 2030, Experto en ODS \u2013 Jurado suplente<\/li>\n<li><strong> Sra. Iman Gawad\u00a0<\/strong>(Egipto), Experta en ODS \u2013 Miembro observadora (sin derecho a voto) del comit\u00e9 t\u00e9cnico<\/li>\n<\/ul>\n<p>&nbsp;<\/p>\n<h4>Calendario<\/h4>\n<hr \/>\n<ul>\n<li><strong> Lanzamiento:\u00a0<\/strong>8 de enero de 2024<\/li>\n<li><strong> Fecha l\u00edmite para preguntas:\u00a0<\/strong>5 de febrero de 2024<\/li>\n<li><strong> Fecha l\u00edmite para la presentaci\u00f3n de inscripciones de la Etapa 1:\u00a0<\/strong>12 de abril de 2024<\/li>\n<li><strong> Fecha l\u00edmite para la presentaci\u00f3n de inscripciones de la Etapa 2:\u00a0<\/strong>23 de agosto de 2024<\/li>\n<li><strong> Anuncio de resultados:\u00a0<\/strong>4 al 8 de noviembre de 2024, durante el Foro Urbano Mundial (FUM12) en El Cairo, Egipto<\/li>\n<\/ul>\n<p>&nbsp;<\/p>\n<h4>T\u00e9rminos de participaci\u00f3n y presentaci\u00f3n<\/h4>\n<hr \/>\n<p>La participaci\u00f3n est\u00e1 abierta a todos los arquitectos del mundo y las presentaciones deben estar escritas en ingl\u00e9s.<\/p>\n<p>Las presentaciones deber\u00e1n enviarse a trav\u00e9s de la\u00a0<a href=\"http:\/\/zvin.mjt.lu\/lnk\/AWUAADNkkOoAAc3CzCIAAQ7UxOsAAUG3dzwAnHYmAAX_PwBlnCtm7xs4qMfRR0279hXxAtTPzwAFvp4\/6\/qQqEjiSroxuM0UZZMgCXmQ\/aHR0cHM6Ly91aWEuYXdhcmRzcGxhdGZvcm0uY29tLw\"><strong>plataforma en l\u00ednea de la UIA<\/strong><\/a>\u00a0.<\/p>\n<p><a href=\"http:\/\/zvin.mjt.lu\/lnk\/AWUAADNkkOoAAc3CzCIAAQ7UxOsAAUG3dzwAnHYmAAX_PwBlnCtm7xs4qMfRR0279hXxAtTPzwAFvp4\/7\/_rCNNMSfxWTJWKIdU1PUpA\/aHR0cHM6Ly93d3cudWlhLWFyY2hpdGVjdGVzLm9yZy93cC1jb250ZW50L3VwbG9hZHMvMjAyNC8wMS8yNDAxMDItVUlBLTIwMzAtMm5kLWN5Y2xlLUF3YXJkLUJyaWVmLnBkZg\"><strong>Para leer el reglamento completo del Premio, haga clic aqu\u00ed.<\/strong><\/a><\/p>\n<p>Si tiene alguna pregunta, comun\u00edquese con la\u00a0<a href=\"mailto:awards@uia-architectes.org\"><strong>Secretar\u00eda de la UIA.<\/strong><\/a><\/p>\n<p>&nbsp;<\/p>\n<p><\/p>","protected":false},"excerpt":{"rendered":"<p>La Uni\u00f3n Internacional de Arquitectos, en colaboraci\u00f3n con\u00a0ONU-H\u00e1bitat\u00a0, ha anunciado el lanzamiento del segundo ciclo del Premio UIA 2030. Este premio bienal promueve el trabajo de los arquitectos que contribuyen al cumplimiento de la Agenda 2030 de las Naciones Unidas &hellip; <a class=\"more-link\" href=\"https:\/\/colegioarquitectos.com\/noticias\/?p=31407\">ver m\u00e1s<\/a><\/p>","protected":false},"author":4,"featured_media":31410,"comment_status":"closed","ping_status":"closed","sticky":false,"template":"","format":"standard","meta":{"footnotes":""},"categories":[11,621],"tags":[56,219,280,750,213,749,214],"class_list":["post-31407","post","type-post","status-publish","format-standard","has-post-thumbnail","hentry","category-concursos","category-internacional","tag-concurso","tag-international-union-of-architects","tag-premio","tag-premio-uia-2030","tag-uia","tag-uia-2030","tag-union-internacional-de-arquitectos"],"yoast_head":"<!-- This site is optimized with the Yoast SEO plugin v24.2 - https:\/\/yoast.com\/wordpress\/plugins\/seo\/ -->\n<title>Premio UIA 2030: Segundo ciclo - COLEGIO DE ARQUITECTOS DE CHILE<\/title>\n<meta name=\"robots\" content=\"index, follow, max-snippet:-1, max-image-preview:large, max-video-preview:-1\" \/>\n<link rel=\"canonical\" href=\"https:\/\/colegioarquitectos.com\/noticias\/?p=31407\" \/>\n<meta property=\"og:locale\" content=\"es_ES\" \/>\n<meta property=\"og:type\" content=\"article\" \/>\n<meta property=\"og:title\" content=\"Premio UIA 2030: Segundo ciclo - COLEGIO DE ARQUITECTOS DE CHILE\" \/>\n<meta property=\"og:description\" content=\"La Uni\u00f3n Internacional de Arquitectos, en colaboraci\u00f3n con\u00a0ONU-H\u00e1bitat\u00a0, ha anunciado el lanzamiento del segundo ciclo del Premio UIA 2030. Este premio bienal promueve el trabajo de los arquitectos que contribuyen al cumplimiento de la Agenda 2030 de las Naciones Unidas &hellip; ver m\u00e1s\" \/>\n<meta property=\"og:url\" content=\"https:\/\/colegioarquitectos.com\/noticias\/?p=31407\" \/>\n<meta property=\"og:site_name\" content=\"COLEGIO DE ARQUITECTOS DE CHILE\" \/>\n<meta property=\"article:publisher\" content=\"https:\/\/facebook.com\/Colegioarq\/\" \/>\n<meta property=\"article:published_time\" content=\"2024-01-18T15:13:50+00:00\" \/>\n<meta property=\"article:modified_time\" content=\"2024-01-18T15:15:55+00:00\" \/>\n<meta property=\"og:image\" content=\"https:\/\/colegioarquitectos.com\/noticias\/wp-content\/uploads\/2024\/01\/PORTADA.png\" \/>\n\t<meta property=\"og:image:width\" content=\"1280\" \/>\n\t<meta property=\"og:image:height\" content=\"720\" \/>\n\t<meta property=\"og:image:type\" content=\"image\/png\" \/>\n<meta name=\"author\" content=\"Colegio de Arquitectos de Chile\" \/>\n<meta name=\"twitter:card\" content=\"summary_large_image\" \/>\n<meta name=\"twitter:creator\" content=\"@colegioarq\" \/>\n<meta name=\"twitter:site\" content=\"@colegioarq\" \/>\n<meta name=\"twitter:label1\" content=\"Escrito por\" \/>\n\t<meta name=\"twitter:data1\" content=\"Colegio de Arquitectos de Chile\" \/>\n\t<meta name=\"twitter:label2\" content=\"Tiempo de lectura\" \/>\n\t<meta name=\"twitter:data2\" content=\"4 minutos\" \/>\n<script type=\"application\/ld+json\" class=\"yoast-schema-graph\">{\"@context\":\"https:\/\/schema.org\",\"@graph\":[{\"@type\":\"Article\",\"@id\":\"https:\/\/colegioarquitectos.com\/noticias\/?p=31407#article\",\"isPartOf\":{\"@id\":\"https:\/\/colegioarquitectos.com\/noticias\/?p=31407\"},\"author\":{\"name\":\"Colegio de Arquitectos de Chile\",\"@id\":\"https:\/\/colegioarquitectos.com\/noticias\/#\/schema\/person\/685cc0aad148303c5608f049af8285ad\"},\"headline\":\"Premio UIA 2030: Segundo ciclo\",\"datePublished\":\"2024-01-18T15:13:50+00:00\",\"dateModified\":\"2024-01-18T15:15:55+00:00\",\"mainEntityOfPage\":{\"@id\":\"https:\/\/colegioarquitectos.com\/noticias\/?p=31407\"},\"wordCount\":830,\"publisher\":{\"@id\":\"https:\/\/colegioarquitectos.com\/noticias\/#organization\"},\"image\":{\"@id\":\"https:\/\/colegioarquitectos.com\/noticias\/?p=31407#primaryimage\"},\"thumbnailUrl\":\"https:\/\/colegioarquitectos.com\/noticias\/wp-content\/uploads\/2024\/01\/PORTADA.png\",\"keywords\":[\"concurso\",\"International Union of Architects\",\"Premio\",\"Premio UIA 2030\",\"UIA\",\"UIA 2030\",\"Uni\u00f3n Internacional de Arquitectos\"],\"articleSection\":[\"Concursos\",\"Internacional\"],\"inLanguage\":\"es\"},{\"@type\":\"WebPage\",\"@id\":\"https:\/\/colegioarquitectos.com\/noticias\/?p=31407\",\"url\":\"https:\/\/colegioarquitectos.com\/noticias\/?p=31407\",\"name\":\"Premio UIA 2030: Segundo ciclo - COLEGIO DE ARQUITECTOS DE CHILE\",\"isPartOf\":{\"@id\":\"https:\/\/colegioarquitectos.com\/noticias\/#website\"},\"primaryImageOfPage\":{\"@id\":\"https:\/\/colegioarquitectos.com\/noticias\/?p=31407#primaryimage\"},\"image\":{\"@id\":\"https:\/\/colegioarquitectos.com\/noticias\/?p=31407#primaryimage\"},\"thumbnailUrl\":\"https:\/\/colegioarquitectos.com\/noticias\/wp-content\/uploads\/2024\/01\/PORTADA.png\",\"datePublished\":\"2024-01-18T15:13:50+00:00\",\"dateModified\":\"2024-01-18T15:15:55+00:00\",\"breadcrumb\":{\"@id\":\"https:\/\/colegioarquitectos.com\/noticias\/?p=31407#breadcrumb\"},\"inLanguage\":\"es\",\"potentialAction\":[{\"@type\":\"ReadAction\",\"target\":[\"https:\/\/colegioarquitectos.com\/noticias\/?p=31407\"]}]},{\"@type\":\"ImageObject\",\"inLanguage\":\"es\",\"@id\":\"https:\/\/colegioarquitectos.com\/noticias\/?p=31407#primaryimage\",\"url\":\"https:\/\/colegioarquitectos.com\/noticias\/wp-content\/uploads\/2024\/01\/PORTADA.png\",\"contentUrl\":\"https:\/\/colegioarquitectos.com\/noticias\/wp-content\/uploads\/2024\/01\/PORTADA.png\",\"width\":1280,\"height\":720},{\"@type\":\"BreadcrumbList\",\"@id\":\"https:\/\/colegioarquitectos.com\/noticias\/?p=31407#breadcrumb\",\"itemListElement\":[{\"@type\":\"ListItem\",\"position\":1,\"name\":\"Portada\",\"item\":\"https:\/\/colegioarquitectos.com\/noticias\"},{\"@type\":\"ListItem\",\"position\":2,\"name\":\"Premio UIA 2030: Segundo ciclo\"}]},{\"@type\":\"WebSite\",\"@id\":\"https:\/\/colegioarquitectos.com\/noticias\/#website\",\"url\":\"https:\/\/colegioarquitectos.com\/noticias\/\",\"name\":\"COLEGIO DE ARQUITECTOS DE CHILE\",\"description\":\"\",\"publisher\":{\"@id\":\"https:\/\/colegioarquitectos.com\/noticias\/#organization\"},\"potentialAction\":[{\"@type\":\"SearchAction\",\"target\":{\"@type\":\"EntryPoint\",\"urlTemplate\":\"https:\/\/colegioarquitectos.com\/noticias\/?s={search_term_string}\"},\"query-input\":{\"@type\":\"PropertyValueSpecification\",\"valueRequired\":true,\"valueName\":\"search_term_string\"}}],\"inLanguage\":\"es\"},{\"@type\":\"Organization\",\"@id\":\"https:\/\/colegioarquitectos.com\/noticias\/#organization\",\"name\":\"COLEGIO DE ARQUITECTOS DE CHILE\",\"url\":\"https:\/\/colegioarquitectos.com\/noticias\/\",\"logo\":{\"@type\":\"ImageObject\",\"inLanguage\":\"es\",\"@id\":\"https:\/\/colegioarquitectos.com\/noticias\/#\/schema\/logo\/image\/\",\"url\":\"https:\/\/colegioarquitectos.com\/noticias\/wp-content\/uploads\/2021\/05\/ENCABEZADO-LOGO-CA.jpg\",\"contentUrl\":\"https:\/\/colegioarquitectos.com\/noticias\/wp-content\/uploads\/2021\/05\/ENCABEZADO-LOGO-CA.jpg\",\"width\":690,\"height\":350,\"caption\":\"COLEGIO DE ARQUITECTOS DE CHILE\"},\"image\":{\"@id\":\"https:\/\/colegioarquitectos.com\/noticias\/#\/schema\/logo\/image\/\"},\"sameAs\":[\"https:\/\/facebook.com\/Colegioarq\/\",\"https:\/\/x.com\/colegioarq\",\"https:\/\/instagram.com\/colegioarq\",\"https:\/\/youtube.com\/@ColegiodeArquitectosdeChile\"]},{\"@type\":\"Person\",\"@id\":\"https:\/\/colegioarquitectos.com\/noticias\/#\/schema\/person\/685cc0aad148303c5608f049af8285ad\",\"name\":\"Colegio de Arquitectos de Chile\",\"url\":\"https:\/\/colegioarquitectos.com\/noticias\/?author=4\"}]}<\/script>\n<!-- \/ Yoast SEO plugin. -->","yoast_head_json":{"title":"Premio UIA 2030: Segundo ciclo - COLEGIO DE ARQUITECTOS DE CHILE","robots":{"index":"index","follow":"follow","max-snippet":"max-snippet:-1","max-image-preview":"max-image-preview:large","max-video-preview":"max-video-preview:-1"},"canonical":"https:\/\/colegioarquitectos.com\/noticias\/?p=31407","og_locale":"es_ES","og_type":"article","og_title":"Premio UIA 2030: Segundo ciclo - COLEGIO DE ARQUITECTOS DE CHILE","og_description":"La Uni\u00f3n Internacional de Arquitectos, en colaboraci\u00f3n con\u00a0ONU-H\u00e1bitat\u00a0, ha anunciado el lanzamiento del segundo ciclo del Premio UIA 2030. Este premio bienal promueve el trabajo de los arquitectos que contribuyen al cumplimiento de la Agenda 2030 de las Naciones Unidas &hellip; ver m\u00e1s","og_url":"https:\/\/colegioarquitectos.com\/noticias\/?p=31407","og_site_name":"COLEGIO DE ARQUITECTOS DE CHILE","article_publisher":"https:\/\/facebook.com\/Colegioarq\/","article_published_time":"2024-01-18T15:13:50+00:00","article_modified_time":"2024-01-18T15:15:55+00:00","og_image":[{"width":1280,"height":720,"url":"https:\/\/colegioarquitectos.com\/noticias\/wp-content\/uploads\/2024\/01\/PORTADA.png","type":"image\/png"}],"author":"Colegio de Arquitectos de Chile","twitter_card":"summary_large_image","twitter_creator":"@colegioarq","twitter_site":"@colegioarq","twitter_misc":{"Escrito por":"Colegio de Arquitectos de Chile","Tiempo de lectura":"4 minutos"},"schema":{"@context":"https:\/\/schema.org","@graph":[{"@type":"Article","@id":"https:\/\/colegioarquitectos.com\/noticias\/?p=31407#article","isPartOf":{"@id":"https:\/\/colegioarquitectos.com\/noticias\/?p=31407"},"author":{"name":"Colegio de Arquitectos de Chile","@id":"https:\/\/colegioarquitectos.com\/noticias\/#\/schema\/person\/685cc0aad148303c5608f049af8285ad"},"headline":"Premio UIA 2030: Segundo ciclo","datePublished":"2024-01-18T15:13:50+00:00","dateModified":"2024-01-18T15:15:55+00:00","mainEntityOfPage":{"@id":"https:\/\/colegioarquitectos.com\/noticias\/?p=31407"},"wordCount":830,"publisher":{"@id":"https:\/\/colegioarquitectos.com\/noticias\/#organization"},"image":{"@id":"https:\/\/colegioarquitectos.com\/noticias\/?p=31407#primaryimage"},"thumbnailUrl":"https:\/\/colegioarquitectos.com\/noticias\/wp-content\/uploads\/2024\/01\/PORTADA.png","keywords":["concurso","International Union of Architects","Premio","Premio UIA 2030","UIA","UIA 2030","Uni\u00f3n Internacional de Arquitectos"],"articleSection":["Concursos","Internacional"],"inLanguage":"es"},{"@type":"WebPage","@id":"https:\/\/colegioarquitectos.com\/noticias\/?p=31407","url":"https:\/\/colegioarquitectos.com\/noticias\/?p=31407","name":"Premio UIA 2030: Segundo ciclo - COLEGIO DE ARQUITECTOS DE CHILE","isPartOf":{"@id":"https:\/\/colegioarquitectos.com\/noticias\/#website"},"primaryImageOfPage":{"@id":"https:\/\/colegioarquitectos.com\/noticias\/?p=31407#primaryimage"},"image":{"@id":"https:\/\/colegioarquitectos.com\/noticias\/?p=31407#primaryimage"},"thumbnailUrl":"https:\/\/colegioarquitectos.com\/noticias\/wp-content\/uploads\/2024\/01\/PORTADA.png","datePublished":"2024-01-18T15:13:50+00:00","dateModified":"2024-01-18T15:15:55+00:00","breadcrumb":{"@id":"https:\/\/colegioarquitectos.com\/noticias\/?p=31407#breadcrumb"},"inLanguage":"es","potentialAction":[{"@type":"ReadAction","target":["https:\/\/colegioarquitectos.com\/noticias\/?p=31407"]}]},{"@type":"ImageObject","inLanguage":"es","@id":"https:\/\/colegioarquitectos.com\/noticias\/?p=31407#primaryimage","url":"https:\/\/colegioarquitectos.com\/noticias\/wp-content\/uploads\/2024\/01\/PORTADA.png","contentUrl":"https:\/\/colegioarquitectos.com\/noticias\/wp-content\/uploads\/2024\/01\/PORTADA.png","width":1280,"height":720},{"@type":"BreadcrumbList","@id":"https:\/\/colegioarquitectos.com\/noticias\/?p=31407#breadcrumb","itemListElement":[{"@type":"ListItem","position":1,"name":"Portada","item":"https:\/\/colegioarquitectos.com\/noticias"},{"@type":"ListItem","position":2,"name":"Premio UIA 2030: Segundo ciclo"}]},{"@type":"WebSite","@id":"https:\/\/colegioarquitectos.com\/noticias\/#website","url":"https:\/\/colegioarquitectos.com\/noticias\/","name":"COLEGIO DE ARQUITECTOS DE CHILE","description":"","publisher":{"@id":"https:\/\/colegioarquitectos.com\/noticias\/#organization"},"potentialAction":[{"@type":"SearchAction","target":{"@type":"EntryPoint","urlTemplate":"https:\/\/colegioarquitectos.com\/noticias\/?s={search_term_string}"},"query-input":{"@type":"PropertyValueSpecification","valueRequired":true,"valueName":"search_term_string"}}],"inLanguage":"es"},{"@type":"Organization","@id":"https:\/\/colegioarquitectos.com\/noticias\/#organization","name":"COLEGIO DE ARQUITECTOS DE CHILE","url":"https:\/\/colegioarquitectos.com\/noticias\/","logo":{"@type":"ImageObject","inLanguage":"es","@id":"https:\/\/colegioarquitectos.com\/noticias\/#\/schema\/logo\/image\/","url":"https:\/\/colegioarquitectos.com\/noticias\/wp-content\/uploads\/2021\/05\/ENCABEZADO-LOGO-CA.jpg","contentUrl":"https:\/\/colegioarquitectos.com\/noticias\/wp-content\/uploads\/2021\/05\/ENCABEZADO-LOGO-CA.jpg","width":690,"height":350,"caption":"COLEGIO DE ARQUITECTOS DE CHILE"},"image":{"@id":"https:\/\/colegioarquitectos.com\/noticias\/#\/schema\/logo\/image\/"},"sameAs":["https:\/\/facebook.com\/Colegioarq\/","https:\/\/x.com\/colegioarq","https:\/\/instagram.com\/colegioarq","https:\/\/youtube.com\/@ColegiodeArquitectosdeChile"]},{"@type":"Person","@id":"https:\/\/colegioarquitectos.com\/noticias\/#\/schema\/person\/685cc0aad148303c5608f049af8285ad","name":"Colegio de Arquitectos de Chile","url":"https:\/\/colegioarquitectos.com\/noticias\/?author=4"}]}},"_links":{"self":[{"href":"https:\/\/colegioarquitectos.com\/noticias\/index.php?rest_route=\/wp\/v2\/posts\/31407","targetHints":{"allow":["GET"]}}],"collection":[{"href":"https:\/\/colegioarquitectos.com\/noticias\/index.php?rest_route=\/wp\/v2\/posts"}],"about":[{"href":"https:\/\/colegioarquitectos.com\/noticias\/index.php?rest_route=\/wp\/v2\/types\/post"}],"author":[{"embeddable":true,"href":"https:\/\/colegioarquitectos.com\/noticias\/index.php?rest_route=\/wp\/v2\/users\/4"}],"replies":[{"embeddable":true,"href":"https:\/\/colegioarquitectos.com\/noticias\/index.php?rest_route=%2Fwp%2Fv2%2Fcomments&post=31407"}],"version-history":[{"count":0,"href":"https:\/\/colegioarquitectos.com\/noticias\/index.php?rest_route=\/wp\/v2\/posts\/31407\/revisions"}],"wp:featuredmedia":[{"embeddable":true,"href":"https:\/\/colegioarquitectos.com\/noticias\/index.php?rest_route=\/wp\/v2\/media\/31410"}],"wp:attachment":[{"href":"https:\/\/colegioarquitectos.com\/noticias\/index.php?rest_route=%2Fwp%2Fv2%2Fmedia&parent=31407"}],"wp:term":[{"taxonomy":"category","embeddable":true,"href":"https:\/\/colegioarquitectos.com\/noticias\/index.php?rest_route=%2Fwp%2Fv2%2Fcategories&post=31407"},{"taxonomy":"post_tag","embeddable":true,"href":"https:\/\/colegioarquitectos.com\/noticias\/index.php?rest_route=%2Fwp%2Fv2%2Ftags&post=31407"}],"curies":[{"name":"wp","href":"https:\/\/api.w.org\/{rel}","templated":true}]}}