
{"id":31439,"date":"2024-01-25T11:37:05","date_gmt":"2024-01-25T15:37:05","guid":{"rendered":"https:\/\/colegioarquitectos.com\/?p=31439"},"modified":"2024-01-25T11:37:05","modified_gmt":"2024-01-25T15:37:05","slug":"cartas-carta-de-la-presidenta-beatriz-buccicardi-a-alberto-van-klaveren-ministro-de-relaciones-exteriores-a-raiz-de-la-proxima-realizacion-de-la-exposicion-universal-de-osaka","status":"publish","type":"post","link":"https:\/\/colegioarquitectos.com\/noticias\/?p=31439","title":{"rendered":"[Cartas] Carta de la presidenta Beatriz Buccicardi a Alberto van Klaveren, ministro de Relaciones Exteriores, a ra\u00edz de la pr\u00f3xima realizaci\u00f3n de la Exposici\u00f3n Universal de Osaka"},"content":{"rendered":"<p style=\"text-align: right;\">Santiago de Chile, 22 de enero de 2024<\/p>\n<p>&nbsp;<\/p>\n<p>Se\u00f1or<\/p>\n<p><strong>Alberto van Klaveren Stork<\/strong><\/p>\n<p>Ministro de Relaciones Exteriores<\/p>\n<p>&nbsp;<\/p>\n<p><strong><u>P R E S E N T E<\/u><\/strong><\/p>\n<p>&nbsp;<\/p>\n<p>Estimado Canciller:<\/p>\n<p>A prop\u00f3sito de la pr\u00f3xima realizaci\u00f3n de la Exposici\u00f3n Universal de Osaka, Jap\u00f3n, como Colegio de Arquitectos nos ponemos a su total disposici\u00f3n para colaborar en la realizaci\u00f3n de un concurso p\u00fablico de arquitectura.<\/p>\n<p>Nuestro pa\u00eds tiene diversos materiales nobles, sostenibles y ligados profundamente al alma nacional, que podr\u00edan servir de puntos de partida para un dise\u00f1o adecuado y pertinente para el pabell\u00f3n de Chile.<\/p>\n<p>En esa l\u00ednea, quedamos atentos a la reuni\u00f3n informativa respecto de la participaci\u00f3n de Chile en Osaka 2025 citada por ProChile, en que se nos har\u00e1 una presentaci\u00f3n del estado de situaci\u00f3n y los pasos futuros.<\/p>\n<p>Fraternalmente,<\/p>\n<p>&nbsp;<\/p>\n<p>&nbsp;<\/p>\n<p>&nbsp;<\/p>\n<p><strong>Beatriz Buccicardi Kretschmer<\/strong><\/p>\n<p><strong>Presidenta nacional<\/strong><\/p>\n<p><strong>Colegio Arquitectos de Chile A.G.<\/strong><\/p>\n<p>&nbsp;<\/p>\n<p><\/p>","protected":false},"excerpt":{"rendered":"<p>Santiago de Chile, 22 de enero de 2024 &nbsp; Se\u00f1or Alberto van Klaveren Stork Ministro de Relaciones Exteriores &nbsp; P R E S E N T E &nbsp; Estimado Canciller: A prop\u00f3sito de la pr\u00f3xima realizaci\u00f3n de la Exposici\u00f3n Universal &hellip; <a class=\"more-link\" href=\"https:\/\/colegioarquitectos.com\/noticias\/?p=31439\">ver m\u00e1s<\/a><\/p>","protected":false},"author":4,"featured_media":31440,"comment_status":"closed","ping_status":"closed","sticky":false,"template":"","format":"standard","meta":{"footnotes":""},"categories":[15,8],"tags":[759,157,758,760,757],"class_list":["post-31439","post","type-post","status-publish","format-standard","has-post-thumbnail","hentry","category-cartas","category-colegio-de-arquitectos","tag-alberto-van-klaveren","tag-carta","tag-cartas","tag-ministro-de-relaciones-exteriores","tag-osaka-2025"],"yoast_head":"<!-- This site is optimized with the Yoast SEO plugin v24.2 - https:\/\/yoast.com\/wordpress\/plugins\/seo\/ -->\n<title>[Cartas] Carta de la presidenta Beatriz Buccicardi a Alberto van Klaveren, ministro de Relaciones Exteriores, a ra\u00edz de la pr\u00f3xima realizaci\u00f3n de la Exposici\u00f3n Universal de Osaka - COLEGIO DE ARQUITECTOS DE CHILE<\/title>\n<meta name=\"robots\" content=\"index, follow, max-snippet:-1, max-image-preview:large, max-video-preview:-1\" \/>\n<link rel=\"canonical\" href=\"https:\/\/colegioarquitectos.com\/noticias\/?p=31439\" \/>\n<meta property=\"og:locale\" content=\"es_ES\" \/>\n<meta property=\"og:type\" content=\"article\" \/>\n<meta property=\"og:title\" content=\"[Cartas] Carta de la presidenta Beatriz Buccicardi a Alberto van Klaveren, ministro de Relaciones Exteriores, a ra\u00edz de la pr\u00f3xima realizaci\u00f3n de la Exposici\u00f3n Universal de Osaka - COLEGIO DE ARQUITECTOS DE CHILE\" \/>\n<meta property=\"og:description\" content=\"Santiago de Chile, 22 de enero de 2024 &nbsp; Se\u00f1or Alberto van Klaveren Stork Ministro de Relaciones Exteriores &nbsp; P R E S E N T E &nbsp; Estimado Canciller: A prop\u00f3sito de la pr\u00f3xima realizaci\u00f3n de la Exposici\u00f3n Universal &hellip; ver m\u00e1s\" \/>\n<meta property=\"og:url\" content=\"https:\/\/colegioarquitectos.com\/noticias\/?p=31439\" \/>\n<meta property=\"og:site_name\" content=\"COLEGIO DE ARQUITECTOS DE CHILE\" \/>\n<meta property=\"article:publisher\" content=\"https:\/\/facebook.com\/Colegioarq\/\" \/>\n<meta property=\"article:published_time\" content=\"2024-01-25T15:37:05+00:00\" \/>\n<meta property=\"og:image\" content=\"https:\/\/colegioarquitectos.com\/noticias\/wp-content\/uploads\/2024\/01\/Nuevo-proyecto-1-1.jpg\" \/>\n\t<meta property=\"og:image:width\" content=\"1280\" \/>\n\t<meta property=\"og:image:height\" content=\"720\" \/>\n\t<meta property=\"og:image:type\" content=\"image\/jpeg\" \/>\n<meta name=\"author\" content=\"Colegio de Arquitectos de Chile\" \/>\n<meta name=\"twitter:card\" content=\"summary_large_image\" \/>\n<meta name=\"twitter:creator\" content=\"@colegioarq\" \/>\n<meta name=\"twitter:site\" content=\"@colegioarq\" \/>\n<meta name=\"twitter:label1\" content=\"Escrito por\" \/>\n\t<meta name=\"twitter:data1\" content=\"Colegio de Arquitectos de Chile\" \/>\n\t<meta name=\"twitter:label2\" content=\"Tiempo de lectura\" \/>\n\t<meta name=\"twitter:data2\" content=\"1 minuto\" \/>\n<script type=\"application\/ld+json\" class=\"yoast-schema-graph\">{\"@context\":\"https:\/\/schema.org\",\"@graph\":[{\"@type\":\"Article\",\"@id\":\"https:\/\/colegioarquitectos.com\/noticias\/?p=31439#article\",\"isPartOf\":{\"@id\":\"https:\/\/colegioarquitectos.com\/noticias\/?p=31439\"},\"author\":{\"name\":\"Colegio de Arquitectos de Chile\",\"@id\":\"https:\/\/colegioarquitectos.com\/noticias\/#\/schema\/person\/685cc0aad148303c5608f049af8285ad\"},\"headline\":\"[Cartas] Carta de la presidenta Beatriz Buccicardi a Alberto van Klaveren, ministro de Relaciones Exteriores, a ra\u00edz de la pr\u00f3xima realizaci\u00f3n de la Exposici\u00f3n Universal de Osaka\",\"datePublished\":\"2024-01-25T15:37:05+00:00\",\"dateModified\":\"2024-01-25T15:37:05+00:00\",\"mainEntityOfPage\":{\"@id\":\"https:\/\/colegioarquitectos.com\/noticias\/?p=31439\"},\"wordCount\":193,\"publisher\":{\"@id\":\"https:\/\/colegioarquitectos.com\/noticias\/#organization\"},\"image\":{\"@id\":\"https:\/\/colegioarquitectos.com\/noticias\/?p=31439#primaryimage\"},\"thumbnailUrl\":\"https:\/\/colegioarquitectos.com\/noticias\/wp-content\/uploads\/2024\/01\/Nuevo-proyecto-1-1.jpg\",\"keywords\":[\"Alberto van Klaveren\",\"Carta\",\"Cartas\",\"ministro de Relaciones Exteriores\",\"Osaka 2025\"],\"articleSection\":[\"Cartas\",\"Colegio\"],\"inLanguage\":\"es\"},{\"@type\":\"WebPage\",\"@id\":\"https:\/\/colegioarquitectos.com\/noticias\/?p=31439\",\"url\":\"https:\/\/colegioarquitectos.com\/noticias\/?p=31439\",\"name\":\"[Cartas] Carta de la presidenta Beatriz Buccicardi a Alberto van Klaveren, ministro de Relaciones Exteriores, a ra\u00edz de la pr\u00f3xima realizaci\u00f3n de la Exposici\u00f3n Universal de Osaka - COLEGIO DE ARQUITECTOS DE CHILE\",\"isPartOf\":{\"@id\":\"https:\/\/colegioarquitectos.com\/noticias\/#website\"},\"primaryImageOfPage\":{\"@id\":\"https:\/\/colegioarquitectos.com\/noticias\/?p=31439#primaryimage\"},\"image\":{\"@id\":\"https:\/\/colegioarquitectos.com\/noticias\/?p=31439#primaryimage\"},\"thumbnailUrl\":\"https:\/\/colegioarquitectos.com\/noticias\/wp-content\/uploads\/2024\/01\/Nuevo-proyecto-1-1.jpg\",\"datePublished\":\"2024-01-25T15:37:05+00:00\",\"dateModified\":\"2024-01-25T15:37:05+00:00\",\"breadcrumb\":{\"@id\":\"https:\/\/colegioarquitectos.com\/noticias\/?p=31439#breadcrumb\"},\"inLanguage\":\"es\",\"potentialAction\":[{\"@type\":\"ReadAction\",\"target\":[\"https:\/\/colegioarquitectos.com\/noticias\/?p=31439\"]}]},{\"@type\":\"ImageObject\",\"inLanguage\":\"es\",\"@id\":\"https:\/\/colegioarquitectos.com\/noticias\/?p=31439#primaryimage\",\"url\":\"https:\/\/colegioarquitectos.com\/noticias\/wp-content\/uploads\/2024\/01\/Nuevo-proyecto-1-1.jpg\",\"contentUrl\":\"https:\/\/colegioarquitectos.com\/noticias\/wp-content\/uploads\/2024\/01\/Nuevo-proyecto-1-1.jpg\",\"width\":1280,\"height\":720},{\"@type\":\"BreadcrumbList\",\"@id\":\"https:\/\/colegioarquitectos.com\/noticias\/?p=31439#breadcrumb\",\"itemListElement\":[{\"@type\":\"ListItem\",\"position\":1,\"name\":\"Portada\",\"item\":\"https:\/\/colegioarquitectos.com\/noticias\"},{\"@type\":\"ListItem\",\"position\":2,\"name\":\"[Cartas] Carta de la presidenta Beatriz Buccicardi a Alberto van Klaveren, ministro de Relaciones Exteriores, a ra\u00edz de la pr\u00f3xima realizaci\u00f3n de la Exposici\u00f3n Universal de Osaka\"}]},{\"@type\":\"WebSite\",\"@id\":\"https:\/\/colegioarquitectos.com\/noticias\/#website\",\"url\":\"https:\/\/colegioarquitectos.com\/noticias\/\",\"name\":\"COLEGIO DE ARQUITECTOS DE CHILE\",\"description\":\"\",\"publisher\":{\"@id\":\"https:\/\/colegioarquitectos.com\/noticias\/#organization\"},\"potentialAction\":[{\"@type\":\"SearchAction\",\"target\":{\"@type\":\"EntryPoint\",\"urlTemplate\":\"https:\/\/colegioarquitectos.com\/noticias\/?s={search_term_string}\"},\"query-input\":{\"@type\":\"PropertyValueSpecification\",\"valueRequired\":true,\"valueName\":\"search_term_string\"}}],\"inLanguage\":\"es\"},{\"@type\":\"Organization\",\"@id\":\"https:\/\/colegioarquitectos.com\/noticias\/#organization\",\"name\":\"COLEGIO DE ARQUITECTOS DE CHILE\",\"url\":\"https:\/\/colegioarquitectos.com\/noticias\/\",\"logo\":{\"@type\":\"ImageObject\",\"inLanguage\":\"es\",\"@id\":\"https:\/\/colegioarquitectos.com\/noticias\/#\/schema\/logo\/image\/\",\"url\":\"https:\/\/colegioarquitectos.com\/noticias\/wp-content\/uploads\/2021\/05\/ENCABEZADO-LOGO-CA.jpg\",\"contentUrl\":\"https:\/\/colegioarquitectos.com\/noticias\/wp-content\/uploads\/2021\/05\/ENCABEZADO-LOGO-CA.jpg\",\"width\":690,\"height\":350,\"caption\":\"COLEGIO DE ARQUITECTOS DE CHILE\"},\"image\":{\"@id\":\"https:\/\/colegioarquitectos.com\/noticias\/#\/schema\/logo\/image\/\"},\"sameAs\":[\"https:\/\/facebook.com\/Colegioarq\/\",\"https:\/\/x.com\/colegioarq\",\"https:\/\/instagram.com\/colegioarq\",\"https:\/\/youtube.com\/@ColegiodeArquitectosdeChile\"]},{\"@type\":\"Person\",\"@id\":\"https:\/\/colegioarquitectos.com\/noticias\/#\/schema\/person\/685cc0aad148303c5608f049af8285ad\",\"name\":\"Colegio de Arquitectos de Chile\",\"url\":\"https:\/\/colegioarquitectos.com\/noticias\/?author=4\"}]}<\/script>\n<!-- \/ Yoast SEO plugin. -->","yoast_head_json":{"title":"[Cartas] Carta de la presidenta Beatriz Buccicardi a Alberto van Klaveren, ministro de Relaciones Exteriores, a ra\u00edz de la pr\u00f3xima realizaci\u00f3n de la Exposici\u00f3n Universal de Osaka - COLEGIO DE ARQUITECTOS DE CHILE","robots":{"index":"index","follow":"follow","max-snippet":"max-snippet:-1","max-image-preview":"max-image-preview:large","max-video-preview":"max-video-preview:-1"},"canonical":"https:\/\/colegioarquitectos.com\/noticias\/?p=31439","og_locale":"es_ES","og_type":"article","og_title":"[Cartas] Carta de la presidenta Beatriz Buccicardi a Alberto van Klaveren, ministro de Relaciones Exteriores, a ra\u00edz de la pr\u00f3xima realizaci\u00f3n de la Exposici\u00f3n Universal de Osaka - COLEGIO DE ARQUITECTOS DE CHILE","og_description":"Santiago de Chile, 22 de enero de 2024 &nbsp; Se\u00f1or Alberto van Klaveren Stork Ministro de Relaciones Exteriores &nbsp; P R E S E N T E &nbsp; Estimado Canciller: A prop\u00f3sito de la pr\u00f3xima realizaci\u00f3n de la Exposici\u00f3n Universal &hellip; ver m\u00e1s","og_url":"https:\/\/colegioarquitectos.com\/noticias\/?p=31439","og_site_name":"COLEGIO DE ARQUITECTOS DE CHILE","article_publisher":"https:\/\/facebook.com\/Colegioarq\/","article_published_time":"2024-01-25T15:37:05+00:00","og_image":[{"width":1280,"height":720,"url":"https:\/\/colegioarquitectos.com\/noticias\/wp-content\/uploads\/2024\/01\/Nuevo-proyecto-1-1.jpg","type":"image\/jpeg"}],"author":"Colegio de Arquitectos de Chile","twitter_card":"summary_large_image","twitter_creator":"@colegioarq","twitter_site":"@colegioarq","twitter_misc":{"Escrito por":"Colegio de Arquitectos de Chile","Tiempo de lectura":"1 minuto"},"schema":{"@context":"https:\/\/schema.org","@graph":[{"@type":"Article","@id":"https:\/\/colegioarquitectos.com\/noticias\/?p=31439#article","isPartOf":{"@id":"https:\/\/colegioarquitectos.com\/noticias\/?p=31439"},"author":{"name":"Colegio de Arquitectos de Chile","@id":"https:\/\/colegioarquitectos.com\/noticias\/#\/schema\/person\/685cc0aad148303c5608f049af8285ad"},"headline":"[Cartas] Carta de la presidenta Beatriz Buccicardi a Alberto van Klaveren, ministro de Relaciones Exteriores, a ra\u00edz de la pr\u00f3xima realizaci\u00f3n de la Exposici\u00f3n Universal de Osaka","datePublished":"2024-01-25T15:37:05+00:00","dateModified":"2024-01-25T15:37:05+00:00","mainEntityOfPage":{"@id":"https:\/\/colegioarquitectos.com\/noticias\/?p=31439"},"wordCount":193,"publisher":{"@id":"https:\/\/colegioarquitectos.com\/noticias\/#organization"},"image":{"@id":"https:\/\/colegioarquitectos.com\/noticias\/?p=31439#primaryimage"},"thumbnailUrl":"https:\/\/colegioarquitectos.com\/noticias\/wp-content\/uploads\/2024\/01\/Nuevo-proyecto-1-1.jpg","keywords":["Alberto van Klaveren","Carta","Cartas","ministro de Relaciones Exteriores","Osaka 2025"],"articleSection":["Cartas","Colegio"],"inLanguage":"es"},{"@type":"WebPage","@id":"https:\/\/colegioarquitectos.com\/noticias\/?p=31439","url":"https:\/\/colegioarquitectos.com\/noticias\/?p=31439","name":"[Cartas] Carta de la presidenta Beatriz Buccicardi a Alberto van Klaveren, ministro de Relaciones Exteriores, a ra\u00edz de la pr\u00f3xima realizaci\u00f3n de la Exposici\u00f3n Universal de Osaka - COLEGIO DE ARQUITECTOS DE CHILE","isPartOf":{"@id":"https:\/\/colegioarquitectos.com\/noticias\/#website"},"primaryImageOfPage":{"@id":"https:\/\/colegioarquitectos.com\/noticias\/?p=31439#primaryimage"},"image":{"@id":"https:\/\/colegioarquitectos.com\/noticias\/?p=31439#primaryimage"},"thumbnailUrl":"https:\/\/colegioarquitectos.com\/noticias\/wp-content\/uploads\/2024\/01\/Nuevo-proyecto-1-1.jpg","datePublished":"2024-01-25T15:37:05+00:00","dateModified":"2024-01-25T15:37:05+00:00","breadcrumb":{"@id":"https:\/\/colegioarquitectos.com\/noticias\/?p=31439#breadcrumb"},"inLanguage":"es","potentialAction":[{"@type":"ReadAction","target":["https:\/\/colegioarquitectos.com\/noticias\/?p=31439"]}]},{"@type":"ImageObject","inLanguage":"es","@id":"https:\/\/colegioarquitectos.com\/noticias\/?p=31439#primaryimage","url":"https:\/\/colegioarquitectos.com\/noticias\/wp-content\/uploads\/2024\/01\/Nuevo-proyecto-1-1.jpg","contentUrl":"https:\/\/colegioarquitectos.com\/noticias\/wp-content\/uploads\/2024\/01\/Nuevo-proyecto-1-1.jpg","width":1280,"height":720},{"@type":"BreadcrumbList","@id":"https:\/\/colegioarquitectos.com\/noticias\/?p=31439#breadcrumb","itemListElement":[{"@type":"ListItem","position":1,"name":"Portada","item":"https:\/\/colegioarquitectos.com\/noticias"},{"@type":"ListItem","position":2,"name":"[Cartas] Carta de la presidenta Beatriz Buccicardi a Alberto van Klaveren, ministro de Relaciones Exteriores, a ra\u00edz de la pr\u00f3xima realizaci\u00f3n de la Exposici\u00f3n Universal de Osaka"}]},{"@type":"WebSite","@id":"https:\/\/colegioarquitectos.com\/noticias\/#website","url":"https:\/\/colegioarquitectos.com\/noticias\/","name":"COLEGIO DE ARQUITECTOS DE CHILE","description":"","publisher":{"@id":"https:\/\/colegioarquitectos.com\/noticias\/#organization"},"potentialAction":[{"@type":"SearchAction","target":{"@type":"EntryPoint","urlTemplate":"https:\/\/colegioarquitectos.com\/noticias\/?s={search_term_string}"},"query-input":{"@type":"PropertyValueSpecification","valueRequired":true,"valueName":"search_term_string"}}],"inLanguage":"es"},{"@type":"Organization","@id":"https:\/\/colegioarquitectos.com\/noticias\/#organization","name":"COLEGIO DE ARQUITECTOS DE CHILE","url":"https:\/\/colegioarquitectos.com\/noticias\/","logo":{"@type":"ImageObject","inLanguage":"es","@id":"https:\/\/colegioarquitectos.com\/noticias\/#\/schema\/logo\/image\/","url":"https:\/\/colegioarquitectos.com\/noticias\/wp-content\/uploads\/2021\/05\/ENCABEZADO-LOGO-CA.jpg","contentUrl":"https:\/\/colegioarquitectos.com\/noticias\/wp-content\/uploads\/2021\/05\/ENCABEZADO-LOGO-CA.jpg","width":690,"height":350,"caption":"COLEGIO DE ARQUITECTOS DE CHILE"},"image":{"@id":"https:\/\/colegioarquitectos.com\/noticias\/#\/schema\/logo\/image\/"},"sameAs":["https:\/\/facebook.com\/Colegioarq\/","https:\/\/x.com\/colegioarq","https:\/\/instagram.com\/colegioarq","https:\/\/youtube.com\/@ColegiodeArquitectosdeChile"]},{"@type":"Person","@id":"https:\/\/colegioarquitectos.com\/noticias\/#\/schema\/person\/685cc0aad148303c5608f049af8285ad","name":"Colegio de Arquitectos de Chile","url":"https:\/\/colegioarquitectos.com\/noticias\/?author=4"}]}},"_links":{"self":[{"href":"https:\/\/colegioarquitectos.com\/noticias\/index.php?rest_route=\/wp\/v2\/posts\/31439","targetHints":{"allow":["GET"]}}],"collection":[{"href":"https:\/\/colegioarquitectos.com\/noticias\/index.php?rest_route=\/wp\/v2\/posts"}],"about":[{"href":"https:\/\/colegioarquitectos.com\/noticias\/index.php?rest_route=\/wp\/v2\/types\/post"}],"author":[{"embeddable":true,"href":"https:\/\/colegioarquitectos.com\/noticias\/index.php?rest_route=\/wp\/v2\/users\/4"}],"replies":[{"embeddable":true,"href":"https:\/\/colegioarquitectos.com\/noticias\/index.php?rest_route=%2Fwp%2Fv2%2Fcomments&post=31439"}],"version-history":[{"count":0,"href":"https:\/\/colegioarquitectos.com\/noticias\/index.php?rest_route=\/wp\/v2\/posts\/31439\/revisions"}],"wp:featuredmedia":[{"embeddable":true,"href":"https:\/\/colegioarquitectos.com\/noticias\/index.php?rest_route=\/wp\/v2\/media\/31440"}],"wp:attachment":[{"href":"https:\/\/colegioarquitectos.com\/noticias\/index.php?rest_route=%2Fwp%2Fv2%2Fmedia&parent=31439"}],"wp:term":[{"taxonomy":"category","embeddable":true,"href":"https:\/\/colegioarquitectos.com\/noticias\/index.php?rest_route=%2Fwp%2Fv2%2Fcategories&post=31439"},{"taxonomy":"post_tag","embeddable":true,"href":"https:\/\/colegioarquitectos.com\/noticias\/index.php?rest_route=%2Fwp%2Fv2%2Ftags&post=31439"}],"curies":[{"name":"wp","href":"https:\/\/api.w.org\/{rel}","templated":true}]}}