
{"id":31478,"date":"2024-03-04T08:45:13","date_gmt":"2024-03-04T12:45:13","guid":{"rendered":"https:\/\/colegioarquitectos.com\/?p=31478"},"modified":"2024-03-04T08:45:13","modified_gmt":"2024-03-04T12:45:13","slug":"subrei-y-prochile-firman-declaracion-con-gremios-de-arquitectos-para-apoyar-la-participacion-de-chile-en-expo-osaka-2025","status":"publish","type":"post","link":"https:\/\/colegioarquitectos.com\/noticias\/?p=31478","title":{"rendered":"SUBREI y ProChile firman declaraci\u00f3n con gremios de arquitectos para apoyar la participaci\u00f3n de Chile en Expo Osaka 2025"},"content":{"rendered":"<p>La <strong>Subsecretar\u00eda de Relaciones Econ\u00f3micas Internacionales (SUBREI)<\/strong> y<strong> ProChile<\/strong> <strong>firmaron una declaraci\u00f3n de trabajo conjunto con el Colegio de Arquitectos de Chile y la Asociaci\u00f3n de Oficinas de Arquitectos (AOA)<\/strong> en el marco de la participaci\u00f3n de Chile en la <strong>Exposici\u00f3n Universal de Osaka 2025<\/strong>, que se desarrollar\u00e1 en esta ciudad japonesa entre el <strong>13 de abril y el 13 de octubre de 2025<\/strong>, inspirada en el lema <strong>\u00abDise\u00f1ando la sociedad del futuro para nuestras vidas\u00bb<\/strong>.<\/p>\n<p>Esta colaboraci\u00f3n se materializa en la <strong>organizaci\u00f3n del Concurso P\u00fablico de propuesta de relato expositivo e idea conceptual de arquitectura para el Pabell\u00f3n de Chile, a trav\u00e9s de la preparaci\u00f3n de los aspectos t\u00e9cnicos del proceso, el llamado a Concurso y su difusi\u00f3n e integraci\u00f3n de la comisi\u00f3n evaluadora en su calidad de expertos.<\/strong><\/p>\n<p>El concurso p\u00fablico busca recibir propuestas de ideas fuerza para <strong>construir el relato, as\u00ed como una propuesta de idea conceptual de arquitectura para el interior y la fachada del pabell\u00f3n, que luego deber\u00e1 desarrollar la persona o entidad ganadora, con el objeto de dar vida al pabell\u00f3n de 300 metros cuadrados que Chile tendr\u00e1 en Expo Osaka 2025<\/strong> en la zona concepto <strong>\u00abSalvando Vidas\u00bb<\/strong>.<\/p>\n<p>La participaci\u00f3n de Chile en Osaka (que se desarrollar\u00e1 bajo el concepto \u00abSalvando Vidas\u00bb), <strong>es liderada por el Ministerio de Relaciones Exteriores, a trav\u00e9s de SUBREI y ProChile.<\/strong><\/p>\n<p>&nbsp;<\/p>\n<p><\/p>","protected":false},"excerpt":{"rendered":"<p>La Subsecretar\u00eda de Relaciones Econ\u00f3micas Internacionales (SUBREI) y ProChile firmaron una declaraci\u00f3n de trabajo conjunto con el Colegio de Arquitectos de Chile y la Asociaci\u00f3n de Oficinas de Arquitectos (AOA) en el marco de la participaci\u00f3n de Chile en la &hellip; <a class=\"more-link\" href=\"https:\/\/colegioarquitectos.com\/noticias\/?p=31478\">ver m\u00e1s<\/a><\/p>","protected":false},"author":4,"featured_media":31479,"comment_status":"closed","ping_status":"closed","sticky":false,"template":"","format":"standard","meta":{"footnotes":""},"categories":[8,11],"tags":[56,326,764,776,763,757,236],"class_list":["post-31478","post","type-post","status-publish","format-standard","has-post-thumbnail","hentry","category-colegio-de-arquitectos","category-concursos","tag-concurso","tag-concurso-de-arquitectura","tag-concurso-publico","tag-exposicion-universal-de-osaka-2025","tag-osaka","tag-osaka-2025","tag-pabellon-de-chile"],"yoast_head":"<!-- This site is optimized with the Yoast SEO plugin v24.2 - https:\/\/yoast.com\/wordpress\/plugins\/seo\/ -->\n<title>SUBREI y ProChile firman declaraci\u00f3n con gremios de arquitectos para apoyar la participaci\u00f3n de Chile en Expo Osaka 2025 - COLEGIO DE ARQUITECTOS DE CHILE<\/title>\n<meta name=\"robots\" content=\"index, follow, max-snippet:-1, max-image-preview:large, max-video-preview:-1\" \/>\n<link rel=\"canonical\" href=\"https:\/\/colegioarquitectos.com\/noticias\/?p=31478\" \/>\n<meta property=\"og:locale\" content=\"es_ES\" \/>\n<meta property=\"og:type\" content=\"article\" \/>\n<meta property=\"og:title\" content=\"SUBREI y ProChile firman declaraci\u00f3n con gremios de arquitectos para apoyar la participaci\u00f3n de Chile en Expo Osaka 2025 - COLEGIO DE ARQUITECTOS DE CHILE\" \/>\n<meta property=\"og:description\" content=\"La Subsecretar\u00eda de Relaciones Econ\u00f3micas Internacionales (SUBREI) y ProChile firmaron una declaraci\u00f3n de trabajo conjunto con el Colegio de Arquitectos de Chile y la Asociaci\u00f3n de Oficinas de Arquitectos (AOA) en el marco de la participaci\u00f3n de Chile en la &hellip; ver m\u00e1s\" \/>\n<meta property=\"og:url\" content=\"https:\/\/colegioarquitectos.com\/noticias\/?p=31478\" \/>\n<meta property=\"og:site_name\" content=\"COLEGIO DE ARQUITECTOS DE CHILE\" \/>\n<meta property=\"article:publisher\" content=\"https:\/\/facebook.com\/Colegioarq\/\" \/>\n<meta property=\"article:published_time\" content=\"2024-03-04T12:45:13+00:00\" \/>\n<meta property=\"og:image\" content=\"https:\/\/colegioarquitectos.com\/noticias\/wp-content\/uploads\/2024\/03\/Firma-convenio-entre-gremios-de-arquitectos-ProChile-y-Subrei-por-pabell\u00f3n-de-Chile-en-Expo-Osaka-2025.jpg\" \/>\n\t<meta property=\"og:image:width\" content=\"1012\" \/>\n\t<meta property=\"og:image:height\" content=\"537\" \/>\n\t<meta property=\"og:image:type\" content=\"image\/jpeg\" \/>\n<meta name=\"author\" content=\"Colegio de Arquitectos de Chile\" \/>\n<meta name=\"twitter:card\" content=\"summary_large_image\" \/>\n<meta name=\"twitter:creator\" content=\"@colegioarq\" \/>\n<meta name=\"twitter:site\" content=\"@colegioarq\" \/>\n<meta name=\"twitter:label1\" content=\"Escrito por\" \/>\n\t<meta name=\"twitter:data1\" content=\"Colegio de Arquitectos de Chile\" \/>\n\t<meta name=\"twitter:label2\" content=\"Tiempo de lectura\" \/>\n\t<meta name=\"twitter:data2\" content=\"1 minuto\" \/>\n<script type=\"application\/ld+json\" class=\"yoast-schema-graph\">{\"@context\":\"https:\/\/schema.org\",\"@graph\":[{\"@type\":\"Article\",\"@id\":\"https:\/\/colegioarquitectos.com\/noticias\/?p=31478#article\",\"isPartOf\":{\"@id\":\"https:\/\/colegioarquitectos.com\/noticias\/?p=31478\"},\"author\":{\"name\":\"Colegio de Arquitectos de Chile\",\"@id\":\"https:\/\/colegioarquitectos.com\/noticias\/#\/schema\/person\/685cc0aad148303c5608f049af8285ad\"},\"headline\":\"SUBREI y ProChile firman declaraci\u00f3n con gremios de arquitectos para apoyar la participaci\u00f3n de Chile en Expo Osaka 2025\",\"datePublished\":\"2024-03-04T12:45:13+00:00\",\"dateModified\":\"2024-03-04T12:45:13+00:00\",\"mainEntityOfPage\":{\"@id\":\"https:\/\/colegioarquitectos.com\/noticias\/?p=31478\"},\"wordCount\":259,\"publisher\":{\"@id\":\"https:\/\/colegioarquitectos.com\/noticias\/#organization\"},\"image\":{\"@id\":\"https:\/\/colegioarquitectos.com\/noticias\/?p=31478#primaryimage\"},\"thumbnailUrl\":\"https:\/\/colegioarquitectos.com\/noticias\/wp-content\/uploads\/2024\/03\/Firma-convenio-entre-gremios-de-arquitectos-ProChile-y-Subrei-por-pabell\u00f3n-de-Chile-en-Expo-Osaka-2025.jpg\",\"keywords\":[\"concurso\",\"Concurso de arquitectura\",\"Concurso p\u00fablico\",\"Exposici\u00f3n Universal de Osaka 2025\",\"Osaka\",\"Osaka 2025\",\"Pabell\u00f3n de Chile\"],\"articleSection\":[\"Colegio\",\"Concursos\"],\"inLanguage\":\"es\"},{\"@type\":\"WebPage\",\"@id\":\"https:\/\/colegioarquitectos.com\/noticias\/?p=31478\",\"url\":\"https:\/\/colegioarquitectos.com\/noticias\/?p=31478\",\"name\":\"SUBREI y ProChile firman declaraci\u00f3n con gremios de arquitectos para apoyar la participaci\u00f3n de Chile en Expo Osaka 2025 - COLEGIO DE ARQUITECTOS DE CHILE\",\"isPartOf\":{\"@id\":\"https:\/\/colegioarquitectos.com\/noticias\/#website\"},\"primaryImageOfPage\":{\"@id\":\"https:\/\/colegioarquitectos.com\/noticias\/?p=31478#primaryimage\"},\"image\":{\"@id\":\"https:\/\/colegioarquitectos.com\/noticias\/?p=31478#primaryimage\"},\"thumbnailUrl\":\"https:\/\/colegioarquitectos.com\/noticias\/wp-content\/uploads\/2024\/03\/Firma-convenio-entre-gremios-de-arquitectos-ProChile-y-Subrei-por-pabell\u00f3n-de-Chile-en-Expo-Osaka-2025.jpg\",\"datePublished\":\"2024-03-04T12:45:13+00:00\",\"dateModified\":\"2024-03-04T12:45:13+00:00\",\"breadcrumb\":{\"@id\":\"https:\/\/colegioarquitectos.com\/noticias\/?p=31478#breadcrumb\"},\"inLanguage\":\"es\",\"potentialAction\":[{\"@type\":\"ReadAction\",\"target\":[\"https:\/\/colegioarquitectos.com\/noticias\/?p=31478\"]}]},{\"@type\":\"ImageObject\",\"inLanguage\":\"es\",\"@id\":\"https:\/\/colegioarquitectos.com\/noticias\/?p=31478#primaryimage\",\"url\":\"https:\/\/colegioarquitectos.com\/noticias\/wp-content\/uploads\/2024\/03\/Firma-convenio-entre-gremios-de-arquitectos-ProChile-y-Subrei-por-pabell\u00f3n-de-Chile-en-Expo-Osaka-2025.jpg\",\"contentUrl\":\"https:\/\/colegioarquitectos.com\/noticias\/wp-content\/uploads\/2024\/03\/Firma-convenio-entre-gremios-de-arquitectos-ProChile-y-Subrei-por-pabell\u00f3n-de-Chile-en-Expo-Osaka-2025.jpg\",\"width\":1012,\"height\":537},{\"@type\":\"BreadcrumbList\",\"@id\":\"https:\/\/colegioarquitectos.com\/noticias\/?p=31478#breadcrumb\",\"itemListElement\":[{\"@type\":\"ListItem\",\"position\":1,\"name\":\"Portada\",\"item\":\"https:\/\/colegioarquitectos.com\/noticias\"},{\"@type\":\"ListItem\",\"position\":2,\"name\":\"SUBREI y ProChile firman declaraci\u00f3n con gremios de arquitectos para apoyar la participaci\u00f3n de Chile en Expo Osaka 2025\"}]},{\"@type\":\"WebSite\",\"@id\":\"https:\/\/colegioarquitectos.com\/noticias\/#website\",\"url\":\"https:\/\/colegioarquitectos.com\/noticias\/\",\"name\":\"COLEGIO DE ARQUITECTOS DE CHILE\",\"description\":\"\",\"publisher\":{\"@id\":\"https:\/\/colegioarquitectos.com\/noticias\/#organization\"},\"potentialAction\":[{\"@type\":\"SearchAction\",\"target\":{\"@type\":\"EntryPoint\",\"urlTemplate\":\"https:\/\/colegioarquitectos.com\/noticias\/?s={search_term_string}\"},\"query-input\":{\"@type\":\"PropertyValueSpecification\",\"valueRequired\":true,\"valueName\":\"search_term_string\"}}],\"inLanguage\":\"es\"},{\"@type\":\"Organization\",\"@id\":\"https:\/\/colegioarquitectos.com\/noticias\/#organization\",\"name\":\"COLEGIO DE ARQUITECTOS DE CHILE\",\"url\":\"https:\/\/colegioarquitectos.com\/noticias\/\",\"logo\":{\"@type\":\"ImageObject\",\"inLanguage\":\"es\",\"@id\":\"https:\/\/colegioarquitectos.com\/noticias\/#\/schema\/logo\/image\/\",\"url\":\"https:\/\/colegioarquitectos.com\/noticias\/wp-content\/uploads\/2021\/05\/ENCABEZADO-LOGO-CA.jpg\",\"contentUrl\":\"https:\/\/colegioarquitectos.com\/noticias\/wp-content\/uploads\/2021\/05\/ENCABEZADO-LOGO-CA.jpg\",\"width\":690,\"height\":350,\"caption\":\"COLEGIO DE ARQUITECTOS DE CHILE\"},\"image\":{\"@id\":\"https:\/\/colegioarquitectos.com\/noticias\/#\/schema\/logo\/image\/\"},\"sameAs\":[\"https:\/\/facebook.com\/Colegioarq\/\",\"https:\/\/x.com\/colegioarq\",\"https:\/\/instagram.com\/colegioarq\",\"https:\/\/youtube.com\/@ColegiodeArquitectosdeChile\"]},{\"@type\":\"Person\",\"@id\":\"https:\/\/colegioarquitectos.com\/noticias\/#\/schema\/person\/685cc0aad148303c5608f049af8285ad\",\"name\":\"Colegio de Arquitectos de Chile\",\"url\":\"https:\/\/colegioarquitectos.com\/noticias\/?author=4\"}]}<\/script>\n<!-- \/ Yoast SEO plugin. -->","yoast_head_json":{"title":"SUBREI y ProChile firman declaraci\u00f3n con gremios de arquitectos para apoyar la participaci\u00f3n de Chile en Expo Osaka 2025 - COLEGIO DE ARQUITECTOS DE CHILE","robots":{"index":"index","follow":"follow","max-snippet":"max-snippet:-1","max-image-preview":"max-image-preview:large","max-video-preview":"max-video-preview:-1"},"canonical":"https:\/\/colegioarquitectos.com\/noticias\/?p=31478","og_locale":"es_ES","og_type":"article","og_title":"SUBREI y ProChile firman declaraci\u00f3n con gremios de arquitectos para apoyar la participaci\u00f3n de Chile en Expo Osaka 2025 - COLEGIO DE ARQUITECTOS DE CHILE","og_description":"La Subsecretar\u00eda de Relaciones Econ\u00f3micas Internacionales (SUBREI) y ProChile firmaron una declaraci\u00f3n de trabajo conjunto con el Colegio de Arquitectos de Chile y la Asociaci\u00f3n de Oficinas de Arquitectos (AOA) en el marco de la participaci\u00f3n de Chile en la &hellip; ver m\u00e1s","og_url":"https:\/\/colegioarquitectos.com\/noticias\/?p=31478","og_site_name":"COLEGIO DE ARQUITECTOS DE CHILE","article_publisher":"https:\/\/facebook.com\/Colegioarq\/","article_published_time":"2024-03-04T12:45:13+00:00","og_image":[{"width":1012,"height":537,"url":"https:\/\/colegioarquitectos.com\/noticias\/wp-content\/uploads\/2024\/03\/Firma-convenio-entre-gremios-de-arquitectos-ProChile-y-Subrei-por-pabell\u00f3n-de-Chile-en-Expo-Osaka-2025.jpg","type":"image\/jpeg"}],"author":"Colegio de Arquitectos de Chile","twitter_card":"summary_large_image","twitter_creator":"@colegioarq","twitter_site":"@colegioarq","twitter_misc":{"Escrito por":"Colegio de Arquitectos de Chile","Tiempo de lectura":"1 minuto"},"schema":{"@context":"https:\/\/schema.org","@graph":[{"@type":"Article","@id":"https:\/\/colegioarquitectos.com\/noticias\/?p=31478#article","isPartOf":{"@id":"https:\/\/colegioarquitectos.com\/noticias\/?p=31478"},"author":{"name":"Colegio de Arquitectos de Chile","@id":"https:\/\/colegioarquitectos.com\/noticias\/#\/schema\/person\/685cc0aad148303c5608f049af8285ad"},"headline":"SUBREI y ProChile firman declaraci\u00f3n con gremios de arquitectos para apoyar la participaci\u00f3n de Chile en Expo Osaka 2025","datePublished":"2024-03-04T12:45:13+00:00","dateModified":"2024-03-04T12:45:13+00:00","mainEntityOfPage":{"@id":"https:\/\/colegioarquitectos.com\/noticias\/?p=31478"},"wordCount":259,"publisher":{"@id":"https:\/\/colegioarquitectos.com\/noticias\/#organization"},"image":{"@id":"https:\/\/colegioarquitectos.com\/noticias\/?p=31478#primaryimage"},"thumbnailUrl":"https:\/\/colegioarquitectos.com\/noticias\/wp-content\/uploads\/2024\/03\/Firma-convenio-entre-gremios-de-arquitectos-ProChile-y-Subrei-por-pabell\u00f3n-de-Chile-en-Expo-Osaka-2025.jpg","keywords":["concurso","Concurso de arquitectura","Concurso p\u00fablico","Exposici\u00f3n Universal de Osaka 2025","Osaka","Osaka 2025","Pabell\u00f3n de Chile"],"articleSection":["Colegio","Concursos"],"inLanguage":"es"},{"@type":"WebPage","@id":"https:\/\/colegioarquitectos.com\/noticias\/?p=31478","url":"https:\/\/colegioarquitectos.com\/noticias\/?p=31478","name":"SUBREI y ProChile firman declaraci\u00f3n con gremios de arquitectos para apoyar la participaci\u00f3n de Chile en Expo Osaka 2025 - COLEGIO DE ARQUITECTOS DE CHILE","isPartOf":{"@id":"https:\/\/colegioarquitectos.com\/noticias\/#website"},"primaryImageOfPage":{"@id":"https:\/\/colegioarquitectos.com\/noticias\/?p=31478#primaryimage"},"image":{"@id":"https:\/\/colegioarquitectos.com\/noticias\/?p=31478#primaryimage"},"thumbnailUrl":"https:\/\/colegioarquitectos.com\/noticias\/wp-content\/uploads\/2024\/03\/Firma-convenio-entre-gremios-de-arquitectos-ProChile-y-Subrei-por-pabell\u00f3n-de-Chile-en-Expo-Osaka-2025.jpg","datePublished":"2024-03-04T12:45:13+00:00","dateModified":"2024-03-04T12:45:13+00:00","breadcrumb":{"@id":"https:\/\/colegioarquitectos.com\/noticias\/?p=31478#breadcrumb"},"inLanguage":"es","potentialAction":[{"@type":"ReadAction","target":["https:\/\/colegioarquitectos.com\/noticias\/?p=31478"]}]},{"@type":"ImageObject","inLanguage":"es","@id":"https:\/\/colegioarquitectos.com\/noticias\/?p=31478#primaryimage","url":"https:\/\/colegioarquitectos.com\/noticias\/wp-content\/uploads\/2024\/03\/Firma-convenio-entre-gremios-de-arquitectos-ProChile-y-Subrei-por-pabell\u00f3n-de-Chile-en-Expo-Osaka-2025.jpg","contentUrl":"https:\/\/colegioarquitectos.com\/noticias\/wp-content\/uploads\/2024\/03\/Firma-convenio-entre-gremios-de-arquitectos-ProChile-y-Subrei-por-pabell\u00f3n-de-Chile-en-Expo-Osaka-2025.jpg","width":1012,"height":537},{"@type":"BreadcrumbList","@id":"https:\/\/colegioarquitectos.com\/noticias\/?p=31478#breadcrumb","itemListElement":[{"@type":"ListItem","position":1,"name":"Portada","item":"https:\/\/colegioarquitectos.com\/noticias"},{"@type":"ListItem","position":2,"name":"SUBREI y ProChile firman declaraci\u00f3n con gremios de arquitectos para apoyar la participaci\u00f3n de Chile en Expo Osaka 2025"}]},{"@type":"WebSite","@id":"https:\/\/colegioarquitectos.com\/noticias\/#website","url":"https:\/\/colegioarquitectos.com\/noticias\/","name":"COLEGIO DE ARQUITECTOS DE CHILE","description":"","publisher":{"@id":"https:\/\/colegioarquitectos.com\/noticias\/#organization"},"potentialAction":[{"@type":"SearchAction","target":{"@type":"EntryPoint","urlTemplate":"https:\/\/colegioarquitectos.com\/noticias\/?s={search_term_string}"},"query-input":{"@type":"PropertyValueSpecification","valueRequired":true,"valueName":"search_term_string"}}],"inLanguage":"es"},{"@type":"Organization","@id":"https:\/\/colegioarquitectos.com\/noticias\/#organization","name":"COLEGIO DE ARQUITECTOS DE CHILE","url":"https:\/\/colegioarquitectos.com\/noticias\/","logo":{"@type":"ImageObject","inLanguage":"es","@id":"https:\/\/colegioarquitectos.com\/noticias\/#\/schema\/logo\/image\/","url":"https:\/\/colegioarquitectos.com\/noticias\/wp-content\/uploads\/2021\/05\/ENCABEZADO-LOGO-CA.jpg","contentUrl":"https:\/\/colegioarquitectos.com\/noticias\/wp-content\/uploads\/2021\/05\/ENCABEZADO-LOGO-CA.jpg","width":690,"height":350,"caption":"COLEGIO DE ARQUITECTOS DE CHILE"},"image":{"@id":"https:\/\/colegioarquitectos.com\/noticias\/#\/schema\/logo\/image\/"},"sameAs":["https:\/\/facebook.com\/Colegioarq\/","https:\/\/x.com\/colegioarq","https:\/\/instagram.com\/colegioarq","https:\/\/youtube.com\/@ColegiodeArquitectosdeChile"]},{"@type":"Person","@id":"https:\/\/colegioarquitectos.com\/noticias\/#\/schema\/person\/685cc0aad148303c5608f049af8285ad","name":"Colegio de Arquitectos de Chile","url":"https:\/\/colegioarquitectos.com\/noticias\/?author=4"}]}},"_links":{"self":[{"href":"https:\/\/colegioarquitectos.com\/noticias\/index.php?rest_route=\/wp\/v2\/posts\/31478","targetHints":{"allow":["GET"]}}],"collection":[{"href":"https:\/\/colegioarquitectos.com\/noticias\/index.php?rest_route=\/wp\/v2\/posts"}],"about":[{"href":"https:\/\/colegioarquitectos.com\/noticias\/index.php?rest_route=\/wp\/v2\/types\/post"}],"author":[{"embeddable":true,"href":"https:\/\/colegioarquitectos.com\/noticias\/index.php?rest_route=\/wp\/v2\/users\/4"}],"replies":[{"embeddable":true,"href":"https:\/\/colegioarquitectos.com\/noticias\/index.php?rest_route=%2Fwp%2Fv2%2Fcomments&post=31478"}],"version-history":[{"count":0,"href":"https:\/\/colegioarquitectos.com\/noticias\/index.php?rest_route=\/wp\/v2\/posts\/31478\/revisions"}],"wp:featuredmedia":[{"embeddable":true,"href":"https:\/\/colegioarquitectos.com\/noticias\/index.php?rest_route=\/wp\/v2\/media\/31479"}],"wp:attachment":[{"href":"https:\/\/colegioarquitectos.com\/noticias\/index.php?rest_route=%2Fwp%2Fv2%2Fmedia&parent=31478"}],"wp:term":[{"taxonomy":"category","embeddable":true,"href":"https:\/\/colegioarquitectos.com\/noticias\/index.php?rest_route=%2Fwp%2Fv2%2Fcategories&post=31478"},{"taxonomy":"post_tag","embeddable":true,"href":"https:\/\/colegioarquitectos.com\/noticias\/index.php?rest_route=%2Fwp%2Fv2%2Ftags&post=31478"}],"curies":[{"name":"wp","href":"https:\/\/api.w.org\/{rel}","templated":true}]}}