
{"id":31481,"date":"2024-03-04T09:53:11","date_gmt":"2024-03-04T13:53:11","guid":{"rendered":"https:\/\/colegioarquitectos.com\/?p=31481"},"modified":"2024-03-04T09:53:11","modified_gmt":"2024-03-04T13:53:11","slug":"colegio-de-arquitectos-de-chile-participara-del-2-foro-panamericano-de-arquitectas-fpaa","status":"publish","type":"post","link":"https:\/\/colegioarquitectos.com\/noticias\/?p=31481","title":{"rendered":"Colegio de Arquitectos de Chile participar\u00e1 del 2\u00b0 Foro Panamericano de ArquitectAs FPAA"},"content":{"rendered":"<p>Este <strong>martes 5 de marzo<\/strong> a las <strong>18:00 horas<\/strong>, se realizar\u00e1 a trav\u00e9s del canal de YouTube de la <strong>Federaci\u00f3n Panamericana de Asociaciones de Arquitectos (FPAA)<\/strong> el <strong>2\u00b0 Foro Panamericano ArquitectAs FPAA bajo el concepto: SOStener<\/strong>.<\/p>\n<p>El encuentro contar\u00e1 con la apertura del presidente de FPAA, <strong>Gerardo Montaruli<\/strong>; moderado por la Asesora de G\u00e9nero y Equidad FPAA, <strong>Natalia Brener<\/strong> y relatado por la vicepresidenta de FPAA de la \u00a0regi\u00f3n Andina, <strong>Rim Safar Sakkal<\/strong>.<\/p>\n<p>Como invitadas especiales se presentar\u00e1 a las arquitectas <strong>Paola Molina (Chile)<\/strong>, <strong>Karin de Porteere (Colombia)<\/strong>, <strong>Marianela Mora Valenciano<\/strong> y <strong>D\u00e8borah Picado Campos (Costa Rica)<\/strong>, <strong>Mauricia Dom\u00ednguez Rodr\u00edguez (Rep\u00fablica Dominicana)<\/strong> y <strong>Graciela Carrillo (Estados Unidos)<\/strong>.<\/p>\n<p>Podr\u00e1s seguir en vivo el <strong>2\u00b0 Foro Panamericano ArquitectAs FPAA<\/strong> con la participaci\u00f3n de nuestra representante\u00a0<strong>Paola Molina<\/strong>, este <strong>martes 5 de marzo<\/strong> a las<strong> 18:00 horas<\/strong> a trav\u00e9s del canal de <strong>YouTube<\/strong> de la <strong>Federaci\u00f3n Panamericana de Asociaciones de Arquitectos (FPAA)<\/strong>, <a href=\"https:\/\/www.youtube.com\/@FPAAArquitectura\"><strong>https:\/\/www.youtube.com\/@FPAAArquitectura<\/strong><\/a>.<\/p>\n<p>&nbsp;<\/p>\n<p><\/p>","protected":false},"excerpt":{"rendered":"<p>Este martes 5 de marzo a las 18:00 horas, se realizar\u00e1 a trav\u00e9s del canal de YouTube de la Federaci\u00f3n Panamericana de Asociaciones de Arquitectos (FPAA) el 2\u00b0 Foro Panamericano ArquitectAs FPAA bajo el concepto: SOStener. El encuentro contar\u00e1 con &hellip; <a class=\"more-link\" href=\"https:\/\/colegioarquitectos.com\/noticias\/?p=31481\">ver m\u00e1s<\/a><\/p>","protected":false},"author":4,"featured_media":31482,"comment_status":"closed","ping_status":"closed","sticky":false,"template":"","format":"standard","meta":{"footnotes":""},"categories":[8,621],"tags":[777,724,253,365,778,779],"class_list":["post-31481","post","type-post","status-publish","format-standard","has-post-thumbnail","hentry","category-colegio-de-arquitectos","category-internacional","tag-2-foro-panamericano-arquitectas-fpaa","tag-federacion-panamericana-de-asociaciones-de-arquitectos","tag-fpaa","tag-paola-molina","tag-sostener","tag-youtube"],"yoast_head":"<!-- This site is optimized with the Yoast SEO plugin v24.2 - https:\/\/yoast.com\/wordpress\/plugins\/seo\/ -->\n<title>Colegio de Arquitectos de Chile participar\u00e1 del 2\u00b0 Foro Panamericano de ArquitectAs FPAA - COLEGIO DE ARQUITECTOS DE CHILE<\/title>\n<meta name=\"robots\" content=\"index, follow, max-snippet:-1, max-image-preview:large, max-video-preview:-1\" \/>\n<link rel=\"canonical\" href=\"https:\/\/colegioarquitectos.com\/noticias\/?p=31481\" \/>\n<meta property=\"og:locale\" content=\"es_ES\" \/>\n<meta property=\"og:type\" content=\"article\" \/>\n<meta property=\"og:title\" content=\"Colegio de Arquitectos de Chile participar\u00e1 del 2\u00b0 Foro Panamericano de ArquitectAs FPAA - COLEGIO DE ARQUITECTOS DE CHILE\" \/>\n<meta property=\"og:description\" content=\"Este martes 5 de marzo a las 18:00 horas, se realizar\u00e1 a trav\u00e9s del canal de YouTube de la Federaci\u00f3n Panamericana de Asociaciones de Arquitectos (FPAA) el 2\u00b0 Foro Panamericano ArquitectAs FPAA bajo el concepto: SOStener. El encuentro contar\u00e1 con &hellip; ver m\u00e1s\" \/>\n<meta property=\"og:url\" content=\"https:\/\/colegioarquitectos.com\/noticias\/?p=31481\" \/>\n<meta property=\"og:site_name\" content=\"COLEGIO DE ARQUITECTOS DE CHILE\" \/>\n<meta property=\"article:publisher\" content=\"https:\/\/facebook.com\/Colegioarq\/\" \/>\n<meta property=\"article:published_time\" content=\"2024-03-04T13:53:11+00:00\" \/>\n<meta property=\"og:image\" content=\"https:\/\/colegioarquitectos.com\/noticias\/wp-content\/uploads\/2024\/03\/ENCABEZADO-FORO-FPAA.png\" \/>\n\t<meta property=\"og:image:width\" content=\"1280\" \/>\n\t<meta property=\"og:image:height\" content=\"720\" \/>\n\t<meta property=\"og:image:type\" content=\"image\/png\" \/>\n<meta name=\"author\" content=\"Colegio de Arquitectos de Chile\" \/>\n<meta name=\"twitter:card\" content=\"summary_large_image\" \/>\n<meta name=\"twitter:creator\" content=\"@colegioarq\" \/>\n<meta name=\"twitter:site\" content=\"@colegioarq\" \/>\n<meta name=\"twitter:label1\" content=\"Escrito por\" \/>\n\t<meta name=\"twitter:data1\" content=\"Colegio de Arquitectos de Chile\" \/>\n\t<meta name=\"twitter:label2\" content=\"Tiempo de lectura\" \/>\n\t<meta name=\"twitter:data2\" content=\"1 minuto\" \/>\n<script type=\"application\/ld+json\" class=\"yoast-schema-graph\">{\"@context\":\"https:\/\/schema.org\",\"@graph\":[{\"@type\":\"Article\",\"@id\":\"https:\/\/colegioarquitectos.com\/noticias\/?p=31481#article\",\"isPartOf\":{\"@id\":\"https:\/\/colegioarquitectos.com\/noticias\/?p=31481\"},\"author\":{\"name\":\"Colegio de Arquitectos de Chile\",\"@id\":\"https:\/\/colegioarquitectos.com\/noticias\/#\/schema\/person\/685cc0aad148303c5608f049af8285ad\"},\"headline\":\"Colegio de Arquitectos de Chile participar\u00e1 del 2\u00b0 Foro Panamericano de ArquitectAs FPAA\",\"datePublished\":\"2024-03-04T13:53:11+00:00\",\"dateModified\":\"2024-03-04T13:53:11+00:00\",\"mainEntityOfPage\":{\"@id\":\"https:\/\/colegioarquitectos.com\/noticias\/?p=31481\"},\"wordCount\":173,\"publisher\":{\"@id\":\"https:\/\/colegioarquitectos.com\/noticias\/#organization\"},\"image\":{\"@id\":\"https:\/\/colegioarquitectos.com\/noticias\/?p=31481#primaryimage\"},\"thumbnailUrl\":\"https:\/\/colegioarquitectos.com\/noticias\/wp-content\/uploads\/2024\/03\/ENCABEZADO-FORO-FPAA.png\",\"keywords\":[\"2\u00b0 Foro Panamericano ArquitectAs FPAA\",\"Federaci\u00f3n Panamericana de Asociaciones de Arquitectos\",\"FPAA\",\"Paola Molina\",\"SOStener\",\"YouTube\"],\"articleSection\":[\"Colegio\",\"Internacional\"],\"inLanguage\":\"es\"},{\"@type\":\"WebPage\",\"@id\":\"https:\/\/colegioarquitectos.com\/noticias\/?p=31481\",\"url\":\"https:\/\/colegioarquitectos.com\/noticias\/?p=31481\",\"name\":\"Colegio de Arquitectos de Chile participar\u00e1 del 2\u00b0 Foro Panamericano de ArquitectAs FPAA - COLEGIO DE ARQUITECTOS DE CHILE\",\"isPartOf\":{\"@id\":\"https:\/\/colegioarquitectos.com\/noticias\/#website\"},\"primaryImageOfPage\":{\"@id\":\"https:\/\/colegioarquitectos.com\/noticias\/?p=31481#primaryimage\"},\"image\":{\"@id\":\"https:\/\/colegioarquitectos.com\/noticias\/?p=31481#primaryimage\"},\"thumbnailUrl\":\"https:\/\/colegioarquitectos.com\/noticias\/wp-content\/uploads\/2024\/03\/ENCABEZADO-FORO-FPAA.png\",\"datePublished\":\"2024-03-04T13:53:11+00:00\",\"dateModified\":\"2024-03-04T13:53:11+00:00\",\"breadcrumb\":{\"@id\":\"https:\/\/colegioarquitectos.com\/noticias\/?p=31481#breadcrumb\"},\"inLanguage\":\"es\",\"potentialAction\":[{\"@type\":\"ReadAction\",\"target\":[\"https:\/\/colegioarquitectos.com\/noticias\/?p=31481\"]}]},{\"@type\":\"ImageObject\",\"inLanguage\":\"es\",\"@id\":\"https:\/\/colegioarquitectos.com\/noticias\/?p=31481#primaryimage\",\"url\":\"https:\/\/colegioarquitectos.com\/noticias\/wp-content\/uploads\/2024\/03\/ENCABEZADO-FORO-FPAA.png\",\"contentUrl\":\"https:\/\/colegioarquitectos.com\/noticias\/wp-content\/uploads\/2024\/03\/ENCABEZADO-FORO-FPAA.png\",\"width\":1280,\"height\":720},{\"@type\":\"BreadcrumbList\",\"@id\":\"https:\/\/colegioarquitectos.com\/noticias\/?p=31481#breadcrumb\",\"itemListElement\":[{\"@type\":\"ListItem\",\"position\":1,\"name\":\"Portada\",\"item\":\"https:\/\/colegioarquitectos.com\/noticias\"},{\"@type\":\"ListItem\",\"position\":2,\"name\":\"Colegio de Arquitectos de Chile participar\u00e1 del 2\u00b0 Foro Panamericano de ArquitectAs FPAA\"}]},{\"@type\":\"WebSite\",\"@id\":\"https:\/\/colegioarquitectos.com\/noticias\/#website\",\"url\":\"https:\/\/colegioarquitectos.com\/noticias\/\",\"name\":\"COLEGIO DE ARQUITECTOS DE CHILE\",\"description\":\"\",\"publisher\":{\"@id\":\"https:\/\/colegioarquitectos.com\/noticias\/#organization\"},\"potentialAction\":[{\"@type\":\"SearchAction\",\"target\":{\"@type\":\"EntryPoint\",\"urlTemplate\":\"https:\/\/colegioarquitectos.com\/noticias\/?s={search_term_string}\"},\"query-input\":{\"@type\":\"PropertyValueSpecification\",\"valueRequired\":true,\"valueName\":\"search_term_string\"}}],\"inLanguage\":\"es\"},{\"@type\":\"Organization\",\"@id\":\"https:\/\/colegioarquitectos.com\/noticias\/#organization\",\"name\":\"COLEGIO DE ARQUITECTOS DE CHILE\",\"url\":\"https:\/\/colegioarquitectos.com\/noticias\/\",\"logo\":{\"@type\":\"ImageObject\",\"inLanguage\":\"es\",\"@id\":\"https:\/\/colegioarquitectos.com\/noticias\/#\/schema\/logo\/image\/\",\"url\":\"https:\/\/colegioarquitectos.com\/noticias\/wp-content\/uploads\/2021\/05\/ENCABEZADO-LOGO-CA.jpg\",\"contentUrl\":\"https:\/\/colegioarquitectos.com\/noticias\/wp-content\/uploads\/2021\/05\/ENCABEZADO-LOGO-CA.jpg\",\"width\":690,\"height\":350,\"caption\":\"COLEGIO DE ARQUITECTOS DE CHILE\"},\"image\":{\"@id\":\"https:\/\/colegioarquitectos.com\/noticias\/#\/schema\/logo\/image\/\"},\"sameAs\":[\"https:\/\/facebook.com\/Colegioarq\/\",\"https:\/\/x.com\/colegioarq\",\"https:\/\/instagram.com\/colegioarq\",\"https:\/\/youtube.com\/@ColegiodeArquitectosdeChile\"]},{\"@type\":\"Person\",\"@id\":\"https:\/\/colegioarquitectos.com\/noticias\/#\/schema\/person\/685cc0aad148303c5608f049af8285ad\",\"name\":\"Colegio de Arquitectos de Chile\",\"url\":\"https:\/\/colegioarquitectos.com\/noticias\/?author=4\"}]}<\/script>\n<!-- \/ Yoast SEO plugin. -->","yoast_head_json":{"title":"Colegio de Arquitectos de Chile participar\u00e1 del 2\u00b0 Foro Panamericano de ArquitectAs FPAA - COLEGIO DE ARQUITECTOS DE CHILE","robots":{"index":"index","follow":"follow","max-snippet":"max-snippet:-1","max-image-preview":"max-image-preview:large","max-video-preview":"max-video-preview:-1"},"canonical":"https:\/\/colegioarquitectos.com\/noticias\/?p=31481","og_locale":"es_ES","og_type":"article","og_title":"Colegio de Arquitectos de Chile participar\u00e1 del 2\u00b0 Foro Panamericano de ArquitectAs FPAA - COLEGIO DE ARQUITECTOS DE CHILE","og_description":"Este martes 5 de marzo a las 18:00 horas, se realizar\u00e1 a trav\u00e9s del canal de YouTube de la Federaci\u00f3n Panamericana de Asociaciones de Arquitectos (FPAA) el 2\u00b0 Foro Panamericano ArquitectAs FPAA bajo el concepto: SOStener. El encuentro contar\u00e1 con &hellip; ver m\u00e1s","og_url":"https:\/\/colegioarquitectos.com\/noticias\/?p=31481","og_site_name":"COLEGIO DE ARQUITECTOS DE CHILE","article_publisher":"https:\/\/facebook.com\/Colegioarq\/","article_published_time":"2024-03-04T13:53:11+00:00","og_image":[{"width":1280,"height":720,"url":"https:\/\/colegioarquitectos.com\/noticias\/wp-content\/uploads\/2024\/03\/ENCABEZADO-FORO-FPAA.png","type":"image\/png"}],"author":"Colegio de Arquitectos de Chile","twitter_card":"summary_large_image","twitter_creator":"@colegioarq","twitter_site":"@colegioarq","twitter_misc":{"Escrito por":"Colegio de Arquitectos de Chile","Tiempo de lectura":"1 minuto"},"schema":{"@context":"https:\/\/schema.org","@graph":[{"@type":"Article","@id":"https:\/\/colegioarquitectos.com\/noticias\/?p=31481#article","isPartOf":{"@id":"https:\/\/colegioarquitectos.com\/noticias\/?p=31481"},"author":{"name":"Colegio de Arquitectos de Chile","@id":"https:\/\/colegioarquitectos.com\/noticias\/#\/schema\/person\/685cc0aad148303c5608f049af8285ad"},"headline":"Colegio de Arquitectos de Chile participar\u00e1 del 2\u00b0 Foro Panamericano de ArquitectAs FPAA","datePublished":"2024-03-04T13:53:11+00:00","dateModified":"2024-03-04T13:53:11+00:00","mainEntityOfPage":{"@id":"https:\/\/colegioarquitectos.com\/noticias\/?p=31481"},"wordCount":173,"publisher":{"@id":"https:\/\/colegioarquitectos.com\/noticias\/#organization"},"image":{"@id":"https:\/\/colegioarquitectos.com\/noticias\/?p=31481#primaryimage"},"thumbnailUrl":"https:\/\/colegioarquitectos.com\/noticias\/wp-content\/uploads\/2024\/03\/ENCABEZADO-FORO-FPAA.png","keywords":["2\u00b0 Foro Panamericano ArquitectAs FPAA","Federaci\u00f3n Panamericana de Asociaciones de Arquitectos","FPAA","Paola Molina","SOStener","YouTube"],"articleSection":["Colegio","Internacional"],"inLanguage":"es"},{"@type":"WebPage","@id":"https:\/\/colegioarquitectos.com\/noticias\/?p=31481","url":"https:\/\/colegioarquitectos.com\/noticias\/?p=31481","name":"Colegio de Arquitectos de Chile participar\u00e1 del 2\u00b0 Foro Panamericano de ArquitectAs FPAA - COLEGIO DE ARQUITECTOS DE CHILE","isPartOf":{"@id":"https:\/\/colegioarquitectos.com\/noticias\/#website"},"primaryImageOfPage":{"@id":"https:\/\/colegioarquitectos.com\/noticias\/?p=31481#primaryimage"},"image":{"@id":"https:\/\/colegioarquitectos.com\/noticias\/?p=31481#primaryimage"},"thumbnailUrl":"https:\/\/colegioarquitectos.com\/noticias\/wp-content\/uploads\/2024\/03\/ENCABEZADO-FORO-FPAA.png","datePublished":"2024-03-04T13:53:11+00:00","dateModified":"2024-03-04T13:53:11+00:00","breadcrumb":{"@id":"https:\/\/colegioarquitectos.com\/noticias\/?p=31481#breadcrumb"},"inLanguage":"es","potentialAction":[{"@type":"ReadAction","target":["https:\/\/colegioarquitectos.com\/noticias\/?p=31481"]}]},{"@type":"ImageObject","inLanguage":"es","@id":"https:\/\/colegioarquitectos.com\/noticias\/?p=31481#primaryimage","url":"https:\/\/colegioarquitectos.com\/noticias\/wp-content\/uploads\/2024\/03\/ENCABEZADO-FORO-FPAA.png","contentUrl":"https:\/\/colegioarquitectos.com\/noticias\/wp-content\/uploads\/2024\/03\/ENCABEZADO-FORO-FPAA.png","width":1280,"height":720},{"@type":"BreadcrumbList","@id":"https:\/\/colegioarquitectos.com\/noticias\/?p=31481#breadcrumb","itemListElement":[{"@type":"ListItem","position":1,"name":"Portada","item":"https:\/\/colegioarquitectos.com\/noticias"},{"@type":"ListItem","position":2,"name":"Colegio de Arquitectos de Chile participar\u00e1 del 2\u00b0 Foro Panamericano de ArquitectAs FPAA"}]},{"@type":"WebSite","@id":"https:\/\/colegioarquitectos.com\/noticias\/#website","url":"https:\/\/colegioarquitectos.com\/noticias\/","name":"COLEGIO DE ARQUITECTOS DE CHILE","description":"","publisher":{"@id":"https:\/\/colegioarquitectos.com\/noticias\/#organization"},"potentialAction":[{"@type":"SearchAction","target":{"@type":"EntryPoint","urlTemplate":"https:\/\/colegioarquitectos.com\/noticias\/?s={search_term_string}"},"query-input":{"@type":"PropertyValueSpecification","valueRequired":true,"valueName":"search_term_string"}}],"inLanguage":"es"},{"@type":"Organization","@id":"https:\/\/colegioarquitectos.com\/noticias\/#organization","name":"COLEGIO DE ARQUITECTOS DE CHILE","url":"https:\/\/colegioarquitectos.com\/noticias\/","logo":{"@type":"ImageObject","inLanguage":"es","@id":"https:\/\/colegioarquitectos.com\/noticias\/#\/schema\/logo\/image\/","url":"https:\/\/colegioarquitectos.com\/noticias\/wp-content\/uploads\/2021\/05\/ENCABEZADO-LOGO-CA.jpg","contentUrl":"https:\/\/colegioarquitectos.com\/noticias\/wp-content\/uploads\/2021\/05\/ENCABEZADO-LOGO-CA.jpg","width":690,"height":350,"caption":"COLEGIO DE ARQUITECTOS DE CHILE"},"image":{"@id":"https:\/\/colegioarquitectos.com\/noticias\/#\/schema\/logo\/image\/"},"sameAs":["https:\/\/facebook.com\/Colegioarq\/","https:\/\/x.com\/colegioarq","https:\/\/instagram.com\/colegioarq","https:\/\/youtube.com\/@ColegiodeArquitectosdeChile"]},{"@type":"Person","@id":"https:\/\/colegioarquitectos.com\/noticias\/#\/schema\/person\/685cc0aad148303c5608f049af8285ad","name":"Colegio de Arquitectos de Chile","url":"https:\/\/colegioarquitectos.com\/noticias\/?author=4"}]}},"_links":{"self":[{"href":"https:\/\/colegioarquitectos.com\/noticias\/index.php?rest_route=\/wp\/v2\/posts\/31481","targetHints":{"allow":["GET"]}}],"collection":[{"href":"https:\/\/colegioarquitectos.com\/noticias\/index.php?rest_route=\/wp\/v2\/posts"}],"about":[{"href":"https:\/\/colegioarquitectos.com\/noticias\/index.php?rest_route=\/wp\/v2\/types\/post"}],"author":[{"embeddable":true,"href":"https:\/\/colegioarquitectos.com\/noticias\/index.php?rest_route=\/wp\/v2\/users\/4"}],"replies":[{"embeddable":true,"href":"https:\/\/colegioarquitectos.com\/noticias\/index.php?rest_route=%2Fwp%2Fv2%2Fcomments&post=31481"}],"version-history":[{"count":0,"href":"https:\/\/colegioarquitectos.com\/noticias\/index.php?rest_route=\/wp\/v2\/posts\/31481\/revisions"}],"wp:featuredmedia":[{"embeddable":true,"href":"https:\/\/colegioarquitectos.com\/noticias\/index.php?rest_route=\/wp\/v2\/media\/31482"}],"wp:attachment":[{"href":"https:\/\/colegioarquitectos.com\/noticias\/index.php?rest_route=%2Fwp%2Fv2%2Fmedia&parent=31481"}],"wp:term":[{"taxonomy":"category","embeddable":true,"href":"https:\/\/colegioarquitectos.com\/noticias\/index.php?rest_route=%2Fwp%2Fv2%2Fcategories&post=31481"},{"taxonomy":"post_tag","embeddable":true,"href":"https:\/\/colegioarquitectos.com\/noticias\/index.php?rest_route=%2Fwp%2Fv2%2Ftags&post=31481"}],"curies":[{"name":"wp","href":"https:\/\/api.w.org\/{rel}","templated":true}]}}