
{"id":31498,"date":"2024-03-05T11:10:32","date_gmt":"2024-03-05T15:10:32","guid":{"rendered":"https:\/\/colegioarquitectos.com\/?p=31498"},"modified":"2024-03-05T11:27:01","modified_gmt":"2024-03-05T15:27:01","slug":"riken-yamamoto-es-el-ganador-del-premio-pritzker-de-arquitectura-2024","status":"publish","type":"post","link":"https:\/\/colegioarquitectos.com\/noticias\/?p=31498","title":{"rendered":"Riken Yamamoto es el ganador del Premio Pritzker de Arquitectura 2024"},"content":{"rendered":"<p>El arquitecto japon\u00e9s <strong>Riken Yamamoto<\/strong> fue seleccionado como el ganador del <strong>Premio Pritzker de Arquitectura 2024<\/strong>, <strong>el premio m\u00e1s importante que puede obtener un arquitecto o arquitecta a nivel mundial<\/strong>.<\/p>\n<p>\u00ab<strong>El Premio Pritzker se otorga en reconocimiento a aquellas cualidades de talento, visi\u00f3n y compromiso que de manera persistente han producido contribuciones significativas a la humanidad y al entorno construido a trav\u00e9s del arte de la arquitectura<\/strong>. En su larga, coherente y rigurosa carrera, Riken Yamamoto ha logrado <strong>producir arquitectura como fondo y primer plano de la vida cotidiana, desdibujando los l\u00edmites entre sus dimensiones p\u00fablicas y privadas y multiplicando las oportunidades para que las personas se encuentren espont\u00e1neamente<\/strong>, a trav\u00e9s de estrategias de dise\u00f1o precisas y racionales\u00bb, afirma en parte la Menci\u00f3n del Jurado 2023.<\/p>\n<p>\u00abSu arquitectura expresa claramente sus creencias a trav\u00e9s de la estructura modular y la simplicidad de su forma. Sin embargo, no dicta actividades, sino que permite a las personas dar forma a sus propias vidas dentro de sus edificios con <strong>elegancia, normalidad, poes\u00eda y alegr\u00eda<\/strong>\u00bb, contin\u00faa.<\/p>\n<p>\u00abPara m\u00ed, <strong>reconocer el espacio es reconocer a toda una comunidad<\/strong>\u00bb, coment\u00f3 el arquitecto Riken Yamamoto. \u00abEl enfoque arquitect\u00f3nico actual enfatiza la privacidad, negando la necesidad de relaciones sociales. Sin embargo, a\u00fan podemos honrar la libertad de cada individuo mientras vivimos juntos en un<strong> espacio arquitect\u00f3nico como una rep\u00fablica, fomentando la armon\u00eda entre culturas y fases de la vida<\/strong>\u00bb.<\/p>\n<p>Por otra parte, <strong>Alejandro Aravena<\/strong>, presidente del <strong>Jurado 2024<\/strong> y ganador del <strong>Premio Pritzker 2016<\/strong>, indica que \u00abuna de las cosas que m\u00e1s necesitamos en el futuro de las ciudades es crear condiciones a trav\u00e9s de la arquitectura que multipliquen las oportunidades para que las personas se re\u00fanan e interact\u00faen.<strong> Al desdibujar cuidadosamente la frontera entre lo p\u00fablico y lo privado, Yamamoto contribuye positivamente m\u00e1s all\u00e1 del mandato para habilitar a la comunidad<\/strong>\u00bb. Y contin\u00faa: \u00ab<strong>Es un arquitecto tranquilizador que aporta dignidad a la vida cotidiana. La normalidad se vuelve extraordinaria. La calma conduce al esplendor<\/strong>\u00bb.<\/p>\n<p>\u00abPor crear conciencia en la comunidad sobre cu\u00e1l es la responsabilidad de la demanda social, <strong>por cuestionar la disciplina de la arquitectura para calibrar cada respuesta arquitect\u00f3nica individual, y sobre todo por recordarnos que en la arquitectura, como en la democracia, los espacios deben ser creados por la voluntad del pueblo<\/strong>, Riken Yamamoto es nombrado ganador del Premio Pritzker 2024\u00bb, cierra la Menci\u00f3n del Jurado.<\/p>\n<p><strong>Riken Yamamoto<\/strong> es el <strong>53\u00ba ganador del Premio Pritzker de Arquitectura<\/strong> y el <strong>noveno<\/strong> procedente de <strong>Jap\u00f3n<\/strong>. Ser\u00e1 honrado en <strong>Chicago<\/strong>, Illinois, Estados Unidos, esta primavera y la Conferencia Laureate 2024 se llevar\u00e1 a cabo en el SR Crown Hall, Illinois Institute of Technology, en asociaci\u00f3n con el Chicago Architecture Center, el <strong>16 de mayo<\/strong>.<\/p>\n<p>&nbsp;<\/p>\n<h4>Riken Yamamoto<\/h4>\n<hr \/>\n<p>El arquitecto japon\u00e9s Riken Yamamoto (1945) naci\u00f3 en <strong>Beijing<\/strong>, Rep\u00fablica Popular China y se mud\u00f3 a <strong>Yokohama<\/strong>, Jap\u00f3n, poco despu\u00e9s del final de la Segunda Guerra Mundial. <strong>Negociando un equilibrio entre las dimensiones p\u00fablica y privada desde la infancia, vivi\u00f3 en una casa que fue modelada seg\u00fan una <em>machiya<\/em> tradicional japonesa, con la farmacia de su madre en el frente y su sala de estar en la parte trasera<\/strong><\/p>\n<p>Yamamoto sab\u00eda poco sobre su padre, que hab\u00eda fallecido cuando el arquitecto ten\u00eda s\u00f3lo cinco a\u00f1os. <strong>En cierto modo, busc\u00f3 emular la carrera de su padre como ingeniero, pero en cambio forj\u00f3 su propio camino hacia la arquitectur<\/strong>a. A los 17 a\u00f1os visit\u00f3 el templo <strong>K\u00f4fuku-ji<\/strong>, en Nara, Jap\u00f3n, construido originalmente en 730 y finalmente reconstruido en 1426, y qued\u00f3 cautivado por la Pagoda de cinco pisos que simboliza los cinco elementos budistas: <strong>tierra, agua, fuego, aire y espacio<\/strong>.\u00a0 <strong>\u00abEstaba muy oscuro, pero pude ver la torre de madera iluminada por la luz de la luna y lo que encontr\u00e9 en ese momento fue mi primera experiencia con la arquitectura\u00bb<\/strong>.<\/p>\n<p>Se gradu\u00f3 de la <strong>Universidad de Nihon<\/strong>, Departamento de Arquitectura, Facultad de Ciencia y Tecnolog\u00eda en <strong>1968<\/strong> y recibi\u00f3 una Maestr\u00eda en Arquitectura de la <strong>Universidad de las Artes de Tokio<\/strong>, Facultad de Arquitectura en <strong>1971<\/strong>. Fund\u00f3 su estudio, <strong>Riken Yamamoto &amp; Field Shop<\/strong> en <strong>1973<\/strong>.<\/p>\n<p>Durante los primeros a\u00f1os de su carrera, el arquitecto viaj\u00f3 espont\u00e1neamente a trav\u00e9s de pa\u00edses y continentes en autom\u00f3vil con su mentor, <strong>Hiroshi Hara<\/strong>, pasando meses seguidos en la b\u00fasqueda de comprender comunidades, culturas y civilizaciones. En <strong>1972<\/strong> condujo por la costa del mar Mediterr\u00e1neo, visitando <strong>Francia, Espa\u00f1a, Marruecos, Argelia, T\u00fanez, Italia, Grecia y Turqu\u00eda<\/strong>. Dos a\u00f1os despu\u00e9s viaj\u00f3 desde <strong>Los \u00c1ngeles a M\u00e9xico, Guatemala, Costa Rica y Colombia<\/strong> antes de llegar a <strong>Per\u00fa<\/strong>. Tambi\u00e9n se embarcar\u00eda en una expedici\u00f3n similar a <strong>Irak, India y Nepal<\/strong>, y concluy\u00f3 que la idea de un <strong>\u00abumbral\u00bb<\/strong> entre los espacios p\u00fablicos y privados era universal.<\/p>\n<p><strong>Yamamoto reconsider\u00f3 los l\u00edmites entre los \u00e1mbitos p\u00fablico y privado como oportunidades sociales, comprometi\u00e9ndose con la creencia de que todos los espacios pueden enriquecer y servir a la consideraci\u00f3n de toda una comunidad<\/strong>, y no s\u00f3lo de quienes los ocupan. Con esto en mente, comenz\u00f3 a dise\u00f1ar residencias unifamiliares que un\u00edan ambientes naturales y construidos, dando la bienvenida tanto a los hu\u00e9spedes como a los transe\u00fantes. Su primer proyecto, <strong>Yamakawa Villa (Nagano, Jap\u00f3n, 1977)<\/strong>, est\u00e1 expuesto por todos lados y situado en el bosque, dise\u00f1ado para sentirse como una terraza al aire libre. La experiencia influy\u00f3 significativamente en sus trabajos futuros al extenderse a la vivienda social con <strong>Hotakubo Housing (Kumamoto, Jap\u00f3n, 1991)<\/strong>, uniendo culturas y generaciones a trav\u00e9s de una vida relacional.<\/p>\n<p><strong>La transparencia, en la forma, el material y la filosof\u00eda sigui\u00f3 siendo un elemento esencial en sus obras. Estableci\u00f3 un enfoque de planificaci\u00f3n urbana que demostr\u00f3 que la evoluci\u00f3n es una propiedad vital en el desarrollo de Ryokuen-toshi, Inter-Junction City (Yokohama, Jap\u00f3n, 1994)<\/strong>. Independientemente de la identidad o funci\u00f3n de un edificio, una norma constituye que todos deben permitir el paso por su solar, cohesionando las parcelas adyacentes y unificando a los propietarios vecinos. <strong>Continu\u00f3 impulsando sociedades en grandes edificios adaptando su lenguaje arquitect\u00f3nico a proyectos como la Universidad de la Prefectura de Saitama (Koshigaya, Jap\u00f3n, 1999) y la Biblioteca de Tianjin (Tianjin, Rep\u00fablica de China, 2012), lo que demuestra su dominio de la escala<\/strong>.<\/p>\n<p><strong>Su trabajo se volvi\u00f3 m\u00e1s prol\u00edfico, desde residencias privadas hasta viviendas p\u00fablicas, desde escuelas primarias hasta edificios universitarios, desde instituciones hasta espacios c\u00edvicos, cuando un desastre natural devast\u00f3 Jap\u00f3n en 2011<\/strong>. Despu\u00e9s del terremoto y tsunami de T\u014dhoku, fund\u00f3 <strong>Local Area Republic Labo<\/strong>, un instituto dedicado a actividades comunitarias a trav\u00e9s del dise\u00f1o arquitect\u00f3nico; e<strong> instituy\u00f3 el Premio Rep\u00fablica Local en 2018 para honrar a los j\u00f3venes arquitectos que act\u00faan con valent\u00eda e ideales hacia el futuro.<\/strong><\/p>\n<p>Yamamoto es un profesor visitante reci\u00e9n nombrado en la <strong>Universidad de Kanagawa (Yokohama, Jap\u00f3n)<\/strong>. Fue profesor visitante en la <strong>Universidad de las Artes de Tokio (Tokio, Jap\u00f3n, 2022-2024)<\/strong> y anteriormente ense\u00f1\u00f3 en la <strong>Escuela de Graduados en Ingenier\u00eda de la Universidad de Nihon (Tokio, Jap\u00f3n, 2011-2013)<\/strong>; <strong>Universidad Nacional de Yokohama, Escuela de Graduados en Arquitectura (Yokohama, Jap\u00f3n, 2007-2011)<\/strong>; <strong>Universidad Kogakuin, Departamento de Arquitectura (Tokio, Jap\u00f3n, 2002-2007)<\/strong>; y se desempe\u00f1\u00f3 como presidente de la <strong>Universidad de Arte y Dise\u00f1o Nagoya Zokei (Nagoya, Jap\u00f3n, 2018-2022)<\/strong>.<\/p>\n<p>Fue nombrado Acad\u00e9mico de la Academia Internacional de Arquitectura (2013) y ha recibido numerosas distinciones a lo largo de su carrera, entre ellas <strong>el Premio del Instituto Japon\u00e9s de Arquitectos para el Museo de Arte de Yokosuka (2010), el Premio de Edificios P\u00fablicos (2004 y 2006), el Premio Good Design Gold Award (2004 y 2005), Premio del Instituto de Arquitectura de Jap\u00f3n (1988 y 2002), Premio de la Academia de las Artes de Jap\u00f3n (2001) y Premios de Arte Mainichi (1998)<\/strong>.<\/p>\n<p>Yamamoto contin\u00faa practicando y residiendo en <strong>Yokohama<\/strong>, en comunidad con sus vecinos. Sus obras construidas se pueden encontrar en todo <strong>Jap\u00f3n, la Rep\u00fablica Popular China, la Rep\u00fablica de Corea <\/strong>y<strong> Suiza<\/strong>.<\/p>\n<p>&nbsp;<\/p>\n\n\t\t<style type=\"text\/css\">\n\t\t\t#gallery-1 {\n\t\t\t\tmargin: auto;\n\t\t\t}\n\t\t\t#gallery-1 .gallery-item {\n\t\t\t\tfloat: left;\n\t\t\t\tmargin-top: 10px;\n\t\t\t\ttext-align: center;\n\t\t\t\twidth: 33%;\n\t\t\t}\n\t\t\t#gallery-1 img {\n\t\t\t\tborder: 2px solid #cfcfcf;\n\t\t\t}\n\t\t\t#gallery-1 .gallery-caption {\n\t\t\t\tmargin-left: 0;\n\t\t\t}\n\t\t\t\/* see gallery_shortcode() in wp-includes\/media.php *\/\n\t\t<\/style>\n\t\t<div id='gallery-1' class='gallery galleryid-31498 gallery-columns-3 gallery-size-thumbnail'><dl class='gallery-item'>\n\t\t\t<dt class='gallery-icon landscape'>\n\t\t\t\t<a href='https:\/\/colegioarquitectos.com\/noticias\/?attachment_id=31500'><img loading=\"lazy\" decoding=\"async\" width=\"180\" height=\"180\" src=\"https:\/\/colegioarquitectos.com\/noticias\/wp-content\/uploads\/2024\/03\/Canal-Court-1_1000px-180x180.jpg\" class=\"attachment-thumbnail size-thumbnail\" alt=\"\" aria-describedby=\"gallery-1-31500\" \/><\/a>\n\t\t\t<\/dt>\n\t\t\t\t<dd class='wp-caption-text gallery-caption' id='gallery-1-31500'>\n\t\t\t\tShinonome Canal Court CODAN\n\t\t\t\t<\/dd><\/dl><dl class='gallery-item'>\n\t\t\t<dt class='gallery-icon landscape'>\n\t\t\t\t<a href='https:\/\/colegioarquitectos.com\/noticias\/?attachment_id=31501'><img loading=\"lazy\" decoding=\"async\" width=\"180\" height=\"180\" src=\"https:\/\/colegioarquitectos.com\/noticias\/wp-content\/uploads\/2024\/03\/Nishi-2_1000px-180x180.jpg\" class=\"attachment-thumbnail size-thumbnail\" alt=\"\" aria-describedby=\"gallery-1-31501\" \/><\/a>\n\t\t\t<\/dt>\n\t\t\t\t<dd class='wp-caption-text gallery-caption' id='gallery-1-31501'>\n\t\t\t\tHiroshima Nishi Fire Station\n\t\t\t\t<\/dd><\/dl><dl class='gallery-item'>\n\t\t\t<dt class='gallery-icon portrait'>\n\t\t\t\t<a href='https:\/\/colegioarquitectos.com\/noticias\/?attachment_id=31502'><img loading=\"lazy\" decoding=\"async\" width=\"180\" height=\"180\" src=\"https:\/\/colegioarquitectos.com\/noticias\/wp-content\/uploads\/2024\/03\/Tianjin-Library-3_1000px-180x180.jpg\" class=\"attachment-thumbnail size-thumbnail\" alt=\"\" aria-describedby=\"gallery-1-31502\" \/><\/a>\n\t\t\t<\/dt>\n\t\t\t\t<dd class='wp-caption-text gallery-caption' id='gallery-1-31502'>\n\t\t\t\tTianjin Library\n\t\t\t\t<\/dd><\/dl><br style=\"clear: both\" \/><dl class='gallery-item'>\n\t\t\t<dt class='gallery-icon landscape'>\n\t\t\t\t<a href='https:\/\/colegioarquitectos.com\/noticias\/?attachment_id=31503'><img loading=\"lazy\" decoding=\"async\" width=\"180\" height=\"180\" src=\"https:\/\/colegioarquitectos.com\/noticias\/wp-content\/uploads\/2024\/03\/Fussa-City-Hall-2_1000px-180x180.jpg\" class=\"attachment-thumbnail size-thumbnail\" alt=\"\" aria-describedby=\"gallery-1-31503\" \/><\/a>\n\t\t\t<\/dt>\n\t\t\t\t<dd class='wp-caption-text gallery-caption' id='gallery-1-31503'>\n\t\t\t\tFussa City Hall\n\t\t\t\t<\/dd><\/dl><dl class='gallery-item'>\n\t\t\t<dt class='gallery-icon landscape'>\n\t\t\t\t<a href='https:\/\/colegioarquitectos.com\/noticias\/?attachment_id=31504'><img loading=\"lazy\" decoding=\"async\" width=\"180\" height=\"180\" src=\"https:\/\/colegioarquitectos.com\/noticias\/wp-content\/uploads\/2024\/03\/Yokosuka-Museum-2_1000px-180x180.jpg\" class=\"attachment-thumbnail size-thumbnail\" alt=\"\" aria-describedby=\"gallery-1-31504\" \/><\/a>\n\t\t\t<\/dt>\n\t\t\t\t<dd class='wp-caption-text gallery-caption' id='gallery-1-31504'>\n\t\t\t\tYokosuka Museum of Art\n\t\t\t\t<\/dd><\/dl><dl class='gallery-item'>\n\t\t\t<dt class='gallery-icon landscape'>\n\t\t\t\t<a href='https:\/\/colegioarquitectos.com\/noticias\/?attachment_id=31505'><img loading=\"lazy\" decoding=\"async\" width=\"180\" height=\"180\" src=\"https:\/\/colegioarquitectos.com\/noticias\/wp-content\/uploads\/2024\/03\/Yokosuka-Museum-1_1000px-180x180.jpg\" class=\"attachment-thumbnail size-thumbnail\" alt=\"\" aria-describedby=\"gallery-1-31505\" \/><\/a>\n\t\t\t<\/dt>\n\t\t\t\t<dd class='wp-caption-text gallery-caption' id='gallery-1-31505'>\n\t\t\t\tYokosuka Museum of Art\n\t\t\t\t<\/dd><\/dl><br style=\"clear: both\" \/><dl class='gallery-item'>\n\t\t\t<dt class='gallery-icon landscape'>\n\t\t\t\t<a href='https:\/\/colegioarquitectos.com\/noticias\/?attachment_id=31506'><img loading=\"lazy\" decoding=\"async\" width=\"180\" height=\"180\" src=\"https:\/\/colegioarquitectos.com\/noticias\/wp-content\/uploads\/2024\/03\/Jian-Wai-SOHO-3_1000px-180x180.jpg\" class=\"attachment-thumbnail size-thumbnail\" alt=\"\" aria-describedby=\"gallery-1-31506\" \/><\/a>\n\t\t\t<\/dt>\n\t\t\t\t<dd class='wp-caption-text gallery-caption' id='gallery-1-31506'>\n\t\t\t\tJian Wai SOHO\n\t\t\t\t<\/dd><\/dl><dl class='gallery-item'>\n\t\t\t<dt class='gallery-icon landscape'>\n\t\t\t\t<a href='https:\/\/colegioarquitectos.com\/noticias\/?attachment_id=31507'><img loading=\"lazy\" decoding=\"async\" width=\"180\" height=\"180\" src=\"https:\/\/colegioarquitectos.com\/noticias\/wp-content\/uploads\/2024\/03\/Yamakawa-Villa-1_1000px-180x180.jpg\" class=\"attachment-thumbnail size-thumbnail\" alt=\"\" aria-describedby=\"gallery-1-31507\" \/><\/a>\n\t\t\t<\/dt>\n\t\t\t\t<dd class='wp-caption-text gallery-caption' id='gallery-1-31507'>\n\t\t\t\tYamakawa Villa\n\t\t\t\t<\/dd><\/dl>\n\t\t\t<br style='clear: both' \/>\n\t\t<\/div>\n\n<p>&nbsp;<\/p>\n<p><\/p>","protected":false},"excerpt":{"rendered":"<p>El arquitecto japon\u00e9s Riken Yamamoto fue seleccionado como el ganador del Premio Pritzker de Arquitectura 2024, el premio m\u00e1s importante que puede obtener un arquitecto o arquitecta a nivel mundial. \u00abEl Premio Pritzker se otorga en reconocimiento a aquellas cualidades &hellip; <a class=\"more-link\" href=\"https:\/\/colegioarquitectos.com\/noticias\/?p=31498\">ver m\u00e1s<\/a><\/p>","protected":false},"author":4,"featured_media":31509,"comment_status":"closed","ping_status":"closed","sticky":false,"template":"","format":"standard","meta":{"footnotes":""},"categories":[621,3],"tags":[185,785,182,784,183,181,783],"class_list":["post-31498","post","type-post","status-publish","format-standard","has-post-thumbnail","hentry","category-internacional","category-noticias","tag-alejandro-aravena","tag-japon","tag-premio-pritzker","tag-premio-pritzker-2024","tag-premio-pritzker-de-arquitectura","tag-pritzker","tag-riken-yamamoto"],"yoast_head":"<!-- This site is optimized with the Yoast SEO plugin v24.2 - https:\/\/yoast.com\/wordpress\/plugins\/seo\/ -->\n<title>Riken Yamamoto es el ganador del Premio Pritzker de Arquitectura 2024 - COLEGIO DE ARQUITECTOS DE CHILE<\/title>\n<meta name=\"robots\" content=\"index, follow, max-snippet:-1, max-image-preview:large, max-video-preview:-1\" \/>\n<link rel=\"canonical\" href=\"https:\/\/colegioarquitectos.com\/noticias\/?p=31498\" \/>\n<meta property=\"og:locale\" content=\"es_ES\" \/>\n<meta property=\"og:type\" content=\"article\" \/>\n<meta property=\"og:title\" content=\"Riken Yamamoto es el ganador del Premio Pritzker de Arquitectura 2024 - COLEGIO DE ARQUITECTOS DE CHILE\" \/>\n<meta property=\"og:description\" content=\"El arquitecto japon\u00e9s Riken Yamamoto fue seleccionado como el ganador del Premio Pritzker de Arquitectura 2024, el premio m\u00e1s importante que puede obtener un arquitecto o arquitecta a nivel mundial. \u00abEl Premio Pritzker se otorga en reconocimiento a aquellas cualidades &hellip; ver m\u00e1s\" \/>\n<meta property=\"og:url\" content=\"https:\/\/colegioarquitectos.com\/noticias\/?p=31498\" \/>\n<meta property=\"og:site_name\" content=\"COLEGIO DE ARQUITECTOS DE CHILE\" \/>\n<meta property=\"article:publisher\" content=\"https:\/\/facebook.com\/Colegioarq\/\" \/>\n<meta property=\"article:published_time\" content=\"2024-03-05T15:10:32+00:00\" \/>\n<meta property=\"article:modified_time\" content=\"2024-03-05T15:27:01+00:00\" \/>\n<meta property=\"og:image\" content=\"https:\/\/colegioarquitectos.com\/noticias\/wp-content\/uploads\/2024\/03\/ENCABEZADO-PRITZKER.png\" \/>\n\t<meta property=\"og:image:width\" content=\"1280\" \/>\n\t<meta property=\"og:image:height\" content=\"720\" \/>\n\t<meta property=\"og:image:type\" content=\"image\/png\" \/>\n<meta name=\"author\" content=\"Colegio de Arquitectos de Chile\" \/>\n<meta name=\"twitter:card\" content=\"summary_large_image\" \/>\n<meta name=\"twitter:creator\" content=\"@colegioarq\" \/>\n<meta name=\"twitter:site\" content=\"@colegioarq\" \/>\n<meta name=\"twitter:label1\" content=\"Escrito por\" \/>\n\t<meta name=\"twitter:data1\" content=\"Colegio de Arquitectos de Chile\" \/>\n\t<meta name=\"twitter:label2\" content=\"Tiempo de lectura\" \/>\n\t<meta name=\"twitter:data2\" content=\"7 minutos\" \/>\n<script type=\"application\/ld+json\" class=\"yoast-schema-graph\">{\"@context\":\"https:\/\/schema.org\",\"@graph\":[{\"@type\":\"Article\",\"@id\":\"https:\/\/colegioarquitectos.com\/noticias\/?p=31498#article\",\"isPartOf\":{\"@id\":\"https:\/\/colegioarquitectos.com\/noticias\/?p=31498\"},\"author\":{\"name\":\"Colegio de Arquitectos de Chile\",\"@id\":\"https:\/\/colegioarquitectos.com\/noticias\/#\/schema\/person\/685cc0aad148303c5608f049af8285ad\"},\"headline\":\"Riken Yamamoto es el ganador del Premio Pritzker de Arquitectura 2024\",\"datePublished\":\"2024-03-05T15:10:32+00:00\",\"dateModified\":\"2024-03-05T15:27:01+00:00\",\"mainEntityOfPage\":{\"@id\":\"https:\/\/colegioarquitectos.com\/noticias\/?p=31498\"},\"wordCount\":1385,\"publisher\":{\"@id\":\"https:\/\/colegioarquitectos.com\/noticias\/#organization\"},\"image\":{\"@id\":\"https:\/\/colegioarquitectos.com\/noticias\/?p=31498#primaryimage\"},\"thumbnailUrl\":\"https:\/\/colegioarquitectos.com\/noticias\/wp-content\/uploads\/2024\/03\/ENCABEZADO-PRITZKER.png\",\"keywords\":[\"Alejandro Aravena\",\"Jap\u00f3n\",\"Premio Pritzker\",\"Premio Pritzker 2024\",\"Premio Pritzker de Arquitectura\",\"Pritzker\",\"Riken Yamamoto\"],\"articleSection\":[\"Internacional\",\"Noticias\"],\"inLanguage\":\"es\"},{\"@type\":\"WebPage\",\"@id\":\"https:\/\/colegioarquitectos.com\/noticias\/?p=31498\",\"url\":\"https:\/\/colegioarquitectos.com\/noticias\/?p=31498\",\"name\":\"Riken Yamamoto es el ganador del Premio Pritzker de Arquitectura 2024 - COLEGIO DE ARQUITECTOS DE CHILE\",\"isPartOf\":{\"@id\":\"https:\/\/colegioarquitectos.com\/noticias\/#website\"},\"primaryImageOfPage\":{\"@id\":\"https:\/\/colegioarquitectos.com\/noticias\/?p=31498#primaryimage\"},\"image\":{\"@id\":\"https:\/\/colegioarquitectos.com\/noticias\/?p=31498#primaryimage\"},\"thumbnailUrl\":\"https:\/\/colegioarquitectos.com\/noticias\/wp-content\/uploads\/2024\/03\/ENCABEZADO-PRITZKER.png\",\"datePublished\":\"2024-03-05T15:10:32+00:00\",\"dateModified\":\"2024-03-05T15:27:01+00:00\",\"breadcrumb\":{\"@id\":\"https:\/\/colegioarquitectos.com\/noticias\/?p=31498#breadcrumb\"},\"inLanguage\":\"es\",\"potentialAction\":[{\"@type\":\"ReadAction\",\"target\":[\"https:\/\/colegioarquitectos.com\/noticias\/?p=31498\"]}]},{\"@type\":\"ImageObject\",\"inLanguage\":\"es\",\"@id\":\"https:\/\/colegioarquitectos.com\/noticias\/?p=31498#primaryimage\",\"url\":\"https:\/\/colegioarquitectos.com\/noticias\/wp-content\/uploads\/2024\/03\/ENCABEZADO-PRITZKER.png\",\"contentUrl\":\"https:\/\/colegioarquitectos.com\/noticias\/wp-content\/uploads\/2024\/03\/ENCABEZADO-PRITZKER.png\",\"width\":1280,\"height\":720},{\"@type\":\"BreadcrumbList\",\"@id\":\"https:\/\/colegioarquitectos.com\/noticias\/?p=31498#breadcrumb\",\"itemListElement\":[{\"@type\":\"ListItem\",\"position\":1,\"name\":\"Portada\",\"item\":\"https:\/\/colegioarquitectos.com\/noticias\"},{\"@type\":\"ListItem\",\"position\":2,\"name\":\"Riken Yamamoto es el ganador del Premio Pritzker de Arquitectura 2024\"}]},{\"@type\":\"WebSite\",\"@id\":\"https:\/\/colegioarquitectos.com\/noticias\/#website\",\"url\":\"https:\/\/colegioarquitectos.com\/noticias\/\",\"name\":\"COLEGIO DE ARQUITECTOS DE CHILE\",\"description\":\"\",\"publisher\":{\"@id\":\"https:\/\/colegioarquitectos.com\/noticias\/#organization\"},\"potentialAction\":[{\"@type\":\"SearchAction\",\"target\":{\"@type\":\"EntryPoint\",\"urlTemplate\":\"https:\/\/colegioarquitectos.com\/noticias\/?s={search_term_string}\"},\"query-input\":{\"@type\":\"PropertyValueSpecification\",\"valueRequired\":true,\"valueName\":\"search_term_string\"}}],\"inLanguage\":\"es\"},{\"@type\":\"Organization\",\"@id\":\"https:\/\/colegioarquitectos.com\/noticias\/#organization\",\"name\":\"COLEGIO DE ARQUITECTOS DE CHILE\",\"url\":\"https:\/\/colegioarquitectos.com\/noticias\/\",\"logo\":{\"@type\":\"ImageObject\",\"inLanguage\":\"es\",\"@id\":\"https:\/\/colegioarquitectos.com\/noticias\/#\/schema\/logo\/image\/\",\"url\":\"https:\/\/colegioarquitectos.com\/noticias\/wp-content\/uploads\/2021\/05\/ENCABEZADO-LOGO-CA.jpg\",\"contentUrl\":\"https:\/\/colegioarquitectos.com\/noticias\/wp-content\/uploads\/2021\/05\/ENCABEZADO-LOGO-CA.jpg\",\"width\":690,\"height\":350,\"caption\":\"COLEGIO DE ARQUITECTOS DE CHILE\"},\"image\":{\"@id\":\"https:\/\/colegioarquitectos.com\/noticias\/#\/schema\/logo\/image\/\"},\"sameAs\":[\"https:\/\/facebook.com\/Colegioarq\/\",\"https:\/\/x.com\/colegioarq\",\"https:\/\/instagram.com\/colegioarq\",\"https:\/\/youtube.com\/@ColegiodeArquitectosdeChile\"]},{\"@type\":\"Person\",\"@id\":\"https:\/\/colegioarquitectos.com\/noticias\/#\/schema\/person\/685cc0aad148303c5608f049af8285ad\",\"name\":\"Colegio de Arquitectos de Chile\",\"url\":\"https:\/\/colegioarquitectos.com\/noticias\/?author=4\"}]}<\/script>\n<!-- \/ Yoast SEO plugin. -->","yoast_head_json":{"title":"Riken Yamamoto es el ganador del Premio Pritzker de Arquitectura 2024 - COLEGIO DE ARQUITECTOS DE CHILE","robots":{"index":"index","follow":"follow","max-snippet":"max-snippet:-1","max-image-preview":"max-image-preview:large","max-video-preview":"max-video-preview:-1"},"canonical":"https:\/\/colegioarquitectos.com\/noticias\/?p=31498","og_locale":"es_ES","og_type":"article","og_title":"Riken Yamamoto es el ganador del Premio Pritzker de Arquitectura 2024 - COLEGIO DE ARQUITECTOS DE CHILE","og_description":"El arquitecto japon\u00e9s Riken Yamamoto fue seleccionado como el ganador del Premio Pritzker de Arquitectura 2024, el premio m\u00e1s importante que puede obtener un arquitecto o arquitecta a nivel mundial. \u00abEl Premio Pritzker se otorga en reconocimiento a aquellas cualidades &hellip; ver m\u00e1s","og_url":"https:\/\/colegioarquitectos.com\/noticias\/?p=31498","og_site_name":"COLEGIO DE ARQUITECTOS DE CHILE","article_publisher":"https:\/\/facebook.com\/Colegioarq\/","article_published_time":"2024-03-05T15:10:32+00:00","article_modified_time":"2024-03-05T15:27:01+00:00","og_image":[{"width":1280,"height":720,"url":"https:\/\/colegioarquitectos.com\/noticias\/wp-content\/uploads\/2024\/03\/ENCABEZADO-PRITZKER.png","type":"image\/png"}],"author":"Colegio de Arquitectos de Chile","twitter_card":"summary_large_image","twitter_creator":"@colegioarq","twitter_site":"@colegioarq","twitter_misc":{"Escrito por":"Colegio de Arquitectos de Chile","Tiempo de lectura":"7 minutos"},"schema":{"@context":"https:\/\/schema.org","@graph":[{"@type":"Article","@id":"https:\/\/colegioarquitectos.com\/noticias\/?p=31498#article","isPartOf":{"@id":"https:\/\/colegioarquitectos.com\/noticias\/?p=31498"},"author":{"name":"Colegio de Arquitectos de Chile","@id":"https:\/\/colegioarquitectos.com\/noticias\/#\/schema\/person\/685cc0aad148303c5608f049af8285ad"},"headline":"Riken Yamamoto es el ganador del Premio Pritzker de Arquitectura 2024","datePublished":"2024-03-05T15:10:32+00:00","dateModified":"2024-03-05T15:27:01+00:00","mainEntityOfPage":{"@id":"https:\/\/colegioarquitectos.com\/noticias\/?p=31498"},"wordCount":1385,"publisher":{"@id":"https:\/\/colegioarquitectos.com\/noticias\/#organization"},"image":{"@id":"https:\/\/colegioarquitectos.com\/noticias\/?p=31498#primaryimage"},"thumbnailUrl":"https:\/\/colegioarquitectos.com\/noticias\/wp-content\/uploads\/2024\/03\/ENCABEZADO-PRITZKER.png","keywords":["Alejandro Aravena","Jap\u00f3n","Premio Pritzker","Premio Pritzker 2024","Premio Pritzker de Arquitectura","Pritzker","Riken Yamamoto"],"articleSection":["Internacional","Noticias"],"inLanguage":"es"},{"@type":"WebPage","@id":"https:\/\/colegioarquitectos.com\/noticias\/?p=31498","url":"https:\/\/colegioarquitectos.com\/noticias\/?p=31498","name":"Riken Yamamoto es el ganador del Premio Pritzker de Arquitectura 2024 - COLEGIO DE ARQUITECTOS DE CHILE","isPartOf":{"@id":"https:\/\/colegioarquitectos.com\/noticias\/#website"},"primaryImageOfPage":{"@id":"https:\/\/colegioarquitectos.com\/noticias\/?p=31498#primaryimage"},"image":{"@id":"https:\/\/colegioarquitectos.com\/noticias\/?p=31498#primaryimage"},"thumbnailUrl":"https:\/\/colegioarquitectos.com\/noticias\/wp-content\/uploads\/2024\/03\/ENCABEZADO-PRITZKER.png","datePublished":"2024-03-05T15:10:32+00:00","dateModified":"2024-03-05T15:27:01+00:00","breadcrumb":{"@id":"https:\/\/colegioarquitectos.com\/noticias\/?p=31498#breadcrumb"},"inLanguage":"es","potentialAction":[{"@type":"ReadAction","target":["https:\/\/colegioarquitectos.com\/noticias\/?p=31498"]}]},{"@type":"ImageObject","inLanguage":"es","@id":"https:\/\/colegioarquitectos.com\/noticias\/?p=31498#primaryimage","url":"https:\/\/colegioarquitectos.com\/noticias\/wp-content\/uploads\/2024\/03\/ENCABEZADO-PRITZKER.png","contentUrl":"https:\/\/colegioarquitectos.com\/noticias\/wp-content\/uploads\/2024\/03\/ENCABEZADO-PRITZKER.png","width":1280,"height":720},{"@type":"BreadcrumbList","@id":"https:\/\/colegioarquitectos.com\/noticias\/?p=31498#breadcrumb","itemListElement":[{"@type":"ListItem","position":1,"name":"Portada","item":"https:\/\/colegioarquitectos.com\/noticias"},{"@type":"ListItem","position":2,"name":"Riken Yamamoto es el ganador del Premio Pritzker de Arquitectura 2024"}]},{"@type":"WebSite","@id":"https:\/\/colegioarquitectos.com\/noticias\/#website","url":"https:\/\/colegioarquitectos.com\/noticias\/","name":"COLEGIO DE ARQUITECTOS DE CHILE","description":"","publisher":{"@id":"https:\/\/colegioarquitectos.com\/noticias\/#organization"},"potentialAction":[{"@type":"SearchAction","target":{"@type":"EntryPoint","urlTemplate":"https:\/\/colegioarquitectos.com\/noticias\/?s={search_term_string}"},"query-input":{"@type":"PropertyValueSpecification","valueRequired":true,"valueName":"search_term_string"}}],"inLanguage":"es"},{"@type":"Organization","@id":"https:\/\/colegioarquitectos.com\/noticias\/#organization","name":"COLEGIO DE ARQUITECTOS DE CHILE","url":"https:\/\/colegioarquitectos.com\/noticias\/","logo":{"@type":"ImageObject","inLanguage":"es","@id":"https:\/\/colegioarquitectos.com\/noticias\/#\/schema\/logo\/image\/","url":"https:\/\/colegioarquitectos.com\/noticias\/wp-content\/uploads\/2021\/05\/ENCABEZADO-LOGO-CA.jpg","contentUrl":"https:\/\/colegioarquitectos.com\/noticias\/wp-content\/uploads\/2021\/05\/ENCABEZADO-LOGO-CA.jpg","width":690,"height":350,"caption":"COLEGIO DE ARQUITECTOS DE CHILE"},"image":{"@id":"https:\/\/colegioarquitectos.com\/noticias\/#\/schema\/logo\/image\/"},"sameAs":["https:\/\/facebook.com\/Colegioarq\/","https:\/\/x.com\/colegioarq","https:\/\/instagram.com\/colegioarq","https:\/\/youtube.com\/@ColegiodeArquitectosdeChile"]},{"@type":"Person","@id":"https:\/\/colegioarquitectos.com\/noticias\/#\/schema\/person\/685cc0aad148303c5608f049af8285ad","name":"Colegio de Arquitectos de Chile","url":"https:\/\/colegioarquitectos.com\/noticias\/?author=4"}]}},"_links":{"self":[{"href":"https:\/\/colegioarquitectos.com\/noticias\/index.php?rest_route=\/wp\/v2\/posts\/31498","targetHints":{"allow":["GET"]}}],"collection":[{"href":"https:\/\/colegioarquitectos.com\/noticias\/index.php?rest_route=\/wp\/v2\/posts"}],"about":[{"href":"https:\/\/colegioarquitectos.com\/noticias\/index.php?rest_route=\/wp\/v2\/types\/post"}],"author":[{"embeddable":true,"href":"https:\/\/colegioarquitectos.com\/noticias\/index.php?rest_route=\/wp\/v2\/users\/4"}],"replies":[{"embeddable":true,"href":"https:\/\/colegioarquitectos.com\/noticias\/index.php?rest_route=%2Fwp%2Fv2%2Fcomments&post=31498"}],"version-history":[{"count":0,"href":"https:\/\/colegioarquitectos.com\/noticias\/index.php?rest_route=\/wp\/v2\/posts\/31498\/revisions"}],"wp:featuredmedia":[{"embeddable":true,"href":"https:\/\/colegioarquitectos.com\/noticias\/index.php?rest_route=\/wp\/v2\/media\/31509"}],"wp:attachment":[{"href":"https:\/\/colegioarquitectos.com\/noticias\/index.php?rest_route=%2Fwp%2Fv2%2Fmedia&parent=31498"}],"wp:term":[{"taxonomy":"category","embeddable":true,"href":"https:\/\/colegioarquitectos.com\/noticias\/index.php?rest_route=%2Fwp%2Fv2%2Fcategories&post=31498"},{"taxonomy":"post_tag","embeddable":true,"href":"https:\/\/colegioarquitectos.com\/noticias\/index.php?rest_route=%2Fwp%2Fv2%2Ftags&post=31498"}],"curies":[{"name":"wp","href":"https:\/\/api.w.org\/{rel}","templated":true}]}}