
{"id":31530,"date":"2024-03-11T15:13:48","date_gmt":"2024-03-11T19:13:48","guid":{"rendered":"https:\/\/colegioarquitectos.com\/?p=31530"},"modified":"2024-03-11T15:13:48","modified_gmt":"2024-03-11T19:13:48","slug":"colegio-de-arquitectos-de-chile-obtiene-financiamiento-del-fondo-del-patrimonio-cultural-entregado-por-el-ministerio-de-las-culturas-las-artes-y-el-patrimonio","status":"publish","type":"post","link":"https:\/\/colegioarquitectos.com\/noticias\/?p=31530","title":{"rendered":"Colegio de Arquitectos de Chile obtiene financiamiento del Fondo del Patrimonio Cultural entregado por el ministerio de las Culturas, las Artes y el Patrimonio"},"content":{"rendered":"<p>El <strong>Colegio de Arquitectos de Chile<\/strong> se adjudic\u00f3 financiamiento del<strong> Fondo del Patrimonio Cultural<\/strong> en su convocatoria <strong>2023<\/strong>,\u00a0 <strong>l\u00ednea \u00abConcurso Nacional &#8211; Intervenci\u00f3n en inmuebles con protecci\u00f3n oficial\u00bb<\/strong>, entregado por el <strong>ministerio de las Culturas, las Artes y el Patrimonio<\/strong>.<\/p>\n<p>La <strong>quinta convocatoria<\/strong> de este fondo concursable, en esta oportunidad, distingui\u00f3 a <strong>101 iniciativas<\/strong> que se repartir\u00e1n un total de<strong> $2.006.489.039.<\/strong> De las diversas propuestas, <strong>84<\/strong> fueron elegidas en el Concurso Regional y <strong>17<\/strong> <strong>en el Concurso Nacional, entre las que se cuenta la del Colegio de Arquitectos de Chile.<\/strong><\/p>\n<p>La iniciativa presentada por nuestra <strong>Unidad de Proyectos<\/strong> llamada <strong>\u00abReposici\u00f3n techumbre Sede Nacional Colegio de Arquitectos\u00bb<\/strong>, consiste en el <strong>cambio de la totalidad de las planchas que componen actualmente la sobrecubierta, que no garantizan la correcta evacuaci\u00f3n de aguas lluvias y, por su fr\u00e1gil estado, no pueden ser nuevamente reparadas<\/strong>. En reemplazo, <strong>se propone iniciar un proceso de desmontaje de las cubiertas antiguas, revisar y limpiar las bajadas de las aguas lluvias, e instalar una nueva cubierta de planchas PV4, forros y sellos en los encuentros<\/strong>.<\/p>\n<p><strong>A trav\u00e9s de esta mejora se busca detener el deterioro causado por el ingreso de las aguas lluvias al interior del inmueble, que ha producido da\u00f1os en los muros, losas y elementos decorativos.<\/strong><\/p>\n<p>El proyecto deber\u00e1 ser implementado por el Colegio de Arquitectos de Chile durante <strong>2024<\/strong> a trav\u00e9s del <strong>Grupo Praedio<\/strong>, a cargo de la obra; <strong>Fundaci\u00f3n Aldea<\/strong>, que liderar\u00e1 la participaci\u00f3n ciudadana; y nuestro <strong>Comit\u00e9 de Patrimonio Arquitect\u00f3nico y Ambiental<\/strong>, a cargo de la difusi\u00f3n y acompa\u00f1amiento.<\/p>\n<p>&nbsp;<\/p>\n<p><\/p>","protected":false},"excerpt":{"rendered":"<p>El Colegio de Arquitectos de Chile se adjudic\u00f3 financiamiento del Fondo del Patrimonio Cultural en su convocatoria 2023,\u00a0 l\u00ednea \u00abConcurso Nacional &#8211; Intervenci\u00f3n en inmuebles con protecci\u00f3n oficial\u00bb, entregado por el ministerio de las Culturas, las Artes y el Patrimonio. &hellip; <a class=\"more-link\" href=\"https:\/\/colegioarquitectos.com\/noticias\/?p=31530\">ver m\u00e1s<\/a><\/p>","protected":false},"author":4,"featured_media":31531,"comment_status":"closed","ping_status":"closed","sticky":false,"template":"","format":"standard","meta":{"footnotes":""},"categories":[8],"tags":[352,797,794,560,315,795,796,798],"class_list":["post-31530","post","type-post","status-publish","format-standard","has-post-thumbnail","hentry","category-colegio-de-arquitectos","tag-comite-de-patrimonio-arquitectonico-y-ambiental","tag-concurso-nacional","tag-fondo-del-patrimonio-cultural","tag-fundacion-aldea","tag-grupo-praedio","tag-ministerio-de-las-culturas-las-artes-y-el-patrimonio","tag-reposicion-techumbre-sede-nacional-colegio-de-arquitectos","tag-unidad-de-proyectos"],"yoast_head":"<!-- This site is optimized with the Yoast SEO plugin v24.2 - https:\/\/yoast.com\/wordpress\/plugins\/seo\/ -->\n<title>Colegio de Arquitectos de Chile obtiene financiamiento del Fondo del Patrimonio Cultural entregado por el ministerio de las Culturas, las Artes y el Patrimonio - COLEGIO DE ARQUITECTOS DE CHILE<\/title>\n<meta name=\"robots\" content=\"index, follow, max-snippet:-1, max-image-preview:large, max-video-preview:-1\" \/>\n<link rel=\"canonical\" href=\"https:\/\/colegioarquitectos.com\/noticias\/?p=31530\" \/>\n<meta property=\"og:locale\" content=\"es_ES\" \/>\n<meta property=\"og:type\" content=\"article\" \/>\n<meta property=\"og:title\" content=\"Colegio de Arquitectos de Chile obtiene financiamiento del Fondo del Patrimonio Cultural entregado por el ministerio de las Culturas, las Artes y el Patrimonio - COLEGIO DE ARQUITECTOS DE CHILE\" \/>\n<meta property=\"og:description\" content=\"El Colegio de Arquitectos de Chile se adjudic\u00f3 financiamiento del Fondo del Patrimonio Cultural en su convocatoria 2023,\u00a0 l\u00ednea \u00abConcurso Nacional &#8211; Intervenci\u00f3n en inmuebles con protecci\u00f3n oficial\u00bb, entregado por el ministerio de las Culturas, las Artes y el Patrimonio. &hellip; ver m\u00e1s\" \/>\n<meta property=\"og:url\" content=\"https:\/\/colegioarquitectos.com\/noticias\/?p=31530\" \/>\n<meta property=\"og:site_name\" content=\"COLEGIO DE ARQUITECTOS DE CHILE\" \/>\n<meta property=\"article:publisher\" content=\"https:\/\/facebook.com\/Colegioarq\/\" \/>\n<meta property=\"article:published_time\" content=\"2024-03-11T19:13:48+00:00\" \/>\n<meta property=\"og:image\" content=\"https:\/\/colegioarquitectos.com\/noticias\/wp-content\/uploads\/2024\/03\/ENCABEZADO-ANUNCIOS-Y-ETX.png\" \/>\n\t<meta property=\"og:image:width\" content=\"1280\" \/>\n\t<meta property=\"og:image:height\" content=\"720\" \/>\n\t<meta property=\"og:image:type\" content=\"image\/png\" \/>\n<meta name=\"author\" content=\"Colegio de Arquitectos de Chile\" \/>\n<meta name=\"twitter:card\" content=\"summary_large_image\" \/>\n<meta name=\"twitter:creator\" content=\"@colegioarq\" \/>\n<meta name=\"twitter:site\" content=\"@colegioarq\" \/>\n<meta name=\"twitter:label1\" content=\"Escrito por\" \/>\n\t<meta name=\"twitter:data1\" content=\"Colegio de Arquitectos de Chile\" \/>\n\t<meta name=\"twitter:label2\" content=\"Tiempo de lectura\" \/>\n\t<meta name=\"twitter:data2\" content=\"1 minuto\" \/>\n<script type=\"application\/ld+json\" class=\"yoast-schema-graph\">{\"@context\":\"https:\/\/schema.org\",\"@graph\":[{\"@type\":\"Article\",\"@id\":\"https:\/\/colegioarquitectos.com\/noticias\/?p=31530#article\",\"isPartOf\":{\"@id\":\"https:\/\/colegioarquitectos.com\/noticias\/?p=31530\"},\"author\":{\"name\":\"Colegio de Arquitectos de Chile\",\"@id\":\"https:\/\/colegioarquitectos.com\/noticias\/#\/schema\/person\/685cc0aad148303c5608f049af8285ad\"},\"headline\":\"Colegio de Arquitectos de Chile obtiene financiamiento del Fondo del Patrimonio Cultural entregado por el ministerio de las Culturas, las Artes y el Patrimonio\",\"datePublished\":\"2024-03-11T19:13:48+00:00\",\"dateModified\":\"2024-03-11T19:13:48+00:00\",\"mainEntityOfPage\":{\"@id\":\"https:\/\/colegioarquitectos.com\/noticias\/?p=31530\"},\"wordCount\":289,\"publisher\":{\"@id\":\"https:\/\/colegioarquitectos.com\/noticias\/#organization\"},\"image\":{\"@id\":\"https:\/\/colegioarquitectos.com\/noticias\/?p=31530#primaryimage\"},\"thumbnailUrl\":\"https:\/\/colegioarquitectos.com\/noticias\/wp-content\/uploads\/2024\/03\/ENCABEZADO-ANUNCIOS-Y-ETX.png\",\"keywords\":[\"Comit\u00e9 de Patrimonio Arquitect\u00f3nico y Ambiental\",\"Concurso nacional\",\"Fondo del Patrimonio Cultural\",\"Fundaci\u00f3n Aldea\",\"Grupo Praedio\",\"ministerio de las Culturas las Artes y el Patrimonio\",\"Reposici\u00f3n techumbre Sede Nacional Colegio de Arquitectos\",\"Unidad de Proyectos\"],\"articleSection\":[\"Colegio\"],\"inLanguage\":\"es\"},{\"@type\":\"WebPage\",\"@id\":\"https:\/\/colegioarquitectos.com\/noticias\/?p=31530\",\"url\":\"https:\/\/colegioarquitectos.com\/noticias\/?p=31530\",\"name\":\"Colegio de Arquitectos de Chile obtiene financiamiento del Fondo del Patrimonio Cultural entregado por el ministerio de las Culturas, las Artes y el Patrimonio - COLEGIO DE ARQUITECTOS DE CHILE\",\"isPartOf\":{\"@id\":\"https:\/\/colegioarquitectos.com\/noticias\/#website\"},\"primaryImageOfPage\":{\"@id\":\"https:\/\/colegioarquitectos.com\/noticias\/?p=31530#primaryimage\"},\"image\":{\"@id\":\"https:\/\/colegioarquitectos.com\/noticias\/?p=31530#primaryimage\"},\"thumbnailUrl\":\"https:\/\/colegioarquitectos.com\/noticias\/wp-content\/uploads\/2024\/03\/ENCABEZADO-ANUNCIOS-Y-ETX.png\",\"datePublished\":\"2024-03-11T19:13:48+00:00\",\"dateModified\":\"2024-03-11T19:13:48+00:00\",\"breadcrumb\":{\"@id\":\"https:\/\/colegioarquitectos.com\/noticias\/?p=31530#breadcrumb\"},\"inLanguage\":\"es\",\"potentialAction\":[{\"@type\":\"ReadAction\",\"target\":[\"https:\/\/colegioarquitectos.com\/noticias\/?p=31530\"]}]},{\"@type\":\"ImageObject\",\"inLanguage\":\"es\",\"@id\":\"https:\/\/colegioarquitectos.com\/noticias\/?p=31530#primaryimage\",\"url\":\"https:\/\/colegioarquitectos.com\/noticias\/wp-content\/uploads\/2024\/03\/ENCABEZADO-ANUNCIOS-Y-ETX.png\",\"contentUrl\":\"https:\/\/colegioarquitectos.com\/noticias\/wp-content\/uploads\/2024\/03\/ENCABEZADO-ANUNCIOS-Y-ETX.png\",\"width\":1280,\"height\":720},{\"@type\":\"BreadcrumbList\",\"@id\":\"https:\/\/colegioarquitectos.com\/noticias\/?p=31530#breadcrumb\",\"itemListElement\":[{\"@type\":\"ListItem\",\"position\":1,\"name\":\"Portada\",\"item\":\"https:\/\/colegioarquitectos.com\/noticias\"},{\"@type\":\"ListItem\",\"position\":2,\"name\":\"Colegio de Arquitectos de Chile obtiene financiamiento del Fondo del Patrimonio Cultural entregado por el ministerio de las Culturas, las Artes y el Patrimonio\"}]},{\"@type\":\"WebSite\",\"@id\":\"https:\/\/colegioarquitectos.com\/noticias\/#website\",\"url\":\"https:\/\/colegioarquitectos.com\/noticias\/\",\"name\":\"COLEGIO DE ARQUITECTOS DE CHILE\",\"description\":\"\",\"publisher\":{\"@id\":\"https:\/\/colegioarquitectos.com\/noticias\/#organization\"},\"potentialAction\":[{\"@type\":\"SearchAction\",\"target\":{\"@type\":\"EntryPoint\",\"urlTemplate\":\"https:\/\/colegioarquitectos.com\/noticias\/?s={search_term_string}\"},\"query-input\":{\"@type\":\"PropertyValueSpecification\",\"valueRequired\":true,\"valueName\":\"search_term_string\"}}],\"inLanguage\":\"es\"},{\"@type\":\"Organization\",\"@id\":\"https:\/\/colegioarquitectos.com\/noticias\/#organization\",\"name\":\"COLEGIO DE ARQUITECTOS DE CHILE\",\"url\":\"https:\/\/colegioarquitectos.com\/noticias\/\",\"logo\":{\"@type\":\"ImageObject\",\"inLanguage\":\"es\",\"@id\":\"https:\/\/colegioarquitectos.com\/noticias\/#\/schema\/logo\/image\/\",\"url\":\"https:\/\/colegioarquitectos.com\/noticias\/wp-content\/uploads\/2021\/05\/ENCABEZADO-LOGO-CA.jpg\",\"contentUrl\":\"https:\/\/colegioarquitectos.com\/noticias\/wp-content\/uploads\/2021\/05\/ENCABEZADO-LOGO-CA.jpg\",\"width\":690,\"height\":350,\"caption\":\"COLEGIO DE ARQUITECTOS DE CHILE\"},\"image\":{\"@id\":\"https:\/\/colegioarquitectos.com\/noticias\/#\/schema\/logo\/image\/\"},\"sameAs\":[\"https:\/\/facebook.com\/Colegioarq\/\",\"https:\/\/x.com\/colegioarq\",\"https:\/\/instagram.com\/colegioarq\",\"https:\/\/youtube.com\/@ColegiodeArquitectosdeChile\"]},{\"@type\":\"Person\",\"@id\":\"https:\/\/colegioarquitectos.com\/noticias\/#\/schema\/person\/685cc0aad148303c5608f049af8285ad\",\"name\":\"Colegio de Arquitectos de Chile\",\"url\":\"https:\/\/colegioarquitectos.com\/noticias\/?author=4\"}]}<\/script>\n<!-- \/ Yoast SEO plugin. -->","yoast_head_json":{"title":"Colegio de Arquitectos de Chile obtiene financiamiento del Fondo del Patrimonio Cultural entregado por el ministerio de las Culturas, las Artes y el Patrimonio - COLEGIO DE ARQUITECTOS DE CHILE","robots":{"index":"index","follow":"follow","max-snippet":"max-snippet:-1","max-image-preview":"max-image-preview:large","max-video-preview":"max-video-preview:-1"},"canonical":"https:\/\/colegioarquitectos.com\/noticias\/?p=31530","og_locale":"es_ES","og_type":"article","og_title":"Colegio de Arquitectos de Chile obtiene financiamiento del Fondo del Patrimonio Cultural entregado por el ministerio de las Culturas, las Artes y el Patrimonio - COLEGIO DE ARQUITECTOS DE CHILE","og_description":"El Colegio de Arquitectos de Chile se adjudic\u00f3 financiamiento del Fondo del Patrimonio Cultural en su convocatoria 2023,\u00a0 l\u00ednea \u00abConcurso Nacional &#8211; Intervenci\u00f3n en inmuebles con protecci\u00f3n oficial\u00bb, entregado por el ministerio de las Culturas, las Artes y el Patrimonio. &hellip; ver m\u00e1s","og_url":"https:\/\/colegioarquitectos.com\/noticias\/?p=31530","og_site_name":"COLEGIO DE ARQUITECTOS DE CHILE","article_publisher":"https:\/\/facebook.com\/Colegioarq\/","article_published_time":"2024-03-11T19:13:48+00:00","og_image":[{"width":1280,"height":720,"url":"https:\/\/colegioarquitectos.com\/noticias\/wp-content\/uploads\/2024\/03\/ENCABEZADO-ANUNCIOS-Y-ETX.png","type":"image\/png"}],"author":"Colegio de Arquitectos de Chile","twitter_card":"summary_large_image","twitter_creator":"@colegioarq","twitter_site":"@colegioarq","twitter_misc":{"Escrito por":"Colegio de Arquitectos de Chile","Tiempo de lectura":"1 minuto"},"schema":{"@context":"https:\/\/schema.org","@graph":[{"@type":"Article","@id":"https:\/\/colegioarquitectos.com\/noticias\/?p=31530#article","isPartOf":{"@id":"https:\/\/colegioarquitectos.com\/noticias\/?p=31530"},"author":{"name":"Colegio de Arquitectos de Chile","@id":"https:\/\/colegioarquitectos.com\/noticias\/#\/schema\/person\/685cc0aad148303c5608f049af8285ad"},"headline":"Colegio de Arquitectos de Chile obtiene financiamiento del Fondo del Patrimonio Cultural entregado por el ministerio de las Culturas, las Artes y el Patrimonio","datePublished":"2024-03-11T19:13:48+00:00","dateModified":"2024-03-11T19:13:48+00:00","mainEntityOfPage":{"@id":"https:\/\/colegioarquitectos.com\/noticias\/?p=31530"},"wordCount":289,"publisher":{"@id":"https:\/\/colegioarquitectos.com\/noticias\/#organization"},"image":{"@id":"https:\/\/colegioarquitectos.com\/noticias\/?p=31530#primaryimage"},"thumbnailUrl":"https:\/\/colegioarquitectos.com\/noticias\/wp-content\/uploads\/2024\/03\/ENCABEZADO-ANUNCIOS-Y-ETX.png","keywords":["Comit\u00e9 de Patrimonio Arquitect\u00f3nico y Ambiental","Concurso nacional","Fondo del Patrimonio Cultural","Fundaci\u00f3n Aldea","Grupo Praedio","ministerio de las Culturas las Artes y el Patrimonio","Reposici\u00f3n techumbre Sede Nacional Colegio de Arquitectos","Unidad de Proyectos"],"articleSection":["Colegio"],"inLanguage":"es"},{"@type":"WebPage","@id":"https:\/\/colegioarquitectos.com\/noticias\/?p=31530","url":"https:\/\/colegioarquitectos.com\/noticias\/?p=31530","name":"Colegio de Arquitectos de Chile obtiene financiamiento del Fondo del Patrimonio Cultural entregado por el ministerio de las Culturas, las Artes y el Patrimonio - COLEGIO DE ARQUITECTOS DE CHILE","isPartOf":{"@id":"https:\/\/colegioarquitectos.com\/noticias\/#website"},"primaryImageOfPage":{"@id":"https:\/\/colegioarquitectos.com\/noticias\/?p=31530#primaryimage"},"image":{"@id":"https:\/\/colegioarquitectos.com\/noticias\/?p=31530#primaryimage"},"thumbnailUrl":"https:\/\/colegioarquitectos.com\/noticias\/wp-content\/uploads\/2024\/03\/ENCABEZADO-ANUNCIOS-Y-ETX.png","datePublished":"2024-03-11T19:13:48+00:00","dateModified":"2024-03-11T19:13:48+00:00","breadcrumb":{"@id":"https:\/\/colegioarquitectos.com\/noticias\/?p=31530#breadcrumb"},"inLanguage":"es","potentialAction":[{"@type":"ReadAction","target":["https:\/\/colegioarquitectos.com\/noticias\/?p=31530"]}]},{"@type":"ImageObject","inLanguage":"es","@id":"https:\/\/colegioarquitectos.com\/noticias\/?p=31530#primaryimage","url":"https:\/\/colegioarquitectos.com\/noticias\/wp-content\/uploads\/2024\/03\/ENCABEZADO-ANUNCIOS-Y-ETX.png","contentUrl":"https:\/\/colegioarquitectos.com\/noticias\/wp-content\/uploads\/2024\/03\/ENCABEZADO-ANUNCIOS-Y-ETX.png","width":1280,"height":720},{"@type":"BreadcrumbList","@id":"https:\/\/colegioarquitectos.com\/noticias\/?p=31530#breadcrumb","itemListElement":[{"@type":"ListItem","position":1,"name":"Portada","item":"https:\/\/colegioarquitectos.com\/noticias"},{"@type":"ListItem","position":2,"name":"Colegio de Arquitectos de Chile obtiene financiamiento del Fondo del Patrimonio Cultural entregado por el ministerio de las Culturas, las Artes y el Patrimonio"}]},{"@type":"WebSite","@id":"https:\/\/colegioarquitectos.com\/noticias\/#website","url":"https:\/\/colegioarquitectos.com\/noticias\/","name":"COLEGIO DE ARQUITECTOS DE CHILE","description":"","publisher":{"@id":"https:\/\/colegioarquitectos.com\/noticias\/#organization"},"potentialAction":[{"@type":"SearchAction","target":{"@type":"EntryPoint","urlTemplate":"https:\/\/colegioarquitectos.com\/noticias\/?s={search_term_string}"},"query-input":{"@type":"PropertyValueSpecification","valueRequired":true,"valueName":"search_term_string"}}],"inLanguage":"es"},{"@type":"Organization","@id":"https:\/\/colegioarquitectos.com\/noticias\/#organization","name":"COLEGIO DE ARQUITECTOS DE CHILE","url":"https:\/\/colegioarquitectos.com\/noticias\/","logo":{"@type":"ImageObject","inLanguage":"es","@id":"https:\/\/colegioarquitectos.com\/noticias\/#\/schema\/logo\/image\/","url":"https:\/\/colegioarquitectos.com\/noticias\/wp-content\/uploads\/2021\/05\/ENCABEZADO-LOGO-CA.jpg","contentUrl":"https:\/\/colegioarquitectos.com\/noticias\/wp-content\/uploads\/2021\/05\/ENCABEZADO-LOGO-CA.jpg","width":690,"height":350,"caption":"COLEGIO DE ARQUITECTOS DE CHILE"},"image":{"@id":"https:\/\/colegioarquitectos.com\/noticias\/#\/schema\/logo\/image\/"},"sameAs":["https:\/\/facebook.com\/Colegioarq\/","https:\/\/x.com\/colegioarq","https:\/\/instagram.com\/colegioarq","https:\/\/youtube.com\/@ColegiodeArquitectosdeChile"]},{"@type":"Person","@id":"https:\/\/colegioarquitectos.com\/noticias\/#\/schema\/person\/685cc0aad148303c5608f049af8285ad","name":"Colegio de Arquitectos de Chile","url":"https:\/\/colegioarquitectos.com\/noticias\/?author=4"}]}},"_links":{"self":[{"href":"https:\/\/colegioarquitectos.com\/noticias\/index.php?rest_route=\/wp\/v2\/posts\/31530","targetHints":{"allow":["GET"]}}],"collection":[{"href":"https:\/\/colegioarquitectos.com\/noticias\/index.php?rest_route=\/wp\/v2\/posts"}],"about":[{"href":"https:\/\/colegioarquitectos.com\/noticias\/index.php?rest_route=\/wp\/v2\/types\/post"}],"author":[{"embeddable":true,"href":"https:\/\/colegioarquitectos.com\/noticias\/index.php?rest_route=\/wp\/v2\/users\/4"}],"replies":[{"embeddable":true,"href":"https:\/\/colegioarquitectos.com\/noticias\/index.php?rest_route=%2Fwp%2Fv2%2Fcomments&post=31530"}],"version-history":[{"count":0,"href":"https:\/\/colegioarquitectos.com\/noticias\/index.php?rest_route=\/wp\/v2\/posts\/31530\/revisions"}],"wp:featuredmedia":[{"embeddable":true,"href":"https:\/\/colegioarquitectos.com\/noticias\/index.php?rest_route=\/wp\/v2\/media\/31531"}],"wp:attachment":[{"href":"https:\/\/colegioarquitectos.com\/noticias\/index.php?rest_route=%2Fwp%2Fv2%2Fmedia&parent=31530"}],"wp:term":[{"taxonomy":"category","embeddable":true,"href":"https:\/\/colegioarquitectos.com\/noticias\/index.php?rest_route=%2Fwp%2Fv2%2Fcategories&post=31530"},{"taxonomy":"post_tag","embeddable":true,"href":"https:\/\/colegioarquitectos.com\/noticias\/index.php?rest_route=%2Fwp%2Fv2%2Ftags&post=31530"}],"curies":[{"name":"wp","href":"https:\/\/api.w.org\/{rel}","templated":true}]}}