
{"id":31581,"date":"2024-04-04T08:36:59","date_gmt":"2024-04-04T12:36:59","guid":{"rendered":"https:\/\/colegioarquitectos.com\/?p=31581"},"modified":"2024-04-05T12:31:52","modified_gmt":"2024-04-05T16:31:52","slug":"makun-el-manto-de-chile-fue-seleccionada-como-la-propuesta-ganadora-para-desarrollar-el-pabellon-de-chile-en-la-expo-osaka-2025","status":"publish","type":"post","link":"https:\/\/colegioarquitectos.com\/noticias\/?p=31581","title":{"rendered":"\u00abMak\u00fcn: El Manto de Chile\u00bb fue seleccionada como la propuesta ganadora para desarrollar el pabell\u00f3n de Chile en la Expo Osaka 2025  \u00a0"},"content":{"rendered":"<p>El proyecto <strong>\u00abMak\u00fcn: El Manto de Chile\u00bb<\/strong> \u2014de la oficina de arquitectos <strong>CONSTRUCTO<\/strong>\u2014 fue la seleccionada como la<strong> propuesta ganadora para desarrollar la arquitectura interior y fachada para el pabell\u00f3n de Chile en la Exposici\u00f3n Universal 2025, que se realizar\u00e1 en Osaka (Jap\u00f3n)<\/strong> entre el <strong>13 de abril y el 13 de octubre<\/strong> del pr\u00f3ximo a\u00f1o.<\/p>\n<p>La idea \u2014desarrollada por los arquitectos<strong> Jeannette Plaut (ICA\u00a07343)\u00a0 y Marcelo Sarovic (ICA 6626)\u00a0<\/strong>\u2014 fue elegida tras la realizaci\u00f3n de un concurso p\u00fablico que se abri\u00f3 en febrero de este a\u00f1o por ProChile. <strong>\u00c9ste buscaba recibir propuestas de ideas fuerza para construir el relato, as\u00ed como una propuesta de idea conceptual de arquitectura para el interior y la fachada del pabell\u00f3n.<\/strong><\/p>\n<p>La determinaci\u00f3n del proyecto ganador, de forma <strong>un\u00e1nime<\/strong>, fue realizada por una comisi\u00f3n p\u00fablico-privada, la cual estuvo compuesta por miembros del<strong> Ministerio de Relaciones Exteriores de Chile, la Subsecretar\u00eda de Relaciones Econ\u00f3micas Internacionales, ProChile, la Fundaci\u00f3n Imagen de Chile, la Comisionada de Chile para Expo Osaka 2025, m\u00e1s tres representantes del Colegio de Arquitectos de Chile y dos la Asociaci\u00f3n de Oficinas de Arquitectos de Chile (AOA)<\/strong>.<\/p>\n<p>La subsecretaria de Relaciones Econ\u00f3micas Internacionales, <strong>Claudia Sanhueza<\/strong>, destac\u00f3 que Expo Osaka 2025 abre una oportunidad para la cooperaci\u00f3n y el intercambio entre las naciones participante, no solo comercial, sino tambi\u00e9n en otras dimensiones como la cultural.<\/p>\n<p>\u00abTambi\u00e9n es una oportunidad para mostrar al pa\u00eds, una plataforma invaluable para abordar desaf\u00edos globales y proyectar la imagen, la cultura e la identidad de nuestro pa\u00eds ante millones de personas. <strong>Y el dise\u00f1o de nuestro pabell\u00f3n representar\u00e1 lo mejor de Chile y fortalecer\u00e1 nuestra presencia internacional<\/strong>\u00bb, agreg\u00f3.<\/p>\n<p>La comisi\u00f3n tambi\u00e9n entreg\u00f3 reconocimientos al proyecto <strong>\u00abChile, testigo tel\u00farico: salvar vidas en un borde tect\u00f3nico\u00bb<\/strong> de Lyon, D\u00e9lano y D\u00edaz (segundo mejor puntaje) y a la propuesta <strong>\u00abMil Hilos: futuros textiles desde Chile\u00bb<\/strong> de Ernesto Silva R., que obtuvo el mejor tercer puntaje.<\/p>\n<p>El Director General de ProChile, <strong>Ignacio Fern\u00e1ndez<\/strong>, dijo que \u00abeste fue un proceso que nos muestra como un pa\u00eds que colabora entre el mundo p\u00fablico y el privado. Este es el esp\u00edritu con que queremos llegar a Expo Osaka 2025. Este relato que llevemos a Osaka debe ser uno que muestre lo mejor de Chile y que incluya los lineamientos de pol\u00edtica exterior de nuestro pa\u00eds\u00bb.<\/p>\n<p><strong>\u00a0<\/strong><\/p>\n<h4><strong>Detalles de <\/strong><strong>\u00abMak\u00fcn: El Manto de Chile\u00bb<\/strong><\/h4>\n<hr \/>\n<p>El lema de Expo Osaka 2025 es <strong>\u00abDise\u00f1ando la sociedad del futuro para nuestras vidas\u00bb<\/strong>. La participaci\u00f3n de Chile considera la actual situaci\u00f3n econ\u00f3mica del pa\u00eds y las urgencias sociales, pero tambi\u00e9n refleja nuestra apertura al mundo y la inserci\u00f3n comercial a nivel global, donde el pa\u00eds participar\u00e1 con un pabell\u00f3n de 300 metros cuadrados en la zona concepto <strong>\u00abSalvando Vidas\u00bb<\/strong>.<\/p>\n<p>As\u00ed, la propuesta de <strong>\u00abMak\u00fcn: El Manto de Chile\u00bb propone estructurar un pabell\u00f3n textil a trav\u00e9s de un manto confeccionado por 200 tejedoras chilenas de La Araucan\u00eda (de cinco comunidades diferentes de esa regi\u00f3n), el cual ser\u00e1 llevado a Jap\u00f3n para ser instalado en el pabell\u00f3n, siendo de gran atractivo para el visitante final.<\/strong><\/p>\n<p>\u00abMak\u00fcn\u00bb es una palabra de origen mapuche que significa <strong>manto o manta (prenda de protecci\u00f3n) que apela a la tradicional cultura textil del pueblo mapuche.<\/strong><\/p>\n<p><strong>Jeanette Plaut<\/strong> \u2014co fundadora de CONSTRUCTO y encargada del relato y la curatoria\u2014 explic\u00f3 que este proyecto \u00abapela por un lado a la tradicional cultura textil del pueblo mapuche \u2014que en el fondo es un tejido que se desarrolla a partir de nuestra propia trama social\u2014 y por otro lado es una agrupaci\u00f3n que sali\u00f3 desde la pandemia y que est\u00e1 trabajando con nosotros, que son cinco comunidades conformadas por 200 mujeres que van a tejer especialmente para la exposici\u00f3n diferentes textiles que toman como caracter\u00edsticas tanto como de la geograf\u00eda como de la naturaleza\u00bb.<\/p>\n<p>En tanto, <strong>Marcelo Sarovic<\/strong> \u2014co fundador de CONSTRUCTO y encargado de la arquitectura\u2014 coment\u00f3 que esta propuesta \u00abapela a la idea de un pabell\u00f3n n\u00f3made, que se elabora ac\u00e1 con madera tecnologizada, con textiles que son propios de una cultura local, y que en esta condici\u00f3n n\u00f3made se env\u00eda a Osaka. Apuntamos que sea un espacio donde se pueda exponer por un lado y por otro lado reunirnos en torno a \u00e9l\u00bb.<\/p>\n<p><strong>La fachada del espacio considera la utilizaci\u00f3n de un sistema de placas en acero que mediante un corte plasma generan un sistema luces y sombras simulando un patr\u00f3n textil, con los colores del \u00abmanto\u00bb que se presenta al interior del pabell\u00f3n.<\/strong><\/p>\n<p>La participaci\u00f3n de Chile en Expo Osaka busca transmitir la determinaci\u00f3n del Estado chileno por posicionarse en el Asia Pac\u00edfico.<strong> La presencia de Chile permitir\u00e1 la promoci\u00f3n de sus nuevas industrias sustentables, adem\u00e1s de fortalecer el rol de nuestro pa\u00eds como un puente para Latinoam\u00e9rica.<\/strong><\/p>\n<p><strong>Tambi\u00e9n busca seguir fortaleciendo la estrat\u00e9gica relaci\u00f3n bilateral con Jap\u00f3n, pa\u00eds asi\u00e1tico con el que Chile tiene las relaciones diplom\u00e1ticas m\u00e1s antiguas \u2014desde 1897\u2014 y con el que existe un intercambio valorizado en m\u00e1s de US$ 9.000 millones.<\/strong><\/p>\n<p>&nbsp;<\/p>\n\n\t\t<style type=\"text\/css\">\n\t\t\t#gallery-1 {\n\t\t\t\tmargin: auto;\n\t\t\t}\n\t\t\t#gallery-1 .gallery-item {\n\t\t\t\tfloat: left;\n\t\t\t\tmargin-top: 10px;\n\t\t\t\ttext-align: center;\n\t\t\t\twidth: 33%;\n\t\t\t}\n\t\t\t#gallery-1 img {\n\t\t\t\tborder: 2px solid #cfcfcf;\n\t\t\t}\n\t\t\t#gallery-1 .gallery-caption {\n\t\t\t\tmargin-left: 0;\n\t\t\t}\n\t\t\t\/* see gallery_shortcode() in wp-includes\/media.php *\/\n\t\t<\/style>\n\t\t<div id='gallery-1' class='gallery galleryid-31581 gallery-columns-3 gallery-size-thumbnail'><dl class='gallery-item'>\n\t\t\t<dt class='gallery-icon landscape'>\n\t\t\t\t<a href='https:\/\/colegioarquitectos.com\/noticias\/?attachment_id=31583'><img loading=\"lazy\" decoding=\"async\" width=\"180\" height=\"180\" src=\"https:\/\/colegioarquitectos.com\/noticias\/wp-content\/uploads\/2024\/04\/OSAKA-1-EDIT-180x180.jpg\" class=\"attachment-thumbnail size-thumbnail\" alt=\"\" \/><\/a>\n\t\t\t<\/dt><\/dl><dl class='gallery-item'>\n\t\t\t<dt class='gallery-icon landscape'>\n\t\t\t\t<a href='https:\/\/colegioarquitectos.com\/noticias\/?attachment_id=31584'><img loading=\"lazy\" decoding=\"async\" width=\"180\" height=\"180\" src=\"https:\/\/colegioarquitectos.com\/noticias\/wp-content\/uploads\/2024\/04\/OSAKA-2-EDIT-180x180.jpg\" class=\"attachment-thumbnail size-thumbnail\" alt=\"\" \/><\/a>\n\t\t\t<\/dt><\/dl><dl class='gallery-item'>\n\t\t\t<dt class='gallery-icon landscape'>\n\t\t\t\t<a href='https:\/\/colegioarquitectos.com\/noticias\/?attachment_id=31585'><img loading=\"lazy\" decoding=\"async\" width=\"180\" height=\"180\" src=\"https:\/\/colegioarquitectos.com\/noticias\/wp-content\/uploads\/2024\/04\/OSAKA-3-EDIT-180x180.jpg\" class=\"attachment-thumbnail size-thumbnail\" alt=\"\" \/><\/a>\n\t\t\t<\/dt><\/dl><br style=\"clear: both\" \/><dl class='gallery-item'>\n\t\t\t<dt class='gallery-icon landscape'>\n\t\t\t\t<a href='https:\/\/colegioarquitectos.com\/noticias\/?attachment_id=31586'><img loading=\"lazy\" decoding=\"async\" width=\"180\" height=\"180\" src=\"https:\/\/colegioarquitectos.com\/noticias\/wp-content\/uploads\/2024\/04\/OSAKA-3-NOCTURNO-EDIT-180x180.jpg\" class=\"attachment-thumbnail size-thumbnail\" alt=\"\" \/><\/a>\n\t\t\t<\/dt><\/dl><dl class='gallery-item'>\n\t\t\t<dt class='gallery-icon landscape'>\n\t\t\t\t<a href='https:\/\/colegioarquitectos.com\/noticias\/?attachment_id=31587'><img loading=\"lazy\" decoding=\"async\" width=\"180\" height=\"180\" src=\"https:\/\/colegioarquitectos.com\/noticias\/wp-content\/uploads\/2024\/04\/OSAKA-4-EDIT-180x180.jpg\" class=\"attachment-thumbnail size-thumbnail\" alt=\"\" \/><\/a>\n\t\t\t<\/dt><\/dl><dl class='gallery-item'>\n\t\t\t<dt class='gallery-icon landscape'>\n\t\t\t\t<a href='https:\/\/colegioarquitectos.com\/noticias\/?attachment_id=31588'><img loading=\"lazy\" decoding=\"async\" width=\"180\" height=\"180\" src=\"https:\/\/colegioarquitectos.com\/noticias\/wp-content\/uploads\/2024\/04\/OSAKA-5-EDIT-180x180.jpg\" class=\"attachment-thumbnail size-thumbnail\" alt=\"\" \/><\/a>\n\t\t\t<\/dt><\/dl><br style=\"clear: both\" \/>\n\t\t<\/div>\n\n<p>&nbsp;<\/p>\n<p><\/p>","protected":false},"excerpt":{"rendered":"<p>El proyecto \u00abMak\u00fcn: El Manto de Chile\u00bb \u2014de la oficina de arquitectos CONSTRUCTO\u2014 fue la seleccionada como la propuesta ganadora para desarrollar la arquitectura interior y fachada para el pabell\u00f3n de Chile en la Exposici\u00f3n Universal 2025, que se realizar\u00e1 &hellip; <a class=\"more-link\" href=\"https:\/\/colegioarquitectos.com\/noticias\/?p=31581\">ver m\u00e1s<\/a><\/p>","protected":false},"author":4,"featured_media":31582,"comment_status":"closed","ping_status":"closed","sticky":false,"template":"","format":"standard","meta":{"footnotes":""},"categories":[8,11],"tags":[809,814,808,776,785,810,812,813,811,763,757,807],"class_list":["post-31581","post","type-post","status-publish","format-standard","has-post-thumbnail","hentry","category-colegio-de-arquitectos","category-concursos","tag-constructo","tag-el-manto-de-chile","tag-expo-osaka","tag-exposicion-universal-de-osaka-2025","tag-japon","tag-jeanette-plaut","tag-makun","tag-manto","tag-marcelo-sarovic","tag-osaka","tag-osaka-2025","tag-prochile"],"yoast_head":"<!-- This site is optimized with the Yoast SEO plugin v24.2 - https:\/\/yoast.com\/wordpress\/plugins\/seo\/ -->\n<title>\u00abMak\u00fcn: El Manto de Chile\u00bb fue seleccionada como la propuesta ganadora para desarrollar el pabell\u00f3n de Chile en la Expo Osaka 2025 \u00a0 - COLEGIO DE ARQUITECTOS DE CHILE<\/title>\n<meta name=\"robots\" content=\"index, follow, max-snippet:-1, max-image-preview:large, max-video-preview:-1\" \/>\n<link rel=\"canonical\" href=\"https:\/\/colegioarquitectos.com\/noticias\/?p=31581\" \/>\n<meta property=\"og:locale\" content=\"es_ES\" \/>\n<meta property=\"og:type\" content=\"article\" \/>\n<meta property=\"og:title\" content=\"\u00abMak\u00fcn: El Manto de Chile\u00bb fue seleccionada como la propuesta ganadora para desarrollar el pabell\u00f3n de Chile en la Expo Osaka 2025 \u00a0 - COLEGIO DE ARQUITECTOS DE CHILE\" \/>\n<meta property=\"og:description\" content=\"El proyecto \u00abMak\u00fcn: El Manto de Chile\u00bb \u2014de la oficina de arquitectos CONSTRUCTO\u2014 fue la seleccionada como la propuesta ganadora para desarrollar la arquitectura interior y fachada para el pabell\u00f3n de Chile en la Exposici\u00f3n Universal 2025, que se realizar\u00e1 &hellip; ver m\u00e1s\" \/>\n<meta property=\"og:url\" content=\"https:\/\/colegioarquitectos.com\/noticias\/?p=31581\" \/>\n<meta property=\"og:site_name\" content=\"COLEGIO DE ARQUITECTOS DE CHILE\" \/>\n<meta property=\"article:publisher\" content=\"https:\/\/facebook.com\/Colegioarq\/\" \/>\n<meta property=\"article:published_time\" content=\"2024-04-04T12:36:59+00:00\" \/>\n<meta property=\"article:modified_time\" content=\"2024-04-05T16:31:52+00:00\" \/>\n<meta property=\"og:image\" content=\"https:\/\/colegioarquitectos.com\/noticias\/wp-content\/uploads\/2024\/04\/Proyecto-nuevo-2.png\" \/>\n\t<meta property=\"og:image:width\" content=\"1280\" \/>\n\t<meta property=\"og:image:height\" content=\"720\" \/>\n\t<meta property=\"og:image:type\" content=\"image\/png\" \/>\n<meta name=\"author\" content=\"Colegio de Arquitectos de Chile\" \/>\n<meta name=\"twitter:card\" content=\"summary_large_image\" \/>\n<meta name=\"twitter:creator\" content=\"@colegioarq\" \/>\n<meta name=\"twitter:site\" content=\"@colegioarq\" \/>\n<meta name=\"twitter:label1\" content=\"Escrito por\" \/>\n\t<meta name=\"twitter:data1\" content=\"Colegio de Arquitectos de Chile\" \/>\n\t<meta name=\"twitter:label2\" content=\"Tiempo de lectura\" \/>\n\t<meta name=\"twitter:data2\" content=\"4 minutos\" \/>\n<script type=\"application\/ld+json\" class=\"yoast-schema-graph\">{\"@context\":\"https:\/\/schema.org\",\"@graph\":[{\"@type\":\"Article\",\"@id\":\"https:\/\/colegioarquitectos.com\/noticias\/?p=31581#article\",\"isPartOf\":{\"@id\":\"https:\/\/colegioarquitectos.com\/noticias\/?p=31581\"},\"author\":{\"name\":\"Colegio de Arquitectos de Chile\",\"@id\":\"https:\/\/colegioarquitectos.com\/noticias\/#\/schema\/person\/685cc0aad148303c5608f049af8285ad\"},\"headline\":\"\u00abMak\u00fcn: El Manto de Chile\u00bb fue seleccionada como la propuesta ganadora para desarrollar el pabell\u00f3n de Chile en la Expo Osaka 2025 \u00a0\",\"datePublished\":\"2024-04-04T12:36:59+00:00\",\"dateModified\":\"2024-04-05T16:31:52+00:00\",\"mainEntityOfPage\":{\"@id\":\"https:\/\/colegioarquitectos.com\/noticias\/?p=31581\"},\"wordCount\":918,\"publisher\":{\"@id\":\"https:\/\/colegioarquitectos.com\/noticias\/#organization\"},\"image\":{\"@id\":\"https:\/\/colegioarquitectos.com\/noticias\/?p=31581#primaryimage\"},\"thumbnailUrl\":\"https:\/\/colegioarquitectos.com\/noticias\/wp-content\/uploads\/2024\/04\/Proyecto-nuevo-2.png\",\"keywords\":[\"CONSTRUCTO\",\"El Manto de Chile\",\"Expo Osaka\",\"Exposici\u00f3n Universal de Osaka 2025\",\"Jap\u00f3n\",\"Jeanette Plaut\",\"Mak\u00fcn\",\"Manto\",\"Marcelo Sarovic\",\"Osaka\",\"Osaka 2025\",\"ProChile\"],\"articleSection\":[\"Colegio\",\"Concursos\"],\"inLanguage\":\"es\"},{\"@type\":\"WebPage\",\"@id\":\"https:\/\/colegioarquitectos.com\/noticias\/?p=31581\",\"url\":\"https:\/\/colegioarquitectos.com\/noticias\/?p=31581\",\"name\":\"\u00abMak\u00fcn: El Manto de Chile\u00bb fue seleccionada como la propuesta ganadora para desarrollar el pabell\u00f3n de Chile en la Expo Osaka 2025 \u00a0 - COLEGIO DE ARQUITECTOS DE CHILE\",\"isPartOf\":{\"@id\":\"https:\/\/colegioarquitectos.com\/noticias\/#website\"},\"primaryImageOfPage\":{\"@id\":\"https:\/\/colegioarquitectos.com\/noticias\/?p=31581#primaryimage\"},\"image\":{\"@id\":\"https:\/\/colegioarquitectos.com\/noticias\/?p=31581#primaryimage\"},\"thumbnailUrl\":\"https:\/\/colegioarquitectos.com\/noticias\/wp-content\/uploads\/2024\/04\/Proyecto-nuevo-2.png\",\"datePublished\":\"2024-04-04T12:36:59+00:00\",\"dateModified\":\"2024-04-05T16:31:52+00:00\",\"breadcrumb\":{\"@id\":\"https:\/\/colegioarquitectos.com\/noticias\/?p=31581#breadcrumb\"},\"inLanguage\":\"es\",\"potentialAction\":[{\"@type\":\"ReadAction\",\"target\":[\"https:\/\/colegioarquitectos.com\/noticias\/?p=31581\"]}]},{\"@type\":\"ImageObject\",\"inLanguage\":\"es\",\"@id\":\"https:\/\/colegioarquitectos.com\/noticias\/?p=31581#primaryimage\",\"url\":\"https:\/\/colegioarquitectos.com\/noticias\/wp-content\/uploads\/2024\/04\/Proyecto-nuevo-2.png\",\"contentUrl\":\"https:\/\/colegioarquitectos.com\/noticias\/wp-content\/uploads\/2024\/04\/Proyecto-nuevo-2.png\",\"width\":1280,\"height\":720},{\"@type\":\"BreadcrumbList\",\"@id\":\"https:\/\/colegioarquitectos.com\/noticias\/?p=31581#breadcrumb\",\"itemListElement\":[{\"@type\":\"ListItem\",\"position\":1,\"name\":\"Portada\",\"item\":\"https:\/\/colegioarquitectos.com\/noticias\"},{\"@type\":\"ListItem\",\"position\":2,\"name\":\"\u00abMak\u00fcn: El Manto de Chile\u00bb fue seleccionada como la propuesta ganadora para desarrollar el pabell\u00f3n de Chile en la Expo Osaka 2025 \u00a0\"}]},{\"@type\":\"WebSite\",\"@id\":\"https:\/\/colegioarquitectos.com\/noticias\/#website\",\"url\":\"https:\/\/colegioarquitectos.com\/noticias\/\",\"name\":\"COLEGIO DE ARQUITECTOS DE CHILE\",\"description\":\"\",\"publisher\":{\"@id\":\"https:\/\/colegioarquitectos.com\/noticias\/#organization\"},\"potentialAction\":[{\"@type\":\"SearchAction\",\"target\":{\"@type\":\"EntryPoint\",\"urlTemplate\":\"https:\/\/colegioarquitectos.com\/noticias\/?s={search_term_string}\"},\"query-input\":{\"@type\":\"PropertyValueSpecification\",\"valueRequired\":true,\"valueName\":\"search_term_string\"}}],\"inLanguage\":\"es\"},{\"@type\":\"Organization\",\"@id\":\"https:\/\/colegioarquitectos.com\/noticias\/#organization\",\"name\":\"COLEGIO DE ARQUITECTOS DE CHILE\",\"url\":\"https:\/\/colegioarquitectos.com\/noticias\/\",\"logo\":{\"@type\":\"ImageObject\",\"inLanguage\":\"es\",\"@id\":\"https:\/\/colegioarquitectos.com\/noticias\/#\/schema\/logo\/image\/\",\"url\":\"https:\/\/colegioarquitectos.com\/noticias\/wp-content\/uploads\/2021\/05\/ENCABEZADO-LOGO-CA.jpg\",\"contentUrl\":\"https:\/\/colegioarquitectos.com\/noticias\/wp-content\/uploads\/2021\/05\/ENCABEZADO-LOGO-CA.jpg\",\"width\":690,\"height\":350,\"caption\":\"COLEGIO DE ARQUITECTOS DE CHILE\"},\"image\":{\"@id\":\"https:\/\/colegioarquitectos.com\/noticias\/#\/schema\/logo\/image\/\"},\"sameAs\":[\"https:\/\/facebook.com\/Colegioarq\/\",\"https:\/\/x.com\/colegioarq\",\"https:\/\/instagram.com\/colegioarq\",\"https:\/\/youtube.com\/@ColegiodeArquitectosdeChile\"]},{\"@type\":\"Person\",\"@id\":\"https:\/\/colegioarquitectos.com\/noticias\/#\/schema\/person\/685cc0aad148303c5608f049af8285ad\",\"name\":\"Colegio de Arquitectos de Chile\",\"url\":\"https:\/\/colegioarquitectos.com\/noticias\/?author=4\"}]}<\/script>\n<!-- \/ Yoast SEO plugin. -->","yoast_head_json":{"title":"\u00abMak\u00fcn: El Manto de Chile\u00bb fue seleccionada como la propuesta ganadora para desarrollar el pabell\u00f3n de Chile en la Expo Osaka 2025 \u00a0 - COLEGIO DE ARQUITECTOS DE CHILE","robots":{"index":"index","follow":"follow","max-snippet":"max-snippet:-1","max-image-preview":"max-image-preview:large","max-video-preview":"max-video-preview:-1"},"canonical":"https:\/\/colegioarquitectos.com\/noticias\/?p=31581","og_locale":"es_ES","og_type":"article","og_title":"\u00abMak\u00fcn: El Manto de Chile\u00bb fue seleccionada como la propuesta ganadora para desarrollar el pabell\u00f3n de Chile en la Expo Osaka 2025 \u00a0 - COLEGIO DE ARQUITECTOS DE CHILE","og_description":"El proyecto \u00abMak\u00fcn: El Manto de Chile\u00bb \u2014de la oficina de arquitectos CONSTRUCTO\u2014 fue la seleccionada como la propuesta ganadora para desarrollar la arquitectura interior y fachada para el pabell\u00f3n de Chile en la Exposici\u00f3n Universal 2025, que se realizar\u00e1 &hellip; ver m\u00e1s","og_url":"https:\/\/colegioarquitectos.com\/noticias\/?p=31581","og_site_name":"COLEGIO DE ARQUITECTOS DE CHILE","article_publisher":"https:\/\/facebook.com\/Colegioarq\/","article_published_time":"2024-04-04T12:36:59+00:00","article_modified_time":"2024-04-05T16:31:52+00:00","og_image":[{"width":1280,"height":720,"url":"https:\/\/colegioarquitectos.com\/noticias\/wp-content\/uploads\/2024\/04\/Proyecto-nuevo-2.png","type":"image\/png"}],"author":"Colegio de Arquitectos de Chile","twitter_card":"summary_large_image","twitter_creator":"@colegioarq","twitter_site":"@colegioarq","twitter_misc":{"Escrito por":"Colegio de Arquitectos de Chile","Tiempo de lectura":"4 minutos"},"schema":{"@context":"https:\/\/schema.org","@graph":[{"@type":"Article","@id":"https:\/\/colegioarquitectos.com\/noticias\/?p=31581#article","isPartOf":{"@id":"https:\/\/colegioarquitectos.com\/noticias\/?p=31581"},"author":{"name":"Colegio de Arquitectos de Chile","@id":"https:\/\/colegioarquitectos.com\/noticias\/#\/schema\/person\/685cc0aad148303c5608f049af8285ad"},"headline":"\u00abMak\u00fcn: El Manto de Chile\u00bb fue seleccionada como la propuesta ganadora para desarrollar el pabell\u00f3n de Chile en la Expo Osaka 2025 \u00a0","datePublished":"2024-04-04T12:36:59+00:00","dateModified":"2024-04-05T16:31:52+00:00","mainEntityOfPage":{"@id":"https:\/\/colegioarquitectos.com\/noticias\/?p=31581"},"wordCount":918,"publisher":{"@id":"https:\/\/colegioarquitectos.com\/noticias\/#organization"},"image":{"@id":"https:\/\/colegioarquitectos.com\/noticias\/?p=31581#primaryimage"},"thumbnailUrl":"https:\/\/colegioarquitectos.com\/noticias\/wp-content\/uploads\/2024\/04\/Proyecto-nuevo-2.png","keywords":["CONSTRUCTO","El Manto de Chile","Expo Osaka","Exposici\u00f3n Universal de Osaka 2025","Jap\u00f3n","Jeanette Plaut","Mak\u00fcn","Manto","Marcelo Sarovic","Osaka","Osaka 2025","ProChile"],"articleSection":["Colegio","Concursos"],"inLanguage":"es"},{"@type":"WebPage","@id":"https:\/\/colegioarquitectos.com\/noticias\/?p=31581","url":"https:\/\/colegioarquitectos.com\/noticias\/?p=31581","name":"\u00abMak\u00fcn: El Manto de Chile\u00bb fue seleccionada como la propuesta ganadora para desarrollar el pabell\u00f3n de Chile en la Expo Osaka 2025 \u00a0 - COLEGIO DE ARQUITECTOS DE CHILE","isPartOf":{"@id":"https:\/\/colegioarquitectos.com\/noticias\/#website"},"primaryImageOfPage":{"@id":"https:\/\/colegioarquitectos.com\/noticias\/?p=31581#primaryimage"},"image":{"@id":"https:\/\/colegioarquitectos.com\/noticias\/?p=31581#primaryimage"},"thumbnailUrl":"https:\/\/colegioarquitectos.com\/noticias\/wp-content\/uploads\/2024\/04\/Proyecto-nuevo-2.png","datePublished":"2024-04-04T12:36:59+00:00","dateModified":"2024-04-05T16:31:52+00:00","breadcrumb":{"@id":"https:\/\/colegioarquitectos.com\/noticias\/?p=31581#breadcrumb"},"inLanguage":"es","potentialAction":[{"@type":"ReadAction","target":["https:\/\/colegioarquitectos.com\/noticias\/?p=31581"]}]},{"@type":"ImageObject","inLanguage":"es","@id":"https:\/\/colegioarquitectos.com\/noticias\/?p=31581#primaryimage","url":"https:\/\/colegioarquitectos.com\/noticias\/wp-content\/uploads\/2024\/04\/Proyecto-nuevo-2.png","contentUrl":"https:\/\/colegioarquitectos.com\/noticias\/wp-content\/uploads\/2024\/04\/Proyecto-nuevo-2.png","width":1280,"height":720},{"@type":"BreadcrumbList","@id":"https:\/\/colegioarquitectos.com\/noticias\/?p=31581#breadcrumb","itemListElement":[{"@type":"ListItem","position":1,"name":"Portada","item":"https:\/\/colegioarquitectos.com\/noticias"},{"@type":"ListItem","position":2,"name":"\u00abMak\u00fcn: El Manto de Chile\u00bb fue seleccionada como la propuesta ganadora para desarrollar el pabell\u00f3n de Chile en la Expo Osaka 2025 \u00a0"}]},{"@type":"WebSite","@id":"https:\/\/colegioarquitectos.com\/noticias\/#website","url":"https:\/\/colegioarquitectos.com\/noticias\/","name":"COLEGIO DE ARQUITECTOS DE CHILE","description":"","publisher":{"@id":"https:\/\/colegioarquitectos.com\/noticias\/#organization"},"potentialAction":[{"@type":"SearchAction","target":{"@type":"EntryPoint","urlTemplate":"https:\/\/colegioarquitectos.com\/noticias\/?s={search_term_string}"},"query-input":{"@type":"PropertyValueSpecification","valueRequired":true,"valueName":"search_term_string"}}],"inLanguage":"es"},{"@type":"Organization","@id":"https:\/\/colegioarquitectos.com\/noticias\/#organization","name":"COLEGIO DE ARQUITECTOS DE CHILE","url":"https:\/\/colegioarquitectos.com\/noticias\/","logo":{"@type":"ImageObject","inLanguage":"es","@id":"https:\/\/colegioarquitectos.com\/noticias\/#\/schema\/logo\/image\/","url":"https:\/\/colegioarquitectos.com\/noticias\/wp-content\/uploads\/2021\/05\/ENCABEZADO-LOGO-CA.jpg","contentUrl":"https:\/\/colegioarquitectos.com\/noticias\/wp-content\/uploads\/2021\/05\/ENCABEZADO-LOGO-CA.jpg","width":690,"height":350,"caption":"COLEGIO DE ARQUITECTOS DE CHILE"},"image":{"@id":"https:\/\/colegioarquitectos.com\/noticias\/#\/schema\/logo\/image\/"},"sameAs":["https:\/\/facebook.com\/Colegioarq\/","https:\/\/x.com\/colegioarq","https:\/\/instagram.com\/colegioarq","https:\/\/youtube.com\/@ColegiodeArquitectosdeChile"]},{"@type":"Person","@id":"https:\/\/colegioarquitectos.com\/noticias\/#\/schema\/person\/685cc0aad148303c5608f049af8285ad","name":"Colegio de Arquitectos de Chile","url":"https:\/\/colegioarquitectos.com\/noticias\/?author=4"}]}},"_links":{"self":[{"href":"https:\/\/colegioarquitectos.com\/noticias\/index.php?rest_route=\/wp\/v2\/posts\/31581","targetHints":{"allow":["GET"]}}],"collection":[{"href":"https:\/\/colegioarquitectos.com\/noticias\/index.php?rest_route=\/wp\/v2\/posts"}],"about":[{"href":"https:\/\/colegioarquitectos.com\/noticias\/index.php?rest_route=\/wp\/v2\/types\/post"}],"author":[{"embeddable":true,"href":"https:\/\/colegioarquitectos.com\/noticias\/index.php?rest_route=\/wp\/v2\/users\/4"}],"replies":[{"embeddable":true,"href":"https:\/\/colegioarquitectos.com\/noticias\/index.php?rest_route=%2Fwp%2Fv2%2Fcomments&post=31581"}],"version-history":[{"count":0,"href":"https:\/\/colegioarquitectos.com\/noticias\/index.php?rest_route=\/wp\/v2\/posts\/31581\/revisions"}],"wp:featuredmedia":[{"embeddable":true,"href":"https:\/\/colegioarquitectos.com\/noticias\/index.php?rest_route=\/wp\/v2\/media\/31582"}],"wp:attachment":[{"href":"https:\/\/colegioarquitectos.com\/noticias\/index.php?rest_route=%2Fwp%2Fv2%2Fmedia&parent=31581"}],"wp:term":[{"taxonomy":"category","embeddable":true,"href":"https:\/\/colegioarquitectos.com\/noticias\/index.php?rest_route=%2Fwp%2Fv2%2Fcategories&post=31581"},{"taxonomy":"post_tag","embeddable":true,"href":"https:\/\/colegioarquitectos.com\/noticias\/index.php?rest_route=%2Fwp%2Fv2%2Ftags&post=31581"}],"curies":[{"name":"wp","href":"https:\/\/api.w.org\/{rel}","templated":true}]}}