
{"id":31603,"date":"2024-04-09T10:40:14","date_gmt":"2024-04-09T14:40:14","guid":{"rendered":"https:\/\/colegioarquitectos.com\/?p=31603"},"modified":"2024-04-09T10:40:14","modified_gmt":"2024-04-09T14:40:14","slug":"fructifero-encuentro-entre-el-colegio-de-arquitectos-de-chile-y-el-colegio-de-arquitectos-del-peru","status":"publish","type":"post","link":"https:\/\/colegioarquitectos.com\/noticias\/?p=31603","title":{"rendered":"Fruct\u00edfero encuentro entre el Colegio de Arquitectos de Chile y el Colegio de Arquitectos del Per\u00fa"},"content":{"rendered":"<p>En un ambiente c\u00e1lido y de fraternidad se realiz\u00f3 el pasado <strong>mi\u00e9rcoles 3 de abril<\/strong> una reuni\u00f3n entre el <strong>Colegio de Arquitectos de Chile<\/strong> y el <strong>Colegio de Arquitectos del Per\u00fa<\/strong>, liderados por la presidenta nacional, <strong>Beatriz Buccicardi<\/strong>; y la decana nacional, <strong>Lourdes Giusti<\/strong>, en las dependencias del colegio profesional en la comuna lime\u00f1a de <strong>Jes\u00fas Mar\u00eda<\/strong>.<\/p>\n<p>En la oportunidad, ambas presidentas compartieron las experiencias en las distintas actividades gremiales y <strong>coincidieron en establecer un trabajo continuo de manera directa<\/strong>. El tenor de la reuni\u00f3n estuvo marcado por las actividades que realizan con sus afiliados y <strong>el rol que juegan en las pol\u00edticas p\u00fablicas de sus respectivos pa\u00edses<\/strong>.<\/p>\n<p><img loading=\"lazy\" decoding=\"async\" class=\"aligncenter size-full wp-image-31605\" src=\"https:\/\/colegioarquitectos.com\/noticias\/wp-content\/uploads\/2024\/04\/WhatsApp-Image-2024-04-08-at-16.43.26.jpeg\" alt=\"\" width=\"1280\" height=\"737\" srcset=\"https:\/\/colegioarquitectos.com\/noticias\/wp-content\/uploads\/2024\/04\/WhatsApp-Image-2024-04-08-at-16.43.26.jpeg 1280w, https:\/\/colegioarquitectos.com\/noticias\/wp-content\/uploads\/2024\/04\/WhatsApp-Image-2024-04-08-at-16.43.26-300x173.jpeg 300w, https:\/\/colegioarquitectos.com\/noticias\/wp-content\/uploads\/2024\/04\/WhatsApp-Image-2024-04-08-at-16.43.26-768x442.jpeg 768w, https:\/\/colegioarquitectos.com\/noticias\/wp-content\/uploads\/2024\/04\/WhatsApp-Image-2024-04-08-at-16.43.26-1024x590.jpeg 1024w\" sizes=\"auto, (max-width: 1280px) 100vw, 1280px\" \/><\/p>\n<p>Actualmente, el Colegio de Arquitectos del Per\u00fa est\u00e1 abocado en desarrollar un plan estrat\u00e9gico y consolidar un congreso nacional en las 10 Delegaciones Zonales, equivalentes a 22 regiones del pa\u00eds del R\u00edmac. En el intercambio de experiencias, <strong>las representantes nacionales compartieron el valor de la \u00e9tica en las actividades profesionales y la importancia de los premios nacionales. La decana nacional, Lourdes Giusti, estuvo muy interesada en la experiencia del Servicio de Asistencia T\u00e9cnica (SAT), que realiza nuestra asociaci\u00f3n gremial junto a los municipios<\/strong>.<\/p>\n<p>Por otra parte, tambi\u00e9n se gener\u00f3 un intercambio de experiencias de <strong>Bienales<\/strong> en ambos pa\u00edses y la <strong>trascendencia que estas tienen para nuestras sociedades<\/strong>.<\/p>\n<p>El encuentro en la capital peruana estuvo gestado por la arquitecta<strong> Cecilia Leiva<\/strong>, representante del Colegio de Arquitectos de Chile en la <strong>Regi\u00f3n III<\/strong> de <strong>Uni\u00f3n Internacional de Arquitectos (UIA)<\/strong>. En la reuni\u00f3n bilateral, tambi\u00e9n estuvo presente <strong>Leopoldo Lituma<\/strong>, miembro del directorio peruano, y cont\u00f3 con la gesti\u00f3n de <strong>Mario Hung<\/strong>, gerente del Colegio de Arquitectos del Per\u00fa.<\/p>\n<p>&nbsp;<\/p>\n<p><\/p>","protected":false},"excerpt":{"rendered":"<p>En un ambiente c\u00e1lido y de fraternidad se realiz\u00f3 el pasado mi\u00e9rcoles 3 de abril una reuni\u00f3n entre el Colegio de Arquitectos de Chile y el Colegio de Arquitectos del Per\u00fa, liderados por la presidenta nacional, Beatriz Buccicardi; y la &hellip; <a class=\"more-link\" href=\"https:\/\/colegioarquitectos.com\/noticias\/?p=31603\">ver m\u00e1s<\/a><\/p>","protected":false},"author":4,"featured_media":31604,"comment_status":"closed","ping_status":"closed","sticky":false,"template":"","format":"standard","meta":{"footnotes":""},"categories":[8,621],"tags":[159,105,816,818,819,817],"class_list":["post-31603","post","type-post","status-publish","format-standard","has-post-thumbnail","hentry","category-colegio-de-arquitectos","category-internacional","tag-beatriz-buccicardi","tag-colegio-de-arquitectos-de-chile","tag-colegio-de-arquitectos-del-peru","tag-lima","tag-lourdes-giusti","tag-peru"],"yoast_head":"<!-- This site is optimized with the Yoast SEO plugin v24.2 - https:\/\/yoast.com\/wordpress\/plugins\/seo\/ -->\n<title>Fruct\u00edfero encuentro entre el Colegio de Arquitectos de Chile y el Colegio de Arquitectos del Per\u00fa - COLEGIO DE ARQUITECTOS DE CHILE<\/title>\n<meta name=\"robots\" content=\"index, follow, max-snippet:-1, max-image-preview:large, max-video-preview:-1\" \/>\n<link rel=\"canonical\" href=\"https:\/\/colegioarquitectos.com\/noticias\/?p=31603\" \/>\n<meta property=\"og:locale\" content=\"es_ES\" \/>\n<meta property=\"og:type\" content=\"article\" \/>\n<meta property=\"og:title\" content=\"Fruct\u00edfero encuentro entre el Colegio de Arquitectos de Chile y el Colegio de Arquitectos del Per\u00fa - COLEGIO DE ARQUITECTOS DE CHILE\" \/>\n<meta property=\"og:description\" content=\"En un ambiente c\u00e1lido y de fraternidad se realiz\u00f3 el pasado mi\u00e9rcoles 3 de abril una reuni\u00f3n entre el Colegio de Arquitectos de Chile y el Colegio de Arquitectos del Per\u00fa, liderados por la presidenta nacional, Beatriz Buccicardi; y la &hellip; ver m\u00e1s\" \/>\n<meta property=\"og:url\" content=\"https:\/\/colegioarquitectos.com\/noticias\/?p=31603\" \/>\n<meta property=\"og:site_name\" content=\"COLEGIO DE ARQUITECTOS DE CHILE\" \/>\n<meta property=\"article:publisher\" content=\"https:\/\/facebook.com\/Colegioarq\/\" \/>\n<meta property=\"article:published_time\" content=\"2024-04-09T14:40:14+00:00\" \/>\n<meta property=\"og:image\" content=\"https:\/\/colegioarquitectos.com\/noticias\/wp-content\/uploads\/2024\/04\/Proyecto-nuevo-6.png\" \/>\n\t<meta property=\"og:image:width\" content=\"1280\" \/>\n\t<meta property=\"og:image:height\" content=\"720\" \/>\n\t<meta property=\"og:image:type\" content=\"image\/png\" \/>\n<meta name=\"author\" content=\"Colegio de Arquitectos de Chile\" \/>\n<meta name=\"twitter:card\" content=\"summary_large_image\" \/>\n<meta name=\"twitter:creator\" content=\"@colegioarq\" \/>\n<meta name=\"twitter:site\" content=\"@colegioarq\" \/>\n<meta name=\"twitter:label1\" content=\"Escrito por\" \/>\n\t<meta name=\"twitter:data1\" content=\"Colegio de Arquitectos de Chile\" \/>\n\t<meta name=\"twitter:label2\" content=\"Tiempo de lectura\" \/>\n\t<meta name=\"twitter:data2\" content=\"1 minuto\" \/>\n<script type=\"application\/ld+json\" class=\"yoast-schema-graph\">{\"@context\":\"https:\/\/schema.org\",\"@graph\":[{\"@type\":\"Article\",\"@id\":\"https:\/\/colegioarquitectos.com\/noticias\/?p=31603#article\",\"isPartOf\":{\"@id\":\"https:\/\/colegioarquitectos.com\/noticias\/?p=31603\"},\"author\":{\"name\":\"Colegio de Arquitectos de Chile\",\"@id\":\"https:\/\/colegioarquitectos.com\/noticias\/#\/schema\/person\/685cc0aad148303c5608f049af8285ad\"},\"headline\":\"Fruct\u00edfero encuentro entre el Colegio de Arquitectos de Chile y el Colegio de Arquitectos del Per\u00fa\",\"datePublished\":\"2024-04-09T14:40:14+00:00\",\"dateModified\":\"2024-04-09T14:40:14+00:00\",\"mainEntityOfPage\":{\"@id\":\"https:\/\/colegioarquitectos.com\/noticias\/?p=31603\"},\"wordCount\":310,\"publisher\":{\"@id\":\"https:\/\/colegioarquitectos.com\/noticias\/#organization\"},\"image\":{\"@id\":\"https:\/\/colegioarquitectos.com\/noticias\/?p=31603#primaryimage\"},\"thumbnailUrl\":\"https:\/\/colegioarquitectos.com\/noticias\/wp-content\/uploads\/2024\/04\/Proyecto-nuevo-6.png\",\"keywords\":[\"Beatriz Buccicardi\",\"Colegio de Arquitectos de Chile\",\"Colegio de Arquitectos del Per\u00fa\",\"Lima\",\"Lourdes Giusti\",\"Per\u00fa\"],\"articleSection\":[\"Colegio\",\"Internacional\"],\"inLanguage\":\"es\"},{\"@type\":\"WebPage\",\"@id\":\"https:\/\/colegioarquitectos.com\/noticias\/?p=31603\",\"url\":\"https:\/\/colegioarquitectos.com\/noticias\/?p=31603\",\"name\":\"Fruct\u00edfero encuentro entre el Colegio de Arquitectos de Chile y el Colegio de Arquitectos del Per\u00fa - COLEGIO DE ARQUITECTOS DE CHILE\",\"isPartOf\":{\"@id\":\"https:\/\/colegioarquitectos.com\/noticias\/#website\"},\"primaryImageOfPage\":{\"@id\":\"https:\/\/colegioarquitectos.com\/noticias\/?p=31603#primaryimage\"},\"image\":{\"@id\":\"https:\/\/colegioarquitectos.com\/noticias\/?p=31603#primaryimage\"},\"thumbnailUrl\":\"https:\/\/colegioarquitectos.com\/noticias\/wp-content\/uploads\/2024\/04\/Proyecto-nuevo-6.png\",\"datePublished\":\"2024-04-09T14:40:14+00:00\",\"dateModified\":\"2024-04-09T14:40:14+00:00\",\"breadcrumb\":{\"@id\":\"https:\/\/colegioarquitectos.com\/noticias\/?p=31603#breadcrumb\"},\"inLanguage\":\"es\",\"potentialAction\":[{\"@type\":\"ReadAction\",\"target\":[\"https:\/\/colegioarquitectos.com\/noticias\/?p=31603\"]}]},{\"@type\":\"ImageObject\",\"inLanguage\":\"es\",\"@id\":\"https:\/\/colegioarquitectos.com\/noticias\/?p=31603#primaryimage\",\"url\":\"https:\/\/colegioarquitectos.com\/noticias\/wp-content\/uploads\/2024\/04\/Proyecto-nuevo-6.png\",\"contentUrl\":\"https:\/\/colegioarquitectos.com\/noticias\/wp-content\/uploads\/2024\/04\/Proyecto-nuevo-6.png\",\"width\":1280,\"height\":720},{\"@type\":\"BreadcrumbList\",\"@id\":\"https:\/\/colegioarquitectos.com\/noticias\/?p=31603#breadcrumb\",\"itemListElement\":[{\"@type\":\"ListItem\",\"position\":1,\"name\":\"Portada\",\"item\":\"https:\/\/colegioarquitectos.com\/noticias\"},{\"@type\":\"ListItem\",\"position\":2,\"name\":\"Fruct\u00edfero encuentro entre el Colegio de Arquitectos de Chile y el Colegio de Arquitectos del Per\u00fa\"}]},{\"@type\":\"WebSite\",\"@id\":\"https:\/\/colegioarquitectos.com\/noticias\/#website\",\"url\":\"https:\/\/colegioarquitectos.com\/noticias\/\",\"name\":\"COLEGIO DE ARQUITECTOS DE CHILE\",\"description\":\"\",\"publisher\":{\"@id\":\"https:\/\/colegioarquitectos.com\/noticias\/#organization\"},\"potentialAction\":[{\"@type\":\"SearchAction\",\"target\":{\"@type\":\"EntryPoint\",\"urlTemplate\":\"https:\/\/colegioarquitectos.com\/noticias\/?s={search_term_string}\"},\"query-input\":{\"@type\":\"PropertyValueSpecification\",\"valueRequired\":true,\"valueName\":\"search_term_string\"}}],\"inLanguage\":\"es\"},{\"@type\":\"Organization\",\"@id\":\"https:\/\/colegioarquitectos.com\/noticias\/#organization\",\"name\":\"COLEGIO DE ARQUITECTOS DE CHILE\",\"url\":\"https:\/\/colegioarquitectos.com\/noticias\/\",\"logo\":{\"@type\":\"ImageObject\",\"inLanguage\":\"es\",\"@id\":\"https:\/\/colegioarquitectos.com\/noticias\/#\/schema\/logo\/image\/\",\"url\":\"https:\/\/colegioarquitectos.com\/noticias\/wp-content\/uploads\/2021\/05\/ENCABEZADO-LOGO-CA.jpg\",\"contentUrl\":\"https:\/\/colegioarquitectos.com\/noticias\/wp-content\/uploads\/2021\/05\/ENCABEZADO-LOGO-CA.jpg\",\"width\":690,\"height\":350,\"caption\":\"COLEGIO DE ARQUITECTOS DE CHILE\"},\"image\":{\"@id\":\"https:\/\/colegioarquitectos.com\/noticias\/#\/schema\/logo\/image\/\"},\"sameAs\":[\"https:\/\/facebook.com\/Colegioarq\/\",\"https:\/\/x.com\/colegioarq\",\"https:\/\/instagram.com\/colegioarq\",\"https:\/\/youtube.com\/@ColegiodeArquitectosdeChile\"]},{\"@type\":\"Person\",\"@id\":\"https:\/\/colegioarquitectos.com\/noticias\/#\/schema\/person\/685cc0aad148303c5608f049af8285ad\",\"name\":\"Colegio de Arquitectos de Chile\",\"url\":\"https:\/\/colegioarquitectos.com\/noticias\/?author=4\"}]}<\/script>\n<!-- \/ Yoast SEO plugin. -->","yoast_head_json":{"title":"Fruct\u00edfero encuentro entre el Colegio de Arquitectos de Chile y el Colegio de Arquitectos del Per\u00fa - COLEGIO DE ARQUITECTOS DE CHILE","robots":{"index":"index","follow":"follow","max-snippet":"max-snippet:-1","max-image-preview":"max-image-preview:large","max-video-preview":"max-video-preview:-1"},"canonical":"https:\/\/colegioarquitectos.com\/noticias\/?p=31603","og_locale":"es_ES","og_type":"article","og_title":"Fruct\u00edfero encuentro entre el Colegio de Arquitectos de Chile y el Colegio de Arquitectos del Per\u00fa - COLEGIO DE ARQUITECTOS DE CHILE","og_description":"En un ambiente c\u00e1lido y de fraternidad se realiz\u00f3 el pasado mi\u00e9rcoles 3 de abril una reuni\u00f3n entre el Colegio de Arquitectos de Chile y el Colegio de Arquitectos del Per\u00fa, liderados por la presidenta nacional, Beatriz Buccicardi; y la &hellip; ver m\u00e1s","og_url":"https:\/\/colegioarquitectos.com\/noticias\/?p=31603","og_site_name":"COLEGIO DE ARQUITECTOS DE CHILE","article_publisher":"https:\/\/facebook.com\/Colegioarq\/","article_published_time":"2024-04-09T14:40:14+00:00","og_image":[{"width":1280,"height":720,"url":"https:\/\/colegioarquitectos.com\/noticias\/wp-content\/uploads\/2024\/04\/Proyecto-nuevo-6.png","type":"image\/png"}],"author":"Colegio de Arquitectos de Chile","twitter_card":"summary_large_image","twitter_creator":"@colegioarq","twitter_site":"@colegioarq","twitter_misc":{"Escrito por":"Colegio de Arquitectos de Chile","Tiempo de lectura":"1 minuto"},"schema":{"@context":"https:\/\/schema.org","@graph":[{"@type":"Article","@id":"https:\/\/colegioarquitectos.com\/noticias\/?p=31603#article","isPartOf":{"@id":"https:\/\/colegioarquitectos.com\/noticias\/?p=31603"},"author":{"name":"Colegio de Arquitectos de Chile","@id":"https:\/\/colegioarquitectos.com\/noticias\/#\/schema\/person\/685cc0aad148303c5608f049af8285ad"},"headline":"Fruct\u00edfero encuentro entre el Colegio de Arquitectos de Chile y el Colegio de Arquitectos del Per\u00fa","datePublished":"2024-04-09T14:40:14+00:00","dateModified":"2024-04-09T14:40:14+00:00","mainEntityOfPage":{"@id":"https:\/\/colegioarquitectos.com\/noticias\/?p=31603"},"wordCount":310,"publisher":{"@id":"https:\/\/colegioarquitectos.com\/noticias\/#organization"},"image":{"@id":"https:\/\/colegioarquitectos.com\/noticias\/?p=31603#primaryimage"},"thumbnailUrl":"https:\/\/colegioarquitectos.com\/noticias\/wp-content\/uploads\/2024\/04\/Proyecto-nuevo-6.png","keywords":["Beatriz Buccicardi","Colegio de Arquitectos de Chile","Colegio de Arquitectos del Per\u00fa","Lima","Lourdes Giusti","Per\u00fa"],"articleSection":["Colegio","Internacional"],"inLanguage":"es"},{"@type":"WebPage","@id":"https:\/\/colegioarquitectos.com\/noticias\/?p=31603","url":"https:\/\/colegioarquitectos.com\/noticias\/?p=31603","name":"Fruct\u00edfero encuentro entre el Colegio de Arquitectos de Chile y el Colegio de Arquitectos del Per\u00fa - COLEGIO DE ARQUITECTOS DE CHILE","isPartOf":{"@id":"https:\/\/colegioarquitectos.com\/noticias\/#website"},"primaryImageOfPage":{"@id":"https:\/\/colegioarquitectos.com\/noticias\/?p=31603#primaryimage"},"image":{"@id":"https:\/\/colegioarquitectos.com\/noticias\/?p=31603#primaryimage"},"thumbnailUrl":"https:\/\/colegioarquitectos.com\/noticias\/wp-content\/uploads\/2024\/04\/Proyecto-nuevo-6.png","datePublished":"2024-04-09T14:40:14+00:00","dateModified":"2024-04-09T14:40:14+00:00","breadcrumb":{"@id":"https:\/\/colegioarquitectos.com\/noticias\/?p=31603#breadcrumb"},"inLanguage":"es","potentialAction":[{"@type":"ReadAction","target":["https:\/\/colegioarquitectos.com\/noticias\/?p=31603"]}]},{"@type":"ImageObject","inLanguage":"es","@id":"https:\/\/colegioarquitectos.com\/noticias\/?p=31603#primaryimage","url":"https:\/\/colegioarquitectos.com\/noticias\/wp-content\/uploads\/2024\/04\/Proyecto-nuevo-6.png","contentUrl":"https:\/\/colegioarquitectos.com\/noticias\/wp-content\/uploads\/2024\/04\/Proyecto-nuevo-6.png","width":1280,"height":720},{"@type":"BreadcrumbList","@id":"https:\/\/colegioarquitectos.com\/noticias\/?p=31603#breadcrumb","itemListElement":[{"@type":"ListItem","position":1,"name":"Portada","item":"https:\/\/colegioarquitectos.com\/noticias"},{"@type":"ListItem","position":2,"name":"Fruct\u00edfero encuentro entre el Colegio de Arquitectos de Chile y el Colegio de Arquitectos del Per\u00fa"}]},{"@type":"WebSite","@id":"https:\/\/colegioarquitectos.com\/noticias\/#website","url":"https:\/\/colegioarquitectos.com\/noticias\/","name":"COLEGIO DE ARQUITECTOS DE CHILE","description":"","publisher":{"@id":"https:\/\/colegioarquitectos.com\/noticias\/#organization"},"potentialAction":[{"@type":"SearchAction","target":{"@type":"EntryPoint","urlTemplate":"https:\/\/colegioarquitectos.com\/noticias\/?s={search_term_string}"},"query-input":{"@type":"PropertyValueSpecification","valueRequired":true,"valueName":"search_term_string"}}],"inLanguage":"es"},{"@type":"Organization","@id":"https:\/\/colegioarquitectos.com\/noticias\/#organization","name":"COLEGIO DE ARQUITECTOS DE CHILE","url":"https:\/\/colegioarquitectos.com\/noticias\/","logo":{"@type":"ImageObject","inLanguage":"es","@id":"https:\/\/colegioarquitectos.com\/noticias\/#\/schema\/logo\/image\/","url":"https:\/\/colegioarquitectos.com\/noticias\/wp-content\/uploads\/2021\/05\/ENCABEZADO-LOGO-CA.jpg","contentUrl":"https:\/\/colegioarquitectos.com\/noticias\/wp-content\/uploads\/2021\/05\/ENCABEZADO-LOGO-CA.jpg","width":690,"height":350,"caption":"COLEGIO DE ARQUITECTOS DE CHILE"},"image":{"@id":"https:\/\/colegioarquitectos.com\/noticias\/#\/schema\/logo\/image\/"},"sameAs":["https:\/\/facebook.com\/Colegioarq\/","https:\/\/x.com\/colegioarq","https:\/\/instagram.com\/colegioarq","https:\/\/youtube.com\/@ColegiodeArquitectosdeChile"]},{"@type":"Person","@id":"https:\/\/colegioarquitectos.com\/noticias\/#\/schema\/person\/685cc0aad148303c5608f049af8285ad","name":"Colegio de Arquitectos de Chile","url":"https:\/\/colegioarquitectos.com\/noticias\/?author=4"}]}},"_links":{"self":[{"href":"https:\/\/colegioarquitectos.com\/noticias\/index.php?rest_route=\/wp\/v2\/posts\/31603","targetHints":{"allow":["GET"]}}],"collection":[{"href":"https:\/\/colegioarquitectos.com\/noticias\/index.php?rest_route=\/wp\/v2\/posts"}],"about":[{"href":"https:\/\/colegioarquitectos.com\/noticias\/index.php?rest_route=\/wp\/v2\/types\/post"}],"author":[{"embeddable":true,"href":"https:\/\/colegioarquitectos.com\/noticias\/index.php?rest_route=\/wp\/v2\/users\/4"}],"replies":[{"embeddable":true,"href":"https:\/\/colegioarquitectos.com\/noticias\/index.php?rest_route=%2Fwp%2Fv2%2Fcomments&post=31603"}],"version-history":[{"count":0,"href":"https:\/\/colegioarquitectos.com\/noticias\/index.php?rest_route=\/wp\/v2\/posts\/31603\/revisions"}],"wp:featuredmedia":[{"embeddable":true,"href":"https:\/\/colegioarquitectos.com\/noticias\/index.php?rest_route=\/wp\/v2\/media\/31604"}],"wp:attachment":[{"href":"https:\/\/colegioarquitectos.com\/noticias\/index.php?rest_route=%2Fwp%2Fv2%2Fmedia&parent=31603"}],"wp:term":[{"taxonomy":"category","embeddable":true,"href":"https:\/\/colegioarquitectos.com\/noticias\/index.php?rest_route=%2Fwp%2Fv2%2Fcategories&post=31603"},{"taxonomy":"post_tag","embeddable":true,"href":"https:\/\/colegioarquitectos.com\/noticias\/index.php?rest_route=%2Fwp%2Fv2%2Ftags&post=31603"}],"curies":[{"name":"wp","href":"https:\/\/api.w.org\/{rel}","templated":true}]}}