
{"id":31672,"date":"2024-04-26T10:07:53","date_gmt":"2024-04-26T14:07:53","guid":{"rendered":"https:\/\/colegioarquitectos.com\/?p=31672"},"modified":"2024-04-26T10:58:41","modified_gmt":"2024-04-26T14:58:41","slug":"fallecio-oscar-mac-clure-alamos","status":"publish","type":"post","link":"https:\/\/colegioarquitectos.com\/noticias\/?p=31672","title":{"rendered":"Falleci\u00f3 \u00d3scar Mac-Clure \u00c1lamos"},"content":{"rendered":"<p>Como<strong>\u00a0Colegio de Arquitectos de Chile<\/strong>\u00a0lamentamos comunicar el sensible fallecimiento del arquitecto <strong>\u00d3scar Mac-Clure \u00c1lamos<\/strong>, colegiado de nuestra Asociaci\u00f3n Gremial, a los 101 a\u00f1os de edad.<\/p>\n<p>Arquitecto de la <strong>Pontificia Universidad Cat\u00f3lica de Chile<\/strong>, entre sus obras m\u00e1s descollantes destacan el <strong>Planetario de la Universidad de Santiago (USACH)<\/strong>, el <strong>Museo Gabriela Mistral de Vicu\u00f1a<\/strong>,\u00a0el <strong>Aula Magna del Liceo Manuel de Salas<\/strong> y el <strong>Centro del Magisterio de Vi\u00f1a del Mar<\/strong>.<\/p>\n<p>Seg\u00fan recoge el <strong>Planetario de la USACH<\/strong>,\u00a0\u00aben 1968 Chile recibi\u00f3 el proyector estelar Carl Zeiss VI y a principios de los a\u00f1os 70 este robot mec\u00e1nico hecho por la mejor industria \u00f3ptica alemana es traspasado desde el Ministerio de Educaci\u00f3n a la Universidad T\u00e9cnica del Estado (UTE), hoy Universidad de Santiago de Chile, para ser instalado en su campus. Originalmente iba a ser construido durante el gobierno de la Unidad Popular, pero tras el golpe de Estado de 1973 el proyecto qued\u00f3 estancado.<\/p>\n<p>Su edificio homenajea el observatorio astron\u00f3mico de Chich\u00e9n Itz\u00e1 y sus dos espejos de agua emulan los cenotes maya, donde ese pueblo ancestral estudiaba el universo y las estrellas a trav\u00e9s de su reflejo en estos estanques durante las noches. As\u00ed, la astronom\u00eda Maya, una de las m\u00e1s precisas, se construy\u00f3 a partir de la proyecci\u00f3n de la imagen del cielo estrellado en una superficie plana, lo que permit\u00eda c\u00e1lculos mucho m\u00e1s exactos.<\/p>\n<p>\u00d3scar Mac-Clure imagin\u00f3 las piletas del Planetario como actualizaciones de estas estructuras geomorfol\u00f3gicas de Yucat\u00e1n, considerados espacios sagrados por la cultura maya al ser las puertas que los conectaban, adem\u00e1s, con el inframundo.<\/p>\n<p>La construcci\u00f3n del edificio, de 4.350 metros cuadrados, se realiz\u00f3 finalmente entre 1982 y 1985. Planetario ten\u00eda fecha de inauguraci\u00f3n el 14 de marzo de 1985, un d\u00eda astron\u00f3mico y cient\u00edfico por el nacimiento de Albert Einstein, la muerte de Stephen Hawking y el d\u00eda del n\u00famero Pi; sin embargo, la apertura debi\u00f3 retrasarse por el gran terremoto que remeci\u00f3 Santiago el 3 de marzo. El Planetario pudo abrir sus puertas al p\u00fablico reci\u00e9n en 1986 por los efectos del terremoto\u00bb.<\/p>\n<p>En estos dif\u00edciles momentos, sensibles con el dolor de su familia y sus cercanos, les hacemos llegar nuestro m\u00e1s sentido p\u00e9same.<\/p>\n<p>&nbsp;<\/p>\n<p>&nbsp;<\/p>\n<p><strong>Directorio Nacional<\/strong><\/p>\n<p><strong>Colegio de Arquitectos de Chile<\/strong><\/p>\n<p>&nbsp;<\/p>\n<p><\/p>","protected":false},"excerpt":{"rendered":"<p>Como\u00a0Colegio de Arquitectos de Chile\u00a0lamentamos comunicar el sensible fallecimiento del arquitecto \u00d3scar Mac-Clure \u00c1lamos, colegiado de nuestra Asociaci\u00f3n Gremial, a los 101 a\u00f1os de edad. Arquitecto de la Pontificia Universidad Cat\u00f3lica de Chile, entre sus obras m\u00e1s descollantes destacan el &hellip; <a class=\"more-link\" href=\"https:\/\/colegioarquitectos.com\/noticias\/?p=31672\">ver m\u00e1s<\/a><\/p>","protected":false},"author":4,"featured_media":31674,"comment_status":"closed","ping_status":"closed","sticky":false,"template":"","format":"standard","meta":{"footnotes":""},"categories":[8,37],"tags":[829,137,828,136,827,826,825],"class_list":["post-31672","post","type-post","status-publish","format-standard","has-post-thumbnail","hentry","category-colegio-de-arquitectos","category-obituario","tag-aula-magna-del-liceo-manuel-de-salas","tag-fallecimiento","tag-museo-gabriela-mistral-de-vicuna","tag-obituario","tag-oscar-mac-clure","tag-oscar-mac-clure-alamos","tag-planetario"],"yoast_head":"<!-- This site is optimized with the Yoast SEO plugin v24.2 - https:\/\/yoast.com\/wordpress\/plugins\/seo\/ -->\n<title>Falleci\u00f3 \u00d3scar Mac-Clure \u00c1lamos - COLEGIO DE ARQUITECTOS DE CHILE<\/title>\n<meta name=\"robots\" content=\"index, follow, max-snippet:-1, max-image-preview:large, max-video-preview:-1\" \/>\n<link rel=\"canonical\" href=\"https:\/\/colegioarquitectos.com\/noticias\/?p=31672\" \/>\n<meta property=\"og:locale\" content=\"es_ES\" \/>\n<meta property=\"og:type\" content=\"article\" \/>\n<meta property=\"og:title\" content=\"Falleci\u00f3 \u00d3scar Mac-Clure \u00c1lamos - COLEGIO DE ARQUITECTOS DE CHILE\" \/>\n<meta property=\"og:description\" content=\"Como\u00a0Colegio de Arquitectos de Chile\u00a0lamentamos comunicar el sensible fallecimiento del arquitecto \u00d3scar Mac-Clure \u00c1lamos, colegiado de nuestra Asociaci\u00f3n Gremial, a los 101 a\u00f1os de edad. Arquitecto de la Pontificia Universidad Cat\u00f3lica de Chile, entre sus obras m\u00e1s descollantes destacan el &hellip; ver m\u00e1s\" \/>\n<meta property=\"og:url\" content=\"https:\/\/colegioarquitectos.com\/noticias\/?p=31672\" \/>\n<meta property=\"og:site_name\" content=\"COLEGIO DE ARQUITECTOS DE CHILE\" \/>\n<meta property=\"article:publisher\" content=\"https:\/\/facebook.com\/Colegioarq\/\" \/>\n<meta property=\"article:published_time\" content=\"2024-04-26T14:07:53+00:00\" \/>\n<meta property=\"article:modified_time\" content=\"2024-04-26T14:58:41+00:00\" \/>\n<meta property=\"og:image\" content=\"https:\/\/colegioarquitectos.com\/noticias\/wp-content\/uploads\/2024\/04\/Proyecto-nuevo.png\" \/>\n\t<meta property=\"og:image:width\" content=\"1280\" \/>\n\t<meta property=\"og:image:height\" content=\"720\" \/>\n\t<meta property=\"og:image:type\" content=\"image\/png\" \/>\n<meta name=\"author\" content=\"Colegio de Arquitectos de Chile\" \/>\n<meta name=\"twitter:card\" content=\"summary_large_image\" \/>\n<meta name=\"twitter:creator\" content=\"@colegioarq\" \/>\n<meta name=\"twitter:site\" content=\"@colegioarq\" \/>\n<meta name=\"twitter:label1\" content=\"Escrito por\" \/>\n\t<meta name=\"twitter:data1\" content=\"Colegio de Arquitectos de Chile\" \/>\n\t<meta name=\"twitter:label2\" content=\"Tiempo de lectura\" \/>\n\t<meta name=\"twitter:data2\" content=\"2 minutos\" \/>\n<script type=\"application\/ld+json\" class=\"yoast-schema-graph\">{\"@context\":\"https:\/\/schema.org\",\"@graph\":[{\"@type\":\"Article\",\"@id\":\"https:\/\/colegioarquitectos.com\/noticias\/?p=31672#article\",\"isPartOf\":{\"@id\":\"https:\/\/colegioarquitectos.com\/noticias\/?p=31672\"},\"author\":{\"name\":\"Colegio de Arquitectos de Chile\",\"@id\":\"https:\/\/colegioarquitectos.com\/noticias\/#\/schema\/person\/685cc0aad148303c5608f049af8285ad\"},\"headline\":\"Falleci\u00f3 \u00d3scar Mac-Clure \u00c1lamos\",\"datePublished\":\"2024-04-26T14:07:53+00:00\",\"dateModified\":\"2024-04-26T14:58:41+00:00\",\"mainEntityOfPage\":{\"@id\":\"https:\/\/colegioarquitectos.com\/noticias\/?p=31672\"},\"wordCount\":403,\"publisher\":{\"@id\":\"https:\/\/colegioarquitectos.com\/noticias\/#organization\"},\"image\":{\"@id\":\"https:\/\/colegioarquitectos.com\/noticias\/?p=31672#primaryimage\"},\"thumbnailUrl\":\"https:\/\/colegioarquitectos.com\/noticias\/wp-content\/uploads\/2024\/04\/Proyecto-nuevo.png\",\"keywords\":[\"Aula Magna del Liceo Manuel de Salas\",\"Fallecimiento\",\"Museo Gabriela Mistral de Vicu\u00f1a\",\"Obituario\",\"\u00d3scar Mac-Clure\",\"\u00d3scar Mac-Clure \u00c1lamos\",\"Planetario\"],\"articleSection\":[\"Colegio\",\"Obituario\"],\"inLanguage\":\"es\"},{\"@type\":\"WebPage\",\"@id\":\"https:\/\/colegioarquitectos.com\/noticias\/?p=31672\",\"url\":\"https:\/\/colegioarquitectos.com\/noticias\/?p=31672\",\"name\":\"Falleci\u00f3 \u00d3scar Mac-Clure \u00c1lamos - COLEGIO DE ARQUITECTOS DE CHILE\",\"isPartOf\":{\"@id\":\"https:\/\/colegioarquitectos.com\/noticias\/#website\"},\"primaryImageOfPage\":{\"@id\":\"https:\/\/colegioarquitectos.com\/noticias\/?p=31672#primaryimage\"},\"image\":{\"@id\":\"https:\/\/colegioarquitectos.com\/noticias\/?p=31672#primaryimage\"},\"thumbnailUrl\":\"https:\/\/colegioarquitectos.com\/noticias\/wp-content\/uploads\/2024\/04\/Proyecto-nuevo.png\",\"datePublished\":\"2024-04-26T14:07:53+00:00\",\"dateModified\":\"2024-04-26T14:58:41+00:00\",\"breadcrumb\":{\"@id\":\"https:\/\/colegioarquitectos.com\/noticias\/?p=31672#breadcrumb\"},\"inLanguage\":\"es\",\"potentialAction\":[{\"@type\":\"ReadAction\",\"target\":[\"https:\/\/colegioarquitectos.com\/noticias\/?p=31672\"]}]},{\"@type\":\"ImageObject\",\"inLanguage\":\"es\",\"@id\":\"https:\/\/colegioarquitectos.com\/noticias\/?p=31672#primaryimage\",\"url\":\"https:\/\/colegioarquitectos.com\/noticias\/wp-content\/uploads\/2024\/04\/Proyecto-nuevo.png\",\"contentUrl\":\"https:\/\/colegioarquitectos.com\/noticias\/wp-content\/uploads\/2024\/04\/Proyecto-nuevo.png\",\"width\":1280,\"height\":720},{\"@type\":\"BreadcrumbList\",\"@id\":\"https:\/\/colegioarquitectos.com\/noticias\/?p=31672#breadcrumb\",\"itemListElement\":[{\"@type\":\"ListItem\",\"position\":1,\"name\":\"Portada\",\"item\":\"https:\/\/colegioarquitectos.com\/noticias\"},{\"@type\":\"ListItem\",\"position\":2,\"name\":\"Falleci\u00f3 \u00d3scar Mac-Clure \u00c1lamos\"}]},{\"@type\":\"WebSite\",\"@id\":\"https:\/\/colegioarquitectos.com\/noticias\/#website\",\"url\":\"https:\/\/colegioarquitectos.com\/noticias\/\",\"name\":\"COLEGIO DE ARQUITECTOS DE CHILE\",\"description\":\"\",\"publisher\":{\"@id\":\"https:\/\/colegioarquitectos.com\/noticias\/#organization\"},\"potentialAction\":[{\"@type\":\"SearchAction\",\"target\":{\"@type\":\"EntryPoint\",\"urlTemplate\":\"https:\/\/colegioarquitectos.com\/noticias\/?s={search_term_string}\"},\"query-input\":{\"@type\":\"PropertyValueSpecification\",\"valueRequired\":true,\"valueName\":\"search_term_string\"}}],\"inLanguage\":\"es\"},{\"@type\":\"Organization\",\"@id\":\"https:\/\/colegioarquitectos.com\/noticias\/#organization\",\"name\":\"COLEGIO DE ARQUITECTOS DE CHILE\",\"url\":\"https:\/\/colegioarquitectos.com\/noticias\/\",\"logo\":{\"@type\":\"ImageObject\",\"inLanguage\":\"es\",\"@id\":\"https:\/\/colegioarquitectos.com\/noticias\/#\/schema\/logo\/image\/\",\"url\":\"https:\/\/colegioarquitectos.com\/noticias\/wp-content\/uploads\/2021\/05\/ENCABEZADO-LOGO-CA.jpg\",\"contentUrl\":\"https:\/\/colegioarquitectos.com\/noticias\/wp-content\/uploads\/2021\/05\/ENCABEZADO-LOGO-CA.jpg\",\"width\":690,\"height\":350,\"caption\":\"COLEGIO DE ARQUITECTOS DE CHILE\"},\"image\":{\"@id\":\"https:\/\/colegioarquitectos.com\/noticias\/#\/schema\/logo\/image\/\"},\"sameAs\":[\"https:\/\/facebook.com\/Colegioarq\/\",\"https:\/\/x.com\/colegioarq\",\"https:\/\/instagram.com\/colegioarq\",\"https:\/\/youtube.com\/@ColegiodeArquitectosdeChile\"]},{\"@type\":\"Person\",\"@id\":\"https:\/\/colegioarquitectos.com\/noticias\/#\/schema\/person\/685cc0aad148303c5608f049af8285ad\",\"name\":\"Colegio de Arquitectos de Chile\",\"url\":\"https:\/\/colegioarquitectos.com\/noticias\/?author=4\"}]}<\/script>\n<!-- \/ Yoast SEO plugin. -->","yoast_head_json":{"title":"Falleci\u00f3 \u00d3scar Mac-Clure \u00c1lamos - COLEGIO DE ARQUITECTOS DE CHILE","robots":{"index":"index","follow":"follow","max-snippet":"max-snippet:-1","max-image-preview":"max-image-preview:large","max-video-preview":"max-video-preview:-1"},"canonical":"https:\/\/colegioarquitectos.com\/noticias\/?p=31672","og_locale":"es_ES","og_type":"article","og_title":"Falleci\u00f3 \u00d3scar Mac-Clure \u00c1lamos - COLEGIO DE ARQUITECTOS DE CHILE","og_description":"Como\u00a0Colegio de Arquitectos de Chile\u00a0lamentamos comunicar el sensible fallecimiento del arquitecto \u00d3scar Mac-Clure \u00c1lamos, colegiado de nuestra Asociaci\u00f3n Gremial, a los 101 a\u00f1os de edad. Arquitecto de la Pontificia Universidad Cat\u00f3lica de Chile, entre sus obras m\u00e1s descollantes destacan el &hellip; ver m\u00e1s","og_url":"https:\/\/colegioarquitectos.com\/noticias\/?p=31672","og_site_name":"COLEGIO DE ARQUITECTOS DE CHILE","article_publisher":"https:\/\/facebook.com\/Colegioarq\/","article_published_time":"2024-04-26T14:07:53+00:00","article_modified_time":"2024-04-26T14:58:41+00:00","og_image":[{"width":1280,"height":720,"url":"https:\/\/colegioarquitectos.com\/noticias\/wp-content\/uploads\/2024\/04\/Proyecto-nuevo.png","type":"image\/png"}],"author":"Colegio de Arquitectos de Chile","twitter_card":"summary_large_image","twitter_creator":"@colegioarq","twitter_site":"@colegioarq","twitter_misc":{"Escrito por":"Colegio de Arquitectos de Chile","Tiempo de lectura":"2 minutos"},"schema":{"@context":"https:\/\/schema.org","@graph":[{"@type":"Article","@id":"https:\/\/colegioarquitectos.com\/noticias\/?p=31672#article","isPartOf":{"@id":"https:\/\/colegioarquitectos.com\/noticias\/?p=31672"},"author":{"name":"Colegio de Arquitectos de Chile","@id":"https:\/\/colegioarquitectos.com\/noticias\/#\/schema\/person\/685cc0aad148303c5608f049af8285ad"},"headline":"Falleci\u00f3 \u00d3scar Mac-Clure \u00c1lamos","datePublished":"2024-04-26T14:07:53+00:00","dateModified":"2024-04-26T14:58:41+00:00","mainEntityOfPage":{"@id":"https:\/\/colegioarquitectos.com\/noticias\/?p=31672"},"wordCount":403,"publisher":{"@id":"https:\/\/colegioarquitectos.com\/noticias\/#organization"},"image":{"@id":"https:\/\/colegioarquitectos.com\/noticias\/?p=31672#primaryimage"},"thumbnailUrl":"https:\/\/colegioarquitectos.com\/noticias\/wp-content\/uploads\/2024\/04\/Proyecto-nuevo.png","keywords":["Aula Magna del Liceo Manuel de Salas","Fallecimiento","Museo Gabriela Mistral de Vicu\u00f1a","Obituario","\u00d3scar Mac-Clure","\u00d3scar Mac-Clure \u00c1lamos","Planetario"],"articleSection":["Colegio","Obituario"],"inLanguage":"es"},{"@type":"WebPage","@id":"https:\/\/colegioarquitectos.com\/noticias\/?p=31672","url":"https:\/\/colegioarquitectos.com\/noticias\/?p=31672","name":"Falleci\u00f3 \u00d3scar Mac-Clure \u00c1lamos - COLEGIO DE ARQUITECTOS DE CHILE","isPartOf":{"@id":"https:\/\/colegioarquitectos.com\/noticias\/#website"},"primaryImageOfPage":{"@id":"https:\/\/colegioarquitectos.com\/noticias\/?p=31672#primaryimage"},"image":{"@id":"https:\/\/colegioarquitectos.com\/noticias\/?p=31672#primaryimage"},"thumbnailUrl":"https:\/\/colegioarquitectos.com\/noticias\/wp-content\/uploads\/2024\/04\/Proyecto-nuevo.png","datePublished":"2024-04-26T14:07:53+00:00","dateModified":"2024-04-26T14:58:41+00:00","breadcrumb":{"@id":"https:\/\/colegioarquitectos.com\/noticias\/?p=31672#breadcrumb"},"inLanguage":"es","potentialAction":[{"@type":"ReadAction","target":["https:\/\/colegioarquitectos.com\/noticias\/?p=31672"]}]},{"@type":"ImageObject","inLanguage":"es","@id":"https:\/\/colegioarquitectos.com\/noticias\/?p=31672#primaryimage","url":"https:\/\/colegioarquitectos.com\/noticias\/wp-content\/uploads\/2024\/04\/Proyecto-nuevo.png","contentUrl":"https:\/\/colegioarquitectos.com\/noticias\/wp-content\/uploads\/2024\/04\/Proyecto-nuevo.png","width":1280,"height":720},{"@type":"BreadcrumbList","@id":"https:\/\/colegioarquitectos.com\/noticias\/?p=31672#breadcrumb","itemListElement":[{"@type":"ListItem","position":1,"name":"Portada","item":"https:\/\/colegioarquitectos.com\/noticias"},{"@type":"ListItem","position":2,"name":"Falleci\u00f3 \u00d3scar Mac-Clure \u00c1lamos"}]},{"@type":"WebSite","@id":"https:\/\/colegioarquitectos.com\/noticias\/#website","url":"https:\/\/colegioarquitectos.com\/noticias\/","name":"COLEGIO DE ARQUITECTOS DE CHILE","description":"","publisher":{"@id":"https:\/\/colegioarquitectos.com\/noticias\/#organization"},"potentialAction":[{"@type":"SearchAction","target":{"@type":"EntryPoint","urlTemplate":"https:\/\/colegioarquitectos.com\/noticias\/?s={search_term_string}"},"query-input":{"@type":"PropertyValueSpecification","valueRequired":true,"valueName":"search_term_string"}}],"inLanguage":"es"},{"@type":"Organization","@id":"https:\/\/colegioarquitectos.com\/noticias\/#organization","name":"COLEGIO DE ARQUITECTOS DE CHILE","url":"https:\/\/colegioarquitectos.com\/noticias\/","logo":{"@type":"ImageObject","inLanguage":"es","@id":"https:\/\/colegioarquitectos.com\/noticias\/#\/schema\/logo\/image\/","url":"https:\/\/colegioarquitectos.com\/noticias\/wp-content\/uploads\/2021\/05\/ENCABEZADO-LOGO-CA.jpg","contentUrl":"https:\/\/colegioarquitectos.com\/noticias\/wp-content\/uploads\/2021\/05\/ENCABEZADO-LOGO-CA.jpg","width":690,"height":350,"caption":"COLEGIO DE ARQUITECTOS DE CHILE"},"image":{"@id":"https:\/\/colegioarquitectos.com\/noticias\/#\/schema\/logo\/image\/"},"sameAs":["https:\/\/facebook.com\/Colegioarq\/","https:\/\/x.com\/colegioarq","https:\/\/instagram.com\/colegioarq","https:\/\/youtube.com\/@ColegiodeArquitectosdeChile"]},{"@type":"Person","@id":"https:\/\/colegioarquitectos.com\/noticias\/#\/schema\/person\/685cc0aad148303c5608f049af8285ad","name":"Colegio de Arquitectos de Chile","url":"https:\/\/colegioarquitectos.com\/noticias\/?author=4"}]}},"_links":{"self":[{"href":"https:\/\/colegioarquitectos.com\/noticias\/index.php?rest_route=\/wp\/v2\/posts\/31672","targetHints":{"allow":["GET"]}}],"collection":[{"href":"https:\/\/colegioarquitectos.com\/noticias\/index.php?rest_route=\/wp\/v2\/posts"}],"about":[{"href":"https:\/\/colegioarquitectos.com\/noticias\/index.php?rest_route=\/wp\/v2\/types\/post"}],"author":[{"embeddable":true,"href":"https:\/\/colegioarquitectos.com\/noticias\/index.php?rest_route=\/wp\/v2\/users\/4"}],"replies":[{"embeddable":true,"href":"https:\/\/colegioarquitectos.com\/noticias\/index.php?rest_route=%2Fwp%2Fv2%2Fcomments&post=31672"}],"version-history":[{"count":0,"href":"https:\/\/colegioarquitectos.com\/noticias\/index.php?rest_route=\/wp\/v2\/posts\/31672\/revisions"}],"wp:featuredmedia":[{"embeddable":true,"href":"https:\/\/colegioarquitectos.com\/noticias\/index.php?rest_route=\/wp\/v2\/media\/31674"}],"wp:attachment":[{"href":"https:\/\/colegioarquitectos.com\/noticias\/index.php?rest_route=%2Fwp%2Fv2%2Fmedia&parent=31672"}],"wp:term":[{"taxonomy":"category","embeddable":true,"href":"https:\/\/colegioarquitectos.com\/noticias\/index.php?rest_route=%2Fwp%2Fv2%2Fcategories&post=31672"},{"taxonomy":"post_tag","embeddable":true,"href":"https:\/\/colegioarquitectos.com\/noticias\/index.php?rest_route=%2Fwp%2Fv2%2Ftags&post=31672"}],"curies":[{"name":"wp","href":"https:\/\/api.w.org\/{rel}","templated":true}]}}