
{"id":31730,"date":"2024-05-13T14:12:51","date_gmt":"2024-05-13T18:12:51","guid":{"rendered":"https:\/\/colegioarquitectos.com\/?p=31730"},"modified":"2024-05-13T14:12:51","modified_gmt":"2024-05-13T18:12:51","slug":"convocatoria-competencia-internacional-arqfilmfest-2024-hacia-una-arquitectura-emocional","status":"publish","type":"post","link":"https:\/\/colegioarquitectos.com\/noticias\/?p=31730","title":{"rendered":"[Convocatoria Competencia Internacional] ArqFilmFest 2024: Hacia una Arquitectura Emocional"},"content":{"rendered":"<p>El Arquitectura Film Festival Santiago, ArqFilmFest, celebrando su 6ta edici\u00f3n, invita a cineastas y creadores de todo el mundo a participar en su competencia internacional con filmes que establezcan una relaci\u00f3n entre el cine y la arquitectura, desde los m\u00e1s diversos puntos de vista posibles.<\/p>\n<p>Hoy m\u00e1s que nunca vivimos realidades alternas que se proyectan en el cine, los videojuegos, el metaverso o las pantallas que nos permiten conectar con personas que est\u00e1n geogr\u00e1ficamente en las ant\u00edpodas de nuestros territorios. Con fronteras y habitares cada vez m\u00e1s m\u00f3viles, cambian las formas de vivir y de estar en el mundo as\u00ed como nuestros v\u00ednculos.<\/p>\n<p>De all\u00ed que la invitaci\u00f3n sea a participar con obras que justifiquen su relaci\u00f3n con la arquitectura emocional, realizadas entre el 1\u00ba de enero de 2018 y el 20 de mayo de 2024. Los filmes seleccionados se exhibir\u00e1n en una de las tres secciones en competencia: <strong>Competencia Internacional de Largometrajes y Mediometrajes<\/strong>, <strong>Competencia Internacional de Cortometrajes<\/strong> y <strong>Registro de Arquitectura.<\/strong><\/p>\n<p>La selecci\u00f3n de las obras ganadoras ser\u00e1 realizada por un jurado compuesto por destacadas figuras de la arquitectura, el cine y la cr\u00edtica nacional. Adem\u00e1s, la Red Interamericana de Festivales de Cine, Ciudad y Arquitectura RIFCA, constituida el a\u00f1o 2020, otorgar\u00e1 una menci\u00f3n especial al mejor filme de arquitectura emocional.<\/p>\n<p>Los filmes en competencia se recibir\u00e1n hasta el <strong>30 de agosto de 2024<\/strong> y las obras seleccionadas se publicar\u00e1n en la web del festival el 7 de octubre del presente a\u00f1o.<\/p>\n<p>Esta selecci\u00f3n se exhibir\u00e1 durante la 6\u00aa versi\u00f3n del festival, que se realizar\u00e1 entre el 28 de noviembre y el 7 de diciembre de 2024, en la <a href=\"https:\/\/salak.cl\/\"><strong>Sala K<\/strong><\/a><strong>, <\/strong>ubicada en el Campus El Claustro de la Universidad Mayor (Mar\u00edn 321, Santiago) y la <strong>Cineteca Nacional de Chile<\/strong> localizada en el Centro Cultural Palacio La Moneda.<\/p>\n<p>&nbsp;<\/p>\n<h4><strong>El Arquitectura Film Festival Santiago<\/strong><\/h4>\n<hr \/>\n<p>ArqFilmFest naci\u00f3 el 2012 como el primer festival de cine y arquitectura de Chile y Latinoam\u00e9rica. Con cinco ediciones a cuestas, la \u00faltima de ellas virtual y en plena pandemia, vuelve el 2024 para inaugurar su <strong>segunda d\u00e9cada<\/strong> como espacio de encuentro para creadores, profesionales y entusiastas habitantes,\u00a0 interesados en ser parte de una comunidad que explora la intersecci\u00f3n entre cine y arquitectura.<\/p>\n<p>El cine y la arquitectura tienen una relaci\u00f3n profunda, donde el <strong>espacio y el tiempo <\/strong>se encuentran para activar nuestras emociones. Esta edici\u00f3n del festival invita a explorar c\u00f3mo la arquitectura puede evocar recuerdos, ocultar historias o conectar a las personas con su entorno de manera significativa. Es un llamado a emocionarnos a trav\u00e9s de la experiencia arquitect\u00f3nica, tanto en la pantalla como fuera de ella.<\/p>\n<p>Este proyecto es financiado por el Ministerio de las Culturas, las Artes y el Patrimonio a trav\u00e9s del Fondart regional, en la L\u00ednea de Organizaci\u00f3n de Muestras, Ferias, Encuentros y Festivales, convocatoria 2024.<\/p>\n<p>Para m\u00e1s informaci\u00f3n sobre el festival y c\u00f3mo participar, visita <strong><a href=\"http:\/\/www.arqfilmfest.cl\/\">www.arqfilmfest.cl<\/a><\/strong><\/p>\n<p>&nbsp;<\/p>\n<p>&nbsp;<\/p>\n<p><\/p>","protected":false},"excerpt":{"rendered":"<p>El Arquitectura Film Festival Santiago, ArqFilmFest, celebrando su 6ta edici\u00f3n, invita a cineastas y creadores de todo el mundo a participar en su competencia internacional con filmes que establezcan una relaci\u00f3n entre el cine y la arquitectura, desde los m\u00e1s &hellip; <a class=\"more-link\" href=\"https:\/\/colegioarquitectos.com\/noticias\/?p=31730\">ver m\u00e1s<\/a><\/p>","protected":false},"author":4,"featured_media":31732,"comment_status":"closed","ping_status":"closed","sticky":false,"template":"","format":"standard","meta":{"footnotes":""},"categories":[3],"tags":[846,845,848,849,847],"class_list":["post-31730","post","type-post","status-publish","format-standard","has-post-thumbnail","hentry","category-noticias","tag-arqfilmfest","tag-arqfilmfest-2024","tag-arquitectura-film-festival-santiago","tag-convocatoria-competencia-internacional","tag-hacia-una-arquitectura-emocional"],"yoast_head":"<!-- This site is optimized with the Yoast SEO plugin v24.2 - https:\/\/yoast.com\/wordpress\/plugins\/seo\/ -->\n<title>[Convocatoria Competencia Internacional] ArqFilmFest 2024: Hacia una Arquitectura Emocional - COLEGIO DE ARQUITECTOS DE CHILE<\/title>\n<meta name=\"robots\" content=\"index, follow, max-snippet:-1, max-image-preview:large, max-video-preview:-1\" \/>\n<link rel=\"canonical\" href=\"https:\/\/colegioarquitectos.com\/noticias\/?p=31730\" \/>\n<meta property=\"og:locale\" content=\"es_ES\" \/>\n<meta property=\"og:type\" content=\"article\" \/>\n<meta property=\"og:title\" content=\"[Convocatoria Competencia Internacional] ArqFilmFest 2024: Hacia una Arquitectura Emocional - COLEGIO DE ARQUITECTOS DE CHILE\" \/>\n<meta property=\"og:description\" content=\"El Arquitectura Film Festival Santiago, ArqFilmFest, celebrando su 6ta edici\u00f3n, invita a cineastas y creadores de todo el mundo a participar en su competencia internacional con filmes que establezcan una relaci\u00f3n entre el cine y la arquitectura, desde los m\u00e1s &hellip; ver m\u00e1s\" \/>\n<meta property=\"og:url\" content=\"https:\/\/colegioarquitectos.com\/noticias\/?p=31730\" \/>\n<meta property=\"og:site_name\" content=\"COLEGIO DE ARQUITECTOS DE CHILE\" \/>\n<meta property=\"article:publisher\" content=\"https:\/\/facebook.com\/Colegioarq\/\" \/>\n<meta property=\"article:published_time\" content=\"2024-05-13T18:12:51+00:00\" \/>\n<meta property=\"og:image\" content=\"https:\/\/colegioarquitectos.com\/noticias\/wp-content\/uploads\/2024\/05\/Proyecto-nuevo.png\" \/>\n\t<meta property=\"og:image:width\" content=\"1280\" \/>\n\t<meta property=\"og:image:height\" content=\"720\" \/>\n\t<meta property=\"og:image:type\" content=\"image\/png\" \/>\n<meta name=\"author\" content=\"Colegio de Arquitectos de Chile\" \/>\n<meta name=\"twitter:card\" content=\"summary_large_image\" \/>\n<meta name=\"twitter:creator\" content=\"@colegioarq\" \/>\n<meta name=\"twitter:site\" content=\"@colegioarq\" \/>\n<meta name=\"twitter:label1\" content=\"Escrito por\" \/>\n\t<meta name=\"twitter:data1\" content=\"Colegio de Arquitectos de Chile\" \/>\n\t<meta name=\"twitter:label2\" content=\"Tiempo de lectura\" \/>\n\t<meta name=\"twitter:data2\" content=\"3 minutos\" \/>\n<script type=\"application\/ld+json\" class=\"yoast-schema-graph\">{\"@context\":\"https:\/\/schema.org\",\"@graph\":[{\"@type\":\"Article\",\"@id\":\"https:\/\/colegioarquitectos.com\/noticias\/?p=31730#article\",\"isPartOf\":{\"@id\":\"https:\/\/colegioarquitectos.com\/noticias\/?p=31730\"},\"author\":{\"name\":\"Colegio de Arquitectos de Chile\",\"@id\":\"https:\/\/colegioarquitectos.com\/noticias\/#\/schema\/person\/685cc0aad148303c5608f049af8285ad\"},\"headline\":\"[Convocatoria Competencia Internacional] ArqFilmFest 2024: Hacia una Arquitectura Emocional\",\"datePublished\":\"2024-05-13T18:12:51+00:00\",\"dateModified\":\"2024-05-13T18:12:51+00:00\",\"mainEntityOfPage\":{\"@id\":\"https:\/\/colegioarquitectos.com\/noticias\/?p=31730\"},\"wordCount\":513,\"publisher\":{\"@id\":\"https:\/\/colegioarquitectos.com\/noticias\/#organization\"},\"image\":{\"@id\":\"https:\/\/colegioarquitectos.com\/noticias\/?p=31730#primaryimage\"},\"thumbnailUrl\":\"https:\/\/colegioarquitectos.com\/noticias\/wp-content\/uploads\/2024\/05\/Proyecto-nuevo.png\",\"keywords\":[\"ArqFilmFest\",\"ArqFilmFest 2024\",\"Arquitectura Film Festival Santiago\",\"Convocatoria Competencia Internacional\",\"Hacia una Arquitectura Emocional\"],\"articleSection\":[\"Noticias\"],\"inLanguage\":\"es\"},{\"@type\":\"WebPage\",\"@id\":\"https:\/\/colegioarquitectos.com\/noticias\/?p=31730\",\"url\":\"https:\/\/colegioarquitectos.com\/noticias\/?p=31730\",\"name\":\"[Convocatoria Competencia Internacional] ArqFilmFest 2024: Hacia una Arquitectura Emocional - COLEGIO DE ARQUITECTOS DE CHILE\",\"isPartOf\":{\"@id\":\"https:\/\/colegioarquitectos.com\/noticias\/#website\"},\"primaryImageOfPage\":{\"@id\":\"https:\/\/colegioarquitectos.com\/noticias\/?p=31730#primaryimage\"},\"image\":{\"@id\":\"https:\/\/colegioarquitectos.com\/noticias\/?p=31730#primaryimage\"},\"thumbnailUrl\":\"https:\/\/colegioarquitectos.com\/noticias\/wp-content\/uploads\/2024\/05\/Proyecto-nuevo.png\",\"datePublished\":\"2024-05-13T18:12:51+00:00\",\"dateModified\":\"2024-05-13T18:12:51+00:00\",\"breadcrumb\":{\"@id\":\"https:\/\/colegioarquitectos.com\/noticias\/?p=31730#breadcrumb\"},\"inLanguage\":\"es\",\"potentialAction\":[{\"@type\":\"ReadAction\",\"target\":[\"https:\/\/colegioarquitectos.com\/noticias\/?p=31730\"]}]},{\"@type\":\"ImageObject\",\"inLanguage\":\"es\",\"@id\":\"https:\/\/colegioarquitectos.com\/noticias\/?p=31730#primaryimage\",\"url\":\"https:\/\/colegioarquitectos.com\/noticias\/wp-content\/uploads\/2024\/05\/Proyecto-nuevo.png\",\"contentUrl\":\"https:\/\/colegioarquitectos.com\/noticias\/wp-content\/uploads\/2024\/05\/Proyecto-nuevo.png\",\"width\":1280,\"height\":720},{\"@type\":\"BreadcrumbList\",\"@id\":\"https:\/\/colegioarquitectos.com\/noticias\/?p=31730#breadcrumb\",\"itemListElement\":[{\"@type\":\"ListItem\",\"position\":1,\"name\":\"Portada\",\"item\":\"https:\/\/colegioarquitectos.com\/noticias\"},{\"@type\":\"ListItem\",\"position\":2,\"name\":\"[Convocatoria Competencia Internacional] ArqFilmFest 2024: Hacia una Arquitectura Emocional\"}]},{\"@type\":\"WebSite\",\"@id\":\"https:\/\/colegioarquitectos.com\/noticias\/#website\",\"url\":\"https:\/\/colegioarquitectos.com\/noticias\/\",\"name\":\"COLEGIO DE ARQUITECTOS DE CHILE\",\"description\":\"\",\"publisher\":{\"@id\":\"https:\/\/colegioarquitectos.com\/noticias\/#organization\"},\"potentialAction\":[{\"@type\":\"SearchAction\",\"target\":{\"@type\":\"EntryPoint\",\"urlTemplate\":\"https:\/\/colegioarquitectos.com\/noticias\/?s={search_term_string}\"},\"query-input\":{\"@type\":\"PropertyValueSpecification\",\"valueRequired\":true,\"valueName\":\"search_term_string\"}}],\"inLanguage\":\"es\"},{\"@type\":\"Organization\",\"@id\":\"https:\/\/colegioarquitectos.com\/noticias\/#organization\",\"name\":\"COLEGIO DE ARQUITECTOS DE CHILE\",\"url\":\"https:\/\/colegioarquitectos.com\/noticias\/\",\"logo\":{\"@type\":\"ImageObject\",\"inLanguage\":\"es\",\"@id\":\"https:\/\/colegioarquitectos.com\/noticias\/#\/schema\/logo\/image\/\",\"url\":\"https:\/\/colegioarquitectos.com\/noticias\/wp-content\/uploads\/2021\/05\/ENCABEZADO-LOGO-CA.jpg\",\"contentUrl\":\"https:\/\/colegioarquitectos.com\/noticias\/wp-content\/uploads\/2021\/05\/ENCABEZADO-LOGO-CA.jpg\",\"width\":690,\"height\":350,\"caption\":\"COLEGIO DE ARQUITECTOS DE CHILE\"},\"image\":{\"@id\":\"https:\/\/colegioarquitectos.com\/noticias\/#\/schema\/logo\/image\/\"},\"sameAs\":[\"https:\/\/facebook.com\/Colegioarq\/\",\"https:\/\/x.com\/colegioarq\",\"https:\/\/instagram.com\/colegioarq\",\"https:\/\/youtube.com\/@ColegiodeArquitectosdeChile\"]},{\"@type\":\"Person\",\"@id\":\"https:\/\/colegioarquitectos.com\/noticias\/#\/schema\/person\/685cc0aad148303c5608f049af8285ad\",\"name\":\"Colegio de Arquitectos de Chile\",\"url\":\"https:\/\/colegioarquitectos.com\/noticias\/?author=4\"}]}<\/script>\n<!-- \/ Yoast SEO plugin. -->","yoast_head_json":{"title":"[Convocatoria Competencia Internacional] ArqFilmFest 2024: Hacia una Arquitectura Emocional - COLEGIO DE ARQUITECTOS DE CHILE","robots":{"index":"index","follow":"follow","max-snippet":"max-snippet:-1","max-image-preview":"max-image-preview:large","max-video-preview":"max-video-preview:-1"},"canonical":"https:\/\/colegioarquitectos.com\/noticias\/?p=31730","og_locale":"es_ES","og_type":"article","og_title":"[Convocatoria Competencia Internacional] ArqFilmFest 2024: Hacia una Arquitectura Emocional - COLEGIO DE ARQUITECTOS DE CHILE","og_description":"El Arquitectura Film Festival Santiago, ArqFilmFest, celebrando su 6ta edici\u00f3n, invita a cineastas y creadores de todo el mundo a participar en su competencia internacional con filmes que establezcan una relaci\u00f3n entre el cine y la arquitectura, desde los m\u00e1s &hellip; ver m\u00e1s","og_url":"https:\/\/colegioarquitectos.com\/noticias\/?p=31730","og_site_name":"COLEGIO DE ARQUITECTOS DE CHILE","article_publisher":"https:\/\/facebook.com\/Colegioarq\/","article_published_time":"2024-05-13T18:12:51+00:00","og_image":[{"width":1280,"height":720,"url":"https:\/\/colegioarquitectos.com\/noticias\/wp-content\/uploads\/2024\/05\/Proyecto-nuevo.png","type":"image\/png"}],"author":"Colegio de Arquitectos de Chile","twitter_card":"summary_large_image","twitter_creator":"@colegioarq","twitter_site":"@colegioarq","twitter_misc":{"Escrito por":"Colegio de Arquitectos de Chile","Tiempo de lectura":"3 minutos"},"schema":{"@context":"https:\/\/schema.org","@graph":[{"@type":"Article","@id":"https:\/\/colegioarquitectos.com\/noticias\/?p=31730#article","isPartOf":{"@id":"https:\/\/colegioarquitectos.com\/noticias\/?p=31730"},"author":{"name":"Colegio de Arquitectos de Chile","@id":"https:\/\/colegioarquitectos.com\/noticias\/#\/schema\/person\/685cc0aad148303c5608f049af8285ad"},"headline":"[Convocatoria Competencia Internacional] ArqFilmFest 2024: Hacia una Arquitectura Emocional","datePublished":"2024-05-13T18:12:51+00:00","dateModified":"2024-05-13T18:12:51+00:00","mainEntityOfPage":{"@id":"https:\/\/colegioarquitectos.com\/noticias\/?p=31730"},"wordCount":513,"publisher":{"@id":"https:\/\/colegioarquitectos.com\/noticias\/#organization"},"image":{"@id":"https:\/\/colegioarquitectos.com\/noticias\/?p=31730#primaryimage"},"thumbnailUrl":"https:\/\/colegioarquitectos.com\/noticias\/wp-content\/uploads\/2024\/05\/Proyecto-nuevo.png","keywords":["ArqFilmFest","ArqFilmFest 2024","Arquitectura Film Festival Santiago","Convocatoria Competencia Internacional","Hacia una Arquitectura Emocional"],"articleSection":["Noticias"],"inLanguage":"es"},{"@type":"WebPage","@id":"https:\/\/colegioarquitectos.com\/noticias\/?p=31730","url":"https:\/\/colegioarquitectos.com\/noticias\/?p=31730","name":"[Convocatoria Competencia Internacional] ArqFilmFest 2024: Hacia una Arquitectura Emocional - COLEGIO DE ARQUITECTOS DE CHILE","isPartOf":{"@id":"https:\/\/colegioarquitectos.com\/noticias\/#website"},"primaryImageOfPage":{"@id":"https:\/\/colegioarquitectos.com\/noticias\/?p=31730#primaryimage"},"image":{"@id":"https:\/\/colegioarquitectos.com\/noticias\/?p=31730#primaryimage"},"thumbnailUrl":"https:\/\/colegioarquitectos.com\/noticias\/wp-content\/uploads\/2024\/05\/Proyecto-nuevo.png","datePublished":"2024-05-13T18:12:51+00:00","dateModified":"2024-05-13T18:12:51+00:00","breadcrumb":{"@id":"https:\/\/colegioarquitectos.com\/noticias\/?p=31730#breadcrumb"},"inLanguage":"es","potentialAction":[{"@type":"ReadAction","target":["https:\/\/colegioarquitectos.com\/noticias\/?p=31730"]}]},{"@type":"ImageObject","inLanguage":"es","@id":"https:\/\/colegioarquitectos.com\/noticias\/?p=31730#primaryimage","url":"https:\/\/colegioarquitectos.com\/noticias\/wp-content\/uploads\/2024\/05\/Proyecto-nuevo.png","contentUrl":"https:\/\/colegioarquitectos.com\/noticias\/wp-content\/uploads\/2024\/05\/Proyecto-nuevo.png","width":1280,"height":720},{"@type":"BreadcrumbList","@id":"https:\/\/colegioarquitectos.com\/noticias\/?p=31730#breadcrumb","itemListElement":[{"@type":"ListItem","position":1,"name":"Portada","item":"https:\/\/colegioarquitectos.com\/noticias"},{"@type":"ListItem","position":2,"name":"[Convocatoria Competencia Internacional] ArqFilmFest 2024: Hacia una Arquitectura Emocional"}]},{"@type":"WebSite","@id":"https:\/\/colegioarquitectos.com\/noticias\/#website","url":"https:\/\/colegioarquitectos.com\/noticias\/","name":"COLEGIO DE ARQUITECTOS DE CHILE","description":"","publisher":{"@id":"https:\/\/colegioarquitectos.com\/noticias\/#organization"},"potentialAction":[{"@type":"SearchAction","target":{"@type":"EntryPoint","urlTemplate":"https:\/\/colegioarquitectos.com\/noticias\/?s={search_term_string}"},"query-input":{"@type":"PropertyValueSpecification","valueRequired":true,"valueName":"search_term_string"}}],"inLanguage":"es"},{"@type":"Organization","@id":"https:\/\/colegioarquitectos.com\/noticias\/#organization","name":"COLEGIO DE ARQUITECTOS DE CHILE","url":"https:\/\/colegioarquitectos.com\/noticias\/","logo":{"@type":"ImageObject","inLanguage":"es","@id":"https:\/\/colegioarquitectos.com\/noticias\/#\/schema\/logo\/image\/","url":"https:\/\/colegioarquitectos.com\/noticias\/wp-content\/uploads\/2021\/05\/ENCABEZADO-LOGO-CA.jpg","contentUrl":"https:\/\/colegioarquitectos.com\/noticias\/wp-content\/uploads\/2021\/05\/ENCABEZADO-LOGO-CA.jpg","width":690,"height":350,"caption":"COLEGIO DE ARQUITECTOS DE CHILE"},"image":{"@id":"https:\/\/colegioarquitectos.com\/noticias\/#\/schema\/logo\/image\/"},"sameAs":["https:\/\/facebook.com\/Colegioarq\/","https:\/\/x.com\/colegioarq","https:\/\/instagram.com\/colegioarq","https:\/\/youtube.com\/@ColegiodeArquitectosdeChile"]},{"@type":"Person","@id":"https:\/\/colegioarquitectos.com\/noticias\/#\/schema\/person\/685cc0aad148303c5608f049af8285ad","name":"Colegio de Arquitectos de Chile","url":"https:\/\/colegioarquitectos.com\/noticias\/?author=4"}]}},"_links":{"self":[{"href":"https:\/\/colegioarquitectos.com\/noticias\/index.php?rest_route=\/wp\/v2\/posts\/31730","targetHints":{"allow":["GET"]}}],"collection":[{"href":"https:\/\/colegioarquitectos.com\/noticias\/index.php?rest_route=\/wp\/v2\/posts"}],"about":[{"href":"https:\/\/colegioarquitectos.com\/noticias\/index.php?rest_route=\/wp\/v2\/types\/post"}],"author":[{"embeddable":true,"href":"https:\/\/colegioarquitectos.com\/noticias\/index.php?rest_route=\/wp\/v2\/users\/4"}],"replies":[{"embeddable":true,"href":"https:\/\/colegioarquitectos.com\/noticias\/index.php?rest_route=%2Fwp%2Fv2%2Fcomments&post=31730"}],"version-history":[{"count":0,"href":"https:\/\/colegioarquitectos.com\/noticias\/index.php?rest_route=\/wp\/v2\/posts\/31730\/revisions"}],"wp:featuredmedia":[{"embeddable":true,"href":"https:\/\/colegioarquitectos.com\/noticias\/index.php?rest_route=\/wp\/v2\/media\/31732"}],"wp:attachment":[{"href":"https:\/\/colegioarquitectos.com\/noticias\/index.php?rest_route=%2Fwp%2Fv2%2Fmedia&parent=31730"}],"wp:term":[{"taxonomy":"category","embeddable":true,"href":"https:\/\/colegioarquitectos.com\/noticias\/index.php?rest_route=%2Fwp%2Fv2%2Fcategories&post=31730"},{"taxonomy":"post_tag","embeddable":true,"href":"https:\/\/colegioarquitectos.com\/noticias\/index.php?rest_route=%2Fwp%2Fv2%2Ftags&post=31730"}],"curies":[{"name":"wp","href":"https:\/\/api.w.org\/{rel}","templated":true}]}}