
{"id":31945,"date":"2024-06-24T16:15:11","date_gmt":"2024-06-24T20:15:11","guid":{"rendered":"https:\/\/colegioarquitectos.com\/?p=31945"},"modified":"2024-07-25T15:13:51","modified_gmt":"2024-07-25T19:13:51","slug":"citacion-a-asamblea-ordinaria-25-de-julio-de-2024","status":"publish","type":"post","link":"https:\/\/colegioarquitectos.com\/noticias\/?p=31945","title":{"rendered":"Citaci\u00f3n a Asamblea Ordinaria: 25 de julio de 2024"},"content":{"rendered":"<p>Por acuerdo del Directorio Nacional del Colegio de Arquitectos de Chile A.G. se convoca en primera citaci\u00f3n a Asamblea Ordinaria de Socios activos para el jueves 25 de julio de 2024 a las 18.00 horas, y en segunda citaci\u00f3n para el mismo d\u00eda a las 18.30 horas.<\/p>\n<p><strong>La Asamblea se llevar\u00e1 a cabo de forma presencial en Avenida Libertador Bernardo O\u2019Higgins 115, Santiago.<\/strong><\/p>\n<hr \/>\n<p>Tambi\u00e9n de forma telem\u00e1tica conforme a lo establecido en el art\u00edculo 11 inciso 10\u00b0 de los estatutos, a trav\u00e9s de la plataforma Zoom. Se enviar\u00e1n en forma oportuna los datos de acceso a dicha plataforma.<\/p>\n<h4>Tabla<\/h4>\n<hr \/>\n<ul>\n<li>Aprobaci\u00f3n o modificaci\u00f3n del Acta de Asamblea General Ordinaria anterior<\/li>\n<li>Presentaci\u00f3n Balance 2021-2022 &#8211; 2023<\/li>\n<li>Conocer Presupuesto Anual 2024.<\/li>\n<li>Conocer la Memoria Anual 2023.<\/li>\n<li>Presentaci\u00f3n de Plan de Trabajo del directorio nacional, de los \u00d3rganos Asesores y de los Consejos Consultivos 2024.<\/li>\n<\/ul>\n<p><strong>Directorio Nacional<\/strong><\/p>\n<p><strong>Colegio de Arquitectos de Chile A.G.<\/strong><\/p>\n<p>&nbsp;<\/p>\n<hr \/>\n<h4>Inscripci\u00f3n** &#8211; Participaci\u00f3n remota en sala Zoom<\/h4>\n<hr \/>\n<p><strong>Los colegiados y colegiadas activos<\/strong> que deseen participar de forma telem\u00e1tica en la Asamblea Ordinaria, pueden inscribirse en el siguiente<strong> formulario<\/strong>, para as\u00ed recibir su link de\u00a0entrada a la sala Zoom.<\/p>\n<p>Este link es \u00fanico e intransferible. Favor completar el registro completo y una vez comprobados los datos y estado de colegiatura activa se aprobar\u00e1 su inscripci\u00f3n y se enviar\u00e1 el link de acceso a la sala virtual.<\/p>\n<p><a href=\"https:\/\/us02web.zoom.us\/webinar\/register\/WN_st2PAYs5SFqP3oGk-pN--w\"><strong>Formulario de inscripci\u00f3n &#8211; Asamblea Ordinaria: 25 de julio de 2024<\/strong><\/a><span class=\"x19la9d6 x1fc57z9 x6ikm8r x10wlt62 x19co3pv x1g5zs5t xfibh0p xiy17q3 x1xsqp64 x1lkfr7t xexx8yu x4uap5 x18d9i69 xkhd6sd\"><span class=\"xrtxmta x1bhl96m\">\u00a0&#x1f4bb;<\/span><\/span><\/p>\n<hr \/>\n<p style=\"text-align: left;\"><strong>** Si vas a asistir presencialmente NO es necesario inscribirte en el formulario.<\/strong><\/p>\n<p>*anexos referidos a balances; memoria y acta disponibles en\u00a0 <a href=\"https:\/\/colegioarquitectos.com\/noticias\/?page_id=12889\">documentos institucionales<\/a><\/p>\n<p><\/p>","protected":false},"excerpt":{"rendered":"<p>Por acuerdo del Directorio Nacional del Colegio de Arquitectos de Chile A.G. se convoca en primera citaci\u00f3n a Asamblea Ordinaria de Socios activos para el jueves 25 de julio de 2024 a las 18.00 horas, y en segunda citaci\u00f3n para &hellip; <a class=\"more-link\" href=\"https:\/\/colegioarquitectos.com\/noticias\/?p=31945\">ver m\u00e1s<\/a><\/p>","protected":false},"author":4,"featured_media":31954,"comment_status":"closed","ping_status":"closed","sticky":false,"template":"","format":"standard","meta":{"footnotes":""},"categories":[8],"tags":[359,397,101,105],"class_list":["post-31945","post","type-post","status-publish","format-standard","has-post-thumbnail","hentry","category-colegio-de-arquitectos","tag-asamblea-general-ordinaria","tag-asamblea-ordinaria","tag-colegio-de-arquitectos","tag-colegio-de-arquitectos-de-chile"],"yoast_head":"<!-- This site is optimized with the Yoast SEO plugin v24.2 - https:\/\/yoast.com\/wordpress\/plugins\/seo\/ -->\n<title>Citaci\u00f3n a Asamblea Ordinaria: 25 de julio de 2024 - COLEGIO DE ARQUITECTOS DE CHILE<\/title>\n<meta name=\"robots\" content=\"index, follow, max-snippet:-1, max-image-preview:large, max-video-preview:-1\" \/>\n<link rel=\"canonical\" href=\"https:\/\/colegioarquitectos.com\/noticias\/?p=31945\" \/>\n<meta property=\"og:locale\" content=\"es_ES\" \/>\n<meta property=\"og:type\" content=\"article\" \/>\n<meta property=\"og:title\" content=\"Citaci\u00f3n a Asamblea Ordinaria: 25 de julio de 2024 - COLEGIO DE ARQUITECTOS DE CHILE\" \/>\n<meta property=\"og:description\" content=\"Por acuerdo del Directorio Nacional del Colegio de Arquitectos de Chile A.G. se convoca en primera citaci\u00f3n a Asamblea Ordinaria de Socios activos para el jueves 25 de julio de 2024 a las 18.00 horas, y en segunda citaci\u00f3n para &hellip; ver m\u00e1s\" \/>\n<meta property=\"og:url\" content=\"https:\/\/colegioarquitectos.com\/noticias\/?p=31945\" \/>\n<meta property=\"og:site_name\" content=\"COLEGIO DE ARQUITECTOS DE CHILE\" \/>\n<meta property=\"article:publisher\" content=\"https:\/\/facebook.com\/Colegioarq\/\" \/>\n<meta property=\"article:published_time\" content=\"2024-06-24T20:15:11+00:00\" \/>\n<meta property=\"article:modified_time\" content=\"2024-07-25T19:13:51+00:00\" \/>\n<meta property=\"og:image\" content=\"https:\/\/colegioarquitectos.com\/noticias\/wp-content\/uploads\/2024\/06\/asamblea-general-2024-destweb.png\" \/>\n\t<meta property=\"og:image:width\" content=\"1280\" \/>\n\t<meta property=\"og:image:height\" content=\"720\" \/>\n\t<meta property=\"og:image:type\" content=\"image\/png\" \/>\n<meta name=\"author\" content=\"Colegio de Arquitectos de Chile\" \/>\n<meta name=\"twitter:card\" content=\"summary_large_image\" \/>\n<meta name=\"twitter:creator\" content=\"@colegioarq\" \/>\n<meta name=\"twitter:site\" content=\"@colegioarq\" \/>\n<meta name=\"twitter:label1\" content=\"Escrito por\" \/>\n\t<meta name=\"twitter:data1\" content=\"Colegio de Arquitectos de Chile\" \/>\n\t<meta name=\"twitter:label2\" content=\"Tiempo de lectura\" \/>\n\t<meta name=\"twitter:data2\" content=\"1 minuto\" \/>\n<script type=\"application\/ld+json\" class=\"yoast-schema-graph\">{\"@context\":\"https:\/\/schema.org\",\"@graph\":[{\"@type\":\"Article\",\"@id\":\"https:\/\/colegioarquitectos.com\/noticias\/?p=31945#article\",\"isPartOf\":{\"@id\":\"https:\/\/colegioarquitectos.com\/noticias\/?p=31945\"},\"author\":{\"name\":\"Colegio de Arquitectos de Chile\",\"@id\":\"https:\/\/colegioarquitectos.com\/noticias\/#\/schema\/person\/685cc0aad148303c5608f049af8285ad\"},\"headline\":\"Citaci\u00f3n a Asamblea Ordinaria: 25 de julio de 2024\",\"datePublished\":\"2024-06-24T20:15:11+00:00\",\"dateModified\":\"2024-07-25T19:13:51+00:00\",\"mainEntityOfPage\":{\"@id\":\"https:\/\/colegioarquitectos.com\/noticias\/?p=31945\"},\"wordCount\":278,\"publisher\":{\"@id\":\"https:\/\/colegioarquitectos.com\/noticias\/#organization\"},\"image\":{\"@id\":\"https:\/\/colegioarquitectos.com\/noticias\/?p=31945#primaryimage\"},\"thumbnailUrl\":\"https:\/\/colegioarquitectos.com\/noticias\/wp-content\/uploads\/2024\/06\/asamblea-general-2024-destweb.png\",\"keywords\":[\"Asamblea General Ordinaria\",\"Asamblea Ordinaria\",\"Colegio de Arquitectos\",\"Colegio de Arquitectos de Chile\"],\"articleSection\":[\"Colegio\"],\"inLanguage\":\"es\"},{\"@type\":\"WebPage\",\"@id\":\"https:\/\/colegioarquitectos.com\/noticias\/?p=31945\",\"url\":\"https:\/\/colegioarquitectos.com\/noticias\/?p=31945\",\"name\":\"Citaci\u00f3n a Asamblea Ordinaria: 25 de julio de 2024 - COLEGIO DE ARQUITECTOS DE CHILE\",\"isPartOf\":{\"@id\":\"https:\/\/colegioarquitectos.com\/noticias\/#website\"},\"primaryImageOfPage\":{\"@id\":\"https:\/\/colegioarquitectos.com\/noticias\/?p=31945#primaryimage\"},\"image\":{\"@id\":\"https:\/\/colegioarquitectos.com\/noticias\/?p=31945#primaryimage\"},\"thumbnailUrl\":\"https:\/\/colegioarquitectos.com\/noticias\/wp-content\/uploads\/2024\/06\/asamblea-general-2024-destweb.png\",\"datePublished\":\"2024-06-24T20:15:11+00:00\",\"dateModified\":\"2024-07-25T19:13:51+00:00\",\"breadcrumb\":{\"@id\":\"https:\/\/colegioarquitectos.com\/noticias\/?p=31945#breadcrumb\"},\"inLanguage\":\"es\",\"potentialAction\":[{\"@type\":\"ReadAction\",\"target\":[\"https:\/\/colegioarquitectos.com\/noticias\/?p=31945\"]}]},{\"@type\":\"ImageObject\",\"inLanguage\":\"es\",\"@id\":\"https:\/\/colegioarquitectos.com\/noticias\/?p=31945#primaryimage\",\"url\":\"https:\/\/colegioarquitectos.com\/noticias\/wp-content\/uploads\/2024\/06\/asamblea-general-2024-destweb.png\",\"contentUrl\":\"https:\/\/colegioarquitectos.com\/noticias\/wp-content\/uploads\/2024\/06\/asamblea-general-2024-destweb.png\",\"width\":1280,\"height\":720},{\"@type\":\"BreadcrumbList\",\"@id\":\"https:\/\/colegioarquitectos.com\/noticias\/?p=31945#breadcrumb\",\"itemListElement\":[{\"@type\":\"ListItem\",\"position\":1,\"name\":\"Portada\",\"item\":\"https:\/\/colegioarquitectos.com\/noticias\"},{\"@type\":\"ListItem\",\"position\":2,\"name\":\"Citaci\u00f3n a Asamblea Ordinaria: 25 de julio de 2024\"}]},{\"@type\":\"WebSite\",\"@id\":\"https:\/\/colegioarquitectos.com\/noticias\/#website\",\"url\":\"https:\/\/colegioarquitectos.com\/noticias\/\",\"name\":\"COLEGIO DE ARQUITECTOS DE CHILE\",\"description\":\"\",\"publisher\":{\"@id\":\"https:\/\/colegioarquitectos.com\/noticias\/#organization\"},\"potentialAction\":[{\"@type\":\"SearchAction\",\"target\":{\"@type\":\"EntryPoint\",\"urlTemplate\":\"https:\/\/colegioarquitectos.com\/noticias\/?s={search_term_string}\"},\"query-input\":{\"@type\":\"PropertyValueSpecification\",\"valueRequired\":true,\"valueName\":\"search_term_string\"}}],\"inLanguage\":\"es\"},{\"@type\":\"Organization\",\"@id\":\"https:\/\/colegioarquitectos.com\/noticias\/#organization\",\"name\":\"COLEGIO DE ARQUITECTOS DE CHILE\",\"url\":\"https:\/\/colegioarquitectos.com\/noticias\/\",\"logo\":{\"@type\":\"ImageObject\",\"inLanguage\":\"es\",\"@id\":\"https:\/\/colegioarquitectos.com\/noticias\/#\/schema\/logo\/image\/\",\"url\":\"https:\/\/colegioarquitectos.com\/noticias\/wp-content\/uploads\/2021\/05\/ENCABEZADO-LOGO-CA.jpg\",\"contentUrl\":\"https:\/\/colegioarquitectos.com\/noticias\/wp-content\/uploads\/2021\/05\/ENCABEZADO-LOGO-CA.jpg\",\"width\":690,\"height\":350,\"caption\":\"COLEGIO DE ARQUITECTOS DE CHILE\"},\"image\":{\"@id\":\"https:\/\/colegioarquitectos.com\/noticias\/#\/schema\/logo\/image\/\"},\"sameAs\":[\"https:\/\/facebook.com\/Colegioarq\/\",\"https:\/\/x.com\/colegioarq\",\"https:\/\/instagram.com\/colegioarq\",\"https:\/\/youtube.com\/@ColegiodeArquitectosdeChile\"]},{\"@type\":\"Person\",\"@id\":\"https:\/\/colegioarquitectos.com\/noticias\/#\/schema\/person\/685cc0aad148303c5608f049af8285ad\",\"name\":\"Colegio de Arquitectos de Chile\",\"url\":\"https:\/\/colegioarquitectos.com\/noticias\/?author=4\"}]}<\/script>\n<!-- \/ Yoast SEO plugin. -->","yoast_head_json":{"title":"Citaci\u00f3n a Asamblea Ordinaria: 25 de julio de 2024 - COLEGIO DE ARQUITECTOS DE CHILE","robots":{"index":"index","follow":"follow","max-snippet":"max-snippet:-1","max-image-preview":"max-image-preview:large","max-video-preview":"max-video-preview:-1"},"canonical":"https:\/\/colegioarquitectos.com\/noticias\/?p=31945","og_locale":"es_ES","og_type":"article","og_title":"Citaci\u00f3n a Asamblea Ordinaria: 25 de julio de 2024 - COLEGIO DE ARQUITECTOS DE CHILE","og_description":"Por acuerdo del Directorio Nacional del Colegio de Arquitectos de Chile A.G. se convoca en primera citaci\u00f3n a Asamblea Ordinaria de Socios activos para el jueves 25 de julio de 2024 a las 18.00 horas, y en segunda citaci\u00f3n para &hellip; ver m\u00e1s","og_url":"https:\/\/colegioarquitectos.com\/noticias\/?p=31945","og_site_name":"COLEGIO DE ARQUITECTOS DE CHILE","article_publisher":"https:\/\/facebook.com\/Colegioarq\/","article_published_time":"2024-06-24T20:15:11+00:00","article_modified_time":"2024-07-25T19:13:51+00:00","og_image":[{"width":1280,"height":720,"url":"https:\/\/colegioarquitectos.com\/noticias\/wp-content\/uploads\/2024\/06\/asamblea-general-2024-destweb.png","type":"image\/png"}],"author":"Colegio de Arquitectos de Chile","twitter_card":"summary_large_image","twitter_creator":"@colegioarq","twitter_site":"@colegioarq","twitter_misc":{"Escrito por":"Colegio de Arquitectos de Chile","Tiempo de lectura":"1 minuto"},"schema":{"@context":"https:\/\/schema.org","@graph":[{"@type":"Article","@id":"https:\/\/colegioarquitectos.com\/noticias\/?p=31945#article","isPartOf":{"@id":"https:\/\/colegioarquitectos.com\/noticias\/?p=31945"},"author":{"name":"Colegio de Arquitectos de Chile","@id":"https:\/\/colegioarquitectos.com\/noticias\/#\/schema\/person\/685cc0aad148303c5608f049af8285ad"},"headline":"Citaci\u00f3n a Asamblea Ordinaria: 25 de julio de 2024","datePublished":"2024-06-24T20:15:11+00:00","dateModified":"2024-07-25T19:13:51+00:00","mainEntityOfPage":{"@id":"https:\/\/colegioarquitectos.com\/noticias\/?p=31945"},"wordCount":278,"publisher":{"@id":"https:\/\/colegioarquitectos.com\/noticias\/#organization"},"image":{"@id":"https:\/\/colegioarquitectos.com\/noticias\/?p=31945#primaryimage"},"thumbnailUrl":"https:\/\/colegioarquitectos.com\/noticias\/wp-content\/uploads\/2024\/06\/asamblea-general-2024-destweb.png","keywords":["Asamblea General Ordinaria","Asamblea Ordinaria","Colegio de Arquitectos","Colegio de Arquitectos de Chile"],"articleSection":["Colegio"],"inLanguage":"es"},{"@type":"WebPage","@id":"https:\/\/colegioarquitectos.com\/noticias\/?p=31945","url":"https:\/\/colegioarquitectos.com\/noticias\/?p=31945","name":"Citaci\u00f3n a Asamblea Ordinaria: 25 de julio de 2024 - COLEGIO DE ARQUITECTOS DE CHILE","isPartOf":{"@id":"https:\/\/colegioarquitectos.com\/noticias\/#website"},"primaryImageOfPage":{"@id":"https:\/\/colegioarquitectos.com\/noticias\/?p=31945#primaryimage"},"image":{"@id":"https:\/\/colegioarquitectos.com\/noticias\/?p=31945#primaryimage"},"thumbnailUrl":"https:\/\/colegioarquitectos.com\/noticias\/wp-content\/uploads\/2024\/06\/asamblea-general-2024-destweb.png","datePublished":"2024-06-24T20:15:11+00:00","dateModified":"2024-07-25T19:13:51+00:00","breadcrumb":{"@id":"https:\/\/colegioarquitectos.com\/noticias\/?p=31945#breadcrumb"},"inLanguage":"es","potentialAction":[{"@type":"ReadAction","target":["https:\/\/colegioarquitectos.com\/noticias\/?p=31945"]}]},{"@type":"ImageObject","inLanguage":"es","@id":"https:\/\/colegioarquitectos.com\/noticias\/?p=31945#primaryimage","url":"https:\/\/colegioarquitectos.com\/noticias\/wp-content\/uploads\/2024\/06\/asamblea-general-2024-destweb.png","contentUrl":"https:\/\/colegioarquitectos.com\/noticias\/wp-content\/uploads\/2024\/06\/asamblea-general-2024-destweb.png","width":1280,"height":720},{"@type":"BreadcrumbList","@id":"https:\/\/colegioarquitectos.com\/noticias\/?p=31945#breadcrumb","itemListElement":[{"@type":"ListItem","position":1,"name":"Portada","item":"https:\/\/colegioarquitectos.com\/noticias"},{"@type":"ListItem","position":2,"name":"Citaci\u00f3n a Asamblea Ordinaria: 25 de julio de 2024"}]},{"@type":"WebSite","@id":"https:\/\/colegioarquitectos.com\/noticias\/#website","url":"https:\/\/colegioarquitectos.com\/noticias\/","name":"COLEGIO DE ARQUITECTOS DE CHILE","description":"","publisher":{"@id":"https:\/\/colegioarquitectos.com\/noticias\/#organization"},"potentialAction":[{"@type":"SearchAction","target":{"@type":"EntryPoint","urlTemplate":"https:\/\/colegioarquitectos.com\/noticias\/?s={search_term_string}"},"query-input":{"@type":"PropertyValueSpecification","valueRequired":true,"valueName":"search_term_string"}}],"inLanguage":"es"},{"@type":"Organization","@id":"https:\/\/colegioarquitectos.com\/noticias\/#organization","name":"COLEGIO DE ARQUITECTOS DE CHILE","url":"https:\/\/colegioarquitectos.com\/noticias\/","logo":{"@type":"ImageObject","inLanguage":"es","@id":"https:\/\/colegioarquitectos.com\/noticias\/#\/schema\/logo\/image\/","url":"https:\/\/colegioarquitectos.com\/noticias\/wp-content\/uploads\/2021\/05\/ENCABEZADO-LOGO-CA.jpg","contentUrl":"https:\/\/colegioarquitectos.com\/noticias\/wp-content\/uploads\/2021\/05\/ENCABEZADO-LOGO-CA.jpg","width":690,"height":350,"caption":"COLEGIO DE ARQUITECTOS DE CHILE"},"image":{"@id":"https:\/\/colegioarquitectos.com\/noticias\/#\/schema\/logo\/image\/"},"sameAs":["https:\/\/facebook.com\/Colegioarq\/","https:\/\/x.com\/colegioarq","https:\/\/instagram.com\/colegioarq","https:\/\/youtube.com\/@ColegiodeArquitectosdeChile"]},{"@type":"Person","@id":"https:\/\/colegioarquitectos.com\/noticias\/#\/schema\/person\/685cc0aad148303c5608f049af8285ad","name":"Colegio de Arquitectos de Chile","url":"https:\/\/colegioarquitectos.com\/noticias\/?author=4"}]}},"_links":{"self":[{"href":"https:\/\/colegioarquitectos.com\/noticias\/index.php?rest_route=\/wp\/v2\/posts\/31945","targetHints":{"allow":["GET"]}}],"collection":[{"href":"https:\/\/colegioarquitectos.com\/noticias\/index.php?rest_route=\/wp\/v2\/posts"}],"about":[{"href":"https:\/\/colegioarquitectos.com\/noticias\/index.php?rest_route=\/wp\/v2\/types\/post"}],"author":[{"embeddable":true,"href":"https:\/\/colegioarquitectos.com\/noticias\/index.php?rest_route=\/wp\/v2\/users\/4"}],"replies":[{"embeddable":true,"href":"https:\/\/colegioarquitectos.com\/noticias\/index.php?rest_route=%2Fwp%2Fv2%2Fcomments&post=31945"}],"version-history":[{"count":0,"href":"https:\/\/colegioarquitectos.com\/noticias\/index.php?rest_route=\/wp\/v2\/posts\/31945\/revisions"}],"wp:featuredmedia":[{"embeddable":true,"href":"https:\/\/colegioarquitectos.com\/noticias\/index.php?rest_route=\/wp\/v2\/media\/31954"}],"wp:attachment":[{"href":"https:\/\/colegioarquitectos.com\/noticias\/index.php?rest_route=%2Fwp%2Fv2%2Fmedia&parent=31945"}],"wp:term":[{"taxonomy":"category","embeddable":true,"href":"https:\/\/colegioarquitectos.com\/noticias\/index.php?rest_route=%2Fwp%2Fv2%2Fcategories&post=31945"},{"taxonomy":"post_tag","embeddable":true,"href":"https:\/\/colegioarquitectos.com\/noticias\/index.php?rest_route=%2Fwp%2Fv2%2Ftags&post=31945"}],"curies":[{"name":"wp","href":"https:\/\/api.w.org\/{rel}","templated":true}]}}