
{"id":32100,"date":"2024-07-30T15:23:52","date_gmt":"2024-07-30T19:23:52","guid":{"rendered":"https:\/\/colegioarquitectos.com\/?p=32100"},"modified":"2024-08-05T11:57:32","modified_gmt":"2024-08-05T15:57:32","slug":"82anosca-ceremonia-del-inicio-reunira-a-colegiados-y-colegiadas-de-distintas-generaciones","status":"publish","type":"post","link":"https:\/\/colegioarquitectos.com\/noticias\/?p=32100","title":{"rendered":"#82A\u00f1osCA: Ceremonia del Inicio reunir\u00e1 a colegiados y colegiadas de distintas generaciones y cerrar\u00e1 con una conferencia del arquitecto Alex Brahm"},"content":{"rendered":"<p>Una ceremonia para recibir a las y los nuevos colegiados y reconocer a nuestros Miembros Vitalicios y de Honor, exposiciones y di\u00e1logos para presentar proyectos en beneficio del patrimonio de nuestra Sede Nacional,<strong> son algunas de las actividades con que el Colegio de Arquitectos de Chile conmemorar\u00e1 sus 82 a\u00f1os de vida<\/strong>.<\/p>\n<p>El hito se iniciar\u00e1 el<strong>\u00a04 de agosto<\/strong>, d\u00eda en que se cumplen <strong>82 a\u00f1os<\/strong> desde la promulgaci\u00f3n de la <strong>Ley 7.211<\/strong> que cre\u00f3 el <strong>Colegio de Arquitectos de Chile<\/strong> en <strong>1942<\/strong>, y dar\u00e1 la partida al <strong>Mes de la Arquitectura<\/strong>.<\/p>\n<p>Para iniciar la conmemoraci\u00f3n del Mes de la Arquitectura en Chile, el pr\u00f3ximo lunes<strong>\u00a05 de agosto<\/strong> a las <strong>12.00 horas<\/strong>\u00a0en nuestra Sede Nacional se realizar\u00e1 la <strong>\u00abCeremonia del Inicio\u00bb<\/strong>, <strong>instancia en que jurar\u00e1n nuestros nuevos colegiados y colegiadas, se realizar\u00e1 un homenaje a los asociados y asociadas fallecidas y se entregar\u00e1n reconocimientos a los Miembros Vitalicios y de Honor<\/strong>.<\/p>\n<p>Como cierre de la actividad, el arquitecto\u00a0<strong>Alex Brahm,<\/strong>\u00a0socio de la oficina <strong>+ Arquitectos,<\/strong>\u00a0realizar\u00e1 una conferencia para todos los presentes.<\/p>\n<p>La\u00a0<strong>\u00abCeremonia del Inicio\u00bb<\/strong>\u00a0ser\u00e1 transmitida en vivo por FB Live en\u00a0<strong><a href=\"http:\/\/www.facebook.com\/colegioarq\">www.facebook.com\/colegioarq<\/a><\/strong>\u00a0y por YouTube Live en\u00a0<strong><a href=\"http:\/\/www.youtube.com\/ColegiodeArquitectosdeChile\">www.youtube.com\/ColegiodeArquitectosdeChile<\/a><\/strong>.<\/p>\n<p><img loading=\"lazy\" decoding=\"async\" class=\"alignnone wp-image-32130 size-full\" src=\"https:\/\/colegioarquitectos.com\/noticias\/wp-content\/uploads\/2024\/07\/CEREMONIA-INICIO-CONFERENCIA-DESTWEB.png\" alt=\"\" width=\"1280\" height=\"720\" srcset=\"https:\/\/colegioarquitectos.com\/noticias\/wp-content\/uploads\/2024\/07\/CEREMONIA-INICIO-CONFERENCIA-DESTWEB.png 1280w, https:\/\/colegioarquitectos.com\/noticias\/wp-content\/uploads\/2024\/07\/CEREMONIA-INICIO-CONFERENCIA-DESTWEB-300x169.png 300w, https:\/\/colegioarquitectos.com\/noticias\/wp-content\/uploads\/2024\/07\/CEREMONIA-INICIO-CONFERENCIA-DESTWEB-768x432.png 768w, https:\/\/colegioarquitectos.com\/noticias\/wp-content\/uploads\/2024\/07\/CEREMONIA-INICIO-CONFERENCIA-DESTWEB-1024x576.png 1024w\" sizes=\"auto, (max-width: 1280px) 100vw, 1280px\" \/><\/p>\n<h4>+ Arquitectos\u00a0Brahm | Bonomi | Leturia | Bartolom\u00e9<\/h4>\n<hr \/>\n<p>+ Arquitectos es una oficina de arquitectura formada en 2000 por Alex Brahm (Arquitecto de la Pontificia Universidad Cat\u00f3lica de Chile, 1985, LEED AP desde 2008, y galardonado con el Premio Ferm\u00edn Vivaceta en 2013), David Bonomi (Arquitecto de la Pontificia Universidad Cat\u00f3lica de Chile, 1987), Marcelo Leturia (Arquitecto de la Pontificia Universidad Cat\u00f3lica de Chile, 1998, LEED AP desde 2009), y Maite Bartolom\u00e9 (Arquitecta de la Pontificia Universidad Cat\u00f3lica de Chile, 2001, LEED AP desde 2009).<\/p>\n<p>Las propuestas del estudio est\u00e1n focalizadas en la calidad de la obra construida, orientando experiencia, creatividad y experimentaci\u00f3n t\u00e9cnica hacia la simpleza constructiva y formal<strong>, <\/strong>como una manera de prolongar la vigencia est\u00e9tica, de uso y constructiva de los edificios proyectados, asumiendo una din\u00e1mica de mejoramiento continuo en sus proyectos.<\/p>\n<p>Adaptabilidad program\u00e1tica, flexibilidad de instalaciones, optimizaci\u00f3n de las capacidades constructivas de la industria local y desarrollo de edificios responsables en el manejo ambiental y energ\u00e9tico, con un fuerte \u00e9nfasis en la reducci\u00f3n de la demanda y el bienestar de los usuarios, son orientaciones claves en nuestros procesos de dise\u00f1o.<\/p>\n<p>A lo largo de su trayectoria, + Arquitectos ha desarrollado diversos proyectos entre los que se incluyen los Data Centers HP Paine y Claro Liray, ambos en proceso de certificaci\u00f3n LEED Silver DC, y el Data Center Ascenty Quilicura. La firma tambi\u00e9n ha trabajado en seis edificios corporativos para el Consorcio Nacional de Seguros en diversas ciudades chilenas, seleccionados como oficiales en la Bienal de Arquitectura de Chile en 2000 y 2002. Otro hito importante fue el dise\u00f1o de centros de atenci\u00f3n de emergencias y edificios t\u00e9cnicos para Autopista Central, que fueron reconocidos en la Bienal de Arquitectura de Chile 2004 y recibieron una menci\u00f3n especial en la Bienal Panamericana de Arquitectura en Quito en 2006.<\/p>\n<p>Arquitectos tambi\u00e9n ha sido reconocida por sus proyectos para Vespucio Norte Express y Vespucio Sur, as\u00ed como por el Edificio Corporativo CCU, en colaboraci\u00f3n con ADN y Fla\u00f1o N\u00fa\u00f1ez Tuca Arquitectos, que fue destacado en la Bienal de Arquitectura de Chile en 2008. El Edificio Corporativo Transoce\u00e1nica es otro proyecto notable, que ha recibido m\u00faltiples distinciones, incluyendo la certificaci\u00f3n LEED GOLD NC en 2011 y selecciones en la Bienal de Arquitectura de Chile 2010, la Expo Shanghai 2010, el World Architecture Festival 2010 en Barcelona, y la Bienal Iberoamericana de Arquitectura 2012 en C\u00e1diz, Espa\u00f1a. Este edificio tambi\u00e9n fue incluido en la lista de \u00abThe World\u2019s Greenest Buildings\u00bb en Londres en 2013.<\/p>\n<p>En los \u00faltimos a\u00f1os, + Arquitectos ha continuado su trayectoria de \u00e9xito con proyectos como el Edificio Transoce\u00e1nica, certificado LEED GOLD Core and Shell en 2020; el Edificio Corporativo CLARO CHILE, que recibi\u00f3 una menci\u00f3n especial en la Bienal Iberoamericana de Dise\u00f1o de Iluminaci\u00f3n en 2016; y el Edificio oficinas MGV, que obtuvo el certificado LEED GOLD CS en 2016 y el primer premio en la categor\u00eda \u00abOficinas y Servicios\u00bb en el ISU 2016 en Chile. Adem\u00e1s, el Edificio Rollux &#8211; Multicarpet recibi\u00f3 el primer premio en el \u00abMarket Award Shaw Contract Group\u00bb en 2016, en USA. Otros proyectos destacados incluyen el Edificio Consorcio Antofagasta, el Edificio Santa Ana, certificado LEED GOLD CS en 2017, el Edificio Vespucio, certificado LEED Certified CS en 2017, y el Edificio Majestic, certificado CES Edificio Sustentable en 2021.<\/p>\n<p>&nbsp;<\/p>\n<p><img loading=\"lazy\" decoding=\"async\" class=\"aligncenter size-full wp-image-32124\" src=\"https:\/\/colegioarquitectos.com\/noticias\/wp-content\/uploads\/2024\/07\/Foto-Socios-comp.jpg\" alt=\"\" width=\"3542\" height=\"3153\" srcset=\"https:\/\/colegioarquitectos.com\/noticias\/wp-content\/uploads\/2024\/07\/Foto-Socios-comp.jpg 3542w, https:\/\/colegioarquitectos.com\/noticias\/wp-content\/uploads\/2024\/07\/Foto-Socios-comp-300x267.jpg 300w, https:\/\/colegioarquitectos.com\/noticias\/wp-content\/uploads\/2024\/07\/Foto-Socios-comp-768x684.jpg 768w, https:\/\/colegioarquitectos.com\/noticias\/wp-content\/uploads\/2024\/07\/Foto-Socios-comp-1024x912.jpg 1024w\" sizes=\"auto, (max-width: 3542px) 100vw, 3542px\" \/><\/p>\n<p>&nbsp;<\/p>\n<p><iframe loading=\"lazy\" title=\"YouTube video player\" src=\"https:\/\/www.youtube.com\/embed\/wKp7YSGOQ5E?si=NS4vtkkjKG9g6uxe\" width=\"560\" height=\"315\" frameborder=\"0\" allowfullscreen=\"allowfullscreen\"><\/iframe><\/p>\n<p>&nbsp;<\/p>\n<hr \/>\n<p>Puedes encontrar toda la informaci\u00f3n sobre el <strong>Mes de la Arquitectura<\/strong> y las actividades de conmemoraci\u00f3n de los <strong>82 a\u00f1os del Colegio de Arquitectos de Chile<\/strong> en <strong><a href=\"http:\/\/www.colegioarquitectos.com\">wwww.colegioarquitectos.com<\/a><\/strong> y en nuestras redes sociales: <strong>@colegioarq<\/strong> (<strong><a href=\"https:\/\/www.instagram.com\/colegioarq\/\">Instagram<\/a><\/strong>, <strong><a href=\"https:\/\/twitter.com\/colegioarq\">Twitter<\/a><\/strong>, <strong><a href=\"https:\/\/www.facebook.com\/Colegioarq\/\">Facebook<\/a><\/strong>\u00a0y\u00a0<strong><a href=\"https:\/\/www.tiktok.com\/@colegioarq\">TikTok<\/a><\/strong>) y <strong>@ColegiodeArquitectosdeChile<\/strong> (<strong><a href=\"https:\/\/www.youtube.com\/ColegiodeArquitectosdeChile\">YouTube<\/a><\/strong>).<\/p>\n<p>&nbsp;<\/p>\n<p><\/p>","protected":false},"excerpt":{"rendered":"<p>Una ceremonia para recibir a las y los nuevos colegiados y reconocer a nuestros Miembros Vitalicios y de Honor, exposiciones y di\u00e1logos para presentar proyectos en beneficio del patrimonio de nuestra Sede Nacional, son algunas de las actividades con que &hellip; <a class=\"more-link\" href=\"https:\/\/colegioarquitectos.com\/noticias\/?p=32100\">ver m\u00e1s<\/a><\/p>","protected":false},"author":4,"featured_media":32128,"comment_status":"closed","ping_status":"closed","sticky":false,"template":"","format":"standard","meta":{"footnotes":""},"categories":[941,8],"tags":[942,945,943,944,507,488,537],"class_list":["post-32100","post","type-post","status-publish","format-standard","has-post-thumbnail","hentry","category-82-anos-ca","category-colegio-de-arquitectos","tag-82-anos","tag-82-anos-ca","tag-82-anos-del-colegio-de-arquitectos-de-chile","tag-aniversario-ca","tag-ceremonia-del-inicio","tag-mes-de-la-arquitectura","tag-mes-de-la-arquitectura-en-chile"],"yoast_head":"<!-- This site is optimized with the Yoast SEO plugin v24.2 - https:\/\/yoast.com\/wordpress\/plugins\/seo\/ -->\n<title>#82A\u00f1osCA: Ceremonia del Inicio reunir\u00e1 a colegiados y colegiadas de distintas generaciones y cerrar\u00e1 con una conferencia del arquitecto Alex Brahm - COLEGIO DE ARQUITECTOS DE CHILE<\/title>\n<meta name=\"robots\" content=\"index, follow, max-snippet:-1, max-image-preview:large, max-video-preview:-1\" \/>\n<link rel=\"canonical\" href=\"https:\/\/colegioarquitectos.com\/noticias\/?p=32100\" \/>\n<meta property=\"og:locale\" content=\"es_ES\" \/>\n<meta property=\"og:type\" content=\"article\" \/>\n<meta property=\"og:title\" content=\"#82A\u00f1osCA: Ceremonia del Inicio reunir\u00e1 a colegiados y colegiadas de distintas generaciones y cerrar\u00e1 con una conferencia del arquitecto Alex Brahm - COLEGIO DE ARQUITECTOS DE CHILE\" \/>\n<meta property=\"og:description\" content=\"Una ceremonia para recibir a las y los nuevos colegiados y reconocer a nuestros Miembros Vitalicios y de Honor, exposiciones y di\u00e1logos para presentar proyectos en beneficio del patrimonio de nuestra Sede Nacional, son algunas de las actividades con que &hellip; ver m\u00e1s\" \/>\n<meta property=\"og:url\" content=\"https:\/\/colegioarquitectos.com\/noticias\/?p=32100\" \/>\n<meta property=\"og:site_name\" content=\"COLEGIO DE ARQUITECTOS DE CHILE\" \/>\n<meta property=\"article:publisher\" content=\"https:\/\/facebook.com\/Colegioarq\/\" \/>\n<meta property=\"article:published_time\" content=\"2024-07-30T19:23:52+00:00\" \/>\n<meta property=\"article:modified_time\" content=\"2024-08-05T15:57:32+00:00\" \/>\n<meta property=\"og:image\" content=\"https:\/\/colegioarquitectos.com\/noticias\/wp-content\/uploads\/2024\/07\/CEREMONIA-INICIO-2024-DESTWEB-1.png\" \/>\n\t<meta property=\"og:image:width\" content=\"1280\" \/>\n\t<meta property=\"og:image:height\" content=\"720\" \/>\n\t<meta property=\"og:image:type\" content=\"image\/png\" \/>\n<meta name=\"author\" content=\"Colegio de Arquitectos de Chile\" \/>\n<meta name=\"twitter:card\" content=\"summary_large_image\" \/>\n<meta name=\"twitter:creator\" content=\"@colegioarq\" \/>\n<meta name=\"twitter:site\" content=\"@colegioarq\" \/>\n<meta name=\"twitter:label1\" content=\"Escrito por\" \/>\n\t<meta name=\"twitter:data1\" content=\"Colegio de Arquitectos de Chile\" \/>\n\t<meta name=\"twitter:label2\" content=\"Tiempo de lectura\" \/>\n\t<meta name=\"twitter:data2\" content=\"4 minutos\" \/>\n<script type=\"application\/ld+json\" class=\"yoast-schema-graph\">{\"@context\":\"https:\/\/schema.org\",\"@graph\":[{\"@type\":\"Article\",\"@id\":\"https:\/\/colegioarquitectos.com\/noticias\/?p=32100#article\",\"isPartOf\":{\"@id\":\"https:\/\/colegioarquitectos.com\/noticias\/?p=32100\"},\"author\":{\"name\":\"Colegio de Arquitectos de Chile\",\"@id\":\"https:\/\/colegioarquitectos.com\/noticias\/#\/schema\/person\/685cc0aad148303c5608f049af8285ad\"},\"headline\":\"#82A\u00f1osCA: Ceremonia del Inicio reunir\u00e1 a colegiados y colegiadas de distintas generaciones y cerrar\u00e1 con una conferencia del arquitecto Alex Brahm\",\"datePublished\":\"2024-07-30T19:23:52+00:00\",\"dateModified\":\"2024-08-05T15:57:32+00:00\",\"mainEntityOfPage\":{\"@id\":\"https:\/\/colegioarquitectos.com\/noticias\/?p=32100\"},\"wordCount\":825,\"publisher\":{\"@id\":\"https:\/\/colegioarquitectos.com\/noticias\/#organization\"},\"image\":{\"@id\":\"https:\/\/colegioarquitectos.com\/noticias\/?p=32100#primaryimage\"},\"thumbnailUrl\":\"https:\/\/colegioarquitectos.com\/noticias\/wp-content\/uploads\/2024\/07\/CEREMONIA-INICIO-2024-DESTWEB-1.png\",\"keywords\":[\"82 a\u00f1os\",\"82 a\u00f1os CA\",\"82 a\u00f1os del Colegio de Arquitectos de Chile\",\"Aniversario CA\",\"Ceremonia del Inicio\",\"Mes de la Arquitectura\",\"Mes de la Arquitectura en Chile\"],\"articleSection\":[\"82 a\u00f1os CA\",\"Colegio\"],\"inLanguage\":\"es\"},{\"@type\":\"WebPage\",\"@id\":\"https:\/\/colegioarquitectos.com\/noticias\/?p=32100\",\"url\":\"https:\/\/colegioarquitectos.com\/noticias\/?p=32100\",\"name\":\"#82A\u00f1osCA: Ceremonia del Inicio reunir\u00e1 a colegiados y colegiadas de distintas generaciones y cerrar\u00e1 con una conferencia del arquitecto Alex Brahm - COLEGIO DE ARQUITECTOS DE CHILE\",\"isPartOf\":{\"@id\":\"https:\/\/colegioarquitectos.com\/noticias\/#website\"},\"primaryImageOfPage\":{\"@id\":\"https:\/\/colegioarquitectos.com\/noticias\/?p=32100#primaryimage\"},\"image\":{\"@id\":\"https:\/\/colegioarquitectos.com\/noticias\/?p=32100#primaryimage\"},\"thumbnailUrl\":\"https:\/\/colegioarquitectos.com\/noticias\/wp-content\/uploads\/2024\/07\/CEREMONIA-INICIO-2024-DESTWEB-1.png\",\"datePublished\":\"2024-07-30T19:23:52+00:00\",\"dateModified\":\"2024-08-05T15:57:32+00:00\",\"breadcrumb\":{\"@id\":\"https:\/\/colegioarquitectos.com\/noticias\/?p=32100#breadcrumb\"},\"inLanguage\":\"es\",\"potentialAction\":[{\"@type\":\"ReadAction\",\"target\":[\"https:\/\/colegioarquitectos.com\/noticias\/?p=32100\"]}]},{\"@type\":\"ImageObject\",\"inLanguage\":\"es\",\"@id\":\"https:\/\/colegioarquitectos.com\/noticias\/?p=32100#primaryimage\",\"url\":\"https:\/\/colegioarquitectos.com\/noticias\/wp-content\/uploads\/2024\/07\/CEREMONIA-INICIO-2024-DESTWEB-1.png\",\"contentUrl\":\"https:\/\/colegioarquitectos.com\/noticias\/wp-content\/uploads\/2024\/07\/CEREMONIA-INICIO-2024-DESTWEB-1.png\",\"width\":1280,\"height\":720},{\"@type\":\"BreadcrumbList\",\"@id\":\"https:\/\/colegioarquitectos.com\/noticias\/?p=32100#breadcrumb\",\"itemListElement\":[{\"@type\":\"ListItem\",\"position\":1,\"name\":\"Portada\",\"item\":\"https:\/\/colegioarquitectos.com\/noticias\"},{\"@type\":\"ListItem\",\"position\":2,\"name\":\"#82A\u00f1osCA: Ceremonia del Inicio reunir\u00e1 a colegiados y colegiadas de distintas generaciones y cerrar\u00e1 con una conferencia del arquitecto Alex Brahm\"}]},{\"@type\":\"WebSite\",\"@id\":\"https:\/\/colegioarquitectos.com\/noticias\/#website\",\"url\":\"https:\/\/colegioarquitectos.com\/noticias\/\",\"name\":\"COLEGIO DE ARQUITECTOS DE CHILE\",\"description\":\"\",\"publisher\":{\"@id\":\"https:\/\/colegioarquitectos.com\/noticias\/#organization\"},\"potentialAction\":[{\"@type\":\"SearchAction\",\"target\":{\"@type\":\"EntryPoint\",\"urlTemplate\":\"https:\/\/colegioarquitectos.com\/noticias\/?s={search_term_string}\"},\"query-input\":{\"@type\":\"PropertyValueSpecification\",\"valueRequired\":true,\"valueName\":\"search_term_string\"}}],\"inLanguage\":\"es\"},{\"@type\":\"Organization\",\"@id\":\"https:\/\/colegioarquitectos.com\/noticias\/#organization\",\"name\":\"COLEGIO DE ARQUITECTOS DE CHILE\",\"url\":\"https:\/\/colegioarquitectos.com\/noticias\/\",\"logo\":{\"@type\":\"ImageObject\",\"inLanguage\":\"es\",\"@id\":\"https:\/\/colegioarquitectos.com\/noticias\/#\/schema\/logo\/image\/\",\"url\":\"https:\/\/colegioarquitectos.com\/noticias\/wp-content\/uploads\/2021\/05\/ENCABEZADO-LOGO-CA.jpg\",\"contentUrl\":\"https:\/\/colegioarquitectos.com\/noticias\/wp-content\/uploads\/2021\/05\/ENCABEZADO-LOGO-CA.jpg\",\"width\":690,\"height\":350,\"caption\":\"COLEGIO DE ARQUITECTOS DE CHILE\"},\"image\":{\"@id\":\"https:\/\/colegioarquitectos.com\/noticias\/#\/schema\/logo\/image\/\"},\"sameAs\":[\"https:\/\/facebook.com\/Colegioarq\/\",\"https:\/\/x.com\/colegioarq\",\"https:\/\/instagram.com\/colegioarq\",\"https:\/\/youtube.com\/@ColegiodeArquitectosdeChile\"]},{\"@type\":\"Person\",\"@id\":\"https:\/\/colegioarquitectos.com\/noticias\/#\/schema\/person\/685cc0aad148303c5608f049af8285ad\",\"name\":\"Colegio de Arquitectos de Chile\",\"url\":\"https:\/\/colegioarquitectos.com\/noticias\/?author=4\"}]}<\/script>\n<!-- \/ Yoast SEO plugin. -->","yoast_head_json":{"title":"#82A\u00f1osCA: Ceremonia del Inicio reunir\u00e1 a colegiados y colegiadas de distintas generaciones y cerrar\u00e1 con una conferencia del arquitecto Alex Brahm - COLEGIO DE ARQUITECTOS DE CHILE","robots":{"index":"index","follow":"follow","max-snippet":"max-snippet:-1","max-image-preview":"max-image-preview:large","max-video-preview":"max-video-preview:-1"},"canonical":"https:\/\/colegioarquitectos.com\/noticias\/?p=32100","og_locale":"es_ES","og_type":"article","og_title":"#82A\u00f1osCA: Ceremonia del Inicio reunir\u00e1 a colegiados y colegiadas de distintas generaciones y cerrar\u00e1 con una conferencia del arquitecto Alex Brahm - COLEGIO DE ARQUITECTOS DE CHILE","og_description":"Una ceremonia para recibir a las y los nuevos colegiados y reconocer a nuestros Miembros Vitalicios y de Honor, exposiciones y di\u00e1logos para presentar proyectos en beneficio del patrimonio de nuestra Sede Nacional, son algunas de las actividades con que &hellip; ver m\u00e1s","og_url":"https:\/\/colegioarquitectos.com\/noticias\/?p=32100","og_site_name":"COLEGIO DE ARQUITECTOS DE CHILE","article_publisher":"https:\/\/facebook.com\/Colegioarq\/","article_published_time":"2024-07-30T19:23:52+00:00","article_modified_time":"2024-08-05T15:57:32+00:00","og_image":[{"width":1280,"height":720,"url":"https:\/\/colegioarquitectos.com\/noticias\/wp-content\/uploads\/2024\/07\/CEREMONIA-INICIO-2024-DESTWEB-1.png","type":"image\/png"}],"author":"Colegio de Arquitectos de Chile","twitter_card":"summary_large_image","twitter_creator":"@colegioarq","twitter_site":"@colegioarq","twitter_misc":{"Escrito por":"Colegio de Arquitectos de Chile","Tiempo de lectura":"4 minutos"},"schema":{"@context":"https:\/\/schema.org","@graph":[{"@type":"Article","@id":"https:\/\/colegioarquitectos.com\/noticias\/?p=32100#article","isPartOf":{"@id":"https:\/\/colegioarquitectos.com\/noticias\/?p=32100"},"author":{"name":"Colegio de Arquitectos de Chile","@id":"https:\/\/colegioarquitectos.com\/noticias\/#\/schema\/person\/685cc0aad148303c5608f049af8285ad"},"headline":"#82A\u00f1osCA: Ceremonia del Inicio reunir\u00e1 a colegiados y colegiadas de distintas generaciones y cerrar\u00e1 con una conferencia del arquitecto Alex Brahm","datePublished":"2024-07-30T19:23:52+00:00","dateModified":"2024-08-05T15:57:32+00:00","mainEntityOfPage":{"@id":"https:\/\/colegioarquitectos.com\/noticias\/?p=32100"},"wordCount":825,"publisher":{"@id":"https:\/\/colegioarquitectos.com\/noticias\/#organization"},"image":{"@id":"https:\/\/colegioarquitectos.com\/noticias\/?p=32100#primaryimage"},"thumbnailUrl":"https:\/\/colegioarquitectos.com\/noticias\/wp-content\/uploads\/2024\/07\/CEREMONIA-INICIO-2024-DESTWEB-1.png","keywords":["82 a\u00f1os","82 a\u00f1os CA","82 a\u00f1os del Colegio de Arquitectos de Chile","Aniversario CA","Ceremonia del Inicio","Mes de la Arquitectura","Mes de la Arquitectura en Chile"],"articleSection":["82 a\u00f1os CA","Colegio"],"inLanguage":"es"},{"@type":"WebPage","@id":"https:\/\/colegioarquitectos.com\/noticias\/?p=32100","url":"https:\/\/colegioarquitectos.com\/noticias\/?p=32100","name":"#82A\u00f1osCA: Ceremonia del Inicio reunir\u00e1 a colegiados y colegiadas de distintas generaciones y cerrar\u00e1 con una conferencia del arquitecto Alex Brahm - COLEGIO DE ARQUITECTOS DE CHILE","isPartOf":{"@id":"https:\/\/colegioarquitectos.com\/noticias\/#website"},"primaryImageOfPage":{"@id":"https:\/\/colegioarquitectos.com\/noticias\/?p=32100#primaryimage"},"image":{"@id":"https:\/\/colegioarquitectos.com\/noticias\/?p=32100#primaryimage"},"thumbnailUrl":"https:\/\/colegioarquitectos.com\/noticias\/wp-content\/uploads\/2024\/07\/CEREMONIA-INICIO-2024-DESTWEB-1.png","datePublished":"2024-07-30T19:23:52+00:00","dateModified":"2024-08-05T15:57:32+00:00","breadcrumb":{"@id":"https:\/\/colegioarquitectos.com\/noticias\/?p=32100#breadcrumb"},"inLanguage":"es","potentialAction":[{"@type":"ReadAction","target":["https:\/\/colegioarquitectos.com\/noticias\/?p=32100"]}]},{"@type":"ImageObject","inLanguage":"es","@id":"https:\/\/colegioarquitectos.com\/noticias\/?p=32100#primaryimage","url":"https:\/\/colegioarquitectos.com\/noticias\/wp-content\/uploads\/2024\/07\/CEREMONIA-INICIO-2024-DESTWEB-1.png","contentUrl":"https:\/\/colegioarquitectos.com\/noticias\/wp-content\/uploads\/2024\/07\/CEREMONIA-INICIO-2024-DESTWEB-1.png","width":1280,"height":720},{"@type":"BreadcrumbList","@id":"https:\/\/colegioarquitectos.com\/noticias\/?p=32100#breadcrumb","itemListElement":[{"@type":"ListItem","position":1,"name":"Portada","item":"https:\/\/colegioarquitectos.com\/noticias"},{"@type":"ListItem","position":2,"name":"#82A\u00f1osCA: Ceremonia del Inicio reunir\u00e1 a colegiados y colegiadas de distintas generaciones y cerrar\u00e1 con una conferencia del arquitecto Alex Brahm"}]},{"@type":"WebSite","@id":"https:\/\/colegioarquitectos.com\/noticias\/#website","url":"https:\/\/colegioarquitectos.com\/noticias\/","name":"COLEGIO DE ARQUITECTOS DE CHILE","description":"","publisher":{"@id":"https:\/\/colegioarquitectos.com\/noticias\/#organization"},"potentialAction":[{"@type":"SearchAction","target":{"@type":"EntryPoint","urlTemplate":"https:\/\/colegioarquitectos.com\/noticias\/?s={search_term_string}"},"query-input":{"@type":"PropertyValueSpecification","valueRequired":true,"valueName":"search_term_string"}}],"inLanguage":"es"},{"@type":"Organization","@id":"https:\/\/colegioarquitectos.com\/noticias\/#organization","name":"COLEGIO DE ARQUITECTOS DE CHILE","url":"https:\/\/colegioarquitectos.com\/noticias\/","logo":{"@type":"ImageObject","inLanguage":"es","@id":"https:\/\/colegioarquitectos.com\/noticias\/#\/schema\/logo\/image\/","url":"https:\/\/colegioarquitectos.com\/noticias\/wp-content\/uploads\/2021\/05\/ENCABEZADO-LOGO-CA.jpg","contentUrl":"https:\/\/colegioarquitectos.com\/noticias\/wp-content\/uploads\/2021\/05\/ENCABEZADO-LOGO-CA.jpg","width":690,"height":350,"caption":"COLEGIO DE ARQUITECTOS DE CHILE"},"image":{"@id":"https:\/\/colegioarquitectos.com\/noticias\/#\/schema\/logo\/image\/"},"sameAs":["https:\/\/facebook.com\/Colegioarq\/","https:\/\/x.com\/colegioarq","https:\/\/instagram.com\/colegioarq","https:\/\/youtube.com\/@ColegiodeArquitectosdeChile"]},{"@type":"Person","@id":"https:\/\/colegioarquitectos.com\/noticias\/#\/schema\/person\/685cc0aad148303c5608f049af8285ad","name":"Colegio de Arquitectos de Chile","url":"https:\/\/colegioarquitectos.com\/noticias\/?author=4"}]}},"_links":{"self":[{"href":"https:\/\/colegioarquitectos.com\/noticias\/index.php?rest_route=\/wp\/v2\/posts\/32100","targetHints":{"allow":["GET"]}}],"collection":[{"href":"https:\/\/colegioarquitectos.com\/noticias\/index.php?rest_route=\/wp\/v2\/posts"}],"about":[{"href":"https:\/\/colegioarquitectos.com\/noticias\/index.php?rest_route=\/wp\/v2\/types\/post"}],"author":[{"embeddable":true,"href":"https:\/\/colegioarquitectos.com\/noticias\/index.php?rest_route=\/wp\/v2\/users\/4"}],"replies":[{"embeddable":true,"href":"https:\/\/colegioarquitectos.com\/noticias\/index.php?rest_route=%2Fwp%2Fv2%2Fcomments&post=32100"}],"version-history":[{"count":0,"href":"https:\/\/colegioarquitectos.com\/noticias\/index.php?rest_route=\/wp\/v2\/posts\/32100\/revisions"}],"wp:featuredmedia":[{"embeddable":true,"href":"https:\/\/colegioarquitectos.com\/noticias\/index.php?rest_route=\/wp\/v2\/media\/32128"}],"wp:attachment":[{"href":"https:\/\/colegioarquitectos.com\/noticias\/index.php?rest_route=%2Fwp%2Fv2%2Fmedia&parent=32100"}],"wp:term":[{"taxonomy":"category","embeddable":true,"href":"https:\/\/colegioarquitectos.com\/noticias\/index.php?rest_route=%2Fwp%2Fv2%2Fcategories&post=32100"},{"taxonomy":"post_tag","embeddable":true,"href":"https:\/\/colegioarquitectos.com\/noticias\/index.php?rest_route=%2Fwp%2Fv2%2Ftags&post=32100"}],"curies":[{"name":"wp","href":"https:\/\/api.w.org\/{rel}","templated":true}]}}