
{"id":32132,"date":"2024-08-01T16:37:01","date_gmt":"2024-08-01T20:37:01","guid":{"rendered":"https:\/\/colegioarquitectos.com\/?p=32132"},"modified":"2024-08-05T17:03:04","modified_gmt":"2024-08-05T21:03:04","slug":"fallecio-ricardo-carvallo-rodriguez","status":"publish","type":"post","link":"https:\/\/colegioarquitectos.com\/noticias\/?p=32132","title":{"rendered":"Falleci\u00f3 Ricardo Carvallo Rodr\u00edguez"},"content":{"rendered":"<p>Como<strong>\u00a0Colegio de Arquitectos de Chile<\/strong>\u00a0lamentamos comunicar el sensible fallecimiento del arquitecto<strong>\u00a0Ricardo Carvallo Rodr\u00edguez<\/strong>, Miembro de Honor de nuestra Asociaci\u00f3n Gremial.<\/p>\n<p>Arquitecto en la <strong>Universidad de Chile<\/strong>. Fue ayudante del profesor <strong>Roberto D\u00e1vila<\/strong> en la misma universidad.<\/p>\n<p>En <strong>1943<\/strong> fue nombrado profesor de taller en la <strong>Facultad de Arquitectura y Urbanismo de la Universidad de Chile<\/strong>, cargo que desempe\u00f1o hasta<strong> 1976<\/strong>.<\/p>\n<p><strong>Ricardo Carvallo Rodr\u00edguez <\/strong>es uno de los arquitectos responsables del dise\u00f1o del <strong>Conjunto Habitacional Villa Ol\u00edmpica<\/strong>.<\/p>\n<p>La <strong>Corporaci\u00f3n de la Vivienda (CORVI)<\/strong> llam\u00f3 a concurso p\u00fablico en<strong> 1960<\/strong>, empatando dos equipos de arquitectos, todos ligados a la Universidad de Chile, que finalmente trabajaron juntos en este proyecto: <strong>Rodolfo Bravo, Pablo Hegedus, Ricardo Carvallo (dise\u00f1o de viviendas, tipolog\u00edas), por una parte, y Julio Mardones, Gonzalo Mardones, Sergio Gonz\u00e1lez y Jorge Poblete (propuesta urbana), estos \u00faltimos integrantes de la Oficina TAU (Taller Arquitectura y Urbanismo)<\/strong>.<\/p>\n<p>La Villa Ol\u00edmpica fue construida en la <strong>ex Chacra Lo Valdivieso<\/strong>, en un pa\u00f1o de <strong>28 hect\u00e1reas<\/strong>, entre los a\u00f1os<strong> 1961 y 1967<\/strong>, vinculada al <strong>Estadio Nacional<\/strong>, debido al proceso de urbanizaci\u00f3n y hermoseamiento de su entorno, vinculado a la organizaci\u00f3n del <strong>Mundial de F\u00fatbol de 1962<\/strong>.<\/p>\n<p>\u00c9sta entreg\u00f3 en total <strong>2.601 viviendas<\/strong> destinadas a una poblaci\u00f3n de <strong>15.458 habitantes<\/strong>. Se compone de:<strong> 2.400 departamentos distribuidos en 81 blocks, 1 torre de 15 pisos con 52 departamentos y 23 blocks de 2 pisos que consideran un total de 149 casas pareadas<\/strong>. A su vez se construyeron <strong>20 locales comerciales, 1 supermercado, 1 escuela b\u00e1sica para 500 alumnos y 1 iglesia<\/strong>. Los servicios y el centro c\u00edvico se concentran al interior de la Villa, equidistante de todos los puntos identificables; siendo reconocidos y ubicables por la altura de la torre, en cuya placa inferior se ubica el comercio.<\/p>\n<p><strong>La propuesta habitacional de la Villa Ol\u00edmpica es una de las de las primeras experiencias modernistas monumentales de vivienda social en la ciudad de Santiago.<\/strong><\/p>\n<p>El proyecto social lo explic\u00f3 con eficacia hace alg\u00fan tiempo el arquitecto <strong>Ricardo Carvallo<\/strong>: <strong>\u00abMira, se trat\u00f3 de juntar una vivienda, una buena vivienda, buen metraje, con buenas orientaciones, con buenas circulaciones, buenos espacios libres, no meter autos sobre la poblaci\u00f3n, lugares de encuentro. De dar una muy buena vida a la gente que tiene sus viviendas ah\u00ed\u00bb.<\/strong><\/p>\n<p>En estos dif\u00edciles momentos, sensibles con el dolor de su familia y sus cercanos, les hacemos llegar nuestro m\u00e1s sentido p\u00e9same.<\/p>\n<p>&nbsp;<\/p>\n<p>&nbsp;<\/p>\n<p>&nbsp;<\/p>\n<p><strong>Directorio Nacional<\/strong><\/p>\n<p><strong>Colegio de Arquitectos de Chile<\/strong><\/p>\n<p>&nbsp;<\/p>\n<hr \/>\n<p><em>** Los restos mortales de <strong>Ricardo Carvallo Rodr\u00edguez<\/strong> ser\u00e1n velados hasta las 20.00 horas de este jueves 1 de agosto en la Iglesia del Bosque (Providencia). Sus funerales se realizar\u00e1n este viernes 2 de agosto a las 13.00 horas con una misa en la Iglesia del Bosque (Providencia), para luego trasladarse hasta el Cementerio Cat\u00f3lico de Recoleta.<\/em><\/p>\n<p>&nbsp;<\/p>\n<p><\/p>","protected":false},"excerpt":{"rendered":"<p>Como\u00a0Colegio de Arquitectos de Chile\u00a0lamentamos comunicar el sensible fallecimiento del arquitecto\u00a0Ricardo Carvallo Rodr\u00edguez, Miembro de Honor de nuestra Asociaci\u00f3n Gremial. Arquitecto en la Universidad de Chile. Fue ayudante del profesor Roberto D\u00e1vila en la misma universidad. En 1943 fue nombrado &hellip; <a class=\"more-link\" href=\"https:\/\/colegioarquitectos.com\/noticias\/?p=32132\">ver m\u00e1s<\/a><\/p>","protected":false},"author":4,"featured_media":32135,"comment_status":"closed","ping_status":"closed","sticky":false,"template":"","format":"standard","meta":{"footnotes":""},"categories":[8,37],"tags":[950,951,137,952,953,136,954,955,949,494],"class_list":["post-32132","post","type-post","status-publish","format-standard","has-post-thumbnail","hentry","category-colegio-de-arquitectos","category-obituario","tag-conjunto-habitacional","tag-estadio-nacional","tag-fallecimiento","tag-mundial-de-futbol-de-1962","tag-nunoa","tag-obituario","tag-ricardo-carvallo","tag-ricardo-carvallo-rodriguez","tag-villa-olimpica","tag-vivienda-social"],"yoast_head":"<!-- This site is optimized with the Yoast SEO plugin v24.2 - https:\/\/yoast.com\/wordpress\/plugins\/seo\/ -->\n<title>Falleci\u00f3 Ricardo Carvallo Rodr\u00edguez - COLEGIO DE ARQUITECTOS DE CHILE<\/title>\n<meta name=\"robots\" content=\"index, follow, max-snippet:-1, max-image-preview:large, max-video-preview:-1\" \/>\n<link rel=\"canonical\" href=\"https:\/\/colegioarquitectos.com\/noticias\/?p=32132\" \/>\n<meta property=\"og:locale\" content=\"es_ES\" \/>\n<meta property=\"og:type\" content=\"article\" \/>\n<meta property=\"og:title\" content=\"Falleci\u00f3 Ricardo Carvallo Rodr\u00edguez - COLEGIO DE ARQUITECTOS DE CHILE\" \/>\n<meta property=\"og:description\" content=\"Como\u00a0Colegio de Arquitectos de Chile\u00a0lamentamos comunicar el sensible fallecimiento del arquitecto\u00a0Ricardo Carvallo Rodr\u00edguez, Miembro de Honor de nuestra Asociaci\u00f3n Gremial. Arquitecto en la Universidad de Chile. Fue ayudante del profesor Roberto D\u00e1vila en la misma universidad. En 1943 fue nombrado &hellip; ver m\u00e1s\" \/>\n<meta property=\"og:url\" content=\"https:\/\/colegioarquitectos.com\/noticias\/?p=32132\" \/>\n<meta property=\"og:site_name\" content=\"COLEGIO DE ARQUITECTOS DE CHILE\" \/>\n<meta property=\"article:publisher\" content=\"https:\/\/facebook.com\/Colegioarq\/\" \/>\n<meta property=\"article:published_time\" content=\"2024-08-01T20:37:01+00:00\" \/>\n<meta property=\"article:modified_time\" content=\"2024-08-05T21:03:04+00:00\" \/>\n<meta property=\"og:image\" content=\"https:\/\/colegioarquitectos.com\/noticias\/wp-content\/uploads\/2024\/08\/Proyecto-nuevo-14.png\" \/>\n\t<meta property=\"og:image:width\" content=\"1280\" \/>\n\t<meta property=\"og:image:height\" content=\"720\" \/>\n\t<meta property=\"og:image:type\" content=\"image\/png\" \/>\n<meta name=\"author\" content=\"Colegio de Arquitectos de Chile\" \/>\n<meta name=\"twitter:card\" content=\"summary_large_image\" \/>\n<meta name=\"twitter:creator\" content=\"@colegioarq\" \/>\n<meta name=\"twitter:site\" content=\"@colegioarq\" \/>\n<meta name=\"twitter:label1\" content=\"Escrito por\" \/>\n\t<meta name=\"twitter:data1\" content=\"Colegio de Arquitectos de Chile\" \/>\n\t<meta name=\"twitter:label2\" content=\"Tiempo de lectura\" \/>\n\t<meta name=\"twitter:data2\" content=\"2 minutos\" \/>\n<script type=\"application\/ld+json\" class=\"yoast-schema-graph\">{\"@context\":\"https:\/\/schema.org\",\"@graph\":[{\"@type\":\"Article\",\"@id\":\"https:\/\/colegioarquitectos.com\/noticias\/?p=32132#article\",\"isPartOf\":{\"@id\":\"https:\/\/colegioarquitectos.com\/noticias\/?p=32132\"},\"author\":{\"name\":\"Colegio de Arquitectos de Chile\",\"@id\":\"https:\/\/colegioarquitectos.com\/noticias\/#\/schema\/person\/685cc0aad148303c5608f049af8285ad\"},\"headline\":\"Falleci\u00f3 Ricardo Carvallo Rodr\u00edguez\",\"datePublished\":\"2024-08-01T20:37:01+00:00\",\"dateModified\":\"2024-08-05T21:03:04+00:00\",\"mainEntityOfPage\":{\"@id\":\"https:\/\/colegioarquitectos.com\/noticias\/?p=32132\"},\"wordCount\":476,\"publisher\":{\"@id\":\"https:\/\/colegioarquitectos.com\/noticias\/#organization\"},\"image\":{\"@id\":\"https:\/\/colegioarquitectos.com\/noticias\/?p=32132#primaryimage\"},\"thumbnailUrl\":\"https:\/\/colegioarquitectos.com\/noticias\/wp-content\/uploads\/2024\/08\/Proyecto-nuevo-14.png\",\"keywords\":[\"Conjunto Habitacional\",\"Estadio Nacional\",\"Fallecimiento\",\"Mundial de F\u00fatbol de 1962\",\"\u00d1u\u00f1oa\",\"Obituario\",\"Ricardo Carvallo\",\"Ricardo Carvallo Rodr\u00edguez\",\"Villa Ol\u00edmpica\",\"vivienda social\"],\"articleSection\":[\"Colegio\",\"Obituario\"],\"inLanguage\":\"es\"},{\"@type\":\"WebPage\",\"@id\":\"https:\/\/colegioarquitectos.com\/noticias\/?p=32132\",\"url\":\"https:\/\/colegioarquitectos.com\/noticias\/?p=32132\",\"name\":\"Falleci\u00f3 Ricardo Carvallo Rodr\u00edguez - COLEGIO DE ARQUITECTOS DE CHILE\",\"isPartOf\":{\"@id\":\"https:\/\/colegioarquitectos.com\/noticias\/#website\"},\"primaryImageOfPage\":{\"@id\":\"https:\/\/colegioarquitectos.com\/noticias\/?p=32132#primaryimage\"},\"image\":{\"@id\":\"https:\/\/colegioarquitectos.com\/noticias\/?p=32132#primaryimage\"},\"thumbnailUrl\":\"https:\/\/colegioarquitectos.com\/noticias\/wp-content\/uploads\/2024\/08\/Proyecto-nuevo-14.png\",\"datePublished\":\"2024-08-01T20:37:01+00:00\",\"dateModified\":\"2024-08-05T21:03:04+00:00\",\"breadcrumb\":{\"@id\":\"https:\/\/colegioarquitectos.com\/noticias\/?p=32132#breadcrumb\"},\"inLanguage\":\"es\",\"potentialAction\":[{\"@type\":\"ReadAction\",\"target\":[\"https:\/\/colegioarquitectos.com\/noticias\/?p=32132\"]}]},{\"@type\":\"ImageObject\",\"inLanguage\":\"es\",\"@id\":\"https:\/\/colegioarquitectos.com\/noticias\/?p=32132#primaryimage\",\"url\":\"https:\/\/colegioarquitectos.com\/noticias\/wp-content\/uploads\/2024\/08\/Proyecto-nuevo-14.png\",\"contentUrl\":\"https:\/\/colegioarquitectos.com\/noticias\/wp-content\/uploads\/2024\/08\/Proyecto-nuevo-14.png\",\"width\":1280,\"height\":720},{\"@type\":\"BreadcrumbList\",\"@id\":\"https:\/\/colegioarquitectos.com\/noticias\/?p=32132#breadcrumb\",\"itemListElement\":[{\"@type\":\"ListItem\",\"position\":1,\"name\":\"Portada\",\"item\":\"https:\/\/colegioarquitectos.com\/noticias\"},{\"@type\":\"ListItem\",\"position\":2,\"name\":\"Falleci\u00f3 Ricardo Carvallo Rodr\u00edguez\"}]},{\"@type\":\"WebSite\",\"@id\":\"https:\/\/colegioarquitectos.com\/noticias\/#website\",\"url\":\"https:\/\/colegioarquitectos.com\/noticias\/\",\"name\":\"COLEGIO DE ARQUITECTOS DE CHILE\",\"description\":\"\",\"publisher\":{\"@id\":\"https:\/\/colegioarquitectos.com\/noticias\/#organization\"},\"potentialAction\":[{\"@type\":\"SearchAction\",\"target\":{\"@type\":\"EntryPoint\",\"urlTemplate\":\"https:\/\/colegioarquitectos.com\/noticias\/?s={search_term_string}\"},\"query-input\":{\"@type\":\"PropertyValueSpecification\",\"valueRequired\":true,\"valueName\":\"search_term_string\"}}],\"inLanguage\":\"es\"},{\"@type\":\"Organization\",\"@id\":\"https:\/\/colegioarquitectos.com\/noticias\/#organization\",\"name\":\"COLEGIO DE ARQUITECTOS DE CHILE\",\"url\":\"https:\/\/colegioarquitectos.com\/noticias\/\",\"logo\":{\"@type\":\"ImageObject\",\"inLanguage\":\"es\",\"@id\":\"https:\/\/colegioarquitectos.com\/noticias\/#\/schema\/logo\/image\/\",\"url\":\"https:\/\/colegioarquitectos.com\/noticias\/wp-content\/uploads\/2021\/05\/ENCABEZADO-LOGO-CA.jpg\",\"contentUrl\":\"https:\/\/colegioarquitectos.com\/noticias\/wp-content\/uploads\/2021\/05\/ENCABEZADO-LOGO-CA.jpg\",\"width\":690,\"height\":350,\"caption\":\"COLEGIO DE ARQUITECTOS DE CHILE\"},\"image\":{\"@id\":\"https:\/\/colegioarquitectos.com\/noticias\/#\/schema\/logo\/image\/\"},\"sameAs\":[\"https:\/\/facebook.com\/Colegioarq\/\",\"https:\/\/x.com\/colegioarq\",\"https:\/\/instagram.com\/colegioarq\",\"https:\/\/youtube.com\/@ColegiodeArquitectosdeChile\"]},{\"@type\":\"Person\",\"@id\":\"https:\/\/colegioarquitectos.com\/noticias\/#\/schema\/person\/685cc0aad148303c5608f049af8285ad\",\"name\":\"Colegio de Arquitectos de Chile\",\"url\":\"https:\/\/colegioarquitectos.com\/noticias\/?author=4\"}]}<\/script>\n<!-- \/ Yoast SEO plugin. -->","yoast_head_json":{"title":"Falleci\u00f3 Ricardo Carvallo Rodr\u00edguez - COLEGIO DE ARQUITECTOS DE CHILE","robots":{"index":"index","follow":"follow","max-snippet":"max-snippet:-1","max-image-preview":"max-image-preview:large","max-video-preview":"max-video-preview:-1"},"canonical":"https:\/\/colegioarquitectos.com\/noticias\/?p=32132","og_locale":"es_ES","og_type":"article","og_title":"Falleci\u00f3 Ricardo Carvallo Rodr\u00edguez - COLEGIO DE ARQUITECTOS DE CHILE","og_description":"Como\u00a0Colegio de Arquitectos de Chile\u00a0lamentamos comunicar el sensible fallecimiento del arquitecto\u00a0Ricardo Carvallo Rodr\u00edguez, Miembro de Honor de nuestra Asociaci\u00f3n Gremial. Arquitecto en la Universidad de Chile. Fue ayudante del profesor Roberto D\u00e1vila en la misma universidad. En 1943 fue nombrado &hellip; ver m\u00e1s","og_url":"https:\/\/colegioarquitectos.com\/noticias\/?p=32132","og_site_name":"COLEGIO DE ARQUITECTOS DE CHILE","article_publisher":"https:\/\/facebook.com\/Colegioarq\/","article_published_time":"2024-08-01T20:37:01+00:00","article_modified_time":"2024-08-05T21:03:04+00:00","og_image":[{"width":1280,"height":720,"url":"https:\/\/colegioarquitectos.com\/noticias\/wp-content\/uploads\/2024\/08\/Proyecto-nuevo-14.png","type":"image\/png"}],"author":"Colegio de Arquitectos de Chile","twitter_card":"summary_large_image","twitter_creator":"@colegioarq","twitter_site":"@colegioarq","twitter_misc":{"Escrito por":"Colegio de Arquitectos de Chile","Tiempo de lectura":"2 minutos"},"schema":{"@context":"https:\/\/schema.org","@graph":[{"@type":"Article","@id":"https:\/\/colegioarquitectos.com\/noticias\/?p=32132#article","isPartOf":{"@id":"https:\/\/colegioarquitectos.com\/noticias\/?p=32132"},"author":{"name":"Colegio de Arquitectos de Chile","@id":"https:\/\/colegioarquitectos.com\/noticias\/#\/schema\/person\/685cc0aad148303c5608f049af8285ad"},"headline":"Falleci\u00f3 Ricardo Carvallo Rodr\u00edguez","datePublished":"2024-08-01T20:37:01+00:00","dateModified":"2024-08-05T21:03:04+00:00","mainEntityOfPage":{"@id":"https:\/\/colegioarquitectos.com\/noticias\/?p=32132"},"wordCount":476,"publisher":{"@id":"https:\/\/colegioarquitectos.com\/noticias\/#organization"},"image":{"@id":"https:\/\/colegioarquitectos.com\/noticias\/?p=32132#primaryimage"},"thumbnailUrl":"https:\/\/colegioarquitectos.com\/noticias\/wp-content\/uploads\/2024\/08\/Proyecto-nuevo-14.png","keywords":["Conjunto Habitacional","Estadio Nacional","Fallecimiento","Mundial de F\u00fatbol de 1962","\u00d1u\u00f1oa","Obituario","Ricardo Carvallo","Ricardo Carvallo Rodr\u00edguez","Villa Ol\u00edmpica","vivienda social"],"articleSection":["Colegio","Obituario"],"inLanguage":"es"},{"@type":"WebPage","@id":"https:\/\/colegioarquitectos.com\/noticias\/?p=32132","url":"https:\/\/colegioarquitectos.com\/noticias\/?p=32132","name":"Falleci\u00f3 Ricardo Carvallo Rodr\u00edguez - COLEGIO DE ARQUITECTOS DE CHILE","isPartOf":{"@id":"https:\/\/colegioarquitectos.com\/noticias\/#website"},"primaryImageOfPage":{"@id":"https:\/\/colegioarquitectos.com\/noticias\/?p=32132#primaryimage"},"image":{"@id":"https:\/\/colegioarquitectos.com\/noticias\/?p=32132#primaryimage"},"thumbnailUrl":"https:\/\/colegioarquitectos.com\/noticias\/wp-content\/uploads\/2024\/08\/Proyecto-nuevo-14.png","datePublished":"2024-08-01T20:37:01+00:00","dateModified":"2024-08-05T21:03:04+00:00","breadcrumb":{"@id":"https:\/\/colegioarquitectos.com\/noticias\/?p=32132#breadcrumb"},"inLanguage":"es","potentialAction":[{"@type":"ReadAction","target":["https:\/\/colegioarquitectos.com\/noticias\/?p=32132"]}]},{"@type":"ImageObject","inLanguage":"es","@id":"https:\/\/colegioarquitectos.com\/noticias\/?p=32132#primaryimage","url":"https:\/\/colegioarquitectos.com\/noticias\/wp-content\/uploads\/2024\/08\/Proyecto-nuevo-14.png","contentUrl":"https:\/\/colegioarquitectos.com\/noticias\/wp-content\/uploads\/2024\/08\/Proyecto-nuevo-14.png","width":1280,"height":720},{"@type":"BreadcrumbList","@id":"https:\/\/colegioarquitectos.com\/noticias\/?p=32132#breadcrumb","itemListElement":[{"@type":"ListItem","position":1,"name":"Portada","item":"https:\/\/colegioarquitectos.com\/noticias"},{"@type":"ListItem","position":2,"name":"Falleci\u00f3 Ricardo Carvallo Rodr\u00edguez"}]},{"@type":"WebSite","@id":"https:\/\/colegioarquitectos.com\/noticias\/#website","url":"https:\/\/colegioarquitectos.com\/noticias\/","name":"COLEGIO DE ARQUITECTOS DE CHILE","description":"","publisher":{"@id":"https:\/\/colegioarquitectos.com\/noticias\/#organization"},"potentialAction":[{"@type":"SearchAction","target":{"@type":"EntryPoint","urlTemplate":"https:\/\/colegioarquitectos.com\/noticias\/?s={search_term_string}"},"query-input":{"@type":"PropertyValueSpecification","valueRequired":true,"valueName":"search_term_string"}}],"inLanguage":"es"},{"@type":"Organization","@id":"https:\/\/colegioarquitectos.com\/noticias\/#organization","name":"COLEGIO DE ARQUITECTOS DE CHILE","url":"https:\/\/colegioarquitectos.com\/noticias\/","logo":{"@type":"ImageObject","inLanguage":"es","@id":"https:\/\/colegioarquitectos.com\/noticias\/#\/schema\/logo\/image\/","url":"https:\/\/colegioarquitectos.com\/noticias\/wp-content\/uploads\/2021\/05\/ENCABEZADO-LOGO-CA.jpg","contentUrl":"https:\/\/colegioarquitectos.com\/noticias\/wp-content\/uploads\/2021\/05\/ENCABEZADO-LOGO-CA.jpg","width":690,"height":350,"caption":"COLEGIO DE ARQUITECTOS DE CHILE"},"image":{"@id":"https:\/\/colegioarquitectos.com\/noticias\/#\/schema\/logo\/image\/"},"sameAs":["https:\/\/facebook.com\/Colegioarq\/","https:\/\/x.com\/colegioarq","https:\/\/instagram.com\/colegioarq","https:\/\/youtube.com\/@ColegiodeArquitectosdeChile"]},{"@type":"Person","@id":"https:\/\/colegioarquitectos.com\/noticias\/#\/schema\/person\/685cc0aad148303c5608f049af8285ad","name":"Colegio de Arquitectos de Chile","url":"https:\/\/colegioarquitectos.com\/noticias\/?author=4"}]}},"_links":{"self":[{"href":"https:\/\/colegioarquitectos.com\/noticias\/index.php?rest_route=\/wp\/v2\/posts\/32132","targetHints":{"allow":["GET"]}}],"collection":[{"href":"https:\/\/colegioarquitectos.com\/noticias\/index.php?rest_route=\/wp\/v2\/posts"}],"about":[{"href":"https:\/\/colegioarquitectos.com\/noticias\/index.php?rest_route=\/wp\/v2\/types\/post"}],"author":[{"embeddable":true,"href":"https:\/\/colegioarquitectos.com\/noticias\/index.php?rest_route=\/wp\/v2\/users\/4"}],"replies":[{"embeddable":true,"href":"https:\/\/colegioarquitectos.com\/noticias\/index.php?rest_route=%2Fwp%2Fv2%2Fcomments&post=32132"}],"version-history":[{"count":0,"href":"https:\/\/colegioarquitectos.com\/noticias\/index.php?rest_route=\/wp\/v2\/posts\/32132\/revisions"}],"wp:featuredmedia":[{"embeddable":true,"href":"https:\/\/colegioarquitectos.com\/noticias\/index.php?rest_route=\/wp\/v2\/media\/32135"}],"wp:attachment":[{"href":"https:\/\/colegioarquitectos.com\/noticias\/index.php?rest_route=%2Fwp%2Fv2%2Fmedia&parent=32132"}],"wp:term":[{"taxonomy":"category","embeddable":true,"href":"https:\/\/colegioarquitectos.com\/noticias\/index.php?rest_route=%2Fwp%2Fv2%2Fcategories&post=32132"},{"taxonomy":"post_tag","embeddable":true,"href":"https:\/\/colegioarquitectos.com\/noticias\/index.php?rest_route=%2Fwp%2Fv2%2Ftags&post=32132"}],"curies":[{"name":"wp","href":"https:\/\/api.w.org\/{rel}","templated":true}]}}