
{"id":32235,"date":"2024-08-30T09:31:54","date_gmt":"2024-08-30T13:31:54","guid":{"rendered":"https:\/\/colegioarquitectos.com\/?p=32235"},"modified":"2024-08-30T09:31:54","modified_gmt":"2024-08-30T13:31:54","slug":"declaracion-publica-conmemoracion-del-dia-internacional-de-las-victimas-de-desapariciones-forzadas","status":"publish","type":"post","link":"https:\/\/colegioarquitectos.com\/noticias\/?p=32235","title":{"rendered":"[Declaraci\u00f3n p\u00fablica] Conmemoraci\u00f3n del D\u00eda Internacional de las V\u00edctimas de Desapariciones Forzadas"},"content":{"rendered":"<p>El Comit\u00e9 de Derechos Humanos y Ciudadanos del Colegio de Arquitectos de Chile conmemora hoy<strong> 30 de agosto el \u201cD\u00eda <\/strong><strong>Internacional de las V\u00edctimas de Desapariciones Forzadas\u201d<\/strong><strong> o \u201cD\u00eda de la Detenida y Detenido Desaparecido\u201d. <\/strong>Esta fecha fue establecida como tal por la Asamblea General de las Naciones Unidas el 21 de diciembre de 2010, con el objetivo de generar conciencia mundial sobre la grave problem\u00e1tica de la desaparici\u00f3n forzada de personas.<\/p>\n<p>La pr\u00e1ctica de desaparici\u00f3n forzada de personas por parte de los Estados, ha sido catalogada como crimen de lesa humanidad por la Organizaci\u00f3n de los Estados Americanos OEA y la Organizaci\u00f3n de las Naciones Unidas ONU. Este hecho causa un profundo impacto e irreparable da\u00f1o a familiares de las v\u00edctimas y a la sociedad en su conjunto.<\/p>\n<p>A 51 a\u00f1os del Golpe de Estado c\u00edvico-militar en Chile, a\u00fan se desconoce el paradero de numerosas v\u00edctimas, entre las cuales se encuentran una arquitecta y siete arquitectos:<\/p>\n<p>&nbsp;<\/p>\n<p><strong>IDA VERA ALMARZA<\/strong>: 31 a\u00f1os, detenida el 19 de noviembre de 1974.<\/p>\n<p><strong>\u00a0<\/strong><\/p>\n<p><strong>ALEJANDRO RODR\u00cdGUEZ URZ\u00daA<\/strong>: 49 a\u00f1os, detenido el 27 de julio de 1976.<\/p>\n<p><strong>\u00a0<\/strong><\/p>\n<p><strong>FRANCISCO AEDO CARRASCO<\/strong>: 64 a\u00f1os, detenido el 7 de septiembre de 1974.<\/p>\n<p><strong>\u00a0<\/strong><\/p>\n<p><strong>LUIS GUENDELMAN WISNIAK<\/strong>: 26 a\u00f1os, detenido el 2 de septiembre de 1974.<\/p>\n<p><strong>\u00a0<\/strong><\/p>\n<p><strong>YACTONG JUANTOK GUZM\u00c1N<\/strong>: 26 a\u00f1os, detenido el 12 de septiembre de 1973.<\/p>\n<p><strong>\u00a0<\/strong><\/p>\n<p><strong>CARLOS GAJARDO WOLFF<\/strong>: 34 a\u00f1os, detenido el 20 de septiembre de 1974.<\/p>\n<p><strong>\u00a0<\/strong><\/p>\n<p><strong>MARIO PE\u00d1A SOLARI<\/strong>: 21 a\u00f1os, detenido el 9 de diciembre de 1974.<\/p>\n<p><strong>\u00a0<\/strong><\/p>\n<p><strong>CARLOS SALCEDO MORALES<\/strong>: 21 a\u00f1os, detenido el 16 de agosto de 1974.<\/p>\n<p>&nbsp;<\/p>\n<p>Esta conmemoraci\u00f3n nos recuerda la necesidad de seguir buscando justicia y verdad.<\/p>\n<p>&nbsp;<\/p>\n<p>Recordamos tambi\u00e9n en este d\u00eda, a los arquitectos ejecutados en dictadura:<\/p>\n<p><strong>\u00a0<\/strong><\/p>\n<p><strong>LEOPOLDO BEN\u00cdTEZ HERRERA<\/strong>: 37 a\u00f1os, asesinado el 17 de septiembre de 1973.<\/p>\n<p><strong>\u00a0<\/strong><\/p>\n<p><strong>PATRICIO MANZANO GONZ\u00c1LEZ<\/strong>: 21 a\u00f1os, asesinado el 09 de febrero de 1985, primer m\u00e1rtir de la FECH.<\/p>\n<p>&nbsp;<\/p>\n<p>Seis de nuestros colegas: Ida Vera, Francisco Aedo, Luis Guendelman, Mario Pe\u00f1a, Carlos Gajardo y Carlos Salcedo; forman parte de las 119 v\u00edctimas <strong>secuestradas por la DINA <\/strong>durante la denominada<strong> \u201cOperaci\u00f3n Colombo\u201d<\/strong>, un siniestro montaje comunicacional de la <strong>Direcci\u00f3n de Inteligencia Nacional <\/strong>en complicidad con organismos de seguridad del Cono Sur, llevado a cabo en julio de 1975. Este operativo intent\u00f3 <strong>hacerlos aparecer como abatidos en el extranjero, <\/strong>supuestamente eliminados en una \u201cpurga interna del MIR\u201d, siendo asesinados entre el 17 de junio de 1974 y el 6 de enero de 1975.<\/p>\n<p>A la fecha, la Corte Suprema de Justicia ha condenado a los ex agentes de la DINA responsables de los delitos de secuestro calificado de los arquitectos <strong>Luis Guendelman <\/strong>y <strong>Carlos Gajardo<\/strong> (julio 2020) y de <strong>Ida Vera <\/strong>y <strong>Francisco Aedo<\/strong> (marzo 2023).<\/p>\n<p>Estas condenas, aunque tard\u00edas, constituyen un importante avance en los procesos judiciales que investigan los secuestros, torturas y desaparici\u00f3n forzada de las v\u00edctimas. Sin embargo, el dolor de las familias persiste, ya que los cuerpos de sus seres queridos a\u00fan no han sido encontrados. El Estado de Chile debe asumir esta responsabilidad, siendo fundamental el cumplimiento del <strong>Plan Nacional de B\u00fasqueda<\/strong>, oficializado por decreto del 30 de agosto de 2023 y del cual, no se han reportado avances.<\/p>\n<p>El legado de nuestros colegas detenidos desaparecidos y ejecutados debe permanecer en la memoria e historia de nuestro colegio, as\u00ed como en las escuelas de arquitectura y en la conciencia de nuestro pa\u00eds.<\/p>\n<p>Este a\u00f1o, la conmemoraci\u00f3n del d\u00eda de la detenida y detenido desaparecido adquiere un especial y emotivo significado con la inauguraci\u00f3n de la <strong>\u201cPlazoleta Arquitecta Ida Vera Almarza, detenida desaparecida desde el 19-11-1974\u201d<\/strong>, en un acto donde se renombra la Plazoleta ubicada en la punta de diamante entre Merced y Monjitas en el Barrio Parque Forestal, organizado por la Municipalidad de Santiago y el Colegio de Arquitectos. Se culmina as\u00ed con una Iniciativa del Comit\u00e9 de Derechos Humanos y Ciudadanos y del Directorio Nacional del Colegio de Arquitectos de Chile, gestionada durante el a\u00f1o 2023 en el marco de la conmemoraci\u00f3n de los 50 a\u00f1os del Golpe c\u00edvico-militar, para honrar la memoria de la arquitecta Ida Vera Almarza, como un acto necesario de reparaci\u00f3n y memoria.<\/p>\n<p>La memoria de nuestros colegas detenidos desaparecidos y asesinados en el per\u00edodo m\u00e1s aciago de la historia de este pa\u00eds, que trunc\u00f3 sus vidas, sus proyectos, sus sue\u00f1os; estar\u00e1 siempre presente en nuestros corazones y en cada lugar donde se pueda instalar un memorial que los honre y que constituyan referentes para que las nuevas generaciones conozcan y valoren su importante legado.<\/p>\n<p>\u00a1Honor y gloria a nuestros colegas detenidos desaparecidos y asesinados!<\/p>\n<p>\u00a1Presentes hoy y siempre!<\/p>\n<p>&nbsp;<\/p>\n<p><strong>COMIT\u00c9 DE DERECHOS HUMANOS Y CIUDADANOS\u00a0<\/strong><\/p>\n<p><strong>COLEGIO DE ARQUITECTOS DE CHILE A. G.<\/strong><\/p>\n<p>&nbsp;<\/p>\n<p>&nbsp;<\/p>\n<p style=\"text-align: right;\"><strong>30 de agosto de 2024<\/strong><\/p>\n<p><\/p>","protected":false},"excerpt":{"rendered":"<p>El Comit\u00e9 de Derechos Humanos y Ciudadanos del Colegio de Arquitectos de Chile conmemora hoy 30 de agosto el \u201cD\u00eda Internacional de las V\u00edctimas de Desapariciones Forzadas\u201d o \u201cD\u00eda de la Detenida y Detenido Desaparecido\u201d. Esta fecha fue establecida como &hellip; <a class=\"more-link\" href=\"https:\/\/colegioarquitectos.com\/noticias\/?p=32235\">ver m\u00e1s<\/a><\/p>","protected":false},"author":4,"featured_media":32236,"comment_status":"closed","ping_status":"closed","sticky":false,"template":"","format":"standard","meta":{"footnotes":""},"categories":[9,82],"tags":[192,189,581,323,578,978],"class_list":["post-32235","post","type-post","status-publish","format-standard","has-post-thumbnail","hentry","category-comites","category-declaraciones-publicas","tag-comite-de-derechos-humanos-y-ciudadanos","tag-declaracion-publica","tag-detenidas-y-detenidos-desaparecidos","tag-detenidos-desaparecidos","tag-dia-internacional-de-la-detenida-y-el-detenido-desaparecido","tag-dia-internacional-de-las-victimas-de-desapariciones-forzadas"],"yoast_head":"<!-- This site is optimized with the Yoast SEO plugin v24.2 - https:\/\/yoast.com\/wordpress\/plugins\/seo\/ -->\n<title>[Declaraci\u00f3n p\u00fablica] Conmemoraci\u00f3n del D\u00eda Internacional de las V\u00edctimas de Desapariciones Forzadas - COLEGIO DE ARQUITECTOS DE CHILE<\/title>\n<meta name=\"robots\" content=\"index, follow, max-snippet:-1, max-image-preview:large, max-video-preview:-1\" \/>\n<link rel=\"canonical\" href=\"https:\/\/colegioarquitectos.com\/noticias\/?p=32235\" \/>\n<meta property=\"og:locale\" content=\"es_ES\" \/>\n<meta property=\"og:type\" content=\"article\" \/>\n<meta property=\"og:title\" content=\"[Declaraci\u00f3n p\u00fablica] Conmemoraci\u00f3n del D\u00eda Internacional de las V\u00edctimas de Desapariciones Forzadas - COLEGIO DE ARQUITECTOS DE CHILE\" \/>\n<meta property=\"og:description\" content=\"El Comit\u00e9 de Derechos Humanos y Ciudadanos del Colegio de Arquitectos de Chile conmemora hoy 30 de agosto el \u201cD\u00eda Internacional de las V\u00edctimas de Desapariciones Forzadas\u201d o \u201cD\u00eda de la Detenida y Detenido Desaparecido\u201d. Esta fecha fue establecida como &hellip; ver m\u00e1s\" \/>\n<meta property=\"og:url\" content=\"https:\/\/colegioarquitectos.com\/noticias\/?p=32235\" \/>\n<meta property=\"og:site_name\" content=\"COLEGIO DE ARQUITECTOS DE CHILE\" \/>\n<meta property=\"article:publisher\" content=\"https:\/\/facebook.com\/Colegioarq\/\" \/>\n<meta property=\"article:published_time\" content=\"2024-08-30T13:31:54+00:00\" \/>\n<meta property=\"og:image\" content=\"https:\/\/colegioarquitectos.com\/noticias\/wp-content\/uploads\/2024\/08\/Nuevo-proyecto-1.jpg\" \/>\n\t<meta property=\"og:image:width\" content=\"1280\" \/>\n\t<meta property=\"og:image:height\" content=\"720\" \/>\n\t<meta property=\"og:image:type\" content=\"image\/jpeg\" \/>\n<meta name=\"author\" content=\"Colegio de Arquitectos de Chile\" \/>\n<meta name=\"twitter:card\" content=\"summary_large_image\" \/>\n<meta name=\"twitter:creator\" content=\"@colegioarq\" \/>\n<meta name=\"twitter:site\" content=\"@colegioarq\" \/>\n<meta name=\"twitter:label1\" content=\"Escrito por\" \/>\n\t<meta name=\"twitter:data1\" content=\"Colegio de Arquitectos de Chile\" \/>\n\t<meta name=\"twitter:label2\" content=\"Tiempo de lectura\" \/>\n\t<meta name=\"twitter:data2\" content=\"4 minutos\" \/>\n<script type=\"application\/ld+json\" class=\"yoast-schema-graph\">{\"@context\":\"https:\/\/schema.org\",\"@graph\":[{\"@type\":\"Article\",\"@id\":\"https:\/\/colegioarquitectos.com\/noticias\/?p=32235#article\",\"isPartOf\":{\"@id\":\"https:\/\/colegioarquitectos.com\/noticias\/?p=32235\"},\"author\":{\"name\":\"Colegio de Arquitectos de Chile\",\"@id\":\"https:\/\/colegioarquitectos.com\/noticias\/#\/schema\/person\/685cc0aad148303c5608f049af8285ad\"},\"headline\":\"[Declaraci\u00f3n p\u00fablica] Conmemoraci\u00f3n del D\u00eda Internacional de las V\u00edctimas de Desapariciones Forzadas\",\"datePublished\":\"2024-08-30T13:31:54+00:00\",\"dateModified\":\"2024-08-30T13:31:54+00:00\",\"mainEntityOfPage\":{\"@id\":\"https:\/\/colegioarquitectos.com\/noticias\/?p=32235\"},\"wordCount\":806,\"publisher\":{\"@id\":\"https:\/\/colegioarquitectos.com\/noticias\/#organization\"},\"image\":{\"@id\":\"https:\/\/colegioarquitectos.com\/noticias\/?p=32235#primaryimage\"},\"thumbnailUrl\":\"https:\/\/colegioarquitectos.com\/noticias\/wp-content\/uploads\/2024\/08\/Nuevo-proyecto-1.jpg\",\"keywords\":[\"Comit\u00e9 de Derechos Humanos y Ciudadanos\",\"Declaraci\u00f3n p\u00fablica\",\"Detenidas y Detenidos Desaparecidos\",\"detenidos desaparecidos\",\"D\u00eda Internacional de la Detenida y el Detenido Desaparecido\",\"D\u00eda Internacional de las V\u00edctimas de Desapariciones Forzadas\"],\"articleSection\":[\"Comit\u00e9s\",\"Declaraciones p\u00fablicas\"],\"inLanguage\":\"es\"},{\"@type\":\"WebPage\",\"@id\":\"https:\/\/colegioarquitectos.com\/noticias\/?p=32235\",\"url\":\"https:\/\/colegioarquitectos.com\/noticias\/?p=32235\",\"name\":\"[Declaraci\u00f3n p\u00fablica] Conmemoraci\u00f3n del D\u00eda Internacional de las V\u00edctimas de Desapariciones Forzadas - COLEGIO DE ARQUITECTOS DE CHILE\",\"isPartOf\":{\"@id\":\"https:\/\/colegioarquitectos.com\/noticias\/#website\"},\"primaryImageOfPage\":{\"@id\":\"https:\/\/colegioarquitectos.com\/noticias\/?p=32235#primaryimage\"},\"image\":{\"@id\":\"https:\/\/colegioarquitectos.com\/noticias\/?p=32235#primaryimage\"},\"thumbnailUrl\":\"https:\/\/colegioarquitectos.com\/noticias\/wp-content\/uploads\/2024\/08\/Nuevo-proyecto-1.jpg\",\"datePublished\":\"2024-08-30T13:31:54+00:00\",\"dateModified\":\"2024-08-30T13:31:54+00:00\",\"breadcrumb\":{\"@id\":\"https:\/\/colegioarquitectos.com\/noticias\/?p=32235#breadcrumb\"},\"inLanguage\":\"es\",\"potentialAction\":[{\"@type\":\"ReadAction\",\"target\":[\"https:\/\/colegioarquitectos.com\/noticias\/?p=32235\"]}]},{\"@type\":\"ImageObject\",\"inLanguage\":\"es\",\"@id\":\"https:\/\/colegioarquitectos.com\/noticias\/?p=32235#primaryimage\",\"url\":\"https:\/\/colegioarquitectos.com\/noticias\/wp-content\/uploads\/2024\/08\/Nuevo-proyecto-1.jpg\",\"contentUrl\":\"https:\/\/colegioarquitectos.com\/noticias\/wp-content\/uploads\/2024\/08\/Nuevo-proyecto-1.jpg\",\"width\":1280,\"height\":720},{\"@type\":\"BreadcrumbList\",\"@id\":\"https:\/\/colegioarquitectos.com\/noticias\/?p=32235#breadcrumb\",\"itemListElement\":[{\"@type\":\"ListItem\",\"position\":1,\"name\":\"Portada\",\"item\":\"https:\/\/colegioarquitectos.com\/noticias\"},{\"@type\":\"ListItem\",\"position\":2,\"name\":\"[Declaraci\u00f3n p\u00fablica] Conmemoraci\u00f3n del D\u00eda Internacional de las V\u00edctimas de Desapariciones Forzadas\"}]},{\"@type\":\"WebSite\",\"@id\":\"https:\/\/colegioarquitectos.com\/noticias\/#website\",\"url\":\"https:\/\/colegioarquitectos.com\/noticias\/\",\"name\":\"COLEGIO DE ARQUITECTOS DE CHILE\",\"description\":\"\",\"publisher\":{\"@id\":\"https:\/\/colegioarquitectos.com\/noticias\/#organization\"},\"potentialAction\":[{\"@type\":\"SearchAction\",\"target\":{\"@type\":\"EntryPoint\",\"urlTemplate\":\"https:\/\/colegioarquitectos.com\/noticias\/?s={search_term_string}\"},\"query-input\":{\"@type\":\"PropertyValueSpecification\",\"valueRequired\":true,\"valueName\":\"search_term_string\"}}],\"inLanguage\":\"es\"},{\"@type\":\"Organization\",\"@id\":\"https:\/\/colegioarquitectos.com\/noticias\/#organization\",\"name\":\"COLEGIO DE ARQUITECTOS DE CHILE\",\"url\":\"https:\/\/colegioarquitectos.com\/noticias\/\",\"logo\":{\"@type\":\"ImageObject\",\"inLanguage\":\"es\",\"@id\":\"https:\/\/colegioarquitectos.com\/noticias\/#\/schema\/logo\/image\/\",\"url\":\"https:\/\/colegioarquitectos.com\/noticias\/wp-content\/uploads\/2021\/05\/ENCABEZADO-LOGO-CA.jpg\",\"contentUrl\":\"https:\/\/colegioarquitectos.com\/noticias\/wp-content\/uploads\/2021\/05\/ENCABEZADO-LOGO-CA.jpg\",\"width\":690,\"height\":350,\"caption\":\"COLEGIO DE ARQUITECTOS DE CHILE\"},\"image\":{\"@id\":\"https:\/\/colegioarquitectos.com\/noticias\/#\/schema\/logo\/image\/\"},\"sameAs\":[\"https:\/\/facebook.com\/Colegioarq\/\",\"https:\/\/x.com\/colegioarq\",\"https:\/\/instagram.com\/colegioarq\",\"https:\/\/youtube.com\/@ColegiodeArquitectosdeChile\"]},{\"@type\":\"Person\",\"@id\":\"https:\/\/colegioarquitectos.com\/noticias\/#\/schema\/person\/685cc0aad148303c5608f049af8285ad\",\"name\":\"Colegio de Arquitectos de Chile\",\"url\":\"https:\/\/colegioarquitectos.com\/noticias\/?author=4\"}]}<\/script>\n<!-- \/ Yoast SEO plugin. -->","yoast_head_json":{"title":"[Declaraci\u00f3n p\u00fablica] Conmemoraci\u00f3n del D\u00eda Internacional de las V\u00edctimas de Desapariciones Forzadas - COLEGIO DE ARQUITECTOS DE CHILE","robots":{"index":"index","follow":"follow","max-snippet":"max-snippet:-1","max-image-preview":"max-image-preview:large","max-video-preview":"max-video-preview:-1"},"canonical":"https:\/\/colegioarquitectos.com\/noticias\/?p=32235","og_locale":"es_ES","og_type":"article","og_title":"[Declaraci\u00f3n p\u00fablica] Conmemoraci\u00f3n del D\u00eda Internacional de las V\u00edctimas de Desapariciones Forzadas - COLEGIO DE ARQUITECTOS DE CHILE","og_description":"El Comit\u00e9 de Derechos Humanos y Ciudadanos del Colegio de Arquitectos de Chile conmemora hoy 30 de agosto el \u201cD\u00eda Internacional de las V\u00edctimas de Desapariciones Forzadas\u201d o \u201cD\u00eda de la Detenida y Detenido Desaparecido\u201d. Esta fecha fue establecida como &hellip; ver m\u00e1s","og_url":"https:\/\/colegioarquitectos.com\/noticias\/?p=32235","og_site_name":"COLEGIO DE ARQUITECTOS DE CHILE","article_publisher":"https:\/\/facebook.com\/Colegioarq\/","article_published_time":"2024-08-30T13:31:54+00:00","og_image":[{"width":1280,"height":720,"url":"https:\/\/colegioarquitectos.com\/noticias\/wp-content\/uploads\/2024\/08\/Nuevo-proyecto-1.jpg","type":"image\/jpeg"}],"author":"Colegio de Arquitectos de Chile","twitter_card":"summary_large_image","twitter_creator":"@colegioarq","twitter_site":"@colegioarq","twitter_misc":{"Escrito por":"Colegio de Arquitectos de Chile","Tiempo de lectura":"4 minutos"},"schema":{"@context":"https:\/\/schema.org","@graph":[{"@type":"Article","@id":"https:\/\/colegioarquitectos.com\/noticias\/?p=32235#article","isPartOf":{"@id":"https:\/\/colegioarquitectos.com\/noticias\/?p=32235"},"author":{"name":"Colegio de Arquitectos de Chile","@id":"https:\/\/colegioarquitectos.com\/noticias\/#\/schema\/person\/685cc0aad148303c5608f049af8285ad"},"headline":"[Declaraci\u00f3n p\u00fablica] Conmemoraci\u00f3n del D\u00eda Internacional de las V\u00edctimas de Desapariciones Forzadas","datePublished":"2024-08-30T13:31:54+00:00","dateModified":"2024-08-30T13:31:54+00:00","mainEntityOfPage":{"@id":"https:\/\/colegioarquitectos.com\/noticias\/?p=32235"},"wordCount":806,"publisher":{"@id":"https:\/\/colegioarquitectos.com\/noticias\/#organization"},"image":{"@id":"https:\/\/colegioarquitectos.com\/noticias\/?p=32235#primaryimage"},"thumbnailUrl":"https:\/\/colegioarquitectos.com\/noticias\/wp-content\/uploads\/2024\/08\/Nuevo-proyecto-1.jpg","keywords":["Comit\u00e9 de Derechos Humanos y Ciudadanos","Declaraci\u00f3n p\u00fablica","Detenidas y Detenidos Desaparecidos","detenidos desaparecidos","D\u00eda Internacional de la Detenida y el Detenido Desaparecido","D\u00eda Internacional de las V\u00edctimas de Desapariciones Forzadas"],"articleSection":["Comit\u00e9s","Declaraciones p\u00fablicas"],"inLanguage":"es"},{"@type":"WebPage","@id":"https:\/\/colegioarquitectos.com\/noticias\/?p=32235","url":"https:\/\/colegioarquitectos.com\/noticias\/?p=32235","name":"[Declaraci\u00f3n p\u00fablica] Conmemoraci\u00f3n del D\u00eda Internacional de las V\u00edctimas de Desapariciones Forzadas - COLEGIO DE ARQUITECTOS DE CHILE","isPartOf":{"@id":"https:\/\/colegioarquitectos.com\/noticias\/#website"},"primaryImageOfPage":{"@id":"https:\/\/colegioarquitectos.com\/noticias\/?p=32235#primaryimage"},"image":{"@id":"https:\/\/colegioarquitectos.com\/noticias\/?p=32235#primaryimage"},"thumbnailUrl":"https:\/\/colegioarquitectos.com\/noticias\/wp-content\/uploads\/2024\/08\/Nuevo-proyecto-1.jpg","datePublished":"2024-08-30T13:31:54+00:00","dateModified":"2024-08-30T13:31:54+00:00","breadcrumb":{"@id":"https:\/\/colegioarquitectos.com\/noticias\/?p=32235#breadcrumb"},"inLanguage":"es","potentialAction":[{"@type":"ReadAction","target":["https:\/\/colegioarquitectos.com\/noticias\/?p=32235"]}]},{"@type":"ImageObject","inLanguage":"es","@id":"https:\/\/colegioarquitectos.com\/noticias\/?p=32235#primaryimage","url":"https:\/\/colegioarquitectos.com\/noticias\/wp-content\/uploads\/2024\/08\/Nuevo-proyecto-1.jpg","contentUrl":"https:\/\/colegioarquitectos.com\/noticias\/wp-content\/uploads\/2024\/08\/Nuevo-proyecto-1.jpg","width":1280,"height":720},{"@type":"BreadcrumbList","@id":"https:\/\/colegioarquitectos.com\/noticias\/?p=32235#breadcrumb","itemListElement":[{"@type":"ListItem","position":1,"name":"Portada","item":"https:\/\/colegioarquitectos.com\/noticias"},{"@type":"ListItem","position":2,"name":"[Declaraci\u00f3n p\u00fablica] Conmemoraci\u00f3n del D\u00eda Internacional de las V\u00edctimas de Desapariciones Forzadas"}]},{"@type":"WebSite","@id":"https:\/\/colegioarquitectos.com\/noticias\/#website","url":"https:\/\/colegioarquitectos.com\/noticias\/","name":"COLEGIO DE ARQUITECTOS DE CHILE","description":"","publisher":{"@id":"https:\/\/colegioarquitectos.com\/noticias\/#organization"},"potentialAction":[{"@type":"SearchAction","target":{"@type":"EntryPoint","urlTemplate":"https:\/\/colegioarquitectos.com\/noticias\/?s={search_term_string}"},"query-input":{"@type":"PropertyValueSpecification","valueRequired":true,"valueName":"search_term_string"}}],"inLanguage":"es"},{"@type":"Organization","@id":"https:\/\/colegioarquitectos.com\/noticias\/#organization","name":"COLEGIO DE ARQUITECTOS DE CHILE","url":"https:\/\/colegioarquitectos.com\/noticias\/","logo":{"@type":"ImageObject","inLanguage":"es","@id":"https:\/\/colegioarquitectos.com\/noticias\/#\/schema\/logo\/image\/","url":"https:\/\/colegioarquitectos.com\/noticias\/wp-content\/uploads\/2021\/05\/ENCABEZADO-LOGO-CA.jpg","contentUrl":"https:\/\/colegioarquitectos.com\/noticias\/wp-content\/uploads\/2021\/05\/ENCABEZADO-LOGO-CA.jpg","width":690,"height":350,"caption":"COLEGIO DE ARQUITECTOS DE CHILE"},"image":{"@id":"https:\/\/colegioarquitectos.com\/noticias\/#\/schema\/logo\/image\/"},"sameAs":["https:\/\/facebook.com\/Colegioarq\/","https:\/\/x.com\/colegioarq","https:\/\/instagram.com\/colegioarq","https:\/\/youtube.com\/@ColegiodeArquitectosdeChile"]},{"@type":"Person","@id":"https:\/\/colegioarquitectos.com\/noticias\/#\/schema\/person\/685cc0aad148303c5608f049af8285ad","name":"Colegio de Arquitectos de Chile","url":"https:\/\/colegioarquitectos.com\/noticias\/?author=4"}]}},"_links":{"self":[{"href":"https:\/\/colegioarquitectos.com\/noticias\/index.php?rest_route=\/wp\/v2\/posts\/32235","targetHints":{"allow":["GET"]}}],"collection":[{"href":"https:\/\/colegioarquitectos.com\/noticias\/index.php?rest_route=\/wp\/v2\/posts"}],"about":[{"href":"https:\/\/colegioarquitectos.com\/noticias\/index.php?rest_route=\/wp\/v2\/types\/post"}],"author":[{"embeddable":true,"href":"https:\/\/colegioarquitectos.com\/noticias\/index.php?rest_route=\/wp\/v2\/users\/4"}],"replies":[{"embeddable":true,"href":"https:\/\/colegioarquitectos.com\/noticias\/index.php?rest_route=%2Fwp%2Fv2%2Fcomments&post=32235"}],"version-history":[{"count":0,"href":"https:\/\/colegioarquitectos.com\/noticias\/index.php?rest_route=\/wp\/v2\/posts\/32235\/revisions"}],"wp:featuredmedia":[{"embeddable":true,"href":"https:\/\/colegioarquitectos.com\/noticias\/index.php?rest_route=\/wp\/v2\/media\/32236"}],"wp:attachment":[{"href":"https:\/\/colegioarquitectos.com\/noticias\/index.php?rest_route=%2Fwp%2Fv2%2Fmedia&parent=32235"}],"wp:term":[{"taxonomy":"category","embeddable":true,"href":"https:\/\/colegioarquitectos.com\/noticias\/index.php?rest_route=%2Fwp%2Fv2%2Fcategories&post=32235"},{"taxonomy":"post_tag","embeddable":true,"href":"https:\/\/colegioarquitectos.com\/noticias\/index.php?rest_route=%2Fwp%2Fv2%2Ftags&post=32235"}],"curies":[{"name":"wp","href":"https:\/\/api.w.org\/{rel}","templated":true}]}}