
{"id":32265,"date":"2024-09-02T11:07:28","date_gmt":"2024-09-02T15:07:28","guid":{"rendered":"https:\/\/colegioarquitectos.com\/?p=32265"},"modified":"2024-09-06T11:23:43","modified_gmt":"2024-09-06T15:23:43","slug":"workshop-arqfilmfest-2024-explorando-las-emociones-de-la-arquitectura","status":"publish","type":"post","link":"https:\/\/colegioarquitectos.com\/noticias\/?p=32265","title":{"rendered":"Workshop ArqFilmFest 2024: Explorando las emociones de la arquitectura"},"content":{"rendered":"<p>Como parte de las actividades previas a su <strong>6ta edici\u00f3n<\/strong>, el <strong>Arquitectura Film Festival Santiago<\/strong>, <strong>ArqFilmFest<\/strong>, realiz\u00f3 un <strong>workshop<\/strong> \u00fanico que reuni\u00f3 a <strong>14 equipos de estudiantes de cine y arquitectura de la Universidad Mayor<\/strong>. Durante dos semanas alumnos de ambas disciplinas <strong>dialogaron para crear cortometrajes que exploraran las emociones del espacio urbano en el eje Portugal de Santiago, comprendido entre Santa Isabel, San Camilo, Alameda y Lira<\/strong>.<\/p>\n<p>El workshop, realizado entre el <strong>12 y el 23 de agosto en Sala K<\/strong>, busc\u00f3 fomentar la <strong>integraci\u00f3n, la interacci\u00f3n y el di\u00e1logo entre ambas disciplinas<\/strong>. Cada equipo recibi\u00f3 un tema espec\u00edfico relacionado con el<strong> uso del espacio urbano, la vida de los adultos mayores, la salud, el comercio, la vivienda y otros<\/strong>. A partir de estos temas, los estudiantes <strong>desarrollaron cortometrajes utilizando t\u00e9cnicas variadas, desde live action y stop motion hasta la edici\u00f3n digital con herramientas como Photoshop y SketchUp<\/strong>.<\/p>\n<p>&nbsp;<\/p>\n<h4>Exploraci\u00f3n creativa en el coraz\u00f3n de Santiago<\/h4>\n<hr \/>\n<p>Luego de tres d\u00edas de discusi\u00f3n te\u00f3rica y presentaciones de exploraciones previas sobre la relaci\u00f3n entre cine y arquitectura del equipo de ArqFilmFest, del cr\u00edtico de cine <strong>Christian Ram\u00edrez<\/strong>, de la realizadora <strong>Lorena Giachino<\/strong> (El Gran Circo Pobre de Timoteo, 2014, y La directiva, 2017) y del director de fotograf\u00eda <strong>Enrique Stand<\/strong> (JAAR, el lamento de las im\u00e1genes, 2017, y Zurita: Ver\u00e1s no ver, 2018) los estudiantes salieron a terreno.<\/p>\n<p>Desplegados en el eje Portugal capturaron la esencia de sus espacios, interactuando con la comunidad del entorno, <strong>como el grupo de adultas mayores que se re\u00fanen semanalmente para compartir experiencias, aportando una capa adicional de autenticidad y profundidad a sus cortometrajes.<\/strong><\/p>\n<p>El workshop concluy\u00f3 con una proyecci\u00f3n de los trabajos el 23 de agosto en la Sala K, donde los<strong> estudiantes presentaron sus obras ante sus pares y el equipo docente, demostrando su capacidad para combinar la arquitectura y el cine en una experiencia \u00fanica de narrativa visual.<\/strong><\/p>\n<p>&nbsp;<\/p>\n<h4>Sobre el Arquitectura Film Festival Santiago<\/h4>\n<hr \/>\n<p>El ArqFilmFest, el primer festival de cine y arquitectura de Chile y Latinoam\u00e9rica nacido en 2012,<strong> celebra su 6ta edici\u00f3n del 28 de noviembre al 7 de diciembre de 2024 en Sala K del Campus El Claustro de la Universidad Mayor (Portugal con Mar\u00edn) y la Cineteca Nacional de Chile del Centro Cultural Palacio La Moneda<\/strong>. Esta edici\u00f3n invita a explorar c\u00f3mo la arquitectura puede evocar recuerdos, ocultar historias o conectar a las personas con su entorno de manera significativa.<\/p>\n<p><strong>El festival cuenta con el financiamiento del Ministerio de las Culturas, las Artes y el Patrimonio a trav\u00e9s del Fondart regional, en la L\u00ednea de Organizaci\u00f3n de Muestras, Ferias, Encuentros y Festivales.<\/strong><\/p>\n<p>Para m\u00e1s informaci\u00f3n y c\u00f3mo participar, visita <a href=\"http:\/\/www.arqfilmfest.cl\"><strong>www.arqfilmfest.cl<\/strong><\/a><\/p>\n<p>&nbsp;<\/p>\n<p><\/p>","protected":false},"excerpt":{"rendered":"<p>Como parte de las actividades previas a su 6ta edici\u00f3n, el Arquitectura Film Festival Santiago, ArqFilmFest, realiz\u00f3 un workshop \u00fanico que reuni\u00f3 a 14 equipos de estudiantes de cine y arquitectura de la Universidad Mayor. Durante dos semanas alumnos de &hellip; <a class=\"more-link\" href=\"https:\/\/colegioarquitectos.com\/noticias\/?p=32265\">ver m\u00e1s<\/a><\/p>","protected":false},"author":4,"featured_media":32266,"comment_status":"closed","ping_status":"closed","sticky":false,"template":"","format":"standard","meta":{"footnotes":""},"categories":[3],"tags":[846,845,981],"class_list":["post-32265","post","type-post","status-publish","format-standard","has-post-thumbnail","hentry","category-noticias","tag-arqfilmfest","tag-arqfilmfest-2024","tag-workshop"],"yoast_head":"<!-- This site is optimized with the Yoast SEO plugin v24.2 - https:\/\/yoast.com\/wordpress\/plugins\/seo\/ -->\n<title>Workshop ArqFilmFest 2024: Explorando las emociones de la arquitectura - COLEGIO DE ARQUITECTOS DE CHILE<\/title>\n<meta name=\"robots\" content=\"index, follow, max-snippet:-1, max-image-preview:large, max-video-preview:-1\" \/>\n<link rel=\"canonical\" href=\"https:\/\/colegioarquitectos.com\/noticias\/?p=32265\" \/>\n<meta property=\"og:locale\" content=\"es_ES\" \/>\n<meta property=\"og:type\" content=\"article\" \/>\n<meta property=\"og:title\" content=\"Workshop ArqFilmFest 2024: Explorando las emociones de la arquitectura - COLEGIO DE ARQUITECTOS DE CHILE\" \/>\n<meta property=\"og:description\" content=\"Como parte de las actividades previas a su 6ta edici\u00f3n, el Arquitectura Film Festival Santiago, ArqFilmFest, realiz\u00f3 un workshop \u00fanico que reuni\u00f3 a 14 equipos de estudiantes de cine y arquitectura de la Universidad Mayor. Durante dos semanas alumnos de &hellip; ver m\u00e1s\" \/>\n<meta property=\"og:url\" content=\"https:\/\/colegioarquitectos.com\/noticias\/?p=32265\" \/>\n<meta property=\"og:site_name\" content=\"COLEGIO DE ARQUITECTOS DE CHILE\" \/>\n<meta property=\"article:publisher\" content=\"https:\/\/facebook.com\/Colegioarq\/\" \/>\n<meta property=\"article:published_time\" content=\"2024-09-02T15:07:28+00:00\" \/>\n<meta property=\"article:modified_time\" content=\"2024-09-06T15:23:43+00:00\" \/>\n<meta property=\"og:image\" content=\"https:\/\/colegioarquitectos.com\/noticias\/wp-content\/uploads\/2024\/09\/ENCABEZADO-ARQ.png\" \/>\n\t<meta property=\"og:image:width\" content=\"1280\" \/>\n\t<meta property=\"og:image:height\" content=\"720\" \/>\n\t<meta property=\"og:image:type\" content=\"image\/png\" \/>\n<meta name=\"author\" content=\"Colegio de Arquitectos de Chile\" \/>\n<meta name=\"twitter:card\" content=\"summary_large_image\" \/>\n<meta name=\"twitter:creator\" content=\"@colegioarq\" \/>\n<meta name=\"twitter:site\" content=\"@colegioarq\" \/>\n<meta name=\"twitter:label1\" content=\"Escrito por\" \/>\n\t<meta name=\"twitter:data1\" content=\"Colegio de Arquitectos de Chile\" \/>\n\t<meta name=\"twitter:label2\" content=\"Tiempo de lectura\" \/>\n\t<meta name=\"twitter:data2\" content=\"2 minutos\" \/>\n<script type=\"application\/ld+json\" class=\"yoast-schema-graph\">{\"@context\":\"https:\/\/schema.org\",\"@graph\":[{\"@type\":\"Article\",\"@id\":\"https:\/\/colegioarquitectos.com\/noticias\/?p=32265#article\",\"isPartOf\":{\"@id\":\"https:\/\/colegioarquitectos.com\/noticias\/?p=32265\"},\"author\":{\"name\":\"Colegio de Arquitectos de Chile\",\"@id\":\"https:\/\/colegioarquitectos.com\/noticias\/#\/schema\/person\/685cc0aad148303c5608f049af8285ad\"},\"headline\":\"Workshop ArqFilmFest 2024: Explorando las emociones de la arquitectura\",\"datePublished\":\"2024-09-02T15:07:28+00:00\",\"dateModified\":\"2024-09-06T15:23:43+00:00\",\"mainEntityOfPage\":{\"@id\":\"https:\/\/colegioarquitectos.com\/noticias\/?p=32265\"},\"wordCount\":472,\"publisher\":{\"@id\":\"https:\/\/colegioarquitectos.com\/noticias\/#organization\"},\"image\":{\"@id\":\"https:\/\/colegioarquitectos.com\/noticias\/?p=32265#primaryimage\"},\"thumbnailUrl\":\"https:\/\/colegioarquitectos.com\/noticias\/wp-content\/uploads\/2024\/09\/ENCABEZADO-ARQ.png\",\"keywords\":[\"ArqFilmFest\",\"ArqFilmFest 2024\",\"Workshop\"],\"articleSection\":[\"Noticias\"],\"inLanguage\":\"es\"},{\"@type\":\"WebPage\",\"@id\":\"https:\/\/colegioarquitectos.com\/noticias\/?p=32265\",\"url\":\"https:\/\/colegioarquitectos.com\/noticias\/?p=32265\",\"name\":\"Workshop ArqFilmFest 2024: Explorando las emociones de la arquitectura - COLEGIO DE ARQUITECTOS DE CHILE\",\"isPartOf\":{\"@id\":\"https:\/\/colegioarquitectos.com\/noticias\/#website\"},\"primaryImageOfPage\":{\"@id\":\"https:\/\/colegioarquitectos.com\/noticias\/?p=32265#primaryimage\"},\"image\":{\"@id\":\"https:\/\/colegioarquitectos.com\/noticias\/?p=32265#primaryimage\"},\"thumbnailUrl\":\"https:\/\/colegioarquitectos.com\/noticias\/wp-content\/uploads\/2024\/09\/ENCABEZADO-ARQ.png\",\"datePublished\":\"2024-09-02T15:07:28+00:00\",\"dateModified\":\"2024-09-06T15:23:43+00:00\",\"breadcrumb\":{\"@id\":\"https:\/\/colegioarquitectos.com\/noticias\/?p=32265#breadcrumb\"},\"inLanguage\":\"es\",\"potentialAction\":[{\"@type\":\"ReadAction\",\"target\":[\"https:\/\/colegioarquitectos.com\/noticias\/?p=32265\"]}]},{\"@type\":\"ImageObject\",\"inLanguage\":\"es\",\"@id\":\"https:\/\/colegioarquitectos.com\/noticias\/?p=32265#primaryimage\",\"url\":\"https:\/\/colegioarquitectos.com\/noticias\/wp-content\/uploads\/2024\/09\/ENCABEZADO-ARQ.png\",\"contentUrl\":\"https:\/\/colegioarquitectos.com\/noticias\/wp-content\/uploads\/2024\/09\/ENCABEZADO-ARQ.png\",\"width\":1280,\"height\":720},{\"@type\":\"BreadcrumbList\",\"@id\":\"https:\/\/colegioarquitectos.com\/noticias\/?p=32265#breadcrumb\",\"itemListElement\":[{\"@type\":\"ListItem\",\"position\":1,\"name\":\"Portada\",\"item\":\"https:\/\/colegioarquitectos.com\/noticias\"},{\"@type\":\"ListItem\",\"position\":2,\"name\":\"Workshop ArqFilmFest 2024: Explorando las emociones de la arquitectura\"}]},{\"@type\":\"WebSite\",\"@id\":\"https:\/\/colegioarquitectos.com\/noticias\/#website\",\"url\":\"https:\/\/colegioarquitectos.com\/noticias\/\",\"name\":\"COLEGIO DE ARQUITECTOS DE CHILE\",\"description\":\"\",\"publisher\":{\"@id\":\"https:\/\/colegioarquitectos.com\/noticias\/#organization\"},\"potentialAction\":[{\"@type\":\"SearchAction\",\"target\":{\"@type\":\"EntryPoint\",\"urlTemplate\":\"https:\/\/colegioarquitectos.com\/noticias\/?s={search_term_string}\"},\"query-input\":{\"@type\":\"PropertyValueSpecification\",\"valueRequired\":true,\"valueName\":\"search_term_string\"}}],\"inLanguage\":\"es\"},{\"@type\":\"Organization\",\"@id\":\"https:\/\/colegioarquitectos.com\/noticias\/#organization\",\"name\":\"COLEGIO DE ARQUITECTOS DE CHILE\",\"url\":\"https:\/\/colegioarquitectos.com\/noticias\/\",\"logo\":{\"@type\":\"ImageObject\",\"inLanguage\":\"es\",\"@id\":\"https:\/\/colegioarquitectos.com\/noticias\/#\/schema\/logo\/image\/\",\"url\":\"https:\/\/colegioarquitectos.com\/noticias\/wp-content\/uploads\/2021\/05\/ENCABEZADO-LOGO-CA.jpg\",\"contentUrl\":\"https:\/\/colegioarquitectos.com\/noticias\/wp-content\/uploads\/2021\/05\/ENCABEZADO-LOGO-CA.jpg\",\"width\":690,\"height\":350,\"caption\":\"COLEGIO DE ARQUITECTOS DE CHILE\"},\"image\":{\"@id\":\"https:\/\/colegioarquitectos.com\/noticias\/#\/schema\/logo\/image\/\"},\"sameAs\":[\"https:\/\/facebook.com\/Colegioarq\/\",\"https:\/\/x.com\/colegioarq\",\"https:\/\/instagram.com\/colegioarq\",\"https:\/\/youtube.com\/@ColegiodeArquitectosdeChile\"]},{\"@type\":\"Person\",\"@id\":\"https:\/\/colegioarquitectos.com\/noticias\/#\/schema\/person\/685cc0aad148303c5608f049af8285ad\",\"name\":\"Colegio de Arquitectos de Chile\",\"url\":\"https:\/\/colegioarquitectos.com\/noticias\/?author=4\"}]}<\/script>\n<!-- \/ Yoast SEO plugin. -->","yoast_head_json":{"title":"Workshop ArqFilmFest 2024: Explorando las emociones de la arquitectura - COLEGIO DE ARQUITECTOS DE CHILE","robots":{"index":"index","follow":"follow","max-snippet":"max-snippet:-1","max-image-preview":"max-image-preview:large","max-video-preview":"max-video-preview:-1"},"canonical":"https:\/\/colegioarquitectos.com\/noticias\/?p=32265","og_locale":"es_ES","og_type":"article","og_title":"Workshop ArqFilmFest 2024: Explorando las emociones de la arquitectura - COLEGIO DE ARQUITECTOS DE CHILE","og_description":"Como parte de las actividades previas a su 6ta edici\u00f3n, el Arquitectura Film Festival Santiago, ArqFilmFest, realiz\u00f3 un workshop \u00fanico que reuni\u00f3 a 14 equipos de estudiantes de cine y arquitectura de la Universidad Mayor. Durante dos semanas alumnos de &hellip; ver m\u00e1s","og_url":"https:\/\/colegioarquitectos.com\/noticias\/?p=32265","og_site_name":"COLEGIO DE ARQUITECTOS DE CHILE","article_publisher":"https:\/\/facebook.com\/Colegioarq\/","article_published_time":"2024-09-02T15:07:28+00:00","article_modified_time":"2024-09-06T15:23:43+00:00","og_image":[{"width":1280,"height":720,"url":"https:\/\/colegioarquitectos.com\/noticias\/wp-content\/uploads\/2024\/09\/ENCABEZADO-ARQ.png","type":"image\/png"}],"author":"Colegio de Arquitectos de Chile","twitter_card":"summary_large_image","twitter_creator":"@colegioarq","twitter_site":"@colegioarq","twitter_misc":{"Escrito por":"Colegio de Arquitectos de Chile","Tiempo de lectura":"2 minutos"},"schema":{"@context":"https:\/\/schema.org","@graph":[{"@type":"Article","@id":"https:\/\/colegioarquitectos.com\/noticias\/?p=32265#article","isPartOf":{"@id":"https:\/\/colegioarquitectos.com\/noticias\/?p=32265"},"author":{"name":"Colegio de Arquitectos de Chile","@id":"https:\/\/colegioarquitectos.com\/noticias\/#\/schema\/person\/685cc0aad148303c5608f049af8285ad"},"headline":"Workshop ArqFilmFest 2024: Explorando las emociones de la arquitectura","datePublished":"2024-09-02T15:07:28+00:00","dateModified":"2024-09-06T15:23:43+00:00","mainEntityOfPage":{"@id":"https:\/\/colegioarquitectos.com\/noticias\/?p=32265"},"wordCount":472,"publisher":{"@id":"https:\/\/colegioarquitectos.com\/noticias\/#organization"},"image":{"@id":"https:\/\/colegioarquitectos.com\/noticias\/?p=32265#primaryimage"},"thumbnailUrl":"https:\/\/colegioarquitectos.com\/noticias\/wp-content\/uploads\/2024\/09\/ENCABEZADO-ARQ.png","keywords":["ArqFilmFest","ArqFilmFest 2024","Workshop"],"articleSection":["Noticias"],"inLanguage":"es"},{"@type":"WebPage","@id":"https:\/\/colegioarquitectos.com\/noticias\/?p=32265","url":"https:\/\/colegioarquitectos.com\/noticias\/?p=32265","name":"Workshop ArqFilmFest 2024: Explorando las emociones de la arquitectura - COLEGIO DE ARQUITECTOS DE CHILE","isPartOf":{"@id":"https:\/\/colegioarquitectos.com\/noticias\/#website"},"primaryImageOfPage":{"@id":"https:\/\/colegioarquitectos.com\/noticias\/?p=32265#primaryimage"},"image":{"@id":"https:\/\/colegioarquitectos.com\/noticias\/?p=32265#primaryimage"},"thumbnailUrl":"https:\/\/colegioarquitectos.com\/noticias\/wp-content\/uploads\/2024\/09\/ENCABEZADO-ARQ.png","datePublished":"2024-09-02T15:07:28+00:00","dateModified":"2024-09-06T15:23:43+00:00","breadcrumb":{"@id":"https:\/\/colegioarquitectos.com\/noticias\/?p=32265#breadcrumb"},"inLanguage":"es","potentialAction":[{"@type":"ReadAction","target":["https:\/\/colegioarquitectos.com\/noticias\/?p=32265"]}]},{"@type":"ImageObject","inLanguage":"es","@id":"https:\/\/colegioarquitectos.com\/noticias\/?p=32265#primaryimage","url":"https:\/\/colegioarquitectos.com\/noticias\/wp-content\/uploads\/2024\/09\/ENCABEZADO-ARQ.png","contentUrl":"https:\/\/colegioarquitectos.com\/noticias\/wp-content\/uploads\/2024\/09\/ENCABEZADO-ARQ.png","width":1280,"height":720},{"@type":"BreadcrumbList","@id":"https:\/\/colegioarquitectos.com\/noticias\/?p=32265#breadcrumb","itemListElement":[{"@type":"ListItem","position":1,"name":"Portada","item":"https:\/\/colegioarquitectos.com\/noticias"},{"@type":"ListItem","position":2,"name":"Workshop ArqFilmFest 2024: Explorando las emociones de la arquitectura"}]},{"@type":"WebSite","@id":"https:\/\/colegioarquitectos.com\/noticias\/#website","url":"https:\/\/colegioarquitectos.com\/noticias\/","name":"COLEGIO DE ARQUITECTOS DE CHILE","description":"","publisher":{"@id":"https:\/\/colegioarquitectos.com\/noticias\/#organization"},"potentialAction":[{"@type":"SearchAction","target":{"@type":"EntryPoint","urlTemplate":"https:\/\/colegioarquitectos.com\/noticias\/?s={search_term_string}"},"query-input":{"@type":"PropertyValueSpecification","valueRequired":true,"valueName":"search_term_string"}}],"inLanguage":"es"},{"@type":"Organization","@id":"https:\/\/colegioarquitectos.com\/noticias\/#organization","name":"COLEGIO DE ARQUITECTOS DE CHILE","url":"https:\/\/colegioarquitectos.com\/noticias\/","logo":{"@type":"ImageObject","inLanguage":"es","@id":"https:\/\/colegioarquitectos.com\/noticias\/#\/schema\/logo\/image\/","url":"https:\/\/colegioarquitectos.com\/noticias\/wp-content\/uploads\/2021\/05\/ENCABEZADO-LOGO-CA.jpg","contentUrl":"https:\/\/colegioarquitectos.com\/noticias\/wp-content\/uploads\/2021\/05\/ENCABEZADO-LOGO-CA.jpg","width":690,"height":350,"caption":"COLEGIO DE ARQUITECTOS DE CHILE"},"image":{"@id":"https:\/\/colegioarquitectos.com\/noticias\/#\/schema\/logo\/image\/"},"sameAs":["https:\/\/facebook.com\/Colegioarq\/","https:\/\/x.com\/colegioarq","https:\/\/instagram.com\/colegioarq","https:\/\/youtube.com\/@ColegiodeArquitectosdeChile"]},{"@type":"Person","@id":"https:\/\/colegioarquitectos.com\/noticias\/#\/schema\/person\/685cc0aad148303c5608f049af8285ad","name":"Colegio de Arquitectos de Chile","url":"https:\/\/colegioarquitectos.com\/noticias\/?author=4"}]}},"_links":{"self":[{"href":"https:\/\/colegioarquitectos.com\/noticias\/index.php?rest_route=\/wp\/v2\/posts\/32265","targetHints":{"allow":["GET"]}}],"collection":[{"href":"https:\/\/colegioarquitectos.com\/noticias\/index.php?rest_route=\/wp\/v2\/posts"}],"about":[{"href":"https:\/\/colegioarquitectos.com\/noticias\/index.php?rest_route=\/wp\/v2\/types\/post"}],"author":[{"embeddable":true,"href":"https:\/\/colegioarquitectos.com\/noticias\/index.php?rest_route=\/wp\/v2\/users\/4"}],"replies":[{"embeddable":true,"href":"https:\/\/colegioarquitectos.com\/noticias\/index.php?rest_route=%2Fwp%2Fv2%2Fcomments&post=32265"}],"version-history":[{"count":0,"href":"https:\/\/colegioarquitectos.com\/noticias\/index.php?rest_route=\/wp\/v2\/posts\/32265\/revisions"}],"wp:featuredmedia":[{"embeddable":true,"href":"https:\/\/colegioarquitectos.com\/noticias\/index.php?rest_route=\/wp\/v2\/media\/32266"}],"wp:attachment":[{"href":"https:\/\/colegioarquitectos.com\/noticias\/index.php?rest_route=%2Fwp%2Fv2%2Fmedia&parent=32265"}],"wp:term":[{"taxonomy":"category","embeddable":true,"href":"https:\/\/colegioarquitectos.com\/noticias\/index.php?rest_route=%2Fwp%2Fv2%2Fcategories&post=32265"},{"taxonomy":"post_tag","embeddable":true,"href":"https:\/\/colegioarquitectos.com\/noticias\/index.php?rest_route=%2Fwp%2Fv2%2Ftags&post=32265"}],"curies":[{"name":"wp","href":"https:\/\/api.w.org\/{rel}","templated":true}]}}