
{"id":32414,"date":"2024-09-24T09:50:46","date_gmt":"2024-09-24T13:50:46","guid":{"rendered":"https:\/\/colegioarquitectos.com\/?p=32414"},"modified":"2024-11-05T16:19:03","modified_gmt":"2024-11-05T20:19:03","slug":"concurso-de-ideas-para-el-pabellon-de-chile-en-la-19a-bienal-de-arquitectura-de-venecia","status":"publish","type":"post","link":"https:\/\/colegioarquitectos.com\/noticias\/?p=32414","title":{"rendered":"[Convocatoria cerrada] Concurso de ideas para el Pabell\u00f3n de Chile en la 19\u00aa Bienal de Arquitectura de Venecia"},"content":{"rendered":"<p>El Ministerio de las Culturas, las Artes y el Patrimonio, a trav\u00e9s de su \u00c1rea de Arquitectura, inici\u00f3 la apertura del\u00a0<strong>concurso de ideas para el Pabell\u00f3n de Chile en la 19\u00aa Bienal de Arquitectura de Venecia<\/strong>, evento internacional que se realizar\u00e1 en Italia entre el 10 de mayo al 23 de noviembre del 2025. El pabell\u00f3n nacional volver\u00e1 a utilizar la sala dell\u2019Isolotto del Arsenale que ha sido recientemente restaurada, gracias a la colaboraci\u00f3n conjunta entre el Ministerio de las Culturas, las Artes y el Patrimonio y el Ministerio de Relaciones Exteriores.<\/p>\n<p>A trav\u00e9s de esta convocatoria, se busca seleccionar una propuesta curatorial que representar\u00e1 a Chile en esta importante bienal internacional. El concurso busca elegir una propuesta que est\u00e9 no s\u00f3lo en sinton\u00eda con los enfoques curatoriales contempor\u00e1neos, sino que responda en forma original y creativa a la\u00a0<a class=\"rspkr_dr_added\" href=\"https:\/\/www.fondosdecultura.cl\/wp-content\/uploads\/2024\/09\/3.-Tematica-Biennale-Architettura-2025.pdf\" target=\"_blank\" rel=\"noopener\">tem\u00e1tica de la pr\u00f3xima Bienal:\u00a0<em>Inteligencias, natural, artificial, colectiva<\/em>.<\/a><\/p>\n<p>Quien gane este concurso celebrar\u00e1 un convenio de transferencia de recursos para la ejecuci\u00f3n del respectivo proyecto curatorial por un monto de $38.000.000, como presupuesto \u00fanico para transferir para el desarrollo del proyecto curatorial y proyecto avanzado de propuesta arquitect\u00f3nica, as\u00ed como para el desarrollo de todos los aspectos expositivos, editoriales, gr\u00e1ficos o visuales contenidos en la propuesta seleccionada.<\/p>\n<p>Por otra parte, el presupuesto m\u00e1ximo con que cuenta el \u00c1rea de Arquitectura de la Subsecretar\u00eda de las Culturas para financiar todos los gastos de producci\u00f3n de obra, traslados de carga, ejecuci\u00f3n, montajes y desmontajes de la muestra en Venecia, asi\u0301 como para la impresi\u00f3n del cat\u00e1logo y\/o piezas gr\u00e1ficas y su traslado a Venecia sera\u0301 de $150.000.000. Se deja constancia que este monto esta\u0301 sujeto a la disponibilidad presupuestaria de la Subsecretar\u00eda para el a\u00f1o 2025.<\/p>\n<p>Por \u00faltimo, el presupuesto m\u00e1ximo con que cuenta la Subsecretar\u00eda para financiar todos los gastos de la adaptaci\u00f3n y remontaje de la exposici\u00f3n en Chile ser\u00e1 de $50.000.000, monto que corresponde al a\u00f1o 2025, el cual se encuentra sujeto a disponibilidad presupuestaria, ya que a\u00fan no se encuentra aprobada la ley de presupuesto de dicho a\u00f1o.<\/p>\n<p>Se entregar\u00e1n, adem\u00e1s, los siguientes premios como reconocimiento por el trabajo realizado para la entrega del concurso: un primer premio de $2.500.000, un segundo premio de $1.500.000, un tercer premio de $1.000.000, y dos menciones honrosas de $500.000.-<\/p>\n<p>Este concurso est\u00e1 dirigido a arquitectos y arquitectas de nacionalidad chilena, y a extranjeros y extranjeras con c\u00e9dula de identidad otorgada por el Servicio de Registro Civil e Identificaci\u00f3n de Chile. Quienes participen deben ser mayores de 18 a\u00f1os, con experiencia en proyectos curatoriales, editoriales, de investigaci\u00f3n o expositivos.<\/p>\n<p>La primera etapa de este concurso estar\u00e1 abierta entre el 16 de septiembre y el 4 de noviembre de 2024. Quienes se interesen podr\u00e1n realizar sus postulaciones en formato digital, seg\u00fan consta en las bases disponibles en este sitio web.<\/p>\n<p>&nbsp;<\/p>\n<h4>Descarga<\/h4>\n<hr \/>\n<ul>\n<li><strong><a class=\"rspkr_dr_added\" href=\"https:\/\/www.fondosdecultura.cl\/wp-content\/uploads\/2024\/09\/1a.-Bases-concurso-de-ideas-Pabellon-de-Chile-en-la-19-Bienal-de-Arquitectura-de-Venecia.pdf\" target=\"_blank\" rel=\"noopener\">Bases concurso de ideas Pabello\u0301n de Chile en la 19\u00aa Bienal de Arquitectura de Venecia<\/a><\/strong><\/li>\n<li><strong><a class=\"rspkr_dr_added\" href=\"https:\/\/www.fondosdecultura.cl\/wp-content\/uploads\/2024\/09\/3.-Tematica-Biennale-Architettura-2025.pdf\" target=\"_blank\" rel=\"noopener\">Tema\u0301tica Biennale Architettura 2025<\/a><\/strong><\/li>\n<li><strong><a href=\"https:\/\/www.fondosdecultura.cl\/wp-content\/uploads\/2024\/09\/4.-Planos-Isolotto.zip\">Planos Isolotto<\/a><\/strong><\/li>\n<li><strong><a class=\"rspkr_dr_added\" href=\"https:\/\/www.fondosdecultura.cl\/wp-content\/uploads\/2024\/09\/5.-Anexo.-Autorizacion-de-uso-de-obra.docx\">Anexo \u2013 Autorizacio\u0301n de uso de obra<\/a><\/strong><\/li>\n<li><strong><a class=\"rspkr_dr_added\" href=\"https:\/\/www.fondosdecultura.cl\/wp-content\/uploads\/2024\/09\/1b.-Rex-Bases-concurso-de-ideas-Pabellon-de-Chile-en-la-19-Bienal-de-Arquitectura-de-Venecia.pdf\" target=\"_blank\" rel=\"noopener\">Rex N\u00b0 2449 aprueba bases del concurso<\/a><\/strong><\/li>\n<\/ul>\n<p><\/p>","protected":false},"excerpt":{"rendered":"<p>El Ministerio de las Culturas, las Artes y el Patrimonio, a trav\u00e9s de su \u00c1rea de Arquitectura, inici\u00f3 la apertura del\u00a0concurso de ideas para el Pabell\u00f3n de Chile en la 19\u00aa Bienal de Arquitectura de Venecia, evento internacional que se &hellip; <a class=\"more-link\" href=\"https:\/\/colegioarquitectos.com\/noticias\/?p=32414\">ver m\u00e1s<\/a><\/p>","protected":false},"author":4,"featured_media":32415,"comment_status":"closed","ping_status":"closed","sticky":false,"template":"","format":"standard","meta":{"footnotes":""},"categories":[11,3],"tags":[1000,232,999,119,236,998],"class_list":["post-32414","post","type-post","status-publish","format-standard","has-post-thumbnail","hentry","category-concursos","category-noticias","tag-bienal-de-arquitectura-de-venecia","tag-bienal-de-venecia","tag-bienal-de-venecia-2025","tag-chile","tag-pabellon-de-chile","tag-venecia"],"yoast_head":"<!-- This site is optimized with the Yoast SEO plugin v24.2 - https:\/\/yoast.com\/wordpress\/plugins\/seo\/ -->\n<title>[Convocatoria cerrada] Concurso de ideas para el Pabell\u00f3n de Chile en la 19\u00aa Bienal de Arquitectura de Venecia - COLEGIO DE ARQUITECTOS DE CHILE<\/title>\n<meta name=\"robots\" content=\"index, follow, max-snippet:-1, max-image-preview:large, max-video-preview:-1\" \/>\n<link rel=\"canonical\" href=\"https:\/\/colegioarquitectos.com\/noticias\/?p=32414\" \/>\n<meta property=\"og:locale\" content=\"es_ES\" \/>\n<meta property=\"og:type\" content=\"article\" \/>\n<meta property=\"og:title\" content=\"[Convocatoria cerrada] Concurso de ideas para el Pabell\u00f3n de Chile en la 19\u00aa Bienal de Arquitectura de Venecia - COLEGIO DE ARQUITECTOS DE CHILE\" \/>\n<meta property=\"og:description\" content=\"El Ministerio de las Culturas, las Artes y el Patrimonio, a trav\u00e9s de su \u00c1rea de Arquitectura, inici\u00f3 la apertura del\u00a0concurso de ideas para el Pabell\u00f3n de Chile en la 19\u00aa Bienal de Arquitectura de Venecia, evento internacional que se &hellip; ver m\u00e1s\" \/>\n<meta property=\"og:url\" content=\"https:\/\/colegioarquitectos.com\/noticias\/?p=32414\" \/>\n<meta property=\"og:site_name\" content=\"COLEGIO DE ARQUITECTOS DE CHILE\" \/>\n<meta property=\"article:publisher\" content=\"https:\/\/facebook.com\/Colegioarq\/\" \/>\n<meta property=\"article:published_time\" content=\"2024-09-24T13:50:46+00:00\" \/>\n<meta property=\"article:modified_time\" content=\"2024-11-05T20:19:03+00:00\" \/>\n<meta property=\"og:image\" content=\"https:\/\/colegioarquitectos.com\/noticias\/wp-content\/uploads\/2024\/09\/ENCABEZADO-1.png\" \/>\n\t<meta property=\"og:image:width\" content=\"1280\" \/>\n\t<meta property=\"og:image:height\" content=\"720\" \/>\n\t<meta property=\"og:image:type\" content=\"image\/png\" \/>\n<meta name=\"author\" content=\"Colegio de Arquitectos de Chile\" \/>\n<meta name=\"twitter:card\" content=\"summary_large_image\" \/>\n<meta name=\"twitter:creator\" content=\"@colegioarq\" \/>\n<meta name=\"twitter:site\" content=\"@colegioarq\" \/>\n<meta name=\"twitter:label1\" content=\"Escrito por\" \/>\n\t<meta name=\"twitter:data1\" content=\"Colegio de Arquitectos de Chile\" \/>\n\t<meta name=\"twitter:label2\" content=\"Tiempo de lectura\" \/>\n\t<meta name=\"twitter:data2\" content=\"3 minutos\" \/>\n<script type=\"application\/ld+json\" class=\"yoast-schema-graph\">{\"@context\":\"https:\/\/schema.org\",\"@graph\":[{\"@type\":\"Article\",\"@id\":\"https:\/\/colegioarquitectos.com\/noticias\/?p=32414#article\",\"isPartOf\":{\"@id\":\"https:\/\/colegioarquitectos.com\/noticias\/?p=32414\"},\"author\":{\"name\":\"Colegio de Arquitectos de Chile\",\"@id\":\"https:\/\/colegioarquitectos.com\/noticias\/#\/schema\/person\/685cc0aad148303c5608f049af8285ad\"},\"headline\":\"[Convocatoria cerrada] Concurso de ideas para el Pabell\u00f3n de Chile en la 19\u00aa Bienal de Arquitectura de Venecia\",\"datePublished\":\"2024-09-24T13:50:46+00:00\",\"dateModified\":\"2024-11-05T20:19:03+00:00\",\"mainEntityOfPage\":{\"@id\":\"https:\/\/colegioarquitectos.com\/noticias\/?p=32414\"},\"wordCount\":545,\"publisher\":{\"@id\":\"https:\/\/colegioarquitectos.com\/noticias\/#organization\"},\"image\":{\"@id\":\"https:\/\/colegioarquitectos.com\/noticias\/?p=32414#primaryimage\"},\"thumbnailUrl\":\"https:\/\/colegioarquitectos.com\/noticias\/wp-content\/uploads\/2024\/09\/ENCABEZADO-1.png\",\"keywords\":[\"Bienal de Arquitectura de Venecia\",\"Bienal de Venecia\",\"Bienal de Venecia 2025\",\"Chile\",\"Pabell\u00f3n de Chile\",\"Venecia\"],\"articleSection\":[\"Concursos\",\"Noticias\"],\"inLanguage\":\"es\"},{\"@type\":\"WebPage\",\"@id\":\"https:\/\/colegioarquitectos.com\/noticias\/?p=32414\",\"url\":\"https:\/\/colegioarquitectos.com\/noticias\/?p=32414\",\"name\":\"[Convocatoria cerrada] Concurso de ideas para el Pabell\u00f3n de Chile en la 19\u00aa Bienal de Arquitectura de Venecia - COLEGIO DE ARQUITECTOS DE CHILE\",\"isPartOf\":{\"@id\":\"https:\/\/colegioarquitectos.com\/noticias\/#website\"},\"primaryImageOfPage\":{\"@id\":\"https:\/\/colegioarquitectos.com\/noticias\/?p=32414#primaryimage\"},\"image\":{\"@id\":\"https:\/\/colegioarquitectos.com\/noticias\/?p=32414#primaryimage\"},\"thumbnailUrl\":\"https:\/\/colegioarquitectos.com\/noticias\/wp-content\/uploads\/2024\/09\/ENCABEZADO-1.png\",\"datePublished\":\"2024-09-24T13:50:46+00:00\",\"dateModified\":\"2024-11-05T20:19:03+00:00\",\"breadcrumb\":{\"@id\":\"https:\/\/colegioarquitectos.com\/noticias\/?p=32414#breadcrumb\"},\"inLanguage\":\"es\",\"potentialAction\":[{\"@type\":\"ReadAction\",\"target\":[\"https:\/\/colegioarquitectos.com\/noticias\/?p=32414\"]}]},{\"@type\":\"ImageObject\",\"inLanguage\":\"es\",\"@id\":\"https:\/\/colegioarquitectos.com\/noticias\/?p=32414#primaryimage\",\"url\":\"https:\/\/colegioarquitectos.com\/noticias\/wp-content\/uploads\/2024\/09\/ENCABEZADO-1.png\",\"contentUrl\":\"https:\/\/colegioarquitectos.com\/noticias\/wp-content\/uploads\/2024\/09\/ENCABEZADO-1.png\",\"width\":1280,\"height\":720},{\"@type\":\"BreadcrumbList\",\"@id\":\"https:\/\/colegioarquitectos.com\/noticias\/?p=32414#breadcrumb\",\"itemListElement\":[{\"@type\":\"ListItem\",\"position\":1,\"name\":\"Portada\",\"item\":\"https:\/\/colegioarquitectos.com\/noticias\"},{\"@type\":\"ListItem\",\"position\":2,\"name\":\"[Convocatoria cerrada] Concurso de ideas para el Pabell\u00f3n de Chile en la 19\u00aa Bienal de Arquitectura de Venecia\"}]},{\"@type\":\"WebSite\",\"@id\":\"https:\/\/colegioarquitectos.com\/noticias\/#website\",\"url\":\"https:\/\/colegioarquitectos.com\/noticias\/\",\"name\":\"COLEGIO DE ARQUITECTOS DE CHILE\",\"description\":\"\",\"publisher\":{\"@id\":\"https:\/\/colegioarquitectos.com\/noticias\/#organization\"},\"potentialAction\":[{\"@type\":\"SearchAction\",\"target\":{\"@type\":\"EntryPoint\",\"urlTemplate\":\"https:\/\/colegioarquitectos.com\/noticias\/?s={search_term_string}\"},\"query-input\":{\"@type\":\"PropertyValueSpecification\",\"valueRequired\":true,\"valueName\":\"search_term_string\"}}],\"inLanguage\":\"es\"},{\"@type\":\"Organization\",\"@id\":\"https:\/\/colegioarquitectos.com\/noticias\/#organization\",\"name\":\"COLEGIO DE ARQUITECTOS DE CHILE\",\"url\":\"https:\/\/colegioarquitectos.com\/noticias\/\",\"logo\":{\"@type\":\"ImageObject\",\"inLanguage\":\"es\",\"@id\":\"https:\/\/colegioarquitectos.com\/noticias\/#\/schema\/logo\/image\/\",\"url\":\"https:\/\/colegioarquitectos.com\/noticias\/wp-content\/uploads\/2021\/05\/ENCABEZADO-LOGO-CA.jpg\",\"contentUrl\":\"https:\/\/colegioarquitectos.com\/noticias\/wp-content\/uploads\/2021\/05\/ENCABEZADO-LOGO-CA.jpg\",\"width\":690,\"height\":350,\"caption\":\"COLEGIO DE ARQUITECTOS DE CHILE\"},\"image\":{\"@id\":\"https:\/\/colegioarquitectos.com\/noticias\/#\/schema\/logo\/image\/\"},\"sameAs\":[\"https:\/\/facebook.com\/Colegioarq\/\",\"https:\/\/x.com\/colegioarq\",\"https:\/\/instagram.com\/colegioarq\",\"https:\/\/youtube.com\/@ColegiodeArquitectosdeChile\"]},{\"@type\":\"Person\",\"@id\":\"https:\/\/colegioarquitectos.com\/noticias\/#\/schema\/person\/685cc0aad148303c5608f049af8285ad\",\"name\":\"Colegio de Arquitectos de Chile\",\"url\":\"https:\/\/colegioarquitectos.com\/noticias\/?author=4\"}]}<\/script>\n<!-- \/ Yoast SEO plugin. -->","yoast_head_json":{"title":"[Convocatoria cerrada] Concurso de ideas para el Pabell\u00f3n de Chile en la 19\u00aa Bienal de Arquitectura de Venecia - COLEGIO DE ARQUITECTOS DE CHILE","robots":{"index":"index","follow":"follow","max-snippet":"max-snippet:-1","max-image-preview":"max-image-preview:large","max-video-preview":"max-video-preview:-1"},"canonical":"https:\/\/colegioarquitectos.com\/noticias\/?p=32414","og_locale":"es_ES","og_type":"article","og_title":"[Convocatoria cerrada] Concurso de ideas para el Pabell\u00f3n de Chile en la 19\u00aa Bienal de Arquitectura de Venecia - COLEGIO DE ARQUITECTOS DE CHILE","og_description":"El Ministerio de las Culturas, las Artes y el Patrimonio, a trav\u00e9s de su \u00c1rea de Arquitectura, inici\u00f3 la apertura del\u00a0concurso de ideas para el Pabell\u00f3n de Chile en la 19\u00aa Bienal de Arquitectura de Venecia, evento internacional que se &hellip; ver m\u00e1s","og_url":"https:\/\/colegioarquitectos.com\/noticias\/?p=32414","og_site_name":"COLEGIO DE ARQUITECTOS DE CHILE","article_publisher":"https:\/\/facebook.com\/Colegioarq\/","article_published_time":"2024-09-24T13:50:46+00:00","article_modified_time":"2024-11-05T20:19:03+00:00","og_image":[{"width":1280,"height":720,"url":"https:\/\/colegioarquitectos.com\/noticias\/wp-content\/uploads\/2024\/09\/ENCABEZADO-1.png","type":"image\/png"}],"author":"Colegio de Arquitectos de Chile","twitter_card":"summary_large_image","twitter_creator":"@colegioarq","twitter_site":"@colegioarq","twitter_misc":{"Escrito por":"Colegio de Arquitectos de Chile","Tiempo de lectura":"3 minutos"},"schema":{"@context":"https:\/\/schema.org","@graph":[{"@type":"Article","@id":"https:\/\/colegioarquitectos.com\/noticias\/?p=32414#article","isPartOf":{"@id":"https:\/\/colegioarquitectos.com\/noticias\/?p=32414"},"author":{"name":"Colegio de Arquitectos de Chile","@id":"https:\/\/colegioarquitectos.com\/noticias\/#\/schema\/person\/685cc0aad148303c5608f049af8285ad"},"headline":"[Convocatoria cerrada] Concurso de ideas para el Pabell\u00f3n de Chile en la 19\u00aa Bienal de Arquitectura de Venecia","datePublished":"2024-09-24T13:50:46+00:00","dateModified":"2024-11-05T20:19:03+00:00","mainEntityOfPage":{"@id":"https:\/\/colegioarquitectos.com\/noticias\/?p=32414"},"wordCount":545,"publisher":{"@id":"https:\/\/colegioarquitectos.com\/noticias\/#organization"},"image":{"@id":"https:\/\/colegioarquitectos.com\/noticias\/?p=32414#primaryimage"},"thumbnailUrl":"https:\/\/colegioarquitectos.com\/noticias\/wp-content\/uploads\/2024\/09\/ENCABEZADO-1.png","keywords":["Bienal de Arquitectura de Venecia","Bienal de Venecia","Bienal de Venecia 2025","Chile","Pabell\u00f3n de Chile","Venecia"],"articleSection":["Concursos","Noticias"],"inLanguage":"es"},{"@type":"WebPage","@id":"https:\/\/colegioarquitectos.com\/noticias\/?p=32414","url":"https:\/\/colegioarquitectos.com\/noticias\/?p=32414","name":"[Convocatoria cerrada] Concurso de ideas para el Pabell\u00f3n de Chile en la 19\u00aa Bienal de Arquitectura de Venecia - COLEGIO DE ARQUITECTOS DE CHILE","isPartOf":{"@id":"https:\/\/colegioarquitectos.com\/noticias\/#website"},"primaryImageOfPage":{"@id":"https:\/\/colegioarquitectos.com\/noticias\/?p=32414#primaryimage"},"image":{"@id":"https:\/\/colegioarquitectos.com\/noticias\/?p=32414#primaryimage"},"thumbnailUrl":"https:\/\/colegioarquitectos.com\/noticias\/wp-content\/uploads\/2024\/09\/ENCABEZADO-1.png","datePublished":"2024-09-24T13:50:46+00:00","dateModified":"2024-11-05T20:19:03+00:00","breadcrumb":{"@id":"https:\/\/colegioarquitectos.com\/noticias\/?p=32414#breadcrumb"},"inLanguage":"es","potentialAction":[{"@type":"ReadAction","target":["https:\/\/colegioarquitectos.com\/noticias\/?p=32414"]}]},{"@type":"ImageObject","inLanguage":"es","@id":"https:\/\/colegioarquitectos.com\/noticias\/?p=32414#primaryimage","url":"https:\/\/colegioarquitectos.com\/noticias\/wp-content\/uploads\/2024\/09\/ENCABEZADO-1.png","contentUrl":"https:\/\/colegioarquitectos.com\/noticias\/wp-content\/uploads\/2024\/09\/ENCABEZADO-1.png","width":1280,"height":720},{"@type":"BreadcrumbList","@id":"https:\/\/colegioarquitectos.com\/noticias\/?p=32414#breadcrumb","itemListElement":[{"@type":"ListItem","position":1,"name":"Portada","item":"https:\/\/colegioarquitectos.com\/noticias"},{"@type":"ListItem","position":2,"name":"[Convocatoria cerrada] Concurso de ideas para el Pabell\u00f3n de Chile en la 19\u00aa Bienal de Arquitectura de Venecia"}]},{"@type":"WebSite","@id":"https:\/\/colegioarquitectos.com\/noticias\/#website","url":"https:\/\/colegioarquitectos.com\/noticias\/","name":"COLEGIO DE ARQUITECTOS DE CHILE","description":"","publisher":{"@id":"https:\/\/colegioarquitectos.com\/noticias\/#organization"},"potentialAction":[{"@type":"SearchAction","target":{"@type":"EntryPoint","urlTemplate":"https:\/\/colegioarquitectos.com\/noticias\/?s={search_term_string}"},"query-input":{"@type":"PropertyValueSpecification","valueRequired":true,"valueName":"search_term_string"}}],"inLanguage":"es"},{"@type":"Organization","@id":"https:\/\/colegioarquitectos.com\/noticias\/#organization","name":"COLEGIO DE ARQUITECTOS DE CHILE","url":"https:\/\/colegioarquitectos.com\/noticias\/","logo":{"@type":"ImageObject","inLanguage":"es","@id":"https:\/\/colegioarquitectos.com\/noticias\/#\/schema\/logo\/image\/","url":"https:\/\/colegioarquitectos.com\/noticias\/wp-content\/uploads\/2021\/05\/ENCABEZADO-LOGO-CA.jpg","contentUrl":"https:\/\/colegioarquitectos.com\/noticias\/wp-content\/uploads\/2021\/05\/ENCABEZADO-LOGO-CA.jpg","width":690,"height":350,"caption":"COLEGIO DE ARQUITECTOS DE CHILE"},"image":{"@id":"https:\/\/colegioarquitectos.com\/noticias\/#\/schema\/logo\/image\/"},"sameAs":["https:\/\/facebook.com\/Colegioarq\/","https:\/\/x.com\/colegioarq","https:\/\/instagram.com\/colegioarq","https:\/\/youtube.com\/@ColegiodeArquitectosdeChile"]},{"@type":"Person","@id":"https:\/\/colegioarquitectos.com\/noticias\/#\/schema\/person\/685cc0aad148303c5608f049af8285ad","name":"Colegio de Arquitectos de Chile","url":"https:\/\/colegioarquitectos.com\/noticias\/?author=4"}]}},"_links":{"self":[{"href":"https:\/\/colegioarquitectos.com\/noticias\/index.php?rest_route=\/wp\/v2\/posts\/32414","targetHints":{"allow":["GET"]}}],"collection":[{"href":"https:\/\/colegioarquitectos.com\/noticias\/index.php?rest_route=\/wp\/v2\/posts"}],"about":[{"href":"https:\/\/colegioarquitectos.com\/noticias\/index.php?rest_route=\/wp\/v2\/types\/post"}],"author":[{"embeddable":true,"href":"https:\/\/colegioarquitectos.com\/noticias\/index.php?rest_route=\/wp\/v2\/users\/4"}],"replies":[{"embeddable":true,"href":"https:\/\/colegioarquitectos.com\/noticias\/index.php?rest_route=%2Fwp%2Fv2%2Fcomments&post=32414"}],"version-history":[{"count":0,"href":"https:\/\/colegioarquitectos.com\/noticias\/index.php?rest_route=\/wp\/v2\/posts\/32414\/revisions"}],"wp:featuredmedia":[{"embeddable":true,"href":"https:\/\/colegioarquitectos.com\/noticias\/index.php?rest_route=\/wp\/v2\/media\/32415"}],"wp:attachment":[{"href":"https:\/\/colegioarquitectos.com\/noticias\/index.php?rest_route=%2Fwp%2Fv2%2Fmedia&parent=32414"}],"wp:term":[{"taxonomy":"category","embeddable":true,"href":"https:\/\/colegioarquitectos.com\/noticias\/index.php?rest_route=%2Fwp%2Fv2%2Fcategories&post=32414"},{"taxonomy":"post_tag","embeddable":true,"href":"https:\/\/colegioarquitectos.com\/noticias\/index.php?rest_route=%2Fwp%2Fv2%2Ftags&post=32414"}],"curies":[{"name":"wp","href":"https:\/\/api.w.org\/{rel}","templated":true}]}}