
{"id":32525,"date":"2024-10-17T08:00:17","date_gmt":"2024-10-17T12:00:17","guid":{"rendered":"https:\/\/colegioarquitectos.com\/?p=32525"},"modified":"2024-10-22T09:40:05","modified_gmt":"2024-10-22T13:40:05","slug":"arquitectura-y-servicio-publico-conoce-mas-de-las-arquitectas-y-arquitectos-que-postulan-a-cargos-de-eleccion-popular","status":"publish","type":"post","link":"https:\/\/colegioarquitectos.com\/noticias\/?p=32525","title":{"rendered":"Arquitectura y servicio p\u00fablico: conoce m\u00e1s de las arquitectas y arquitectos que postulan a cargos de elecci\u00f3n popular"},"content":{"rendered":"<p><img loading=\"lazy\" decoding=\"async\" class=\"alignnone size-full wp-image-32422\" src=\"https:\/\/colegioarquitectos.com\/noticias\/wp-content\/uploads\/2024\/09\/HEAD-CANDIDATURAS.png\" alt=\"\" width=\"1080\" height=\"205\" srcset=\"https:\/\/colegioarquitectos.com\/noticias\/wp-content\/uploads\/2024\/09\/HEAD-CANDIDATURAS.png 1080w, https:\/\/colegioarquitectos.com\/noticias\/wp-content\/uploads\/2024\/09\/HEAD-CANDIDATURAS-300x57.png 300w, https:\/\/colegioarquitectos.com\/noticias\/wp-content\/uploads\/2024\/09\/HEAD-CANDIDATURAS-768x146.png 768w, https:\/\/colegioarquitectos.com\/noticias\/wp-content\/uploads\/2024\/09\/HEAD-CANDIDATURAS-1024x194.png 1024w\" sizes=\"auto, (max-width: 1080px) 100vw, 1080px\" \/><\/p>\n<p>El <strong>Colegio de Arquitectos de Chile<\/strong> <strong>valora a las y los arquitectos que postulan a cargos p\u00fablicos en las elecciones de octubre de 2024 y quiso\u00a0 saber m\u00e1s sobre sus propuestas y anhelos para los territorios<\/strong> que aspiran representar.<\/p>\n<p>En esa l\u00ednea, abrimos un<strong> formulario de registro para que las arquitectas y arquitectos que participan del proceso eleccionario se inscribieran<\/strong>, para as\u00ed reconocer su esfuerzo en situar nuestro oficio al servicio de las personas para construir una sociedad mejor y para conocimiento de todas y todos los arquitectos de Chile.<\/p>\n<p>A continuaci\u00f3n, las\u00a0arquitectas y arquitectos que postulan a cargos de elecci\u00f3n popular.<\/p>\n<p>&nbsp;<\/p>\n<h4>Camilo Riffo Quintana<\/h4>\n<hr \/>\n<p><img loading=\"lazy\" decoding=\"async\" class=\"size-medium wp-image-32526 alignleft\" src=\"https:\/\/colegioarquitectos.com\/noticias\/wp-content\/uploads\/2024\/10\/Camilo_Riffo_-_Alcalde_Concepci\u00f3n-300x300.jpg\" alt=\"\" width=\"300\" height=\"300\" srcset=\"https:\/\/colegioarquitectos.com\/noticias\/wp-content\/uploads\/2024\/10\/Camilo_Riffo_-_Alcalde_Concepci\u00f3n-300x300.jpg 300w, https:\/\/colegioarquitectos.com\/noticias\/wp-content\/uploads\/2024\/10\/Camilo_Riffo_-_Alcalde_Concepci\u00f3n-180x180.jpg 180w, https:\/\/colegioarquitectos.com\/noticias\/wp-content\/uploads\/2024\/10\/Camilo_Riffo_-_Alcalde_Concepci\u00f3n-768x768.jpg 768w, https:\/\/colegioarquitectos.com\/noticias\/wp-content\/uploads\/2024\/10\/Camilo_Riffo_-_Alcalde_Concepci\u00f3n-1024x1024.jpg 1024w\" sizes=\"auto, (max-width: 300px) 100vw, 300px\" \/>ICA: 12291<\/p>\n<p>Regi\u00f3n: Biob\u00edo<\/p>\n<p>Cargo al que postula: Alcalde de Concepci\u00f3n<\/p>\n<p>Propuestas relevantes: Parques Inundables y \u00c1reas Verdes: Construcci\u00f3n de infraestructura verde urbana al servicio de prevenci\u00f3n de riesgos de desastres. Reforestaci\u00f3n Nativa y Arbolado Urbano: Planificaci\u00f3n potenciando especies nativas, promoviendo reforestaci\u00f3n de zonas de interfaz contra incendios. Plan Salud Barrial en 15 minutos: Planificando futuros centros de salud y dispositivos de entrega de medicamentos, toma de muestras y atenci\u00f3n, con foco en la accesibilidad caminando de todas las personas.<\/p>\n<p>&nbsp;<\/p>\n<p>&nbsp;<\/p>\n<p>&nbsp;<\/p>\n<h4>Mario Neira Quiroga<\/h4>\n<hr \/>\n<p><img loading=\"lazy\" decoding=\"async\" class=\"alignleft wp-image-32527\" src=\"https:\/\/colegioarquitectos.com\/noticias\/wp-content\/uploads\/2024\/10\/Volante_MN_CORREGIDO_FINAL_P\u00e1gina_2-210x300.jpg\" alt=\"\" width=\"210\" height=\"300\" srcset=\"https:\/\/colegioarquitectos.com\/noticias\/wp-content\/uploads\/2024\/10\/Volante_MN_CORREGIDO_FINAL_P\u00e1gina_2-210x300.jpg 210w, https:\/\/colegioarquitectos.com\/noticias\/wp-content\/uploads\/2024\/10\/Volante_MN_CORREGIDO_FINAL_P\u00e1gina_2-768x1095.jpg 768w, https:\/\/colegioarquitectos.com\/noticias\/wp-content\/uploads\/2024\/10\/Volante_MN_CORREGIDO_FINAL_P\u00e1gina_2-718x1024.jpg 718w, https:\/\/colegioarquitectos.com\/noticias\/wp-content\/uploads\/2024\/10\/Volante_MN_CORREGIDO_FINAL_P\u00e1gina_2.jpg 1931w\" sizes=\"auto, (max-width: 210px) 100vw, 210px\" \/>ICA: 4386<\/p>\n<p>Regi\u00f3n: Metropolitana<\/p>\n<p>Cargo al que postula: Consejero Regional<\/p>\n<p>Propuestas relevantes: En la Comisi\u00f3n de Ordenamiento Territorial del CORE, apoyar\u00e9 activamente a Comit\u00e9s de Vivienda de Condominios y Villas de Lo Barnechea, Las Condes, La Reina, \u00d1u\u00f1oa y Providencia que presenten viviendas deterioradas, hacinamiento, allegamiento y altas contribuciones. Contar\u00e9 con el apoyo de los Premios Nacionales de Arquitectura Cristian Castillo y Miguel Lawner. Har\u00e9 efectiva la participaci\u00f3n de la comunidad regional, siendo portavoz de sus propuestas y demandas.<\/p>\n<p>&nbsp;<\/p>\n<p>&nbsp;<\/p>\n<p>&nbsp;<\/p>\n<p>&nbsp;<\/p>\n<h4>Mauricio Far\u00edas Molina<\/h4>\n<hr \/>\n<p><img loading=\"lazy\" decoding=\"async\" class=\"alignleft wp-image-32528\" src=\"https:\/\/colegioarquitectos.com\/noticias\/wp-content\/uploads\/2024\/10\/Copia_de_DSC_0347_2-199x300.jpg\" alt=\"\" width=\"199\" height=\"300\" srcset=\"https:\/\/colegioarquitectos.com\/noticias\/wp-content\/uploads\/2024\/10\/Copia_de_DSC_0347_2-199x300.jpg 199w, https:\/\/colegioarquitectos.com\/noticias\/wp-content\/uploads\/2024\/10\/Copia_de_DSC_0347_2-768x1159.jpg 768w, https:\/\/colegioarquitectos.com\/noticias\/wp-content\/uploads\/2024\/10\/Copia_de_DSC_0347_2-679x1024.jpg 679w\" sizes=\"auto, (max-width: 199px) 100vw, 199px\" \/>ICA: No lo indica<\/p>\n<p>Regi\u00f3n: Maule<\/p>\n<p>Cargo al que postula: Alcalde de Rauco<\/p>\n<p>Propuestas relevantes: 1.Renovaci\u00f3n de la Avenida Balmaceda 2.Construcci\u00f3n de ciclov\u00edas 3.Proyectos educativos y culturales 4.Modernizaci\u00f3n del polideportivo 5.Mejoramiento de la iluminaci\u00f3n p\u00fablica 6.Planes maestros de evacuaci\u00f3n de aguas 7.Creaci\u00f3n del Departamento de Ayuda<\/p>\n<p>&nbsp;<\/p>\n<p>&nbsp;<\/p>\n<p>&nbsp;<\/p>\n<p>&nbsp;<\/p>\n<p>&nbsp;<\/p>\n<h4>Diego Ortiz Araya<\/h4>\n<hr \/>\n<p><img loading=\"lazy\" decoding=\"async\" class=\"alignleft wp-image-32529 size-medium\" src=\"https:\/\/colegioarquitectos.com\/noticias\/wp-content\/uploads\/2024\/10\/CONCEJAL\u00cdA_DOA-300x300.jpg\" alt=\"\" width=\"300\" height=\"300\" srcset=\"https:\/\/colegioarquitectos.com\/noticias\/wp-content\/uploads\/2024\/10\/CONCEJAL\u00cdA_DOA-300x300.jpg 300w, https:\/\/colegioarquitectos.com\/noticias\/wp-content\/uploads\/2024\/10\/CONCEJAL\u00cdA_DOA-180x180.jpg 180w, https:\/\/colegioarquitectos.com\/noticias\/wp-content\/uploads\/2024\/10\/CONCEJAL\u00cdA_DOA-768x768.jpg 768w, https:\/\/colegioarquitectos.com\/noticias\/wp-content\/uploads\/2024\/10\/CONCEJAL\u00cdA_DOA-1024x1024.jpg 1024w, https:\/\/colegioarquitectos.com\/noticias\/wp-content\/uploads\/2024\/10\/CONCEJAL\u00cdA_DOA.jpg 1181w\" sizes=\"auto, (max-width: 300px) 100vw, 300px\" \/>ICA: 11639<\/p>\n<p>Regi\u00f3n: O&#8217;Higgins<\/p>\n<p>Cargo al que postula: Concejal de Do\u00f1ihue<\/p>\n<p>Propuestas relevantes: Soy arquitecto de la Universidad de Chile titulado el 2017. Fui dirigente estudiantil y actualmente soy presidente de la Delegaci\u00f3n O&#8217;Higgins del Colegio de Arquitectos de Chile, donde hemos participado para acercar nuestro oficio a todos los territorios y personas de la regi\u00f3n. Propongo trabajar responsablemente y dar todo de m\u00ed para construir una concejal\u00eda popular; al servicio de las organizaciones, juntas de vecinos y de las personas que m\u00e1s lo necesitan en nuestra comuna. Porque en Do\u00f1ihue merecemos vivir bien y vivir seguros.<\/p>\n<p>&nbsp;<\/p>\n<p>&nbsp;<\/p>\n<p>&nbsp;<\/p>\n<h4>Gisela Gonz\u00e1lez Garc\u00e9s<\/h4>\n<hr \/>\n<p><img loading=\"lazy\" decoding=\"async\" class=\"alignleft size-medium wp-image-32537\" src=\"https:\/\/colegioarquitectos.com\/noticias\/wp-content\/uploads\/2024\/10\/DSC_4981-1-200x300.jpg\" alt=\"\" width=\"200\" height=\"300\" srcset=\"https:\/\/colegioarquitectos.com\/noticias\/wp-content\/uploads\/2024\/10\/DSC_4981-1-200x300.jpg 200w, https:\/\/colegioarquitectos.com\/noticias\/wp-content\/uploads\/2024\/10\/DSC_4981-1-768x1152.jpg 768w, https:\/\/colegioarquitectos.com\/noticias\/wp-content\/uploads\/2024\/10\/DSC_4981-1-683x1024.jpg 683w\" sizes=\"auto, (max-width: 200px) 100vw, 200px\" \/>ICA: 11000<\/p>\n<p>Regi\u00f3n: Ays\u00e9n<\/p>\n<p>Cargo al que postula: Consejera Regional<\/p>\n<p>Propuestas relevantes: Por un desarrollo sostenible con mirada territorial y regional, por equidad y conectividad real de nuestro territorio, por una participaci\u00f3n local vinculante.<\/p>\n<p>&nbsp;<\/p>\n<p>&nbsp;<\/p>\n<p>&nbsp;<\/p>\n<p>&nbsp;<\/p>\n<p>&nbsp;<\/p>\n<p>&nbsp;<\/p>\n<h4>Sergio Inostroza Espinoza<\/h4>\n<hr \/>\n<p><img loading=\"lazy\" decoding=\"async\" class=\"size-medium wp-image-32530 alignleft\" src=\"https:\/\/colegioarquitectos.com\/noticias\/wp-content\/uploads\/2024\/10\/WhatsApp_Image_2024-09-09_at_10.52.56-246x300.jpeg\" alt=\"\" width=\"246\" height=\"300\" srcset=\"https:\/\/colegioarquitectos.com\/noticias\/wp-content\/uploads\/2024\/10\/WhatsApp_Image_2024-09-09_at_10.52.56-246x300.jpeg 246w, https:\/\/colegioarquitectos.com\/noticias\/wp-content\/uploads\/2024\/10\/WhatsApp_Image_2024-09-09_at_10.52.56.jpeg 749w\" sizes=\"auto, (max-width: 246px) 100vw, 246px\" \/>ICA: No lo indica<\/p>\n<p>Regi\u00f3n: \u00d1uble<\/p>\n<p>Cargo al que postula: Consejero Regional<\/p>\n<p>Propuestas relevantes: Mi compromiso con \u00d1uble es aportar al desarrollo estrat\u00e9gico, para que los recursos se inviertan en las personas de cada territorio, especialmente en Itata. Seguir\u00e9 la l\u00ednea del Fomento, Energ\u00eda y Turismo, la Salud y Medio Ambiente, comisiones que he encabezado como Consejero. Ser\u00e9 la Voz para que la Vivienda y el Espacio P\u00fablico sean valorados al momento de la aprobaci\u00f3n de recursos. Conectividad, Urbanizaci\u00f3n y Servicios B\u00e1sicos son el camino para avanzar en una Regi\u00f3n que tanto lo necesita.<\/p>\n<p>&nbsp;<\/p>\n<p>&nbsp;<\/p>\n<p>&nbsp;<\/p>\n<p>&nbsp;<\/p>\n<h4>Sebasti\u00e1n Fredes Avenda\u00f1o<\/h4>\n<hr \/>\n<p><img loading=\"lazy\" decoding=\"async\" class=\"alignleft wp-image-32531\" src=\"https:\/\/colegioarquitectos.com\/noticias\/wp-content\/uploads\/2024\/10\/WhatsApp_Image_2024-09-09_at_13.09.06-300x259.jpeg\" alt=\"\" width=\"348\" height=\"300\" srcset=\"https:\/\/colegioarquitectos.com\/noticias\/wp-content\/uploads\/2024\/10\/WhatsApp_Image_2024-09-09_at_13.09.06-300x259.jpeg 300w, https:\/\/colegioarquitectos.com\/noticias\/wp-content\/uploads\/2024\/10\/WhatsApp_Image_2024-09-09_at_13.09.06-768x662.jpeg 768w, https:\/\/colegioarquitectos.com\/noticias\/wp-content\/uploads\/2024\/10\/WhatsApp_Image_2024-09-09_at_13.09.06-1024x883.jpeg 1024w, https:\/\/colegioarquitectos.com\/noticias\/wp-content\/uploads\/2024\/10\/WhatsApp_Image_2024-09-09_at_13.09.06.jpeg 1280w\" sizes=\"auto, (max-width: 348px) 100vw, 348px\" \/>ICA: 11724<\/p>\n<p>Regi\u00f3n: \u00d1uble<\/p>\n<p>Cargo al que postula: Consejero Regional<\/p>\n<p>Propuestas relevantes: Estoy comprometido con proteger el medio ambiente y buscar soluciones sustentables para mejorar nuestra calidad de vida en \u00d1uble, para nosotros y las futuras generaciones. Quiero ser tu voz en el concejo regional, asegurando que nuestras preocupaciones se reflejen en decisiones justas y transparentes. Mi enfoque es claro: desarrollo sostenible y mejor calidad de vida. \u00a1Construyamos juntos un mejor \u00d1uble para todos!<\/p>\n<p>&nbsp;<\/p>\n<p>&nbsp;<\/p>\n<p>&nbsp;<\/p>\n<p>&nbsp;<\/p>\n<h4>Luz Helena Guzm\u00e1n Garc\u00eda<\/h4>\n<hr \/>\n<p><img loading=\"lazy\" decoding=\"async\" class=\"alignleft wp-image-32532\" src=\"https:\/\/colegioarquitectos.com\/noticias\/wp-content\/uploads\/2024\/10\/IMG_2773-300x200.jpeg\" alt=\"\" width=\"450\" height=\"300\" srcset=\"https:\/\/colegioarquitectos.com\/noticias\/wp-content\/uploads\/2024\/10\/IMG_2773-300x200.jpeg 300w, https:\/\/colegioarquitectos.com\/noticias\/wp-content\/uploads\/2024\/10\/IMG_2773-768x512.jpeg 768w, https:\/\/colegioarquitectos.com\/noticias\/wp-content\/uploads\/2024\/10\/IMG_2773-1024x683.jpeg 1024w, https:\/\/colegioarquitectos.com\/noticias\/wp-content\/uploads\/2024\/10\/IMG_2773.jpeg 1950w\" sizes=\"auto, (max-width: 450px) 100vw, 450px\" \/>ICA: 11879<\/p>\n<p>Regi\u00f3n: Magallanes<\/p>\n<p>Cargo al que postula: Consejera Regional<\/p>\n<p>Propuestas relevantes: Crecimiento econ\u00f3mico y social de la Regi\u00f3n. PROPUESTAS 1-Educaci\u00f3n Ant\u00e1rtica para los ni\u00f1os, son el futuro del pa\u00eds y la Ant\u00e1rtica la Riqueza de la Naci\u00f3n 2-Infraestructura p\u00fablica para zonas de extensi\u00f3n Urbana y Rurales de la Regi\u00f3n 3-Apoyo a las Instituciones que brindan Seguridad a la Regi\u00f3n Fuerzas Armadas, Carabineros y PDI 4- Concesiones para salm\u00f3n, turismo masivo, si apoyo a Ganaderos, si a pescadores artesanales, si fomento agr\u00edcola, si a planes de Vivienda y Salud . 5- Fiscalizar que los recursos sean bien usados<\/p>\n<p>&nbsp;<\/p>\n<p>&nbsp;<\/p>\n<p>&nbsp;<\/p>\n<p>&nbsp;<\/p>\n<h4>Pamela Dom\u00ednguez Bastidas<\/h4>\n<hr \/>\n<p><img loading=\"lazy\" decoding=\"async\" class=\"alignleft size-medium wp-image-32533\" src=\"https:\/\/colegioarquitectos.com\/noticias\/wp-content\/uploads\/2024\/10\/Pame_Dominguez_-__Magallanes_-175x300.jpg\" alt=\"\" width=\"175\" height=\"300\" srcset=\"https:\/\/colegioarquitectos.com\/noticias\/wp-content\/uploads\/2024\/10\/Pame_Dominguez_-__Magallanes_-175x300.jpg 175w, https:\/\/colegioarquitectos.com\/noticias\/wp-content\/uploads\/2024\/10\/Pame_Dominguez_-__Magallanes_-768x1318.jpg 768w, https:\/\/colegioarquitectos.com\/noticias\/wp-content\/uploads\/2024\/10\/Pame_Dominguez_-__Magallanes_-597x1024.jpg 597w, https:\/\/colegioarquitectos.com\/noticias\/wp-content\/uploads\/2024\/10\/Pame_Dominguez_-__Magallanes_.jpg 1193w\" sizes=\"auto, (max-width: 175px) 100vw, 175px\" \/>ICA: 9927<\/p>\n<p>Regi\u00f3n: Magallanes<\/p>\n<p>Cargo al que postula: Consejera Regional<\/p>\n<p>Propuestas relevantes: Soy Pamela Dom\u00ednguez Bastidas. Estudi\u00e9 en la UChile, me he dedicado a la difusi\u00f3n y protecci\u00f3n del patrimonio de la regi\u00f3n, y a la funci\u00f3n p\u00fablica desde mi experiencia en el MOP y el Servicio del Patrimonio. Tengo la firme convicci\u00f3n de que es necesario exigir y articular acciones que permitan al Gobierno Regional, llevar adelante soluciones urgentes para: \u300bUna planificaci\u00f3n armoniosa y visionaria del territorio. \u300bRobustecer y actualizar la infraestructura p\u00fablica para la Regi\u00f3n. \u300bSalvaguardar y potenciar nuestro Patrimonio regional.<\/p>\n<p>&nbsp;<\/p>\n<p>&nbsp;<\/p>\n<p>&nbsp;<\/p>\n<p>&nbsp;<\/p>\n<h4>Fernando Haro Meneses<\/h4>\n<hr \/>\n<p><img loading=\"lazy\" decoding=\"async\" class=\"alignleft wp-image-32535\" src=\"https:\/\/colegioarquitectos.com\/noticias\/wp-content\/uploads\/2024\/10\/IMG_6444-300x200.jpg\" alt=\"\" width=\"450\" height=\"300\" srcset=\"https:\/\/colegioarquitectos.com\/noticias\/wp-content\/uploads\/2024\/10\/IMG_6444-300x200.jpg 300w, https:\/\/colegioarquitectos.com\/noticias\/wp-content\/uploads\/2024\/10\/IMG_6444-768x512.jpg 768w, https:\/\/colegioarquitectos.com\/noticias\/wp-content\/uploads\/2024\/10\/IMG_6444-1024x683.jpg 1024w\" sizes=\"auto, (max-width: 450px) 100vw, 450px\" \/>ICA: 6152<\/p>\n<p>Regi\u00f3n: Magallanes<\/p>\n<p>Cargo al que postula: Consejero Regional<\/p>\n<p>Propuestas relevantes: Establecer junto al colegiado, el criterio de Pertinencia geogr\u00e1fica y cultural para proyectos y acciones a sancionar. Solicitar y participar de la Planificaci\u00f3n de acciones para la regi\u00f3n. Velar por precios, valores y procesos correctos junto al seguimiento fiscalizador necesario. Aportar a la Estrategia de Desarrollo Regional respecto a acordar e incorporar un Relato que refuerce yesera Denominaci\u00f3n de Origen como atractivo y agente productivo.<\/p>\n<p>&nbsp;<\/p>\n<p>&nbsp;<\/p>\n<p>&nbsp;<\/p>\n<h4>Claudia Woywood Rodr\u00edguez<\/h4>\n<hr \/>\n<p><img loading=\"lazy\" decoding=\"async\" class=\"alignleft wp-image-32567\" src=\"https:\/\/colegioarquitectos.com\/noticias\/wp-content\/uploads\/2024\/10\/WhatsApp-Image-2024-10-09-at-13.52.09.jpeg\" alt=\"\" width=\"300\" height=\"450\" srcset=\"https:\/\/colegioarquitectos.com\/noticias\/wp-content\/uploads\/2024\/10\/WhatsApp-Image-2024-10-09-at-13.52.09.jpeg 1706w, https:\/\/colegioarquitectos.com\/noticias\/wp-content\/uploads\/2024\/10\/WhatsApp-Image-2024-10-09-at-13.52.09-200x300.jpeg 200w, https:\/\/colegioarquitectos.com\/noticias\/wp-content\/uploads\/2024\/10\/WhatsApp-Image-2024-10-09-at-13.52.09-768x1152.jpeg 768w, https:\/\/colegioarquitectos.com\/noticias\/wp-content\/uploads\/2024\/10\/WhatsApp-Image-2024-10-09-at-13.52.09-682x1024.jpeg 682w\" sizes=\"auto, (max-width: 300px) 100vw, 300px\" \/>ICA: 9360<\/p>\n<p>Regi\u00f3n: Valpara\u00edso<\/p>\n<p>Cargo al que postula: Concejala de Conc\u00f3n<\/p>\n<p>Propuestas relevantes:\u00a0Promover un Ordenamiento Territorial Integrado, articulando servicios municipales, instrumentos, normas, planes y programas. Comprometer a la comunidad en apoyar a polic\u00edas y autoridades para la seguridad y la prevenci\u00f3n de riesgos. Innovar con Econom\u00eda Circular para el desarrollo local. Impulsar el deporte como parte del bienestar f\u00edsico, psicol\u00f3gico y social. Fortalecer un circuito cultural y espacios p\u00fablicos de calidad.<\/p>\n<p>&nbsp;<\/p>\n<p>&nbsp;<\/p>\n<p>&nbsp;<\/p>\n<p>&nbsp;<\/p>\n<p>&nbsp;<\/p>\n<p>&nbsp;<\/p>\n<p>&nbsp;<\/p>\n<p>&nbsp;<\/p>\n<h4>Beatriz Valenzuela Van Treek<\/h4>\n<hr \/>\n<p><img loading=\"lazy\" decoding=\"async\" class=\"alignleft wp-image-32585\" src=\"https:\/\/colegioarquitectos.com\/noticias\/wp-content\/uploads\/2024\/10\/SmartSelect_20230806-214917_Instagram__1___1_.jpg\" alt=\"\" width=\"252\" height=\"400\" srcset=\"https:\/\/colegioarquitectos.com\/noticias\/wp-content\/uploads\/2024\/10\/SmartSelect_20230806-214917_Instagram__1___1_.jpg 797w, https:\/\/colegioarquitectos.com\/noticias\/wp-content\/uploads\/2024\/10\/SmartSelect_20230806-214917_Instagram__1___1_-189x300.jpg 189w, https:\/\/colegioarquitectos.com\/noticias\/wp-content\/uploads\/2024\/10\/SmartSelect_20230806-214917_Instagram__1___1_-768x1219.jpg 768w, https:\/\/colegioarquitectos.com\/noticias\/wp-content\/uploads\/2024\/10\/SmartSelect_20230806-214917_Instagram__1___1_-645x1024.jpg 645w\" sizes=\"auto, (max-width: 252px) 100vw, 252px\" \/>ICA: 6935<\/p>\n<p>Regi\u00f3n: O\u2019Higgins<\/p>\n<p>Cargo al que postula: Consejero Regional<\/p>\n<p>Propuestas relevantes: Reimpulsar el Paso fronterizo Las Le\u00f1as hacia Argentina por Machal\u00ed. Mejoramiento del sistema de transporte p\u00fablico Costanera R\u00edo Cachapoal. Conversi\u00f3n del Parque Comunal Rancagua en el Jard\u00edn Bot\u00e1nico Regional O\u2019Higgins. Construcci\u00f3n del Centro Cultural y Espiritual Gaud\u00ed de Triana. Construcci\u00f3n parque poniente para la ciudad.<\/p>\n<p>&nbsp;<\/p>\n<p>&nbsp;<\/p>\n<p>&nbsp;<\/p>\n<p>&nbsp;<\/p>\n<p>&nbsp;<\/p>\n<p>&nbsp;<\/p>\n<p>&nbsp;<\/p>\n<h4>Rodrigo Soto Maldonado<\/h4>\n<hr \/>\n<p><img loading=\"lazy\" decoding=\"async\" class=\"alignleft wp-image-32586\" src=\"https:\/\/colegioarquitectos.com\/noticias\/wp-content\/uploads\/2024\/10\/FOTO_JPG_RODRIGO_SOTO_MALDONADO_-_CORE_TARAPAC\u00c1.jpg\" alt=\"\" width=\"276\" height=\"400\" srcset=\"https:\/\/colegioarquitectos.com\/noticias\/wp-content\/uploads\/2024\/10\/FOTO_JPG_RODRIGO_SOTO_MALDONADO_-_CORE_TARAPAC\u00c1.jpg 1749w, https:\/\/colegioarquitectos.com\/noticias\/wp-content\/uploads\/2024\/10\/FOTO_JPG_RODRIGO_SOTO_MALDONADO_-_CORE_TARAPAC\u00c1-207x300.jpg 207w, https:\/\/colegioarquitectos.com\/noticias\/wp-content\/uploads\/2024\/10\/FOTO_JPG_RODRIGO_SOTO_MALDONADO_-_CORE_TARAPAC\u00c1-768x1111.jpg 768w, https:\/\/colegioarquitectos.com\/noticias\/wp-content\/uploads\/2024\/10\/FOTO_JPG_RODRIGO_SOTO_MALDONADO_-_CORE_TARAPAC\u00c1-708x1024.jpg 708w\" sizes=\"auto, (max-width: 276px) 100vw, 276px\" \/>ICA: 7570<\/p>\n<p>Regi\u00f3n: Tarapac\u00e1<\/p>\n<p>Cargo al que postula: Consejero Regional<\/p>\n<p>Propuestas relevantes: Un nuevo hospital de alta complejidad para Iquique. Buses de acercamiento para estudiantes. Nuevos colegios. Piscina ol\u00edmpica en Iquique e infraestructura barriales y comunales. Sistema de tranv\u00eda. Robustecer l\u00edneas y paraderos de micros.<br \/>\nAccesibilidad en espacios p\u00fablicos. Neurodivergencia: innovaci\u00f3n pedag\u00f3gica y de infraestructura.<br \/>\nImplementar el neurofeedback. Realidad ciudad y sectorial en los instrumentos de planificaci\u00f3n territorial, impulsar estudios integrales que faciliten los permisos sectoriales. Patrimonio: recursos al resguardo y puesta en valor.<\/p>\n<p>&nbsp;<\/p>\n<p>&nbsp;<\/p>\n<p>&nbsp;<\/p>\n<p>&nbsp;<\/p>\n<p>&nbsp;<\/p>\n<h4>Tamara Rammsy S\u00e1nchez<\/h4>\n<hr \/>\n<p><img loading=\"lazy\" decoding=\"async\" class=\"alignleft wp-image-32587\" src=\"https:\/\/colegioarquitectos.com\/noticias\/wp-content\/uploads\/2024\/10\/1000018746.jpg\" alt=\"\" width=\"320\" height=\"400\" srcset=\"https:\/\/colegioarquitectos.com\/noticias\/wp-content\/uploads\/2024\/10\/1000018746.jpg 1081w, https:\/\/colegioarquitectos.com\/noticias\/wp-content\/uploads\/2024\/10\/1000018746-240x300.jpg 240w, https:\/\/colegioarquitectos.com\/noticias\/wp-content\/uploads\/2024\/10\/1000018746-768x960.jpg 768w, https:\/\/colegioarquitectos.com\/noticias\/wp-content\/uploads\/2024\/10\/1000018746-819x1024.jpg 819w\" sizes=\"auto, (max-width: 320px) 100vw, 320px\" \/>ICA: 12278<\/p>\n<p>Regi\u00f3n: Los Lagos<\/p>\n<p>Cargo al que postula: Concejala de Puerto Varas<\/p>\n<p>Propuestas relevantes: Mejoramiento de vivienda, cobertura y calidad de los espacios p\u00fablicos en los barrios, potenciando la actividad comunitaria, la vida saludable y la seguridad vecinal. Empoderamiento de las mujeres, fortalecimiento de su autonom\u00eda econ\u00f3mica y mejoramiento de su calidad de vida. Formaci\u00f3n y fomento de la cultura como herramienta de desarrollo personal, econ\u00f3mico y social.<\/p>\n<p>&nbsp;<\/p>\n<p>&nbsp;<\/p>\n<p>&nbsp;<\/p>\n<p>&nbsp;<\/p>\n<p>&nbsp;<\/p>\n<p>&nbsp;<\/p>\n<p>&nbsp;<\/p>\n<h4>B\u00e1rbara Henning<\/h4>\n<hr \/>\n<p><img loading=\"lazy\" decoding=\"async\" class=\"alignleft wp-image-32589\" src=\"https:\/\/colegioarquitectos.com\/noticias\/wp-content\/uploads\/2024\/10\/B\u00e1rbara-Henning.jpeg\" alt=\"\" width=\"242\" height=\"300\" srcset=\"https:\/\/colegioarquitectos.com\/noticias\/wp-content\/uploads\/2024\/10\/B\u00e1rbara-Henning.jpeg 750w, https:\/\/colegioarquitectos.com\/noticias\/wp-content\/uploads\/2024\/10\/B\u00e1rbara-Henning-242x300.jpeg 242w\" sizes=\"auto, (max-width: 242px) 100vw, 242px\" \/>ICA: No lo indica<\/p>\n<p>Regi\u00f3n: \u00d1uble<\/p>\n<p>Cargo al que postula: Consejera Regional de la Provincia de Diguill\u00edn<\/p>\n<p>Propuestas relevantes: Desarrollo equitativo de la regi\u00f3n. Soluci\u00f3n a los reales problemas de los vecinos de \u00d1uble. Mayor conectividad e inversi\u00f3n. Equidad en los derechos de las mujeres. Integraci\u00f3n a nuestros adultos mayores y juventud. \u00a1Vamos \u00d1uble!<\/p>\n<p>&nbsp;<\/p>\n<h4><\/h4>\n<h4><\/h4>\n<h4><\/h4>\n<h4><\/h4>\n<h4><\/h4>\n<h4><\/h4>\n<h4><\/h4>\n<h4><\/h4>\n<h4><\/h4>\n<h4><\/h4>\n<h4><\/h4>\n<h4><\/h4>\n<h4><\/h4>\n<h4><\/h4>\n<h4><\/h4>\n<h4><\/h4>\n<h4><\/h4>\n<h4><\/h4>\n<h4><\/h4>\n<h4><\/h4>\n<h4><\/h4>\n<h4><\/h4>\n<h4><\/h4>\n<h4><\/h4>\n<h4><\/h4>\n<h4><\/h4>\n<h4><\/h4>\n<h4><\/h4>\n<h4><\/h4>\n<h4><\/h4>\n<h4><\/h4>\n<h4><\/h4>\n<h4><\/h4>\n<h4><\/h4>\n<h4><\/h4>\n<h4><\/h4>\n<h4><\/h4>\n<h4><\/h4>\n<h4><\/h4>\n<h4><\/h4>\n<h4><\/h4>\n<h4><\/h4>\n<h4><\/h4>\n<h4><\/h4>\n<h4><\/h4>\n<h4><\/h4>\n<h4><\/h4>\n<h4><\/h4>\n<h4><\/h4>\n<h4><\/h4>\n<h4><\/h4>\n<h4><\/h4>\n<h4><\/h4>\n<h4><\/h4>\n<h4><\/h4>\n<h4><\/h4>\n<h4><\/h4>\n<h4><\/h4>\n<h4><\/h4>\n<h4><\/h4>\n<h4><\/h4>\n<h4><\/h4>\n<h4><\/h4>\n<h4><\/h4>\n<h4><\/h4>\n<h4><\/h4>\n<h4><\/h4>\n<h4><\/h4>\n<h4><\/h4>\n<h4><\/h4>\n<h4><\/h4>\n<h4><\/h4>\n<h4><\/h4>\n<h4><\/h4>\n<h4><\/h4>\n<h4><\/h4>\n<h4><\/h4>\n<h4><\/h4>\n<h4><\/h4>\n<h4><\/h4>\n<h4><\/h4>\n<h4><\/h4>\n<h4><\/h4>\n<h4><\/h4>\n<h4><\/h4>\n<h4><\/h4>\n<h4><\/h4>\n<h4><\/h4>\n<h4><\/h4>\n<h4><\/h4>\n<h4><\/h4>\n<h4><\/h4>\n<h4><\/h4>\n<h4><\/h4>\n<h4><\/h4>\n<h4><\/h4>\n<h4><\/h4>\n<h4><\/h4>\n<h4><\/h4>\n<h4><\/h4>\n<h4><\/h4>\n<h4><\/h4>\n<h4><\/h4>\n<h4><\/h4>\n<h4><\/h4>\n<h4><\/h4>\n<h4><\/h4>\n<h4><\/h4>\n<h4><\/h4>\n<h4><\/h4>\n<h4><\/h4>\n<h4><\/h4>\n<h4><\/h4>\n<h4><\/h4>\n<h4><\/h4>\n<h4><\/h4>\n<h4><\/h4>\n<h4><\/h4>\n<h4><\/h4>\n<h4><\/h4>\n<h4><\/h4>\n<h4><\/h4>\n<h4><\/h4>\n<h4><\/h4>\n<h4><\/h4>\n<h4><\/h4>\n<h4><\/h4>\n<h4><\/h4>\n<h4><\/h4>\n<h4><\/h4>\n<p>&nbsp;<\/p>\n<p>&nbsp;<\/p>\n<p>&nbsp;<\/p>\n<p>&nbsp;<\/p>\n<p>&nbsp;<\/p>\n<h4>Yanina Contreras Mendoza<\/h4>\n<hr \/>\n<p><img loading=\"lazy\" decoding=\"async\" class=\"alignleft wp-image-32591\" src=\"https:\/\/colegioarquitectos.com\/noticias\/wp-content\/uploads\/2024\/10\/Yanina-Contreras-Mendoza.jpeg\" alt=\"\" width=\"267\" height=\"400\" srcset=\"https:\/\/colegioarquitectos.com\/noticias\/wp-content\/uploads\/2024\/10\/Yanina-Contreras-Mendoza.jpeg 1066w, https:\/\/colegioarquitectos.com\/noticias\/wp-content\/uploads\/2024\/10\/Yanina-Contreras-Mendoza-200x300.jpeg 200w, https:\/\/colegioarquitectos.com\/noticias\/wp-content\/uploads\/2024\/10\/Yanina-Contreras-Mendoza-768x1153.jpeg 768w, https:\/\/colegioarquitectos.com\/noticias\/wp-content\/uploads\/2024\/10\/Yanina-Contreras-Mendoza-682x1024.jpeg 682w\" sizes=\"auto, (max-width: 267px) 100vw, 267px\" \/>ICA: 11854<\/p>\n<p>Regi\u00f3n: \u00d1uble<\/p>\n<p>Cargo al que postula: Concejal de Chill\u00e1n<\/p>\n<p>Propuestas relevantes: Seguir\u00e9 trabajando con una gesti\u00f3n clara y directa en el consejo comunal, conociendo en profundidad el terreno, trabajando mano a mano con la comunidad y los dirigentes, quienes han sabido reconocer esta nueva forma de gesti\u00f3n. Es por ello que hoy me atrevo a seguir avanzando en esa misma l\u00ednea para hacer de Chill\u00e1n una verdadera Capital Regional.<\/p>\n<p>&nbsp;<\/p>\n<h4><\/h4>\n<h4><\/h4>\n<h4><\/h4>\n<h4><\/h4>\n<h4><\/h4>\n<p>&nbsp;<\/p>\n<p>&nbsp;<\/p>\n<p>&nbsp;<\/p>\n<h4>Claudio Gonz\u00e1lez Oisel<\/h4>\n<hr \/>\n<p><img loading=\"lazy\" decoding=\"async\" class=\"alignleft wp-image-32592\" src=\"https:\/\/colegioarquitectos.com\/noticias\/wp-content\/uploads\/2024\/10\/Claudio-Rafael-Gonz\u00e1lez-Oisel.jpeg\" alt=\"\" width=\"500\" height=\"400\" srcset=\"https:\/\/colegioarquitectos.com\/noticias\/wp-content\/uploads\/2024\/10\/Claudio-Rafael-Gonz\u00e1lez-Oisel.jpeg 1280w, https:\/\/colegioarquitectos.com\/noticias\/wp-content\/uploads\/2024\/10\/Claudio-Rafael-Gonz\u00e1lez-Oisel-300x240.jpeg 300w, https:\/\/colegioarquitectos.com\/noticias\/wp-content\/uploads\/2024\/10\/Claudio-Rafael-Gonz\u00e1lez-Oisel-768x614.jpeg 768w, https:\/\/colegioarquitectos.com\/noticias\/wp-content\/uploads\/2024\/10\/Claudio-Rafael-Gonz\u00e1lez-Oisel-1024x819.jpeg 1024w\" sizes=\"auto, (max-width: 500px) 100vw, 500px\" \/>ICA: 6336<\/p>\n<p>Regi\u00f3n: \u00d1uble<\/p>\n<p>Cargo al que postula: Concejal de Chill\u00e1n<\/p>\n<p>Propuestas relevantes: Apoyar\u00e9 las enmiendas al plan regulador pensando en Chill\u00e1n como potencia tur\u00edstica comercial y habitacional. Promover\u00e9 un Parque Urbano en las riberas del r\u00edo Cato y \u00d1uble. Revisar\u00e9 las ideas de dise\u00f1o urbano para las obras futuras y verificar\u00e9 los costos de las propuestas p\u00fablicas. Verificar\u00e9 el impacto social de los proyectos en conjunto con las Juntas de Vecinos de modo que la inversi\u00f3n sea eficiente.<\/p>\n<p>&nbsp;<\/p>\n<p>&nbsp;<\/p>\n<p>&nbsp;<\/p>\n<p>&nbsp;<\/p>\n<p>&nbsp;<\/p>\n<p>&nbsp;<\/p>\n<p>&nbsp;<\/p>\n<p>&nbsp;<\/p>\n<h4>Ilen Carolina S\u00e1ez Larravide<\/h4>\n<hr \/>\n<p><img loading=\"lazy\" decoding=\"async\" class=\"alignleft wp-image-32593\" src=\"https:\/\/colegioarquitectos.com\/noticias\/wp-content\/uploads\/2024\/10\/Ilen-Carolina-S\u00e1ez-Larravide.jpg\" alt=\"\" width=\"362\" height=\"400\" srcset=\"https:\/\/colegioarquitectos.com\/noticias\/wp-content\/uploads\/2024\/10\/Ilen-Carolina-S\u00e1ez-Larravide.jpg 1446w, https:\/\/colegioarquitectos.com\/noticias\/wp-content\/uploads\/2024\/10\/Ilen-Carolina-S\u00e1ez-Larravide-271x300.jpg 271w, https:\/\/colegioarquitectos.com\/noticias\/wp-content\/uploads\/2024\/10\/Ilen-Carolina-S\u00e1ez-Larravide-768x850.jpg 768w, https:\/\/colegioarquitectos.com\/noticias\/wp-content\/uploads\/2024\/10\/Ilen-Carolina-S\u00e1ez-Larravide-925x1024.jpg 925w\" sizes=\"auto, (max-width: 362px) 100vw, 362px\" \/>ICA: 11652<\/p>\n<p>Regi\u00f3n: Valpara\u00edso<\/p>\n<p>Cargo al que postula: Alcaldesa de Conc\u00f3n<\/p>\n<p>Propuestas relevantes: Conc\u00f3n Sostenible: Actualizaci\u00f3n del Plan Regulador, creaci\u00f3n Direcci\u00f3n de M. Ambiente, Plan de Reciclaje Municipal, \u00e1reas verdes eficiencia h\u00eddrica, conservaci\u00f3n del patrimonio natural, arborizaci\u00f3n y Centro de informaci\u00f3n turismo sostenible. Saludable: Gesti\u00f3n de un Segundo CESFAM, SAMU, Posta Rural y Centro veterinario municipal. Participativo e Inclusivo: Terminar Centro Cultural abandonado, construcci\u00f3n de un terminal de Buses Municipal inclusivo. Seguro: Direcci\u00f3n de Seguridad con personal calificado y programas prevenci\u00f3n del delito.<\/p>\n<p>&nbsp;<\/p>\n<h4><\/h4>\n<h4><\/h4>\n<h4><\/h4>\n<h4><\/h4>\n<p>&nbsp;<\/p>\n<p>&nbsp;<\/p>\n<p>&nbsp;<\/p>\n<h4>Fernando Miranda<\/h4>\n<hr \/>\n<p><img loading=\"lazy\" decoding=\"async\" class=\"alignleft wp-image-32594\" src=\"https:\/\/colegioarquitectos.com\/noticias\/wp-content\/uploads\/2024\/10\/FERNANDO-MIRANDA.jpg\" alt=\"\" width=\"447\" height=\"400\" srcset=\"https:\/\/colegioarquitectos.com\/noticias\/wp-content\/uploads\/2024\/10\/FERNANDO-MIRANDA.jpg 3570w, https:\/\/colegioarquitectos.com\/noticias\/wp-content\/uploads\/2024\/10\/FERNANDO-MIRANDA-300x269.jpg 300w, https:\/\/colegioarquitectos.com\/noticias\/wp-content\/uploads\/2024\/10\/FERNANDO-MIRANDA-768x688.jpg 768w, https:\/\/colegioarquitectos.com\/noticias\/wp-content\/uploads\/2024\/10\/FERNANDO-MIRANDA-1024x917.jpg 1024w\" sizes=\"auto, (max-width: 447px) 100vw, 447px\" \/>ICA: 8598<\/p>\n<p>Regi\u00f3n: Ays\u00e9n<\/p>\n<p>Cargo al que postula: Consejero Regional Provincia de Ays\u00e9n<\/p>\n<p>Propuestas relevantes: Democratizar la planificaci\u00f3n urbana e hist\u00f3rica, Ais\u00e9n lo planificamos todos Construir barrios integrados, prevenci\u00f3n de la delincuencia mediante el urbanismo. Promoci\u00f3n de la Salud en la comunidad. Fomentar y apoyar la puesta en marcha de centros culturales barriales. Promover el desarrollo local a escala humana desde lo local, promover el comercio de barrio. Planificaci\u00f3n Urbana de las localidades, ejecuci\u00f3n de redes p\u00fablicas de servicios b\u00e1sicos en cada localidad.<\/p>\n<p>&nbsp;<\/p>\n<p>&nbsp;<\/p>\n<p>&nbsp;<\/p>\n<p>&nbsp;<\/p>\n<p>&nbsp;<\/p>\n<p>&nbsp;<\/p>\n<p>&nbsp;<\/p>\n<p>&nbsp;<\/p>\n<p>&nbsp;<\/p>\n<h4><\/h4>\n<h4>Carlos Rodr\u00edguez S\u00e1ez<\/h4>\n<hr \/>\n<p><img loading=\"lazy\" decoding=\"async\" class=\"alignleft wp-image-32590\" src=\"https:\/\/colegioarquitectos.com\/noticias\/wp-content\/uploads\/2024\/10\/Carlos-Rodr\u00edguez-S\u00e1ez.jpeg\" alt=\"\" width=\"400\" height=\"267\" srcset=\"https:\/\/colegioarquitectos.com\/noticias\/wp-content\/uploads\/2024\/10\/Carlos-Rodr\u00edguez-S\u00e1ez.jpeg 1600w, https:\/\/colegioarquitectos.com\/noticias\/wp-content\/uploads\/2024\/10\/Carlos-Rodr\u00edguez-S\u00e1ez-300x200.jpeg 300w, https:\/\/colegioarquitectos.com\/noticias\/wp-content\/uploads\/2024\/10\/Carlos-Rodr\u00edguez-S\u00e1ez-768x512.jpeg 768w, https:\/\/colegioarquitectos.com\/noticias\/wp-content\/uploads\/2024\/10\/Carlos-Rodr\u00edguez-S\u00e1ez-1024x683.jpeg 1024w\" sizes=\"auto, (max-width: 400px) 100vw, 400px\" \/>ICA: No lo indica<\/p>\n<p>Regi\u00f3n: \u00d1uble<\/p>\n<p>Cargo al que postula: Consejero Regional de la Provincia de Diguill\u00edn<\/p>\n<p>Propuestas relevantes:<\/p>\n<p>Propongo impulsar proyectos e iniciativas pendientes para el desarrollo de la regi\u00f3n. Desde mi profesi\u00f3n y experiencia en el servicio p\u00fablico, propongo impulsar proyectos e iniciativas pendientes para acelerar el avance en materias de agua potable y alcantarillado, mejorar la conectividad vial, resguardar el ecosistema, mejorar la seguridad, promover e impulsar la agricultura tradicional y rescatar el patrimonio arquitect\u00f3nico tan rico que poseen todas las comunas de la provincia.<\/p>\n<p>&nbsp;<\/p>\n<p>&nbsp;<\/p>\n<h4>Marcelo Carvallo Ceroni<\/h4>\n<hr \/>\n<p><img loading=\"lazy\" decoding=\"async\" class=\"alignleft size-full wp-image-32604\" src=\"https:\/\/colegioarquitectos.com\/noticias\/wp-content\/uploads\/2024\/10\/WhatsApp_Image_2024-10-21_at_13.36.31.jpeg\" alt=\"\" width=\"353\" height=\"487\" srcset=\"https:\/\/colegioarquitectos.com\/noticias\/wp-content\/uploads\/2024\/10\/WhatsApp_Image_2024-10-21_at_13.36.31.jpeg 353w, https:\/\/colegioarquitectos.com\/noticias\/wp-content\/uploads\/2024\/10\/WhatsApp_Image_2024-10-21_at_13.36.31-217x300.jpeg 217w\" sizes=\"auto, (max-width: 353px) 100vw, 353px\" \/>ICA: 11558<\/p>\n<p>Regi\u00f3n: Metropolitana<\/p>\n<p>Cargo al que postula: Concejal de Las Condes<\/p>\n<p>Propuestas relevantes: 1. Transformar el concepto de seguridad urbana 2. Incorporar inteligencia en el sistema de movilidad 3. Revitalizar plazas y espacios p\u00fablicos 4. Optimizar la gesti\u00f3n de los recursos p\u00fablicos cuidando su buen uso 5. Conectar la comuna con el entorno urbano y natural 6. Contribuir con una ciudad y pa\u00eds m\u00e1s equitativo.<\/p>\n<p>&nbsp;<\/p>\n<p>&nbsp;<\/p>\n<p>&nbsp;<\/p>\n<p>&nbsp;<\/p>\n<p>&nbsp;<\/p>\n<p>&nbsp;<\/p>\n<p>&nbsp;<\/p>\n<p>&nbsp;<\/p>\n<p>&nbsp;<\/p>\n<p><\/p>","protected":false},"excerpt":{"rendered":"<p>El Colegio de Arquitectos de Chile valora a las y los arquitectos que postulan a cargos p\u00fablicos en las elecciones de octubre de 2024 y quiso\u00a0 saber m\u00e1s sobre sus propuestas y anhelos para los territorios que aspiran representar. En &hellip; <a class=\"more-link\" href=\"https:\/\/colegioarquitectos.com\/noticias\/?p=32525\">ver m\u00e1s<\/a><\/p>","protected":false},"author":4,"featured_media":32538,"comment_status":"closed","ping_status":"closed","sticky":false,"template":"","format":"standard","meta":{"footnotes":""},"categories":[8],"tags":[1014,1013,1006,1002,1001],"class_list":["post-32525","post","type-post","status-publish","format-standard","has-post-thumbnail","hentry","category-colegio-de-arquitectos","tag-arquitectas-candidatas","tag-arquitectos-candidatos","tag-arquitectura-y-servicio-publico","tag-elecciones-2024","tag-elecciones-octubre-2024"],"yoast_head":"<!-- This site is optimized with the Yoast SEO plugin v24.2 - https:\/\/yoast.com\/wordpress\/plugins\/seo\/ -->\n<title>Arquitectura y servicio p\u00fablico: conoce m\u00e1s de las arquitectas y arquitectos que postulan a cargos de elecci\u00f3n popular - COLEGIO DE ARQUITECTOS DE CHILE<\/title>\n<meta name=\"robots\" content=\"index, follow, max-snippet:-1, max-image-preview:large, max-video-preview:-1\" \/>\n<link rel=\"canonical\" href=\"https:\/\/colegioarquitectos.com\/noticias\/?p=32525\" \/>\n<meta property=\"og:locale\" content=\"es_ES\" \/>\n<meta property=\"og:type\" content=\"article\" \/>\n<meta property=\"og:title\" content=\"Arquitectura y servicio p\u00fablico: conoce m\u00e1s de las arquitectas y arquitectos que postulan a cargos de elecci\u00f3n popular - COLEGIO DE ARQUITECTOS DE CHILE\" \/>\n<meta property=\"og:description\" content=\"El Colegio de Arquitectos de Chile valora a las y los arquitectos que postulan a cargos p\u00fablicos en las elecciones de octubre de 2024 y quiso\u00a0 saber m\u00e1s sobre sus propuestas y anhelos para los territorios que aspiran representar. En &hellip; ver m\u00e1s\" \/>\n<meta property=\"og:url\" content=\"https:\/\/colegioarquitectos.com\/noticias\/?p=32525\" \/>\n<meta property=\"og:site_name\" content=\"COLEGIO DE ARQUITECTOS DE CHILE\" \/>\n<meta property=\"article:publisher\" content=\"https:\/\/facebook.com\/Colegioarq\/\" \/>\n<meta property=\"article:published_time\" content=\"2024-10-17T12:00:17+00:00\" \/>\n<meta property=\"article:modified_time\" content=\"2024-10-22T13:40:05+00:00\" \/>\n<meta property=\"og:image\" content=\"https:\/\/colegioarquitectos.com\/noticias\/wp-content\/uploads\/2024\/10\/ARQ-SERV-PUBLICO-LLAMADO-DESTWEB-1.png\" \/>\n\t<meta property=\"og:image:width\" content=\"1280\" \/>\n\t<meta property=\"og:image:height\" content=\"720\" \/>\n\t<meta property=\"og:image:type\" content=\"image\/png\" \/>\n<meta name=\"author\" content=\"Colegio de Arquitectos de Chile\" \/>\n<meta name=\"twitter:card\" content=\"summary_large_image\" \/>\n<meta name=\"twitter:creator\" content=\"@colegioarq\" \/>\n<meta name=\"twitter:site\" content=\"@colegioarq\" \/>\n<meta name=\"twitter:label1\" content=\"Escrito por\" \/>\n\t<meta name=\"twitter:data1\" content=\"Colegio de Arquitectos de Chile\" \/>\n\t<meta name=\"twitter:label2\" content=\"Tiempo de lectura\" \/>\n\t<meta name=\"twitter:data2\" content=\"10 minutos\" \/>\n<script type=\"application\/ld+json\" class=\"yoast-schema-graph\">{\"@context\":\"https:\/\/schema.org\",\"@graph\":[{\"@type\":\"Article\",\"@id\":\"https:\/\/colegioarquitectos.com\/noticias\/?p=32525#article\",\"isPartOf\":{\"@id\":\"https:\/\/colegioarquitectos.com\/noticias\/?p=32525\"},\"author\":{\"name\":\"Colegio de Arquitectos de Chile\",\"@id\":\"https:\/\/colegioarquitectos.com\/noticias\/#\/schema\/person\/685cc0aad148303c5608f049af8285ad\"},\"headline\":\"Arquitectura y servicio p\u00fablico: conoce m\u00e1s de las arquitectas y arquitectos que postulan a cargos de elecci\u00f3n popular\",\"datePublished\":\"2024-10-17T12:00:17+00:00\",\"dateModified\":\"2024-10-22T13:40:05+00:00\",\"mainEntityOfPage\":{\"@id\":\"https:\/\/colegioarquitectos.com\/noticias\/?p=32525\"},\"wordCount\":2038,\"publisher\":{\"@id\":\"https:\/\/colegioarquitectos.com\/noticias\/#organization\"},\"image\":{\"@id\":\"https:\/\/colegioarquitectos.com\/noticias\/?p=32525#primaryimage\"},\"thumbnailUrl\":\"https:\/\/colegioarquitectos.com\/noticias\/wp-content\/uploads\/2024\/10\/ARQ-SERV-PUBLICO-LLAMADO-DESTWEB-1.png\",\"keywords\":[\"arquitectas candidatas\",\"arquitectos candidatos\",\"Arquitectura y servicio p\u00fablico\",\"elecciones 2024\",\"elecciones octubre 2024\"],\"articleSection\":[\"Colegio\"],\"inLanguage\":\"es\"},{\"@type\":\"WebPage\",\"@id\":\"https:\/\/colegioarquitectos.com\/noticias\/?p=32525\",\"url\":\"https:\/\/colegioarquitectos.com\/noticias\/?p=32525\",\"name\":\"Arquitectura y servicio p\u00fablico: conoce m\u00e1s de las arquitectas y arquitectos que postulan a cargos de elecci\u00f3n popular - COLEGIO DE ARQUITECTOS DE CHILE\",\"isPartOf\":{\"@id\":\"https:\/\/colegioarquitectos.com\/noticias\/#website\"},\"primaryImageOfPage\":{\"@id\":\"https:\/\/colegioarquitectos.com\/noticias\/?p=32525#primaryimage\"},\"image\":{\"@id\":\"https:\/\/colegioarquitectos.com\/noticias\/?p=32525#primaryimage\"},\"thumbnailUrl\":\"https:\/\/colegioarquitectos.com\/noticias\/wp-content\/uploads\/2024\/10\/ARQ-SERV-PUBLICO-LLAMADO-DESTWEB-1.png\",\"datePublished\":\"2024-10-17T12:00:17+00:00\",\"dateModified\":\"2024-10-22T13:40:05+00:00\",\"breadcrumb\":{\"@id\":\"https:\/\/colegioarquitectos.com\/noticias\/?p=32525#breadcrumb\"},\"inLanguage\":\"es\",\"potentialAction\":[{\"@type\":\"ReadAction\",\"target\":[\"https:\/\/colegioarquitectos.com\/noticias\/?p=32525\"]}]},{\"@type\":\"ImageObject\",\"inLanguage\":\"es\",\"@id\":\"https:\/\/colegioarquitectos.com\/noticias\/?p=32525#primaryimage\",\"url\":\"https:\/\/colegioarquitectos.com\/noticias\/wp-content\/uploads\/2024\/10\/ARQ-SERV-PUBLICO-LLAMADO-DESTWEB-1.png\",\"contentUrl\":\"https:\/\/colegioarquitectos.com\/noticias\/wp-content\/uploads\/2024\/10\/ARQ-SERV-PUBLICO-LLAMADO-DESTWEB-1.png\",\"width\":1280,\"height\":720},{\"@type\":\"BreadcrumbList\",\"@id\":\"https:\/\/colegioarquitectos.com\/noticias\/?p=32525#breadcrumb\",\"itemListElement\":[{\"@type\":\"ListItem\",\"position\":1,\"name\":\"Portada\",\"item\":\"https:\/\/colegioarquitectos.com\/noticias\"},{\"@type\":\"ListItem\",\"position\":2,\"name\":\"Arquitectura y servicio p\u00fablico: conoce m\u00e1s de las arquitectas y arquitectos que postulan a cargos de elecci\u00f3n popular\"}]},{\"@type\":\"WebSite\",\"@id\":\"https:\/\/colegioarquitectos.com\/noticias\/#website\",\"url\":\"https:\/\/colegioarquitectos.com\/noticias\/\",\"name\":\"COLEGIO DE ARQUITECTOS DE CHILE\",\"description\":\"\",\"publisher\":{\"@id\":\"https:\/\/colegioarquitectos.com\/noticias\/#organization\"},\"potentialAction\":[{\"@type\":\"SearchAction\",\"target\":{\"@type\":\"EntryPoint\",\"urlTemplate\":\"https:\/\/colegioarquitectos.com\/noticias\/?s={search_term_string}\"},\"query-input\":{\"@type\":\"PropertyValueSpecification\",\"valueRequired\":true,\"valueName\":\"search_term_string\"}}],\"inLanguage\":\"es\"},{\"@type\":\"Organization\",\"@id\":\"https:\/\/colegioarquitectos.com\/noticias\/#organization\",\"name\":\"COLEGIO DE ARQUITECTOS DE CHILE\",\"url\":\"https:\/\/colegioarquitectos.com\/noticias\/\",\"logo\":{\"@type\":\"ImageObject\",\"inLanguage\":\"es\",\"@id\":\"https:\/\/colegioarquitectos.com\/noticias\/#\/schema\/logo\/image\/\",\"url\":\"https:\/\/colegioarquitectos.com\/noticias\/wp-content\/uploads\/2021\/05\/ENCABEZADO-LOGO-CA.jpg\",\"contentUrl\":\"https:\/\/colegioarquitectos.com\/noticias\/wp-content\/uploads\/2021\/05\/ENCABEZADO-LOGO-CA.jpg\",\"width\":690,\"height\":350,\"caption\":\"COLEGIO DE ARQUITECTOS DE CHILE\"},\"image\":{\"@id\":\"https:\/\/colegioarquitectos.com\/noticias\/#\/schema\/logo\/image\/\"},\"sameAs\":[\"https:\/\/facebook.com\/Colegioarq\/\",\"https:\/\/x.com\/colegioarq\",\"https:\/\/instagram.com\/colegioarq\",\"https:\/\/youtube.com\/@ColegiodeArquitectosdeChile\"]},{\"@type\":\"Person\",\"@id\":\"https:\/\/colegioarquitectos.com\/noticias\/#\/schema\/person\/685cc0aad148303c5608f049af8285ad\",\"name\":\"Colegio de Arquitectos de Chile\",\"url\":\"https:\/\/colegioarquitectos.com\/noticias\/?author=4\"}]}<\/script>\n<!-- \/ Yoast SEO plugin. -->","yoast_head_json":{"title":"Arquitectura y servicio p\u00fablico: conoce m\u00e1s de las arquitectas y arquitectos que postulan a cargos de elecci\u00f3n popular - COLEGIO DE ARQUITECTOS DE CHILE","robots":{"index":"index","follow":"follow","max-snippet":"max-snippet:-1","max-image-preview":"max-image-preview:large","max-video-preview":"max-video-preview:-1"},"canonical":"https:\/\/colegioarquitectos.com\/noticias\/?p=32525","og_locale":"es_ES","og_type":"article","og_title":"Arquitectura y servicio p\u00fablico: conoce m\u00e1s de las arquitectas y arquitectos que postulan a cargos de elecci\u00f3n popular - COLEGIO DE ARQUITECTOS DE CHILE","og_description":"El Colegio de Arquitectos de Chile valora a las y los arquitectos que postulan a cargos p\u00fablicos en las elecciones de octubre de 2024 y quiso\u00a0 saber m\u00e1s sobre sus propuestas y anhelos para los territorios que aspiran representar. En &hellip; ver m\u00e1s","og_url":"https:\/\/colegioarquitectos.com\/noticias\/?p=32525","og_site_name":"COLEGIO DE ARQUITECTOS DE CHILE","article_publisher":"https:\/\/facebook.com\/Colegioarq\/","article_published_time":"2024-10-17T12:00:17+00:00","article_modified_time":"2024-10-22T13:40:05+00:00","og_image":[{"width":1280,"height":720,"url":"https:\/\/colegioarquitectos.com\/noticias\/wp-content\/uploads\/2024\/10\/ARQ-SERV-PUBLICO-LLAMADO-DESTWEB-1.png","type":"image\/png"}],"author":"Colegio de Arquitectos de Chile","twitter_card":"summary_large_image","twitter_creator":"@colegioarq","twitter_site":"@colegioarq","twitter_misc":{"Escrito por":"Colegio de Arquitectos de Chile","Tiempo de lectura":"10 minutos"},"schema":{"@context":"https:\/\/schema.org","@graph":[{"@type":"Article","@id":"https:\/\/colegioarquitectos.com\/noticias\/?p=32525#article","isPartOf":{"@id":"https:\/\/colegioarquitectos.com\/noticias\/?p=32525"},"author":{"name":"Colegio de Arquitectos de Chile","@id":"https:\/\/colegioarquitectos.com\/noticias\/#\/schema\/person\/685cc0aad148303c5608f049af8285ad"},"headline":"Arquitectura y servicio p\u00fablico: conoce m\u00e1s de las arquitectas y arquitectos que postulan a cargos de elecci\u00f3n popular","datePublished":"2024-10-17T12:00:17+00:00","dateModified":"2024-10-22T13:40:05+00:00","mainEntityOfPage":{"@id":"https:\/\/colegioarquitectos.com\/noticias\/?p=32525"},"wordCount":2038,"publisher":{"@id":"https:\/\/colegioarquitectos.com\/noticias\/#organization"},"image":{"@id":"https:\/\/colegioarquitectos.com\/noticias\/?p=32525#primaryimage"},"thumbnailUrl":"https:\/\/colegioarquitectos.com\/noticias\/wp-content\/uploads\/2024\/10\/ARQ-SERV-PUBLICO-LLAMADO-DESTWEB-1.png","keywords":["arquitectas candidatas","arquitectos candidatos","Arquitectura y servicio p\u00fablico","elecciones 2024","elecciones octubre 2024"],"articleSection":["Colegio"],"inLanguage":"es"},{"@type":"WebPage","@id":"https:\/\/colegioarquitectos.com\/noticias\/?p=32525","url":"https:\/\/colegioarquitectos.com\/noticias\/?p=32525","name":"Arquitectura y servicio p\u00fablico: conoce m\u00e1s de las arquitectas y arquitectos que postulan a cargos de elecci\u00f3n popular - COLEGIO DE ARQUITECTOS DE CHILE","isPartOf":{"@id":"https:\/\/colegioarquitectos.com\/noticias\/#website"},"primaryImageOfPage":{"@id":"https:\/\/colegioarquitectos.com\/noticias\/?p=32525#primaryimage"},"image":{"@id":"https:\/\/colegioarquitectos.com\/noticias\/?p=32525#primaryimage"},"thumbnailUrl":"https:\/\/colegioarquitectos.com\/noticias\/wp-content\/uploads\/2024\/10\/ARQ-SERV-PUBLICO-LLAMADO-DESTWEB-1.png","datePublished":"2024-10-17T12:00:17+00:00","dateModified":"2024-10-22T13:40:05+00:00","breadcrumb":{"@id":"https:\/\/colegioarquitectos.com\/noticias\/?p=32525#breadcrumb"},"inLanguage":"es","potentialAction":[{"@type":"ReadAction","target":["https:\/\/colegioarquitectos.com\/noticias\/?p=32525"]}]},{"@type":"ImageObject","inLanguage":"es","@id":"https:\/\/colegioarquitectos.com\/noticias\/?p=32525#primaryimage","url":"https:\/\/colegioarquitectos.com\/noticias\/wp-content\/uploads\/2024\/10\/ARQ-SERV-PUBLICO-LLAMADO-DESTWEB-1.png","contentUrl":"https:\/\/colegioarquitectos.com\/noticias\/wp-content\/uploads\/2024\/10\/ARQ-SERV-PUBLICO-LLAMADO-DESTWEB-1.png","width":1280,"height":720},{"@type":"BreadcrumbList","@id":"https:\/\/colegioarquitectos.com\/noticias\/?p=32525#breadcrumb","itemListElement":[{"@type":"ListItem","position":1,"name":"Portada","item":"https:\/\/colegioarquitectos.com\/noticias"},{"@type":"ListItem","position":2,"name":"Arquitectura y servicio p\u00fablico: conoce m\u00e1s de las arquitectas y arquitectos que postulan a cargos de elecci\u00f3n popular"}]},{"@type":"WebSite","@id":"https:\/\/colegioarquitectos.com\/noticias\/#website","url":"https:\/\/colegioarquitectos.com\/noticias\/","name":"COLEGIO DE ARQUITECTOS DE CHILE","description":"","publisher":{"@id":"https:\/\/colegioarquitectos.com\/noticias\/#organization"},"potentialAction":[{"@type":"SearchAction","target":{"@type":"EntryPoint","urlTemplate":"https:\/\/colegioarquitectos.com\/noticias\/?s={search_term_string}"},"query-input":{"@type":"PropertyValueSpecification","valueRequired":true,"valueName":"search_term_string"}}],"inLanguage":"es"},{"@type":"Organization","@id":"https:\/\/colegioarquitectos.com\/noticias\/#organization","name":"COLEGIO DE ARQUITECTOS DE CHILE","url":"https:\/\/colegioarquitectos.com\/noticias\/","logo":{"@type":"ImageObject","inLanguage":"es","@id":"https:\/\/colegioarquitectos.com\/noticias\/#\/schema\/logo\/image\/","url":"https:\/\/colegioarquitectos.com\/noticias\/wp-content\/uploads\/2021\/05\/ENCABEZADO-LOGO-CA.jpg","contentUrl":"https:\/\/colegioarquitectos.com\/noticias\/wp-content\/uploads\/2021\/05\/ENCABEZADO-LOGO-CA.jpg","width":690,"height":350,"caption":"COLEGIO DE ARQUITECTOS DE CHILE"},"image":{"@id":"https:\/\/colegioarquitectos.com\/noticias\/#\/schema\/logo\/image\/"},"sameAs":["https:\/\/facebook.com\/Colegioarq\/","https:\/\/x.com\/colegioarq","https:\/\/instagram.com\/colegioarq","https:\/\/youtube.com\/@ColegiodeArquitectosdeChile"]},{"@type":"Person","@id":"https:\/\/colegioarquitectos.com\/noticias\/#\/schema\/person\/685cc0aad148303c5608f049af8285ad","name":"Colegio de Arquitectos de Chile","url":"https:\/\/colegioarquitectos.com\/noticias\/?author=4"}]}},"_links":{"self":[{"href":"https:\/\/colegioarquitectos.com\/noticias\/index.php?rest_route=\/wp\/v2\/posts\/32525","targetHints":{"allow":["GET"]}}],"collection":[{"href":"https:\/\/colegioarquitectos.com\/noticias\/index.php?rest_route=\/wp\/v2\/posts"}],"about":[{"href":"https:\/\/colegioarquitectos.com\/noticias\/index.php?rest_route=\/wp\/v2\/types\/post"}],"author":[{"embeddable":true,"href":"https:\/\/colegioarquitectos.com\/noticias\/index.php?rest_route=\/wp\/v2\/users\/4"}],"replies":[{"embeddable":true,"href":"https:\/\/colegioarquitectos.com\/noticias\/index.php?rest_route=%2Fwp%2Fv2%2Fcomments&post=32525"}],"version-history":[{"count":0,"href":"https:\/\/colegioarquitectos.com\/noticias\/index.php?rest_route=\/wp\/v2\/posts\/32525\/revisions"}],"wp:featuredmedia":[{"embeddable":true,"href":"https:\/\/colegioarquitectos.com\/noticias\/index.php?rest_route=\/wp\/v2\/media\/32538"}],"wp:attachment":[{"href":"https:\/\/colegioarquitectos.com\/noticias\/index.php?rest_route=%2Fwp%2Fv2%2Fmedia&parent=32525"}],"wp:term":[{"taxonomy":"category","embeddable":true,"href":"https:\/\/colegioarquitectos.com\/noticias\/index.php?rest_route=%2Fwp%2Fv2%2Fcategories&post=32525"},{"taxonomy":"post_tag","embeddable":true,"href":"https:\/\/colegioarquitectos.com\/noticias\/index.php?rest_route=%2Fwp%2Fv2%2Ftags&post=32525"}],"curies":[{"name":"wp","href":"https:\/\/api.w.org\/{rel}","templated":true}]}}