
{"id":32540,"date":"2024-10-04T10:50:57","date_gmt":"2024-10-04T14:50:57","guid":{"rendered":"https:\/\/colegioarquitectos.com\/?p=32540"},"modified":"2024-10-30T12:36:44","modified_gmt":"2024-10-30T16:36:44","slug":"inscribete-en-la-septima-edicion-del-curso-de-regularizaciones-edicion-especial-de-nivel-avanzado-del-centro-de-extension-y-perfeccionamiento-del-colegio-de-arquitectos-de-chile","status":"publish","type":"post","link":"https:\/\/colegioarquitectos.com\/noticias\/?p=32540","title":{"rendered":"[CUPOS COMPLETOS] Inscr\u00edbete en la s\u00e9ptima edici\u00f3n del curso de Regularizaciones, edici\u00f3n especial de nivel avanzado, del Centro de Extensi\u00f3n y Perfeccionamiento del Colegio de Arquitectos de Chile"},"content":{"rendered":"<p>En la actualidad, la sociedad demanda innumerables labores a los profesionales de distintas \u00e1reas.\u00a0<strong>Estas m\u00faltiples necesidades obligan a que est\u00e9n preparados y actualizados respecto a los asuntos espec\u00edficos que surgen en su vida laboral.<\/strong><\/p>\n<p>En esa l\u00ednea, un buen ejemplo son las\u00a0<strong>pol\u00edticas habitacionales del Estado<\/strong>\u00a0y la preocupaci\u00f3n respecto de la\u00a0<strong>certeza jur\u00eddica del dominio y condiciones de legalidad de las propiedades<\/strong>, lo que se ha traducido en\u00a0<strong>normas especiales y leyes excepcionales tendientes a ordenar dichas situaciones, relacionadas a permisos de edificaci\u00f3n, recepciones finales, <\/strong>entre otras.<\/p>\n<p>La gesti\u00f3n de lo anterior es una<strong> fuente laboral importante para muchas y muchos profesionales del \u00e1rea de la construcci\u00f3n<\/strong>, que encuentran en las regularizaciones una fuente de ingresos complementaria y valiosa. En esa direcci\u00f3n y ante el enorme \u00e9xito de las anteriores ediciones, es que el\u00a0<strong>Colegio de Arquitectos de Chile<\/strong>, a trav\u00e9s de su\u00a0<strong>Centro Extensi\u00f3n y Perfeccionamiento (CEP)\u00a0<\/strong>y su\u00a0<strong>Servicio de Asistencia T\u00e9cnica (SAT)<\/strong>, presenta la s\u00e9ptima<strong>\u00a0edici\u00f3n<\/strong>\u00a0del\u00a0<strong>curso de\u00a0Regularizaciones<\/strong>,<strong>\u00a0<\/strong>esta vez reforzado en una<strong> edici\u00f3n especial de nivel avanzado.<\/strong><\/p>\n<p>El curso ofrecer\u00e1 variados contenidos que van desde una visi\u00f3n general de los\u00a0<strong>procesos de regularizaci\u00f3n de proyectos a mediana escala <\/strong>y\u00a0ser\u00e1 impartido por las y los profesionales de nuestro <strong>Servicio de Asistencia T\u00e9cnica (SAT)<\/strong>, que cuenta con\u00a0<strong>67 a\u00f1os de experiencia.<\/strong><\/p>\n<p>&nbsp;<\/p>\n<p>&nbsp;<\/p>\n<h4><img loading=\"lazy\" decoding=\"async\" class=\"size-full wp-image-30503 alignnone\" src=\"https:\/\/colegioarquitectos.com\/noticias\/wp-content\/uploads\/2023\/06\/FRAME-TITTLE-OBJONG-1.png\" alt=\"\" width=\"162\" height=\"25\" \/><\/h4>\n<hr \/>\n<p>Certificaci\u00f3n Profesional, basado en transferencia de conocimientos y soluciones para el desarrollo de proyectos de <strong>\u00a0regularizaciones, an\u00e1lisis de normas, estudio de casos<\/strong>.<\/p>\n<p>Los proyectos que presentamos en esta versi\u00f3n \u00a0var\u00edan en escala, objetivos, y muestran el papel que puede cumplir la arquitectura y las normativas vigentes para la presentaci\u00f3n de expediente Municipal en distintos casos que debemos abordar en la vida profesional.<\/p>\n<p>Dirigido a\u00a0<strong>profesionales, licenciados, te\u0301cnicos y estudiantes de u\u0301ltimo an\u0303o formados en el a\u0301rea de la arquitectura<\/strong>, que busquen profundizar conceptos normativos y de gestio\u0301n en la elaboraci\u00f3n de expedientes y regularizaciones.<\/p>\n<p>&nbsp;<\/p>\n<p>&nbsp;<\/p>\n<h4><img loading=\"lazy\" decoding=\"async\" class=\"size-full wp-image-30502 alignnone\" src=\"https:\/\/colegioarquitectos.com\/noticias\/wp-content\/uploads\/2023\/06\/FRAME-TITTLE-pro.png\" alt=\"\" width=\"162\" height=\"25\" \/><\/h4>\n<hr \/>\n<p>El <strong>curso de\u00a0Regularizaciones<\/strong>,<strong>\u00a0<\/strong><strong>edici\u00f3n especial de nivel avanzado,<\/strong> cuenta con\u00a0<strong>8 m\u00f3dulos acad\u00e9micos<\/strong>\u00a0y<\/p>\n<p>estar\u00e1n a cargo de especialistas de\u00a0nuestro\u00a0<strong>Servicio de Asistencia T\u00e9cnica (SAT)<\/strong>.<\/p>\n<p>&nbsp;<\/p>\n<p><strong>\u00a0<\/strong><\/p>\n<h4>\u00a0<img loading=\"lazy\" decoding=\"async\" class=\"size-full wp-image-30501 alignnone\" src=\"https:\/\/colegioarquitectos.com\/noticias\/wp-content\/uploads\/2023\/06\/FRAME-TITTLE-cont.png\" alt=\"\" width=\"162\" height=\"25\" \/><\/h4>\n<hr \/>\n<ul>\n<li>Permiso de edificaci\u00f3n y Recepci\u00f3n Final de Jardines Infantiles.<\/li>\n<li>Permiso de Edificaci\u00f3n Industria Mediana escala y Presentaci\u00f3n SEREMI.<\/li>\n<li>Proyecto de Habilitaci\u00f3n de Edificio y Cambio de destino (orientado a Hospedaje Cl\u00ednico).<\/li>\n<li>Permiso de Edificaci\u00f3n y Recepci\u00f3n Final vivienda colectiva.<\/li>\n<\/ul>\n<p><strong>\u00a0<\/strong><\/p>\n<p>&nbsp;<\/p>\n<h4>\u00a0<img loading=\"lazy\" decoding=\"async\" class=\"size-full wp-image-30500 alignnone\" src=\"https:\/\/colegioarquitectos.com\/noticias\/wp-content\/uploads\/2023\/06\/FRAME-TITTLE-fecha.png\" alt=\"\" width=\"210\" height=\"25\" \/><\/h4>\n<hr \/>\n<p>Clases online, desde el\u00a0<strong>lunes 04 de noviembre al mi\u00e9rcoles 13 de noviembre de 2024<\/strong>\u00a0(Lunes \/ mi\u00e9rcoles), desde las\u00a0<strong>18:30 a 20:30<\/strong>\u00a0<strong>horas<\/strong>. a trav\u00e9s de la plataforma seminar web zoom. Tendras acceso exclusivo a las clases en vivo y al finalizar el curso a los registros de video y las presentaciones.<\/p>\n<h4><\/h4>\n<h4><img loading=\"lazy\" decoding=\"async\" class=\"size-full wp-image-30504 alignnone\" src=\"https:\/\/colegioarquitectos.com\/noticias\/wp-content\/uploads\/2023\/06\/FRAME-TITTLE-valor.png\" alt=\"\" width=\"210\" height=\"25\" \/><\/h4>\n<hr \/>\n<p>&nbsp;<\/p>\n<table style=\"height: 117px;\" width=\"703\">\n<tbody>\n<tr>\n<td width=\"180\"><strong>Arquitecto\/as Colegiatura activa ( Se solicitar\u00e1 ICA)<\/strong><\/td>\n<td width=\"83\"><strong>$95.000<\/strong><\/td>\n<\/tr>\n<tr>\n<td><strong>Arquitecto\/as No colegiados y P\u00fablico general<\/strong><\/td>\n<td><strong>$125.000<\/strong><\/td>\n<\/tr>\n<tr>\n<td><strong>Estudiantes de arquitectura ( Se solicitar\u00e1 Certificado Alumno regular)\u00a0<\/strong><\/td>\n<td><strong>$75.000<\/strong><\/td>\n<\/tr>\n<\/tbody>\n<\/table>\n<ul>\n<li>El pago se realiza v\u00eda transferencia electr\u00f3nica.<\/li>\n<li>Al inscribirse en el formulario tomaremos contacto entregando los detalles de pago y links de conexi\u00f3n al curso online.<\/li>\n<li>Estudiantes de arquitectura, deben adjuntar certificado de alumno regular junto con el comprobante de pago<\/li>\n<li>Se entregar\u00e1 un certificado al finalizar el curso a quienes cumplan con la totalidad de la asistencia.<\/li>\n<li>El inscribirse no asegura el cupo, una vez inscrito se debe pagar el valor completo del curso para confirmar inscripci\u00f3n y asegurar el cupo.<\/li>\n<\/ul>\n<p>&nbsp;<\/p>\n<h4><img loading=\"lazy\" decoding=\"async\" class=\"size-full wp-image-30499 alignnone\" src=\"https:\/\/colegioarquitectos.com\/noticias\/wp-content\/uploads\/2023\/06\/FRAME-TITTLE-inscri.png\" alt=\"\" width=\"210\" height=\"25\" \/><\/h4>\n<hr \/>\n<p><strong>CUPOS COMPLETOS<\/strong><\/p>\n<p>&nbsp;<\/p>\n<p>&nbsp;<\/p>\n<hr \/>\n<p>&nbsp;<\/p>\n<h5 style=\"text-align: right;\">** Una vez completado el registro de los primeros 100 inscritos (pagados); cerraremos el formulario y se realizar\u00e1 una lista de espera para una pr\u00f3xima edici\u00f3n del curso de Regularizaciones,<strong>\u00a0<\/strong><strong>edici\u00f3n especial de nivel avanzado<\/strong>.<\/h5>\n<h5 style=\"text-align: right;\">** Link directo a formulario <strong>ac\u00e1<\/strong><\/h5>\n<p>&nbsp;<\/p>\n<p><img loading=\"lazy\" decoding=\"async\" class=\"aligncenter wp-image-32542 size-full\" src=\"https:\/\/colegioarquitectos.com\/noticias\/wp-content\/uploads\/2024\/10\/CURSO-REGULARIZACIONES-NOV2024-FEED.png\" alt=\"\" width=\"1280\" height=\"1280\" srcset=\"https:\/\/colegioarquitectos.com\/noticias\/wp-content\/uploads\/2024\/10\/CURSO-REGULARIZACIONES-NOV2024-FEED.png 1280w, https:\/\/colegioarquitectos.com\/noticias\/wp-content\/uploads\/2024\/10\/CURSO-REGULARIZACIONES-NOV2024-FEED-180x180.png 180w, https:\/\/colegioarquitectos.com\/noticias\/wp-content\/uploads\/2024\/10\/CURSO-REGULARIZACIONES-NOV2024-FEED-300x300.png 300w, https:\/\/colegioarquitectos.com\/noticias\/wp-content\/uploads\/2024\/10\/CURSO-REGULARIZACIONES-NOV2024-FEED-768x768.png 768w, https:\/\/colegioarquitectos.com\/noticias\/wp-content\/uploads\/2024\/10\/CURSO-REGULARIZACIONES-NOV2024-FEED-1024x1024.png 1024w\" sizes=\"auto, (max-width: 1280px) 100vw, 1280px\" \/><\/p>\n<p>&nbsp;<\/p>\n<p>&nbsp;<\/p>\n<p><\/p>","protected":false},"excerpt":{"rendered":"<p>En la actualidad, la sociedad demanda innumerables labores a los profesionales de distintas \u00e1reas.\u00a0Estas m\u00faltiples necesidades obligan a que est\u00e9n preparados y actualizados respecto a los asuntos espec\u00edficos que surgen en su vida laboral. En esa l\u00ednea, un buen ejemplo &hellip; <a class=\"more-link\" href=\"https:\/\/colegioarquitectos.com\/noticias\/?p=32540\">ver m\u00e1s<\/a><\/p>","protected":false},"author":4,"featured_media":32541,"comment_status":"closed","ping_status":"closed","sticky":false,"template":"","format":"standard","meta":{"footnotes":""},"categories":[8],"tags":[442,154,434,435,105,130,444,443,1015,438,441,439,433,437,1016,436,440],"class_list":["post-32540","post","type-post","status-publish","format-standard","has-post-thumbnail","hentry","category-colegio-de-arquitectos","tag-analisis-de-normas","tag-ca","tag-centro-extension-y-perfeccionamiento","tag-cep","tag-colegio-de-arquitectos-de-chile","tag-curso","tag-estudio-de-casos","tag-mercado-de-subsidios","tag-nivel-avanzado","tag-permisos-de-edificacion","tag-procesos-de-regularizacion","tag-recepciones-finales","tag-regularizacion-y-subsidios","tag-sat","tag-septima-edicion","tag-servicio-de-asistencia-tecnica","tag-subdivisiones"],"yoast_head":"<!-- This site is optimized with the Yoast SEO plugin v24.2 - https:\/\/yoast.com\/wordpress\/plugins\/seo\/ -->\n<title>[CUPOS COMPLETOS] Inscr\u00edbete en la s\u00e9ptima edici\u00f3n del curso de Regularizaciones, edici\u00f3n especial de nivel avanzado, del Centro de Extensi\u00f3n y Perfeccionamiento del Colegio de Arquitectos de Chile - COLEGIO DE ARQUITECTOS DE CHILE<\/title>\n<meta name=\"robots\" content=\"index, follow, max-snippet:-1, max-image-preview:large, max-video-preview:-1\" \/>\n<link rel=\"canonical\" href=\"https:\/\/colegioarquitectos.com\/noticias\/?p=32540\" \/>\n<meta property=\"og:locale\" content=\"es_ES\" \/>\n<meta property=\"og:type\" content=\"article\" \/>\n<meta property=\"og:title\" content=\"[CUPOS COMPLETOS] Inscr\u00edbete en la s\u00e9ptima edici\u00f3n del curso de Regularizaciones, edici\u00f3n especial de nivel avanzado, del Centro de Extensi\u00f3n y Perfeccionamiento del Colegio de Arquitectos de Chile - COLEGIO DE ARQUITECTOS DE CHILE\" \/>\n<meta property=\"og:description\" content=\"En la actualidad, la sociedad demanda innumerables labores a los profesionales de distintas \u00e1reas.\u00a0Estas m\u00faltiples necesidades obligan a que est\u00e9n preparados y actualizados respecto a los asuntos espec\u00edficos que surgen en su vida laboral. En esa l\u00ednea, un buen ejemplo &hellip; ver m\u00e1s\" \/>\n<meta property=\"og:url\" content=\"https:\/\/colegioarquitectos.com\/noticias\/?p=32540\" \/>\n<meta property=\"og:site_name\" content=\"COLEGIO DE ARQUITECTOS DE CHILE\" \/>\n<meta property=\"article:publisher\" content=\"https:\/\/facebook.com\/Colegioarq\/\" \/>\n<meta property=\"article:published_time\" content=\"2024-10-04T14:50:57+00:00\" \/>\n<meta property=\"article:modified_time\" content=\"2024-10-30T16:36:44+00:00\" \/>\n<meta property=\"og:image\" content=\"https:\/\/colegioarquitectos.com\/noticias\/wp-content\/uploads\/2024\/10\/CURSO-REGULARIZACIONES-NOV2024-DESTWEB.png\" \/>\n\t<meta property=\"og:image:width\" content=\"1280\" \/>\n\t<meta property=\"og:image:height\" content=\"720\" \/>\n\t<meta property=\"og:image:type\" content=\"image\/png\" \/>\n<meta name=\"author\" content=\"Colegio de Arquitectos de Chile\" \/>\n<meta name=\"twitter:card\" content=\"summary_large_image\" \/>\n<meta name=\"twitter:creator\" content=\"@colegioarq\" \/>\n<meta name=\"twitter:site\" content=\"@colegioarq\" \/>\n<meta name=\"twitter:label1\" content=\"Escrito por\" \/>\n\t<meta name=\"twitter:data1\" content=\"Colegio de Arquitectos de Chile\" \/>\n\t<meta name=\"twitter:label2\" content=\"Tiempo de lectura\" \/>\n\t<meta name=\"twitter:data2\" content=\"3 minutos\" \/>\n<script type=\"application\/ld+json\" class=\"yoast-schema-graph\">{\"@context\":\"https:\/\/schema.org\",\"@graph\":[{\"@type\":\"Article\",\"@id\":\"https:\/\/colegioarquitectos.com\/noticias\/?p=32540#article\",\"isPartOf\":{\"@id\":\"https:\/\/colegioarquitectos.com\/noticias\/?p=32540\"},\"author\":{\"name\":\"Colegio de Arquitectos de Chile\",\"@id\":\"https:\/\/colegioarquitectos.com\/noticias\/#\/schema\/person\/685cc0aad148303c5608f049af8285ad\"},\"headline\":\"[CUPOS COMPLETOS] Inscr\u00edbete en la s\u00e9ptima edici\u00f3n del curso de Regularizaciones, edici\u00f3n especial de nivel avanzado, del Centro de Extensi\u00f3n y Perfeccionamiento del Colegio de Arquitectos de Chile\",\"datePublished\":\"2024-10-04T14:50:57+00:00\",\"dateModified\":\"2024-10-30T16:36:44+00:00\",\"mainEntityOfPage\":{\"@id\":\"https:\/\/colegioarquitectos.com\/noticias\/?p=32540\"},\"wordCount\":670,\"publisher\":{\"@id\":\"https:\/\/colegioarquitectos.com\/noticias\/#organization\"},\"image\":{\"@id\":\"https:\/\/colegioarquitectos.com\/noticias\/?p=32540#primaryimage\"},\"thumbnailUrl\":\"https:\/\/colegioarquitectos.com\/noticias\/wp-content\/uploads\/2024\/10\/CURSO-REGULARIZACIONES-NOV2024-DESTWEB.png\",\"keywords\":[\"an\u00e1lisis de normas\",\"CA\",\"Centro Extensi\u00f3n y Perfeccionamiento\",\"CEP\",\"Colegio de Arquitectos de Chile\",\"Curso\",\"estudio de casos\",\"mercado de subsidios\",\"nivel avanzado\",\"permisos de edificaci\u00f3n\",\"procesos de regularizaci\u00f3n\",\"recepciones finales\",\"Regularizaci\u00f3n y Subsidios\",\"SAT\",\"s\u00e9ptima edici\u00f3n\",\"Servicio de Asistencia T\u00e9cnica\",\"subdivisiones\"],\"articleSection\":[\"Colegio\"],\"inLanguage\":\"es\"},{\"@type\":\"WebPage\",\"@id\":\"https:\/\/colegioarquitectos.com\/noticias\/?p=32540\",\"url\":\"https:\/\/colegioarquitectos.com\/noticias\/?p=32540\",\"name\":\"[CUPOS COMPLETOS] Inscr\u00edbete en la s\u00e9ptima edici\u00f3n del curso de Regularizaciones, edici\u00f3n especial de nivel avanzado, del Centro de Extensi\u00f3n y Perfeccionamiento del Colegio de Arquitectos de Chile - COLEGIO DE ARQUITECTOS DE CHILE\",\"isPartOf\":{\"@id\":\"https:\/\/colegioarquitectos.com\/noticias\/#website\"},\"primaryImageOfPage\":{\"@id\":\"https:\/\/colegioarquitectos.com\/noticias\/?p=32540#primaryimage\"},\"image\":{\"@id\":\"https:\/\/colegioarquitectos.com\/noticias\/?p=32540#primaryimage\"},\"thumbnailUrl\":\"https:\/\/colegioarquitectos.com\/noticias\/wp-content\/uploads\/2024\/10\/CURSO-REGULARIZACIONES-NOV2024-DESTWEB.png\",\"datePublished\":\"2024-10-04T14:50:57+00:00\",\"dateModified\":\"2024-10-30T16:36:44+00:00\",\"breadcrumb\":{\"@id\":\"https:\/\/colegioarquitectos.com\/noticias\/?p=32540#breadcrumb\"},\"inLanguage\":\"es\",\"potentialAction\":[{\"@type\":\"ReadAction\",\"target\":[\"https:\/\/colegioarquitectos.com\/noticias\/?p=32540\"]}]},{\"@type\":\"ImageObject\",\"inLanguage\":\"es\",\"@id\":\"https:\/\/colegioarquitectos.com\/noticias\/?p=32540#primaryimage\",\"url\":\"https:\/\/colegioarquitectos.com\/noticias\/wp-content\/uploads\/2024\/10\/CURSO-REGULARIZACIONES-NOV2024-DESTWEB.png\",\"contentUrl\":\"https:\/\/colegioarquitectos.com\/noticias\/wp-content\/uploads\/2024\/10\/CURSO-REGULARIZACIONES-NOV2024-DESTWEB.png\",\"width\":1280,\"height\":720},{\"@type\":\"BreadcrumbList\",\"@id\":\"https:\/\/colegioarquitectos.com\/noticias\/?p=32540#breadcrumb\",\"itemListElement\":[{\"@type\":\"ListItem\",\"position\":1,\"name\":\"Portada\",\"item\":\"https:\/\/colegioarquitectos.com\/noticias\"},{\"@type\":\"ListItem\",\"position\":2,\"name\":\"[CUPOS COMPLETOS] Inscr\u00edbete en la s\u00e9ptima edici\u00f3n del curso de Regularizaciones, edici\u00f3n especial de nivel avanzado, del Centro de Extensi\u00f3n y Perfeccionamiento del Colegio de Arquitectos de Chile\"}]},{\"@type\":\"WebSite\",\"@id\":\"https:\/\/colegioarquitectos.com\/noticias\/#website\",\"url\":\"https:\/\/colegioarquitectos.com\/noticias\/\",\"name\":\"COLEGIO DE ARQUITECTOS DE CHILE\",\"description\":\"\",\"publisher\":{\"@id\":\"https:\/\/colegioarquitectos.com\/noticias\/#organization\"},\"potentialAction\":[{\"@type\":\"SearchAction\",\"target\":{\"@type\":\"EntryPoint\",\"urlTemplate\":\"https:\/\/colegioarquitectos.com\/noticias\/?s={search_term_string}\"},\"query-input\":{\"@type\":\"PropertyValueSpecification\",\"valueRequired\":true,\"valueName\":\"search_term_string\"}}],\"inLanguage\":\"es\"},{\"@type\":\"Organization\",\"@id\":\"https:\/\/colegioarquitectos.com\/noticias\/#organization\",\"name\":\"COLEGIO DE ARQUITECTOS DE CHILE\",\"url\":\"https:\/\/colegioarquitectos.com\/noticias\/\",\"logo\":{\"@type\":\"ImageObject\",\"inLanguage\":\"es\",\"@id\":\"https:\/\/colegioarquitectos.com\/noticias\/#\/schema\/logo\/image\/\",\"url\":\"https:\/\/colegioarquitectos.com\/noticias\/wp-content\/uploads\/2021\/05\/ENCABEZADO-LOGO-CA.jpg\",\"contentUrl\":\"https:\/\/colegioarquitectos.com\/noticias\/wp-content\/uploads\/2021\/05\/ENCABEZADO-LOGO-CA.jpg\",\"width\":690,\"height\":350,\"caption\":\"COLEGIO DE ARQUITECTOS DE CHILE\"},\"image\":{\"@id\":\"https:\/\/colegioarquitectos.com\/noticias\/#\/schema\/logo\/image\/\"},\"sameAs\":[\"https:\/\/facebook.com\/Colegioarq\/\",\"https:\/\/x.com\/colegioarq\",\"https:\/\/instagram.com\/colegioarq\",\"https:\/\/youtube.com\/@ColegiodeArquitectosdeChile\"]},{\"@type\":\"Person\",\"@id\":\"https:\/\/colegioarquitectos.com\/noticias\/#\/schema\/person\/685cc0aad148303c5608f049af8285ad\",\"name\":\"Colegio de Arquitectos de Chile\",\"url\":\"https:\/\/colegioarquitectos.com\/noticias\/?author=4\"}]}<\/script>\n<!-- \/ Yoast SEO plugin. -->","yoast_head_json":{"title":"[CUPOS COMPLETOS] Inscr\u00edbete en la s\u00e9ptima edici\u00f3n del curso de Regularizaciones, edici\u00f3n especial de nivel avanzado, del Centro de Extensi\u00f3n y Perfeccionamiento del Colegio de Arquitectos de Chile - COLEGIO DE ARQUITECTOS DE CHILE","robots":{"index":"index","follow":"follow","max-snippet":"max-snippet:-1","max-image-preview":"max-image-preview:large","max-video-preview":"max-video-preview:-1"},"canonical":"https:\/\/colegioarquitectos.com\/noticias\/?p=32540","og_locale":"es_ES","og_type":"article","og_title":"[CUPOS COMPLETOS] Inscr\u00edbete en la s\u00e9ptima edici\u00f3n del curso de Regularizaciones, edici\u00f3n especial de nivel avanzado, del Centro de Extensi\u00f3n y Perfeccionamiento del Colegio de Arquitectos de Chile - COLEGIO DE ARQUITECTOS DE CHILE","og_description":"En la actualidad, la sociedad demanda innumerables labores a los profesionales de distintas \u00e1reas.\u00a0Estas m\u00faltiples necesidades obligan a que est\u00e9n preparados y actualizados respecto a los asuntos espec\u00edficos que surgen en su vida laboral. En esa l\u00ednea, un buen ejemplo &hellip; ver m\u00e1s","og_url":"https:\/\/colegioarquitectos.com\/noticias\/?p=32540","og_site_name":"COLEGIO DE ARQUITECTOS DE CHILE","article_publisher":"https:\/\/facebook.com\/Colegioarq\/","article_published_time":"2024-10-04T14:50:57+00:00","article_modified_time":"2024-10-30T16:36:44+00:00","og_image":[{"width":1280,"height":720,"url":"https:\/\/colegioarquitectos.com\/noticias\/wp-content\/uploads\/2024\/10\/CURSO-REGULARIZACIONES-NOV2024-DESTWEB.png","type":"image\/png"}],"author":"Colegio de Arquitectos de Chile","twitter_card":"summary_large_image","twitter_creator":"@colegioarq","twitter_site":"@colegioarq","twitter_misc":{"Escrito por":"Colegio de Arquitectos de Chile","Tiempo de lectura":"3 minutos"},"schema":{"@context":"https:\/\/schema.org","@graph":[{"@type":"Article","@id":"https:\/\/colegioarquitectos.com\/noticias\/?p=32540#article","isPartOf":{"@id":"https:\/\/colegioarquitectos.com\/noticias\/?p=32540"},"author":{"name":"Colegio de Arquitectos de Chile","@id":"https:\/\/colegioarquitectos.com\/noticias\/#\/schema\/person\/685cc0aad148303c5608f049af8285ad"},"headline":"[CUPOS COMPLETOS] Inscr\u00edbete en la s\u00e9ptima edici\u00f3n del curso de Regularizaciones, edici\u00f3n especial de nivel avanzado, del Centro de Extensi\u00f3n y Perfeccionamiento del Colegio de Arquitectos de Chile","datePublished":"2024-10-04T14:50:57+00:00","dateModified":"2024-10-30T16:36:44+00:00","mainEntityOfPage":{"@id":"https:\/\/colegioarquitectos.com\/noticias\/?p=32540"},"wordCount":670,"publisher":{"@id":"https:\/\/colegioarquitectos.com\/noticias\/#organization"},"image":{"@id":"https:\/\/colegioarquitectos.com\/noticias\/?p=32540#primaryimage"},"thumbnailUrl":"https:\/\/colegioarquitectos.com\/noticias\/wp-content\/uploads\/2024\/10\/CURSO-REGULARIZACIONES-NOV2024-DESTWEB.png","keywords":["an\u00e1lisis de normas","CA","Centro Extensi\u00f3n y Perfeccionamiento","CEP","Colegio de Arquitectos de Chile","Curso","estudio de casos","mercado de subsidios","nivel avanzado","permisos de edificaci\u00f3n","procesos de regularizaci\u00f3n","recepciones finales","Regularizaci\u00f3n y Subsidios","SAT","s\u00e9ptima edici\u00f3n","Servicio de Asistencia T\u00e9cnica","subdivisiones"],"articleSection":["Colegio"],"inLanguage":"es"},{"@type":"WebPage","@id":"https:\/\/colegioarquitectos.com\/noticias\/?p=32540","url":"https:\/\/colegioarquitectos.com\/noticias\/?p=32540","name":"[CUPOS COMPLETOS] Inscr\u00edbete en la s\u00e9ptima edici\u00f3n del curso de Regularizaciones, edici\u00f3n especial de nivel avanzado, del Centro de Extensi\u00f3n y Perfeccionamiento del Colegio de Arquitectos de Chile - COLEGIO DE ARQUITECTOS DE CHILE","isPartOf":{"@id":"https:\/\/colegioarquitectos.com\/noticias\/#website"},"primaryImageOfPage":{"@id":"https:\/\/colegioarquitectos.com\/noticias\/?p=32540#primaryimage"},"image":{"@id":"https:\/\/colegioarquitectos.com\/noticias\/?p=32540#primaryimage"},"thumbnailUrl":"https:\/\/colegioarquitectos.com\/noticias\/wp-content\/uploads\/2024\/10\/CURSO-REGULARIZACIONES-NOV2024-DESTWEB.png","datePublished":"2024-10-04T14:50:57+00:00","dateModified":"2024-10-30T16:36:44+00:00","breadcrumb":{"@id":"https:\/\/colegioarquitectos.com\/noticias\/?p=32540#breadcrumb"},"inLanguage":"es","potentialAction":[{"@type":"ReadAction","target":["https:\/\/colegioarquitectos.com\/noticias\/?p=32540"]}]},{"@type":"ImageObject","inLanguage":"es","@id":"https:\/\/colegioarquitectos.com\/noticias\/?p=32540#primaryimage","url":"https:\/\/colegioarquitectos.com\/noticias\/wp-content\/uploads\/2024\/10\/CURSO-REGULARIZACIONES-NOV2024-DESTWEB.png","contentUrl":"https:\/\/colegioarquitectos.com\/noticias\/wp-content\/uploads\/2024\/10\/CURSO-REGULARIZACIONES-NOV2024-DESTWEB.png","width":1280,"height":720},{"@type":"BreadcrumbList","@id":"https:\/\/colegioarquitectos.com\/noticias\/?p=32540#breadcrumb","itemListElement":[{"@type":"ListItem","position":1,"name":"Portada","item":"https:\/\/colegioarquitectos.com\/noticias"},{"@type":"ListItem","position":2,"name":"[CUPOS COMPLETOS] Inscr\u00edbete en la s\u00e9ptima edici\u00f3n del curso de Regularizaciones, edici\u00f3n especial de nivel avanzado, del Centro de Extensi\u00f3n y Perfeccionamiento del Colegio de Arquitectos de Chile"}]},{"@type":"WebSite","@id":"https:\/\/colegioarquitectos.com\/noticias\/#website","url":"https:\/\/colegioarquitectos.com\/noticias\/","name":"COLEGIO DE ARQUITECTOS DE CHILE","description":"","publisher":{"@id":"https:\/\/colegioarquitectos.com\/noticias\/#organization"},"potentialAction":[{"@type":"SearchAction","target":{"@type":"EntryPoint","urlTemplate":"https:\/\/colegioarquitectos.com\/noticias\/?s={search_term_string}"},"query-input":{"@type":"PropertyValueSpecification","valueRequired":true,"valueName":"search_term_string"}}],"inLanguage":"es"},{"@type":"Organization","@id":"https:\/\/colegioarquitectos.com\/noticias\/#organization","name":"COLEGIO DE ARQUITECTOS DE CHILE","url":"https:\/\/colegioarquitectos.com\/noticias\/","logo":{"@type":"ImageObject","inLanguage":"es","@id":"https:\/\/colegioarquitectos.com\/noticias\/#\/schema\/logo\/image\/","url":"https:\/\/colegioarquitectos.com\/noticias\/wp-content\/uploads\/2021\/05\/ENCABEZADO-LOGO-CA.jpg","contentUrl":"https:\/\/colegioarquitectos.com\/noticias\/wp-content\/uploads\/2021\/05\/ENCABEZADO-LOGO-CA.jpg","width":690,"height":350,"caption":"COLEGIO DE ARQUITECTOS DE CHILE"},"image":{"@id":"https:\/\/colegioarquitectos.com\/noticias\/#\/schema\/logo\/image\/"},"sameAs":["https:\/\/facebook.com\/Colegioarq\/","https:\/\/x.com\/colegioarq","https:\/\/instagram.com\/colegioarq","https:\/\/youtube.com\/@ColegiodeArquitectosdeChile"]},{"@type":"Person","@id":"https:\/\/colegioarquitectos.com\/noticias\/#\/schema\/person\/685cc0aad148303c5608f049af8285ad","name":"Colegio de Arquitectos de Chile","url":"https:\/\/colegioarquitectos.com\/noticias\/?author=4"}]}},"_links":{"self":[{"href":"https:\/\/colegioarquitectos.com\/noticias\/index.php?rest_route=\/wp\/v2\/posts\/32540","targetHints":{"allow":["GET"]}}],"collection":[{"href":"https:\/\/colegioarquitectos.com\/noticias\/index.php?rest_route=\/wp\/v2\/posts"}],"about":[{"href":"https:\/\/colegioarquitectos.com\/noticias\/index.php?rest_route=\/wp\/v2\/types\/post"}],"author":[{"embeddable":true,"href":"https:\/\/colegioarquitectos.com\/noticias\/index.php?rest_route=\/wp\/v2\/users\/4"}],"replies":[{"embeddable":true,"href":"https:\/\/colegioarquitectos.com\/noticias\/index.php?rest_route=%2Fwp%2Fv2%2Fcomments&post=32540"}],"version-history":[{"count":0,"href":"https:\/\/colegioarquitectos.com\/noticias\/index.php?rest_route=\/wp\/v2\/posts\/32540\/revisions"}],"wp:featuredmedia":[{"embeddable":true,"href":"https:\/\/colegioarquitectos.com\/noticias\/index.php?rest_route=\/wp\/v2\/media\/32541"}],"wp:attachment":[{"href":"https:\/\/colegioarquitectos.com\/noticias\/index.php?rest_route=%2Fwp%2Fv2%2Fmedia&parent=32540"}],"wp:term":[{"taxonomy":"category","embeddable":true,"href":"https:\/\/colegioarquitectos.com\/noticias\/index.php?rest_route=%2Fwp%2Fv2%2Fcategories&post=32540"},{"taxonomy":"post_tag","embeddable":true,"href":"https:\/\/colegioarquitectos.com\/noticias\/index.php?rest_route=%2Fwp%2Fv2%2Ftags&post=32540"}],"curies":[{"name":"wp","href":"https:\/\/api.w.org\/{rel}","templated":true}]}}