
{"id":32548,"date":"2024-10-07T11:24:49","date_gmt":"2024-10-07T15:24:49","guid":{"rendered":"https:\/\/colegioarquitectos.com\/?p=32548"},"modified":"2024-10-17T10:44:21","modified_gmt":"2024-10-17T14:44:21","slug":"se-realizara-en-nuestra-sede-nacional-la-conferencia-de-cultura-de-skateboarding-ccs-vol-ii-situacion-de-los-skateparks-en-chile-y-el-mundo","status":"publish","type":"post","link":"https:\/\/colegioarquitectos.com\/noticias\/?p=32548","title":{"rendered":"Se realizar\u00e1 en nuestra Sede Nacional la conferencia de cultura de skateboarding \u00abCCS Vol. II. Situaci\u00f3n de los skateparks en Chile y el mundo\u00bb"},"content":{"rendered":"<p>El pr\u00f3ximo mi\u00e9rcoles 16 de octubre desde las 18.00 horas se realizar\u00e1 la segunda versi\u00f3n de las conferencias de la cultura skateboarding \u00abCCS Vol. II. Situaci\u00f3n de los skateparks en Chile y el mundo. Una mirada integral a la planificaci\u00f3n, el dise\u00f1o y su construcci\u00f3n\u00bb, organizado por DCES ONG, Fundaci\u00f3n Escuela de Bicicletas y nuestro Comit\u00e9 de Arquitectura Deportiva.<\/p>\n<p>La instancia, que se realizar\u00e1 en nuestra Sede Nacional (Avenida Libertador Bernardo O\u2019Higgins 115, Santiago) tratar\u00e1 temas como:<\/p>\n<ul>\n<li>Accesibilidad universal en dise\u00f1os para deportista de movilidad reducida (Pablo Pino Navarrete \u2013 Dirigente social Club Puente Skate) @pablo.pino.54<\/li>\n<li>Skateparks, pol\u00edticas p\u00fablicas y participaci\u00f3n ciudadana (Andr\u00e9s Santelices Greve \u2013 Skater y Arquitecto de la U. de Chile) @333andys<\/li>\n<li>Desarrollo del skate (Mauricio Rodriguez \u2013 Director t\u00e9cnico nacional de Skate) @m_rodriguez1<\/li>\n<li>Gesti\u00f3n de residuos en la pr\u00e1ctica del skateboarding (Juan Carlos Barrera \u2013 Salva Skateboarding) @salva_skateboards<\/li>\n<li>La importancia del dise\u00f1o y planificaci\u00f3n (Christian Mateluna \u2013 Fundaci\u00f3n Escuela de Bicicletas) @christianmateluna<\/li>\n<\/ul>\n<p>&nbsp;<\/p>\n<p>Por otra parte, se realizar\u00e1 una demostraci\u00f3n de skate y bicicletas, m\u00fasica en vivo por parte de Rodrigo Colimeus y un rico cocktail para compartir con los 80 seleccionados para asistir presencialmente al Colegio de Arquitectos de Chile, para ser parte de este evento que busca colaborar con el desarrollo de las comunidades en temas de infraestructura deportiva y gesti\u00f3n social.<\/p>\n<p>Puedes inscribirte para la trasmisi\u00f3n v\u00eda streaming escaneando el QR del flyer.<\/p>\n<p>&nbsp;<\/p>\n<h4>Empresas colaboradoras<\/h4>\n<hr \/>\n<p>@uenteskate<\/p>\n<p>@salva_skateboards<\/p>\n<p>@escuelaskatevida<\/p>\n<p>@ingenieria.sp<\/p>\n<p>@rubrum.cl<\/p>\n<p>@maderasanta_fb<\/p>\n<p>@creacionesfest.chile<\/p>\n<p>@sol.rideshop<\/p>\n<p>@venicebowl<\/p>\n<p>@arkitrack<\/p>\n<p>@spotskateparks<\/p>\n<p>@ride4fun.cl<\/p>\n<p>@Kunstmannchile<\/p>\n<p>&nbsp;<\/p>\n<h4>Media partners<\/h4>\n<hr \/>\n<p>@latabla<\/p>\n<p>@bustalifee<\/p>\n<p>@pivotskatemag<\/p>\n<p>&nbsp;<\/p>\n<p>&nbsp;<\/p>\n<p><\/p>","protected":false},"excerpt":{"rendered":"<p>El pr\u00f3ximo mi\u00e9rcoles 16 de octubre desde las 18.00 horas se realizar\u00e1 la segunda versi\u00f3n de las conferencias de la cultura skateboarding \u00abCCS Vol. II. Situaci\u00f3n de los skateparks en Chile y el mundo. Una mirada integral a la planificaci\u00f3n, &hellip; <a class=\"more-link\" href=\"https:\/\/colegioarquitectos.com\/noticias\/?p=32548\">ver m\u00e1s<\/a><\/p>","protected":false},"author":4,"featured_media":32549,"comment_status":"closed","ping_status":"closed","sticky":false,"template":"","format":"standard","meta":{"footnotes":""},"categories":[9],"tags":[1019,105,1021,544,239,1020,1017,1018],"class_list":["post-32548","post","type-post","status-publish","format-standard","has-post-thumbnail","hentry","category-comites","tag-ccs-vol-ii","tag-colegio-de-arquitectos-de-chile","tag-comite-de-arquitectura-deportiva","tag-conferencia","tag-sede-nacional","tag-situacion-de-los-skateparks-en-chile-y-el-mundo","tag-skate","tag-skateboarding"],"yoast_head":"<!-- This site is optimized with the Yoast SEO plugin v24.2 - https:\/\/yoast.com\/wordpress\/plugins\/seo\/ -->\n<title>Se realizar\u00e1 en nuestra Sede Nacional la conferencia de cultura de skateboarding \u00abCCS Vol. II. Situaci\u00f3n de los skateparks en Chile y el mundo\u00bb - COLEGIO DE ARQUITECTOS DE CHILE<\/title>\n<meta name=\"robots\" content=\"index, follow, max-snippet:-1, max-image-preview:large, max-video-preview:-1\" \/>\n<link rel=\"canonical\" href=\"https:\/\/colegioarquitectos.com\/noticias\/?p=32548\" \/>\n<meta property=\"og:locale\" content=\"es_ES\" \/>\n<meta property=\"og:type\" content=\"article\" \/>\n<meta property=\"og:title\" content=\"Se realizar\u00e1 en nuestra Sede Nacional la conferencia de cultura de skateboarding \u00abCCS Vol. II. Situaci\u00f3n de los skateparks en Chile y el mundo\u00bb - COLEGIO DE ARQUITECTOS DE CHILE\" \/>\n<meta property=\"og:description\" content=\"El pr\u00f3ximo mi\u00e9rcoles 16 de octubre desde las 18.00 horas se realizar\u00e1 la segunda versi\u00f3n de las conferencias de la cultura skateboarding \u00abCCS Vol. II. Situaci\u00f3n de los skateparks en Chile y el mundo. Una mirada integral a la planificaci\u00f3n, &hellip; ver m\u00e1s\" \/>\n<meta property=\"og:url\" content=\"https:\/\/colegioarquitectos.com\/noticias\/?p=32548\" \/>\n<meta property=\"og:site_name\" content=\"COLEGIO DE ARQUITECTOS DE CHILE\" \/>\n<meta property=\"article:publisher\" content=\"https:\/\/facebook.com\/Colegioarq\/\" \/>\n<meta property=\"article:published_time\" content=\"2024-10-07T15:24:49+00:00\" \/>\n<meta property=\"article:modified_time\" content=\"2024-10-17T14:44:21+00:00\" \/>\n<meta property=\"og:image\" content=\"https:\/\/colegioarquitectos.com\/noticias\/wp-content\/uploads\/2024\/10\/Flyer-CCS-Vol.-II-1280x720-Oficial.jpg\" \/>\n\t<meta property=\"og:image:width\" content=\"1988\" \/>\n\t<meta property=\"og:image:height\" content=\"1125\" \/>\n\t<meta property=\"og:image:type\" content=\"image\/jpeg\" \/>\n<meta name=\"author\" content=\"Colegio de Arquitectos de Chile\" \/>\n<meta name=\"twitter:card\" content=\"summary_large_image\" \/>\n<meta name=\"twitter:creator\" content=\"@colegioarq\" \/>\n<meta name=\"twitter:site\" content=\"@colegioarq\" \/>\n<meta name=\"twitter:label1\" content=\"Escrito por\" \/>\n\t<meta name=\"twitter:data1\" content=\"Colegio de Arquitectos de Chile\" \/>\n\t<meta name=\"twitter:label2\" content=\"Tiempo de lectura\" \/>\n\t<meta name=\"twitter:data2\" content=\"1 minuto\" \/>\n<script type=\"application\/ld+json\" class=\"yoast-schema-graph\">{\"@context\":\"https:\/\/schema.org\",\"@graph\":[{\"@type\":\"Article\",\"@id\":\"https:\/\/colegioarquitectos.com\/noticias\/?p=32548#article\",\"isPartOf\":{\"@id\":\"https:\/\/colegioarquitectos.com\/noticias\/?p=32548\"},\"author\":{\"name\":\"Colegio de Arquitectos de Chile\",\"@id\":\"https:\/\/colegioarquitectos.com\/noticias\/#\/schema\/person\/685cc0aad148303c5608f049af8285ad\"},\"headline\":\"Se realizar\u00e1 en nuestra Sede Nacional la conferencia de cultura de skateboarding \u00abCCS Vol. II. Situaci\u00f3n de los skateparks en Chile y el mundo\u00bb\",\"datePublished\":\"2024-10-07T15:24:49+00:00\",\"dateModified\":\"2024-10-17T14:44:21+00:00\",\"mainEntityOfPage\":{\"@id\":\"https:\/\/colegioarquitectos.com\/noticias\/?p=32548\"},\"wordCount\":306,\"publisher\":{\"@id\":\"https:\/\/colegioarquitectos.com\/noticias\/#organization\"},\"image\":{\"@id\":\"https:\/\/colegioarquitectos.com\/noticias\/?p=32548#primaryimage\"},\"thumbnailUrl\":\"https:\/\/colegioarquitectos.com\/noticias\/wp-content\/uploads\/2024\/10\/Flyer-CCS-Vol.-II-1280x720-Oficial.jpg\",\"keywords\":[\"CCS Vol. II\",\"Colegio de Arquitectos de Chile\",\"Comit\u00e9 de Arquitectura Deportiva\",\"conferencia\",\"Sede Nacional\",\"Situaci\u00f3n de los skateparks en Chile y el mundo\",\"skate\",\"skateboarding\"],\"articleSection\":[\"Comit\u00e9s\"],\"inLanguage\":\"es\"},{\"@type\":\"WebPage\",\"@id\":\"https:\/\/colegioarquitectos.com\/noticias\/?p=32548\",\"url\":\"https:\/\/colegioarquitectos.com\/noticias\/?p=32548\",\"name\":\"Se realizar\u00e1 en nuestra Sede Nacional la conferencia de cultura de skateboarding \u00abCCS Vol. II. Situaci\u00f3n de los skateparks en Chile y el mundo\u00bb - COLEGIO DE ARQUITECTOS DE CHILE\",\"isPartOf\":{\"@id\":\"https:\/\/colegioarquitectos.com\/noticias\/#website\"},\"primaryImageOfPage\":{\"@id\":\"https:\/\/colegioarquitectos.com\/noticias\/?p=32548#primaryimage\"},\"image\":{\"@id\":\"https:\/\/colegioarquitectos.com\/noticias\/?p=32548#primaryimage\"},\"thumbnailUrl\":\"https:\/\/colegioarquitectos.com\/noticias\/wp-content\/uploads\/2024\/10\/Flyer-CCS-Vol.-II-1280x720-Oficial.jpg\",\"datePublished\":\"2024-10-07T15:24:49+00:00\",\"dateModified\":\"2024-10-17T14:44:21+00:00\",\"breadcrumb\":{\"@id\":\"https:\/\/colegioarquitectos.com\/noticias\/?p=32548#breadcrumb\"},\"inLanguage\":\"es\",\"potentialAction\":[{\"@type\":\"ReadAction\",\"target\":[\"https:\/\/colegioarquitectos.com\/noticias\/?p=32548\"]}]},{\"@type\":\"ImageObject\",\"inLanguage\":\"es\",\"@id\":\"https:\/\/colegioarquitectos.com\/noticias\/?p=32548#primaryimage\",\"url\":\"https:\/\/colegioarquitectos.com\/noticias\/wp-content\/uploads\/2024\/10\/Flyer-CCS-Vol.-II-1280x720-Oficial.jpg\",\"contentUrl\":\"https:\/\/colegioarquitectos.com\/noticias\/wp-content\/uploads\/2024\/10\/Flyer-CCS-Vol.-II-1280x720-Oficial.jpg\",\"width\":1988,\"height\":1125},{\"@type\":\"BreadcrumbList\",\"@id\":\"https:\/\/colegioarquitectos.com\/noticias\/?p=32548#breadcrumb\",\"itemListElement\":[{\"@type\":\"ListItem\",\"position\":1,\"name\":\"Portada\",\"item\":\"https:\/\/colegioarquitectos.com\/noticias\"},{\"@type\":\"ListItem\",\"position\":2,\"name\":\"Se realizar\u00e1 en nuestra Sede Nacional la conferencia de cultura de skateboarding \u00abCCS Vol. II. Situaci\u00f3n de los skateparks en Chile y el mundo\u00bb\"}]},{\"@type\":\"WebSite\",\"@id\":\"https:\/\/colegioarquitectos.com\/noticias\/#website\",\"url\":\"https:\/\/colegioarquitectos.com\/noticias\/\",\"name\":\"COLEGIO DE ARQUITECTOS DE CHILE\",\"description\":\"\",\"publisher\":{\"@id\":\"https:\/\/colegioarquitectos.com\/noticias\/#organization\"},\"potentialAction\":[{\"@type\":\"SearchAction\",\"target\":{\"@type\":\"EntryPoint\",\"urlTemplate\":\"https:\/\/colegioarquitectos.com\/noticias\/?s={search_term_string}\"},\"query-input\":{\"@type\":\"PropertyValueSpecification\",\"valueRequired\":true,\"valueName\":\"search_term_string\"}}],\"inLanguage\":\"es\"},{\"@type\":\"Organization\",\"@id\":\"https:\/\/colegioarquitectos.com\/noticias\/#organization\",\"name\":\"COLEGIO DE ARQUITECTOS DE CHILE\",\"url\":\"https:\/\/colegioarquitectos.com\/noticias\/\",\"logo\":{\"@type\":\"ImageObject\",\"inLanguage\":\"es\",\"@id\":\"https:\/\/colegioarquitectos.com\/noticias\/#\/schema\/logo\/image\/\",\"url\":\"https:\/\/colegioarquitectos.com\/noticias\/wp-content\/uploads\/2021\/05\/ENCABEZADO-LOGO-CA.jpg\",\"contentUrl\":\"https:\/\/colegioarquitectos.com\/noticias\/wp-content\/uploads\/2021\/05\/ENCABEZADO-LOGO-CA.jpg\",\"width\":690,\"height\":350,\"caption\":\"COLEGIO DE ARQUITECTOS DE CHILE\"},\"image\":{\"@id\":\"https:\/\/colegioarquitectos.com\/noticias\/#\/schema\/logo\/image\/\"},\"sameAs\":[\"https:\/\/facebook.com\/Colegioarq\/\",\"https:\/\/x.com\/colegioarq\",\"https:\/\/instagram.com\/colegioarq\",\"https:\/\/youtube.com\/@ColegiodeArquitectosdeChile\"]},{\"@type\":\"Person\",\"@id\":\"https:\/\/colegioarquitectos.com\/noticias\/#\/schema\/person\/685cc0aad148303c5608f049af8285ad\",\"name\":\"Colegio de Arquitectos de Chile\",\"url\":\"https:\/\/colegioarquitectos.com\/noticias\/?author=4\"}]}<\/script>\n<!-- \/ Yoast SEO plugin. -->","yoast_head_json":{"title":"Se realizar\u00e1 en nuestra Sede Nacional la conferencia de cultura de skateboarding \u00abCCS Vol. II. Situaci\u00f3n de los skateparks en Chile y el mundo\u00bb - COLEGIO DE ARQUITECTOS DE CHILE","robots":{"index":"index","follow":"follow","max-snippet":"max-snippet:-1","max-image-preview":"max-image-preview:large","max-video-preview":"max-video-preview:-1"},"canonical":"https:\/\/colegioarquitectos.com\/noticias\/?p=32548","og_locale":"es_ES","og_type":"article","og_title":"Se realizar\u00e1 en nuestra Sede Nacional la conferencia de cultura de skateboarding \u00abCCS Vol. II. Situaci\u00f3n de los skateparks en Chile y el mundo\u00bb - COLEGIO DE ARQUITECTOS DE CHILE","og_description":"El pr\u00f3ximo mi\u00e9rcoles 16 de octubre desde las 18.00 horas se realizar\u00e1 la segunda versi\u00f3n de las conferencias de la cultura skateboarding \u00abCCS Vol. II. Situaci\u00f3n de los skateparks en Chile y el mundo. Una mirada integral a la planificaci\u00f3n, &hellip; ver m\u00e1s","og_url":"https:\/\/colegioarquitectos.com\/noticias\/?p=32548","og_site_name":"COLEGIO DE ARQUITECTOS DE CHILE","article_publisher":"https:\/\/facebook.com\/Colegioarq\/","article_published_time":"2024-10-07T15:24:49+00:00","article_modified_time":"2024-10-17T14:44:21+00:00","og_image":[{"width":1988,"height":1125,"url":"https:\/\/colegioarquitectos.com\/noticias\/wp-content\/uploads\/2024\/10\/Flyer-CCS-Vol.-II-1280x720-Oficial.jpg","type":"image\/jpeg"}],"author":"Colegio de Arquitectos de Chile","twitter_card":"summary_large_image","twitter_creator":"@colegioarq","twitter_site":"@colegioarq","twitter_misc":{"Escrito por":"Colegio de Arquitectos de Chile","Tiempo de lectura":"1 minuto"},"schema":{"@context":"https:\/\/schema.org","@graph":[{"@type":"Article","@id":"https:\/\/colegioarquitectos.com\/noticias\/?p=32548#article","isPartOf":{"@id":"https:\/\/colegioarquitectos.com\/noticias\/?p=32548"},"author":{"name":"Colegio de Arquitectos de Chile","@id":"https:\/\/colegioarquitectos.com\/noticias\/#\/schema\/person\/685cc0aad148303c5608f049af8285ad"},"headline":"Se realizar\u00e1 en nuestra Sede Nacional la conferencia de cultura de skateboarding \u00abCCS Vol. II. Situaci\u00f3n de los skateparks en Chile y el mundo\u00bb","datePublished":"2024-10-07T15:24:49+00:00","dateModified":"2024-10-17T14:44:21+00:00","mainEntityOfPage":{"@id":"https:\/\/colegioarquitectos.com\/noticias\/?p=32548"},"wordCount":306,"publisher":{"@id":"https:\/\/colegioarquitectos.com\/noticias\/#organization"},"image":{"@id":"https:\/\/colegioarquitectos.com\/noticias\/?p=32548#primaryimage"},"thumbnailUrl":"https:\/\/colegioarquitectos.com\/noticias\/wp-content\/uploads\/2024\/10\/Flyer-CCS-Vol.-II-1280x720-Oficial.jpg","keywords":["CCS Vol. II","Colegio de Arquitectos de Chile","Comit\u00e9 de Arquitectura Deportiva","conferencia","Sede Nacional","Situaci\u00f3n de los skateparks en Chile y el mundo","skate","skateboarding"],"articleSection":["Comit\u00e9s"],"inLanguage":"es"},{"@type":"WebPage","@id":"https:\/\/colegioarquitectos.com\/noticias\/?p=32548","url":"https:\/\/colegioarquitectos.com\/noticias\/?p=32548","name":"Se realizar\u00e1 en nuestra Sede Nacional la conferencia de cultura de skateboarding \u00abCCS Vol. II. Situaci\u00f3n de los skateparks en Chile y el mundo\u00bb - COLEGIO DE ARQUITECTOS DE CHILE","isPartOf":{"@id":"https:\/\/colegioarquitectos.com\/noticias\/#website"},"primaryImageOfPage":{"@id":"https:\/\/colegioarquitectos.com\/noticias\/?p=32548#primaryimage"},"image":{"@id":"https:\/\/colegioarquitectos.com\/noticias\/?p=32548#primaryimage"},"thumbnailUrl":"https:\/\/colegioarquitectos.com\/noticias\/wp-content\/uploads\/2024\/10\/Flyer-CCS-Vol.-II-1280x720-Oficial.jpg","datePublished":"2024-10-07T15:24:49+00:00","dateModified":"2024-10-17T14:44:21+00:00","breadcrumb":{"@id":"https:\/\/colegioarquitectos.com\/noticias\/?p=32548#breadcrumb"},"inLanguage":"es","potentialAction":[{"@type":"ReadAction","target":["https:\/\/colegioarquitectos.com\/noticias\/?p=32548"]}]},{"@type":"ImageObject","inLanguage":"es","@id":"https:\/\/colegioarquitectos.com\/noticias\/?p=32548#primaryimage","url":"https:\/\/colegioarquitectos.com\/noticias\/wp-content\/uploads\/2024\/10\/Flyer-CCS-Vol.-II-1280x720-Oficial.jpg","contentUrl":"https:\/\/colegioarquitectos.com\/noticias\/wp-content\/uploads\/2024\/10\/Flyer-CCS-Vol.-II-1280x720-Oficial.jpg","width":1988,"height":1125},{"@type":"BreadcrumbList","@id":"https:\/\/colegioarquitectos.com\/noticias\/?p=32548#breadcrumb","itemListElement":[{"@type":"ListItem","position":1,"name":"Portada","item":"https:\/\/colegioarquitectos.com\/noticias"},{"@type":"ListItem","position":2,"name":"Se realizar\u00e1 en nuestra Sede Nacional la conferencia de cultura de skateboarding \u00abCCS Vol. II. Situaci\u00f3n de los skateparks en Chile y el mundo\u00bb"}]},{"@type":"WebSite","@id":"https:\/\/colegioarquitectos.com\/noticias\/#website","url":"https:\/\/colegioarquitectos.com\/noticias\/","name":"COLEGIO DE ARQUITECTOS DE CHILE","description":"","publisher":{"@id":"https:\/\/colegioarquitectos.com\/noticias\/#organization"},"potentialAction":[{"@type":"SearchAction","target":{"@type":"EntryPoint","urlTemplate":"https:\/\/colegioarquitectos.com\/noticias\/?s={search_term_string}"},"query-input":{"@type":"PropertyValueSpecification","valueRequired":true,"valueName":"search_term_string"}}],"inLanguage":"es"},{"@type":"Organization","@id":"https:\/\/colegioarquitectos.com\/noticias\/#organization","name":"COLEGIO DE ARQUITECTOS DE CHILE","url":"https:\/\/colegioarquitectos.com\/noticias\/","logo":{"@type":"ImageObject","inLanguage":"es","@id":"https:\/\/colegioarquitectos.com\/noticias\/#\/schema\/logo\/image\/","url":"https:\/\/colegioarquitectos.com\/noticias\/wp-content\/uploads\/2021\/05\/ENCABEZADO-LOGO-CA.jpg","contentUrl":"https:\/\/colegioarquitectos.com\/noticias\/wp-content\/uploads\/2021\/05\/ENCABEZADO-LOGO-CA.jpg","width":690,"height":350,"caption":"COLEGIO DE ARQUITECTOS DE CHILE"},"image":{"@id":"https:\/\/colegioarquitectos.com\/noticias\/#\/schema\/logo\/image\/"},"sameAs":["https:\/\/facebook.com\/Colegioarq\/","https:\/\/x.com\/colegioarq","https:\/\/instagram.com\/colegioarq","https:\/\/youtube.com\/@ColegiodeArquitectosdeChile"]},{"@type":"Person","@id":"https:\/\/colegioarquitectos.com\/noticias\/#\/schema\/person\/685cc0aad148303c5608f049af8285ad","name":"Colegio de Arquitectos de Chile","url":"https:\/\/colegioarquitectos.com\/noticias\/?author=4"}]}},"_links":{"self":[{"href":"https:\/\/colegioarquitectos.com\/noticias\/index.php?rest_route=\/wp\/v2\/posts\/32548","targetHints":{"allow":["GET"]}}],"collection":[{"href":"https:\/\/colegioarquitectos.com\/noticias\/index.php?rest_route=\/wp\/v2\/posts"}],"about":[{"href":"https:\/\/colegioarquitectos.com\/noticias\/index.php?rest_route=\/wp\/v2\/types\/post"}],"author":[{"embeddable":true,"href":"https:\/\/colegioarquitectos.com\/noticias\/index.php?rest_route=\/wp\/v2\/users\/4"}],"replies":[{"embeddable":true,"href":"https:\/\/colegioarquitectos.com\/noticias\/index.php?rest_route=%2Fwp%2Fv2%2Fcomments&post=32548"}],"version-history":[{"count":0,"href":"https:\/\/colegioarquitectos.com\/noticias\/index.php?rest_route=\/wp\/v2\/posts\/32548\/revisions"}],"wp:featuredmedia":[{"embeddable":true,"href":"https:\/\/colegioarquitectos.com\/noticias\/index.php?rest_route=\/wp\/v2\/media\/32549"}],"wp:attachment":[{"href":"https:\/\/colegioarquitectos.com\/noticias\/index.php?rest_route=%2Fwp%2Fv2%2Fmedia&parent=32548"}],"wp:term":[{"taxonomy":"category","embeddable":true,"href":"https:\/\/colegioarquitectos.com\/noticias\/index.php?rest_route=%2Fwp%2Fv2%2Fcategories&post=32548"},{"taxonomy":"post_tag","embeddable":true,"href":"https:\/\/colegioarquitectos.com\/noticias\/index.php?rest_route=%2Fwp%2Fv2%2Ftags&post=32548"}],"curies":[{"name":"wp","href":"https:\/\/api.w.org\/{rel}","templated":true}]}}