
{"id":32551,"date":"2024-10-07T13:24:29","date_gmt":"2024-10-07T17:24:29","guid":{"rendered":"https:\/\/colegioarquitectos.com\/?p=32551"},"modified":"2024-10-07T14:40:25","modified_gmt":"2024-10-07T18:40:25","slug":"estos-son-los-proyectos-ganadores-del-premio-adus-latam-20232024","status":"publish","type":"post","link":"https:\/\/colegioarquitectos.com\/noticias\/?p=32551","title":{"rendered":"Chile se llev\u00f3 el oro: Estos son los proyectos ganadores del Premio ADUS Latam 2023\/2024"},"content":{"rendered":"<p>\u00a1Lleg\u00f3 el momento de revelar los grandes ganadores del Premio ADUS Latam 2023\/2024!<\/p>\n<p>Fueron m\u00e1s de 2.000 proyectos registrados por profesionales de arquitectura de los pa\u00edses participantes de Am\u00e9rica Latina, reuniendo proyectos innovadores que buscan un mayor compromiso con la sostenibilidad desde el inicio de la construcci\u00f3n.<\/p>\n<p>Los trabajos presentados en esta primer edici\u00f3n Latinoamericana fueron evaluados por el jurado conformado por Javier Gimeno, VP Latam por la empresa Saint-Gobain y los arquitectos Gerardo Montaruli, en representaci\u00f3n de la Federaci\u00f3n Panamericana de Asociaciones de Arquitectos (FPAA), Josep Ferrando como jurado internacional (Espa\u00f1a), Nicol\u00e1s Campod\u00f3nico (Argentina), Lilian Dal Pian (Brasil), Felipe Assadi (Chile), Camilo Restrepo Ochoa (Colombia), Gabriela Carrillo (M\u00e9xico), Patricia Llosa Bueno (Per\u00fa) y Marcelo Danza (Uruguay).<\/p>\n<p>&nbsp;<\/p>\n<h4>CATEGOR\u00cdA PROFESIONALES<\/h4>\n<hr \/>\n<p>El jurado decidi\u00f3 seleccionar 59 propuestas, de las cuales 32 propuestas pasan a ser finalistas. Entre estas 32 propuestas finalistas se fallaron los 3 premios establecidos en las Bases:<\/p>\n<p>&nbsp;<\/p>\n<h4>Premio ADUS LATAM Oro | Escuela Rural Pivadenco, Chile<\/h4>\n<p><img loading=\"lazy\" decoding=\"async\" class=\"aligncenter wp-image-32554 size-full\" src=\"https:\/\/colegioarquitectos.com\/noticias\/wp-content\/uploads\/2024\/10\/premio-oro.png\" alt=\"\" width=\"3314\" height=\"2320\" srcset=\"https:\/\/colegioarquitectos.com\/noticias\/wp-content\/uploads\/2024\/10\/premio-oro.png 3314w, https:\/\/colegioarquitectos.com\/noticias\/wp-content\/uploads\/2024\/10\/premio-oro-300x210.png 300w, https:\/\/colegioarquitectos.com\/noticias\/wp-content\/uploads\/2024\/10\/premio-oro-768x538.png 768w, https:\/\/colegioarquitectos.com\/noticias\/wp-content\/uploads\/2024\/10\/premio-oro-1024x717.png 1024w\" sizes=\"auto, (max-width: 3314px) 100vw, 3314px\" \/><\/p>\n<p>Autores: MAPAA (Cristi\u00e1n Larra\u00edn + Mat\u00edas Madsen), Duque Motta &amp; AA (Rodrigo Duque Motta).<\/p>\n<p>Colaboradores: Francois Jullian, Allesandra De Lisio, Nicolo\u0301 Zingoni.<\/p>\n<p>&nbsp;<\/p>\n<h4>Premio ADUS LATAM Plata | CIVAC Parque Lineal, Centro C\u00edvico y Skatepark, M\u00e9xico<\/h4>\n<p><img loading=\"lazy\" decoding=\"async\" class=\"aligncenter wp-image-32557 size-full\" src=\"https:\/\/colegioarquitectos.com\/noticias\/wp-content\/uploads\/2024\/10\/premio-plata.jpg\" alt=\"\" width=\"4458\" height=\"2202\" srcset=\"https:\/\/colegioarquitectos.com\/noticias\/wp-content\/uploads\/2024\/10\/premio-plata.jpg 4458w, https:\/\/colegioarquitectos.com\/noticias\/wp-content\/uploads\/2024\/10\/premio-plata-300x148.jpg 300w, https:\/\/colegioarquitectos.com\/noticias\/wp-content\/uploads\/2024\/10\/premio-plata-768x379.jpg 768w, https:\/\/colegioarquitectos.com\/noticias\/wp-content\/uploads\/2024\/10\/premio-plata-1024x506.jpg 1024w\" sizes=\"auto, (max-width: 4458px) 100vw, 4458px\" \/><\/p>\n<p>Autora: Rozana Montiel.<\/p>\n<p>Colaboradores: Claudia Rodr\u00edguez (co\u2013autora).<\/p>\n<p>&nbsp;<\/p>\n<h4>Premio ADUS LATAM Bronce | Casa Manire, Per\u00fa<\/h4>\n<p><img loading=\"lazy\" decoding=\"async\" class=\"aligncenter wp-image-32555 size-full\" src=\"https:\/\/colegioarquitectos.com\/noticias\/wp-content\/uploads\/2024\/10\/premio-bronce.png\" alt=\"\" width=\"2616\" height=\"1520\" srcset=\"https:\/\/colegioarquitectos.com\/noticias\/wp-content\/uploads\/2024\/10\/premio-bronce.png 2616w, https:\/\/colegioarquitectos.com\/noticias\/wp-content\/uploads\/2024\/10\/premio-bronce-300x174.png 300w, https:\/\/colegioarquitectos.com\/noticias\/wp-content\/uploads\/2024\/10\/premio-bronce-768x446.png 768w, https:\/\/colegioarquitectos.com\/noticias\/wp-content\/uploads\/2024\/10\/premio-bronce-1024x595.png 1024w\" sizes=\"auto, (max-width: 2616px) 100vw, 2616px\" \/><\/p>\n<p>Autor: Mart\u00edn Dulanto.<\/p>\n<p>Colaboradores: Puna Estudio (interiorismo).<\/p>\n<p>&nbsp;<\/p>\n<p>&nbsp;<\/p>\n<h4>CATEGOR\u00cdA ESTUDIANTES<\/h4>\n<hr \/>\n<p>El jurado decidi\u00f3 seleccionar 12 proyectos, de los cuales 3 pasaron a ser finalistas. Entre esas 3 propuestas finalistas se fall\u00f3 el premio:<\/p>\n<p>&nbsp;<\/p>\n<h4>Reconhecimento ADUS LATAM \u00e0 pr\u00e1tica acad\u00eamica | Nuevos Paisajes Industriales, Argentina<\/h4>\n<p><img loading=\"lazy\" decoding=\"async\" class=\"aligncenter size-full wp-image-32553\" src=\"https:\/\/colegioarquitectos.com\/noticias\/wp-content\/uploads\/2024\/10\/pr\u00e1ctica-acad\u00e9mica.png\" alt=\"\" width=\"2755\" height=\"1709\" srcset=\"https:\/\/colegioarquitectos.com\/noticias\/wp-content\/uploads\/2024\/10\/pr\u00e1ctica-acad\u00e9mica.png 2755w, https:\/\/colegioarquitectos.com\/noticias\/wp-content\/uploads\/2024\/10\/pr\u00e1ctica-acad\u00e9mica-300x186.png 300w, https:\/\/colegioarquitectos.com\/noticias\/wp-content\/uploads\/2024\/10\/pr\u00e1ctica-acad\u00e9mica-768x476.png 768w, https:\/\/colegioarquitectos.com\/noticias\/wp-content\/uploads\/2024\/10\/pr\u00e1ctica-acad\u00e9mica-1024x635.png 1024w\" sizes=\"auto, (max-width: 2755px) 100vw, 2755px\" \/><\/p>\n<p>Autora: Laura Paz.<\/p>\n<p>Universidade: Universidade Nacional de C\u00f3rdoba (FAUD-UNC)<\/p>\n<p>Tutor: Mart\u00edn Benavidez, professor assistente da c\u00e1tedra.<\/p>\n<p>&nbsp;<\/p>\n<p>&nbsp;<\/p>\n<p>&nbsp;<\/p>\n<h4>CATEGOR\u00cdA TRAYECTORIA<\/h4>\n<hr \/>\n<p>El jurado decidi\u00f3 otorgar el PREMIO ADUS LATAM TRAYECTORIA entre las propuestas enviadas por las instituciones participantes a:<\/p>\n<p>&nbsp;<\/p>\n<h4>Premio ADUS LATAM a la trayectoria |<\/h4>\n<p><img loading=\"lazy\" decoding=\"async\" class=\"aligncenter size-full wp-image-32556\" src=\"https:\/\/colegioarquitectos.com\/noticias\/wp-content\/uploads\/2024\/10\/Trayectoria.jpeg\" alt=\"\" width=\"960\" height=\"1296\" srcset=\"https:\/\/colegioarquitectos.com\/noticias\/wp-content\/uploads\/2024\/10\/Trayectoria.jpeg 960w, https:\/\/colegioarquitectos.com\/noticias\/wp-content\/uploads\/2024\/10\/Trayectoria-222x300.jpeg 222w, https:\/\/colegioarquitectos.com\/noticias\/wp-content\/uploads\/2024\/10\/Trayectoria-768x1037.jpeg 768w, https:\/\/colegioarquitectos.com\/noticias\/wp-content\/uploads\/2024\/10\/Trayectoria-759x1024.jpeg 759w\" sizes=\"auto, (max-width: 960px) 100vw, 960px\" \/><\/p>\n<p>Arq. Decio Tozzi, Brasil.<\/p>\n<p>&nbsp;<\/p>\n<p><\/p>","protected":false},"excerpt":{"rendered":"<p>\u00a1Lleg\u00f3 el momento de revelar los grandes ganadores del Premio ADUS Latam 2023\/2024! Fueron m\u00e1s de 2.000 proyectos registrados por profesionales de arquitectura de los pa\u00edses participantes de Am\u00e9rica Latina, reuniendo proyectos innovadores que buscan un mayor compromiso con la &hellip; <a class=\"more-link\" href=\"https:\/\/colegioarquitectos.com\/noticias\/?p=32551\">ver m\u00e1s<\/a><\/p>","protected":false},"author":4,"featured_media":32552,"comment_status":"closed","ping_status":"closed","sticky":false,"template":"","format":"standard","meta":{"footnotes":""},"categories":[8],"tags":[1023,1022,719,720],"class_list":["post-32551","post","type-post","status-publish","format-standard","has-post-thumbnail","hentry","category-colegio-de-arquitectos","tag-duque-motta-aa","tag-mapaa","tag-premio-adus-latam","tag-premio-adus-latam-2023-2024"],"yoast_head":"<!-- This site is optimized with the Yoast SEO plugin v24.2 - https:\/\/yoast.com\/wordpress\/plugins\/seo\/ -->\n<title>Chile se llev\u00f3 el oro: Estos son los proyectos ganadores del Premio ADUS Latam 2023\/2024 - COLEGIO DE ARQUITECTOS DE CHILE<\/title>\n<meta name=\"robots\" content=\"index, follow, max-snippet:-1, max-image-preview:large, max-video-preview:-1\" \/>\n<link rel=\"canonical\" href=\"https:\/\/colegioarquitectos.com\/noticias\/?p=32551\" \/>\n<meta property=\"og:locale\" content=\"es_ES\" \/>\n<meta property=\"og:type\" content=\"article\" \/>\n<meta property=\"og:title\" content=\"Chile se llev\u00f3 el oro: Estos son los proyectos ganadores del Premio ADUS Latam 2023\/2024 - COLEGIO DE ARQUITECTOS DE CHILE\" \/>\n<meta property=\"og:description\" content=\"\u00a1Lleg\u00f3 el momento de revelar los grandes ganadores del Premio ADUS Latam 2023\/2024! Fueron m\u00e1s de 2.000 proyectos registrados por profesionales de arquitectura de los pa\u00edses participantes de Am\u00e9rica Latina, reuniendo proyectos innovadores que buscan un mayor compromiso con la &hellip; ver m\u00e1s\" \/>\n<meta property=\"og:url\" content=\"https:\/\/colegioarquitectos.com\/noticias\/?p=32551\" \/>\n<meta property=\"og:site_name\" content=\"COLEGIO DE ARQUITECTOS DE CHILE\" \/>\n<meta property=\"article:publisher\" content=\"https:\/\/facebook.com\/Colegioarq\/\" \/>\n<meta property=\"article:published_time\" content=\"2024-10-07T17:24:29+00:00\" \/>\n<meta property=\"article:modified_time\" content=\"2024-10-07T18:40:25+00:00\" \/>\n<meta property=\"og:image\" content=\"https:\/\/colegioarquitectos.com\/noticias\/wp-content\/uploads\/2024\/10\/Proyecto-nuevo-1.png\" \/>\n\t<meta property=\"og:image:width\" content=\"1280\" \/>\n\t<meta property=\"og:image:height\" content=\"720\" \/>\n\t<meta property=\"og:image:type\" content=\"image\/png\" \/>\n<meta name=\"author\" content=\"Colegio de Arquitectos de Chile\" \/>\n<meta name=\"twitter:card\" content=\"summary_large_image\" \/>\n<meta name=\"twitter:creator\" content=\"@colegioarq\" \/>\n<meta name=\"twitter:site\" content=\"@colegioarq\" \/>\n<meta name=\"twitter:label1\" content=\"Escrito por\" \/>\n\t<meta name=\"twitter:data1\" content=\"Colegio de Arquitectos de Chile\" \/>\n\t<meta name=\"twitter:label2\" content=\"Tiempo de lectura\" \/>\n\t<meta name=\"twitter:data2\" content=\"2 minutos\" \/>\n<script type=\"application\/ld+json\" class=\"yoast-schema-graph\">{\"@context\":\"https:\/\/schema.org\",\"@graph\":[{\"@type\":\"Article\",\"@id\":\"https:\/\/colegioarquitectos.com\/noticias\/?p=32551#article\",\"isPartOf\":{\"@id\":\"https:\/\/colegioarquitectos.com\/noticias\/?p=32551\"},\"author\":{\"name\":\"Colegio de Arquitectos de Chile\",\"@id\":\"https:\/\/colegioarquitectos.com\/noticias\/#\/schema\/person\/685cc0aad148303c5608f049af8285ad\"},\"headline\":\"Chile se llev\u00f3 el oro: Estos son los proyectos ganadores del Premio ADUS Latam 2023\/2024\",\"datePublished\":\"2024-10-07T17:24:29+00:00\",\"dateModified\":\"2024-10-07T18:40:25+00:00\",\"mainEntityOfPage\":{\"@id\":\"https:\/\/colegioarquitectos.com\/noticias\/?p=32551\"},\"wordCount\":334,\"publisher\":{\"@id\":\"https:\/\/colegioarquitectos.com\/noticias\/#organization\"},\"image\":{\"@id\":\"https:\/\/colegioarquitectos.com\/noticias\/?p=32551#primaryimage\"},\"thumbnailUrl\":\"https:\/\/colegioarquitectos.com\/noticias\/wp-content\/uploads\/2024\/10\/Proyecto-nuevo-1.png\",\"keywords\":[\"Duque Motta &amp; AA\",\"MAPAA\",\"Premio ADUS LATAM\",\"Premio ADUS LATAM 2023-2024\"],\"articleSection\":[\"Colegio\"],\"inLanguage\":\"es\"},{\"@type\":\"WebPage\",\"@id\":\"https:\/\/colegioarquitectos.com\/noticias\/?p=32551\",\"url\":\"https:\/\/colegioarquitectos.com\/noticias\/?p=32551\",\"name\":\"Chile se llev\u00f3 el oro: Estos son los proyectos ganadores del Premio ADUS Latam 2023\/2024 - COLEGIO DE ARQUITECTOS DE CHILE\",\"isPartOf\":{\"@id\":\"https:\/\/colegioarquitectos.com\/noticias\/#website\"},\"primaryImageOfPage\":{\"@id\":\"https:\/\/colegioarquitectos.com\/noticias\/?p=32551#primaryimage\"},\"image\":{\"@id\":\"https:\/\/colegioarquitectos.com\/noticias\/?p=32551#primaryimage\"},\"thumbnailUrl\":\"https:\/\/colegioarquitectos.com\/noticias\/wp-content\/uploads\/2024\/10\/Proyecto-nuevo-1.png\",\"datePublished\":\"2024-10-07T17:24:29+00:00\",\"dateModified\":\"2024-10-07T18:40:25+00:00\",\"breadcrumb\":{\"@id\":\"https:\/\/colegioarquitectos.com\/noticias\/?p=32551#breadcrumb\"},\"inLanguage\":\"es\",\"potentialAction\":[{\"@type\":\"ReadAction\",\"target\":[\"https:\/\/colegioarquitectos.com\/noticias\/?p=32551\"]}]},{\"@type\":\"ImageObject\",\"inLanguage\":\"es\",\"@id\":\"https:\/\/colegioarquitectos.com\/noticias\/?p=32551#primaryimage\",\"url\":\"https:\/\/colegioarquitectos.com\/noticias\/wp-content\/uploads\/2024\/10\/Proyecto-nuevo-1.png\",\"contentUrl\":\"https:\/\/colegioarquitectos.com\/noticias\/wp-content\/uploads\/2024\/10\/Proyecto-nuevo-1.png\",\"width\":1280,\"height\":720},{\"@type\":\"BreadcrumbList\",\"@id\":\"https:\/\/colegioarquitectos.com\/noticias\/?p=32551#breadcrumb\",\"itemListElement\":[{\"@type\":\"ListItem\",\"position\":1,\"name\":\"Portada\",\"item\":\"https:\/\/colegioarquitectos.com\/noticias\"},{\"@type\":\"ListItem\",\"position\":2,\"name\":\"Chile se llev\u00f3 el oro: Estos son los proyectos ganadores del Premio ADUS Latam 2023\/2024\"}]},{\"@type\":\"WebSite\",\"@id\":\"https:\/\/colegioarquitectos.com\/noticias\/#website\",\"url\":\"https:\/\/colegioarquitectos.com\/noticias\/\",\"name\":\"COLEGIO DE ARQUITECTOS DE CHILE\",\"description\":\"\",\"publisher\":{\"@id\":\"https:\/\/colegioarquitectos.com\/noticias\/#organization\"},\"potentialAction\":[{\"@type\":\"SearchAction\",\"target\":{\"@type\":\"EntryPoint\",\"urlTemplate\":\"https:\/\/colegioarquitectos.com\/noticias\/?s={search_term_string}\"},\"query-input\":{\"@type\":\"PropertyValueSpecification\",\"valueRequired\":true,\"valueName\":\"search_term_string\"}}],\"inLanguage\":\"es\"},{\"@type\":\"Organization\",\"@id\":\"https:\/\/colegioarquitectos.com\/noticias\/#organization\",\"name\":\"COLEGIO DE ARQUITECTOS DE CHILE\",\"url\":\"https:\/\/colegioarquitectos.com\/noticias\/\",\"logo\":{\"@type\":\"ImageObject\",\"inLanguage\":\"es\",\"@id\":\"https:\/\/colegioarquitectos.com\/noticias\/#\/schema\/logo\/image\/\",\"url\":\"https:\/\/colegioarquitectos.com\/noticias\/wp-content\/uploads\/2021\/05\/ENCABEZADO-LOGO-CA.jpg\",\"contentUrl\":\"https:\/\/colegioarquitectos.com\/noticias\/wp-content\/uploads\/2021\/05\/ENCABEZADO-LOGO-CA.jpg\",\"width\":690,\"height\":350,\"caption\":\"COLEGIO DE ARQUITECTOS DE CHILE\"},\"image\":{\"@id\":\"https:\/\/colegioarquitectos.com\/noticias\/#\/schema\/logo\/image\/\"},\"sameAs\":[\"https:\/\/facebook.com\/Colegioarq\/\",\"https:\/\/x.com\/colegioarq\",\"https:\/\/instagram.com\/colegioarq\",\"https:\/\/youtube.com\/@ColegiodeArquitectosdeChile\"]},{\"@type\":\"Person\",\"@id\":\"https:\/\/colegioarquitectos.com\/noticias\/#\/schema\/person\/685cc0aad148303c5608f049af8285ad\",\"name\":\"Colegio de Arquitectos de Chile\",\"url\":\"https:\/\/colegioarquitectos.com\/noticias\/?author=4\"}]}<\/script>\n<!-- \/ Yoast SEO plugin. -->","yoast_head_json":{"title":"Chile se llev\u00f3 el oro: Estos son los proyectos ganadores del Premio ADUS Latam 2023\/2024 - COLEGIO DE ARQUITECTOS DE CHILE","robots":{"index":"index","follow":"follow","max-snippet":"max-snippet:-1","max-image-preview":"max-image-preview:large","max-video-preview":"max-video-preview:-1"},"canonical":"https:\/\/colegioarquitectos.com\/noticias\/?p=32551","og_locale":"es_ES","og_type":"article","og_title":"Chile se llev\u00f3 el oro: Estos son los proyectos ganadores del Premio ADUS Latam 2023\/2024 - COLEGIO DE ARQUITECTOS DE CHILE","og_description":"\u00a1Lleg\u00f3 el momento de revelar los grandes ganadores del Premio ADUS Latam 2023\/2024! Fueron m\u00e1s de 2.000 proyectos registrados por profesionales de arquitectura de los pa\u00edses participantes de Am\u00e9rica Latina, reuniendo proyectos innovadores que buscan un mayor compromiso con la &hellip; ver m\u00e1s","og_url":"https:\/\/colegioarquitectos.com\/noticias\/?p=32551","og_site_name":"COLEGIO DE ARQUITECTOS DE CHILE","article_publisher":"https:\/\/facebook.com\/Colegioarq\/","article_published_time":"2024-10-07T17:24:29+00:00","article_modified_time":"2024-10-07T18:40:25+00:00","og_image":[{"width":1280,"height":720,"url":"https:\/\/colegioarquitectos.com\/noticias\/wp-content\/uploads\/2024\/10\/Proyecto-nuevo-1.png","type":"image\/png"}],"author":"Colegio de Arquitectos de Chile","twitter_card":"summary_large_image","twitter_creator":"@colegioarq","twitter_site":"@colegioarq","twitter_misc":{"Escrito por":"Colegio de Arquitectos de Chile","Tiempo de lectura":"2 minutos"},"schema":{"@context":"https:\/\/schema.org","@graph":[{"@type":"Article","@id":"https:\/\/colegioarquitectos.com\/noticias\/?p=32551#article","isPartOf":{"@id":"https:\/\/colegioarquitectos.com\/noticias\/?p=32551"},"author":{"name":"Colegio de Arquitectos de Chile","@id":"https:\/\/colegioarquitectos.com\/noticias\/#\/schema\/person\/685cc0aad148303c5608f049af8285ad"},"headline":"Chile se llev\u00f3 el oro: Estos son los proyectos ganadores del Premio ADUS Latam 2023\/2024","datePublished":"2024-10-07T17:24:29+00:00","dateModified":"2024-10-07T18:40:25+00:00","mainEntityOfPage":{"@id":"https:\/\/colegioarquitectos.com\/noticias\/?p=32551"},"wordCount":334,"publisher":{"@id":"https:\/\/colegioarquitectos.com\/noticias\/#organization"},"image":{"@id":"https:\/\/colegioarquitectos.com\/noticias\/?p=32551#primaryimage"},"thumbnailUrl":"https:\/\/colegioarquitectos.com\/noticias\/wp-content\/uploads\/2024\/10\/Proyecto-nuevo-1.png","keywords":["Duque Motta &amp; AA","MAPAA","Premio ADUS LATAM","Premio ADUS LATAM 2023-2024"],"articleSection":["Colegio"],"inLanguage":"es"},{"@type":"WebPage","@id":"https:\/\/colegioarquitectos.com\/noticias\/?p=32551","url":"https:\/\/colegioarquitectos.com\/noticias\/?p=32551","name":"Chile se llev\u00f3 el oro: Estos son los proyectos ganadores del Premio ADUS Latam 2023\/2024 - COLEGIO DE ARQUITECTOS DE CHILE","isPartOf":{"@id":"https:\/\/colegioarquitectos.com\/noticias\/#website"},"primaryImageOfPage":{"@id":"https:\/\/colegioarquitectos.com\/noticias\/?p=32551#primaryimage"},"image":{"@id":"https:\/\/colegioarquitectos.com\/noticias\/?p=32551#primaryimage"},"thumbnailUrl":"https:\/\/colegioarquitectos.com\/noticias\/wp-content\/uploads\/2024\/10\/Proyecto-nuevo-1.png","datePublished":"2024-10-07T17:24:29+00:00","dateModified":"2024-10-07T18:40:25+00:00","breadcrumb":{"@id":"https:\/\/colegioarquitectos.com\/noticias\/?p=32551#breadcrumb"},"inLanguage":"es","potentialAction":[{"@type":"ReadAction","target":["https:\/\/colegioarquitectos.com\/noticias\/?p=32551"]}]},{"@type":"ImageObject","inLanguage":"es","@id":"https:\/\/colegioarquitectos.com\/noticias\/?p=32551#primaryimage","url":"https:\/\/colegioarquitectos.com\/noticias\/wp-content\/uploads\/2024\/10\/Proyecto-nuevo-1.png","contentUrl":"https:\/\/colegioarquitectos.com\/noticias\/wp-content\/uploads\/2024\/10\/Proyecto-nuevo-1.png","width":1280,"height":720},{"@type":"BreadcrumbList","@id":"https:\/\/colegioarquitectos.com\/noticias\/?p=32551#breadcrumb","itemListElement":[{"@type":"ListItem","position":1,"name":"Portada","item":"https:\/\/colegioarquitectos.com\/noticias"},{"@type":"ListItem","position":2,"name":"Chile se llev\u00f3 el oro: Estos son los proyectos ganadores del Premio ADUS Latam 2023\/2024"}]},{"@type":"WebSite","@id":"https:\/\/colegioarquitectos.com\/noticias\/#website","url":"https:\/\/colegioarquitectos.com\/noticias\/","name":"COLEGIO DE ARQUITECTOS DE CHILE","description":"","publisher":{"@id":"https:\/\/colegioarquitectos.com\/noticias\/#organization"},"potentialAction":[{"@type":"SearchAction","target":{"@type":"EntryPoint","urlTemplate":"https:\/\/colegioarquitectos.com\/noticias\/?s={search_term_string}"},"query-input":{"@type":"PropertyValueSpecification","valueRequired":true,"valueName":"search_term_string"}}],"inLanguage":"es"},{"@type":"Organization","@id":"https:\/\/colegioarquitectos.com\/noticias\/#organization","name":"COLEGIO DE ARQUITECTOS DE CHILE","url":"https:\/\/colegioarquitectos.com\/noticias\/","logo":{"@type":"ImageObject","inLanguage":"es","@id":"https:\/\/colegioarquitectos.com\/noticias\/#\/schema\/logo\/image\/","url":"https:\/\/colegioarquitectos.com\/noticias\/wp-content\/uploads\/2021\/05\/ENCABEZADO-LOGO-CA.jpg","contentUrl":"https:\/\/colegioarquitectos.com\/noticias\/wp-content\/uploads\/2021\/05\/ENCABEZADO-LOGO-CA.jpg","width":690,"height":350,"caption":"COLEGIO DE ARQUITECTOS DE CHILE"},"image":{"@id":"https:\/\/colegioarquitectos.com\/noticias\/#\/schema\/logo\/image\/"},"sameAs":["https:\/\/facebook.com\/Colegioarq\/","https:\/\/x.com\/colegioarq","https:\/\/instagram.com\/colegioarq","https:\/\/youtube.com\/@ColegiodeArquitectosdeChile"]},{"@type":"Person","@id":"https:\/\/colegioarquitectos.com\/noticias\/#\/schema\/person\/685cc0aad148303c5608f049af8285ad","name":"Colegio de Arquitectos de Chile","url":"https:\/\/colegioarquitectos.com\/noticias\/?author=4"}]}},"_links":{"self":[{"href":"https:\/\/colegioarquitectos.com\/noticias\/index.php?rest_route=\/wp\/v2\/posts\/32551","targetHints":{"allow":["GET"]}}],"collection":[{"href":"https:\/\/colegioarquitectos.com\/noticias\/index.php?rest_route=\/wp\/v2\/posts"}],"about":[{"href":"https:\/\/colegioarquitectos.com\/noticias\/index.php?rest_route=\/wp\/v2\/types\/post"}],"author":[{"embeddable":true,"href":"https:\/\/colegioarquitectos.com\/noticias\/index.php?rest_route=\/wp\/v2\/users\/4"}],"replies":[{"embeddable":true,"href":"https:\/\/colegioarquitectos.com\/noticias\/index.php?rest_route=%2Fwp%2Fv2%2Fcomments&post=32551"}],"version-history":[{"count":0,"href":"https:\/\/colegioarquitectos.com\/noticias\/index.php?rest_route=\/wp\/v2\/posts\/32551\/revisions"}],"wp:featuredmedia":[{"embeddable":true,"href":"https:\/\/colegioarquitectos.com\/noticias\/index.php?rest_route=\/wp\/v2\/media\/32552"}],"wp:attachment":[{"href":"https:\/\/colegioarquitectos.com\/noticias\/index.php?rest_route=%2Fwp%2Fv2%2Fmedia&parent=32551"}],"wp:term":[{"taxonomy":"category","embeddable":true,"href":"https:\/\/colegioarquitectos.com\/noticias\/index.php?rest_route=%2Fwp%2Fv2%2Fcategories&post=32551"},{"taxonomy":"post_tag","embeddable":true,"href":"https:\/\/colegioarquitectos.com\/noticias\/index.php?rest_route=%2Fwp%2Fv2%2Ftags&post=32551"}],"curies":[{"name":"wp","href":"https:\/\/api.w.org\/{rel}","templated":true}]}}