
{"id":32569,"date":"2024-10-10T10:50:26","date_gmt":"2024-10-10T14:50:26","guid":{"rendered":"https:\/\/colegioarquitectos.com\/?p=32569"},"modified":"2024-10-10T10:50:26","modified_gmt":"2024-10-10T14:50:26","slug":"seleccion-competencia-internacional-arqfilmfest-47-peliculas-para-explorar-la-arquitectura-emocional","status":"publish","type":"post","link":"https:\/\/colegioarquitectos.com\/noticias\/?p=32569","title":{"rendered":"Selecci\u00f3n competencia internacional ArqfilmFest: 47 pel\u00edculas para explorar la arquitectura emocional"},"content":{"rendered":"<p dir=\"ltr\">Tras la interesante respuesta global a la convocatoria del <strong>Arquitectura Film Festival Santiago 2024<\/strong>, el equipo seleccion\u00f3\u00a0<strong>47 filmes<\/strong>\u00a0en competencia, los que se exhibir\u00e1n en la <strong>6\u00aa versi\u00f3n<\/strong> que se llevar\u00e1 a cabo del<strong> 28 de noviembre al 7 de diciembre<\/strong> en diversas sedes de Santiago.<\/p>\n<p dir=\"ltr\">Las pel\u00edculas provienen de\u00a0<strong>21 pa\u00edses<\/strong>\u00a0e invitan a reflexionar sobre la relaci\u00f3n entre <strong>cine, arquitectura y las emociones desde diversos puntos de vista en las categor\u00edas de Largometraje, Cortometraje y Registro de Arquitectura<\/strong>.<\/p>\n<p dir=\"ltr\">Los filmes seleccionados este a\u00f1o abarcan una amplia variedad de enfoques y estilos. <strong>Desde conmovedores documentales que exploran creativamente la herencia arquitect\u00f3nica, hasta cortometrajes que retratan la profunda conexi\u00f3n emocional entre las personas y sus viviendas, pasando por miradas a las peque\u00f1as cosas que se encuentran en la vida cotidiana<\/strong>; las obras invitan a los espectadores a reconsiderar c\u00f3mo los espacios que habitamos moldean nuestras vidas y recuerdos.<\/p>\n<p>&nbsp;<\/p>\n<h4 dir=\"ltr\">Selecci\u00f3n de ganadores y proyecciones<\/h4>\n<hr \/>\n<p dir=\"ltr\">La selecci\u00f3n de los filmes ganadores estar\u00e1 a cargo de un destacado\u00a0jurado\u00a0compuesto por la cr\u00edtica de cine de radio B\u00edoB\u00edo y Ex-Ante, Ana Josefa Silva (Premio Apes 2005); la decana de la Facultad de Arquitectura, Arte y Dise\u00f1o de la Universidad Diego Portales, Alejandra Celed\u00f3n (\u201cStadium\u201d 16\u00b0 Bienal Arquitectura Venecia, 2018, y \u201dThe Plot\u201d Bienal Arquitectura Chicago, 2019); y el realizador Patricio Mu\u00f1oz de\u00a0<a href=\"https:\/\/dereojo.cl\/\" target=\"_blank\" rel=\"noopener\">dereojo<\/a>, productora que trabaja hace 25 a\u00f1os con una pasi\u00f3n infinita por el arte del cine documental y autoral.<\/p>\n<p dir=\"ltr\">La\u00a0Asociaci\u00f3n de Oficinas de Arquitectura, AOA,\u00a0en tanto, constituir\u00e1 un jurado que se encargar\u00e1 de premiar los mejores\u00a0registros de arquitectura,\u00a0es decir, aquellos filmes que se dedican a explorar de manera creativa las obras f\u00edsicas.<\/p>\n<p dir=\"ltr\">Adicionalmente, la\u00a0<a href=\"https:\/\/www.arqfilmfest.cl\/acerca-de\/red-interamericana-de-festivales-de-cine-ciudad-y-arquitectura-rifca2020\/\" target=\"_blank\" rel=\"noopener\">Red Interamericana de Festivales de Cine, Ciudad y Arquitectura, RIFCA<\/a>,\u00a0otorgar\u00e1 una menci\u00f3n especial a la obra que capture de manera excepcional la arquitectura emocional como concepto.<\/p>\n<p dir=\"ltr\">El\u00a0Arquitectura Film Festival Santiago, ArqFilmFest,\u00a0naci\u00f3 el 2012 como el primer festival de cine y arquitectura de Chile y Latinoam\u00e9rica. Con cinco versiones a cuestas (2012, 2013, 2015, 2018 y 2020) este a\u00f1o pone pie firme en su segunda d\u00e9cada invitando a la comunidad interesada en reflexionar sobre la arquitectura, la ciudad y la vida urbana a trav\u00e9s del cine a sumarse a esta fiesta audiovisual.<\/p>\n<p dir=\"ltr\">Los filmes seleccionados para la competencia, las pel\u00edculas en muestra, los conversatorios y las dem\u00e1s eventos del festival se desplegar\u00e1n en\u00a0<a href=\"https:\/\/salak.cl\/\" target=\"_blank\" rel=\"noopener\">Sala K\u00a0<\/a>del campus El Claustro de la Universidad Mayor, en el\u00a0<a href=\"https:\/\/ceina.cl\/\" target=\"_blank\" rel=\"noopener\">Centro Cultural Ceina,<\/a>\u00a0en la\u00a0<a href=\"https:\/\/www.cclm.cl\/cineteca-nacional-de-chile\/\" target=\"_blank\" rel=\"noopener\">Cineteca Nacional de Chile<\/a>, la\u00a0<a href=\"https:\/\/www.aoa.cl\/\" target=\"_blank\" rel=\"noopener\">AOA<\/a>\u00a0y en el Auditorio\u00a0<a href=\"https:\/\/fau.uchile.cl\/\" target=\"_blank\" rel=\"noopener\">FAU<\/a>.<\/p>\n<p>&nbsp;<\/p>\n<h4 dir=\"ltr\">Filmes seleccionados por categor\u00eda<\/h4>\n<hr \/>\n<p>&nbsp;<\/p>\n<ul>\n<li dir=\"ltr\">\n<p dir=\"ltr\">Largometrajes<\/p>\n<\/li>\n<\/ul>\n<p>&nbsp;<\/p>\n<ol>\n<li dir=\"ltr\">\n<p dir=\"ltr\">Skin of glass, Denise Zmekhol, 2023, Estados Unidos.<\/p>\n<\/li>\n<li dir=\"ltr\">\n<p dir=\"ltr\">Mexity, Kate Kliwadenko, 2022, M\u00e9xico.<\/p>\n<\/li>\n<li dir=\"ltr\">\n<p dir=\"ltr\">Ensamble Patagonia, Valentina C\u00e1rdenas Espinoza, 2024, Chile.<\/p>\n<\/li>\n<li dir=\"ltr\">\n<p dir=\"ltr\">Maurice and I, Rick Harvie, 2024, Nueva Zelanda.<\/p>\n<\/li>\n<li dir=\"ltr\">\n<p dir=\"ltr\">Life, assembled, Elodie Degavre, 2022, B\u00e9lgica.<\/p>\n<\/li>\n<li dir=\"ltr\">\n<p dir=\"ltr\">More than a museum, Morrosko Vila-San-Juan, 2024, Espa\u00f1a.<\/p>\n<\/li>\n<\/ol>\n<p>&nbsp;<\/p>\n<ul>\n<li dir=\"ltr\">\n<p dir=\"ltr\">Cortometrajes:<\/p>\n<\/li>\n<\/ul>\n<p>&nbsp;<\/p>\n<ol>\n<li dir=\"ltr\">\n<p dir=\"ltr\">End of season, Leonor Mart\u00edn, 2023, Espa\u00f1a.<\/p>\n<\/li>\n<li dir=\"ltr\">\n<p dir=\"ltr\">Exterior Day, Giulia Magno, 2022, Italia.<\/p>\n<\/li>\n<li dir=\"ltr\">\n<p dir=\"ltr\">My House On The Beach, Alfredo Romeo, 2024, Chile.<\/p>\n<\/li>\n<li dir=\"ltr\">\n<p dir=\"ltr\">Sisyphus, Daniel Natoli Rojo, 2019, Espa\u00f1a.<\/p>\n<\/li>\n<li dir=\"ltr\">\n<p dir=\"ltr\">Periphery Center, Neighbors Of Development, Paola Velasquez, 2024, Chile.<\/p>\n<\/li>\n<li dir=\"ltr\">\n<p dir=\"ltr\">The Shadow Of The Palm Trees, Yesenia Novoa Rodriguez, 2023, M\u00e9xico.<\/p>\n<\/li>\n<li dir=\"ltr\">\n<p dir=\"ltr\">Villa Ol\u00edmpica, Cristian Gabriel Vidal, 2024, Chile.<\/p>\n<\/li>\n<li dir=\"ltr\">\n<p dir=\"ltr\">A Stone Story, Zeca Day, 2024, Brasil.<\/p>\n<\/li>\n<li dir=\"ltr\">\n<p dir=\"ltr\">Rondalla Para Can Lis, Pablo Serret De Ena, 2024, Dinamarca.<\/p>\n<\/li>\n<li dir=\"ltr\">\n<p dir=\"ltr\">Wrinkles, Daisy Ziyan Zhang, 2023, Estados Unidos.<\/p>\n<\/li>\n<li dir=\"ltr\">\n<p dir=\"ltr\">Atlas, Miguel C. Tavares, 2024, Portugal.<\/p>\n<\/li>\n<li dir=\"ltr\">\n<p dir=\"ltr\">Spaces Written By Light, Judit Ol\u00e1h, 2024, Hungr\u00eda.<\/p>\n<\/li>\n<\/ol>\n<p>&nbsp;<\/p>\n<ul>\n<li dir=\"ltr\">\n<p dir=\"ltr\">Registro de Arquitectura:<\/p>\n<\/li>\n<\/ul>\n<p>&nbsp;<\/p>\n<ol>\n<li dir=\"ltr\">\n<p dir=\"ltr\">Churches Of Island, Damien Lipp, 2023, Australia.<\/p>\n<\/li>\n<li dir=\"ltr\">\n<p dir=\"ltr\">Place_ment, Sebasti\u00e1n Salfate, 2020, Chile.<\/p>\n<\/li>\n<li dir=\"ltr\">\n<p dir=\"ltr\">Church Of The Divine Word Of Los \u00c1ngeles (1958-1984), Glenn Deulofeu, 2021, Chile<\/p>\n<\/li>\n<li dir=\"ltr\">\n<p dir=\"ltr\">Restoring Ziller, Nikos Chrisikakis, 2023, Grecia.<\/p>\n<\/li>\n<li dir=\"ltr\">\n<p dir=\"ltr\">Scott Walden&#8217;s The (Paving) Stones Of Venice, Ann Deborah Levy, 2024, Estados Unidos.<\/p>\n<\/li>\n<li dir=\"ltr\">\n<p dir=\"ltr\">Txl &#8211; Berlin Tegel Airport, Lukas Schmid, 2022, Alemania.<\/p>\n<\/li>\n<li dir=\"ltr\">\n<p dir=\"ltr\">Kalyon Karap\u0131nar 1.350 Mwp Spp &#8211; Central control building, Egemen Karakaya, 2024, Turqu\u00eda.<\/p>\n<\/li>\n<li dir=\"ltr\">\n<p dir=\"ltr\">The Human Insight: Designing The Och\u00e9 House, Fernando Ayuso Ortiz, 2024, Espa\u00f1a.<\/p>\n<\/li>\n<li dir=\"ltr\">\n<p dir=\"ltr\">The Sound That Remains, Jos\u00e9 Joaqu\u00edn Mora, 2023, Croacia.<\/p>\n<\/li>\n<li dir=\"ltr\">\n<p dir=\"ltr\">Just A Car Park, Joe Gilbert, 2019, Reino Unido.<\/p>\n<\/li>\n<li dir=\"ltr\">\n<p dir=\"ltr\">Strachan &#8211; Complexity and contradiction of an eclectic architecture, Daniel Natoli Rojo, 2024, Espa\u00f1a.<\/p>\n<\/li>\n<li dir=\"ltr\">\n<p dir=\"ltr\">La Hoya Mediterranean Gardens Park, Daniel Natoli Rojo, 2024, Espa\u00f1a.<\/p>\n<\/li>\n<li dir=\"ltr\">\n<p dir=\"ltr\">The house of forking paths, Imagen Subliminal, 2023, Espa\u00f1a.<\/p>\n<\/li>\n<li dir=\"ltr\">\n<p dir=\"ltr\">Air, Imagen Subliminal, Espa\u00f1a.<\/p>\n<\/li>\n<li dir=\"ltr\">\n<p dir=\"ltr\">Oda 14st, Imagen Subliminal, Espa\u00f1a.<\/p>\n<\/li>\n<li dir=\"ltr\">\n<p dir=\"ltr\">Unveiling heritage: a blueprint for the future, Zlatoslava Kryshtafovych, 2024, Ucrania.<\/p>\n<\/li>\n<li dir=\"ltr\">\n<p dir=\"ltr\">Construere: Notes and Outtakes of a Film In Process, Nicol\u00e1s Corral, 2023, Colombia.<\/p>\n<\/li>\n<li dir=\"ltr\">\n<p dir=\"ltr\">Orangebox, Shoayb Khattab, 2024, Emiratos \u00c1rabes.<\/p>\n<\/li>\n<li dir=\"ltr\">\n<p dir=\"ltr\">Beyon The White Cube, Giulia Magno, 2024, Italia.<\/p>\n<\/li>\n<li dir=\"ltr\">\n<p dir=\"ltr\">Ph-Doc, Federico Cairoli, 2024, Argentina.<\/p>\n<\/li>\n<li dir=\"ltr\">\n<p dir=\"ltr\">Tipitop, Imagen Subliminal, Espa\u00f1a.<\/p>\n<\/li>\n<li dir=\"ltr\">\n<p dir=\"ltr\">Barn House, Imagen Subliminal, Espa\u00f1a.<\/p>\n<\/li>\n<li dir=\"ltr\">\n<p dir=\"ltr\">Humo, Imagen Subliminal, Espa\u00f1a.<\/p>\n<\/li>\n<li dir=\"ltr\">\n<p dir=\"ltr\">\u00d8ki, Imagen Subliminal, Espa\u00f1a.<\/p>\n<\/li>\n<li dir=\"ltr\">\n<p dir=\"ltr\">Sea, Sun, Wind, Xacobo Sanmart\u00edn, 2024, Espa\u00f1a.<\/p>\n<\/li>\n<li dir=\"ltr\">\n<p dir=\"ltr\">Wba Presents, Jonathan Ortegat, B\u00e9lgica.<\/p>\n<\/li>\n<li dir=\"ltr\">\n<p dir=\"ltr\">Battleship Berlin, Nathan Eddy, 2021, Alemania.<\/p>\n<\/li>\n<li dir=\"ltr\">\n<p dir=\"ltr\">The Dream Was What Mattered, Nathan Eddy, 2024, Alemania.<\/p>\n<\/li>\n<\/ol>\n<p>&nbsp;<\/p>\n<hr \/>\n<p dir=\"ltr\">Para m\u00e1s informaci\u00f3n sobre el festival visita\u00a0<a href=\"http:\/\/www.arqfilmfest.cl\/\" target=\"_blank\" rel=\"noopener\">www.arqfilmfest.cl<\/a><\/p>\n<p><\/p>","protected":false},"excerpt":{"rendered":"<p>Tras la interesante respuesta global a la convocatoria del Arquitectura Film Festival Santiago 2024, el equipo seleccion\u00f3\u00a047 filmes\u00a0en competencia, los que se exhibir\u00e1n en la 6\u00aa versi\u00f3n que se llevar\u00e1 a cabo del 28 de noviembre al 7 de diciembre &hellip; <a class=\"more-link\" href=\"https:\/\/colegioarquitectos.com\/noticias\/?p=32569\">ver m\u00e1s<\/a><\/p>","protected":false},"author":4,"featured_media":32571,"comment_status":"closed","ping_status":"closed","sticky":false,"template":"","format":"standard","meta":{"footnotes":""},"categories":[3],"tags":[846,1027,1028,848,1026],"class_list":["post-32569","post","type-post","status-publish","format-standard","has-post-thumbnail","hentry","category-noticias","tag-arqfilmfest","tag-arqufilmfest-2024","tag-arquitectura-emocional","tag-arquitectura-film-festival-santiago","tag-arquitectura-film-festival-santiago-2024"],"yoast_head":"<!-- This site is optimized with the Yoast SEO plugin v24.2 - https:\/\/yoast.com\/wordpress\/plugins\/seo\/ -->\n<title>Selecci\u00f3n competencia internacional ArqfilmFest: 47 pel\u00edculas para explorar la arquitectura emocional - COLEGIO DE ARQUITECTOS DE CHILE<\/title>\n<meta name=\"robots\" content=\"index, follow, max-snippet:-1, max-image-preview:large, max-video-preview:-1\" \/>\n<link rel=\"canonical\" href=\"https:\/\/colegioarquitectos.com\/noticias\/?p=32569\" \/>\n<meta property=\"og:locale\" content=\"es_ES\" \/>\n<meta property=\"og:type\" content=\"article\" \/>\n<meta property=\"og:title\" content=\"Selecci\u00f3n competencia internacional ArqfilmFest: 47 pel\u00edculas para explorar la arquitectura emocional - COLEGIO DE ARQUITECTOS DE CHILE\" \/>\n<meta property=\"og:description\" content=\"Tras la interesante respuesta global a la convocatoria del Arquitectura Film Festival Santiago 2024, el equipo seleccion\u00f3\u00a047 filmes\u00a0en competencia, los que se exhibir\u00e1n en la 6\u00aa versi\u00f3n que se llevar\u00e1 a cabo del 28 de noviembre al 7 de diciembre &hellip; ver m\u00e1s\" \/>\n<meta property=\"og:url\" content=\"https:\/\/colegioarquitectos.com\/noticias\/?p=32569\" \/>\n<meta property=\"og:site_name\" content=\"COLEGIO DE ARQUITECTOS DE CHILE\" \/>\n<meta property=\"article:publisher\" content=\"https:\/\/facebook.com\/Colegioarq\/\" \/>\n<meta property=\"article:published_time\" content=\"2024-10-10T14:50:26+00:00\" \/>\n<meta property=\"og:image\" content=\"https:\/\/colegioarquitectos.com\/noticias\/wp-content\/uploads\/2024\/10\/encabezado-arqfilmfest.png\" \/>\n\t<meta property=\"og:image:width\" content=\"1280\" \/>\n\t<meta property=\"og:image:height\" content=\"720\" \/>\n\t<meta property=\"og:image:type\" content=\"image\/png\" \/>\n<meta name=\"author\" content=\"Colegio de Arquitectos de Chile\" \/>\n<meta name=\"twitter:card\" content=\"summary_large_image\" \/>\n<meta name=\"twitter:creator\" content=\"@colegioarq\" \/>\n<meta name=\"twitter:site\" content=\"@colegioarq\" \/>\n<meta name=\"twitter:label1\" content=\"Escrito por\" \/>\n\t<meta name=\"twitter:data1\" content=\"Colegio de Arquitectos de Chile\" \/>\n\t<meta name=\"twitter:label2\" content=\"Tiempo de lectura\" \/>\n\t<meta name=\"twitter:data2\" content=\"4 minutos\" \/>\n<script type=\"application\/ld+json\" class=\"yoast-schema-graph\">{\"@context\":\"https:\/\/schema.org\",\"@graph\":[{\"@type\":\"Article\",\"@id\":\"https:\/\/colegioarquitectos.com\/noticias\/?p=32569#article\",\"isPartOf\":{\"@id\":\"https:\/\/colegioarquitectos.com\/noticias\/?p=32569\"},\"author\":{\"name\":\"Colegio de Arquitectos de Chile\",\"@id\":\"https:\/\/colegioarquitectos.com\/noticias\/#\/schema\/person\/685cc0aad148303c5608f049af8285ad\"},\"headline\":\"Selecci\u00f3n competencia internacional ArqfilmFest: 47 pel\u00edculas para explorar la arquitectura emocional\",\"datePublished\":\"2024-10-10T14:50:26+00:00\",\"dateModified\":\"2024-10-10T14:50:26+00:00\",\"mainEntityOfPage\":{\"@id\":\"https:\/\/colegioarquitectos.com\/noticias\/?p=32569\"},\"wordCount\":829,\"publisher\":{\"@id\":\"https:\/\/colegioarquitectos.com\/noticias\/#organization\"},\"image\":{\"@id\":\"https:\/\/colegioarquitectos.com\/noticias\/?p=32569#primaryimage\"},\"thumbnailUrl\":\"https:\/\/colegioarquitectos.com\/noticias\/wp-content\/uploads\/2024\/10\/encabezado-arqfilmfest.png\",\"keywords\":[\"ArqFilmFest\",\"ARQUFILMFEST 2024\",\"arquitectura emocional\",\"Arquitectura Film Festival Santiago\",\"Arquitectura Film Festival Santiago 2024\"],\"articleSection\":[\"Noticias\"],\"inLanguage\":\"es\"},{\"@type\":\"WebPage\",\"@id\":\"https:\/\/colegioarquitectos.com\/noticias\/?p=32569\",\"url\":\"https:\/\/colegioarquitectos.com\/noticias\/?p=32569\",\"name\":\"Selecci\u00f3n competencia internacional ArqfilmFest: 47 pel\u00edculas para explorar la arquitectura emocional - COLEGIO DE ARQUITECTOS DE CHILE\",\"isPartOf\":{\"@id\":\"https:\/\/colegioarquitectos.com\/noticias\/#website\"},\"primaryImageOfPage\":{\"@id\":\"https:\/\/colegioarquitectos.com\/noticias\/?p=32569#primaryimage\"},\"image\":{\"@id\":\"https:\/\/colegioarquitectos.com\/noticias\/?p=32569#primaryimage\"},\"thumbnailUrl\":\"https:\/\/colegioarquitectos.com\/noticias\/wp-content\/uploads\/2024\/10\/encabezado-arqfilmfest.png\",\"datePublished\":\"2024-10-10T14:50:26+00:00\",\"dateModified\":\"2024-10-10T14:50:26+00:00\",\"breadcrumb\":{\"@id\":\"https:\/\/colegioarquitectos.com\/noticias\/?p=32569#breadcrumb\"},\"inLanguage\":\"es\",\"potentialAction\":[{\"@type\":\"ReadAction\",\"target\":[\"https:\/\/colegioarquitectos.com\/noticias\/?p=32569\"]}]},{\"@type\":\"ImageObject\",\"inLanguage\":\"es\",\"@id\":\"https:\/\/colegioarquitectos.com\/noticias\/?p=32569#primaryimage\",\"url\":\"https:\/\/colegioarquitectos.com\/noticias\/wp-content\/uploads\/2024\/10\/encabezado-arqfilmfest.png\",\"contentUrl\":\"https:\/\/colegioarquitectos.com\/noticias\/wp-content\/uploads\/2024\/10\/encabezado-arqfilmfest.png\",\"width\":1280,\"height\":720},{\"@type\":\"BreadcrumbList\",\"@id\":\"https:\/\/colegioarquitectos.com\/noticias\/?p=32569#breadcrumb\",\"itemListElement\":[{\"@type\":\"ListItem\",\"position\":1,\"name\":\"Portada\",\"item\":\"https:\/\/colegioarquitectos.com\/noticias\"},{\"@type\":\"ListItem\",\"position\":2,\"name\":\"Selecci\u00f3n competencia internacional ArqfilmFest: 47 pel\u00edculas para explorar la arquitectura emocional\"}]},{\"@type\":\"WebSite\",\"@id\":\"https:\/\/colegioarquitectos.com\/noticias\/#website\",\"url\":\"https:\/\/colegioarquitectos.com\/noticias\/\",\"name\":\"COLEGIO DE ARQUITECTOS DE CHILE\",\"description\":\"\",\"publisher\":{\"@id\":\"https:\/\/colegioarquitectos.com\/noticias\/#organization\"},\"potentialAction\":[{\"@type\":\"SearchAction\",\"target\":{\"@type\":\"EntryPoint\",\"urlTemplate\":\"https:\/\/colegioarquitectos.com\/noticias\/?s={search_term_string}\"},\"query-input\":{\"@type\":\"PropertyValueSpecification\",\"valueRequired\":true,\"valueName\":\"search_term_string\"}}],\"inLanguage\":\"es\"},{\"@type\":\"Organization\",\"@id\":\"https:\/\/colegioarquitectos.com\/noticias\/#organization\",\"name\":\"COLEGIO DE ARQUITECTOS DE CHILE\",\"url\":\"https:\/\/colegioarquitectos.com\/noticias\/\",\"logo\":{\"@type\":\"ImageObject\",\"inLanguage\":\"es\",\"@id\":\"https:\/\/colegioarquitectos.com\/noticias\/#\/schema\/logo\/image\/\",\"url\":\"https:\/\/colegioarquitectos.com\/noticias\/wp-content\/uploads\/2021\/05\/ENCABEZADO-LOGO-CA.jpg\",\"contentUrl\":\"https:\/\/colegioarquitectos.com\/noticias\/wp-content\/uploads\/2021\/05\/ENCABEZADO-LOGO-CA.jpg\",\"width\":690,\"height\":350,\"caption\":\"COLEGIO DE ARQUITECTOS DE CHILE\"},\"image\":{\"@id\":\"https:\/\/colegioarquitectos.com\/noticias\/#\/schema\/logo\/image\/\"},\"sameAs\":[\"https:\/\/facebook.com\/Colegioarq\/\",\"https:\/\/x.com\/colegioarq\",\"https:\/\/instagram.com\/colegioarq\",\"https:\/\/youtube.com\/@ColegiodeArquitectosdeChile\"]},{\"@type\":\"Person\",\"@id\":\"https:\/\/colegioarquitectos.com\/noticias\/#\/schema\/person\/685cc0aad148303c5608f049af8285ad\",\"name\":\"Colegio de Arquitectos de Chile\",\"url\":\"https:\/\/colegioarquitectos.com\/noticias\/?author=4\"}]}<\/script>\n<!-- \/ Yoast SEO plugin. -->","yoast_head_json":{"title":"Selecci\u00f3n competencia internacional ArqfilmFest: 47 pel\u00edculas para explorar la arquitectura emocional - COLEGIO DE ARQUITECTOS DE CHILE","robots":{"index":"index","follow":"follow","max-snippet":"max-snippet:-1","max-image-preview":"max-image-preview:large","max-video-preview":"max-video-preview:-1"},"canonical":"https:\/\/colegioarquitectos.com\/noticias\/?p=32569","og_locale":"es_ES","og_type":"article","og_title":"Selecci\u00f3n competencia internacional ArqfilmFest: 47 pel\u00edculas para explorar la arquitectura emocional - COLEGIO DE ARQUITECTOS DE CHILE","og_description":"Tras la interesante respuesta global a la convocatoria del Arquitectura Film Festival Santiago 2024, el equipo seleccion\u00f3\u00a047 filmes\u00a0en competencia, los que se exhibir\u00e1n en la 6\u00aa versi\u00f3n que se llevar\u00e1 a cabo del 28 de noviembre al 7 de diciembre &hellip; ver m\u00e1s","og_url":"https:\/\/colegioarquitectos.com\/noticias\/?p=32569","og_site_name":"COLEGIO DE ARQUITECTOS DE CHILE","article_publisher":"https:\/\/facebook.com\/Colegioarq\/","article_published_time":"2024-10-10T14:50:26+00:00","og_image":[{"width":1280,"height":720,"url":"https:\/\/colegioarquitectos.com\/noticias\/wp-content\/uploads\/2024\/10\/encabezado-arqfilmfest.png","type":"image\/png"}],"author":"Colegio de Arquitectos de Chile","twitter_card":"summary_large_image","twitter_creator":"@colegioarq","twitter_site":"@colegioarq","twitter_misc":{"Escrito por":"Colegio de Arquitectos de Chile","Tiempo de lectura":"4 minutos"},"schema":{"@context":"https:\/\/schema.org","@graph":[{"@type":"Article","@id":"https:\/\/colegioarquitectos.com\/noticias\/?p=32569#article","isPartOf":{"@id":"https:\/\/colegioarquitectos.com\/noticias\/?p=32569"},"author":{"name":"Colegio de Arquitectos de Chile","@id":"https:\/\/colegioarquitectos.com\/noticias\/#\/schema\/person\/685cc0aad148303c5608f049af8285ad"},"headline":"Selecci\u00f3n competencia internacional ArqfilmFest: 47 pel\u00edculas para explorar la arquitectura emocional","datePublished":"2024-10-10T14:50:26+00:00","dateModified":"2024-10-10T14:50:26+00:00","mainEntityOfPage":{"@id":"https:\/\/colegioarquitectos.com\/noticias\/?p=32569"},"wordCount":829,"publisher":{"@id":"https:\/\/colegioarquitectos.com\/noticias\/#organization"},"image":{"@id":"https:\/\/colegioarquitectos.com\/noticias\/?p=32569#primaryimage"},"thumbnailUrl":"https:\/\/colegioarquitectos.com\/noticias\/wp-content\/uploads\/2024\/10\/encabezado-arqfilmfest.png","keywords":["ArqFilmFest","ARQUFILMFEST 2024","arquitectura emocional","Arquitectura Film Festival Santiago","Arquitectura Film Festival Santiago 2024"],"articleSection":["Noticias"],"inLanguage":"es"},{"@type":"WebPage","@id":"https:\/\/colegioarquitectos.com\/noticias\/?p=32569","url":"https:\/\/colegioarquitectos.com\/noticias\/?p=32569","name":"Selecci\u00f3n competencia internacional ArqfilmFest: 47 pel\u00edculas para explorar la arquitectura emocional - COLEGIO DE ARQUITECTOS DE CHILE","isPartOf":{"@id":"https:\/\/colegioarquitectos.com\/noticias\/#website"},"primaryImageOfPage":{"@id":"https:\/\/colegioarquitectos.com\/noticias\/?p=32569#primaryimage"},"image":{"@id":"https:\/\/colegioarquitectos.com\/noticias\/?p=32569#primaryimage"},"thumbnailUrl":"https:\/\/colegioarquitectos.com\/noticias\/wp-content\/uploads\/2024\/10\/encabezado-arqfilmfest.png","datePublished":"2024-10-10T14:50:26+00:00","dateModified":"2024-10-10T14:50:26+00:00","breadcrumb":{"@id":"https:\/\/colegioarquitectos.com\/noticias\/?p=32569#breadcrumb"},"inLanguage":"es","potentialAction":[{"@type":"ReadAction","target":["https:\/\/colegioarquitectos.com\/noticias\/?p=32569"]}]},{"@type":"ImageObject","inLanguage":"es","@id":"https:\/\/colegioarquitectos.com\/noticias\/?p=32569#primaryimage","url":"https:\/\/colegioarquitectos.com\/noticias\/wp-content\/uploads\/2024\/10\/encabezado-arqfilmfest.png","contentUrl":"https:\/\/colegioarquitectos.com\/noticias\/wp-content\/uploads\/2024\/10\/encabezado-arqfilmfest.png","width":1280,"height":720},{"@type":"BreadcrumbList","@id":"https:\/\/colegioarquitectos.com\/noticias\/?p=32569#breadcrumb","itemListElement":[{"@type":"ListItem","position":1,"name":"Portada","item":"https:\/\/colegioarquitectos.com\/noticias"},{"@type":"ListItem","position":2,"name":"Selecci\u00f3n competencia internacional ArqfilmFest: 47 pel\u00edculas para explorar la arquitectura emocional"}]},{"@type":"WebSite","@id":"https:\/\/colegioarquitectos.com\/noticias\/#website","url":"https:\/\/colegioarquitectos.com\/noticias\/","name":"COLEGIO DE ARQUITECTOS DE CHILE","description":"","publisher":{"@id":"https:\/\/colegioarquitectos.com\/noticias\/#organization"},"potentialAction":[{"@type":"SearchAction","target":{"@type":"EntryPoint","urlTemplate":"https:\/\/colegioarquitectos.com\/noticias\/?s={search_term_string}"},"query-input":{"@type":"PropertyValueSpecification","valueRequired":true,"valueName":"search_term_string"}}],"inLanguage":"es"},{"@type":"Organization","@id":"https:\/\/colegioarquitectos.com\/noticias\/#organization","name":"COLEGIO DE ARQUITECTOS DE CHILE","url":"https:\/\/colegioarquitectos.com\/noticias\/","logo":{"@type":"ImageObject","inLanguage":"es","@id":"https:\/\/colegioarquitectos.com\/noticias\/#\/schema\/logo\/image\/","url":"https:\/\/colegioarquitectos.com\/noticias\/wp-content\/uploads\/2021\/05\/ENCABEZADO-LOGO-CA.jpg","contentUrl":"https:\/\/colegioarquitectos.com\/noticias\/wp-content\/uploads\/2021\/05\/ENCABEZADO-LOGO-CA.jpg","width":690,"height":350,"caption":"COLEGIO DE ARQUITECTOS DE CHILE"},"image":{"@id":"https:\/\/colegioarquitectos.com\/noticias\/#\/schema\/logo\/image\/"},"sameAs":["https:\/\/facebook.com\/Colegioarq\/","https:\/\/x.com\/colegioarq","https:\/\/instagram.com\/colegioarq","https:\/\/youtube.com\/@ColegiodeArquitectosdeChile"]},{"@type":"Person","@id":"https:\/\/colegioarquitectos.com\/noticias\/#\/schema\/person\/685cc0aad148303c5608f049af8285ad","name":"Colegio de Arquitectos de Chile","url":"https:\/\/colegioarquitectos.com\/noticias\/?author=4"}]}},"_links":{"self":[{"href":"https:\/\/colegioarquitectos.com\/noticias\/index.php?rest_route=\/wp\/v2\/posts\/32569","targetHints":{"allow":["GET"]}}],"collection":[{"href":"https:\/\/colegioarquitectos.com\/noticias\/index.php?rest_route=\/wp\/v2\/posts"}],"about":[{"href":"https:\/\/colegioarquitectos.com\/noticias\/index.php?rest_route=\/wp\/v2\/types\/post"}],"author":[{"embeddable":true,"href":"https:\/\/colegioarquitectos.com\/noticias\/index.php?rest_route=\/wp\/v2\/users\/4"}],"replies":[{"embeddable":true,"href":"https:\/\/colegioarquitectos.com\/noticias\/index.php?rest_route=%2Fwp%2Fv2%2Fcomments&post=32569"}],"version-history":[{"count":0,"href":"https:\/\/colegioarquitectos.com\/noticias\/index.php?rest_route=\/wp\/v2\/posts\/32569\/revisions"}],"wp:featuredmedia":[{"embeddable":true,"href":"https:\/\/colegioarquitectos.com\/noticias\/index.php?rest_route=\/wp\/v2\/media\/32571"}],"wp:attachment":[{"href":"https:\/\/colegioarquitectos.com\/noticias\/index.php?rest_route=%2Fwp%2Fv2%2Fmedia&parent=32569"}],"wp:term":[{"taxonomy":"category","embeddable":true,"href":"https:\/\/colegioarquitectos.com\/noticias\/index.php?rest_route=%2Fwp%2Fv2%2Fcategories&post=32569"},{"taxonomy":"post_tag","embeddable":true,"href":"https:\/\/colegioarquitectos.com\/noticias\/index.php?rest_route=%2Fwp%2Fv2%2Ftags&post=32569"}],"curies":[{"name":"wp","href":"https:\/\/api.w.org\/{rel}","templated":true}]}}