
{"id":32806,"date":"2024-12-04T11:07:22","date_gmt":"2024-12-04T15:07:22","guid":{"rendered":"https:\/\/colegioarquitectos.com\/?p=32806"},"modified":"2025-01-13T16:43:35","modified_gmt":"2025-01-13T20:43:35","slug":"rodolfo-jimenez-cavieres-ica-4500-directorio-nacional","status":"publish","type":"post","link":"https:\/\/colegioarquitectos.com\/noticias\/?p=32806","title":{"rendered":"Rodolfo Jim\u00e9nez Cavieres \u2014 Presidente nacional"},"content":{"rendered":"<p><img loading=\"lazy\" decoding=\"async\" class=\"alignleft wp-image-33161\" src=\"https:\/\/colegioarquitectos.com\/noticias\/wp-content\/uploads\/2025\/01\/IMG_5602-768x1024.jpeg\" alt=\"\" width=\"500\" height=\"667\" srcset=\"https:\/\/colegioarquitectos.com\/noticias\/wp-content\/uploads\/2025\/01\/IMG_5602-768x1024.jpeg 768w, https:\/\/colegioarquitectos.com\/noticias\/wp-content\/uploads\/2025\/01\/IMG_5602-225x300.jpeg 225w, https:\/\/colegioarquitectos.com\/noticias\/wp-content\/uploads\/2025\/01\/IMG_5602-1152x1536.jpeg 1152w, https:\/\/colegioarquitectos.com\/noticias\/wp-content\/uploads\/2025\/01\/IMG_5602-1536x2048.jpeg 1536w, https:\/\/colegioarquitectos.com\/noticias\/wp-content\/uploads\/2025\/01\/IMG_5602-scaled.jpeg 1920w\" sizes=\"auto, (max-width: 500px) 100vw, 500px\" \/><\/p>\n<p>Arquitecto titulado en la Universidad de Chile en 1983, a\u00f1o en el que se inscribi\u00f3 en el Colegio de Arquitectos de Chile, en el cual ha sido presidente y secretario del Comit\u00e9 de H\u00e1bitat y Vivienda.<\/p>\n<p>Su trayectoria profesional la inici\u00f3 con un breve periodo de ejercicio liberal, hasta que se incorpor\u00f3 en 1985 a la O.N.G. Centro Urbano de Asistencia T\u00e9cnica Taller Norte, en el desarrollo de programas de mejoramiento y construcci\u00f3n de viviendas principalmente en las comunas de Pe\u00f1alol\u00e9n y La Pintana, trabajando directamente con familias de pobladores apoyando sus distintas organizaciones (Construyendo Juntos, Comprando Juntos, etc.)<\/p>\n<p>En 1991 form\u00f3 parte del equipo que desarrolla el proyecto de creaci\u00f3n de la Escuela de Arquitectura de la Universidad de Santiago (USACH), casa de estudios en la que junto con su actividad de docencia e investigaci\u00f3n ha tenido una dilatada actividad gremial, siendo presidente de la comisi\u00f3n organizadora del primer Claustro Universitario que buscaba terminar con los estatutos de la dictadura; Presidente y Secretario de la Asociaci\u00f3n de Acad\u00e9micos; e integrante del Comit\u00e9 Triestamental del Estatuto Org\u00e1nico.<\/p>\n<p>En lo acad\u00e9mico fue director de la Escuela de Arquitectura de la USACH por dos periodos, Director de Docencia y Educaci\u00f3n Continua de la USACH y actualmente se desempe\u00f1a como Decano de la recientemente creada Facultad de Arquitectura y Ambiente Construido de la Universidad de Santiago de Chile.<\/p>\n<p>Su docencia ha estado volcada a los temas del h\u00e1bitat popular, con experiencias en Aprendizaje y Servicio que vinculan la pr\u00e1ctica acad\u00e9mica con el trabajo social.<\/p>\n<p>&nbsp;<\/p>\n<p><\/p>","protected":false},"excerpt":{"rendered":"<p>Arquitecto titulado en la Universidad de Chile en 1983, a\u00f1o en el que se inscribi\u00f3 en el Colegio de Arquitectos de Chile, en el cual ha sido presidente y secretario del Comit\u00e9 de H\u00e1bitat y Vivienda. Su trayectoria profesional la &hellip; <a class=\"more-link\" href=\"https:\/\/colegioarquitectos.com\/noticias\/?p=32806\">ver m\u00e1s<\/a><\/p>","protected":false},"author":4,"featured_media":0,"comment_status":"closed","ping_status":"closed","sticky":false,"template":"","format":"standard","meta":{"footnotes":""},"categories":[1],"tags":[1036],"class_list":["post-32806","post","type-post","status-publish","format-standard","hentry","category-sin-categoria","tag-elecciones-ca-2024"],"yoast_head":"<!-- This site is optimized with the Yoast SEO plugin v24.2 - https:\/\/yoast.com\/wordpress\/plugins\/seo\/ -->\n<title>Rodolfo Jim\u00e9nez Cavieres \u2014 Presidente nacional - COLEGIO DE ARQUITECTOS DE CHILE<\/title>\n<meta name=\"robots\" content=\"index, follow, max-snippet:-1, max-image-preview:large, max-video-preview:-1\" \/>\n<link rel=\"canonical\" href=\"https:\/\/colegioarquitectos.com\/noticias\/?p=32806\" \/>\n<meta property=\"og:locale\" content=\"es_ES\" \/>\n<meta property=\"og:type\" content=\"article\" \/>\n<meta property=\"og:title\" content=\"Rodolfo Jim\u00e9nez Cavieres \u2014 Presidente nacional - COLEGIO DE ARQUITECTOS DE CHILE\" \/>\n<meta property=\"og:description\" content=\"Arquitecto titulado en la Universidad de Chile en 1983, a\u00f1o en el que se inscribi\u00f3 en el Colegio de Arquitectos de Chile, en el cual ha sido presidente y secretario del Comit\u00e9 de H\u00e1bitat y Vivienda. Su trayectoria profesional la &hellip; ver m\u00e1s\" \/>\n<meta property=\"og:url\" content=\"https:\/\/colegioarquitectos.com\/noticias\/?p=32806\" \/>\n<meta property=\"og:site_name\" content=\"COLEGIO DE ARQUITECTOS DE CHILE\" \/>\n<meta property=\"article:publisher\" content=\"https:\/\/facebook.com\/Colegioarq\/\" \/>\n<meta property=\"article:published_time\" content=\"2024-12-04T15:07:22+00:00\" \/>\n<meta property=\"article:modified_time\" content=\"2025-01-13T20:43:35+00:00\" \/>\n<meta property=\"og:image\" content=\"https:\/\/colegioarquitectos.com\/noticias\/wp-content\/uploads\/2025\/01\/IMG_5602-scaled.jpeg\" \/>\n\t<meta property=\"og:image:width\" content=\"1920\" \/>\n\t<meta property=\"og:image:height\" content=\"2560\" \/>\n\t<meta property=\"og:image:type\" content=\"image\/jpeg\" \/>\n<meta name=\"author\" content=\"Colegio de Arquitectos de Chile\" \/>\n<meta name=\"twitter:card\" content=\"summary_large_image\" \/>\n<meta name=\"twitter:creator\" content=\"@colegioarq\" \/>\n<meta name=\"twitter:site\" content=\"@colegioarq\" \/>\n<meta name=\"twitter:label1\" content=\"Escrito por\" \/>\n\t<meta name=\"twitter:data1\" content=\"Colegio de Arquitectos de Chile\" \/>\n\t<meta name=\"twitter:label2\" content=\"Tiempo de lectura\" \/>\n\t<meta name=\"twitter:data2\" content=\"1 minuto\" \/>\n<script type=\"application\/ld+json\" class=\"yoast-schema-graph\">{\"@context\":\"https:\/\/schema.org\",\"@graph\":[{\"@type\":\"Article\",\"@id\":\"https:\/\/colegioarquitectos.com\/noticias\/?p=32806#article\",\"isPartOf\":{\"@id\":\"https:\/\/colegioarquitectos.com\/noticias\/?p=32806\"},\"author\":{\"name\":\"Colegio de Arquitectos de Chile\",\"@id\":\"https:\/\/colegioarquitectos.com\/noticias\/#\/schema\/person\/685cc0aad148303c5608f049af8285ad\"},\"headline\":\"Rodolfo Jim\u00e9nez Cavieres \u2014 Presidente nacional\",\"datePublished\":\"2024-12-04T15:07:22+00:00\",\"dateModified\":\"2025-01-13T20:43:35+00:00\",\"mainEntityOfPage\":{\"@id\":\"https:\/\/colegioarquitectos.com\/noticias\/?p=32806\"},\"wordCount\":275,\"publisher\":{\"@id\":\"https:\/\/colegioarquitectos.com\/noticias\/#organization\"},\"image\":{\"@id\":\"https:\/\/colegioarquitectos.com\/noticias\/?p=32806#primaryimage\"},\"thumbnailUrl\":\"https:\/\/colegioarquitectos.com\/noticias\/wp-content\/uploads\/2025\/01\/IMG_5602-768x1024.jpeg\",\"keywords\":[\"Elecciones CA 2024\"],\"inLanguage\":\"es\"},{\"@type\":\"WebPage\",\"@id\":\"https:\/\/colegioarquitectos.com\/noticias\/?p=32806\",\"url\":\"https:\/\/colegioarquitectos.com\/noticias\/?p=32806\",\"name\":\"Rodolfo Jim\u00e9nez Cavieres \u2014 Presidente nacional - COLEGIO DE ARQUITECTOS DE CHILE\",\"isPartOf\":{\"@id\":\"https:\/\/colegioarquitectos.com\/noticias\/#website\"},\"primaryImageOfPage\":{\"@id\":\"https:\/\/colegioarquitectos.com\/noticias\/?p=32806#primaryimage\"},\"image\":{\"@id\":\"https:\/\/colegioarquitectos.com\/noticias\/?p=32806#primaryimage\"},\"thumbnailUrl\":\"https:\/\/colegioarquitectos.com\/noticias\/wp-content\/uploads\/2025\/01\/IMG_5602-768x1024.jpeg\",\"datePublished\":\"2024-12-04T15:07:22+00:00\",\"dateModified\":\"2025-01-13T20:43:35+00:00\",\"breadcrumb\":{\"@id\":\"https:\/\/colegioarquitectos.com\/noticias\/?p=32806#breadcrumb\"},\"inLanguage\":\"es\",\"potentialAction\":[{\"@type\":\"ReadAction\",\"target\":[\"https:\/\/colegioarquitectos.com\/noticias\/?p=32806\"]}]},{\"@type\":\"ImageObject\",\"inLanguage\":\"es\",\"@id\":\"https:\/\/colegioarquitectos.com\/noticias\/?p=32806#primaryimage\",\"url\":\"https:\/\/colegioarquitectos.com\/noticias\/wp-content\/uploads\/2025\/01\/IMG_5602-scaled.jpeg\",\"contentUrl\":\"https:\/\/colegioarquitectos.com\/noticias\/wp-content\/uploads\/2025\/01\/IMG_5602-scaled.jpeg\",\"width\":1920,\"height\":2560},{\"@type\":\"BreadcrumbList\",\"@id\":\"https:\/\/colegioarquitectos.com\/noticias\/?p=32806#breadcrumb\",\"itemListElement\":[{\"@type\":\"ListItem\",\"position\":1,\"name\":\"Portada\",\"item\":\"https:\/\/colegioarquitectos.com\/noticias\"},{\"@type\":\"ListItem\",\"position\":2,\"name\":\"Rodolfo Jim\u00e9nez Cavieres \u2014 Presidente nacional\"}]},{\"@type\":\"WebSite\",\"@id\":\"https:\/\/colegioarquitectos.com\/noticias\/#website\",\"url\":\"https:\/\/colegioarquitectos.com\/noticias\/\",\"name\":\"COLEGIO DE ARQUITECTOS DE CHILE\",\"description\":\"\",\"publisher\":{\"@id\":\"https:\/\/colegioarquitectos.com\/noticias\/#organization\"},\"potentialAction\":[{\"@type\":\"SearchAction\",\"target\":{\"@type\":\"EntryPoint\",\"urlTemplate\":\"https:\/\/colegioarquitectos.com\/noticias\/?s={search_term_string}\"},\"query-input\":{\"@type\":\"PropertyValueSpecification\",\"valueRequired\":true,\"valueName\":\"search_term_string\"}}],\"inLanguage\":\"es\"},{\"@type\":\"Organization\",\"@id\":\"https:\/\/colegioarquitectos.com\/noticias\/#organization\",\"name\":\"COLEGIO DE ARQUITECTOS DE CHILE\",\"url\":\"https:\/\/colegioarquitectos.com\/noticias\/\",\"logo\":{\"@type\":\"ImageObject\",\"inLanguage\":\"es\",\"@id\":\"https:\/\/colegioarquitectos.com\/noticias\/#\/schema\/logo\/image\/\",\"url\":\"https:\/\/colegioarquitectos.com\/noticias\/wp-content\/uploads\/2021\/05\/ENCABEZADO-LOGO-CA.jpg\",\"contentUrl\":\"https:\/\/colegioarquitectos.com\/noticias\/wp-content\/uploads\/2021\/05\/ENCABEZADO-LOGO-CA.jpg\",\"width\":690,\"height\":350,\"caption\":\"COLEGIO DE ARQUITECTOS DE CHILE\"},\"image\":{\"@id\":\"https:\/\/colegioarquitectos.com\/noticias\/#\/schema\/logo\/image\/\"},\"sameAs\":[\"https:\/\/facebook.com\/Colegioarq\/\",\"https:\/\/x.com\/colegioarq\",\"https:\/\/instagram.com\/colegioarq\",\"https:\/\/youtube.com\/@ColegiodeArquitectosdeChile\"]},{\"@type\":\"Person\",\"@id\":\"https:\/\/colegioarquitectos.com\/noticias\/#\/schema\/person\/685cc0aad148303c5608f049af8285ad\",\"name\":\"Colegio de Arquitectos de Chile\",\"url\":\"https:\/\/colegioarquitectos.com\/noticias\/?author=4\"}]}<\/script>\n<!-- \/ Yoast SEO plugin. -->","yoast_head_json":{"title":"Rodolfo Jim\u00e9nez Cavieres \u2014 Presidente nacional - COLEGIO DE ARQUITECTOS DE CHILE","robots":{"index":"index","follow":"follow","max-snippet":"max-snippet:-1","max-image-preview":"max-image-preview:large","max-video-preview":"max-video-preview:-1"},"canonical":"https:\/\/colegioarquitectos.com\/noticias\/?p=32806","og_locale":"es_ES","og_type":"article","og_title":"Rodolfo Jim\u00e9nez Cavieres \u2014 Presidente nacional - COLEGIO DE ARQUITECTOS DE CHILE","og_description":"Arquitecto titulado en la Universidad de Chile en 1983, a\u00f1o en el que se inscribi\u00f3 en el Colegio de Arquitectos de Chile, en el cual ha sido presidente y secretario del Comit\u00e9 de H\u00e1bitat y Vivienda. Su trayectoria profesional la &hellip; ver m\u00e1s","og_url":"https:\/\/colegioarquitectos.com\/noticias\/?p=32806","og_site_name":"COLEGIO DE ARQUITECTOS DE CHILE","article_publisher":"https:\/\/facebook.com\/Colegioarq\/","article_published_time":"2024-12-04T15:07:22+00:00","article_modified_time":"2025-01-13T20:43:35+00:00","og_image":[{"width":1920,"height":2560,"url":"https:\/\/colegioarquitectos.com\/noticias\/wp-content\/uploads\/2025\/01\/IMG_5602-scaled.jpeg","type":"image\/jpeg"}],"author":"Colegio de Arquitectos de Chile","twitter_card":"summary_large_image","twitter_creator":"@colegioarq","twitter_site":"@colegioarq","twitter_misc":{"Escrito por":"Colegio de Arquitectos de Chile","Tiempo de lectura":"1 minuto"},"schema":{"@context":"https:\/\/schema.org","@graph":[{"@type":"Article","@id":"https:\/\/colegioarquitectos.com\/noticias\/?p=32806#article","isPartOf":{"@id":"https:\/\/colegioarquitectos.com\/noticias\/?p=32806"},"author":{"name":"Colegio de Arquitectos de Chile","@id":"https:\/\/colegioarquitectos.com\/noticias\/#\/schema\/person\/685cc0aad148303c5608f049af8285ad"},"headline":"Rodolfo Jim\u00e9nez Cavieres \u2014 Presidente nacional","datePublished":"2024-12-04T15:07:22+00:00","dateModified":"2025-01-13T20:43:35+00:00","mainEntityOfPage":{"@id":"https:\/\/colegioarquitectos.com\/noticias\/?p=32806"},"wordCount":275,"publisher":{"@id":"https:\/\/colegioarquitectos.com\/noticias\/#organization"},"image":{"@id":"https:\/\/colegioarquitectos.com\/noticias\/?p=32806#primaryimage"},"thumbnailUrl":"https:\/\/colegioarquitectos.com\/noticias\/wp-content\/uploads\/2025\/01\/IMG_5602-768x1024.jpeg","keywords":["Elecciones CA 2024"],"inLanguage":"es"},{"@type":"WebPage","@id":"https:\/\/colegioarquitectos.com\/noticias\/?p=32806","url":"https:\/\/colegioarquitectos.com\/noticias\/?p=32806","name":"Rodolfo Jim\u00e9nez Cavieres \u2014 Presidente nacional - COLEGIO DE ARQUITECTOS DE CHILE","isPartOf":{"@id":"https:\/\/colegioarquitectos.com\/noticias\/#website"},"primaryImageOfPage":{"@id":"https:\/\/colegioarquitectos.com\/noticias\/?p=32806#primaryimage"},"image":{"@id":"https:\/\/colegioarquitectos.com\/noticias\/?p=32806#primaryimage"},"thumbnailUrl":"https:\/\/colegioarquitectos.com\/noticias\/wp-content\/uploads\/2025\/01\/IMG_5602-768x1024.jpeg","datePublished":"2024-12-04T15:07:22+00:00","dateModified":"2025-01-13T20:43:35+00:00","breadcrumb":{"@id":"https:\/\/colegioarquitectos.com\/noticias\/?p=32806#breadcrumb"},"inLanguage":"es","potentialAction":[{"@type":"ReadAction","target":["https:\/\/colegioarquitectos.com\/noticias\/?p=32806"]}]},{"@type":"ImageObject","inLanguage":"es","@id":"https:\/\/colegioarquitectos.com\/noticias\/?p=32806#primaryimage","url":"https:\/\/colegioarquitectos.com\/noticias\/wp-content\/uploads\/2025\/01\/IMG_5602-scaled.jpeg","contentUrl":"https:\/\/colegioarquitectos.com\/noticias\/wp-content\/uploads\/2025\/01\/IMG_5602-scaled.jpeg","width":1920,"height":2560},{"@type":"BreadcrumbList","@id":"https:\/\/colegioarquitectos.com\/noticias\/?p=32806#breadcrumb","itemListElement":[{"@type":"ListItem","position":1,"name":"Portada","item":"https:\/\/colegioarquitectos.com\/noticias"},{"@type":"ListItem","position":2,"name":"Rodolfo Jim\u00e9nez Cavieres \u2014 Presidente nacional"}]},{"@type":"WebSite","@id":"https:\/\/colegioarquitectos.com\/noticias\/#website","url":"https:\/\/colegioarquitectos.com\/noticias\/","name":"COLEGIO DE ARQUITECTOS DE CHILE","description":"","publisher":{"@id":"https:\/\/colegioarquitectos.com\/noticias\/#organization"},"potentialAction":[{"@type":"SearchAction","target":{"@type":"EntryPoint","urlTemplate":"https:\/\/colegioarquitectos.com\/noticias\/?s={search_term_string}"},"query-input":{"@type":"PropertyValueSpecification","valueRequired":true,"valueName":"search_term_string"}}],"inLanguage":"es"},{"@type":"Organization","@id":"https:\/\/colegioarquitectos.com\/noticias\/#organization","name":"COLEGIO DE ARQUITECTOS DE CHILE","url":"https:\/\/colegioarquitectos.com\/noticias\/","logo":{"@type":"ImageObject","inLanguage":"es","@id":"https:\/\/colegioarquitectos.com\/noticias\/#\/schema\/logo\/image\/","url":"https:\/\/colegioarquitectos.com\/noticias\/wp-content\/uploads\/2021\/05\/ENCABEZADO-LOGO-CA.jpg","contentUrl":"https:\/\/colegioarquitectos.com\/noticias\/wp-content\/uploads\/2021\/05\/ENCABEZADO-LOGO-CA.jpg","width":690,"height":350,"caption":"COLEGIO DE ARQUITECTOS DE CHILE"},"image":{"@id":"https:\/\/colegioarquitectos.com\/noticias\/#\/schema\/logo\/image\/"},"sameAs":["https:\/\/facebook.com\/Colegioarq\/","https:\/\/x.com\/colegioarq","https:\/\/instagram.com\/colegioarq","https:\/\/youtube.com\/@ColegiodeArquitectosdeChile"]},{"@type":"Person","@id":"https:\/\/colegioarquitectos.com\/noticias\/#\/schema\/person\/685cc0aad148303c5608f049af8285ad","name":"Colegio de Arquitectos de Chile","url":"https:\/\/colegioarquitectos.com\/noticias\/?author=4"}]}},"_links":{"self":[{"href":"https:\/\/colegioarquitectos.com\/noticias\/index.php?rest_route=\/wp\/v2\/posts\/32806","targetHints":{"allow":["GET"]}}],"collection":[{"href":"https:\/\/colegioarquitectos.com\/noticias\/index.php?rest_route=\/wp\/v2\/posts"}],"about":[{"href":"https:\/\/colegioarquitectos.com\/noticias\/index.php?rest_route=\/wp\/v2\/types\/post"}],"author":[{"embeddable":true,"href":"https:\/\/colegioarquitectos.com\/noticias\/index.php?rest_route=\/wp\/v2\/users\/4"}],"replies":[{"embeddable":true,"href":"https:\/\/colegioarquitectos.com\/noticias\/index.php?rest_route=%2Fwp%2Fv2%2Fcomments&post=32806"}],"version-history":[{"count":5,"href":"https:\/\/colegioarquitectos.com\/noticias\/index.php?rest_route=\/wp\/v2\/posts\/32806\/revisions"}],"predecessor-version":[{"id":33169,"href":"https:\/\/colegioarquitectos.com\/noticias\/index.php?rest_route=\/wp\/v2\/posts\/32806\/revisions\/33169"}],"wp:attachment":[{"href":"https:\/\/colegioarquitectos.com\/noticias\/index.php?rest_route=%2Fwp%2Fv2%2Fmedia&parent=32806"}],"wp:term":[{"taxonomy":"category","embeddable":true,"href":"https:\/\/colegioarquitectos.com\/noticias\/index.php?rest_route=%2Fwp%2Fv2%2Fcategories&post=32806"},{"taxonomy":"post_tag","embeddable":true,"href":"https:\/\/colegioarquitectos.com\/noticias\/index.php?rest_route=%2Fwp%2Fv2%2Ftags&post=32806"}],"curies":[{"name":"wp","href":"https:\/\/api.w.org\/{rel}","templated":true}]}}