
{"id":32873,"date":"2024-12-04T15:59:34","date_gmt":"2024-12-04T19:59:34","guid":{"rendered":"https:\/\/colegioarquitectos.com\/?p=32873"},"modified":"2024-12-09T23:25:18","modified_gmt":"2024-12-10T03:25:18","slug":"participa-del-seminario-derecho-humano-a-la-vivienda","status":"publish","type":"post","link":"https:\/\/colegioarquitectos.com\/noticias\/?p=32873","title":{"rendered":"Participa del seminario \u00abDerecho humano a la vivienda\u00bb"},"content":{"rendered":"<p>El pr\u00f3ximo <strong>lunes 9 de diciembre<\/strong> desde las <strong>18.30 horas<\/strong> en la <strong>Sede Nacional del Colegio de Arquitectos de Chile<\/strong> (<strong>Avenida Libertador Bernardo O&#8217;Higgins 115, Santiago<\/strong>) se realizar\u00e1 el <strong>seminario \u00abDerecho humano a la vivienda\u00bb<\/strong>.<\/p>\n<p>En la instancia, expondr\u00e1 el Premio Nacional de Arquitectura 2024,<strong> Cristi\u00e1n Castillo<\/strong>; el Premio Nacional de Arquitectura 2019, <strong>Miguel Lawner<\/strong>; el arquitecto, soci\u00f3logo y ex alcalde de Recoleta, <strong>Daniel Jadue<\/strong>; la vocera de la agrupaci\u00f3n Pobladores Santiago Multicolor, <strong>Valeria Bustos<\/strong>; y la Encargada Nacional de Condominios MINVU, <strong>Doris Gonz\u00e1lez<\/strong>.<\/p>\n<p>En tanto, el seminario organizado por nuestro <strong>Comit\u00e9 de Derechos Humanos y Ciudadanos<\/strong> ser\u00e1 moderado por <strong>Fernando Miranda<\/strong>, director de actividades del Colegio de Arquitectos de Chile.<\/p>\n<p>El <strong>seminario \u00abDerecho humano a la vivienda\u00bb<\/strong> se realizar\u00e1 el pr\u00f3ximo<strong> lunes 9 de diciembre<\/strong> desde las<strong> 18.30 horas<\/strong> en la<strong> Sede Nacional del Colegio de Arquitectos de Chile<\/strong> (<strong>Avenida Libertador Bernardo O&#8217;Higgins 115, Santiago<\/strong>) de forma totalmente presencial.<\/p>\n<p>&nbsp;<\/p>\n<h4>La vivienda como derecho humano<\/h4>\n<hr \/>\n<p>La vivienda y su carest\u00eda ha sido un tema recurrente con el advenimiento de la Modernidad, las nuevas relaciones sociales constituidas en Estados Modernos, han establecido un enfrentamiento entre la necesidad b\u00e1sica de contar con un refugio y la organizaci\u00f3n de la sociedad para proveerlo.<\/p>\n<p>El colonialismo europeo de los siglos XIX y XX y el imperialismo de inicios del siglo XX provocaron una crisis mundial que devino en una conflagraci\u00f3n general entre las hegemon\u00edas en disputa. Esta crisis mundial gener\u00f3 la perdida de viviendas y el desplazamiento forzado de grandes masas de poblaci\u00f3n. Es en este contexto, que a trav\u00e9s de la Declaraci\u00f3n de los Humanos se reconoce el acceso a la vivienda como un Derecho Humano Universal y que este derecho debe ser asegurado por los Estados.<\/p>\n<p>En Latinoamericana, el rostro de esta carest\u00eda de vivienda tiene un origen hist\u00f3rico expresado en la disputa por la posesi\u00f3n y tenencia de la tierra, el latifundio y el inquilinaje.<\/p>\n<p>En el Chile de inicios del siglo XX esta necesidad de vivienda tiene un origen brutal, ilustrado en el acarreo de obreros y sus familias a faenas industriales en el norte, en la migraci\u00f3n campo-ciudad, concentrando a la poblaci\u00f3n en cordones de pobreza en la periferia de las ciudades y tambi\u00e9n, en el desplazamiento de poblaciones pioneras y pueblos originarios de la Patagonia, a trav\u00e9s de las concesiones agr\u00edcolas.<\/p>\n<p>Estas formas de disputa han obligado a la poblaci\u00f3n a resolver la necesidad de refugio al margen de la \u00ablegalidad\u00bb, en ocupaciones irregulares o en tomas de terreno. La necesidad de refugio, el rol del Estado y la propiedad privada est\u00e1n en pugna y a\u00fan sin soluci\u00f3n, lo que sin duda nos tiene en una crisis social de incierto desenlace.<\/p>\n<p>&nbsp;<\/p>\n<p><\/p>","protected":false},"excerpt":{"rendered":"<p>El pr\u00f3ximo lunes 9 de diciembre desde las 18.30 horas en la Sede Nacional del Colegio de Arquitectos de Chile (Avenida Libertador Bernardo O&#8217;Higgins 115, Santiago) se realizar\u00e1 el seminario \u00abDerecho humano a la vivienda\u00bb. En la instancia, expondr\u00e1 el &hellip; <a class=\"more-link\" href=\"https:\/\/colegioarquitectos.com\/noticias\/?p=32873\">ver m\u00e1s<\/a><\/p>","protected":false},"author":4,"featured_media":32883,"comment_status":"closed","ping_status":"closed","sticky":false,"template":"","format":"standard","meta":{"footnotes":""},"categories":[9],"tags":[898,1075,1076,1077,465,306,1078,96],"class_list":["post-32873","post","type-post","status-publish","format-standard","has-post-thumbnail","hentry","category-comites","tag-cristian-castillo","tag-daniel-jadue","tag-derecho-humano-a-la-vivienda","tag-fernando-miranda","tag-miguel-lawner","tag-seminario","tag-valeria-bustos","tag-vivienda"],"yoast_head":"<!-- This site is optimized with the Yoast SEO plugin v24.2 - https:\/\/yoast.com\/wordpress\/plugins\/seo\/ -->\n<title>Participa del seminario \u00abDerecho humano a la vivienda\u00bb - COLEGIO DE ARQUITECTOS DE CHILE<\/title>\n<meta name=\"robots\" content=\"index, follow, max-snippet:-1, max-image-preview:large, max-video-preview:-1\" \/>\n<link rel=\"canonical\" href=\"https:\/\/colegioarquitectos.com\/noticias\/?p=32873\" \/>\n<meta property=\"og:locale\" content=\"es_ES\" \/>\n<meta property=\"og:type\" content=\"article\" \/>\n<meta property=\"og:title\" content=\"Participa del seminario \u00abDerecho humano a la vivienda\u00bb - COLEGIO DE ARQUITECTOS DE CHILE\" \/>\n<meta property=\"og:description\" content=\"El pr\u00f3ximo lunes 9 de diciembre desde las 18.30 horas en la Sede Nacional del Colegio de Arquitectos de Chile (Avenida Libertador Bernardo O&#8217;Higgins 115, Santiago) se realizar\u00e1 el seminario \u00abDerecho humano a la vivienda\u00bb. En la instancia, expondr\u00e1 el &hellip; ver m\u00e1s\" \/>\n<meta property=\"og:url\" content=\"https:\/\/colegioarquitectos.com\/noticias\/?p=32873\" \/>\n<meta property=\"og:site_name\" content=\"COLEGIO DE ARQUITECTOS DE CHILE\" \/>\n<meta property=\"article:publisher\" content=\"https:\/\/facebook.com\/Colegioarq\/\" \/>\n<meta property=\"article:published_time\" content=\"2024-12-04T19:59:34+00:00\" \/>\n<meta property=\"article:modified_time\" content=\"2024-12-10T03:25:18+00:00\" \/>\n<meta property=\"og:image\" content=\"https:\/\/colegioarquitectos.com\/noticias\/wp-content\/uploads\/2024\/12\/AFICHE-DERECHO-VIVIENDA-DESTWEB.png\" \/>\n\t<meta property=\"og:image:width\" content=\"1280\" \/>\n\t<meta property=\"og:image:height\" content=\"720\" \/>\n\t<meta property=\"og:image:type\" content=\"image\/png\" \/>\n<meta name=\"author\" content=\"Colegio de Arquitectos de Chile\" \/>\n<meta name=\"twitter:card\" content=\"summary_large_image\" \/>\n<meta name=\"twitter:creator\" content=\"@colegioarq\" \/>\n<meta name=\"twitter:site\" content=\"@colegioarq\" \/>\n<meta name=\"twitter:label1\" content=\"Escrito por\" \/>\n\t<meta name=\"twitter:data1\" content=\"Colegio de Arquitectos de Chile\" \/>\n\t<meta name=\"twitter:label2\" content=\"Tiempo de lectura\" \/>\n\t<meta name=\"twitter:data2\" content=\"2 minutos\" \/>\n<script type=\"application\/ld+json\" class=\"yoast-schema-graph\">{\"@context\":\"https:\/\/schema.org\",\"@graph\":[{\"@type\":\"Article\",\"@id\":\"https:\/\/colegioarquitectos.com\/noticias\/?p=32873#article\",\"isPartOf\":{\"@id\":\"https:\/\/colegioarquitectos.com\/noticias\/?p=32873\"},\"author\":{\"name\":\"Colegio de Arquitectos de Chile\",\"@id\":\"https:\/\/colegioarquitectos.com\/noticias\/#\/schema\/person\/685cc0aad148303c5608f049af8285ad\"},\"headline\":\"Participa del seminario \u00abDerecho humano a la vivienda\u00bb\",\"datePublished\":\"2024-12-04T19:59:34+00:00\",\"dateModified\":\"2024-12-10T03:25:18+00:00\",\"mainEntityOfPage\":{\"@id\":\"https:\/\/colegioarquitectos.com\/noticias\/?p=32873\"},\"wordCount\":473,\"publisher\":{\"@id\":\"https:\/\/colegioarquitectos.com\/noticias\/#organization\"},\"image\":{\"@id\":\"https:\/\/colegioarquitectos.com\/noticias\/?p=32873#primaryimage\"},\"thumbnailUrl\":\"https:\/\/colegioarquitectos.com\/noticias\/wp-content\/uploads\/2024\/12\/AFICHE-DERECHO-VIVIENDA-DESTWEB.png\",\"keywords\":[\"Cristi\u00e1n Castillo\",\"Daniel Jadue\",\"Derecho humano a la vivienda\",\"Fernando miranda\",\"Miguel Lawner\",\"Seminario\",\"Valeria Bustos\",\"Vivienda\"],\"articleSection\":[\"Comit\u00e9s\"],\"inLanguage\":\"es\"},{\"@type\":\"WebPage\",\"@id\":\"https:\/\/colegioarquitectos.com\/noticias\/?p=32873\",\"url\":\"https:\/\/colegioarquitectos.com\/noticias\/?p=32873\",\"name\":\"Participa del seminario \u00abDerecho humano a la vivienda\u00bb - COLEGIO DE ARQUITECTOS DE CHILE\",\"isPartOf\":{\"@id\":\"https:\/\/colegioarquitectos.com\/noticias\/#website\"},\"primaryImageOfPage\":{\"@id\":\"https:\/\/colegioarquitectos.com\/noticias\/?p=32873#primaryimage\"},\"image\":{\"@id\":\"https:\/\/colegioarquitectos.com\/noticias\/?p=32873#primaryimage\"},\"thumbnailUrl\":\"https:\/\/colegioarquitectos.com\/noticias\/wp-content\/uploads\/2024\/12\/AFICHE-DERECHO-VIVIENDA-DESTWEB.png\",\"datePublished\":\"2024-12-04T19:59:34+00:00\",\"dateModified\":\"2024-12-10T03:25:18+00:00\",\"breadcrumb\":{\"@id\":\"https:\/\/colegioarquitectos.com\/noticias\/?p=32873#breadcrumb\"},\"inLanguage\":\"es\",\"potentialAction\":[{\"@type\":\"ReadAction\",\"target\":[\"https:\/\/colegioarquitectos.com\/noticias\/?p=32873\"]}]},{\"@type\":\"ImageObject\",\"inLanguage\":\"es\",\"@id\":\"https:\/\/colegioarquitectos.com\/noticias\/?p=32873#primaryimage\",\"url\":\"https:\/\/colegioarquitectos.com\/noticias\/wp-content\/uploads\/2024\/12\/AFICHE-DERECHO-VIVIENDA-DESTWEB.png\",\"contentUrl\":\"https:\/\/colegioarquitectos.com\/noticias\/wp-content\/uploads\/2024\/12\/AFICHE-DERECHO-VIVIENDA-DESTWEB.png\",\"width\":1280,\"height\":720},{\"@type\":\"BreadcrumbList\",\"@id\":\"https:\/\/colegioarquitectos.com\/noticias\/?p=32873#breadcrumb\",\"itemListElement\":[{\"@type\":\"ListItem\",\"position\":1,\"name\":\"Portada\",\"item\":\"https:\/\/colegioarquitectos.com\/noticias\"},{\"@type\":\"ListItem\",\"position\":2,\"name\":\"Participa del seminario \u00abDerecho humano a la vivienda\u00bb\"}]},{\"@type\":\"WebSite\",\"@id\":\"https:\/\/colegioarquitectos.com\/noticias\/#website\",\"url\":\"https:\/\/colegioarquitectos.com\/noticias\/\",\"name\":\"COLEGIO DE ARQUITECTOS DE CHILE\",\"description\":\"\",\"publisher\":{\"@id\":\"https:\/\/colegioarquitectos.com\/noticias\/#organization\"},\"potentialAction\":[{\"@type\":\"SearchAction\",\"target\":{\"@type\":\"EntryPoint\",\"urlTemplate\":\"https:\/\/colegioarquitectos.com\/noticias\/?s={search_term_string}\"},\"query-input\":{\"@type\":\"PropertyValueSpecification\",\"valueRequired\":true,\"valueName\":\"search_term_string\"}}],\"inLanguage\":\"es\"},{\"@type\":\"Organization\",\"@id\":\"https:\/\/colegioarquitectos.com\/noticias\/#organization\",\"name\":\"COLEGIO DE ARQUITECTOS DE CHILE\",\"url\":\"https:\/\/colegioarquitectos.com\/noticias\/\",\"logo\":{\"@type\":\"ImageObject\",\"inLanguage\":\"es\",\"@id\":\"https:\/\/colegioarquitectos.com\/noticias\/#\/schema\/logo\/image\/\",\"url\":\"https:\/\/colegioarquitectos.com\/noticias\/wp-content\/uploads\/2021\/05\/ENCABEZADO-LOGO-CA.jpg\",\"contentUrl\":\"https:\/\/colegioarquitectos.com\/noticias\/wp-content\/uploads\/2021\/05\/ENCABEZADO-LOGO-CA.jpg\",\"width\":690,\"height\":350,\"caption\":\"COLEGIO DE ARQUITECTOS DE CHILE\"},\"image\":{\"@id\":\"https:\/\/colegioarquitectos.com\/noticias\/#\/schema\/logo\/image\/\"},\"sameAs\":[\"https:\/\/facebook.com\/Colegioarq\/\",\"https:\/\/x.com\/colegioarq\",\"https:\/\/instagram.com\/colegioarq\",\"https:\/\/youtube.com\/@ColegiodeArquitectosdeChile\"]},{\"@type\":\"Person\",\"@id\":\"https:\/\/colegioarquitectos.com\/noticias\/#\/schema\/person\/685cc0aad148303c5608f049af8285ad\",\"name\":\"Colegio de Arquitectos de Chile\",\"url\":\"https:\/\/colegioarquitectos.com\/noticias\/?author=4\"}]}<\/script>\n<!-- \/ Yoast SEO plugin. -->","yoast_head_json":{"title":"Participa del seminario \u00abDerecho humano a la vivienda\u00bb - COLEGIO DE ARQUITECTOS DE CHILE","robots":{"index":"index","follow":"follow","max-snippet":"max-snippet:-1","max-image-preview":"max-image-preview:large","max-video-preview":"max-video-preview:-1"},"canonical":"https:\/\/colegioarquitectos.com\/noticias\/?p=32873","og_locale":"es_ES","og_type":"article","og_title":"Participa del seminario \u00abDerecho humano a la vivienda\u00bb - COLEGIO DE ARQUITECTOS DE CHILE","og_description":"El pr\u00f3ximo lunes 9 de diciembre desde las 18.30 horas en la Sede Nacional del Colegio de Arquitectos de Chile (Avenida Libertador Bernardo O&#8217;Higgins 115, Santiago) se realizar\u00e1 el seminario \u00abDerecho humano a la vivienda\u00bb. En la instancia, expondr\u00e1 el &hellip; ver m\u00e1s","og_url":"https:\/\/colegioarquitectos.com\/noticias\/?p=32873","og_site_name":"COLEGIO DE ARQUITECTOS DE CHILE","article_publisher":"https:\/\/facebook.com\/Colegioarq\/","article_published_time":"2024-12-04T19:59:34+00:00","article_modified_time":"2024-12-10T03:25:18+00:00","og_image":[{"width":1280,"height":720,"url":"https:\/\/colegioarquitectos.com\/noticias\/wp-content\/uploads\/2024\/12\/AFICHE-DERECHO-VIVIENDA-DESTWEB.png","type":"image\/png"}],"author":"Colegio de Arquitectos de Chile","twitter_card":"summary_large_image","twitter_creator":"@colegioarq","twitter_site":"@colegioarq","twitter_misc":{"Escrito por":"Colegio de Arquitectos de Chile","Tiempo de lectura":"2 minutos"},"schema":{"@context":"https:\/\/schema.org","@graph":[{"@type":"Article","@id":"https:\/\/colegioarquitectos.com\/noticias\/?p=32873#article","isPartOf":{"@id":"https:\/\/colegioarquitectos.com\/noticias\/?p=32873"},"author":{"name":"Colegio de Arquitectos de Chile","@id":"https:\/\/colegioarquitectos.com\/noticias\/#\/schema\/person\/685cc0aad148303c5608f049af8285ad"},"headline":"Participa del seminario \u00abDerecho humano a la vivienda\u00bb","datePublished":"2024-12-04T19:59:34+00:00","dateModified":"2024-12-10T03:25:18+00:00","mainEntityOfPage":{"@id":"https:\/\/colegioarquitectos.com\/noticias\/?p=32873"},"wordCount":473,"publisher":{"@id":"https:\/\/colegioarquitectos.com\/noticias\/#organization"},"image":{"@id":"https:\/\/colegioarquitectos.com\/noticias\/?p=32873#primaryimage"},"thumbnailUrl":"https:\/\/colegioarquitectos.com\/noticias\/wp-content\/uploads\/2024\/12\/AFICHE-DERECHO-VIVIENDA-DESTWEB.png","keywords":["Cristi\u00e1n Castillo","Daniel Jadue","Derecho humano a la vivienda","Fernando miranda","Miguel Lawner","Seminario","Valeria Bustos","Vivienda"],"articleSection":["Comit\u00e9s"],"inLanguage":"es"},{"@type":"WebPage","@id":"https:\/\/colegioarquitectos.com\/noticias\/?p=32873","url":"https:\/\/colegioarquitectos.com\/noticias\/?p=32873","name":"Participa del seminario \u00abDerecho humano a la vivienda\u00bb - COLEGIO DE ARQUITECTOS DE CHILE","isPartOf":{"@id":"https:\/\/colegioarquitectos.com\/noticias\/#website"},"primaryImageOfPage":{"@id":"https:\/\/colegioarquitectos.com\/noticias\/?p=32873#primaryimage"},"image":{"@id":"https:\/\/colegioarquitectos.com\/noticias\/?p=32873#primaryimage"},"thumbnailUrl":"https:\/\/colegioarquitectos.com\/noticias\/wp-content\/uploads\/2024\/12\/AFICHE-DERECHO-VIVIENDA-DESTWEB.png","datePublished":"2024-12-04T19:59:34+00:00","dateModified":"2024-12-10T03:25:18+00:00","breadcrumb":{"@id":"https:\/\/colegioarquitectos.com\/noticias\/?p=32873#breadcrumb"},"inLanguage":"es","potentialAction":[{"@type":"ReadAction","target":["https:\/\/colegioarquitectos.com\/noticias\/?p=32873"]}]},{"@type":"ImageObject","inLanguage":"es","@id":"https:\/\/colegioarquitectos.com\/noticias\/?p=32873#primaryimage","url":"https:\/\/colegioarquitectos.com\/noticias\/wp-content\/uploads\/2024\/12\/AFICHE-DERECHO-VIVIENDA-DESTWEB.png","contentUrl":"https:\/\/colegioarquitectos.com\/noticias\/wp-content\/uploads\/2024\/12\/AFICHE-DERECHO-VIVIENDA-DESTWEB.png","width":1280,"height":720},{"@type":"BreadcrumbList","@id":"https:\/\/colegioarquitectos.com\/noticias\/?p=32873#breadcrumb","itemListElement":[{"@type":"ListItem","position":1,"name":"Portada","item":"https:\/\/colegioarquitectos.com\/noticias"},{"@type":"ListItem","position":2,"name":"Participa del seminario \u00abDerecho humano a la vivienda\u00bb"}]},{"@type":"WebSite","@id":"https:\/\/colegioarquitectos.com\/noticias\/#website","url":"https:\/\/colegioarquitectos.com\/noticias\/","name":"COLEGIO DE ARQUITECTOS DE CHILE","description":"","publisher":{"@id":"https:\/\/colegioarquitectos.com\/noticias\/#organization"},"potentialAction":[{"@type":"SearchAction","target":{"@type":"EntryPoint","urlTemplate":"https:\/\/colegioarquitectos.com\/noticias\/?s={search_term_string}"},"query-input":{"@type":"PropertyValueSpecification","valueRequired":true,"valueName":"search_term_string"}}],"inLanguage":"es"},{"@type":"Organization","@id":"https:\/\/colegioarquitectos.com\/noticias\/#organization","name":"COLEGIO DE ARQUITECTOS DE CHILE","url":"https:\/\/colegioarquitectos.com\/noticias\/","logo":{"@type":"ImageObject","inLanguage":"es","@id":"https:\/\/colegioarquitectos.com\/noticias\/#\/schema\/logo\/image\/","url":"https:\/\/colegioarquitectos.com\/noticias\/wp-content\/uploads\/2021\/05\/ENCABEZADO-LOGO-CA.jpg","contentUrl":"https:\/\/colegioarquitectos.com\/noticias\/wp-content\/uploads\/2021\/05\/ENCABEZADO-LOGO-CA.jpg","width":690,"height":350,"caption":"COLEGIO DE ARQUITECTOS DE CHILE"},"image":{"@id":"https:\/\/colegioarquitectos.com\/noticias\/#\/schema\/logo\/image\/"},"sameAs":["https:\/\/facebook.com\/Colegioarq\/","https:\/\/x.com\/colegioarq","https:\/\/instagram.com\/colegioarq","https:\/\/youtube.com\/@ColegiodeArquitectosdeChile"]},{"@type":"Person","@id":"https:\/\/colegioarquitectos.com\/noticias\/#\/schema\/person\/685cc0aad148303c5608f049af8285ad","name":"Colegio de Arquitectos de Chile","url":"https:\/\/colegioarquitectos.com\/noticias\/?author=4"}]}},"_links":{"self":[{"href":"https:\/\/colegioarquitectos.com\/noticias\/index.php?rest_route=\/wp\/v2\/posts\/32873","targetHints":{"allow":["GET"]}}],"collection":[{"href":"https:\/\/colegioarquitectos.com\/noticias\/index.php?rest_route=\/wp\/v2\/posts"}],"about":[{"href":"https:\/\/colegioarquitectos.com\/noticias\/index.php?rest_route=\/wp\/v2\/types\/post"}],"author":[{"embeddable":true,"href":"https:\/\/colegioarquitectos.com\/noticias\/index.php?rest_route=\/wp\/v2\/users\/4"}],"replies":[{"embeddable":true,"href":"https:\/\/colegioarquitectos.com\/noticias\/index.php?rest_route=%2Fwp%2Fv2%2Fcomments&post=32873"}],"version-history":[{"count":1,"href":"https:\/\/colegioarquitectos.com\/noticias\/index.php?rest_route=\/wp\/v2\/posts\/32873\/revisions"}],"predecessor-version":[{"id":32938,"href":"https:\/\/colegioarquitectos.com\/noticias\/index.php?rest_route=\/wp\/v2\/posts\/32873\/revisions\/32938"}],"wp:featuredmedia":[{"embeddable":true,"href":"https:\/\/colegioarquitectos.com\/noticias\/index.php?rest_route=\/wp\/v2\/media\/32883"}],"wp:attachment":[{"href":"https:\/\/colegioarquitectos.com\/noticias\/index.php?rest_route=%2Fwp%2Fv2%2Fmedia&parent=32873"}],"wp:term":[{"taxonomy":"category","embeddable":true,"href":"https:\/\/colegioarquitectos.com\/noticias\/index.php?rest_route=%2Fwp%2Fv2%2Fcategories&post=32873"},{"taxonomy":"post_tag","embeddable":true,"href":"https:\/\/colegioarquitectos.com\/noticias\/index.php?rest_route=%2Fwp%2Fv2%2Ftags&post=32873"}],"curies":[{"name":"wp","href":"https:\/\/api.w.org\/{rel}","templated":true}]}}