
{"id":32940,"date":"2024-12-10T09:40:24","date_gmt":"2024-12-10T13:40:24","guid":{"rendered":"https:\/\/colegioarquitectos.com\/noticias\/?p=32940"},"modified":"2024-12-10T09:40:49","modified_gmt":"2024-12-10T13:40:49","slug":"declaracion-publica-comite-ddhh-10-de-diciembre-dia-internacional-de-los-derechos-humanos","status":"publish","type":"post","link":"https:\/\/colegioarquitectos.com\/noticias\/?p=32940","title":{"rendered":"[Declaraci\u00f3n p\u00fablica \u2013 Comit\u00e9 DDHH] 10 de diciembre \u2013 D\u00eda Internacional de los Derechos Humanos"},"content":{"rendered":"\r\n<p>La Asamblea General de las Naciones Unidas adopt\u00f3la\u00a0Declaraci\u00f3n Universal de Derechos Humanos el 10 de diciembre de 1948, estableciendo en suArt. 1\u00b0 que <strong><em>\u00abTodos los seres humanos nacen libres e iguales en dignidad y derechos<\/em><\/strong><em><strong>\u00bb<\/strong>. <\/em>Dos a\u00f1os despu\u00e9s, proclam\u00f3 el <strong>10 de diciembre como el\u00a0\u201cD\u00eda de los Derechos Humanos\u201d<\/strong>.<\/p>\r\n\r\n\r\n\r\n<p><strong>Los derechos humanos est\u00e1n \u00edntimamente relacionados con la dignidad y el h\u00e1bitat<\/strong>, raz\u00f3n por la cual arquitectas y arquitectos nos vemos involucrados en la soluci\u00f3n de las demandas ciudadanas de tantas familias que viven en asentamientos irregulares en tenencia precaria y\/o de riesgo, sin servicios b\u00e1sicos m\u00ednimos; una situaci\u00f3n que hoy es cr\u00edtica en nuestro pa\u00eds. La enorme cantidad de campamentos a lo largo del pa\u00eds es una realidad que debe ser enfrentada con justicia y una eficaz pol\u00edtica habitacional acorde a cada realidad.<\/p>\r\n\r\n\r\n\r\n<p>Nos parece fundamental que los derechos humanos se instalen en nuestro Colegio de Arquitectos y Arquitectas, con actividades permanentes que nos permitan reflexionar, analizar y evaluar alternativas de participaci\u00f3n efectiva como profesionales. Por ello, este a\u00f1o conmemoramos el Dia Internacional de los Derechos Humanos con el Seminario <strong>\u00abDerecho Humano a la Vivienda\u00bb<\/strong> y la participaci\u00f3n de expositores de gran nivel expertos en el tema; como los arquitectos Premios Nacionales de Arquitectura 2019 y 2024 Miguel Lawner y Cristi\u00e1n Castillo, adem\u00e1s de Daniel Jadue (arquitecto y soci\u00f3logo), Valeria Bustos (Agrupaci\u00f3n Pobladores Santiago Multicolor) y Doris Gonz\u00e1lez (Encargada Nacional de Condominios MINVU).<\/p>\r\n\r\n\r\n\r\n<p>Como <strong>Colegio de Arquitectos de Chile y Comit\u00e9 de Derechos Humanos y Ciudadanos saludamos a actores p\u00fablicos y privados, nacionales e internacionales, que velan por la defensa de los derechos humanos inalienables de las personas en tanto seres humanos, independientemente de su raza, color, religi\u00f3n, sexo, idioma, opini\u00f3n pol\u00edtica o de otra \u00edndole, origen nacional o social, posici\u00f3n econ\u00f3mica, nacimiento o cualquier otra condici\u00f3n.<\/strong><\/p>\r\n\r\n\r\n\r\n<p>Manifestamos nuestro dolor y repudio frente al <strong>atroz genocidio iniciado en octubre de 2023 por las autoridades israel\u00edes contra el pueblo palestino, especialmente en la Franja de Gaza donde miles de ni\u00f1os palestinos y miles de civiles siguen siendo atrozmente asesinados, torturados y desaparecidos. Adherimos a lo afirmado por la Corte Penal Internacional que explicita: \u00ab<em>el derecho internacional humanitario debe respetarse en todas las circunstancias mediante procesos judiciales justos e imparciales<\/em>\u00bb. Nos parece pertinente mencionar que bas\u00e1ndose en el derecho internacional humanitario, la Corte Penal Internacional haya ordenado el 24 de noviembre de este a\u00f1o, el arresto del Primer Ministro israel\u00ed Benjam\u00edn Netanyahu y el ex ministro de Defensa israel\u00ed Yoav Gallant, por su responsabilidad penal en los cr\u00edmenes de guerra y de lesa humanidad, asesinato, persecuci\u00f3n y otros actos inhumanos contra la poblaci\u00f3n civil de Palestina, una cat\u00e1strofe humanitaria que debe terminar. Adherimos a la sanci\u00f3n ordenada por la Corte Penal Internacional y a la solicitud de cese del fuego realizada por organizaciones de derechos humanos y gobiernos de varios pa\u00edses, incluyendo el nuestro.<\/strong><\/p>\r\n\r\n\r\n\r\n<p>En el d\u00eda Internacional de los derechos Humanos, el Comit\u00e9 de Derechos Humanos y Ciudadanos del Colegio de Arquitectos de Chile recuerda y rinde homenaje a diez colegas v\u00edctimas de la dictadura civil militar impuesta en Chile el 11 de septiembre de 1973, ocho de ellos detenidos desaparecidos: <strong>Ida Vera Almarza, Alejandro Rodr\u00edguez Urz\u00faa, Francisco Aedo Carrasco, Luis Guendelman Wisniak, Yactong Juantok Guzm\u00e1n, Carlos Gajardo Wolff, Mario Pe\u00f1a Solari, Carlos Salcedo Morales<\/strong>; y dos colegas asesinados en ese siniestro per\u00edodo de horror en nuestro pa\u00eds: <strong>Leopoldo Ben\u00edtez Herrera y Patricio Manzano Gonz\u00e1lez<\/strong>.<\/p>\r\n\r\n\r\n\r\n<p>Resulta inconcebible que habiendo transcurrido 51 a\u00f1os del Golpe de Estado, a\u00fan no se sepa el paradero de las y los detenidos desaparecidos. Las heridas y dolores de familiares de nuestros 10 colegas y de todos los detenidos desaparecidos se reabren una y otra vez. No hay una tumba donde puedan descansar ni donde dejarles una flor. Saber que ha pasado con ellos es una deuda de la cual el Estado de Chile debe hacerse cargo. Ellos y ellas est\u00e1n y estar\u00e1n siempre en la memoria de sus familiares y amigos, en la memoria de este Colegio de Arquitectas y Arquitectos, en la memoria del pa\u00eds. La reparaci\u00f3n a\u00fan est\u00e1 pendiente.<\/p>\r\n\r\n\r\n\r\n<p>\u00a1Honor y gloria a nuestros colegas detenidos desaparecidos y asesinados!<\/p>\r\n\r\n\r\n\r\n<p>\u00a1PARA QUE NUNCA M\u00c1S!<\/p>\r\n<p>&nbsp;<\/p>\r\n\r\n\r\n\r\n<p><strong>Comit\u00e9 de Derechos Humanos y Ciudadanos<\/strong><\/p>\r\n\r\n\r\n\r\n<p>&nbsp;<\/p>\r\n\r\n\r\n\r\n<p class=\"has-text-align-right\" style=\"text-align: right;\"><strong>\u00a0Santiago, 10 de diciembre de 2024<\/strong><\/p>\r\n<p>&nbsp;<\/p>\r\n<hr \/>\r\n<p class=\"has-text-align-right\"><a href=\"https:\/\/colegioarquitectos.com\/noticias\/wp-content\/uploads\/2024\/12\/Declaracion-publica-\u2013-Comite-DDHH-10-de-diciembre-\u2013-Dia-Internacional-de-los-Derechos-Humanos.pdf\"><img loading=\"lazy\" decoding=\"async\" class=\"alignnone\" src=\"http:\/\/www.colegioarquitectos.com\/imgs\/descargas_linea_punto\/pdfcolor.jpg\" alt=\"\" width=\"21\" height=\"21\" border=\"0\" \/><\/a> [Declaraci\u00f3n p\u00fablica \u2013 Comit\u00e9 DDHH] 10 de diciembre \u2013 D\u00eda Internacional de los Derechos Humanos<\/p>\r\n\r\n\r\n\r\n\r\n\r\n\r\n\r\n\r\n\r\n<p>&nbsp;<\/p>\r\n<p><\/p>","protected":false},"excerpt":{"rendered":"<p>La Asamblea General de las Naciones Unidas adopt\u00f3la\u00a0Declaraci\u00f3n Universal de Derechos Humanos el 10 de diciembre de 1948, estableciendo en suArt. 1\u00b0 que \u00abTodos los seres humanos nacen libres e iguales en dignidad y derechos\u00bb. Dos a\u00f1os despu\u00e9s, proclam\u00f3 el &hellip; <a class=\"more-link\" href=\"https:\/\/colegioarquitectos.com\/noticias\/?p=32940\">ver m\u00e1s<\/a><\/p>","protected":false},"author":4,"featured_media":32622,"comment_status":"closed","ping_status":"closed","sticky":false,"template":"","format":"standard","meta":{"footnotes":""},"categories":[9,82],"tags":[714,192,713],"class_list":["post-32940","post","type-post","status-publish","format-standard","has-post-thumbnail","hentry","category-comites","category-declaraciones-publicas","tag-10-de-diciembre","tag-comite-de-derechos-humanos-y-ciudadanos","tag-dia-internacional-de-los-derechos-humanos"],"yoast_head":"<!-- This site is optimized with the Yoast SEO plugin v24.2 - https:\/\/yoast.com\/wordpress\/plugins\/seo\/ -->\n<title>[Declaraci\u00f3n p\u00fablica \u2013 Comit\u00e9 DDHH] 10 de diciembre \u2013 D\u00eda Internacional de los Derechos Humanos - COLEGIO DE ARQUITECTOS DE CHILE<\/title>\n<meta name=\"robots\" content=\"index, follow, max-snippet:-1, max-image-preview:large, max-video-preview:-1\" \/>\n<link rel=\"canonical\" href=\"https:\/\/colegioarquitectos.com\/noticias\/?p=32940\" \/>\n<meta property=\"og:locale\" content=\"es_ES\" \/>\n<meta property=\"og:type\" content=\"article\" \/>\n<meta property=\"og:title\" content=\"[Declaraci\u00f3n p\u00fablica \u2013 Comit\u00e9 DDHH] 10 de diciembre \u2013 D\u00eda Internacional de los Derechos Humanos - COLEGIO DE ARQUITECTOS DE CHILE\" \/>\n<meta property=\"og:description\" content=\"La Asamblea General de las Naciones Unidas adopt\u00f3la\u00a0Declaraci\u00f3n Universal de Derechos Humanos el 10 de diciembre de 1948, estableciendo en suArt. 1\u00b0 que \u00abTodos los seres humanos nacen libres e iguales en dignidad y derechos\u00bb. Dos a\u00f1os despu\u00e9s, proclam\u00f3 el &hellip; ver m\u00e1s\" \/>\n<meta property=\"og:url\" content=\"https:\/\/colegioarquitectos.com\/noticias\/?p=32940\" \/>\n<meta property=\"og:site_name\" content=\"COLEGIO DE ARQUITECTOS DE CHILE\" \/>\n<meta property=\"article:publisher\" content=\"https:\/\/facebook.com\/Colegioarq\/\" \/>\n<meta property=\"article:published_time\" content=\"2024-12-10T13:40:24+00:00\" \/>\n<meta property=\"article:modified_time\" content=\"2024-12-10T13:40:49+00:00\" \/>\n<meta property=\"og:image\" content=\"https:\/\/colegioarquitectos.com\/noticias\/wp-content\/uploads\/2024\/10\/Proyecto-nuevo-1-1.png\" \/>\n\t<meta property=\"og:image:width\" content=\"1280\" \/>\n\t<meta property=\"og:image:height\" content=\"720\" \/>\n\t<meta property=\"og:image:type\" content=\"image\/png\" \/>\n<meta name=\"author\" content=\"Colegio de Arquitectos de Chile\" \/>\n<meta name=\"twitter:card\" content=\"summary_large_image\" \/>\n<meta name=\"twitter:creator\" content=\"@colegioarq\" \/>\n<meta name=\"twitter:site\" content=\"@colegioarq\" \/>\n<meta name=\"twitter:label1\" content=\"Escrito por\" \/>\n\t<meta name=\"twitter:data1\" content=\"Colegio de Arquitectos de Chile\" \/>\n\t<meta name=\"twitter:label2\" content=\"Tiempo de lectura\" \/>\n\t<meta name=\"twitter:data2\" content=\"4 minutos\" \/>\n<script type=\"application\/ld+json\" class=\"yoast-schema-graph\">{\"@context\":\"https:\/\/schema.org\",\"@graph\":[{\"@type\":\"Article\",\"@id\":\"https:\/\/colegioarquitectos.com\/noticias\/?p=32940#article\",\"isPartOf\":{\"@id\":\"https:\/\/colegioarquitectos.com\/noticias\/?p=32940\"},\"author\":{\"name\":\"Colegio de Arquitectos de Chile\",\"@id\":\"https:\/\/colegioarquitectos.com\/noticias\/#\/schema\/person\/685cc0aad148303c5608f049af8285ad\"},\"headline\":\"[Declaraci\u00f3n p\u00fablica \u2013 Comit\u00e9 DDHH] 10 de diciembre \u2013 D\u00eda Internacional de los Derechos Humanos\",\"datePublished\":\"2024-12-10T13:40:24+00:00\",\"dateModified\":\"2024-12-10T13:40:49+00:00\",\"mainEntityOfPage\":{\"@id\":\"https:\/\/colegioarquitectos.com\/noticias\/?p=32940\"},\"wordCount\":784,\"publisher\":{\"@id\":\"https:\/\/colegioarquitectos.com\/noticias\/#organization\"},\"image\":{\"@id\":\"https:\/\/colegioarquitectos.com\/noticias\/?p=32940#primaryimage\"},\"thumbnailUrl\":\"https:\/\/colegioarquitectos.com\/noticias\/wp-content\/uploads\/2024\/10\/Proyecto-nuevo-1-1.png\",\"keywords\":[\"10 de diciembre\",\"Comit\u00e9 de Derechos Humanos y Ciudadanos\",\"D\u00eda Internacional de los Derechos Humanos\"],\"articleSection\":[\"Comit\u00e9s\",\"Declaraciones p\u00fablicas\"],\"inLanguage\":\"es\"},{\"@type\":\"WebPage\",\"@id\":\"https:\/\/colegioarquitectos.com\/noticias\/?p=32940\",\"url\":\"https:\/\/colegioarquitectos.com\/noticias\/?p=32940\",\"name\":\"[Declaraci\u00f3n p\u00fablica \u2013 Comit\u00e9 DDHH] 10 de diciembre \u2013 D\u00eda Internacional de los Derechos Humanos - COLEGIO DE ARQUITECTOS DE CHILE\",\"isPartOf\":{\"@id\":\"https:\/\/colegioarquitectos.com\/noticias\/#website\"},\"primaryImageOfPage\":{\"@id\":\"https:\/\/colegioarquitectos.com\/noticias\/?p=32940#primaryimage\"},\"image\":{\"@id\":\"https:\/\/colegioarquitectos.com\/noticias\/?p=32940#primaryimage\"},\"thumbnailUrl\":\"https:\/\/colegioarquitectos.com\/noticias\/wp-content\/uploads\/2024\/10\/Proyecto-nuevo-1-1.png\",\"datePublished\":\"2024-12-10T13:40:24+00:00\",\"dateModified\":\"2024-12-10T13:40:49+00:00\",\"breadcrumb\":{\"@id\":\"https:\/\/colegioarquitectos.com\/noticias\/?p=32940#breadcrumb\"},\"inLanguage\":\"es\",\"potentialAction\":[{\"@type\":\"ReadAction\",\"target\":[\"https:\/\/colegioarquitectos.com\/noticias\/?p=32940\"]}]},{\"@type\":\"ImageObject\",\"inLanguage\":\"es\",\"@id\":\"https:\/\/colegioarquitectos.com\/noticias\/?p=32940#primaryimage\",\"url\":\"https:\/\/colegioarquitectos.com\/noticias\/wp-content\/uploads\/2024\/10\/Proyecto-nuevo-1-1.png\",\"contentUrl\":\"https:\/\/colegioarquitectos.com\/noticias\/wp-content\/uploads\/2024\/10\/Proyecto-nuevo-1-1.png\",\"width\":1280,\"height\":720},{\"@type\":\"BreadcrumbList\",\"@id\":\"https:\/\/colegioarquitectos.com\/noticias\/?p=32940#breadcrumb\",\"itemListElement\":[{\"@type\":\"ListItem\",\"position\":1,\"name\":\"Portada\",\"item\":\"https:\/\/colegioarquitectos.com\/noticias\"},{\"@type\":\"ListItem\",\"position\":2,\"name\":\"[Declaraci\u00f3n p\u00fablica \u2013 Comit\u00e9 DDHH] 10 de diciembre \u2013 D\u00eda Internacional de los Derechos Humanos\"}]},{\"@type\":\"WebSite\",\"@id\":\"https:\/\/colegioarquitectos.com\/noticias\/#website\",\"url\":\"https:\/\/colegioarquitectos.com\/noticias\/\",\"name\":\"COLEGIO DE ARQUITECTOS DE CHILE\",\"description\":\"\",\"publisher\":{\"@id\":\"https:\/\/colegioarquitectos.com\/noticias\/#organization\"},\"potentialAction\":[{\"@type\":\"SearchAction\",\"target\":{\"@type\":\"EntryPoint\",\"urlTemplate\":\"https:\/\/colegioarquitectos.com\/noticias\/?s={search_term_string}\"},\"query-input\":{\"@type\":\"PropertyValueSpecification\",\"valueRequired\":true,\"valueName\":\"search_term_string\"}}],\"inLanguage\":\"es\"},{\"@type\":\"Organization\",\"@id\":\"https:\/\/colegioarquitectos.com\/noticias\/#organization\",\"name\":\"COLEGIO DE ARQUITECTOS DE CHILE\",\"url\":\"https:\/\/colegioarquitectos.com\/noticias\/\",\"logo\":{\"@type\":\"ImageObject\",\"inLanguage\":\"es\",\"@id\":\"https:\/\/colegioarquitectos.com\/noticias\/#\/schema\/logo\/image\/\",\"url\":\"https:\/\/colegioarquitectos.com\/noticias\/wp-content\/uploads\/2021\/05\/ENCABEZADO-LOGO-CA.jpg\",\"contentUrl\":\"https:\/\/colegioarquitectos.com\/noticias\/wp-content\/uploads\/2021\/05\/ENCABEZADO-LOGO-CA.jpg\",\"width\":690,\"height\":350,\"caption\":\"COLEGIO DE ARQUITECTOS DE CHILE\"},\"image\":{\"@id\":\"https:\/\/colegioarquitectos.com\/noticias\/#\/schema\/logo\/image\/\"},\"sameAs\":[\"https:\/\/facebook.com\/Colegioarq\/\",\"https:\/\/x.com\/colegioarq\",\"https:\/\/instagram.com\/colegioarq\",\"https:\/\/youtube.com\/@ColegiodeArquitectosdeChile\"]},{\"@type\":\"Person\",\"@id\":\"https:\/\/colegioarquitectos.com\/noticias\/#\/schema\/person\/685cc0aad148303c5608f049af8285ad\",\"name\":\"Colegio de Arquitectos de Chile\",\"url\":\"https:\/\/colegioarquitectos.com\/noticias\/?author=4\"}]}<\/script>\n<!-- \/ Yoast SEO plugin. -->","yoast_head_json":{"title":"[Declaraci\u00f3n p\u00fablica \u2013 Comit\u00e9 DDHH] 10 de diciembre \u2013 D\u00eda Internacional de los Derechos Humanos - COLEGIO DE ARQUITECTOS DE CHILE","robots":{"index":"index","follow":"follow","max-snippet":"max-snippet:-1","max-image-preview":"max-image-preview:large","max-video-preview":"max-video-preview:-1"},"canonical":"https:\/\/colegioarquitectos.com\/noticias\/?p=32940","og_locale":"es_ES","og_type":"article","og_title":"[Declaraci\u00f3n p\u00fablica \u2013 Comit\u00e9 DDHH] 10 de diciembre \u2013 D\u00eda Internacional de los Derechos Humanos - COLEGIO DE ARQUITECTOS DE CHILE","og_description":"La Asamblea General de las Naciones Unidas adopt\u00f3la\u00a0Declaraci\u00f3n Universal de Derechos Humanos el 10 de diciembre de 1948, estableciendo en suArt. 1\u00b0 que \u00abTodos los seres humanos nacen libres e iguales en dignidad y derechos\u00bb. Dos a\u00f1os despu\u00e9s, proclam\u00f3 el &hellip; ver m\u00e1s","og_url":"https:\/\/colegioarquitectos.com\/noticias\/?p=32940","og_site_name":"COLEGIO DE ARQUITECTOS DE CHILE","article_publisher":"https:\/\/facebook.com\/Colegioarq\/","article_published_time":"2024-12-10T13:40:24+00:00","article_modified_time":"2024-12-10T13:40:49+00:00","og_image":[{"width":1280,"height":720,"url":"https:\/\/colegioarquitectos.com\/noticias\/wp-content\/uploads\/2024\/10\/Proyecto-nuevo-1-1.png","type":"image\/png"}],"author":"Colegio de Arquitectos de Chile","twitter_card":"summary_large_image","twitter_creator":"@colegioarq","twitter_site":"@colegioarq","twitter_misc":{"Escrito por":"Colegio de Arquitectos de Chile","Tiempo de lectura":"4 minutos"},"schema":{"@context":"https:\/\/schema.org","@graph":[{"@type":"Article","@id":"https:\/\/colegioarquitectos.com\/noticias\/?p=32940#article","isPartOf":{"@id":"https:\/\/colegioarquitectos.com\/noticias\/?p=32940"},"author":{"name":"Colegio de Arquitectos de Chile","@id":"https:\/\/colegioarquitectos.com\/noticias\/#\/schema\/person\/685cc0aad148303c5608f049af8285ad"},"headline":"[Declaraci\u00f3n p\u00fablica \u2013 Comit\u00e9 DDHH] 10 de diciembre \u2013 D\u00eda Internacional de los Derechos Humanos","datePublished":"2024-12-10T13:40:24+00:00","dateModified":"2024-12-10T13:40:49+00:00","mainEntityOfPage":{"@id":"https:\/\/colegioarquitectos.com\/noticias\/?p=32940"},"wordCount":784,"publisher":{"@id":"https:\/\/colegioarquitectos.com\/noticias\/#organization"},"image":{"@id":"https:\/\/colegioarquitectos.com\/noticias\/?p=32940#primaryimage"},"thumbnailUrl":"https:\/\/colegioarquitectos.com\/noticias\/wp-content\/uploads\/2024\/10\/Proyecto-nuevo-1-1.png","keywords":["10 de diciembre","Comit\u00e9 de Derechos Humanos y Ciudadanos","D\u00eda Internacional de los Derechos Humanos"],"articleSection":["Comit\u00e9s","Declaraciones p\u00fablicas"],"inLanguage":"es"},{"@type":"WebPage","@id":"https:\/\/colegioarquitectos.com\/noticias\/?p=32940","url":"https:\/\/colegioarquitectos.com\/noticias\/?p=32940","name":"[Declaraci\u00f3n p\u00fablica \u2013 Comit\u00e9 DDHH] 10 de diciembre \u2013 D\u00eda Internacional de los Derechos Humanos - COLEGIO DE ARQUITECTOS DE CHILE","isPartOf":{"@id":"https:\/\/colegioarquitectos.com\/noticias\/#website"},"primaryImageOfPage":{"@id":"https:\/\/colegioarquitectos.com\/noticias\/?p=32940#primaryimage"},"image":{"@id":"https:\/\/colegioarquitectos.com\/noticias\/?p=32940#primaryimage"},"thumbnailUrl":"https:\/\/colegioarquitectos.com\/noticias\/wp-content\/uploads\/2024\/10\/Proyecto-nuevo-1-1.png","datePublished":"2024-12-10T13:40:24+00:00","dateModified":"2024-12-10T13:40:49+00:00","breadcrumb":{"@id":"https:\/\/colegioarquitectos.com\/noticias\/?p=32940#breadcrumb"},"inLanguage":"es","potentialAction":[{"@type":"ReadAction","target":["https:\/\/colegioarquitectos.com\/noticias\/?p=32940"]}]},{"@type":"ImageObject","inLanguage":"es","@id":"https:\/\/colegioarquitectos.com\/noticias\/?p=32940#primaryimage","url":"https:\/\/colegioarquitectos.com\/noticias\/wp-content\/uploads\/2024\/10\/Proyecto-nuevo-1-1.png","contentUrl":"https:\/\/colegioarquitectos.com\/noticias\/wp-content\/uploads\/2024\/10\/Proyecto-nuevo-1-1.png","width":1280,"height":720},{"@type":"BreadcrumbList","@id":"https:\/\/colegioarquitectos.com\/noticias\/?p=32940#breadcrumb","itemListElement":[{"@type":"ListItem","position":1,"name":"Portada","item":"https:\/\/colegioarquitectos.com\/noticias"},{"@type":"ListItem","position":2,"name":"[Declaraci\u00f3n p\u00fablica \u2013 Comit\u00e9 DDHH] 10 de diciembre \u2013 D\u00eda Internacional de los Derechos Humanos"}]},{"@type":"WebSite","@id":"https:\/\/colegioarquitectos.com\/noticias\/#website","url":"https:\/\/colegioarquitectos.com\/noticias\/","name":"COLEGIO DE ARQUITECTOS DE CHILE","description":"","publisher":{"@id":"https:\/\/colegioarquitectos.com\/noticias\/#organization"},"potentialAction":[{"@type":"SearchAction","target":{"@type":"EntryPoint","urlTemplate":"https:\/\/colegioarquitectos.com\/noticias\/?s={search_term_string}"},"query-input":{"@type":"PropertyValueSpecification","valueRequired":true,"valueName":"search_term_string"}}],"inLanguage":"es"},{"@type":"Organization","@id":"https:\/\/colegioarquitectos.com\/noticias\/#organization","name":"COLEGIO DE ARQUITECTOS DE CHILE","url":"https:\/\/colegioarquitectos.com\/noticias\/","logo":{"@type":"ImageObject","inLanguage":"es","@id":"https:\/\/colegioarquitectos.com\/noticias\/#\/schema\/logo\/image\/","url":"https:\/\/colegioarquitectos.com\/noticias\/wp-content\/uploads\/2021\/05\/ENCABEZADO-LOGO-CA.jpg","contentUrl":"https:\/\/colegioarquitectos.com\/noticias\/wp-content\/uploads\/2021\/05\/ENCABEZADO-LOGO-CA.jpg","width":690,"height":350,"caption":"COLEGIO DE ARQUITECTOS DE CHILE"},"image":{"@id":"https:\/\/colegioarquitectos.com\/noticias\/#\/schema\/logo\/image\/"},"sameAs":["https:\/\/facebook.com\/Colegioarq\/","https:\/\/x.com\/colegioarq","https:\/\/instagram.com\/colegioarq","https:\/\/youtube.com\/@ColegiodeArquitectosdeChile"]},{"@type":"Person","@id":"https:\/\/colegioarquitectos.com\/noticias\/#\/schema\/person\/685cc0aad148303c5608f049af8285ad","name":"Colegio de Arquitectos de Chile","url":"https:\/\/colegioarquitectos.com\/noticias\/?author=4"}]}},"_links":{"self":[{"href":"https:\/\/colegioarquitectos.com\/noticias\/index.php?rest_route=\/wp\/v2\/posts\/32940","targetHints":{"allow":["GET"]}}],"collection":[{"href":"https:\/\/colegioarquitectos.com\/noticias\/index.php?rest_route=\/wp\/v2\/posts"}],"about":[{"href":"https:\/\/colegioarquitectos.com\/noticias\/index.php?rest_route=\/wp\/v2\/types\/post"}],"author":[{"embeddable":true,"href":"https:\/\/colegioarquitectos.com\/noticias\/index.php?rest_route=\/wp\/v2\/users\/4"}],"replies":[{"embeddable":true,"href":"https:\/\/colegioarquitectos.com\/noticias\/index.php?rest_route=%2Fwp%2Fv2%2Fcomments&post=32940"}],"version-history":[{"count":4,"href":"https:\/\/colegioarquitectos.com\/noticias\/index.php?rest_route=\/wp\/v2\/posts\/32940\/revisions"}],"predecessor-version":[{"id":32945,"href":"https:\/\/colegioarquitectos.com\/noticias\/index.php?rest_route=\/wp\/v2\/posts\/32940\/revisions\/32945"}],"wp:featuredmedia":[{"embeddable":true,"href":"https:\/\/colegioarquitectos.com\/noticias\/index.php?rest_route=\/wp\/v2\/media\/32622"}],"wp:attachment":[{"href":"https:\/\/colegioarquitectos.com\/noticias\/index.php?rest_route=%2Fwp%2Fv2%2Fmedia&parent=32940"}],"wp:term":[{"taxonomy":"category","embeddable":true,"href":"https:\/\/colegioarquitectos.com\/noticias\/index.php?rest_route=%2Fwp%2Fv2%2Fcategories&post=32940"},{"taxonomy":"post_tag","embeddable":true,"href":"https:\/\/colegioarquitectos.com\/noticias\/index.php?rest_route=%2Fwp%2Fv2%2Ftags&post=32940"}],"curies":[{"name":"wp","href":"https:\/\/api.w.org\/{rel}","templated":true}]}}