
{"id":32969,"date":"2024-12-16T09:11:57","date_gmt":"2024-12-16T13:11:57","guid":{"rendered":"https:\/\/colegioarquitectos.com\/noticias\/?p=32969"},"modified":"2024-12-19T10:42:23","modified_gmt":"2024-12-19T14:42:23","slug":"voluntariado-dona-libros-para-la-biblioteca-redonda-de-la-victoria","status":"publish","type":"post","link":"https:\/\/colegioarquitectos.com\/noticias\/?p=32969","title":{"rendered":"[Voluntariado] Dona libros para la Biblioteca Redonda de La Victoria"},"content":{"rendered":"<p>Para que el proyecto de la <strong>Biblioteca Redonda de La Victoria<\/strong> contin\u00fae con su sentido <strong>colaborativo<\/strong>, los organizados de la iniciativa han decidido comenzar a <strong>recibir donaciones de libros en buen estado, de nivel preescolar, juvenil o adulto (novelas, cuentos, poes\u00edas o ensayos), as\u00ed como arte en cualquiera de sus expresiones, filosof\u00eda, ciencias sociales, arquitectura, construcci\u00f3n u otros.<\/strong><\/p>\n<p>Nuestra <strong>Sede Nacional<\/strong> (<strong>Avenida Libertador Bernardo O\u2019Higgins 115, Santiago<\/strong>) funcionar\u00e1 como centro de acopio de los libros donados de <strong>lunes a jueves, entre las 9.30 y las 17.30 horas; y viernes entre las 9.30 y 17.00 horas<\/strong>.<\/p>\n<p>Los libros ser\u00e1n recepcionados hasta el <strong>31 de enero de 2025.<\/strong><\/p>\n<p>&nbsp;<\/p>\n<h4>Biblioteca Redonda de La Victoria<\/h4>\n<hr \/>\n<p>La obra Biblioteca Redonda, consiste en recordar la huella de la experiencia social que permiti\u00f3 la construcci\u00f3n y uso de la escuela redonda que, a trav\u00e9s de los relatos emerge en una nueva interpretaci\u00f3n. Esta reinterpretaci\u00f3n representa metaf\u00f3ricamente el nudo social de trabajo colaborativo de esta poblaci\u00f3n.<\/p>\n<p>Para contextualizar el origen del estudio, la toma de terreno de la Poblaci\u00f3n la Victoria se realiz\u00f3 a fines de 1957, cuando 1.200 familias provenientes del Zanj\u00f3n de la Aguada se establecieron en los terrenos de la chacra La Feria y Lo Valledor, previamente adquiridas por la CORVI.<\/p>\n<p>Uno de los acontecimientos m\u00e1s importantes que realizaron los pobladores, como trabajo comunitario, fue que cada vecino aport\u00f3 con alrededor de 12 adobes, para la construcci\u00f3n de la Escuela Redonda. Con ello respondieron a la necesidad de dar cuidado y educaci\u00f3n popular a los ni\u00f1os en forma inmediata.<\/p>\n<p>Para recordar la materialidad de la Escuela Redonda, adobe, se construy\u00f3 la Biblioteca Redonda con adobillos, nuevamente como trabajo comunitario.<\/p>\n<p>Los beneficios de realizar esta construcci\u00f3n con aislante de adobillos en los muros, es que es un material 100% reciclable, no tiene contaminantes y no produce ning\u00fan impacto ambiental; su alta inercia cuando la tierra act\u00faa como masa t\u00e9rmica y resistencia t\u00e9rmica cuando se combina con paja permite una calefacci\u00f3n pasiva y conservaci\u00f3n de este a trav\u00e9s del calor del sol. La materialidad del techo se construy\u00f3 con una estructura de madera y tiene como aislante paja embarrada para preservar el calor ganado y cubierta ventilada, para evitar el sobrecalentamiento en verano.<\/p>\n<p>Para que el proyecto tenga un sentido colaborativo, estaremos recibiendo como donaci\u00f3n literatura, libros en buen estado, preescolar, juvenil o adulta (novelas, cuentos, poes\u00edas o ensayos). Arte en cualquiera de sus expresiones, Filosof\u00eda, Ciencias Sociales, Arquitectura, Construcci\u00f3n u otros.<\/p>\n<p>La obra cuenta con el apoyo del consejo escolar de la Escuela La Victoria (Red P\u00fablica de Establecimientos de Educaci\u00f3n), la Junta de Vecinos de la Poblaci\u00f3n de la Victoria. El proyecto est\u00e1 financiado por el Fondo Nacional de Desarrollo Cultural y las Artes (FONDART), convocatoria 2024, Ministerio de las Culturas, las Artes y el Patrimonio, Gobierno de Chile y la I. Municipalidad de Pedro Aguirre Cerda.<\/p>\n<p>&nbsp;<\/p>\n<p><img loading=\"lazy\" decoding=\"async\" class=\"aligncenter size-large wp-image-32995\" src=\"https:\/\/colegioarquitectos.com\/noticias\/wp-content\/uploads\/2024\/12\/convocatoria-biblioteca-redonda-731x1024.jpg\" alt=\"\" width=\"690\" height=\"967\" srcset=\"https:\/\/colegioarquitectos.com\/noticias\/wp-content\/uploads\/2024\/12\/convocatoria-biblioteca-redonda-731x1024.jpg 731w, https:\/\/colegioarquitectos.com\/noticias\/wp-content\/uploads\/2024\/12\/convocatoria-biblioteca-redonda-214x300.jpg 214w, https:\/\/colegioarquitectos.com\/noticias\/wp-content\/uploads\/2024\/12\/convocatoria-biblioteca-redonda-768x1075.jpg 768w, https:\/\/colegioarquitectos.com\/noticias\/wp-content\/uploads\/2024\/12\/convocatoria-biblioteca-redonda-1097x1536.jpg 1097w, https:\/\/colegioarquitectos.com\/noticias\/wp-content\/uploads\/2024\/12\/convocatoria-biblioteca-redonda-1463x2048.jpg 1463w, https:\/\/colegioarquitectos.com\/noticias\/wp-content\/uploads\/2024\/12\/convocatoria-biblioteca-redonda-scaled.jpg 1829w\" sizes=\"auto, (max-width: 690px) 100vw, 690px\" \/><\/p>\n<p>&nbsp;<\/p>\n<p>&nbsp;<\/p>\n<p><\/p>","protected":false},"excerpt":{"rendered":"<p>Para que el proyecto de la Biblioteca Redonda de La Victoria contin\u00fae con su sentido colaborativo, los organizados de la iniciativa han decidido comenzar a recibir donaciones de libros en buen estado, de nivel preescolar, juvenil o adulto (novelas, cuentos, &hellip; <a class=\"more-link\" href=\"https:\/\/colegioarquitectos.com\/noticias\/?p=32969\">ver m\u00e1s<\/a><\/p>","protected":false},"author":4,"featured_media":32971,"comment_status":"closed","ping_status":"closed","sticky":false,"template":"","format":"standard","meta":{"footnotes":""},"categories":[1],"tags":[1092,1089,1090,1093,294,1094,1091],"class_list":["post-32969","post","type-post","status-publish","format-standard","has-post-thumbnail","hentry","category-sin-categoria","tag-biblioteca-redonda","tag-donacion","tag-donacion-libros","tag-la-victoria","tag-libros","tag-poblacion-la-victoria","tag-voluntariado"],"yoast_head":"<!-- This site is optimized with the Yoast SEO plugin v24.2 - https:\/\/yoast.com\/wordpress\/plugins\/seo\/ -->\n<title>[Voluntariado] Dona libros para la Biblioteca Redonda de La Victoria - COLEGIO DE ARQUITECTOS DE CHILE<\/title>\n<meta name=\"robots\" content=\"index, follow, max-snippet:-1, max-image-preview:large, max-video-preview:-1\" \/>\n<link rel=\"canonical\" href=\"https:\/\/colegioarquitectos.com\/noticias\/?p=32969\" \/>\n<meta property=\"og:locale\" content=\"es_ES\" \/>\n<meta property=\"og:type\" content=\"article\" \/>\n<meta property=\"og:title\" content=\"[Voluntariado] Dona libros para la Biblioteca Redonda de La Victoria - COLEGIO DE ARQUITECTOS DE CHILE\" \/>\n<meta property=\"og:description\" content=\"Para que el proyecto de la Biblioteca Redonda de La Victoria contin\u00fae con su sentido colaborativo, los organizados de la iniciativa han decidido comenzar a recibir donaciones de libros en buen estado, de nivel preescolar, juvenil o adulto (novelas, cuentos, &hellip; ver m\u00e1s\" \/>\n<meta property=\"og:url\" content=\"https:\/\/colegioarquitectos.com\/noticias\/?p=32969\" \/>\n<meta property=\"og:site_name\" content=\"COLEGIO DE ARQUITECTOS DE CHILE\" \/>\n<meta property=\"article:publisher\" content=\"https:\/\/facebook.com\/Colegioarq\/\" \/>\n<meta property=\"article:published_time\" content=\"2024-12-16T13:11:57+00:00\" \/>\n<meta property=\"article:modified_time\" content=\"2024-12-19T14:42:23+00:00\" \/>\n<meta property=\"og:image\" content=\"https:\/\/colegioarquitectos.com\/noticias\/wp-content\/uploads\/2024\/12\/Proyecto-nuevo-5.png\" \/>\n\t<meta property=\"og:image:width\" content=\"1280\" \/>\n\t<meta property=\"og:image:height\" content=\"720\" \/>\n\t<meta property=\"og:image:type\" content=\"image\/png\" \/>\n<meta name=\"author\" content=\"Colegio de Arquitectos de Chile\" \/>\n<meta name=\"twitter:card\" content=\"summary_large_image\" \/>\n<meta name=\"twitter:creator\" content=\"@colegioarq\" \/>\n<meta name=\"twitter:site\" content=\"@colegioarq\" \/>\n<meta name=\"twitter:label1\" content=\"Escrito por\" \/>\n\t<meta name=\"twitter:data1\" content=\"Colegio de Arquitectos de Chile\" \/>\n\t<meta name=\"twitter:label2\" content=\"Tiempo de lectura\" \/>\n\t<meta name=\"twitter:data2\" content=\"2 minutos\" \/>\n<script type=\"application\/ld+json\" class=\"yoast-schema-graph\">{\"@context\":\"https:\/\/schema.org\",\"@graph\":[{\"@type\":\"Article\",\"@id\":\"https:\/\/colegioarquitectos.com\/noticias\/?p=32969#article\",\"isPartOf\":{\"@id\":\"https:\/\/colegioarquitectos.com\/noticias\/?p=32969\"},\"author\":{\"name\":\"Colegio de Arquitectos de Chile\",\"@id\":\"https:\/\/colegioarquitectos.com\/noticias\/#\/schema\/person\/685cc0aad148303c5608f049af8285ad\"},\"headline\":\"[Voluntariado] Dona libros para la Biblioteca Redonda de La Victoria\",\"datePublished\":\"2024-12-16T13:11:57+00:00\",\"dateModified\":\"2024-12-19T14:42:23+00:00\",\"mainEntityOfPage\":{\"@id\":\"https:\/\/colegioarquitectos.com\/noticias\/?p=32969\"},\"wordCount\":507,\"publisher\":{\"@id\":\"https:\/\/colegioarquitectos.com\/noticias\/#organization\"},\"image\":{\"@id\":\"https:\/\/colegioarquitectos.com\/noticias\/?p=32969#primaryimage\"},\"thumbnailUrl\":\"https:\/\/colegioarquitectos.com\/noticias\/wp-content\/uploads\/2024\/12\/Proyecto-nuevo-5.png\",\"keywords\":[\"Biblioteca Redonda\",\"Donaci\u00f3n\",\"donaci\u00f3n libros\",\"La Victoria\",\"Libros\",\"Poblaci\u00f3n La Victoria\",\"Voluntariado\"],\"inLanguage\":\"es\"},{\"@type\":\"WebPage\",\"@id\":\"https:\/\/colegioarquitectos.com\/noticias\/?p=32969\",\"url\":\"https:\/\/colegioarquitectos.com\/noticias\/?p=32969\",\"name\":\"[Voluntariado] Dona libros para la Biblioteca Redonda de La Victoria - COLEGIO DE ARQUITECTOS DE CHILE\",\"isPartOf\":{\"@id\":\"https:\/\/colegioarquitectos.com\/noticias\/#website\"},\"primaryImageOfPage\":{\"@id\":\"https:\/\/colegioarquitectos.com\/noticias\/?p=32969#primaryimage\"},\"image\":{\"@id\":\"https:\/\/colegioarquitectos.com\/noticias\/?p=32969#primaryimage\"},\"thumbnailUrl\":\"https:\/\/colegioarquitectos.com\/noticias\/wp-content\/uploads\/2024\/12\/Proyecto-nuevo-5.png\",\"datePublished\":\"2024-12-16T13:11:57+00:00\",\"dateModified\":\"2024-12-19T14:42:23+00:00\",\"breadcrumb\":{\"@id\":\"https:\/\/colegioarquitectos.com\/noticias\/?p=32969#breadcrumb\"},\"inLanguage\":\"es\",\"potentialAction\":[{\"@type\":\"ReadAction\",\"target\":[\"https:\/\/colegioarquitectos.com\/noticias\/?p=32969\"]}]},{\"@type\":\"ImageObject\",\"inLanguage\":\"es\",\"@id\":\"https:\/\/colegioarquitectos.com\/noticias\/?p=32969#primaryimage\",\"url\":\"https:\/\/colegioarquitectos.com\/noticias\/wp-content\/uploads\/2024\/12\/Proyecto-nuevo-5.png\",\"contentUrl\":\"https:\/\/colegioarquitectos.com\/noticias\/wp-content\/uploads\/2024\/12\/Proyecto-nuevo-5.png\",\"width\":1280,\"height\":720},{\"@type\":\"BreadcrumbList\",\"@id\":\"https:\/\/colegioarquitectos.com\/noticias\/?p=32969#breadcrumb\",\"itemListElement\":[{\"@type\":\"ListItem\",\"position\":1,\"name\":\"Portada\",\"item\":\"https:\/\/colegioarquitectos.com\/noticias\"},{\"@type\":\"ListItem\",\"position\":2,\"name\":\"[Voluntariado] Dona libros para la Biblioteca Redonda de La Victoria\"}]},{\"@type\":\"WebSite\",\"@id\":\"https:\/\/colegioarquitectos.com\/noticias\/#website\",\"url\":\"https:\/\/colegioarquitectos.com\/noticias\/\",\"name\":\"COLEGIO DE ARQUITECTOS DE CHILE\",\"description\":\"\",\"publisher\":{\"@id\":\"https:\/\/colegioarquitectos.com\/noticias\/#organization\"},\"potentialAction\":[{\"@type\":\"SearchAction\",\"target\":{\"@type\":\"EntryPoint\",\"urlTemplate\":\"https:\/\/colegioarquitectos.com\/noticias\/?s={search_term_string}\"},\"query-input\":{\"@type\":\"PropertyValueSpecification\",\"valueRequired\":true,\"valueName\":\"search_term_string\"}}],\"inLanguage\":\"es\"},{\"@type\":\"Organization\",\"@id\":\"https:\/\/colegioarquitectos.com\/noticias\/#organization\",\"name\":\"COLEGIO DE ARQUITECTOS DE CHILE\",\"url\":\"https:\/\/colegioarquitectos.com\/noticias\/\",\"logo\":{\"@type\":\"ImageObject\",\"inLanguage\":\"es\",\"@id\":\"https:\/\/colegioarquitectos.com\/noticias\/#\/schema\/logo\/image\/\",\"url\":\"https:\/\/colegioarquitectos.com\/noticias\/wp-content\/uploads\/2021\/05\/ENCABEZADO-LOGO-CA.jpg\",\"contentUrl\":\"https:\/\/colegioarquitectos.com\/noticias\/wp-content\/uploads\/2021\/05\/ENCABEZADO-LOGO-CA.jpg\",\"width\":690,\"height\":350,\"caption\":\"COLEGIO DE ARQUITECTOS DE CHILE\"},\"image\":{\"@id\":\"https:\/\/colegioarquitectos.com\/noticias\/#\/schema\/logo\/image\/\"},\"sameAs\":[\"https:\/\/facebook.com\/Colegioarq\/\",\"https:\/\/x.com\/colegioarq\",\"https:\/\/instagram.com\/colegioarq\",\"https:\/\/youtube.com\/@ColegiodeArquitectosdeChile\"]},{\"@type\":\"Person\",\"@id\":\"https:\/\/colegioarquitectos.com\/noticias\/#\/schema\/person\/685cc0aad148303c5608f049af8285ad\",\"name\":\"Colegio de Arquitectos de Chile\",\"url\":\"https:\/\/colegioarquitectos.com\/noticias\/?author=4\"}]}<\/script>\n<!-- \/ Yoast SEO plugin. -->","yoast_head_json":{"title":"[Voluntariado] Dona libros para la Biblioteca Redonda de La Victoria - COLEGIO DE ARQUITECTOS DE CHILE","robots":{"index":"index","follow":"follow","max-snippet":"max-snippet:-1","max-image-preview":"max-image-preview:large","max-video-preview":"max-video-preview:-1"},"canonical":"https:\/\/colegioarquitectos.com\/noticias\/?p=32969","og_locale":"es_ES","og_type":"article","og_title":"[Voluntariado] Dona libros para la Biblioteca Redonda de La Victoria - COLEGIO DE ARQUITECTOS DE CHILE","og_description":"Para que el proyecto de la Biblioteca Redonda de La Victoria contin\u00fae con su sentido colaborativo, los organizados de la iniciativa han decidido comenzar a recibir donaciones de libros en buen estado, de nivel preescolar, juvenil o adulto (novelas, cuentos, &hellip; ver m\u00e1s","og_url":"https:\/\/colegioarquitectos.com\/noticias\/?p=32969","og_site_name":"COLEGIO DE ARQUITECTOS DE CHILE","article_publisher":"https:\/\/facebook.com\/Colegioarq\/","article_published_time":"2024-12-16T13:11:57+00:00","article_modified_time":"2024-12-19T14:42:23+00:00","og_image":[{"width":1280,"height":720,"url":"https:\/\/colegioarquitectos.com\/noticias\/wp-content\/uploads\/2024\/12\/Proyecto-nuevo-5.png","type":"image\/png"}],"author":"Colegio de Arquitectos de Chile","twitter_card":"summary_large_image","twitter_creator":"@colegioarq","twitter_site":"@colegioarq","twitter_misc":{"Escrito por":"Colegio de Arquitectos de Chile","Tiempo de lectura":"2 minutos"},"schema":{"@context":"https:\/\/schema.org","@graph":[{"@type":"Article","@id":"https:\/\/colegioarquitectos.com\/noticias\/?p=32969#article","isPartOf":{"@id":"https:\/\/colegioarquitectos.com\/noticias\/?p=32969"},"author":{"name":"Colegio de Arquitectos de Chile","@id":"https:\/\/colegioarquitectos.com\/noticias\/#\/schema\/person\/685cc0aad148303c5608f049af8285ad"},"headline":"[Voluntariado] Dona libros para la Biblioteca Redonda de La Victoria","datePublished":"2024-12-16T13:11:57+00:00","dateModified":"2024-12-19T14:42:23+00:00","mainEntityOfPage":{"@id":"https:\/\/colegioarquitectos.com\/noticias\/?p=32969"},"wordCount":507,"publisher":{"@id":"https:\/\/colegioarquitectos.com\/noticias\/#organization"},"image":{"@id":"https:\/\/colegioarquitectos.com\/noticias\/?p=32969#primaryimage"},"thumbnailUrl":"https:\/\/colegioarquitectos.com\/noticias\/wp-content\/uploads\/2024\/12\/Proyecto-nuevo-5.png","keywords":["Biblioteca Redonda","Donaci\u00f3n","donaci\u00f3n libros","La Victoria","Libros","Poblaci\u00f3n La Victoria","Voluntariado"],"inLanguage":"es"},{"@type":"WebPage","@id":"https:\/\/colegioarquitectos.com\/noticias\/?p=32969","url":"https:\/\/colegioarquitectos.com\/noticias\/?p=32969","name":"[Voluntariado] Dona libros para la Biblioteca Redonda de La Victoria - COLEGIO DE ARQUITECTOS DE CHILE","isPartOf":{"@id":"https:\/\/colegioarquitectos.com\/noticias\/#website"},"primaryImageOfPage":{"@id":"https:\/\/colegioarquitectos.com\/noticias\/?p=32969#primaryimage"},"image":{"@id":"https:\/\/colegioarquitectos.com\/noticias\/?p=32969#primaryimage"},"thumbnailUrl":"https:\/\/colegioarquitectos.com\/noticias\/wp-content\/uploads\/2024\/12\/Proyecto-nuevo-5.png","datePublished":"2024-12-16T13:11:57+00:00","dateModified":"2024-12-19T14:42:23+00:00","breadcrumb":{"@id":"https:\/\/colegioarquitectos.com\/noticias\/?p=32969#breadcrumb"},"inLanguage":"es","potentialAction":[{"@type":"ReadAction","target":["https:\/\/colegioarquitectos.com\/noticias\/?p=32969"]}]},{"@type":"ImageObject","inLanguage":"es","@id":"https:\/\/colegioarquitectos.com\/noticias\/?p=32969#primaryimage","url":"https:\/\/colegioarquitectos.com\/noticias\/wp-content\/uploads\/2024\/12\/Proyecto-nuevo-5.png","contentUrl":"https:\/\/colegioarquitectos.com\/noticias\/wp-content\/uploads\/2024\/12\/Proyecto-nuevo-5.png","width":1280,"height":720},{"@type":"BreadcrumbList","@id":"https:\/\/colegioarquitectos.com\/noticias\/?p=32969#breadcrumb","itemListElement":[{"@type":"ListItem","position":1,"name":"Portada","item":"https:\/\/colegioarquitectos.com\/noticias"},{"@type":"ListItem","position":2,"name":"[Voluntariado] Dona libros para la Biblioteca Redonda de La Victoria"}]},{"@type":"WebSite","@id":"https:\/\/colegioarquitectos.com\/noticias\/#website","url":"https:\/\/colegioarquitectos.com\/noticias\/","name":"COLEGIO DE ARQUITECTOS DE CHILE","description":"","publisher":{"@id":"https:\/\/colegioarquitectos.com\/noticias\/#organization"},"potentialAction":[{"@type":"SearchAction","target":{"@type":"EntryPoint","urlTemplate":"https:\/\/colegioarquitectos.com\/noticias\/?s={search_term_string}"},"query-input":{"@type":"PropertyValueSpecification","valueRequired":true,"valueName":"search_term_string"}}],"inLanguage":"es"},{"@type":"Organization","@id":"https:\/\/colegioarquitectos.com\/noticias\/#organization","name":"COLEGIO DE ARQUITECTOS DE CHILE","url":"https:\/\/colegioarquitectos.com\/noticias\/","logo":{"@type":"ImageObject","inLanguage":"es","@id":"https:\/\/colegioarquitectos.com\/noticias\/#\/schema\/logo\/image\/","url":"https:\/\/colegioarquitectos.com\/noticias\/wp-content\/uploads\/2021\/05\/ENCABEZADO-LOGO-CA.jpg","contentUrl":"https:\/\/colegioarquitectos.com\/noticias\/wp-content\/uploads\/2021\/05\/ENCABEZADO-LOGO-CA.jpg","width":690,"height":350,"caption":"COLEGIO DE ARQUITECTOS DE CHILE"},"image":{"@id":"https:\/\/colegioarquitectos.com\/noticias\/#\/schema\/logo\/image\/"},"sameAs":["https:\/\/facebook.com\/Colegioarq\/","https:\/\/x.com\/colegioarq","https:\/\/instagram.com\/colegioarq","https:\/\/youtube.com\/@ColegiodeArquitectosdeChile"]},{"@type":"Person","@id":"https:\/\/colegioarquitectos.com\/noticias\/#\/schema\/person\/685cc0aad148303c5608f049af8285ad","name":"Colegio de Arquitectos de Chile","url":"https:\/\/colegioarquitectos.com\/noticias\/?author=4"}]}},"_links":{"self":[{"href":"https:\/\/colegioarquitectos.com\/noticias\/index.php?rest_route=\/wp\/v2\/posts\/32969","targetHints":{"allow":["GET"]}}],"collection":[{"href":"https:\/\/colegioarquitectos.com\/noticias\/index.php?rest_route=\/wp\/v2\/posts"}],"about":[{"href":"https:\/\/colegioarquitectos.com\/noticias\/index.php?rest_route=\/wp\/v2\/types\/post"}],"author":[{"embeddable":true,"href":"https:\/\/colegioarquitectos.com\/noticias\/index.php?rest_route=\/wp\/v2\/users\/4"}],"replies":[{"embeddable":true,"href":"https:\/\/colegioarquitectos.com\/noticias\/index.php?rest_route=%2Fwp%2Fv2%2Fcomments&post=32969"}],"version-history":[{"count":3,"href":"https:\/\/colegioarquitectos.com\/noticias\/index.php?rest_route=\/wp\/v2\/posts\/32969\/revisions"}],"predecessor-version":[{"id":34687,"href":"https:\/\/colegioarquitectos.com\/noticias\/index.php?rest_route=\/wp\/v2\/posts\/32969\/revisions\/34687"}],"wp:featuredmedia":[{"embeddable":true,"href":"https:\/\/colegioarquitectos.com\/noticias\/index.php?rest_route=\/wp\/v2\/media\/32971"}],"wp:attachment":[{"href":"https:\/\/colegioarquitectos.com\/noticias\/index.php?rest_route=%2Fwp%2Fv2%2Fmedia&parent=32969"}],"wp:term":[{"taxonomy":"category","embeddable":true,"href":"https:\/\/colegioarquitectos.com\/noticias\/index.php?rest_route=%2Fwp%2Fv2%2Fcategories&post=32969"},{"taxonomy":"post_tag","embeddable":true,"href":"https:\/\/colegioarquitectos.com\/noticias\/index.php?rest_route=%2Fwp%2Fv2%2Ftags&post=32969"}],"curies":[{"name":"wp","href":"https:\/\/api.w.org\/{rel}","templated":true}]}}