
{"id":33008,"date":"2025-03-11T00:05:01","date_gmt":"2025-03-11T04:05:01","guid":{"rendered":"https:\/\/colegioarquitectos.com\/noticias\/?p=33008"},"modified":"2025-03-19T09:01:20","modified_gmt":"2025-03-19T13:01:20","slug":"se-lanzan-las-bases-del-concurso-de-arquitectura-para-inedito-museo-memorial-de-la-villa-san-luis-en-las-condes","status":"publish","type":"post","link":"https:\/\/colegioarquitectos.com\/noticias\/?p=33008","title":{"rendered":"[CONVOCATORIA CERRADA] Participa del Concurso de Arquitectura para in\u00e9dito Museo Memorial de la Villa San Luis en Las Condes"},"content":{"rendered":"<p>El <strong>Ministerio de las Culturas, las Artes y el Patrimonio<\/strong>, en colaboraci\u00f3n con la <strong>Constructora e Inmobiliaria Presidente Riesco<\/strong>, la <strong>fundaci\u00f3n Desalojados Villa San Luis<\/strong>, el <strong>Colegio de Arquitectos de Chile (CA)<\/strong> y la <strong>Asociaci\u00f3n de Oficinas de Arquitectos (AOA)<\/strong>, ha lanzado la convocatoria para e<strong>l Concurso Nacional de Anteproyecto de Arquitectura<\/strong> para el <strong>Museo Memorial de Villa San Luis<\/strong>.<\/p>\n<p>El concurso busca la recuperaci\u00f3n del <strong>Block 14<\/strong> de la <strong>ex Villa San Luis<\/strong>, el cual ser\u00e1 transformado en un<strong> museo de memoria<\/strong>. Este inmueble, que cuenta con un pol\u00edgono de protecci\u00f3n, fue declarado<strong> Monumento Nacional en la categor\u00eda de Monumento Hist\u00f3rico en 2017<\/strong>.<\/p>\n<p>El concurso tiene como objetivo <strong>rendir homenaje a la memoria hist\u00f3rica de las 1.038 familias desalojadas de la Villa San Luis entre 1976 y 1980, invitando a los arquitectos a presentar propuestas que respeten el valor patrimonial del Block 14, integrando un enfoque contempor\u00e1neo para la creaci\u00f3n de un espacio que reflexione sobre derechos humanos y memoria hist\u00f3rica<\/strong>.<\/p>\n<p>El proyecto ocupar\u00e1 una superficie de hasta <strong>800 m\u00b2 construidos<\/strong> en el Monumento Hist\u00f3rico Block 14 de la ex-Villa San Luis, y tiene como prop\u00f3sito crear un espacio fundamental para preservar la memoria hist\u00f3rica, <strong>ense\u00f1ando a las futuras generaciones sobre el desalojo y la segregaci\u00f3n urbana que afectaron a sus habitantes durante la dictadura<\/strong>. <strong>El dise\u00f1o deber\u00e1 conservar la altura original del edificio (10,62 metros) y se complementar\u00e1 con un paisajismo que habilite un espacio privado de uso p\u00fablico hacia la esquina norponiente<\/strong>.<\/p>\n<p>\u00abVilla San Luis simboliza la resistencia, resiliencia y dignidad en la lucha por la vivienda digna y la integraci\u00f3n social urbana. Tambi\u00e9n preserva la memoria de quienes vivieron felices all\u00ed hasta el brutal despojo de 1976, y de un proyecto urbano innovador que pon\u00eda la integraci\u00f3n social en el centro. Buscamos que este concurso, fruto del trabajo conjunto entre distintos sectores, nos entregue un anteproyecto de museo memorial que sea un hito urbano de futuro, con los derechos humanos al centro, record\u00e1ndonos que la segregaci\u00f3n social y urbana sigue siendo un desaf\u00edo urgente\u00bb, dijo la Subsecretaria del Patrimonio Cultural, <strong>Carolina P\u00e9rez Dattari<\/strong>.<\/p>\n<p><strong>El concurso busca propuestas que no solo preserven el edificio original, sino que tambi\u00e9n lo transformen en un espacio con \u00e1reas de exhibici\u00f3n museogr\u00e1fica, educaci\u00f3n, investigaci\u00f3n y reflexi\u00f3n sobre la historia de la Villa San Luis y sus exhabitantes<\/strong>. La propuesta ganadora deber\u00e1 incorporar un relato museogr\u00e1fico fiel y creativo que represente las experiencias vividas por la comunidad desalojada, e incluir\u00e1 espacios para conservar los bienes patrimoniales donados por los exresidentes, as\u00ed como documentar la historia del proyecto de vivienda social y el desalojo ocurrido en el lugar.<\/p>\n<p>Por su parte, <strong>Antonieta Mirada<\/strong>, presidenta de la Fundaci\u00f3n Desalojados Villa San Luis, enfatiz\u00f3: \u00abEste museo no es solo una construcci\u00f3n, sino que queremos que sea la memoria viva de nuestras experiencias y la reivindicaci\u00f3n de lo que nunca debi\u00f3 ocurrir. Estamos muy expectantes de los proyectos que se presenten, y esperamos que puedan reflejar lo que significa esta villa para todos nosotros. Es una oportunidad para ser parte de algo tremendo, que pueda ense\u00f1ar nuestra historia\u00bb.<\/p>\n<p>El concurso, que abri\u00f3 este 20 de diciembre,<strong> est\u00e1 dirigido a arquitectas y arquitectos con patente profesional vigente en Chile<\/strong>. La recepci\u00f3n de propuestas finalizar\u00e1 el<strong> 17 de marzo de 2025<\/strong>. <strong>El primer lugar recibir\u00e1 un premio de 15 millones de pesos y la adjudicaci\u00f3n para la realizaci\u00f3n del proyecto. El segundo y tercer lugar tambi\u00e9n recibir\u00e1n premios de diez millones y cinco millones de pesos, respectivamente.<\/strong><\/p>\n<p>&nbsp;<\/p>\n<h4>Bases<\/h4>\n<hr \/>\n<p>Las bases completas del concurso est\u00e1n disponibles en el sitio web oficial <strong><a href=\"http:\/\/www.concursovillasanluis.cl\">www.concursovillasanluis.cl<\/a><\/strong><\/p>\n<p>&nbsp;<\/p>\n<p><\/p>","protected":false},"excerpt":{"rendered":"<p>El Ministerio de las Culturas, las Artes y el Patrimonio, en colaboraci\u00f3n con la Constructora e Inmobiliaria Presidente Riesco, la fundaci\u00f3n Desalojados Villa San Luis, el Colegio de Arquitectos de Chile (CA) y la Asociaci\u00f3n de Oficinas de Arquitectos (AOA), &hellip; <a class=\"more-link\" href=\"https:\/\/colegioarquitectos.com\/noticias\/?p=33008\">ver m\u00e1s<\/a><\/p>","protected":false},"author":4,"featured_media":33009,"comment_status":"closed","ping_status":"closed","sticky":false,"template":"","format":"standard","meta":{"footnotes":""},"categories":[8,11],"tags":[56,326,1114,1109,1112,1113,1111,1110],"class_list":["post-33008","post","type-post","status-publish","format-standard","has-post-thumbnail","hentry","category-colegio-de-arquitectos","category-concursos","tag-concurso","tag-concurso-de-arquitectura","tag-ex-villa-san-luis","tag-fundacion-desalojados-villa-san-luis","tag-las-condes","tag-museo-de-memoria","tag-museo-memorial-de-villa-san-luis","tag-villa-san-luis"],"yoast_head":"<!-- This site is optimized with the Yoast SEO plugin v24.2 - https:\/\/yoast.com\/wordpress\/plugins\/seo\/ -->\n<title>[CONVOCATORIA CERRADA] Participa del Concurso de Arquitectura para in\u00e9dito Museo Memorial de la Villa San Luis en Las Condes - COLEGIO DE ARQUITECTOS DE CHILE<\/title>\n<meta name=\"robots\" content=\"index, follow, max-snippet:-1, max-image-preview:large, max-video-preview:-1\" \/>\n<link rel=\"canonical\" href=\"https:\/\/colegioarquitectos.com\/noticias\/?p=33008\" \/>\n<meta property=\"og:locale\" content=\"es_ES\" \/>\n<meta property=\"og:type\" content=\"article\" \/>\n<meta property=\"og:title\" content=\"[CONVOCATORIA CERRADA] Participa del Concurso de Arquitectura para in\u00e9dito Museo Memorial de la Villa San Luis en Las Condes - COLEGIO DE ARQUITECTOS DE CHILE\" \/>\n<meta property=\"og:description\" content=\"El Ministerio de las Culturas, las Artes y el Patrimonio, en colaboraci\u00f3n con la Constructora e Inmobiliaria Presidente Riesco, la fundaci\u00f3n Desalojados Villa San Luis, el Colegio de Arquitectos de Chile (CA) y la Asociaci\u00f3n de Oficinas de Arquitectos (AOA), &hellip; ver m\u00e1s\" \/>\n<meta property=\"og:url\" content=\"https:\/\/colegioarquitectos.com\/noticias\/?p=33008\" \/>\n<meta property=\"og:site_name\" content=\"COLEGIO DE ARQUITECTOS DE CHILE\" \/>\n<meta property=\"article:publisher\" content=\"https:\/\/facebook.com\/Colegioarq\/\" \/>\n<meta property=\"article:published_time\" content=\"2025-03-11T04:05:01+00:00\" \/>\n<meta property=\"article:modified_time\" content=\"2025-03-19T13:01:20+00:00\" \/>\n<meta property=\"og:image\" content=\"https:\/\/colegioarquitectos.com\/noticias\/wp-content\/uploads\/2024\/12\/ENCABEZADO-BASES-VILLA-SAN-LUIS.png\" \/>\n\t<meta property=\"og:image:width\" content=\"1280\" \/>\n\t<meta property=\"og:image:height\" content=\"720\" \/>\n\t<meta property=\"og:image:type\" content=\"image\/png\" \/>\n<meta name=\"author\" content=\"Colegio de Arquitectos de Chile\" \/>\n<meta name=\"twitter:card\" content=\"summary_large_image\" \/>\n<meta name=\"twitter:creator\" content=\"@colegioarq\" \/>\n<meta name=\"twitter:site\" content=\"@colegioarq\" \/>\n<meta name=\"twitter:label1\" content=\"Escrito por\" \/>\n\t<meta name=\"twitter:data1\" content=\"Colegio de Arquitectos de Chile\" \/>\n\t<meta name=\"twitter:label2\" content=\"Tiempo de lectura\" \/>\n\t<meta name=\"twitter:data2\" content=\"3 minutos\" \/>\n<script type=\"application\/ld+json\" class=\"yoast-schema-graph\">{\"@context\":\"https:\/\/schema.org\",\"@graph\":[{\"@type\":\"Article\",\"@id\":\"https:\/\/colegioarquitectos.com\/noticias\/?p=33008#article\",\"isPartOf\":{\"@id\":\"https:\/\/colegioarquitectos.com\/noticias\/?p=33008\"},\"author\":{\"name\":\"Colegio de Arquitectos de Chile\",\"@id\":\"https:\/\/colegioarquitectos.com\/noticias\/#\/schema\/person\/685cc0aad148303c5608f049af8285ad\"},\"headline\":\"[CONVOCATORIA CERRADA] Participa del Concurso de Arquitectura para in\u00e9dito Museo Memorial de la Villa San Luis en Las Condes\",\"datePublished\":\"2025-03-11T04:05:01+00:00\",\"dateModified\":\"2025-03-19T13:01:20+00:00\",\"mainEntityOfPage\":{\"@id\":\"https:\/\/colegioarquitectos.com\/noticias\/?p=33008\"},\"wordCount\":647,\"publisher\":{\"@id\":\"https:\/\/colegioarquitectos.com\/noticias\/#organization\"},\"image\":{\"@id\":\"https:\/\/colegioarquitectos.com\/noticias\/?p=33008#primaryimage\"},\"thumbnailUrl\":\"https:\/\/colegioarquitectos.com\/noticias\/wp-content\/uploads\/2024\/12\/ENCABEZADO-BASES-VILLA-SAN-LUIS.png\",\"keywords\":[\"concurso\",\"Concurso de arquitectura\",\"ex-Villa San Luis\",\"Fundaci\u00f3n Desalojados Villa San Luis\",\"Las Condes\",\"Museo de memoria\",\"Museo Memorial de Villa San Luis\",\"Villa San Luis\"],\"articleSection\":[\"Colegio\",\"Concursos\"],\"inLanguage\":\"es\"},{\"@type\":\"WebPage\",\"@id\":\"https:\/\/colegioarquitectos.com\/noticias\/?p=33008\",\"url\":\"https:\/\/colegioarquitectos.com\/noticias\/?p=33008\",\"name\":\"[CONVOCATORIA CERRADA] Participa del Concurso de Arquitectura para in\u00e9dito Museo Memorial de la Villa San Luis en Las Condes - COLEGIO DE ARQUITECTOS DE CHILE\",\"isPartOf\":{\"@id\":\"https:\/\/colegioarquitectos.com\/noticias\/#website\"},\"primaryImageOfPage\":{\"@id\":\"https:\/\/colegioarquitectos.com\/noticias\/?p=33008#primaryimage\"},\"image\":{\"@id\":\"https:\/\/colegioarquitectos.com\/noticias\/?p=33008#primaryimage\"},\"thumbnailUrl\":\"https:\/\/colegioarquitectos.com\/noticias\/wp-content\/uploads\/2024\/12\/ENCABEZADO-BASES-VILLA-SAN-LUIS.png\",\"datePublished\":\"2025-03-11T04:05:01+00:00\",\"dateModified\":\"2025-03-19T13:01:20+00:00\",\"breadcrumb\":{\"@id\":\"https:\/\/colegioarquitectos.com\/noticias\/?p=33008#breadcrumb\"},\"inLanguage\":\"es\",\"potentialAction\":[{\"@type\":\"ReadAction\",\"target\":[\"https:\/\/colegioarquitectos.com\/noticias\/?p=33008\"]}]},{\"@type\":\"ImageObject\",\"inLanguage\":\"es\",\"@id\":\"https:\/\/colegioarquitectos.com\/noticias\/?p=33008#primaryimage\",\"url\":\"https:\/\/colegioarquitectos.com\/noticias\/wp-content\/uploads\/2024\/12\/ENCABEZADO-BASES-VILLA-SAN-LUIS.png\",\"contentUrl\":\"https:\/\/colegioarquitectos.com\/noticias\/wp-content\/uploads\/2024\/12\/ENCABEZADO-BASES-VILLA-SAN-LUIS.png\",\"width\":1280,\"height\":720},{\"@type\":\"BreadcrumbList\",\"@id\":\"https:\/\/colegioarquitectos.com\/noticias\/?p=33008#breadcrumb\",\"itemListElement\":[{\"@type\":\"ListItem\",\"position\":1,\"name\":\"Portada\",\"item\":\"https:\/\/colegioarquitectos.com\/noticias\"},{\"@type\":\"ListItem\",\"position\":2,\"name\":\"[CONVOCATORIA CERRADA] Participa del Concurso de Arquitectura para in\u00e9dito Museo Memorial de la Villa San Luis en Las Condes\"}]},{\"@type\":\"WebSite\",\"@id\":\"https:\/\/colegioarquitectos.com\/noticias\/#website\",\"url\":\"https:\/\/colegioarquitectos.com\/noticias\/\",\"name\":\"COLEGIO DE ARQUITECTOS DE CHILE\",\"description\":\"\",\"publisher\":{\"@id\":\"https:\/\/colegioarquitectos.com\/noticias\/#organization\"},\"potentialAction\":[{\"@type\":\"SearchAction\",\"target\":{\"@type\":\"EntryPoint\",\"urlTemplate\":\"https:\/\/colegioarquitectos.com\/noticias\/?s={search_term_string}\"},\"query-input\":{\"@type\":\"PropertyValueSpecification\",\"valueRequired\":true,\"valueName\":\"search_term_string\"}}],\"inLanguage\":\"es\"},{\"@type\":\"Organization\",\"@id\":\"https:\/\/colegioarquitectos.com\/noticias\/#organization\",\"name\":\"COLEGIO DE ARQUITECTOS DE CHILE\",\"url\":\"https:\/\/colegioarquitectos.com\/noticias\/\",\"logo\":{\"@type\":\"ImageObject\",\"inLanguage\":\"es\",\"@id\":\"https:\/\/colegioarquitectos.com\/noticias\/#\/schema\/logo\/image\/\",\"url\":\"https:\/\/colegioarquitectos.com\/noticias\/wp-content\/uploads\/2021\/05\/ENCABEZADO-LOGO-CA.jpg\",\"contentUrl\":\"https:\/\/colegioarquitectos.com\/noticias\/wp-content\/uploads\/2021\/05\/ENCABEZADO-LOGO-CA.jpg\",\"width\":690,\"height\":350,\"caption\":\"COLEGIO DE ARQUITECTOS DE CHILE\"},\"image\":{\"@id\":\"https:\/\/colegioarquitectos.com\/noticias\/#\/schema\/logo\/image\/\"},\"sameAs\":[\"https:\/\/facebook.com\/Colegioarq\/\",\"https:\/\/x.com\/colegioarq\",\"https:\/\/instagram.com\/colegioarq\",\"https:\/\/youtube.com\/@ColegiodeArquitectosdeChile\"]},{\"@type\":\"Person\",\"@id\":\"https:\/\/colegioarquitectos.com\/noticias\/#\/schema\/person\/685cc0aad148303c5608f049af8285ad\",\"name\":\"Colegio de Arquitectos de Chile\",\"url\":\"https:\/\/colegioarquitectos.com\/noticias\/?author=4\"}]}<\/script>\n<!-- \/ Yoast SEO plugin. -->","yoast_head_json":{"title":"[CONVOCATORIA CERRADA] Participa del Concurso de Arquitectura para in\u00e9dito Museo Memorial de la Villa San Luis en Las Condes - COLEGIO DE ARQUITECTOS DE CHILE","robots":{"index":"index","follow":"follow","max-snippet":"max-snippet:-1","max-image-preview":"max-image-preview:large","max-video-preview":"max-video-preview:-1"},"canonical":"https:\/\/colegioarquitectos.com\/noticias\/?p=33008","og_locale":"es_ES","og_type":"article","og_title":"[CONVOCATORIA CERRADA] Participa del Concurso de Arquitectura para in\u00e9dito Museo Memorial de la Villa San Luis en Las Condes - COLEGIO DE ARQUITECTOS DE CHILE","og_description":"El Ministerio de las Culturas, las Artes y el Patrimonio, en colaboraci\u00f3n con la Constructora e Inmobiliaria Presidente Riesco, la fundaci\u00f3n Desalojados Villa San Luis, el Colegio de Arquitectos de Chile (CA) y la Asociaci\u00f3n de Oficinas de Arquitectos (AOA), &hellip; ver m\u00e1s","og_url":"https:\/\/colegioarquitectos.com\/noticias\/?p=33008","og_site_name":"COLEGIO DE ARQUITECTOS DE CHILE","article_publisher":"https:\/\/facebook.com\/Colegioarq\/","article_published_time":"2025-03-11T04:05:01+00:00","article_modified_time":"2025-03-19T13:01:20+00:00","og_image":[{"width":1280,"height":720,"url":"https:\/\/colegioarquitectos.com\/noticias\/wp-content\/uploads\/2024\/12\/ENCABEZADO-BASES-VILLA-SAN-LUIS.png","type":"image\/png"}],"author":"Colegio de Arquitectos de Chile","twitter_card":"summary_large_image","twitter_creator":"@colegioarq","twitter_site":"@colegioarq","twitter_misc":{"Escrito por":"Colegio de Arquitectos de Chile","Tiempo de lectura":"3 minutos"},"schema":{"@context":"https:\/\/schema.org","@graph":[{"@type":"Article","@id":"https:\/\/colegioarquitectos.com\/noticias\/?p=33008#article","isPartOf":{"@id":"https:\/\/colegioarquitectos.com\/noticias\/?p=33008"},"author":{"name":"Colegio de Arquitectos de Chile","@id":"https:\/\/colegioarquitectos.com\/noticias\/#\/schema\/person\/685cc0aad148303c5608f049af8285ad"},"headline":"[CONVOCATORIA CERRADA] Participa del Concurso de Arquitectura para in\u00e9dito Museo Memorial de la Villa San Luis en Las Condes","datePublished":"2025-03-11T04:05:01+00:00","dateModified":"2025-03-19T13:01:20+00:00","mainEntityOfPage":{"@id":"https:\/\/colegioarquitectos.com\/noticias\/?p=33008"},"wordCount":647,"publisher":{"@id":"https:\/\/colegioarquitectos.com\/noticias\/#organization"},"image":{"@id":"https:\/\/colegioarquitectos.com\/noticias\/?p=33008#primaryimage"},"thumbnailUrl":"https:\/\/colegioarquitectos.com\/noticias\/wp-content\/uploads\/2024\/12\/ENCABEZADO-BASES-VILLA-SAN-LUIS.png","keywords":["concurso","Concurso de arquitectura","ex-Villa San Luis","Fundaci\u00f3n Desalojados Villa San Luis","Las Condes","Museo de memoria","Museo Memorial de Villa San Luis","Villa San Luis"],"articleSection":["Colegio","Concursos"],"inLanguage":"es"},{"@type":"WebPage","@id":"https:\/\/colegioarquitectos.com\/noticias\/?p=33008","url":"https:\/\/colegioarquitectos.com\/noticias\/?p=33008","name":"[CONVOCATORIA CERRADA] Participa del Concurso de Arquitectura para in\u00e9dito Museo Memorial de la Villa San Luis en Las Condes - COLEGIO DE ARQUITECTOS DE CHILE","isPartOf":{"@id":"https:\/\/colegioarquitectos.com\/noticias\/#website"},"primaryImageOfPage":{"@id":"https:\/\/colegioarquitectos.com\/noticias\/?p=33008#primaryimage"},"image":{"@id":"https:\/\/colegioarquitectos.com\/noticias\/?p=33008#primaryimage"},"thumbnailUrl":"https:\/\/colegioarquitectos.com\/noticias\/wp-content\/uploads\/2024\/12\/ENCABEZADO-BASES-VILLA-SAN-LUIS.png","datePublished":"2025-03-11T04:05:01+00:00","dateModified":"2025-03-19T13:01:20+00:00","breadcrumb":{"@id":"https:\/\/colegioarquitectos.com\/noticias\/?p=33008#breadcrumb"},"inLanguage":"es","potentialAction":[{"@type":"ReadAction","target":["https:\/\/colegioarquitectos.com\/noticias\/?p=33008"]}]},{"@type":"ImageObject","inLanguage":"es","@id":"https:\/\/colegioarquitectos.com\/noticias\/?p=33008#primaryimage","url":"https:\/\/colegioarquitectos.com\/noticias\/wp-content\/uploads\/2024\/12\/ENCABEZADO-BASES-VILLA-SAN-LUIS.png","contentUrl":"https:\/\/colegioarquitectos.com\/noticias\/wp-content\/uploads\/2024\/12\/ENCABEZADO-BASES-VILLA-SAN-LUIS.png","width":1280,"height":720},{"@type":"BreadcrumbList","@id":"https:\/\/colegioarquitectos.com\/noticias\/?p=33008#breadcrumb","itemListElement":[{"@type":"ListItem","position":1,"name":"Portada","item":"https:\/\/colegioarquitectos.com\/noticias"},{"@type":"ListItem","position":2,"name":"[CONVOCATORIA CERRADA] Participa del Concurso de Arquitectura para in\u00e9dito Museo Memorial de la Villa San Luis en Las Condes"}]},{"@type":"WebSite","@id":"https:\/\/colegioarquitectos.com\/noticias\/#website","url":"https:\/\/colegioarquitectos.com\/noticias\/","name":"COLEGIO DE ARQUITECTOS DE CHILE","description":"","publisher":{"@id":"https:\/\/colegioarquitectos.com\/noticias\/#organization"},"potentialAction":[{"@type":"SearchAction","target":{"@type":"EntryPoint","urlTemplate":"https:\/\/colegioarquitectos.com\/noticias\/?s={search_term_string}"},"query-input":{"@type":"PropertyValueSpecification","valueRequired":true,"valueName":"search_term_string"}}],"inLanguage":"es"},{"@type":"Organization","@id":"https:\/\/colegioarquitectos.com\/noticias\/#organization","name":"COLEGIO DE ARQUITECTOS DE CHILE","url":"https:\/\/colegioarquitectos.com\/noticias\/","logo":{"@type":"ImageObject","inLanguage":"es","@id":"https:\/\/colegioarquitectos.com\/noticias\/#\/schema\/logo\/image\/","url":"https:\/\/colegioarquitectos.com\/noticias\/wp-content\/uploads\/2021\/05\/ENCABEZADO-LOGO-CA.jpg","contentUrl":"https:\/\/colegioarquitectos.com\/noticias\/wp-content\/uploads\/2021\/05\/ENCABEZADO-LOGO-CA.jpg","width":690,"height":350,"caption":"COLEGIO DE ARQUITECTOS DE CHILE"},"image":{"@id":"https:\/\/colegioarquitectos.com\/noticias\/#\/schema\/logo\/image\/"},"sameAs":["https:\/\/facebook.com\/Colegioarq\/","https:\/\/x.com\/colegioarq","https:\/\/instagram.com\/colegioarq","https:\/\/youtube.com\/@ColegiodeArquitectosdeChile"]},{"@type":"Person","@id":"https:\/\/colegioarquitectos.com\/noticias\/#\/schema\/person\/685cc0aad148303c5608f049af8285ad","name":"Colegio de Arquitectos de Chile","url":"https:\/\/colegioarquitectos.com\/noticias\/?author=4"}]}},"_links":{"self":[{"href":"https:\/\/colegioarquitectos.com\/noticias\/index.php?rest_route=\/wp\/v2\/posts\/33008","targetHints":{"allow":["GET"]}}],"collection":[{"href":"https:\/\/colegioarquitectos.com\/noticias\/index.php?rest_route=\/wp\/v2\/posts"}],"about":[{"href":"https:\/\/colegioarquitectos.com\/noticias\/index.php?rest_route=\/wp\/v2\/types\/post"}],"author":[{"embeddable":true,"href":"https:\/\/colegioarquitectos.com\/noticias\/index.php?rest_route=\/wp\/v2\/users\/4"}],"replies":[{"embeddable":true,"href":"https:\/\/colegioarquitectos.com\/noticias\/index.php?rest_route=%2Fwp%2Fv2%2Fcomments&post=33008"}],"version-history":[{"count":5,"href":"https:\/\/colegioarquitectos.com\/noticias\/index.php?rest_route=\/wp\/v2\/posts\/33008\/revisions"}],"predecessor-version":[{"id":33362,"href":"https:\/\/colegioarquitectos.com\/noticias\/index.php?rest_route=\/wp\/v2\/posts\/33008\/revisions\/33362"}],"wp:featuredmedia":[{"embeddable":true,"href":"https:\/\/colegioarquitectos.com\/noticias\/index.php?rest_route=\/wp\/v2\/media\/33009"}],"wp:attachment":[{"href":"https:\/\/colegioarquitectos.com\/noticias\/index.php?rest_route=%2Fwp%2Fv2%2Fmedia&parent=33008"}],"wp:term":[{"taxonomy":"category","embeddable":true,"href":"https:\/\/colegioarquitectos.com\/noticias\/index.php?rest_route=%2Fwp%2Fv2%2Fcategories&post=33008"},{"taxonomy":"post_tag","embeddable":true,"href":"https:\/\/colegioarquitectos.com\/noticias\/index.php?rest_route=%2Fwp%2Fv2%2Ftags&post=33008"}],"curies":[{"name":"wp","href":"https:\/\/api.w.org\/{rel}","templated":true}]}}