
{"id":33091,"date":"2025-01-09T13:36:58","date_gmt":"2025-01-09T17:36:58","guid":{"rendered":"https:\/\/colegioarquitectos.com\/noticias\/?p=33091"},"modified":"2025-01-09T16:13:53","modified_gmt":"2025-01-09T20:13:53","slug":"concurso-mundial-unesco-uia-para-arquitectos-jovenes-empoderar-a-la-proxima-generacion-en-el-diseno-urbano-participativo","status":"publish","type":"post","link":"https:\/\/colegioarquitectos.com\/noticias\/?p=33091","title":{"rendered":"Concurso Mundial UNESCO-UIA para arquitectas y arquitectos j\u00f3venes: empoderar a la pr\u00f3xima generaci\u00f3n en el dise\u00f1o urbano participativo"},"content":{"rendered":"<div class=\"competition-content entry-content my-5\">\n<p>La <strong>UIA<\/strong> y la <strong>UNESCO<\/strong>, a trav\u00e9s de la <strong>Carta UNESCO-UIA<\/strong> para la Formaci\u00f3n de Arquitectos, <strong>se han dedicado desde hace tiempo a preparar a los futuros arquitectos para que conciban soluciones innovadoras para el presente y el futuro<\/strong>. A medida que las nuevas eras marcan el comienzo de desaf\u00edos profundos y complejos, en particular en lo que respecta a la degradaci\u00f3n social y funcional de muchos asentamientos humanos, <strong>la necesidad de respuestas arquitect\u00f3nicas visionarias se vuelve cada vez m\u00e1s cr\u00edtica para dar forma al desarrollo cualitativo del entorno construido en un mundo que cambia r\u00e1pidamente<\/strong>.<\/p>\n<p>Esta iniciativa ofrece a los arquitectos j\u00f3venes la <strong>oportunidad de contribuir a una de las iniciativas culturales m\u00e1s prestigiosas: la Bienal de Venecia. A trav\u00e9s de su participaci\u00f3n, la pr\u00f3xima generaci\u00f3n puede demostrar su visi\u00f3n para mejorar la experiencia de los sitios declarados Patrimonio Mundial por la UNESCO.<\/strong><\/p>\n<p>Los resultados ser\u00e1n evaluados por un jurado internacional y<strong> los ganadores se anunciar\u00e1n en una ceremonia de entrega de premios que tendr\u00e1 lugar en el Palazzo Zorzi, la Oficina Regional de la UNESCO para la Ciencia y la Cultura en Europa, en Venecia. Sus trabajos tambi\u00e9n se exhibir\u00e1n en una exposici\u00f3n al inicio de la Bienal de Arquitectura 2025, del 8 al 15 de mayo.<\/strong><\/p>\n<p>Visita la\u00a0<strong><a href=\"https:\/\/uia-competitions.org\/competitions\/future-of-the-profession\/\" target=\"_blank\" rel=\"noopener\">plataforma de competencias de la UIA<\/a><\/strong> para registrarte, hacer preguntas o enviar tu proyecto.<\/p>\n<p>&nbsp;<\/p>\n<h4>Premios<\/h4>\n<\/div>\n<div class=\"my-5 competition-prize\">\n<hr \/>\n<p>El importe total de los premios disponibles para el concurso es de 15.000 \u20ac. Los premios no est\u00e1n sujetos al IVA.<\/p>\n<ul>\n<li>1er premio: <strong>5.000 \u20ac y certificado<\/strong><\/li>\n<li>2\u00ba premio:\u00a0 <strong>4.000 \u20ac \u00a0y certificado<\/strong><\/li>\n<li>3er premio: <strong>3.000 \u20ac y certificado<\/strong><\/li>\n<li>4\u00ba premio: <strong>2.000 \u20ac y certificado<\/strong><\/li>\n<li>5\u00ba premio:<strong>\u00a01.000 \u20ac y certificado<\/strong><\/li>\n<\/ul>\n<p>El jurado podr\u00e1 decidir, a su discreci\u00f3n, asignar hasta cinco menciones honor\u00edficas a propuestas de m\u00e9rito particular. Las menciones honor\u00edficas no conllevar\u00e1n dotaci\u00f3n econ\u00f3mica.<\/p>\n<p>&nbsp;<\/p>\n<\/div>\n<div class=\"my-5 competition-theme-and-objectives\">\n<h4 class=\"text-uppercase\">Tema y objetivos<\/h4>\n<hr \/>\n<p>Este concurso se alinea con <strong>Deep Surface: Polyfunctional architecture to enhance the experience of UNESCO delegated sites<\/strong>, una exposici\u00f3n organizada por la UNESCO en colaboraci\u00f3n con la Comisi\u00f3n Real para AlUla (RCU). La exposici\u00f3n est\u00e1 programada para llevarse a cabo en las instalaciones de la Oficina Regional de la UNESCO para la Ciencia y la Cultura en Europa (Venecia, Italia) del 10 de mayo al 23 de noviembre de 2025, simult\u00e1neamente con la\u00a0<em>19.\u00aa Exposici\u00f3n Internacional de Arquitectura de la Bienal de Venecia<\/em>\u00a0. Se centrar\u00e1 en las caracter\u00edsticas arquitect\u00f3nicas y funcionales espec\u00edficas del contexto de los centros de visitantes en los sitios designados por la UNESCO, a saber, los sitios del Patrimonio Mundial, las Reservas de la Biosfera y los Geoparques Mundiales de la UNESCO. La exposici\u00f3n destacar\u00e1 sus experiencias y buenas pr\u00e1cticas en interpretaci\u00f3n del patrimonio, educaci\u00f3n, servicios orientados a la comunidad, mejora de la accesibilidad cognitiva y f\u00edsica del sitio y gesti\u00f3n del turismo sostenible.<\/p>\n<p>Partiendo de estas reflexiones, <strong>el concurso de la UIA tambi\u00e9n se alinea con el tema del D\u00eda Mundial de la Arquitectura 2024 de ONU-H\u00e1bitat,\u00a0<em>Empoderar a la pr\u00f3xima generaci\u00f3n en el dise\u00f1o urbano participativo<\/em> . Este tema alienta a los j\u00f3venes arquitectos a participar activamente en procesos participativos, subrayando su papel esencial en la configuraci\u00f3n del desarrollo sostenible en relaci\u00f3n con los sitios de la UNESCO<\/strong>.<\/p>\n<p>&nbsp;<\/p>\n<h4>Criterios clave<\/h4>\n<\/div>\n<div class=\"my-5 competition-key-criteria\">\n<hr \/>\n<p>Las presentaciones se evaluar\u00e1n seg\u00fan los criterios siguientes:<\/p>\n<ul>\n<li>Cumplimiento de los objetivos del concurso<\/li>\n<li>Dise\u00f1o urbano y arquitect\u00f3nico<\/li>\n<li>Impacto social<\/li>\n<li>Sostenibilidad<\/li>\n<li>Contribuci\u00f3n a la mejora de la gesti\u00f3n del sitio<\/li>\n<li>Coherencia del concepto global<\/li>\n<\/ul>\n<p>&nbsp;<\/p>\n<\/div>\n<div class=\"my-5 competition-jury-members\">\n<h4 class=\"text-uppercase\">Miembros del jurado<\/h4>\n<hr \/>\n<ul>\n<li><strong>Manuel Herrero S\u00e1nchez<\/strong>, Arquitecto, Espa\u00f1a<\/li>\n<li><strong>Magdalena Landry<\/strong>, Directora de la Oficina de la UNESCO en Venecia (Polonia)<\/li>\n<li><strong>Crist\u00f3bal Tirado<\/strong>, Arquitecto, Chile,<\/li>\n<li><strong>Doan Than H\u00e1<\/strong>, arquitecto, Vietnam<\/li>\n<li><strong>Omar Degan<\/strong>, arquitecto, Somalia<\/li>\n<\/ul>\n<p>Jurado suplente:<\/p>\n<ul>\n<li><strong>Giacomo Ardesio<\/strong>, arquitecto, Italia<\/li>\n<\/ul>\n<p>&nbsp;<\/p>\n<h4>Elegibilidad<\/h4>\n<\/div>\n<div class=\"my-5 competition-eligibility\">\n<hr \/>\n<p>El concurso est\u00e1 abierto a j\u00f3venes arquitectos (individuales o en equipos) de todo el mundo y debe cumplir con lo siguiente:<\/p>\n<ul>\n<li>El(los) autor(es)\/l\u00edder(es) del equipo de la propuesta deber\u00e1n tener derecho a utilizar el t\u00edtulo de arquitecto en su pa\u00eds de origen o residencia.<\/li>\n<li>Todos los participantes deben haber nacido el 1 de enero de 1989 o despu\u00e9s.<\/li>\n<li>No podr\u00e1n participar en el concurso estudiantes, asociados, empleados, familiares o cualquier persona que tenga relaci\u00f3n cercana con los miembros del jurado y personas involucradas en la preparaci\u00f3n de este concurso.<\/li>\n<li>Los miembros del Consejo de la UIA y de la Secretar\u00eda de la UIA no son elegibles para participar.<\/li>\n<\/ul>\n<p>Se fomenta la formaci\u00f3n de equipos multidisciplinarios, pero s\u00f3lo los arquitectos pueden actuar como l\u00edderes de equipo o autores.<\/p>\n<p>&nbsp;<\/p>\n<h4>Fechas clave<\/h4>\n<\/div>\n<div class=\"mb-5 competition-keydates\">\n<hr \/>\n<\/div>\n<div title=\"hasta el 15 de mayo de 2025\">\n<p><strong>07-01-2025<\/strong>\u00a0\u2014 Lanzamiento<\/p>\n<p><strong>2025-01-16<\/strong> \u2014 Fecha l\u00edmite para preguntas<\/p>\n<p><strong>2025-01-31<\/strong> \u2014 Fecha l\u00edmite para respuestas<\/p>\n<p><strong>2025-03-07<\/strong> \u2014 Fecha l\u00edmite para la inscripci\u00f3n<\/p>\n<p><strong>2025-03-07<\/strong> \u2014 Fecha l\u00edmite para la presentaci\u00f3n de inscripciones<\/p>\n<p><strong>2025-04-04<\/strong> \u2014 Decisi\u00f3n del jurado<\/p>\n<p><strong>2025-05-07<\/strong> \u2014 Anuncio de resultados<\/p>\n<p><strong>2025-05-07<\/strong> \u2014 Ceremonia de entrega de premios<\/p>\n<p><strong>2025-05-08<\/strong> \u2014 Mesa redonda<\/p>\n<p><strong>2025-05-08<\/strong> \u2014 Exposici\u00f3n<\/p>\n<p>&nbsp;<\/p>\n<h4>Documentos de referencia<\/h4>\n<\/div>\n<div class=\"my-5 competition-reference-documents\">\n<hr \/>\n<div title=\"\"><a href=\"https:\/\/colegioarquitectos.com\/noticias\/wp-content\/uploads\/2024\/11\/ACTA-SESI%C3%93N-N%C2%B001-2024-11-marzo-A.pdf\"><img loading=\"lazy\" decoding=\"async\" class=\"alignnone\" src=\"https:\/\/www.colegioarquitectos.com\/imgs\/descargas_linea_punto\/pdfcolor.jpg\" alt=\"\" width=\"25\" height=\"25\" \/><\/a>\u00a0 \u00a0<strong><a class=\"competition-reference-document-title\" href=\"https:\/\/www.uia-architectes.org\/wp-content\/uploads\/2024\/12\/UIA-Venice-Idea-Competition-Brief-Final.pdf\">Resumen del concurso<\/a><\/strong><\/div>\n<\/div>\n<div title=\"\"><\/div>\n<div title=\"\"><\/div>\n<div title=\"\"><\/div>\n<p><\/p>","protected":false},"excerpt":{"rendered":"<p>La UIA y la UNESCO, a trav\u00e9s de la Carta UNESCO-UIA para la Formaci\u00f3n de Arquitectos, se han dedicado desde hace tiempo a preparar a los futuros arquitectos para que conciban soluciones innovadoras para el presente y el futuro. A &hellip; <a class=\"more-link\" href=\"https:\/\/colegioarquitectos.com\/noticias\/?p=33091\">ver m\u00e1s<\/a><\/p>","protected":false},"author":4,"featured_media":33092,"comment_status":"closed","ping_status":"closed","sticky":false,"template":"","format":"standard","meta":{"footnotes":""},"categories":[8,11,621],"tags":[219,213,1125,214],"class_list":["post-33091","post","type-post","status-publish","format-standard","has-post-thumbnail","hentry","category-colegio-de-arquitectos","category-concursos","category-internacional","tag-international-union-of-architects","tag-uia","tag-unesco","tag-union-internacional-de-arquitectos"],"yoast_head":"<!-- This site is optimized with the Yoast SEO plugin v24.2 - https:\/\/yoast.com\/wordpress\/plugins\/seo\/ -->\n<title>Concurso Mundial UNESCO-UIA para arquitectas y arquitectos j\u00f3venes: empoderar a la pr\u00f3xima generaci\u00f3n en el dise\u00f1o urbano participativo - COLEGIO DE ARQUITECTOS DE CHILE<\/title>\n<meta name=\"robots\" content=\"index, follow, max-snippet:-1, max-image-preview:large, max-video-preview:-1\" \/>\n<link rel=\"canonical\" href=\"https:\/\/colegioarquitectos.com\/noticias\/?p=33091\" \/>\n<meta property=\"og:locale\" content=\"es_ES\" \/>\n<meta property=\"og:type\" content=\"article\" \/>\n<meta property=\"og:title\" content=\"Concurso Mundial UNESCO-UIA para arquitectas y arquitectos j\u00f3venes: empoderar a la pr\u00f3xima generaci\u00f3n en el dise\u00f1o urbano participativo - COLEGIO DE ARQUITECTOS DE CHILE\" \/>\n<meta property=\"og:description\" content=\"La UIA y la UNESCO, a trav\u00e9s de la Carta UNESCO-UIA para la Formaci\u00f3n de Arquitectos, se han dedicado desde hace tiempo a preparar a los futuros arquitectos para que conciban soluciones innovadoras para el presente y el futuro. A &hellip; ver m\u00e1s\" \/>\n<meta property=\"og:url\" content=\"https:\/\/colegioarquitectos.com\/noticias\/?p=33091\" \/>\n<meta property=\"og:site_name\" content=\"COLEGIO DE ARQUITECTOS DE CHILE\" \/>\n<meta property=\"article:publisher\" content=\"https:\/\/facebook.com\/Colegioarq\/\" \/>\n<meta property=\"article:published_time\" content=\"2025-01-09T17:36:58+00:00\" \/>\n<meta property=\"article:modified_time\" content=\"2025-01-09T20:13:53+00:00\" \/>\n<meta property=\"og:image\" content=\"https:\/\/colegioarquitectos.com\/noticias\/wp-content\/uploads\/2025\/01\/ENCABEZADO-CONCURSO-UIA-JOVENES.png\" \/>\n\t<meta property=\"og:image:width\" content=\"1280\" \/>\n\t<meta property=\"og:image:height\" content=\"720\" \/>\n\t<meta property=\"og:image:type\" content=\"image\/png\" \/>\n<meta name=\"author\" content=\"Colegio de Arquitectos de Chile\" \/>\n<meta name=\"twitter:card\" content=\"summary_large_image\" \/>\n<meta name=\"twitter:creator\" content=\"@colegioarq\" \/>\n<meta name=\"twitter:site\" content=\"@colegioarq\" \/>\n<meta name=\"twitter:label1\" content=\"Escrito por\" \/>\n\t<meta name=\"twitter:data1\" content=\"Colegio de Arquitectos de Chile\" \/>\n\t<meta name=\"twitter:label2\" content=\"Tiempo de lectura\" \/>\n\t<meta name=\"twitter:data2\" content=\"4 minutos\" \/>\n<script type=\"application\/ld+json\" class=\"yoast-schema-graph\">{\"@context\":\"https:\/\/schema.org\",\"@graph\":[{\"@type\":\"Article\",\"@id\":\"https:\/\/colegioarquitectos.com\/noticias\/?p=33091#article\",\"isPartOf\":{\"@id\":\"https:\/\/colegioarquitectos.com\/noticias\/?p=33091\"},\"author\":{\"name\":\"Colegio de Arquitectos de Chile\",\"@id\":\"https:\/\/colegioarquitectos.com\/noticias\/#\/schema\/person\/685cc0aad148303c5608f049af8285ad\"},\"headline\":\"Concurso Mundial UNESCO-UIA para arquitectas y arquitectos j\u00f3venes: empoderar a la pr\u00f3xima generaci\u00f3n en el dise\u00f1o urbano participativo\",\"datePublished\":\"2025-01-09T17:36:58+00:00\",\"dateModified\":\"2025-01-09T20:13:53+00:00\",\"mainEntityOfPage\":{\"@id\":\"https:\/\/colegioarquitectos.com\/noticias\/?p=33091\"},\"wordCount\":882,\"publisher\":{\"@id\":\"https:\/\/colegioarquitectos.com\/noticias\/#organization\"},\"image\":{\"@id\":\"https:\/\/colegioarquitectos.com\/noticias\/?p=33091#primaryimage\"},\"thumbnailUrl\":\"https:\/\/colegioarquitectos.com\/noticias\/wp-content\/uploads\/2025\/01\/ENCABEZADO-CONCURSO-UIA-JOVENES.png\",\"keywords\":[\"International Union of Architects\",\"UIA\",\"UNESCO\",\"Uni\u00f3n Internacional de Arquitectos\"],\"articleSection\":[\"Colegio\",\"Concursos\",\"Internacional\"],\"inLanguage\":\"es\"},{\"@type\":\"WebPage\",\"@id\":\"https:\/\/colegioarquitectos.com\/noticias\/?p=33091\",\"url\":\"https:\/\/colegioarquitectos.com\/noticias\/?p=33091\",\"name\":\"Concurso Mundial UNESCO-UIA para arquitectas y arquitectos j\u00f3venes: empoderar a la pr\u00f3xima generaci\u00f3n en el dise\u00f1o urbano participativo - COLEGIO DE ARQUITECTOS DE CHILE\",\"isPartOf\":{\"@id\":\"https:\/\/colegioarquitectos.com\/noticias\/#website\"},\"primaryImageOfPage\":{\"@id\":\"https:\/\/colegioarquitectos.com\/noticias\/?p=33091#primaryimage\"},\"image\":{\"@id\":\"https:\/\/colegioarquitectos.com\/noticias\/?p=33091#primaryimage\"},\"thumbnailUrl\":\"https:\/\/colegioarquitectos.com\/noticias\/wp-content\/uploads\/2025\/01\/ENCABEZADO-CONCURSO-UIA-JOVENES.png\",\"datePublished\":\"2025-01-09T17:36:58+00:00\",\"dateModified\":\"2025-01-09T20:13:53+00:00\",\"breadcrumb\":{\"@id\":\"https:\/\/colegioarquitectos.com\/noticias\/?p=33091#breadcrumb\"},\"inLanguage\":\"es\",\"potentialAction\":[{\"@type\":\"ReadAction\",\"target\":[\"https:\/\/colegioarquitectos.com\/noticias\/?p=33091\"]}]},{\"@type\":\"ImageObject\",\"inLanguage\":\"es\",\"@id\":\"https:\/\/colegioarquitectos.com\/noticias\/?p=33091#primaryimage\",\"url\":\"https:\/\/colegioarquitectos.com\/noticias\/wp-content\/uploads\/2025\/01\/ENCABEZADO-CONCURSO-UIA-JOVENES.png\",\"contentUrl\":\"https:\/\/colegioarquitectos.com\/noticias\/wp-content\/uploads\/2025\/01\/ENCABEZADO-CONCURSO-UIA-JOVENES.png\",\"width\":1280,\"height\":720},{\"@type\":\"BreadcrumbList\",\"@id\":\"https:\/\/colegioarquitectos.com\/noticias\/?p=33091#breadcrumb\",\"itemListElement\":[{\"@type\":\"ListItem\",\"position\":1,\"name\":\"Portada\",\"item\":\"https:\/\/colegioarquitectos.com\/noticias\"},{\"@type\":\"ListItem\",\"position\":2,\"name\":\"Concurso Mundial UNESCO-UIA para arquitectas y arquitectos j\u00f3venes: empoderar a la pr\u00f3xima generaci\u00f3n en el dise\u00f1o urbano participativo\"}]},{\"@type\":\"WebSite\",\"@id\":\"https:\/\/colegioarquitectos.com\/noticias\/#website\",\"url\":\"https:\/\/colegioarquitectos.com\/noticias\/\",\"name\":\"COLEGIO DE ARQUITECTOS DE CHILE\",\"description\":\"\",\"publisher\":{\"@id\":\"https:\/\/colegioarquitectos.com\/noticias\/#organization\"},\"potentialAction\":[{\"@type\":\"SearchAction\",\"target\":{\"@type\":\"EntryPoint\",\"urlTemplate\":\"https:\/\/colegioarquitectos.com\/noticias\/?s={search_term_string}\"},\"query-input\":{\"@type\":\"PropertyValueSpecification\",\"valueRequired\":true,\"valueName\":\"search_term_string\"}}],\"inLanguage\":\"es\"},{\"@type\":\"Organization\",\"@id\":\"https:\/\/colegioarquitectos.com\/noticias\/#organization\",\"name\":\"COLEGIO DE ARQUITECTOS DE CHILE\",\"url\":\"https:\/\/colegioarquitectos.com\/noticias\/\",\"logo\":{\"@type\":\"ImageObject\",\"inLanguage\":\"es\",\"@id\":\"https:\/\/colegioarquitectos.com\/noticias\/#\/schema\/logo\/image\/\",\"url\":\"https:\/\/colegioarquitectos.com\/noticias\/wp-content\/uploads\/2021\/05\/ENCABEZADO-LOGO-CA.jpg\",\"contentUrl\":\"https:\/\/colegioarquitectos.com\/noticias\/wp-content\/uploads\/2021\/05\/ENCABEZADO-LOGO-CA.jpg\",\"width\":690,\"height\":350,\"caption\":\"COLEGIO DE ARQUITECTOS DE CHILE\"},\"image\":{\"@id\":\"https:\/\/colegioarquitectos.com\/noticias\/#\/schema\/logo\/image\/\"},\"sameAs\":[\"https:\/\/facebook.com\/Colegioarq\/\",\"https:\/\/x.com\/colegioarq\",\"https:\/\/instagram.com\/colegioarq\",\"https:\/\/youtube.com\/@ColegiodeArquitectosdeChile\"]},{\"@type\":\"Person\",\"@id\":\"https:\/\/colegioarquitectos.com\/noticias\/#\/schema\/person\/685cc0aad148303c5608f049af8285ad\",\"name\":\"Colegio de Arquitectos de Chile\",\"url\":\"https:\/\/colegioarquitectos.com\/noticias\/?author=4\"}]}<\/script>\n<!-- \/ Yoast SEO plugin. -->","yoast_head_json":{"title":"Concurso Mundial UNESCO-UIA para arquitectas y arquitectos j\u00f3venes: empoderar a la pr\u00f3xima generaci\u00f3n en el dise\u00f1o urbano participativo - COLEGIO DE ARQUITECTOS DE CHILE","robots":{"index":"index","follow":"follow","max-snippet":"max-snippet:-1","max-image-preview":"max-image-preview:large","max-video-preview":"max-video-preview:-1"},"canonical":"https:\/\/colegioarquitectos.com\/noticias\/?p=33091","og_locale":"es_ES","og_type":"article","og_title":"Concurso Mundial UNESCO-UIA para arquitectas y arquitectos j\u00f3venes: empoderar a la pr\u00f3xima generaci\u00f3n en el dise\u00f1o urbano participativo - COLEGIO DE ARQUITECTOS DE CHILE","og_description":"La UIA y la UNESCO, a trav\u00e9s de la Carta UNESCO-UIA para la Formaci\u00f3n de Arquitectos, se han dedicado desde hace tiempo a preparar a los futuros arquitectos para que conciban soluciones innovadoras para el presente y el futuro. A &hellip; ver m\u00e1s","og_url":"https:\/\/colegioarquitectos.com\/noticias\/?p=33091","og_site_name":"COLEGIO DE ARQUITECTOS DE CHILE","article_publisher":"https:\/\/facebook.com\/Colegioarq\/","article_published_time":"2025-01-09T17:36:58+00:00","article_modified_time":"2025-01-09T20:13:53+00:00","og_image":[{"width":1280,"height":720,"url":"https:\/\/colegioarquitectos.com\/noticias\/wp-content\/uploads\/2025\/01\/ENCABEZADO-CONCURSO-UIA-JOVENES.png","type":"image\/png"}],"author":"Colegio de Arquitectos de Chile","twitter_card":"summary_large_image","twitter_creator":"@colegioarq","twitter_site":"@colegioarq","twitter_misc":{"Escrito por":"Colegio de Arquitectos de Chile","Tiempo de lectura":"4 minutos"},"schema":{"@context":"https:\/\/schema.org","@graph":[{"@type":"Article","@id":"https:\/\/colegioarquitectos.com\/noticias\/?p=33091#article","isPartOf":{"@id":"https:\/\/colegioarquitectos.com\/noticias\/?p=33091"},"author":{"name":"Colegio de Arquitectos de Chile","@id":"https:\/\/colegioarquitectos.com\/noticias\/#\/schema\/person\/685cc0aad148303c5608f049af8285ad"},"headline":"Concurso Mundial UNESCO-UIA para arquitectas y arquitectos j\u00f3venes: empoderar a la pr\u00f3xima generaci\u00f3n en el dise\u00f1o urbano participativo","datePublished":"2025-01-09T17:36:58+00:00","dateModified":"2025-01-09T20:13:53+00:00","mainEntityOfPage":{"@id":"https:\/\/colegioarquitectos.com\/noticias\/?p=33091"},"wordCount":882,"publisher":{"@id":"https:\/\/colegioarquitectos.com\/noticias\/#organization"},"image":{"@id":"https:\/\/colegioarquitectos.com\/noticias\/?p=33091#primaryimage"},"thumbnailUrl":"https:\/\/colegioarquitectos.com\/noticias\/wp-content\/uploads\/2025\/01\/ENCABEZADO-CONCURSO-UIA-JOVENES.png","keywords":["International Union of Architects","UIA","UNESCO","Uni\u00f3n Internacional de Arquitectos"],"articleSection":["Colegio","Concursos","Internacional"],"inLanguage":"es"},{"@type":"WebPage","@id":"https:\/\/colegioarquitectos.com\/noticias\/?p=33091","url":"https:\/\/colegioarquitectos.com\/noticias\/?p=33091","name":"Concurso Mundial UNESCO-UIA para arquitectas y arquitectos j\u00f3venes: empoderar a la pr\u00f3xima generaci\u00f3n en el dise\u00f1o urbano participativo - COLEGIO DE ARQUITECTOS DE CHILE","isPartOf":{"@id":"https:\/\/colegioarquitectos.com\/noticias\/#website"},"primaryImageOfPage":{"@id":"https:\/\/colegioarquitectos.com\/noticias\/?p=33091#primaryimage"},"image":{"@id":"https:\/\/colegioarquitectos.com\/noticias\/?p=33091#primaryimage"},"thumbnailUrl":"https:\/\/colegioarquitectos.com\/noticias\/wp-content\/uploads\/2025\/01\/ENCABEZADO-CONCURSO-UIA-JOVENES.png","datePublished":"2025-01-09T17:36:58+00:00","dateModified":"2025-01-09T20:13:53+00:00","breadcrumb":{"@id":"https:\/\/colegioarquitectos.com\/noticias\/?p=33091#breadcrumb"},"inLanguage":"es","potentialAction":[{"@type":"ReadAction","target":["https:\/\/colegioarquitectos.com\/noticias\/?p=33091"]}]},{"@type":"ImageObject","inLanguage":"es","@id":"https:\/\/colegioarquitectos.com\/noticias\/?p=33091#primaryimage","url":"https:\/\/colegioarquitectos.com\/noticias\/wp-content\/uploads\/2025\/01\/ENCABEZADO-CONCURSO-UIA-JOVENES.png","contentUrl":"https:\/\/colegioarquitectos.com\/noticias\/wp-content\/uploads\/2025\/01\/ENCABEZADO-CONCURSO-UIA-JOVENES.png","width":1280,"height":720},{"@type":"BreadcrumbList","@id":"https:\/\/colegioarquitectos.com\/noticias\/?p=33091#breadcrumb","itemListElement":[{"@type":"ListItem","position":1,"name":"Portada","item":"https:\/\/colegioarquitectos.com\/noticias"},{"@type":"ListItem","position":2,"name":"Concurso Mundial UNESCO-UIA para arquitectas y arquitectos j\u00f3venes: empoderar a la pr\u00f3xima generaci\u00f3n en el dise\u00f1o urbano participativo"}]},{"@type":"WebSite","@id":"https:\/\/colegioarquitectos.com\/noticias\/#website","url":"https:\/\/colegioarquitectos.com\/noticias\/","name":"COLEGIO DE ARQUITECTOS DE CHILE","description":"","publisher":{"@id":"https:\/\/colegioarquitectos.com\/noticias\/#organization"},"potentialAction":[{"@type":"SearchAction","target":{"@type":"EntryPoint","urlTemplate":"https:\/\/colegioarquitectos.com\/noticias\/?s={search_term_string}"},"query-input":{"@type":"PropertyValueSpecification","valueRequired":true,"valueName":"search_term_string"}}],"inLanguage":"es"},{"@type":"Organization","@id":"https:\/\/colegioarquitectos.com\/noticias\/#organization","name":"COLEGIO DE ARQUITECTOS DE CHILE","url":"https:\/\/colegioarquitectos.com\/noticias\/","logo":{"@type":"ImageObject","inLanguage":"es","@id":"https:\/\/colegioarquitectos.com\/noticias\/#\/schema\/logo\/image\/","url":"https:\/\/colegioarquitectos.com\/noticias\/wp-content\/uploads\/2021\/05\/ENCABEZADO-LOGO-CA.jpg","contentUrl":"https:\/\/colegioarquitectos.com\/noticias\/wp-content\/uploads\/2021\/05\/ENCABEZADO-LOGO-CA.jpg","width":690,"height":350,"caption":"COLEGIO DE ARQUITECTOS DE CHILE"},"image":{"@id":"https:\/\/colegioarquitectos.com\/noticias\/#\/schema\/logo\/image\/"},"sameAs":["https:\/\/facebook.com\/Colegioarq\/","https:\/\/x.com\/colegioarq","https:\/\/instagram.com\/colegioarq","https:\/\/youtube.com\/@ColegiodeArquitectosdeChile"]},{"@type":"Person","@id":"https:\/\/colegioarquitectos.com\/noticias\/#\/schema\/person\/685cc0aad148303c5608f049af8285ad","name":"Colegio de Arquitectos de Chile","url":"https:\/\/colegioarquitectos.com\/noticias\/?author=4"}]}},"_links":{"self":[{"href":"https:\/\/colegioarquitectos.com\/noticias\/index.php?rest_route=\/wp\/v2\/posts\/33091","targetHints":{"allow":["GET"]}}],"collection":[{"href":"https:\/\/colegioarquitectos.com\/noticias\/index.php?rest_route=\/wp\/v2\/posts"}],"about":[{"href":"https:\/\/colegioarquitectos.com\/noticias\/index.php?rest_route=\/wp\/v2\/types\/post"}],"author":[{"embeddable":true,"href":"https:\/\/colegioarquitectos.com\/noticias\/index.php?rest_route=\/wp\/v2\/users\/4"}],"replies":[{"embeddable":true,"href":"https:\/\/colegioarquitectos.com\/noticias\/index.php?rest_route=%2Fwp%2Fv2%2Fcomments&post=33091"}],"version-history":[{"count":11,"href":"https:\/\/colegioarquitectos.com\/noticias\/index.php?rest_route=\/wp\/v2\/posts\/33091\/revisions"}],"predecessor-version":[{"id":33121,"href":"https:\/\/colegioarquitectos.com\/noticias\/index.php?rest_route=\/wp\/v2\/posts\/33091\/revisions\/33121"}],"wp:featuredmedia":[{"embeddable":true,"href":"https:\/\/colegioarquitectos.com\/noticias\/index.php?rest_route=\/wp\/v2\/media\/33092"}],"wp:attachment":[{"href":"https:\/\/colegioarquitectos.com\/noticias\/index.php?rest_route=%2Fwp%2Fv2%2Fmedia&parent=33091"}],"wp:term":[{"taxonomy":"category","embeddable":true,"href":"https:\/\/colegioarquitectos.com\/noticias\/index.php?rest_route=%2Fwp%2Fv2%2Fcategories&post=33091"},{"taxonomy":"post_tag","embeddable":true,"href":"https:\/\/colegioarquitectos.com\/noticias\/index.php?rest_route=%2Fwp%2Fv2%2Ftags&post=33091"}],"curies":[{"name":"wp","href":"https:\/\/api.w.org\/{rel}","templated":true}]}}