
{"id":33181,"date":"2025-01-14T11:56:57","date_gmt":"2025-01-14T15:56:57","guid":{"rendered":"https:\/\/colegioarquitectos.com\/noticias\/?p=33181"},"modified":"2025-01-16T14:04:26","modified_gmt":"2025-01-16T18:04:26","slug":"cristian-castillo-y-marco-rodriguez-participaran-de-ciclo-de-conferencias-por-el-490-aniversario-de-lima","status":"publish","type":"post","link":"https:\/\/colegioarquitectos.com\/noticias\/?p=33181","title":{"rendered":"Cristi\u00e1n Castillo y Marco Rodr\u00edguez participar\u00e1n de ciclo de conferencias por el 490\u00b0 aniversario de Lima"},"content":{"rendered":"<p>Este<strong> mi\u00e9rcoles 15 de enero<\/strong> el <strong>Premio Nacional de Arquitectura 2024, Cristi\u00e1n Castillo Echeverr\u00eda<\/strong>; y nuestro <strong>vicepresidente de asuntos internos, Marco Rodr\u00edguez Ormaz\u00e1bal<\/strong>, participar\u00e1n del <strong>ciclo de conferencias nacionales e internacionales por el 490\u00b0 aniversario de Lima<\/strong>, organizado por el<strong> Colegio de Arquitectos del Per\u00fa, Regional Lima<\/strong>.<\/p>\n<p>La instancia girar\u00e1 en torno a <strong>\u00abVivienda social en Chile 1960-2024\u00bb<\/strong> y se realizar\u00e1 desde las<strong> 21.00 horas (horario de Chile)<\/strong> a trav\u00e9s de <strong>Facebook Live<\/strong> en <a href=\"https:\/\/www.facebook.com\/caplimaperu\"><strong>@caplimaperu<\/strong><\/a>.<\/p>\n<p>&nbsp;<\/p>\n<p><img loading=\"lazy\" decoding=\"async\" class=\"aligncenter size-large wp-image-33184\" src=\"https:\/\/colegioarquitectos.com\/noticias\/wp-content\/uploads\/2025\/01\/473423996_1010213997807755_23420399962099689_n-1-922x1024.jpg\" alt=\"\" width=\"690\" height=\"766\" srcset=\"https:\/\/colegioarquitectos.com\/noticias\/wp-content\/uploads\/2025\/01\/473423996_1010213997807755_23420399962099689_n-1-922x1024.jpg 922w, https:\/\/colegioarquitectos.com\/noticias\/wp-content\/uploads\/2025\/01\/473423996_1010213997807755_23420399962099689_n-1-270x300.jpg 270w, https:\/\/colegioarquitectos.com\/noticias\/wp-content\/uploads\/2025\/01\/473423996_1010213997807755_23420399962099689_n-1-768x853.jpg 768w, https:\/\/colegioarquitectos.com\/noticias\/wp-content\/uploads\/2025\/01\/473423996_1010213997807755_23420399962099689_n-1.jpg 1080w\" sizes=\"auto, (max-width: 690px) 100vw, 690px\" \/><\/p>\n<p>&nbsp;<\/p>\n<p>&nbsp;<\/p>\n<h4>Inscripciones<\/h4>\n<hr \/>\n<p>Puedes inscribirte gratuitamente <a href=\"https:\/\/docs.google.com\/forms\/d\/e\/1FAIpQLSdQ9_IoovDv0_SKbY7bLS6OQA1Dfenevk1i7mo1I_zIGpRZ0g\/viewform\">ac\u00e1<\/a>.<\/p>\n<p>&nbsp;<\/p>\n<p style=\"text-align: center;\"><iframe loading=\"lazy\" style=\"border: none; overflow: hidden;\" src=\"https:\/\/www.facebook.com\/plugins\/post.php?href=https%3A%2F%2Fwww.facebook.com%2Fcaplimaperu%2Fposts%2Fpfbid0kK7FiXw9qc5NNgAGkPwkocFbvMWeeJXYSSZcGBeCUXt6eqwEsciLY1g3YtowhJAGl&amp;show_text=true&amp;width=960\" width=\"960\" height=\"615\" frameborder=\"0\" scrolling=\"no\" allowfullscreen=\"allowfullscreen\"><span data-mce-type=\"bookmark\" style=\"display: inline-block; width: 0px; overflow: hidden; line-height: 0;\" class=\"mce_SELRES_start\">\ufeff<\/span><span data-mce-type=\"bookmark\" style=\"display: inline-block; width: 0px; overflow: hidden; line-height: 0;\" class=\"mce_SELRES_start\">\ufeff<\/span><span data-mce-type=\"bookmark\" style=\"display: inline-block; width: 0px; overflow: hidden; line-height: 0;\" class=\"mce_SELRES_start\">\ufeff<\/span><\/iframe><\/p>\n<p><\/p>","protected":false},"excerpt":{"rendered":"<p>Este mi\u00e9rcoles 15 de enero el Premio Nacional de Arquitectura 2024, Cristi\u00e1n Castillo Echeverr\u00eda; y nuestro vicepresidente de asuntos internos, Marco Rodr\u00edguez Ormaz\u00e1bal, participar\u00e1n del ciclo de conferencias nacionales e internacionales por el 490\u00b0 aniversario de Lima, organizado por el &hellip; <a class=\"more-link\" href=\"https:\/\/colegioarquitectos.com\/noticias\/?p=33181\">ver m\u00e1s<\/a><\/p>","protected":false},"author":4,"featured_media":33182,"comment_status":"closed","ping_status":"closed","sticky":false,"template":"","format":"standard","meta":{"footnotes":""},"categories":[8,621],"tags":[1143,816,868,1140,898,1141,1142,90,799,1144],"class_list":["post-33181","post","type-post","status-publish","format-standard","has-post-thumbnail","hentry","category-colegio-de-arquitectos","category-internacional","tag-cap-lima","tag-colegio-de-arquitectos-del-peru","tag-colegio-de-arquitectos-del-peru-regional-lima","tag-cristian","tag-cristian-castillo","tag-marco-rodriguez","tag-marco-rodriguez-ormazabal","tag-premio-nacional-de-arquitectura","tag-premio-nacional-de-arquitectura-2024","tag-regional-lima"],"yoast_head":"<!-- This site is optimized with the Yoast SEO plugin v24.2 - https:\/\/yoast.com\/wordpress\/plugins\/seo\/ -->\n<title>Cristi\u00e1n Castillo y Marco Rodr\u00edguez participar\u00e1n de ciclo de conferencias por el 490\u00b0 aniversario de Lima - COLEGIO DE ARQUITECTOS DE CHILE<\/title>\n<meta name=\"robots\" content=\"index, follow, max-snippet:-1, max-image-preview:large, max-video-preview:-1\" \/>\n<link rel=\"canonical\" href=\"https:\/\/colegioarquitectos.com\/noticias\/?p=33181\" \/>\n<meta property=\"og:locale\" content=\"es_ES\" \/>\n<meta property=\"og:type\" content=\"article\" \/>\n<meta property=\"og:title\" content=\"Cristi\u00e1n Castillo y Marco Rodr\u00edguez participar\u00e1n de ciclo de conferencias por el 490\u00b0 aniversario de Lima - COLEGIO DE ARQUITECTOS DE CHILE\" \/>\n<meta property=\"og:description\" content=\"Este mi\u00e9rcoles 15 de enero el Premio Nacional de Arquitectura 2024, Cristi\u00e1n Castillo Echeverr\u00eda; y nuestro vicepresidente de asuntos internos, Marco Rodr\u00edguez Ormaz\u00e1bal, participar\u00e1n del ciclo de conferencias nacionales e internacionales por el 490\u00b0 aniversario de Lima, organizado por el &hellip; ver m\u00e1s\" \/>\n<meta property=\"og:url\" content=\"https:\/\/colegioarquitectos.com\/noticias\/?p=33181\" \/>\n<meta property=\"og:site_name\" content=\"COLEGIO DE ARQUITECTOS DE CHILE\" \/>\n<meta property=\"article:publisher\" content=\"https:\/\/facebook.com\/Colegioarq\/\" \/>\n<meta property=\"article:published_time\" content=\"2025-01-14T15:56:57+00:00\" \/>\n<meta property=\"article:modified_time\" content=\"2025-01-16T18:04:26+00:00\" \/>\n<meta property=\"og:image\" content=\"https:\/\/colegioarquitectos.com\/noticias\/wp-content\/uploads\/2025\/01\/Proyecto-nuevo-8.png\" \/>\n\t<meta property=\"og:image:width\" content=\"1280\" \/>\n\t<meta property=\"og:image:height\" content=\"720\" \/>\n\t<meta property=\"og:image:type\" content=\"image\/png\" \/>\n<meta name=\"author\" content=\"Colegio de Arquitectos de Chile\" \/>\n<meta name=\"twitter:card\" content=\"summary_large_image\" \/>\n<meta name=\"twitter:creator\" content=\"@colegioarq\" \/>\n<meta name=\"twitter:site\" content=\"@colegioarq\" \/>\n<meta name=\"twitter:label1\" content=\"Escrito por\" \/>\n\t<meta name=\"twitter:data1\" content=\"Colegio de Arquitectos de Chile\" \/>\n<script type=\"application\/ld+json\" class=\"yoast-schema-graph\">{\"@context\":\"https:\/\/schema.org\",\"@graph\":[{\"@type\":\"Article\",\"@id\":\"https:\/\/colegioarquitectos.com\/noticias\/?p=33181#article\",\"isPartOf\":{\"@id\":\"https:\/\/colegioarquitectos.com\/noticias\/?p=33181\"},\"author\":{\"name\":\"Colegio de Arquitectos de Chile\",\"@id\":\"https:\/\/colegioarquitectos.com\/noticias\/#\/schema\/person\/685cc0aad148303c5608f049af8285ad\"},\"headline\":\"Cristi\u00e1n Castillo y Marco Rodr\u00edguez participar\u00e1n de ciclo de conferencias por el 490\u00b0 aniversario de Lima\",\"datePublished\":\"2025-01-14T15:56:57+00:00\",\"dateModified\":\"2025-01-16T18:04:26+00:00\",\"mainEntityOfPage\":{\"@id\":\"https:\/\/colegioarquitectos.com\/noticias\/?p=33181\"},\"wordCount\":105,\"publisher\":{\"@id\":\"https:\/\/colegioarquitectos.com\/noticias\/#organization\"},\"image\":{\"@id\":\"https:\/\/colegioarquitectos.com\/noticias\/?p=33181#primaryimage\"},\"thumbnailUrl\":\"https:\/\/colegioarquitectos.com\/noticias\/wp-content\/uploads\/2025\/01\/Proyecto-nuevo-8.png\",\"keywords\":[\"CAP Lima\",\"Colegio de Arquitectos del Per\u00fa\",\"Colegio de Arquitectos del Per\u00fa Regional Lima\",\"Cristi\u00e1n\",\"Cristi\u00e1n Castillo\",\"Marco Rodr\u00edguez\",\"Marco Rodr\u00edguez Ormaz\u00e1bal\",\"premio nacional de arquitectura\",\"Premio Nacional de Arquitectura 2024\",\"Regional Lima\"],\"articleSection\":[\"Colegio\",\"Internacional\"],\"inLanguage\":\"es\"},{\"@type\":\"WebPage\",\"@id\":\"https:\/\/colegioarquitectos.com\/noticias\/?p=33181\",\"url\":\"https:\/\/colegioarquitectos.com\/noticias\/?p=33181\",\"name\":\"Cristi\u00e1n Castillo y Marco Rodr\u00edguez participar\u00e1n de ciclo de conferencias por el 490\u00b0 aniversario de Lima - COLEGIO DE ARQUITECTOS DE CHILE\",\"isPartOf\":{\"@id\":\"https:\/\/colegioarquitectos.com\/noticias\/#website\"},\"primaryImageOfPage\":{\"@id\":\"https:\/\/colegioarquitectos.com\/noticias\/?p=33181#primaryimage\"},\"image\":{\"@id\":\"https:\/\/colegioarquitectos.com\/noticias\/?p=33181#primaryimage\"},\"thumbnailUrl\":\"https:\/\/colegioarquitectos.com\/noticias\/wp-content\/uploads\/2025\/01\/Proyecto-nuevo-8.png\",\"datePublished\":\"2025-01-14T15:56:57+00:00\",\"dateModified\":\"2025-01-16T18:04:26+00:00\",\"breadcrumb\":{\"@id\":\"https:\/\/colegioarquitectos.com\/noticias\/?p=33181#breadcrumb\"},\"inLanguage\":\"es\",\"potentialAction\":[{\"@type\":\"ReadAction\",\"target\":[\"https:\/\/colegioarquitectos.com\/noticias\/?p=33181\"]}]},{\"@type\":\"ImageObject\",\"inLanguage\":\"es\",\"@id\":\"https:\/\/colegioarquitectos.com\/noticias\/?p=33181#primaryimage\",\"url\":\"https:\/\/colegioarquitectos.com\/noticias\/wp-content\/uploads\/2025\/01\/Proyecto-nuevo-8.png\",\"contentUrl\":\"https:\/\/colegioarquitectos.com\/noticias\/wp-content\/uploads\/2025\/01\/Proyecto-nuevo-8.png\",\"width\":1280,\"height\":720},{\"@type\":\"BreadcrumbList\",\"@id\":\"https:\/\/colegioarquitectos.com\/noticias\/?p=33181#breadcrumb\",\"itemListElement\":[{\"@type\":\"ListItem\",\"position\":1,\"name\":\"Portada\",\"item\":\"https:\/\/colegioarquitectos.com\/noticias\"},{\"@type\":\"ListItem\",\"position\":2,\"name\":\"Cristi\u00e1n Castillo y Marco Rodr\u00edguez participar\u00e1n de ciclo de conferencias por el 490\u00b0 aniversario de Lima\"}]},{\"@type\":\"WebSite\",\"@id\":\"https:\/\/colegioarquitectos.com\/noticias\/#website\",\"url\":\"https:\/\/colegioarquitectos.com\/noticias\/\",\"name\":\"COLEGIO DE ARQUITECTOS DE CHILE\",\"description\":\"\",\"publisher\":{\"@id\":\"https:\/\/colegioarquitectos.com\/noticias\/#organization\"},\"potentialAction\":[{\"@type\":\"SearchAction\",\"target\":{\"@type\":\"EntryPoint\",\"urlTemplate\":\"https:\/\/colegioarquitectos.com\/noticias\/?s={search_term_string}\"},\"query-input\":{\"@type\":\"PropertyValueSpecification\",\"valueRequired\":true,\"valueName\":\"search_term_string\"}}],\"inLanguage\":\"es\"},{\"@type\":\"Organization\",\"@id\":\"https:\/\/colegioarquitectos.com\/noticias\/#organization\",\"name\":\"COLEGIO DE ARQUITECTOS DE CHILE\",\"url\":\"https:\/\/colegioarquitectos.com\/noticias\/\",\"logo\":{\"@type\":\"ImageObject\",\"inLanguage\":\"es\",\"@id\":\"https:\/\/colegioarquitectos.com\/noticias\/#\/schema\/logo\/image\/\",\"url\":\"https:\/\/colegioarquitectos.com\/noticias\/wp-content\/uploads\/2021\/05\/ENCABEZADO-LOGO-CA.jpg\",\"contentUrl\":\"https:\/\/colegioarquitectos.com\/noticias\/wp-content\/uploads\/2021\/05\/ENCABEZADO-LOGO-CA.jpg\",\"width\":690,\"height\":350,\"caption\":\"COLEGIO DE ARQUITECTOS DE CHILE\"},\"image\":{\"@id\":\"https:\/\/colegioarquitectos.com\/noticias\/#\/schema\/logo\/image\/\"},\"sameAs\":[\"https:\/\/facebook.com\/Colegioarq\/\",\"https:\/\/x.com\/colegioarq\",\"https:\/\/instagram.com\/colegioarq\",\"https:\/\/youtube.com\/@ColegiodeArquitectosdeChile\"]},{\"@type\":\"Person\",\"@id\":\"https:\/\/colegioarquitectos.com\/noticias\/#\/schema\/person\/685cc0aad148303c5608f049af8285ad\",\"name\":\"Colegio de Arquitectos de Chile\",\"url\":\"https:\/\/colegioarquitectos.com\/noticias\/?author=4\"}]}<\/script>\n<!-- \/ Yoast SEO plugin. -->","yoast_head_json":{"title":"Cristi\u00e1n Castillo y Marco Rodr\u00edguez participar\u00e1n de ciclo de conferencias por el 490\u00b0 aniversario de Lima - COLEGIO DE ARQUITECTOS DE CHILE","robots":{"index":"index","follow":"follow","max-snippet":"max-snippet:-1","max-image-preview":"max-image-preview:large","max-video-preview":"max-video-preview:-1"},"canonical":"https:\/\/colegioarquitectos.com\/noticias\/?p=33181","og_locale":"es_ES","og_type":"article","og_title":"Cristi\u00e1n Castillo y Marco Rodr\u00edguez participar\u00e1n de ciclo de conferencias por el 490\u00b0 aniversario de Lima - COLEGIO DE ARQUITECTOS DE CHILE","og_description":"Este mi\u00e9rcoles 15 de enero el Premio Nacional de Arquitectura 2024, Cristi\u00e1n Castillo Echeverr\u00eda; y nuestro vicepresidente de asuntos internos, Marco Rodr\u00edguez Ormaz\u00e1bal, participar\u00e1n del ciclo de conferencias nacionales e internacionales por el 490\u00b0 aniversario de Lima, organizado por el &hellip; ver m\u00e1s","og_url":"https:\/\/colegioarquitectos.com\/noticias\/?p=33181","og_site_name":"COLEGIO DE ARQUITECTOS DE CHILE","article_publisher":"https:\/\/facebook.com\/Colegioarq\/","article_published_time":"2025-01-14T15:56:57+00:00","article_modified_time":"2025-01-16T18:04:26+00:00","og_image":[{"width":1280,"height":720,"url":"https:\/\/colegioarquitectos.com\/noticias\/wp-content\/uploads\/2025\/01\/Proyecto-nuevo-8.png","type":"image\/png"}],"author":"Colegio de Arquitectos de Chile","twitter_card":"summary_large_image","twitter_creator":"@colegioarq","twitter_site":"@colegioarq","twitter_misc":{"Escrito por":"Colegio de Arquitectos de Chile"},"schema":{"@context":"https:\/\/schema.org","@graph":[{"@type":"Article","@id":"https:\/\/colegioarquitectos.com\/noticias\/?p=33181#article","isPartOf":{"@id":"https:\/\/colegioarquitectos.com\/noticias\/?p=33181"},"author":{"name":"Colegio de Arquitectos de Chile","@id":"https:\/\/colegioarquitectos.com\/noticias\/#\/schema\/person\/685cc0aad148303c5608f049af8285ad"},"headline":"Cristi\u00e1n Castillo y Marco Rodr\u00edguez participar\u00e1n de ciclo de conferencias por el 490\u00b0 aniversario de Lima","datePublished":"2025-01-14T15:56:57+00:00","dateModified":"2025-01-16T18:04:26+00:00","mainEntityOfPage":{"@id":"https:\/\/colegioarquitectos.com\/noticias\/?p=33181"},"wordCount":105,"publisher":{"@id":"https:\/\/colegioarquitectos.com\/noticias\/#organization"},"image":{"@id":"https:\/\/colegioarquitectos.com\/noticias\/?p=33181#primaryimage"},"thumbnailUrl":"https:\/\/colegioarquitectos.com\/noticias\/wp-content\/uploads\/2025\/01\/Proyecto-nuevo-8.png","keywords":["CAP Lima","Colegio de Arquitectos del Per\u00fa","Colegio de Arquitectos del Per\u00fa Regional Lima","Cristi\u00e1n","Cristi\u00e1n Castillo","Marco Rodr\u00edguez","Marco Rodr\u00edguez Ormaz\u00e1bal","premio nacional de arquitectura","Premio Nacional de Arquitectura 2024","Regional Lima"],"articleSection":["Colegio","Internacional"],"inLanguage":"es"},{"@type":"WebPage","@id":"https:\/\/colegioarquitectos.com\/noticias\/?p=33181","url":"https:\/\/colegioarquitectos.com\/noticias\/?p=33181","name":"Cristi\u00e1n Castillo y Marco Rodr\u00edguez participar\u00e1n de ciclo de conferencias por el 490\u00b0 aniversario de Lima - COLEGIO DE ARQUITECTOS DE CHILE","isPartOf":{"@id":"https:\/\/colegioarquitectos.com\/noticias\/#website"},"primaryImageOfPage":{"@id":"https:\/\/colegioarquitectos.com\/noticias\/?p=33181#primaryimage"},"image":{"@id":"https:\/\/colegioarquitectos.com\/noticias\/?p=33181#primaryimage"},"thumbnailUrl":"https:\/\/colegioarquitectos.com\/noticias\/wp-content\/uploads\/2025\/01\/Proyecto-nuevo-8.png","datePublished":"2025-01-14T15:56:57+00:00","dateModified":"2025-01-16T18:04:26+00:00","breadcrumb":{"@id":"https:\/\/colegioarquitectos.com\/noticias\/?p=33181#breadcrumb"},"inLanguage":"es","potentialAction":[{"@type":"ReadAction","target":["https:\/\/colegioarquitectos.com\/noticias\/?p=33181"]}]},{"@type":"ImageObject","inLanguage":"es","@id":"https:\/\/colegioarquitectos.com\/noticias\/?p=33181#primaryimage","url":"https:\/\/colegioarquitectos.com\/noticias\/wp-content\/uploads\/2025\/01\/Proyecto-nuevo-8.png","contentUrl":"https:\/\/colegioarquitectos.com\/noticias\/wp-content\/uploads\/2025\/01\/Proyecto-nuevo-8.png","width":1280,"height":720},{"@type":"BreadcrumbList","@id":"https:\/\/colegioarquitectos.com\/noticias\/?p=33181#breadcrumb","itemListElement":[{"@type":"ListItem","position":1,"name":"Portada","item":"https:\/\/colegioarquitectos.com\/noticias"},{"@type":"ListItem","position":2,"name":"Cristi\u00e1n Castillo y Marco Rodr\u00edguez participar\u00e1n de ciclo de conferencias por el 490\u00b0 aniversario de Lima"}]},{"@type":"WebSite","@id":"https:\/\/colegioarquitectos.com\/noticias\/#website","url":"https:\/\/colegioarquitectos.com\/noticias\/","name":"COLEGIO DE ARQUITECTOS DE CHILE","description":"","publisher":{"@id":"https:\/\/colegioarquitectos.com\/noticias\/#organization"},"potentialAction":[{"@type":"SearchAction","target":{"@type":"EntryPoint","urlTemplate":"https:\/\/colegioarquitectos.com\/noticias\/?s={search_term_string}"},"query-input":{"@type":"PropertyValueSpecification","valueRequired":true,"valueName":"search_term_string"}}],"inLanguage":"es"},{"@type":"Organization","@id":"https:\/\/colegioarquitectos.com\/noticias\/#organization","name":"COLEGIO DE ARQUITECTOS DE CHILE","url":"https:\/\/colegioarquitectos.com\/noticias\/","logo":{"@type":"ImageObject","inLanguage":"es","@id":"https:\/\/colegioarquitectos.com\/noticias\/#\/schema\/logo\/image\/","url":"https:\/\/colegioarquitectos.com\/noticias\/wp-content\/uploads\/2021\/05\/ENCABEZADO-LOGO-CA.jpg","contentUrl":"https:\/\/colegioarquitectos.com\/noticias\/wp-content\/uploads\/2021\/05\/ENCABEZADO-LOGO-CA.jpg","width":690,"height":350,"caption":"COLEGIO DE ARQUITECTOS DE CHILE"},"image":{"@id":"https:\/\/colegioarquitectos.com\/noticias\/#\/schema\/logo\/image\/"},"sameAs":["https:\/\/facebook.com\/Colegioarq\/","https:\/\/x.com\/colegioarq","https:\/\/instagram.com\/colegioarq","https:\/\/youtube.com\/@ColegiodeArquitectosdeChile"]},{"@type":"Person","@id":"https:\/\/colegioarquitectos.com\/noticias\/#\/schema\/person\/685cc0aad148303c5608f049af8285ad","name":"Colegio de Arquitectos de Chile","url":"https:\/\/colegioarquitectos.com\/noticias\/?author=4"}]}},"_links":{"self":[{"href":"https:\/\/colegioarquitectos.com\/noticias\/index.php?rest_route=\/wp\/v2\/posts\/33181","targetHints":{"allow":["GET"]}}],"collection":[{"href":"https:\/\/colegioarquitectos.com\/noticias\/index.php?rest_route=\/wp\/v2\/posts"}],"about":[{"href":"https:\/\/colegioarquitectos.com\/noticias\/index.php?rest_route=\/wp\/v2\/types\/post"}],"author":[{"embeddable":true,"href":"https:\/\/colegioarquitectos.com\/noticias\/index.php?rest_route=\/wp\/v2\/users\/4"}],"replies":[{"embeddable":true,"href":"https:\/\/colegioarquitectos.com\/noticias\/index.php?rest_route=%2Fwp%2Fv2%2Fcomments&post=33181"}],"version-history":[{"count":3,"href":"https:\/\/colegioarquitectos.com\/noticias\/index.php?rest_route=\/wp\/v2\/posts\/33181\/revisions"}],"predecessor-version":[{"id":33186,"href":"https:\/\/colegioarquitectos.com\/noticias\/index.php?rest_route=\/wp\/v2\/posts\/33181\/revisions\/33186"}],"wp:featuredmedia":[{"embeddable":true,"href":"https:\/\/colegioarquitectos.com\/noticias\/index.php?rest_route=\/wp\/v2\/media\/33182"}],"wp:attachment":[{"href":"https:\/\/colegioarquitectos.com\/noticias\/index.php?rest_route=%2Fwp%2Fv2%2Fmedia&parent=33181"}],"wp:term":[{"taxonomy":"category","embeddable":true,"href":"https:\/\/colegioarquitectos.com\/noticias\/index.php?rest_route=%2Fwp%2Fv2%2Fcategories&post=33181"},{"taxonomy":"post_tag","embeddable":true,"href":"https:\/\/colegioarquitectos.com\/noticias\/index.php?rest_route=%2Fwp%2Fv2%2Ftags&post=33181"}],"curies":[{"name":"wp","href":"https:\/\/api.w.org\/{rel}","templated":true}]}}