
{"id":33227,"date":"2025-01-28T09:29:36","date_gmt":"2025-01-28T13:29:36","guid":{"rendered":"https:\/\/colegioarquitectos.com\/noticias\/?p=33227"},"modified":"2025-03-03T13:49:20","modified_gmt":"2025-03-03T17:49:20","slug":"arqfilmfest-continua-sus-proyecciones-en-valparaiso-y-coyhaique","status":"publish","type":"post","link":"https:\/\/colegioarquitectos.com\/noticias\/?p=33227","title":{"rendered":"ArqFilmFest contin\u00faa con proyecciones en Valpara\u00edso y Coyhaique"},"content":{"rendered":"<p><span style=\"font-weight: 400;\">En el marco de la 6ta versi\u00f3n del Arquitectura Film Festival Santiago, y en alianza con la<\/span><b> Red de Salas de Cine de Chile,<\/b><span style=\"font-weight: 400;\"> entre enero y marzo se llevar\u00e1n a cabo exhibiciones de destacadas pel\u00edculas que fueron parte de la selecci\u00f3n oficial del festival. Las salas Esquina Retornable de Antofagasta, el Centro Cultural Coyhaique de Coyhaique e Insomnia Teatro Condell de Valpara\u00edso han integrado a su programa los t\u00edtulos <\/span><i><span style=\"font-weight: 400;\">Skin of Glass<\/span><\/i><span style=\"font-weight: 400;\">, <\/span><i><span style=\"font-weight: 400;\">A Stone Story<\/span><\/i><span style=\"font-weight: 400;\"> y <\/span><i><span style=\"font-weight: 400;\">Ensamble Patagonia<\/span><\/i><span style=\"font-weight: 400;\">, como una manera de llevar el cine y la arquitectura a otros territorios del pa\u00eds.<\/span><\/p>\n<p><span style=\"font-weight: 400;\">El filme <\/span><em><strong>Skin of glass<\/strong><\/em> <span style=\"font-weight: 400;\">(Estados Unidos, 2023, 90 minutos) de Denise Zmekhol fue destacado como el mejor representante de arquitectura emocional por la Red Interamericana de Festivales de Cine y Arquitectura, RIFCA en la \u00faltima versi\u00f3n del Arquitectura Film Festival Santiago, ArqFilmFest.\u00a0<\/span><\/p>\n<p><span style=\"font-weight: 400;\">El reconocimiento surge de la capacidad que tiene la pel\u00edcula para recorrer la historia reciente de Brasil acerc\u00e1ndose al edificio conocido como<\/span><b> Pele de vidro<\/b><span style=\"font-weight: 400;\">, dise\u00f1ado por el padre de Denise, Roger Zmekhol. El reconocido arquitecto ide\u00f3 esta ic\u00f3nica obra en los 60\u00b4durante una vibrante \u00e9poca de Brasil, llena de optimismo y esperanza hacia el futuro. Tras ser utilizado por el poder durante la dictadura, el inmueble fue ocupado por personas sin hogar.\u00a0<\/span><\/p>\n<p><span style=\"font-weight: 400;\">Este filme se exhibibe acompa\u00f1ado del cortometraje <\/span><em><b>A stone story <\/b><\/em><span style=\"font-weight: 400;\">(Brasil, 2024) de Zeca Day, pel\u00edcula sobre c\u00f3mo las peque\u00f1as cosas con las que nos topamos en nuestra vida diaria pueden hacer que nos detengamos y experimentemos la grandeza de un instante. En menos de cuatro minutos, la obra inspirada en experiencias de la vida real, explora la relatividad del tiempo, los espacios, los tama\u00f1os y las dimensiones, en l\u00ednea con la obra de su director, que suele centrarse en temas como la presencia humana y las huellas que dejan los espacios que habitamos.\u00a0<\/span><\/p>\n<h4><\/h4>\n<h4><b>Calendario de exhibiciones<\/b><\/h4>\n<hr \/>\n<p><b>CENTRO CULTURAL DE COYHAIQUE\u00a0<\/b><\/p>\n<p><span style=\"font-weight: 400;\">Eusebio Lillo 23, Coyhaique<\/span><\/p>\n<p><em><span style=\"font-weight: 400;\">A stone story <\/span><\/em><span style=\"font-weight: 400;\">y<\/span><em><span style=\"font-weight: 400;\"> Skin of glass<\/span><\/em><\/p>\n<p><span style=\"font-weight: 400;\">-Viernes 31 de enero a las 19.00 horas.<\/span><\/p>\n<p><span style=\"font-weight: 400;\">-Viernes 14 febrero a las 19.00 horas.\u00a0<\/span><\/p>\n<p>&nbsp;<\/p>\n<p><b>INSOMNIA TEATRO CONDELL<\/b><\/p>\n<p><span style=\"font-weight: 400;\">Condell 1585, Valpara\u00edso\u00a0<\/span><\/p>\n<p><em><span style=\"font-weight: 400;\">A stone story <\/span><\/em><span style=\"font-weight: 400;\">y<\/span><em><span style=\"font-weight: 400;\"> Skin of glass<\/span><\/em><\/p>\n<p><span style=\"font-weight: 400;\">-Jueves 06 febrero a las 19.00 horas<\/span><\/p>\n<p>&nbsp;<\/p>\n<h4>Trailer<\/h4>\n<hr \/>\n<p><a href=\"https:\/\/vimeo.com\/manage\/videos\/1019415007\"><b>TRAILER<\/b><\/a> <span style=\"font-weight: 400;\"><em>Skin of glass<\/em>.<\/span><\/p>\n<p>&nbsp;<\/p>\n<h4>Entrevista<\/h4>\n<hr \/>\n<p><a href=\"https:\/\/www.arqfilmfest.cl\/noticias\/denise-zmekhol-directora-de-skin-of-glass-este-filme-es-un-viaje-a-mi-padre-y-a-la-historia-de-brasil\/\"><b>ENTREVISTA<\/b><\/a> <span style=\"font-weight: 400;\">a Denise Zmekohl.<\/span><\/p>\n<p>&nbsp;<\/p>\n<p><\/p>","protected":false},"excerpt":{"rendered":"<p>En el marco de la 6ta versi\u00f3n del Arquitectura Film Festival Santiago, y en alianza con la Red de Salas de Cine de Chile, entre enero y marzo se llevar\u00e1n a cabo exhibiciones de destacadas pel\u00edculas que fueron parte de &hellip; <a class=\"more-link\" href=\"https:\/\/colegioarquitectos.com\/noticias\/?p=33227\">ver m\u00e1s<\/a><\/p>","protected":false},"author":4,"featured_media":33228,"comment_status":"closed","ping_status":"closed","sticky":false,"template":"","format":"standard","meta":{"footnotes":""},"categories":[3],"tags":[846,845,848,847],"class_list":["post-33227","post","type-post","status-publish","format-standard","has-post-thumbnail","hentry","category-noticias","tag-arqfilmfest","tag-arqfilmfest-2024","tag-arquitectura-film-festival-santiago","tag-hacia-una-arquitectura-emocional"],"yoast_head":"<!-- This site is optimized with the Yoast SEO plugin v24.2 - https:\/\/yoast.com\/wordpress\/plugins\/seo\/ -->\n<title>ArqFilmFest contin\u00faa con proyecciones en Valpara\u00edso y Coyhaique - COLEGIO DE ARQUITECTOS DE CHILE<\/title>\n<meta name=\"robots\" content=\"index, follow, max-snippet:-1, max-image-preview:large, max-video-preview:-1\" \/>\n<link rel=\"canonical\" href=\"https:\/\/colegioarquitectos.com\/noticias\/?p=33227\" \/>\n<meta property=\"og:locale\" content=\"es_ES\" \/>\n<meta property=\"og:type\" content=\"article\" \/>\n<meta property=\"og:title\" content=\"ArqFilmFest contin\u00faa con proyecciones en Valpara\u00edso y Coyhaique - COLEGIO DE ARQUITECTOS DE CHILE\" \/>\n<meta property=\"og:description\" content=\"En el marco de la 6ta versi\u00f3n del Arquitectura Film Festival Santiago, y en alianza con la Red de Salas de Cine de Chile, entre enero y marzo se llevar\u00e1n a cabo exhibiciones de destacadas pel\u00edculas que fueron parte de &hellip; ver m\u00e1s\" \/>\n<meta property=\"og:url\" content=\"https:\/\/colegioarquitectos.com\/noticias\/?p=33227\" \/>\n<meta property=\"og:site_name\" content=\"COLEGIO DE ARQUITECTOS DE CHILE\" \/>\n<meta property=\"article:publisher\" content=\"https:\/\/facebook.com\/Colegioarq\/\" \/>\n<meta property=\"article:published_time\" content=\"2025-01-28T13:29:36+00:00\" \/>\n<meta property=\"article:modified_time\" content=\"2025-03-03T17:49:20+00:00\" \/>\n<meta property=\"og:image\" content=\"https:\/\/colegioarquitectos.com\/noticias\/wp-content\/uploads\/2025\/01\/Proyecto-nuevo.png\" \/>\n\t<meta property=\"og:image:width\" content=\"1280\" \/>\n\t<meta property=\"og:image:height\" content=\"720\" \/>\n\t<meta property=\"og:image:type\" content=\"image\/png\" \/>\n<meta name=\"author\" content=\"Colegio de Arquitectos de Chile\" \/>\n<meta name=\"twitter:card\" content=\"summary_large_image\" \/>\n<meta name=\"twitter:creator\" content=\"@colegioarq\" \/>\n<meta name=\"twitter:site\" content=\"@colegioarq\" \/>\n<meta name=\"twitter:label1\" content=\"Escrito por\" \/>\n\t<meta name=\"twitter:data1\" content=\"Colegio de Arquitectos de Chile\" \/>\n\t<meta name=\"twitter:label2\" content=\"Tiempo de lectura\" \/>\n\t<meta name=\"twitter:data2\" content=\"2 minutos\" \/>\n<script type=\"application\/ld+json\" class=\"yoast-schema-graph\">{\"@context\":\"https:\/\/schema.org\",\"@graph\":[{\"@type\":\"Article\",\"@id\":\"https:\/\/colegioarquitectos.com\/noticias\/?p=33227#article\",\"isPartOf\":{\"@id\":\"https:\/\/colegioarquitectos.com\/noticias\/?p=33227\"},\"author\":{\"name\":\"Colegio de Arquitectos de Chile\",\"@id\":\"https:\/\/colegioarquitectos.com\/noticias\/#\/schema\/person\/685cc0aad148303c5608f049af8285ad\"},\"headline\":\"ArqFilmFest contin\u00faa con proyecciones en Valpara\u00edso y Coyhaique\",\"datePublished\":\"2025-01-28T13:29:36+00:00\",\"dateModified\":\"2025-03-03T17:49:20+00:00\",\"mainEntityOfPage\":{\"@id\":\"https:\/\/colegioarquitectos.com\/noticias\/?p=33227\"},\"wordCount\":389,\"publisher\":{\"@id\":\"https:\/\/colegioarquitectos.com\/noticias\/#organization\"},\"image\":{\"@id\":\"https:\/\/colegioarquitectos.com\/noticias\/?p=33227#primaryimage\"},\"thumbnailUrl\":\"https:\/\/colegioarquitectos.com\/noticias\/wp-content\/uploads\/2025\/01\/Proyecto-nuevo.png\",\"keywords\":[\"ArqFilmFest\",\"ArqFilmFest 2024\",\"Arquitectura Film Festival Santiago\",\"Hacia una Arquitectura Emocional\"],\"articleSection\":[\"Noticias\"],\"inLanguage\":\"es\"},{\"@type\":\"WebPage\",\"@id\":\"https:\/\/colegioarquitectos.com\/noticias\/?p=33227\",\"url\":\"https:\/\/colegioarquitectos.com\/noticias\/?p=33227\",\"name\":\"ArqFilmFest contin\u00faa con proyecciones en Valpara\u00edso y Coyhaique - COLEGIO DE ARQUITECTOS DE CHILE\",\"isPartOf\":{\"@id\":\"https:\/\/colegioarquitectos.com\/noticias\/#website\"},\"primaryImageOfPage\":{\"@id\":\"https:\/\/colegioarquitectos.com\/noticias\/?p=33227#primaryimage\"},\"image\":{\"@id\":\"https:\/\/colegioarquitectos.com\/noticias\/?p=33227#primaryimage\"},\"thumbnailUrl\":\"https:\/\/colegioarquitectos.com\/noticias\/wp-content\/uploads\/2025\/01\/Proyecto-nuevo.png\",\"datePublished\":\"2025-01-28T13:29:36+00:00\",\"dateModified\":\"2025-03-03T17:49:20+00:00\",\"breadcrumb\":{\"@id\":\"https:\/\/colegioarquitectos.com\/noticias\/?p=33227#breadcrumb\"},\"inLanguage\":\"es\",\"potentialAction\":[{\"@type\":\"ReadAction\",\"target\":[\"https:\/\/colegioarquitectos.com\/noticias\/?p=33227\"]}]},{\"@type\":\"ImageObject\",\"inLanguage\":\"es\",\"@id\":\"https:\/\/colegioarquitectos.com\/noticias\/?p=33227#primaryimage\",\"url\":\"https:\/\/colegioarquitectos.com\/noticias\/wp-content\/uploads\/2025\/01\/Proyecto-nuevo.png\",\"contentUrl\":\"https:\/\/colegioarquitectos.com\/noticias\/wp-content\/uploads\/2025\/01\/Proyecto-nuevo.png\",\"width\":1280,\"height\":720},{\"@type\":\"BreadcrumbList\",\"@id\":\"https:\/\/colegioarquitectos.com\/noticias\/?p=33227#breadcrumb\",\"itemListElement\":[{\"@type\":\"ListItem\",\"position\":1,\"name\":\"Portada\",\"item\":\"https:\/\/colegioarquitectos.com\/noticias\"},{\"@type\":\"ListItem\",\"position\":2,\"name\":\"ArqFilmFest contin\u00faa con proyecciones en Valpara\u00edso y Coyhaique\"}]},{\"@type\":\"WebSite\",\"@id\":\"https:\/\/colegioarquitectos.com\/noticias\/#website\",\"url\":\"https:\/\/colegioarquitectos.com\/noticias\/\",\"name\":\"COLEGIO DE ARQUITECTOS DE CHILE\",\"description\":\"\",\"publisher\":{\"@id\":\"https:\/\/colegioarquitectos.com\/noticias\/#organization\"},\"potentialAction\":[{\"@type\":\"SearchAction\",\"target\":{\"@type\":\"EntryPoint\",\"urlTemplate\":\"https:\/\/colegioarquitectos.com\/noticias\/?s={search_term_string}\"},\"query-input\":{\"@type\":\"PropertyValueSpecification\",\"valueRequired\":true,\"valueName\":\"search_term_string\"}}],\"inLanguage\":\"es\"},{\"@type\":\"Organization\",\"@id\":\"https:\/\/colegioarquitectos.com\/noticias\/#organization\",\"name\":\"COLEGIO DE ARQUITECTOS DE CHILE\",\"url\":\"https:\/\/colegioarquitectos.com\/noticias\/\",\"logo\":{\"@type\":\"ImageObject\",\"inLanguage\":\"es\",\"@id\":\"https:\/\/colegioarquitectos.com\/noticias\/#\/schema\/logo\/image\/\",\"url\":\"https:\/\/colegioarquitectos.com\/noticias\/wp-content\/uploads\/2021\/05\/ENCABEZADO-LOGO-CA.jpg\",\"contentUrl\":\"https:\/\/colegioarquitectos.com\/noticias\/wp-content\/uploads\/2021\/05\/ENCABEZADO-LOGO-CA.jpg\",\"width\":690,\"height\":350,\"caption\":\"COLEGIO DE ARQUITECTOS DE CHILE\"},\"image\":{\"@id\":\"https:\/\/colegioarquitectos.com\/noticias\/#\/schema\/logo\/image\/\"},\"sameAs\":[\"https:\/\/facebook.com\/Colegioarq\/\",\"https:\/\/x.com\/colegioarq\",\"https:\/\/instagram.com\/colegioarq\",\"https:\/\/youtube.com\/@ColegiodeArquitectosdeChile\"]},{\"@type\":\"Person\",\"@id\":\"https:\/\/colegioarquitectos.com\/noticias\/#\/schema\/person\/685cc0aad148303c5608f049af8285ad\",\"name\":\"Colegio de Arquitectos de Chile\",\"url\":\"https:\/\/colegioarquitectos.com\/noticias\/?author=4\"}]}<\/script>\n<!-- \/ Yoast SEO plugin. -->","yoast_head_json":{"title":"ArqFilmFest contin\u00faa con proyecciones en Valpara\u00edso y Coyhaique - COLEGIO DE ARQUITECTOS DE CHILE","robots":{"index":"index","follow":"follow","max-snippet":"max-snippet:-1","max-image-preview":"max-image-preview:large","max-video-preview":"max-video-preview:-1"},"canonical":"https:\/\/colegioarquitectos.com\/noticias\/?p=33227","og_locale":"es_ES","og_type":"article","og_title":"ArqFilmFest contin\u00faa con proyecciones en Valpara\u00edso y Coyhaique - COLEGIO DE ARQUITECTOS DE CHILE","og_description":"En el marco de la 6ta versi\u00f3n del Arquitectura Film Festival Santiago, y en alianza con la Red de Salas de Cine de Chile, entre enero y marzo se llevar\u00e1n a cabo exhibiciones de destacadas pel\u00edculas que fueron parte de &hellip; ver m\u00e1s","og_url":"https:\/\/colegioarquitectos.com\/noticias\/?p=33227","og_site_name":"COLEGIO DE ARQUITECTOS DE CHILE","article_publisher":"https:\/\/facebook.com\/Colegioarq\/","article_published_time":"2025-01-28T13:29:36+00:00","article_modified_time":"2025-03-03T17:49:20+00:00","og_image":[{"width":1280,"height":720,"url":"https:\/\/colegioarquitectos.com\/noticias\/wp-content\/uploads\/2025\/01\/Proyecto-nuevo.png","type":"image\/png"}],"author":"Colegio de Arquitectos de Chile","twitter_card":"summary_large_image","twitter_creator":"@colegioarq","twitter_site":"@colegioarq","twitter_misc":{"Escrito por":"Colegio de Arquitectos de Chile","Tiempo de lectura":"2 minutos"},"schema":{"@context":"https:\/\/schema.org","@graph":[{"@type":"Article","@id":"https:\/\/colegioarquitectos.com\/noticias\/?p=33227#article","isPartOf":{"@id":"https:\/\/colegioarquitectos.com\/noticias\/?p=33227"},"author":{"name":"Colegio de Arquitectos de Chile","@id":"https:\/\/colegioarquitectos.com\/noticias\/#\/schema\/person\/685cc0aad148303c5608f049af8285ad"},"headline":"ArqFilmFest contin\u00faa con proyecciones en Valpara\u00edso y Coyhaique","datePublished":"2025-01-28T13:29:36+00:00","dateModified":"2025-03-03T17:49:20+00:00","mainEntityOfPage":{"@id":"https:\/\/colegioarquitectos.com\/noticias\/?p=33227"},"wordCount":389,"publisher":{"@id":"https:\/\/colegioarquitectos.com\/noticias\/#organization"},"image":{"@id":"https:\/\/colegioarquitectos.com\/noticias\/?p=33227#primaryimage"},"thumbnailUrl":"https:\/\/colegioarquitectos.com\/noticias\/wp-content\/uploads\/2025\/01\/Proyecto-nuevo.png","keywords":["ArqFilmFest","ArqFilmFest 2024","Arquitectura Film Festival Santiago","Hacia una Arquitectura Emocional"],"articleSection":["Noticias"],"inLanguage":"es"},{"@type":"WebPage","@id":"https:\/\/colegioarquitectos.com\/noticias\/?p=33227","url":"https:\/\/colegioarquitectos.com\/noticias\/?p=33227","name":"ArqFilmFest contin\u00faa con proyecciones en Valpara\u00edso y Coyhaique - COLEGIO DE ARQUITECTOS DE CHILE","isPartOf":{"@id":"https:\/\/colegioarquitectos.com\/noticias\/#website"},"primaryImageOfPage":{"@id":"https:\/\/colegioarquitectos.com\/noticias\/?p=33227#primaryimage"},"image":{"@id":"https:\/\/colegioarquitectos.com\/noticias\/?p=33227#primaryimage"},"thumbnailUrl":"https:\/\/colegioarquitectos.com\/noticias\/wp-content\/uploads\/2025\/01\/Proyecto-nuevo.png","datePublished":"2025-01-28T13:29:36+00:00","dateModified":"2025-03-03T17:49:20+00:00","breadcrumb":{"@id":"https:\/\/colegioarquitectos.com\/noticias\/?p=33227#breadcrumb"},"inLanguage":"es","potentialAction":[{"@type":"ReadAction","target":["https:\/\/colegioarquitectos.com\/noticias\/?p=33227"]}]},{"@type":"ImageObject","inLanguage":"es","@id":"https:\/\/colegioarquitectos.com\/noticias\/?p=33227#primaryimage","url":"https:\/\/colegioarquitectos.com\/noticias\/wp-content\/uploads\/2025\/01\/Proyecto-nuevo.png","contentUrl":"https:\/\/colegioarquitectos.com\/noticias\/wp-content\/uploads\/2025\/01\/Proyecto-nuevo.png","width":1280,"height":720},{"@type":"BreadcrumbList","@id":"https:\/\/colegioarquitectos.com\/noticias\/?p=33227#breadcrumb","itemListElement":[{"@type":"ListItem","position":1,"name":"Portada","item":"https:\/\/colegioarquitectos.com\/noticias"},{"@type":"ListItem","position":2,"name":"ArqFilmFest contin\u00faa con proyecciones en Valpara\u00edso y Coyhaique"}]},{"@type":"WebSite","@id":"https:\/\/colegioarquitectos.com\/noticias\/#website","url":"https:\/\/colegioarquitectos.com\/noticias\/","name":"COLEGIO DE ARQUITECTOS DE CHILE","description":"","publisher":{"@id":"https:\/\/colegioarquitectos.com\/noticias\/#organization"},"potentialAction":[{"@type":"SearchAction","target":{"@type":"EntryPoint","urlTemplate":"https:\/\/colegioarquitectos.com\/noticias\/?s={search_term_string}"},"query-input":{"@type":"PropertyValueSpecification","valueRequired":true,"valueName":"search_term_string"}}],"inLanguage":"es"},{"@type":"Organization","@id":"https:\/\/colegioarquitectos.com\/noticias\/#organization","name":"COLEGIO DE ARQUITECTOS DE CHILE","url":"https:\/\/colegioarquitectos.com\/noticias\/","logo":{"@type":"ImageObject","inLanguage":"es","@id":"https:\/\/colegioarquitectos.com\/noticias\/#\/schema\/logo\/image\/","url":"https:\/\/colegioarquitectos.com\/noticias\/wp-content\/uploads\/2021\/05\/ENCABEZADO-LOGO-CA.jpg","contentUrl":"https:\/\/colegioarquitectos.com\/noticias\/wp-content\/uploads\/2021\/05\/ENCABEZADO-LOGO-CA.jpg","width":690,"height":350,"caption":"COLEGIO DE ARQUITECTOS DE CHILE"},"image":{"@id":"https:\/\/colegioarquitectos.com\/noticias\/#\/schema\/logo\/image\/"},"sameAs":["https:\/\/facebook.com\/Colegioarq\/","https:\/\/x.com\/colegioarq","https:\/\/instagram.com\/colegioarq","https:\/\/youtube.com\/@ColegiodeArquitectosdeChile"]},{"@type":"Person","@id":"https:\/\/colegioarquitectos.com\/noticias\/#\/schema\/person\/685cc0aad148303c5608f049af8285ad","name":"Colegio de Arquitectos de Chile","url":"https:\/\/colegioarquitectos.com\/noticias\/?author=4"}]}},"_links":{"self":[{"href":"https:\/\/colegioarquitectos.com\/noticias\/index.php?rest_route=\/wp\/v2\/posts\/33227","targetHints":{"allow":["GET"]}}],"collection":[{"href":"https:\/\/colegioarquitectos.com\/noticias\/index.php?rest_route=\/wp\/v2\/posts"}],"about":[{"href":"https:\/\/colegioarquitectos.com\/noticias\/index.php?rest_route=\/wp\/v2\/types\/post"}],"author":[{"embeddable":true,"href":"https:\/\/colegioarquitectos.com\/noticias\/index.php?rest_route=\/wp\/v2\/users\/4"}],"replies":[{"embeddable":true,"href":"https:\/\/colegioarquitectos.com\/noticias\/index.php?rest_route=%2Fwp%2Fv2%2Fcomments&post=33227"}],"version-history":[{"count":3,"href":"https:\/\/colegioarquitectos.com\/noticias\/index.php?rest_route=\/wp\/v2\/posts\/33227\/revisions"}],"predecessor-version":[{"id":33231,"href":"https:\/\/colegioarquitectos.com\/noticias\/index.php?rest_route=\/wp\/v2\/posts\/33227\/revisions\/33231"}],"wp:featuredmedia":[{"embeddable":true,"href":"https:\/\/colegioarquitectos.com\/noticias\/index.php?rest_route=\/wp\/v2\/media\/33228"}],"wp:attachment":[{"href":"https:\/\/colegioarquitectos.com\/noticias\/index.php?rest_route=%2Fwp%2Fv2%2Fmedia&parent=33227"}],"wp:term":[{"taxonomy":"category","embeddable":true,"href":"https:\/\/colegioarquitectos.com\/noticias\/index.php?rest_route=%2Fwp%2Fv2%2Fcategories&post=33227"},{"taxonomy":"post_tag","embeddable":true,"href":"https:\/\/colegioarquitectos.com\/noticias\/index.php?rest_route=%2Fwp%2Fv2%2Ftags&post=33227"}],"curies":[{"name":"wp","href":"https:\/\/api.w.org\/{rel}","templated":true}]}}