
{"id":33373,"date":"2025-03-20T10:27:29","date_gmt":"2025-03-20T14:27:29","guid":{"rendered":"https:\/\/colegioarquitectos.com\/noticias\/?p=33373"},"modified":"2025-03-20T10:27:29","modified_gmt":"2025-03-20T14:27:29","slug":"sede-nacional-del-colegio-de-arquitectos-de-chile-albergara-una-actividad-de-la-semana-de-la-vivienda","status":"publish","type":"post","link":"https:\/\/colegioarquitectos.com\/noticias\/?p=33373","title":{"rendered":"Sede Nacional del Colegio de Arquitectos de Chile albergar\u00e1 una actividad de la Semana de la Vivienda"},"content":{"rendered":"<p>La <strong>Semana de la Vivienda 2025<\/strong> se realiza entre el 24 y el 28 de marzo, coincidiendo con la <strong>Marcha Nacional por el Derecho a la Vivienda y la Ciudad<\/strong>. Esta iniciativa re\u00fane a diversas instituciones p\u00fablicas, acad\u00e9micas y organizaciones de la sociedad civil para<strong> discutir la crisis habitacional y las demandas por el derecho a una vivienda digna<\/strong>.<\/p>\n<p>Durante la semana, se realizar\u00e1n paneles de discusi\u00f3n, conferencias, talleres y actividades abiertas a la comunidad. Se busca abordar el tema desde diferentes dimensiones: econ\u00f3mica, social, pol\u00edtica, cultural, de g\u00e9nero, entre otras. <strong>La crisis de vivienda en Chile exige respuestas urgentes y soluciones integrales, lo que hace fundamental este espacio de reflexi\u00f3n y debate.<\/strong><\/p>\n<p>En esa l\u00ednea, la S<strong>ede Nacional del Colegio de Arquitectos de Chile (Avenida Libertador Bernardo O\u2019Higgins 115, Santiago)<\/strong> albergar\u00e1 el pr\u00f3ximo <strong>lunes 24 de marzo<\/strong> a las<strong> 19.00 horas<\/strong> el panel <strong>\u00abMovimientos sociales, derecho a la vivienda y la ciudad\u00bb<\/strong>.<\/p>\n<p>En la instancia, participar\u00e1n <strong>Alexis Cort\u00e9s<\/strong>, Sociolog\u00eda Universidad Alberto Hurtado; <strong>Victoria Herrera<\/strong>, Movimiento Ukamau; <strong>Ana Sugranyes<\/strong>, Habitat International Coalition-Human Rights Law Network; <strong>Doris Gonz\u00e1lez<\/strong>, Ministerio de Vivienda y Urbanismo, y <strong>Camila Coci\u00f1a<\/strong>, International Institute for Environment and Development, que moderar\u00e1 la instancia.<\/p>\n<p>&nbsp;<\/p>\n<h4>Programa completo<\/h4>\n<hr \/>\n<p>Puedes revisar todas las actividades de la Semana de la Vivienda <strong><a href=\"https:\/\/estudiosurbanos.uc.cl\/agenda\/conoce-la-agenda-de-la-semana-de-la-vivienda-que-se-celebrara-entre-el-24-y-28-de-marzo-2025\/\">ac\u00e1<\/a><\/strong>.<\/p>\n<p>&nbsp;<\/p>\n<h4>Inscripciones<\/h4>\n<hr \/>\n<p>Inscr\u00edbete para participar de las actividades <strong><a href=\"https:\/\/estudiosurbanos.uc.cl\/agenda\/conoce-la-agenda-de-la-semana-de-la-vivienda-que-se-celebrara-entre-el-24-y-28-de-marzo-2025\/\">ac\u00e1<\/a><\/strong>.<\/p>\n<p>&nbsp;<\/p>\n<p><\/p>","protected":false},"excerpt":{"rendered":"<p>La Semana de la Vivienda 2025 se realiza entre el 24 y el 28 de marzo, coincidiendo con la Marcha Nacional por el Derecho a la Vivienda y la Ciudad. Esta iniciativa re\u00fane a diversas instituciones p\u00fablicas, acad\u00e9micas y organizaciones &hellip; <a class=\"more-link\" href=\"https:\/\/colegioarquitectos.com\/noticias\/?p=33373\">ver m\u00e1s<\/a><\/p>","protected":false},"author":4,"featured_media":33374,"comment_status":"closed","ping_status":"closed","sticky":false,"template":"","format":"standard","meta":{"footnotes":""},"categories":[19],"tags":[1215,1212,1214,1213,1211],"class_list":["post-33373","post","type-post","status-publish","format-standard","has-post-thumbnail","hentry","category-actividades","tag-derecho-a-la-vivienda-y-la-ciudad","tag-marcha-nacional-por-el-derecho-a-la-vivienda-y-la-ciudad","tag-movimientos-sociales","tag-panel","tag-semana-de-la-vivienda"],"yoast_head":"<!-- This site is optimized with the Yoast SEO plugin v24.2 - https:\/\/yoast.com\/wordpress\/plugins\/seo\/ -->\n<title>Sede Nacional del Colegio de Arquitectos de Chile albergar\u00e1 una actividad de la Semana de la Vivienda - COLEGIO DE ARQUITECTOS DE CHILE<\/title>\n<meta name=\"robots\" content=\"index, follow, max-snippet:-1, max-image-preview:large, max-video-preview:-1\" \/>\n<link rel=\"canonical\" href=\"https:\/\/colegioarquitectos.com\/noticias\/?p=33373\" \/>\n<meta property=\"og:locale\" content=\"es_ES\" \/>\n<meta property=\"og:type\" content=\"article\" \/>\n<meta property=\"og:title\" content=\"Sede Nacional del Colegio de Arquitectos de Chile albergar\u00e1 una actividad de la Semana de la Vivienda - COLEGIO DE ARQUITECTOS DE CHILE\" \/>\n<meta property=\"og:description\" content=\"La Semana de la Vivienda 2025 se realiza entre el 24 y el 28 de marzo, coincidiendo con la Marcha Nacional por el Derecho a la Vivienda y la Ciudad. Esta iniciativa re\u00fane a diversas instituciones p\u00fablicas, acad\u00e9micas y organizaciones &hellip; ver m\u00e1s\" \/>\n<meta property=\"og:url\" content=\"https:\/\/colegioarquitectos.com\/noticias\/?p=33373\" \/>\n<meta property=\"og:site_name\" content=\"COLEGIO DE ARQUITECTOS DE CHILE\" \/>\n<meta property=\"article:publisher\" content=\"https:\/\/facebook.com\/Colegioarq\/\" \/>\n<meta property=\"article:published_time\" content=\"2025-03-20T14:27:29+00:00\" \/>\n<meta property=\"og:image\" content=\"https:\/\/colegioarquitectos.com\/noticias\/wp-content\/uploads\/2025\/03\/ENCAB-FINAL.png\" \/>\n\t<meta property=\"og:image:width\" content=\"1280\" \/>\n\t<meta property=\"og:image:height\" content=\"720\" \/>\n\t<meta property=\"og:image:type\" content=\"image\/png\" \/>\n<meta name=\"author\" content=\"Colegio de Arquitectos de Chile\" \/>\n<meta name=\"twitter:card\" content=\"summary_large_image\" \/>\n<meta name=\"twitter:creator\" content=\"@colegioarq\" \/>\n<meta name=\"twitter:site\" content=\"@colegioarq\" \/>\n<meta name=\"twitter:label1\" content=\"Escrito por\" \/>\n\t<meta name=\"twitter:data1\" content=\"Colegio de Arquitectos de Chile\" \/>\n\t<meta name=\"twitter:label2\" content=\"Tiempo de lectura\" \/>\n\t<meta name=\"twitter:data2\" content=\"2 minutos\" \/>\n<script type=\"application\/ld+json\" class=\"yoast-schema-graph\">{\"@context\":\"https:\/\/schema.org\",\"@graph\":[{\"@type\":\"Article\",\"@id\":\"https:\/\/colegioarquitectos.com\/noticias\/?p=33373#article\",\"isPartOf\":{\"@id\":\"https:\/\/colegioarquitectos.com\/noticias\/?p=33373\"},\"author\":{\"name\":\"Colegio de Arquitectos de Chile\",\"@id\":\"https:\/\/colegioarquitectos.com\/noticias\/#\/schema\/person\/685cc0aad148303c5608f049af8285ad\"},\"headline\":\"Sede Nacional del Colegio de Arquitectos de Chile albergar\u00e1 una actividad de la Semana de la Vivienda\",\"datePublished\":\"2025-03-20T14:27:29+00:00\",\"dateModified\":\"2025-03-20T14:27:29+00:00\",\"mainEntityOfPage\":{\"@id\":\"https:\/\/colegioarquitectos.com\/noticias\/?p=33373\"},\"wordCount\":249,\"publisher\":{\"@id\":\"https:\/\/colegioarquitectos.com\/noticias\/#organization\"},\"image\":{\"@id\":\"https:\/\/colegioarquitectos.com\/noticias\/?p=33373#primaryimage\"},\"thumbnailUrl\":\"https:\/\/colegioarquitectos.com\/noticias\/wp-content\/uploads\/2025\/03\/ENCAB-FINAL.png\",\"keywords\":[\"derecho a la vivienda y la ciudad\",\"Marcha Nacional por el Derecho a la Vivienda y la Ciudad\",\"Movimientos sociales\",\"panel\",\"Semana de la Vivienda\"],\"articleSection\":[\"Actividades\"],\"inLanguage\":\"es\"},{\"@type\":\"WebPage\",\"@id\":\"https:\/\/colegioarquitectos.com\/noticias\/?p=33373\",\"url\":\"https:\/\/colegioarquitectos.com\/noticias\/?p=33373\",\"name\":\"Sede Nacional del Colegio de Arquitectos de Chile albergar\u00e1 una actividad de la Semana de la Vivienda - COLEGIO DE ARQUITECTOS DE CHILE\",\"isPartOf\":{\"@id\":\"https:\/\/colegioarquitectos.com\/noticias\/#website\"},\"primaryImageOfPage\":{\"@id\":\"https:\/\/colegioarquitectos.com\/noticias\/?p=33373#primaryimage\"},\"image\":{\"@id\":\"https:\/\/colegioarquitectos.com\/noticias\/?p=33373#primaryimage\"},\"thumbnailUrl\":\"https:\/\/colegioarquitectos.com\/noticias\/wp-content\/uploads\/2025\/03\/ENCAB-FINAL.png\",\"datePublished\":\"2025-03-20T14:27:29+00:00\",\"dateModified\":\"2025-03-20T14:27:29+00:00\",\"breadcrumb\":{\"@id\":\"https:\/\/colegioarquitectos.com\/noticias\/?p=33373#breadcrumb\"},\"inLanguage\":\"es\",\"potentialAction\":[{\"@type\":\"ReadAction\",\"target\":[\"https:\/\/colegioarquitectos.com\/noticias\/?p=33373\"]}]},{\"@type\":\"ImageObject\",\"inLanguage\":\"es\",\"@id\":\"https:\/\/colegioarquitectos.com\/noticias\/?p=33373#primaryimage\",\"url\":\"https:\/\/colegioarquitectos.com\/noticias\/wp-content\/uploads\/2025\/03\/ENCAB-FINAL.png\",\"contentUrl\":\"https:\/\/colegioarquitectos.com\/noticias\/wp-content\/uploads\/2025\/03\/ENCAB-FINAL.png\",\"width\":1280,\"height\":720},{\"@type\":\"BreadcrumbList\",\"@id\":\"https:\/\/colegioarquitectos.com\/noticias\/?p=33373#breadcrumb\",\"itemListElement\":[{\"@type\":\"ListItem\",\"position\":1,\"name\":\"Portada\",\"item\":\"https:\/\/colegioarquitectos.com\/noticias\"},{\"@type\":\"ListItem\",\"position\":2,\"name\":\"Sede Nacional del Colegio de Arquitectos de Chile albergar\u00e1 una actividad de la Semana de la Vivienda\"}]},{\"@type\":\"WebSite\",\"@id\":\"https:\/\/colegioarquitectos.com\/noticias\/#website\",\"url\":\"https:\/\/colegioarquitectos.com\/noticias\/\",\"name\":\"COLEGIO DE ARQUITECTOS DE CHILE\",\"description\":\"\",\"publisher\":{\"@id\":\"https:\/\/colegioarquitectos.com\/noticias\/#organization\"},\"potentialAction\":[{\"@type\":\"SearchAction\",\"target\":{\"@type\":\"EntryPoint\",\"urlTemplate\":\"https:\/\/colegioarquitectos.com\/noticias\/?s={search_term_string}\"},\"query-input\":{\"@type\":\"PropertyValueSpecification\",\"valueRequired\":true,\"valueName\":\"search_term_string\"}}],\"inLanguage\":\"es\"},{\"@type\":\"Organization\",\"@id\":\"https:\/\/colegioarquitectos.com\/noticias\/#organization\",\"name\":\"COLEGIO DE ARQUITECTOS DE CHILE\",\"url\":\"https:\/\/colegioarquitectos.com\/noticias\/\",\"logo\":{\"@type\":\"ImageObject\",\"inLanguage\":\"es\",\"@id\":\"https:\/\/colegioarquitectos.com\/noticias\/#\/schema\/logo\/image\/\",\"url\":\"https:\/\/colegioarquitectos.com\/noticias\/wp-content\/uploads\/2021\/05\/ENCABEZADO-LOGO-CA.jpg\",\"contentUrl\":\"https:\/\/colegioarquitectos.com\/noticias\/wp-content\/uploads\/2021\/05\/ENCABEZADO-LOGO-CA.jpg\",\"width\":690,\"height\":350,\"caption\":\"COLEGIO DE ARQUITECTOS DE CHILE\"},\"image\":{\"@id\":\"https:\/\/colegioarquitectos.com\/noticias\/#\/schema\/logo\/image\/\"},\"sameAs\":[\"https:\/\/facebook.com\/Colegioarq\/\",\"https:\/\/x.com\/colegioarq\",\"https:\/\/instagram.com\/colegioarq\",\"https:\/\/youtube.com\/@ColegiodeArquitectosdeChile\"]},{\"@type\":\"Person\",\"@id\":\"https:\/\/colegioarquitectos.com\/noticias\/#\/schema\/person\/685cc0aad148303c5608f049af8285ad\",\"name\":\"Colegio de Arquitectos de Chile\",\"url\":\"https:\/\/colegioarquitectos.com\/noticias\/?author=4\"}]}<\/script>\n<!-- \/ Yoast SEO plugin. -->","yoast_head_json":{"title":"Sede Nacional del Colegio de Arquitectos de Chile albergar\u00e1 una actividad de la Semana de la Vivienda - COLEGIO DE ARQUITECTOS DE CHILE","robots":{"index":"index","follow":"follow","max-snippet":"max-snippet:-1","max-image-preview":"max-image-preview:large","max-video-preview":"max-video-preview:-1"},"canonical":"https:\/\/colegioarquitectos.com\/noticias\/?p=33373","og_locale":"es_ES","og_type":"article","og_title":"Sede Nacional del Colegio de Arquitectos de Chile albergar\u00e1 una actividad de la Semana de la Vivienda - COLEGIO DE ARQUITECTOS DE CHILE","og_description":"La Semana de la Vivienda 2025 se realiza entre el 24 y el 28 de marzo, coincidiendo con la Marcha Nacional por el Derecho a la Vivienda y la Ciudad. Esta iniciativa re\u00fane a diversas instituciones p\u00fablicas, acad\u00e9micas y organizaciones &hellip; ver m\u00e1s","og_url":"https:\/\/colegioarquitectos.com\/noticias\/?p=33373","og_site_name":"COLEGIO DE ARQUITECTOS DE CHILE","article_publisher":"https:\/\/facebook.com\/Colegioarq\/","article_published_time":"2025-03-20T14:27:29+00:00","og_image":[{"width":1280,"height":720,"url":"https:\/\/colegioarquitectos.com\/noticias\/wp-content\/uploads\/2025\/03\/ENCAB-FINAL.png","type":"image\/png"}],"author":"Colegio de Arquitectos de Chile","twitter_card":"summary_large_image","twitter_creator":"@colegioarq","twitter_site":"@colegioarq","twitter_misc":{"Escrito por":"Colegio de Arquitectos de Chile","Tiempo de lectura":"2 minutos"},"schema":{"@context":"https:\/\/schema.org","@graph":[{"@type":"Article","@id":"https:\/\/colegioarquitectos.com\/noticias\/?p=33373#article","isPartOf":{"@id":"https:\/\/colegioarquitectos.com\/noticias\/?p=33373"},"author":{"name":"Colegio de Arquitectos de Chile","@id":"https:\/\/colegioarquitectos.com\/noticias\/#\/schema\/person\/685cc0aad148303c5608f049af8285ad"},"headline":"Sede Nacional del Colegio de Arquitectos de Chile albergar\u00e1 una actividad de la Semana de la Vivienda","datePublished":"2025-03-20T14:27:29+00:00","dateModified":"2025-03-20T14:27:29+00:00","mainEntityOfPage":{"@id":"https:\/\/colegioarquitectos.com\/noticias\/?p=33373"},"wordCount":249,"publisher":{"@id":"https:\/\/colegioarquitectos.com\/noticias\/#organization"},"image":{"@id":"https:\/\/colegioarquitectos.com\/noticias\/?p=33373#primaryimage"},"thumbnailUrl":"https:\/\/colegioarquitectos.com\/noticias\/wp-content\/uploads\/2025\/03\/ENCAB-FINAL.png","keywords":["derecho a la vivienda y la ciudad","Marcha Nacional por el Derecho a la Vivienda y la Ciudad","Movimientos sociales","panel","Semana de la Vivienda"],"articleSection":["Actividades"],"inLanguage":"es"},{"@type":"WebPage","@id":"https:\/\/colegioarquitectos.com\/noticias\/?p=33373","url":"https:\/\/colegioarquitectos.com\/noticias\/?p=33373","name":"Sede Nacional del Colegio de Arquitectos de Chile albergar\u00e1 una actividad de la Semana de la Vivienda - COLEGIO DE ARQUITECTOS DE CHILE","isPartOf":{"@id":"https:\/\/colegioarquitectos.com\/noticias\/#website"},"primaryImageOfPage":{"@id":"https:\/\/colegioarquitectos.com\/noticias\/?p=33373#primaryimage"},"image":{"@id":"https:\/\/colegioarquitectos.com\/noticias\/?p=33373#primaryimage"},"thumbnailUrl":"https:\/\/colegioarquitectos.com\/noticias\/wp-content\/uploads\/2025\/03\/ENCAB-FINAL.png","datePublished":"2025-03-20T14:27:29+00:00","dateModified":"2025-03-20T14:27:29+00:00","breadcrumb":{"@id":"https:\/\/colegioarquitectos.com\/noticias\/?p=33373#breadcrumb"},"inLanguage":"es","potentialAction":[{"@type":"ReadAction","target":["https:\/\/colegioarquitectos.com\/noticias\/?p=33373"]}]},{"@type":"ImageObject","inLanguage":"es","@id":"https:\/\/colegioarquitectos.com\/noticias\/?p=33373#primaryimage","url":"https:\/\/colegioarquitectos.com\/noticias\/wp-content\/uploads\/2025\/03\/ENCAB-FINAL.png","contentUrl":"https:\/\/colegioarquitectos.com\/noticias\/wp-content\/uploads\/2025\/03\/ENCAB-FINAL.png","width":1280,"height":720},{"@type":"BreadcrumbList","@id":"https:\/\/colegioarquitectos.com\/noticias\/?p=33373#breadcrumb","itemListElement":[{"@type":"ListItem","position":1,"name":"Portada","item":"https:\/\/colegioarquitectos.com\/noticias"},{"@type":"ListItem","position":2,"name":"Sede Nacional del Colegio de Arquitectos de Chile albergar\u00e1 una actividad de la Semana de la Vivienda"}]},{"@type":"WebSite","@id":"https:\/\/colegioarquitectos.com\/noticias\/#website","url":"https:\/\/colegioarquitectos.com\/noticias\/","name":"COLEGIO DE ARQUITECTOS DE CHILE","description":"","publisher":{"@id":"https:\/\/colegioarquitectos.com\/noticias\/#organization"},"potentialAction":[{"@type":"SearchAction","target":{"@type":"EntryPoint","urlTemplate":"https:\/\/colegioarquitectos.com\/noticias\/?s={search_term_string}"},"query-input":{"@type":"PropertyValueSpecification","valueRequired":true,"valueName":"search_term_string"}}],"inLanguage":"es"},{"@type":"Organization","@id":"https:\/\/colegioarquitectos.com\/noticias\/#organization","name":"COLEGIO DE ARQUITECTOS DE CHILE","url":"https:\/\/colegioarquitectos.com\/noticias\/","logo":{"@type":"ImageObject","inLanguage":"es","@id":"https:\/\/colegioarquitectos.com\/noticias\/#\/schema\/logo\/image\/","url":"https:\/\/colegioarquitectos.com\/noticias\/wp-content\/uploads\/2021\/05\/ENCABEZADO-LOGO-CA.jpg","contentUrl":"https:\/\/colegioarquitectos.com\/noticias\/wp-content\/uploads\/2021\/05\/ENCABEZADO-LOGO-CA.jpg","width":690,"height":350,"caption":"COLEGIO DE ARQUITECTOS DE CHILE"},"image":{"@id":"https:\/\/colegioarquitectos.com\/noticias\/#\/schema\/logo\/image\/"},"sameAs":["https:\/\/facebook.com\/Colegioarq\/","https:\/\/x.com\/colegioarq","https:\/\/instagram.com\/colegioarq","https:\/\/youtube.com\/@ColegiodeArquitectosdeChile"]},{"@type":"Person","@id":"https:\/\/colegioarquitectos.com\/noticias\/#\/schema\/person\/685cc0aad148303c5608f049af8285ad","name":"Colegio de Arquitectos de Chile","url":"https:\/\/colegioarquitectos.com\/noticias\/?author=4"}]}},"_links":{"self":[{"href":"https:\/\/colegioarquitectos.com\/noticias\/index.php?rest_route=\/wp\/v2\/posts\/33373","targetHints":{"allow":["GET"]}}],"collection":[{"href":"https:\/\/colegioarquitectos.com\/noticias\/index.php?rest_route=\/wp\/v2\/posts"}],"about":[{"href":"https:\/\/colegioarquitectos.com\/noticias\/index.php?rest_route=\/wp\/v2\/types\/post"}],"author":[{"embeddable":true,"href":"https:\/\/colegioarquitectos.com\/noticias\/index.php?rest_route=\/wp\/v2\/users\/4"}],"replies":[{"embeddable":true,"href":"https:\/\/colegioarquitectos.com\/noticias\/index.php?rest_route=%2Fwp%2Fv2%2Fcomments&post=33373"}],"version-history":[{"count":1,"href":"https:\/\/colegioarquitectos.com\/noticias\/index.php?rest_route=\/wp\/v2\/posts\/33373\/revisions"}],"predecessor-version":[{"id":33375,"href":"https:\/\/colegioarquitectos.com\/noticias\/index.php?rest_route=\/wp\/v2\/posts\/33373\/revisions\/33375"}],"wp:featuredmedia":[{"embeddable":true,"href":"https:\/\/colegioarquitectos.com\/noticias\/index.php?rest_route=\/wp\/v2\/media\/33374"}],"wp:attachment":[{"href":"https:\/\/colegioarquitectos.com\/noticias\/index.php?rest_route=%2Fwp%2Fv2%2Fmedia&parent=33373"}],"wp:term":[{"taxonomy":"category","embeddable":true,"href":"https:\/\/colegioarquitectos.com\/noticias\/index.php?rest_route=%2Fwp%2Fv2%2Fcategories&post=33373"},{"taxonomy":"post_tag","embeddable":true,"href":"https:\/\/colegioarquitectos.com\/noticias\/index.php?rest_route=%2Fwp%2Fv2%2Ftags&post=33373"}],"curies":[{"name":"wp","href":"https:\/\/api.w.org\/{rel}","templated":true}]}}