
{"id":33399,"date":"2025-03-27T14:31:56","date_gmt":"2025-03-27T18:31:56","guid":{"rendered":"https:\/\/colegioarquitectos.com\/noticias\/?p=33399"},"modified":"2025-03-27T16:16:46","modified_gmt":"2025-03-27T20:16:46","slug":"te-esperamos-en-la-inauguracion-de-la-muestra-des-instalacion","status":"publish","type":"post","link":"https:\/\/colegioarquitectos.com\/noticias\/?p=33399","title":{"rendered":"Te esperamos en la inauguraci\u00f3n de la muestra \u00abDes.Instalaci\u00f3n\u00bb"},"content":{"rendered":"<p>Les invitamos el pr\u00f3ximo martes 1 de abril a las 19.00 horas en @barcogaleria a la inauguraci\u00f3n de la muestra \u00abDes.Instalaci\u00f3n\u00bb, que es el registro audiovisual de la instalaci\u00f3n site specific \u2015realizada por Rodrigo Sep\u00falveda e Isidora Opazo y la direcci\u00f3n audiovisual de Stephanie Orellana\u2015 durante 2024 como parte de las muestra del 10\u00b0 aniversario del Foros de las artes (VID de la Universidad de Chile).<\/p>\n<p>\u00abAtravesar en espacio en viga\u00bb utiliza materiales desechados de un antiguo hotel en el Paseo Ahumada para construir una viga que ocupa y redefine el espacio de la habitaci\u00f3n 307 de un antiguo hotel del Paseo Ahumada, ofreciendo una experiencia inmersiva al extender la viga hacia el Paseo a trav\u00e9s de una ventana, mientras que su proyecci\u00f3n y sombra se observan desde una mirilla instalada en la puerta. La obra busca transformar la percepci\u00f3n del desecho y la obsolescencia, creando una nueva narrativa perceptual y explorando la interacci\u00f3n entre el espacio, la materialidad y la iluminaci\u00f3n. La exhibici\u00f3n estar\u00e1 disponible desde el 1 de abril al 9 de noviembre.<\/p>\n<p>&nbsp;<\/p>\n<h4>Coordenadas<\/h4>\n<hr \/>\n<p><strong>Inauguraci\u00f3n: Martes 01 abril 19:00 horas<\/strong><\/p>\n<p>Direcci\u00f3n: Santa Luc\u00eda 382, DP 1C<\/p>\n<p>Muestra: Martes 1\u00a0 al\u00a0 9 de Abril , de 14:30 a 18:30. S\u00e1bados, de 11:00 a 14:00.<\/p>\n<p>&nbsp;<\/p>\n<h4>Curator\u00eda<\/h4>\n<hr \/>\n<p>Anton zu Knyphausen<\/p>\n<p>&nbsp;<\/p>\n<h4>Patrocinio<\/h4>\n<hr \/>\n<p>Barco Galer\u00eda<\/p>\n<p>Direcci\u00f3n de Investigaci\u00f3n y Creaci\u00f3n, FAU, Universidad de Chile<\/p>\n<p>&nbsp;<\/p>\n<h4>Colaboraci\u00f3n<\/h4>\n<hr \/>\n<p>Pablo Flores<\/p>\n<p>&nbsp;<\/p>\n<hr \/>\n<p><strong><a href=\"https:\/\/www.instagram.com\/proyectoahumada\/\">@proyectoahumada<\/a><\/strong><\/p>\n<p>&nbsp;<\/p>\n<p><\/p>","protected":false},"excerpt":{"rendered":"<p>Les invitamos el pr\u00f3ximo martes 1 de abril a las 19.00 horas en @barcogaleria a la inauguraci\u00f3n de la muestra \u00abDes.Instalaci\u00f3n\u00bb, que es el registro audiovisual de la instalaci\u00f3n site specific \u2015realizada por Rodrigo Sep\u00falveda e Isidora Opazo y la &hellip; <a class=\"more-link\" href=\"https:\/\/colegioarquitectos.com\/noticias\/?p=33399\">ver m\u00e1s<\/a><\/p>","protected":false},"author":4,"featured_media":33400,"comment_status":"closed","ping_status":"closed","sticky":false,"template":"","format":"standard","meta":{"footnotes":""},"categories":[19],"tags":[1217,1216,270,590],"class_list":["post-33399","post","type-post","status-publish","format-standard","has-post-thumbnail","hentry","category-actividades","tag-barco-galeria","tag-des-instalacion","tag-exposicion","tag-muestra"],"yoast_head":"<!-- This site is optimized with the Yoast SEO plugin v24.2 - https:\/\/yoast.com\/wordpress\/plugins\/seo\/ -->\n<title>Te esperamos en la inauguraci\u00f3n de la muestra \u00abDes.Instalaci\u00f3n\u00bb - COLEGIO DE ARQUITECTOS DE CHILE<\/title>\n<meta name=\"robots\" content=\"index, follow, max-snippet:-1, max-image-preview:large, max-video-preview:-1\" \/>\n<link rel=\"canonical\" href=\"https:\/\/colegioarquitectos.com\/noticias\/?p=33399\" \/>\n<meta property=\"og:locale\" content=\"es_ES\" \/>\n<meta property=\"og:type\" content=\"article\" \/>\n<meta property=\"og:title\" content=\"Te esperamos en la inauguraci\u00f3n de la muestra \u00abDes.Instalaci\u00f3n\u00bb - COLEGIO DE ARQUITECTOS DE CHILE\" \/>\n<meta property=\"og:description\" content=\"Les invitamos el pr\u00f3ximo martes 1 de abril a las 19.00 horas en @barcogaleria a la inauguraci\u00f3n de la muestra \u00abDes.Instalaci\u00f3n\u00bb, que es el registro audiovisual de la instalaci\u00f3n site specific \u2015realizada por Rodrigo Sep\u00falveda e Isidora Opazo y la &hellip; ver m\u00e1s\" \/>\n<meta property=\"og:url\" content=\"https:\/\/colegioarquitectos.com\/noticias\/?p=33399\" \/>\n<meta property=\"og:site_name\" content=\"COLEGIO DE ARQUITECTOS DE CHILE\" \/>\n<meta property=\"article:publisher\" content=\"https:\/\/facebook.com\/Colegioarq\/\" \/>\n<meta property=\"article:published_time\" content=\"2025-03-27T18:31:56+00:00\" \/>\n<meta property=\"article:modified_time\" content=\"2025-03-27T20:16:46+00:00\" \/>\n<meta property=\"og:image\" content=\"https:\/\/colegioarquitectos.com\/noticias\/wp-content\/uploads\/2025\/03\/1web.png\" \/>\n\t<meta property=\"og:image:width\" content=\"1280\" \/>\n\t<meta property=\"og:image:height\" content=\"720\" \/>\n\t<meta property=\"og:image:type\" content=\"image\/png\" \/>\n<meta name=\"author\" content=\"Colegio de Arquitectos de Chile\" \/>\n<meta name=\"twitter:card\" content=\"summary_large_image\" \/>\n<meta name=\"twitter:creator\" content=\"@colegioarq\" \/>\n<meta name=\"twitter:site\" content=\"@colegioarq\" \/>\n<meta name=\"twitter:label1\" content=\"Escrito por\" \/>\n\t<meta name=\"twitter:data1\" content=\"Colegio de Arquitectos de Chile\" \/>\n\t<meta name=\"twitter:label2\" content=\"Tiempo de lectura\" \/>\n\t<meta name=\"twitter:data2\" content=\"2 minutos\" \/>\n<script type=\"application\/ld+json\" class=\"yoast-schema-graph\">{\"@context\":\"https:\/\/schema.org\",\"@graph\":[{\"@type\":\"Article\",\"@id\":\"https:\/\/colegioarquitectos.com\/noticias\/?p=33399#article\",\"isPartOf\":{\"@id\":\"https:\/\/colegioarquitectos.com\/noticias\/?p=33399\"},\"author\":{\"name\":\"Colegio de Arquitectos de Chile\",\"@id\":\"https:\/\/colegioarquitectos.com\/noticias\/#\/schema\/person\/685cc0aad148303c5608f049af8285ad\"},\"headline\":\"Te esperamos en la inauguraci\u00f3n de la muestra \u00abDes.Instalaci\u00f3n\u00bb\",\"datePublished\":\"2025-03-27T18:31:56+00:00\",\"dateModified\":\"2025-03-27T20:16:46+00:00\",\"mainEntityOfPage\":{\"@id\":\"https:\/\/colegioarquitectos.com\/noticias\/?p=33399\"},\"wordCount\":250,\"publisher\":{\"@id\":\"https:\/\/colegioarquitectos.com\/noticias\/#organization\"},\"image\":{\"@id\":\"https:\/\/colegioarquitectos.com\/noticias\/?p=33399#primaryimage\"},\"thumbnailUrl\":\"https:\/\/colegioarquitectos.com\/noticias\/wp-content\/uploads\/2025\/03\/1web.png\",\"keywords\":[\"Barco Galer\u00eda\",\"Des.Instalaci\u00f3n\",\"exposici\u00f3n\",\"Muestra\"],\"articleSection\":[\"Actividades\"],\"inLanguage\":\"es\"},{\"@type\":\"WebPage\",\"@id\":\"https:\/\/colegioarquitectos.com\/noticias\/?p=33399\",\"url\":\"https:\/\/colegioarquitectos.com\/noticias\/?p=33399\",\"name\":\"Te esperamos en la inauguraci\u00f3n de la muestra \u00abDes.Instalaci\u00f3n\u00bb - COLEGIO DE ARQUITECTOS DE CHILE\",\"isPartOf\":{\"@id\":\"https:\/\/colegioarquitectos.com\/noticias\/#website\"},\"primaryImageOfPage\":{\"@id\":\"https:\/\/colegioarquitectos.com\/noticias\/?p=33399#primaryimage\"},\"image\":{\"@id\":\"https:\/\/colegioarquitectos.com\/noticias\/?p=33399#primaryimage\"},\"thumbnailUrl\":\"https:\/\/colegioarquitectos.com\/noticias\/wp-content\/uploads\/2025\/03\/1web.png\",\"datePublished\":\"2025-03-27T18:31:56+00:00\",\"dateModified\":\"2025-03-27T20:16:46+00:00\",\"breadcrumb\":{\"@id\":\"https:\/\/colegioarquitectos.com\/noticias\/?p=33399#breadcrumb\"},\"inLanguage\":\"es\",\"potentialAction\":[{\"@type\":\"ReadAction\",\"target\":[\"https:\/\/colegioarquitectos.com\/noticias\/?p=33399\"]}]},{\"@type\":\"ImageObject\",\"inLanguage\":\"es\",\"@id\":\"https:\/\/colegioarquitectos.com\/noticias\/?p=33399#primaryimage\",\"url\":\"https:\/\/colegioarquitectos.com\/noticias\/wp-content\/uploads\/2025\/03\/1web.png\",\"contentUrl\":\"https:\/\/colegioarquitectos.com\/noticias\/wp-content\/uploads\/2025\/03\/1web.png\",\"width\":1280,\"height\":720},{\"@type\":\"BreadcrumbList\",\"@id\":\"https:\/\/colegioarquitectos.com\/noticias\/?p=33399#breadcrumb\",\"itemListElement\":[{\"@type\":\"ListItem\",\"position\":1,\"name\":\"Portada\",\"item\":\"https:\/\/colegioarquitectos.com\/noticias\"},{\"@type\":\"ListItem\",\"position\":2,\"name\":\"Te esperamos en la inauguraci\u00f3n de la muestra \u00abDes.Instalaci\u00f3n\u00bb\"}]},{\"@type\":\"WebSite\",\"@id\":\"https:\/\/colegioarquitectos.com\/noticias\/#website\",\"url\":\"https:\/\/colegioarquitectos.com\/noticias\/\",\"name\":\"COLEGIO DE ARQUITECTOS DE CHILE\",\"description\":\"\",\"publisher\":{\"@id\":\"https:\/\/colegioarquitectos.com\/noticias\/#organization\"},\"potentialAction\":[{\"@type\":\"SearchAction\",\"target\":{\"@type\":\"EntryPoint\",\"urlTemplate\":\"https:\/\/colegioarquitectos.com\/noticias\/?s={search_term_string}\"},\"query-input\":{\"@type\":\"PropertyValueSpecification\",\"valueRequired\":true,\"valueName\":\"search_term_string\"}}],\"inLanguage\":\"es\"},{\"@type\":\"Organization\",\"@id\":\"https:\/\/colegioarquitectos.com\/noticias\/#organization\",\"name\":\"COLEGIO DE ARQUITECTOS DE CHILE\",\"url\":\"https:\/\/colegioarquitectos.com\/noticias\/\",\"logo\":{\"@type\":\"ImageObject\",\"inLanguage\":\"es\",\"@id\":\"https:\/\/colegioarquitectos.com\/noticias\/#\/schema\/logo\/image\/\",\"url\":\"https:\/\/colegioarquitectos.com\/noticias\/wp-content\/uploads\/2021\/05\/ENCABEZADO-LOGO-CA.jpg\",\"contentUrl\":\"https:\/\/colegioarquitectos.com\/noticias\/wp-content\/uploads\/2021\/05\/ENCABEZADO-LOGO-CA.jpg\",\"width\":690,\"height\":350,\"caption\":\"COLEGIO DE ARQUITECTOS DE CHILE\"},\"image\":{\"@id\":\"https:\/\/colegioarquitectos.com\/noticias\/#\/schema\/logo\/image\/\"},\"sameAs\":[\"https:\/\/facebook.com\/Colegioarq\/\",\"https:\/\/x.com\/colegioarq\",\"https:\/\/instagram.com\/colegioarq\",\"https:\/\/youtube.com\/@ColegiodeArquitectosdeChile\"]},{\"@type\":\"Person\",\"@id\":\"https:\/\/colegioarquitectos.com\/noticias\/#\/schema\/person\/685cc0aad148303c5608f049af8285ad\",\"name\":\"Colegio de Arquitectos de Chile\",\"url\":\"https:\/\/colegioarquitectos.com\/noticias\/?author=4\"}]}<\/script>\n<!-- \/ Yoast SEO plugin. -->","yoast_head_json":{"title":"Te esperamos en la inauguraci\u00f3n de la muestra \u00abDes.Instalaci\u00f3n\u00bb - COLEGIO DE ARQUITECTOS DE CHILE","robots":{"index":"index","follow":"follow","max-snippet":"max-snippet:-1","max-image-preview":"max-image-preview:large","max-video-preview":"max-video-preview:-1"},"canonical":"https:\/\/colegioarquitectos.com\/noticias\/?p=33399","og_locale":"es_ES","og_type":"article","og_title":"Te esperamos en la inauguraci\u00f3n de la muestra \u00abDes.Instalaci\u00f3n\u00bb - COLEGIO DE ARQUITECTOS DE CHILE","og_description":"Les invitamos el pr\u00f3ximo martes 1 de abril a las 19.00 horas en @barcogaleria a la inauguraci\u00f3n de la muestra \u00abDes.Instalaci\u00f3n\u00bb, que es el registro audiovisual de la instalaci\u00f3n site specific \u2015realizada por Rodrigo Sep\u00falveda e Isidora Opazo y la &hellip; ver m\u00e1s","og_url":"https:\/\/colegioarquitectos.com\/noticias\/?p=33399","og_site_name":"COLEGIO DE ARQUITECTOS DE CHILE","article_publisher":"https:\/\/facebook.com\/Colegioarq\/","article_published_time":"2025-03-27T18:31:56+00:00","article_modified_time":"2025-03-27T20:16:46+00:00","og_image":[{"width":1280,"height":720,"url":"https:\/\/colegioarquitectos.com\/noticias\/wp-content\/uploads\/2025\/03\/1web.png","type":"image\/png"}],"author":"Colegio de Arquitectos de Chile","twitter_card":"summary_large_image","twitter_creator":"@colegioarq","twitter_site":"@colegioarq","twitter_misc":{"Escrito por":"Colegio de Arquitectos de Chile","Tiempo de lectura":"2 minutos"},"schema":{"@context":"https:\/\/schema.org","@graph":[{"@type":"Article","@id":"https:\/\/colegioarquitectos.com\/noticias\/?p=33399#article","isPartOf":{"@id":"https:\/\/colegioarquitectos.com\/noticias\/?p=33399"},"author":{"name":"Colegio de Arquitectos de Chile","@id":"https:\/\/colegioarquitectos.com\/noticias\/#\/schema\/person\/685cc0aad148303c5608f049af8285ad"},"headline":"Te esperamos en la inauguraci\u00f3n de la muestra \u00abDes.Instalaci\u00f3n\u00bb","datePublished":"2025-03-27T18:31:56+00:00","dateModified":"2025-03-27T20:16:46+00:00","mainEntityOfPage":{"@id":"https:\/\/colegioarquitectos.com\/noticias\/?p=33399"},"wordCount":250,"publisher":{"@id":"https:\/\/colegioarquitectos.com\/noticias\/#organization"},"image":{"@id":"https:\/\/colegioarquitectos.com\/noticias\/?p=33399#primaryimage"},"thumbnailUrl":"https:\/\/colegioarquitectos.com\/noticias\/wp-content\/uploads\/2025\/03\/1web.png","keywords":["Barco Galer\u00eda","Des.Instalaci\u00f3n","exposici\u00f3n","Muestra"],"articleSection":["Actividades"],"inLanguage":"es"},{"@type":"WebPage","@id":"https:\/\/colegioarquitectos.com\/noticias\/?p=33399","url":"https:\/\/colegioarquitectos.com\/noticias\/?p=33399","name":"Te esperamos en la inauguraci\u00f3n de la muestra \u00abDes.Instalaci\u00f3n\u00bb - COLEGIO DE ARQUITECTOS DE CHILE","isPartOf":{"@id":"https:\/\/colegioarquitectos.com\/noticias\/#website"},"primaryImageOfPage":{"@id":"https:\/\/colegioarquitectos.com\/noticias\/?p=33399#primaryimage"},"image":{"@id":"https:\/\/colegioarquitectos.com\/noticias\/?p=33399#primaryimage"},"thumbnailUrl":"https:\/\/colegioarquitectos.com\/noticias\/wp-content\/uploads\/2025\/03\/1web.png","datePublished":"2025-03-27T18:31:56+00:00","dateModified":"2025-03-27T20:16:46+00:00","breadcrumb":{"@id":"https:\/\/colegioarquitectos.com\/noticias\/?p=33399#breadcrumb"},"inLanguage":"es","potentialAction":[{"@type":"ReadAction","target":["https:\/\/colegioarquitectos.com\/noticias\/?p=33399"]}]},{"@type":"ImageObject","inLanguage":"es","@id":"https:\/\/colegioarquitectos.com\/noticias\/?p=33399#primaryimage","url":"https:\/\/colegioarquitectos.com\/noticias\/wp-content\/uploads\/2025\/03\/1web.png","contentUrl":"https:\/\/colegioarquitectos.com\/noticias\/wp-content\/uploads\/2025\/03\/1web.png","width":1280,"height":720},{"@type":"BreadcrumbList","@id":"https:\/\/colegioarquitectos.com\/noticias\/?p=33399#breadcrumb","itemListElement":[{"@type":"ListItem","position":1,"name":"Portada","item":"https:\/\/colegioarquitectos.com\/noticias"},{"@type":"ListItem","position":2,"name":"Te esperamos en la inauguraci\u00f3n de la muestra \u00abDes.Instalaci\u00f3n\u00bb"}]},{"@type":"WebSite","@id":"https:\/\/colegioarquitectos.com\/noticias\/#website","url":"https:\/\/colegioarquitectos.com\/noticias\/","name":"COLEGIO DE ARQUITECTOS DE CHILE","description":"","publisher":{"@id":"https:\/\/colegioarquitectos.com\/noticias\/#organization"},"potentialAction":[{"@type":"SearchAction","target":{"@type":"EntryPoint","urlTemplate":"https:\/\/colegioarquitectos.com\/noticias\/?s={search_term_string}"},"query-input":{"@type":"PropertyValueSpecification","valueRequired":true,"valueName":"search_term_string"}}],"inLanguage":"es"},{"@type":"Organization","@id":"https:\/\/colegioarquitectos.com\/noticias\/#organization","name":"COLEGIO DE ARQUITECTOS DE CHILE","url":"https:\/\/colegioarquitectos.com\/noticias\/","logo":{"@type":"ImageObject","inLanguage":"es","@id":"https:\/\/colegioarquitectos.com\/noticias\/#\/schema\/logo\/image\/","url":"https:\/\/colegioarquitectos.com\/noticias\/wp-content\/uploads\/2021\/05\/ENCABEZADO-LOGO-CA.jpg","contentUrl":"https:\/\/colegioarquitectos.com\/noticias\/wp-content\/uploads\/2021\/05\/ENCABEZADO-LOGO-CA.jpg","width":690,"height":350,"caption":"COLEGIO DE ARQUITECTOS DE CHILE"},"image":{"@id":"https:\/\/colegioarquitectos.com\/noticias\/#\/schema\/logo\/image\/"},"sameAs":["https:\/\/facebook.com\/Colegioarq\/","https:\/\/x.com\/colegioarq","https:\/\/instagram.com\/colegioarq","https:\/\/youtube.com\/@ColegiodeArquitectosdeChile"]},{"@type":"Person","@id":"https:\/\/colegioarquitectos.com\/noticias\/#\/schema\/person\/685cc0aad148303c5608f049af8285ad","name":"Colegio de Arquitectos de Chile","url":"https:\/\/colegioarquitectos.com\/noticias\/?author=4"}]}},"_links":{"self":[{"href":"https:\/\/colegioarquitectos.com\/noticias\/index.php?rest_route=\/wp\/v2\/posts\/33399","targetHints":{"allow":["GET"]}}],"collection":[{"href":"https:\/\/colegioarquitectos.com\/noticias\/index.php?rest_route=\/wp\/v2\/posts"}],"about":[{"href":"https:\/\/colegioarquitectos.com\/noticias\/index.php?rest_route=\/wp\/v2\/types\/post"}],"author":[{"embeddable":true,"href":"https:\/\/colegioarquitectos.com\/noticias\/index.php?rest_route=\/wp\/v2\/users\/4"}],"replies":[{"embeddable":true,"href":"https:\/\/colegioarquitectos.com\/noticias\/index.php?rest_route=%2Fwp%2Fv2%2Fcomments&post=33399"}],"version-history":[{"count":3,"href":"https:\/\/colegioarquitectos.com\/noticias\/index.php?rest_route=\/wp\/v2\/posts\/33399\/revisions"}],"predecessor-version":[{"id":33403,"href":"https:\/\/colegioarquitectos.com\/noticias\/index.php?rest_route=\/wp\/v2\/posts\/33399\/revisions\/33403"}],"wp:featuredmedia":[{"embeddable":true,"href":"https:\/\/colegioarquitectos.com\/noticias\/index.php?rest_route=\/wp\/v2\/media\/33400"}],"wp:attachment":[{"href":"https:\/\/colegioarquitectos.com\/noticias\/index.php?rest_route=%2Fwp%2Fv2%2Fmedia&parent=33399"}],"wp:term":[{"taxonomy":"category","embeddable":true,"href":"https:\/\/colegioarquitectos.com\/noticias\/index.php?rest_route=%2Fwp%2Fv2%2Fcategories&post=33399"},{"taxonomy":"post_tag","embeddable":true,"href":"https:\/\/colegioarquitectos.com\/noticias\/index.php?rest_route=%2Fwp%2Fv2%2Ftags&post=33399"}],"curies":[{"name":"wp","href":"https:\/\/api.w.org\/{rel}","templated":true}]}}