
{"id":33450,"date":"2025-04-03T18:29:40","date_gmt":"2025-04-03T22:29:40","guid":{"rendered":"https:\/\/colegioarquitectos.com\/noticias\/?p=33450"},"modified":"2025-04-03T18:29:40","modified_gmt":"2025-04-03T22:29:40","slug":"jurado-anuncia-el-primer-lugar-del-concurso-de-arquitectura-para-el-museo-memorial-villa-san-luis","status":"publish","type":"post","link":"https:\/\/colegioarquitectos.com\/noticias\/?p=33450","title":{"rendered":"Jurado anuncia el primer lugar del concurso de arquitectura para el Museo Memorial Villa San Luis"},"content":{"rendered":"<p style=\"text-align: center;\"><strong>El proyecto presentado por Ignacio Javier Garc\u00eda Partarrieu y realizado por las oficinas de arquitectura Umwelt y Plan Com\u00fan, junto a M\u00e1s Estudio de Ingenier\u00eda y al artista Enrique Ram\u00edrez, se consolid\u00f3 como el flamante ganador. Se trata de un dise\u00f1o que resguarda las evidencias hist\u00f3ricas del edificio original y la huella del da\u00f1o producido.<\/strong><\/p>\n<hr \/>\n<p><strong>\u00a0<\/strong><\/p>\n<p>Luego de tres d\u00edas de deliberaci\u00f3n, el jurado del Concurso de Anteproyectos de Arquitectura para el Museo Memorial Villa San Luis anunci\u00f3 como ganador el proyecto presentado por Ignacio Javier Garc\u00eda Partarrieu y realizado por las oficinas de arquitectura Umwelt y Plan Com\u00fan, junto a M\u00e1s Estudio de Ingenier\u00eda y al artista Enrique Ram\u00edrez.<\/p>\n<p>Las bases del concurso fueron lanzadas en diciembre de 2024 y fueron 61 las propuestas que llegaron para participar de esta iniciativa de valor \u00fanico, que es resultado del di\u00e1logo entre el Estado, el privado y las familias desalojadas en torno a la recuperaci\u00f3n del Block 14 de la ex Villa San Luis para convertirlo en un espacio de memoria, reflexi\u00f3n y derechos humanos.<\/p>\n<p>El jurado del concurso estuvo conformado por representantes del Ministerio de las Culturas, las Artes y el Patrimonio, a trav\u00e9s de la subsecretaria del Patrimonio Cultural, Carolina P\u00e9rez Dattari; de la Fundaci\u00f3n Desalojados Villa San Luis; de los concursantes (Miguel Lawner); del Colegio de Arquitectos de Chile (CA); de la Asociaci\u00f3n de Oficinas de Arquitectos (AOA); y de la Constructora e Inmobiliaria Presidente Riesco.<\/p>\n<p>A juicio del jurado, \u00abla virtud del proyecto ganador es su sencillez y que mantiene la integridad formal y estructural del edificio\u00bb. Adem\u00e1s, \u00abla intervenci\u00f3n es un aporte desde el punto de vista de la espacialidad del proyecto, el cual se considera sensato, generando un espacio de doble altura justo en el punto derruido del edificio\u00bb. Se valora, tambi\u00e9n, \u00abel uso de la cubierta como terraza, poniendo en valor el vestigio. Adem\u00e1s, mantiene las evidencias hist\u00f3ricas del edificio original y la huella del da\u00f1o producido (tanto por el exterior como por el interior)\u00bb.<\/p>\n<p>Al t\u00e9rmino de la jura, la subsecretaria del Patrimonio Cultural, Carolina P\u00e9rez Dattari, coment\u00f3: \u00abValoramos enormemente la gran convocatoria que tuvo este concurso. Queremos hacer arquitectura de calidad y, en ese sentido, este proceso es fundamental, ya que forma parte de una reivindicaci\u00f3n hist\u00f3rica de la memoria de las pobladoras y pobladores de la Villa San Luis de Las Condes. Reconocemos el despojo que sufrieron y, al mismo tiempo, asumimos el desaf\u00edo de construir un proyecto que no solo relate esa historia, sino que tambi\u00e9n proyecte un futuro en el que nos hagamos preguntas clave para construir una sociedad m\u00e1s integrada, inclusiva y justa\u00bb.<\/p>\n<p>Por su parte, el arquitecto Yves Besan\u00e7on, director del concurso y past president de la AOA, afirm\u00f3: \u00abEstoy muy contento del resultado de este concurso que tuvo una gran convocatoria. Este va a visibilizar una situaci\u00f3n muy tremenda que sucedi\u00f3 hace 50 a\u00f1os en este lugar y en este mismo lugar es donde vamos a realizar y construir este museo memorial que permitir\u00e1, como hemos dicho muchas veces, no solamente dar a conocer esta gran injusticia sino unir al resto de la poblaci\u00f3n que no vivi\u00f3 o que no sabe lo que pas\u00f3 ah\u00ed.\u00a0 Valoro, sobre todo, el apoyo del Ministerio de la Cultura, las Artes y el Patrimonio en este concurso\u00bb.<\/p>\n<p>En tanto, el presidente nacional del Colegio de Arquitectos de Chile, Rodolfo Jim\u00e9nez, coment\u00f3: \u00abEstamos felices por el alto inter\u00e9s que gener\u00f3 este concurso de arquitectura y por la elecci\u00f3n de este proyecto ganador tan sencillo como \u00edntegro, que albergar\u00e1 la memoria de una de las iniciativas de integraci\u00f3n social y urbana m\u00e1s significativas de nuestra historia. Este Museo Memorial Villa San Luis tambi\u00e9n se construir\u00e1 como un testimonio de reparaci\u00f3n para las mil familias desalojadas y un lugar de encuentro para los pobladores de cualquier lugar de Chile, que muestre que sus leg\u00edtimas aspiraciones pueden ser resueltas con pol\u00edticas de vivienda\u00bb.<\/p>\n<p>\u00abRecibimos propuestas muy diversas, donde los participantes buscaron una conexi\u00f3n interesante y arm\u00f3nica con el desarrollo inmobiliario que lo circunda, adem\u00e1s de demostrar c\u00f3mo se imaginan un memorial que busca reflejar un doloroso pedazo de la historia de Chile en sus espacios. Este sitio ser\u00e1 fundamental para la memoria, el aprendizaje y la reflexi\u00f3n de las futuras generaciones. Hemos puesto todos nuestros esfuerzos en este trabajo en conjunto con la Fundaci\u00f3n y la Subsecretar\u00eda del Patrimonio Cultural, con el firme compromiso de materializar este museo\u00bb, destac\u00f3 el gerente general de la Constructora e Inmobiliaria Presidente Riesco, Felipe Gilabert.<\/p>\n<p>El segundo lugar fue otorgado a Daniel Alberto Lazo P\u00e9rez, mientras que el tercer lugar correspondi\u00f3 a Mar\u00eda Pilar Pinchart Saavedra. Adem\u00e1s, se otorgaron menciones honrosas a los proyectos presentados por los arquitectos Miguel Agust\u00edn Contreras Contreras, Gonzalo Escobar Meza y Carlos Patricio Pizarro Sanhueza.<\/p>\n<p>El equipo ganador recibir\u00e1 un premio de $15 millones; mientras que el segundo y tercer lugar se quedar\u00e1n con 10 y 5 millones de pesos, respectivamente.<\/p>\n<p>El memorial \u2014que ser\u00e1 financiado por la Constructora e Inmobiliaria Presidente Riesco\u2014 tendr\u00e1 una superficie de hasta 800 m2 construidos, conservar\u00e1 la altura original del edificio a\u00fan existente (10,62 metros m\u00e1ximo) y se complementar\u00e1 con paisajismo para habilitar un espacio privado de uso p\u00fablico. Toda esa zona se mantendr\u00e1 protegida como monumento hist\u00f3rico, abarcando 1.000 m2 de terreno aproximadamente en Nueva Las Condes, en la esquina de calle Urano y Avenida Presidente Riesco.<\/p>\n<p><img loading=\"lazy\" decoding=\"async\" class=\"aligncenter size-large wp-image-33452\" src=\"https:\/\/colegioarquitectos.com\/noticias\/wp-content\/uploads\/2025\/04\/IMG-20250403-WA0011-1024x620.jpeg\" alt=\"\" width=\"690\" height=\"418\" srcset=\"https:\/\/colegioarquitectos.com\/noticias\/wp-content\/uploads\/2025\/04\/IMG-20250403-WA0011-1024x620.jpeg 1024w, https:\/\/colegioarquitectos.com\/noticias\/wp-content\/uploads\/2025\/04\/IMG-20250403-WA0011-300x182.jpeg 300w, https:\/\/colegioarquitectos.com\/noticias\/wp-content\/uploads\/2025\/04\/IMG-20250403-WA0011-768x465.jpeg 768w, https:\/\/colegioarquitectos.com\/noticias\/wp-content\/uploads\/2025\/04\/IMG-20250403-WA0011-1536x929.jpeg 1536w, https:\/\/colegioarquitectos.com\/noticias\/wp-content\/uploads\/2025\/04\/IMG-20250403-WA0011.jpeg 1600w\" sizes=\"auto, (max-width: 690px) 100vw, 690px\" \/><\/p>\n<p><img loading=\"lazy\" decoding=\"async\" class=\"aligncenter size-large wp-image-33453\" src=\"https:\/\/colegioarquitectos.com\/noticias\/wp-content\/uploads\/2025\/04\/IMG-20250403-WA0014-1024x629.jpeg\" alt=\"\" width=\"690\" height=\"424\" srcset=\"https:\/\/colegioarquitectos.com\/noticias\/wp-content\/uploads\/2025\/04\/IMG-20250403-WA0014-1024x629.jpeg 1024w, https:\/\/colegioarquitectos.com\/noticias\/wp-content\/uploads\/2025\/04\/IMG-20250403-WA0014-300x184.jpeg 300w, https:\/\/colegioarquitectos.com\/noticias\/wp-content\/uploads\/2025\/04\/IMG-20250403-WA0014-768x472.jpeg 768w, https:\/\/colegioarquitectos.com\/noticias\/wp-content\/uploads\/2025\/04\/IMG-20250403-WA0014-1536x944.jpeg 1536w, https:\/\/colegioarquitectos.com\/noticias\/wp-content\/uploads\/2025\/04\/IMG-20250403-WA0014.jpeg 1600w\" sizes=\"auto, (max-width: 690px) 100vw, 690px\" \/><\/p>\n<p><img loading=\"lazy\" decoding=\"async\" class=\"aligncenter size-large wp-image-33454\" src=\"https:\/\/colegioarquitectos.com\/noticias\/wp-content\/uploads\/2025\/04\/IMG-20250403-WA0015-1024x1024.jpeg\" alt=\"\" width=\"690\" height=\"690\" srcset=\"https:\/\/colegioarquitectos.com\/noticias\/wp-content\/uploads\/2025\/04\/IMG-20250403-WA0015-1024x1024.jpeg 1024w, https:\/\/colegioarquitectos.com\/noticias\/wp-content\/uploads\/2025\/04\/IMG-20250403-WA0015-300x300.jpeg 300w, https:\/\/colegioarquitectos.com\/noticias\/wp-content\/uploads\/2025\/04\/IMG-20250403-WA0015-180x180.jpeg 180w, https:\/\/colegioarquitectos.com\/noticias\/wp-content\/uploads\/2025\/04\/IMG-20250403-WA0015-768x768.jpeg 768w, https:\/\/colegioarquitectos.com\/noticias\/wp-content\/uploads\/2025\/04\/IMG-20250403-WA0015-1536x1536.jpeg 1536w, https:\/\/colegioarquitectos.com\/noticias\/wp-content\/uploads\/2025\/04\/IMG-20250403-WA0015.jpeg 1600w\" sizes=\"auto, (max-width: 690px) 100vw, 690px\" \/><\/p>\n<p><img loading=\"lazy\" decoding=\"async\" class=\"aligncenter size-large wp-image-33457\" src=\"https:\/\/colegioarquitectos.com\/noticias\/wp-content\/uploads\/2025\/04\/IMG-20250403-WA0012-1024x1024.jpeg\" alt=\"\" width=\"690\" height=\"690\" srcset=\"https:\/\/colegioarquitectos.com\/noticias\/wp-content\/uploads\/2025\/04\/IMG-20250403-WA0012-1024x1024.jpeg 1024w, https:\/\/colegioarquitectos.com\/noticias\/wp-content\/uploads\/2025\/04\/IMG-20250403-WA0012-300x300.jpeg 300w, https:\/\/colegioarquitectos.com\/noticias\/wp-content\/uploads\/2025\/04\/IMG-20250403-WA0012-180x180.jpeg 180w, https:\/\/colegioarquitectos.com\/noticias\/wp-content\/uploads\/2025\/04\/IMG-20250403-WA0012-768x768.jpeg 768w, https:\/\/colegioarquitectos.com\/noticias\/wp-content\/uploads\/2025\/04\/IMG-20250403-WA0012-1536x1536.jpeg 1536w, https:\/\/colegioarquitectos.com\/noticias\/wp-content\/uploads\/2025\/04\/IMG-20250403-WA0012.jpeg 1600w\" sizes=\"auto, (max-width: 690px) 100vw, 690px\" \/><\/p>\n<p><img loading=\"lazy\" decoding=\"async\" class=\"aligncenter size-large wp-image-33455\" src=\"https:\/\/colegioarquitectos.com\/noticias\/wp-content\/uploads\/2025\/04\/IMG-20250403-WA0016-1024x1024.jpeg\" alt=\"\" width=\"690\" height=\"690\" srcset=\"https:\/\/colegioarquitectos.com\/noticias\/wp-content\/uploads\/2025\/04\/IMG-20250403-WA0016-1024x1024.jpeg 1024w, https:\/\/colegioarquitectos.com\/noticias\/wp-content\/uploads\/2025\/04\/IMG-20250403-WA0016-300x300.jpeg 300w, https:\/\/colegioarquitectos.com\/noticias\/wp-content\/uploads\/2025\/04\/IMG-20250403-WA0016-180x180.jpeg 180w, https:\/\/colegioarquitectos.com\/noticias\/wp-content\/uploads\/2025\/04\/IMG-20250403-WA0016-768x768.jpeg 768w, https:\/\/colegioarquitectos.com\/noticias\/wp-content\/uploads\/2025\/04\/IMG-20250403-WA0016-1536x1536.jpeg 1536w, https:\/\/colegioarquitectos.com\/noticias\/wp-content\/uploads\/2025\/04\/IMG-20250403-WA0016.jpeg 1600w\" sizes=\"auto, (max-width: 690px) 100vw, 690px\" \/><\/p>\n<p><img loading=\"lazy\" decoding=\"async\" class=\"aligncenter size-large wp-image-33456\" src=\"https:\/\/colegioarquitectos.com\/noticias\/wp-content\/uploads\/2025\/04\/IMG-20250403-WA0010-1024x1024.jpeg\" alt=\"\" width=\"690\" height=\"690\" srcset=\"https:\/\/colegioarquitectos.com\/noticias\/wp-content\/uploads\/2025\/04\/IMG-20250403-WA0010-1024x1024.jpeg 1024w, https:\/\/colegioarquitectos.com\/noticias\/wp-content\/uploads\/2025\/04\/IMG-20250403-WA0010-300x300.jpeg 300w, https:\/\/colegioarquitectos.com\/noticias\/wp-content\/uploads\/2025\/04\/IMG-20250403-WA0010-180x180.jpeg 180w, https:\/\/colegioarquitectos.com\/noticias\/wp-content\/uploads\/2025\/04\/IMG-20250403-WA0010-768x768.jpeg 768w, https:\/\/colegioarquitectos.com\/noticias\/wp-content\/uploads\/2025\/04\/IMG-20250403-WA0010-1536x1536.jpeg 1536w, https:\/\/colegioarquitectos.com\/noticias\/wp-content\/uploads\/2025\/04\/IMG-20250403-WA0010.jpeg 1600w\" sizes=\"auto, (max-width: 690px) 100vw, 690px\" \/><\/p>\n<p><img loading=\"lazy\" decoding=\"async\" class=\"aligncenter size-large wp-image-33458\" src=\"https:\/\/colegioarquitectos.com\/noticias\/wp-content\/uploads\/2025\/04\/IMG-20250403-WA0013-1024x620.jpeg\" alt=\"\" width=\"690\" height=\"418\" srcset=\"https:\/\/colegioarquitectos.com\/noticias\/wp-content\/uploads\/2025\/04\/IMG-20250403-WA0013-1024x620.jpeg 1024w, https:\/\/colegioarquitectos.com\/noticias\/wp-content\/uploads\/2025\/04\/IMG-20250403-WA0013-300x182.jpeg 300w, https:\/\/colegioarquitectos.com\/noticias\/wp-content\/uploads\/2025\/04\/IMG-20250403-WA0013-768x465.jpeg 768w, https:\/\/colegioarquitectos.com\/noticias\/wp-content\/uploads\/2025\/04\/IMG-20250403-WA0013-1536x929.jpeg 1536w, https:\/\/colegioarquitectos.com\/noticias\/wp-content\/uploads\/2025\/04\/IMG-20250403-WA0013.jpeg 1600w\" sizes=\"auto, (max-width: 690px) 100vw, 690px\" \/><\/p>\n<p>&nbsp;<\/p>\n<p><\/p>","protected":false},"excerpt":{"rendered":"<p>El proyecto presentado por Ignacio Javier Garc\u00eda Partarrieu y realizado por las oficinas de arquitectura Umwelt y Plan Com\u00fan, junto a M\u00e1s Estudio de Ingenier\u00eda y al artista Enrique Ram\u00edrez, se consolid\u00f3 como el flamante ganador. Se trata de un &hellip; <a class=\"more-link\" href=\"https:\/\/colegioarquitectos.com\/noticias\/?p=33450\">ver m\u00e1s<\/a><\/p>","protected":false},"author":4,"featured_media":33451,"comment_status":"closed","ping_status":"closed","sticky":false,"template":"","format":"standard","meta":{"footnotes":""},"categories":[8,11],"tags":[326,1200,1111,1231,1110,1199],"class_list":["post-33450","post","type-post","status-publish","format-standard","has-post-thumbnail","hentry","category-colegio-de-arquitectos","category-concursos","tag-concurso-de-arquitectura","tag-museo-memorial-de-la-ex-villa-san-luis-de-las-condes","tag-museo-memorial-de-villa-san-luis","tag-museo-memorial-villa-san-luis","tag-villa-san-luis","tag-villa-san-luis-de-las-condes"],"yoast_head":"<!-- This site is optimized with the Yoast SEO plugin v24.2 - https:\/\/yoast.com\/wordpress\/plugins\/seo\/ -->\n<title>Jurado anuncia el primer lugar del concurso de arquitectura para el Museo Memorial Villa San Luis - COLEGIO DE ARQUITECTOS DE CHILE<\/title>\n<meta name=\"robots\" content=\"index, follow, max-snippet:-1, max-image-preview:large, max-video-preview:-1\" \/>\n<link rel=\"canonical\" href=\"https:\/\/colegioarquitectos.com\/noticias\/?p=33450\" \/>\n<meta property=\"og:locale\" content=\"es_ES\" \/>\n<meta property=\"og:type\" content=\"article\" \/>\n<meta property=\"og:title\" content=\"Jurado anuncia el primer lugar del concurso de arquitectura para el Museo Memorial Villa San Luis - COLEGIO DE ARQUITECTOS DE CHILE\" \/>\n<meta property=\"og:description\" content=\"El proyecto presentado por Ignacio Javier Garc\u00eda Partarrieu y realizado por las oficinas de arquitectura Umwelt y Plan Com\u00fan, junto a M\u00e1s Estudio de Ingenier\u00eda y al artista Enrique Ram\u00edrez, se consolid\u00f3 como el flamante ganador. Se trata de un &hellip; ver m\u00e1s\" \/>\n<meta property=\"og:url\" content=\"https:\/\/colegioarquitectos.com\/noticias\/?p=33450\" \/>\n<meta property=\"og:site_name\" content=\"COLEGIO DE ARQUITECTOS DE CHILE\" \/>\n<meta property=\"article:publisher\" content=\"https:\/\/facebook.com\/Colegioarq\/\" \/>\n<meta property=\"article:published_time\" content=\"2025-04-03T22:29:40+00:00\" \/>\n<meta property=\"og:image\" content=\"https:\/\/colegioarquitectos.com\/noticias\/wp-content\/uploads\/2025\/04\/ENCABEZADO-2.png\" \/>\n\t<meta property=\"og:image:width\" content=\"1280\" \/>\n\t<meta property=\"og:image:height\" content=\"720\" \/>\n\t<meta property=\"og:image:type\" content=\"image\/png\" \/>\n<meta name=\"author\" content=\"Colegio de Arquitectos de Chile\" \/>\n<meta name=\"twitter:card\" content=\"summary_large_image\" \/>\n<meta name=\"twitter:creator\" content=\"@colegioarq\" \/>\n<meta name=\"twitter:site\" content=\"@colegioarq\" \/>\n<meta name=\"twitter:label1\" content=\"Escrito por\" \/>\n\t<meta name=\"twitter:data1\" content=\"Colegio de Arquitectos de Chile\" \/>\n\t<meta name=\"twitter:label2\" content=\"Tiempo de lectura\" \/>\n\t<meta name=\"twitter:data2\" content=\"6 minutos\" \/>\n<script type=\"application\/ld+json\" class=\"yoast-schema-graph\">{\"@context\":\"https:\/\/schema.org\",\"@graph\":[{\"@type\":\"Article\",\"@id\":\"https:\/\/colegioarquitectos.com\/noticias\/?p=33450#article\",\"isPartOf\":{\"@id\":\"https:\/\/colegioarquitectos.com\/noticias\/?p=33450\"},\"author\":{\"name\":\"Colegio de Arquitectos de Chile\",\"@id\":\"https:\/\/colegioarquitectos.com\/noticias\/#\/schema\/person\/685cc0aad148303c5608f049af8285ad\"},\"headline\":\"Jurado anuncia el primer lugar del concurso de arquitectura para el Museo Memorial Villa San Luis\",\"datePublished\":\"2025-04-03T22:29:40+00:00\",\"dateModified\":\"2025-04-03T22:29:40+00:00\",\"mainEntityOfPage\":{\"@id\":\"https:\/\/colegioarquitectos.com\/noticias\/?p=33450\"},\"wordCount\":961,\"publisher\":{\"@id\":\"https:\/\/colegioarquitectos.com\/noticias\/#organization\"},\"image\":{\"@id\":\"https:\/\/colegioarquitectos.com\/noticias\/?p=33450#primaryimage\"},\"thumbnailUrl\":\"https:\/\/colegioarquitectos.com\/noticias\/wp-content\/uploads\/2025\/04\/ENCABEZADO-2.png\",\"keywords\":[\"Concurso de arquitectura\",\"Museo Memorial de la ex Villa San Luis de Las Condes\",\"Museo Memorial de Villa San Luis\",\"Museo Memorial Villa San Luis\",\"Villa San Luis\",\"villa san luis de las condes\"],\"articleSection\":[\"Colegio\",\"Concursos\"],\"inLanguage\":\"es\"},{\"@type\":\"WebPage\",\"@id\":\"https:\/\/colegioarquitectos.com\/noticias\/?p=33450\",\"url\":\"https:\/\/colegioarquitectos.com\/noticias\/?p=33450\",\"name\":\"Jurado anuncia el primer lugar del concurso de arquitectura para el Museo Memorial Villa San Luis - COLEGIO DE ARQUITECTOS DE CHILE\",\"isPartOf\":{\"@id\":\"https:\/\/colegioarquitectos.com\/noticias\/#website\"},\"primaryImageOfPage\":{\"@id\":\"https:\/\/colegioarquitectos.com\/noticias\/?p=33450#primaryimage\"},\"image\":{\"@id\":\"https:\/\/colegioarquitectos.com\/noticias\/?p=33450#primaryimage\"},\"thumbnailUrl\":\"https:\/\/colegioarquitectos.com\/noticias\/wp-content\/uploads\/2025\/04\/ENCABEZADO-2.png\",\"datePublished\":\"2025-04-03T22:29:40+00:00\",\"dateModified\":\"2025-04-03T22:29:40+00:00\",\"breadcrumb\":{\"@id\":\"https:\/\/colegioarquitectos.com\/noticias\/?p=33450#breadcrumb\"},\"inLanguage\":\"es\",\"potentialAction\":[{\"@type\":\"ReadAction\",\"target\":[\"https:\/\/colegioarquitectos.com\/noticias\/?p=33450\"]}]},{\"@type\":\"ImageObject\",\"inLanguage\":\"es\",\"@id\":\"https:\/\/colegioarquitectos.com\/noticias\/?p=33450#primaryimage\",\"url\":\"https:\/\/colegioarquitectos.com\/noticias\/wp-content\/uploads\/2025\/04\/ENCABEZADO-2.png\",\"contentUrl\":\"https:\/\/colegioarquitectos.com\/noticias\/wp-content\/uploads\/2025\/04\/ENCABEZADO-2.png\",\"width\":1280,\"height\":720},{\"@type\":\"BreadcrumbList\",\"@id\":\"https:\/\/colegioarquitectos.com\/noticias\/?p=33450#breadcrumb\",\"itemListElement\":[{\"@type\":\"ListItem\",\"position\":1,\"name\":\"Portada\",\"item\":\"https:\/\/colegioarquitectos.com\/noticias\"},{\"@type\":\"ListItem\",\"position\":2,\"name\":\"Jurado anuncia el primer lugar del concurso de arquitectura para el Museo Memorial Villa San Luis\"}]},{\"@type\":\"WebSite\",\"@id\":\"https:\/\/colegioarquitectos.com\/noticias\/#website\",\"url\":\"https:\/\/colegioarquitectos.com\/noticias\/\",\"name\":\"COLEGIO DE ARQUITECTOS DE CHILE\",\"description\":\"\",\"publisher\":{\"@id\":\"https:\/\/colegioarquitectos.com\/noticias\/#organization\"},\"potentialAction\":[{\"@type\":\"SearchAction\",\"target\":{\"@type\":\"EntryPoint\",\"urlTemplate\":\"https:\/\/colegioarquitectos.com\/noticias\/?s={search_term_string}\"},\"query-input\":{\"@type\":\"PropertyValueSpecification\",\"valueRequired\":true,\"valueName\":\"search_term_string\"}}],\"inLanguage\":\"es\"},{\"@type\":\"Organization\",\"@id\":\"https:\/\/colegioarquitectos.com\/noticias\/#organization\",\"name\":\"COLEGIO DE ARQUITECTOS DE CHILE\",\"url\":\"https:\/\/colegioarquitectos.com\/noticias\/\",\"logo\":{\"@type\":\"ImageObject\",\"inLanguage\":\"es\",\"@id\":\"https:\/\/colegioarquitectos.com\/noticias\/#\/schema\/logo\/image\/\",\"url\":\"https:\/\/colegioarquitectos.com\/noticias\/wp-content\/uploads\/2021\/05\/ENCABEZADO-LOGO-CA.jpg\",\"contentUrl\":\"https:\/\/colegioarquitectos.com\/noticias\/wp-content\/uploads\/2021\/05\/ENCABEZADO-LOGO-CA.jpg\",\"width\":690,\"height\":350,\"caption\":\"COLEGIO DE ARQUITECTOS DE CHILE\"},\"image\":{\"@id\":\"https:\/\/colegioarquitectos.com\/noticias\/#\/schema\/logo\/image\/\"},\"sameAs\":[\"https:\/\/facebook.com\/Colegioarq\/\",\"https:\/\/x.com\/colegioarq\",\"https:\/\/instagram.com\/colegioarq\",\"https:\/\/youtube.com\/@ColegiodeArquitectosdeChile\"]},{\"@type\":\"Person\",\"@id\":\"https:\/\/colegioarquitectos.com\/noticias\/#\/schema\/person\/685cc0aad148303c5608f049af8285ad\",\"name\":\"Colegio de Arquitectos de Chile\",\"url\":\"https:\/\/colegioarquitectos.com\/noticias\/?author=4\"}]}<\/script>\n<!-- \/ Yoast SEO plugin. -->","yoast_head_json":{"title":"Jurado anuncia el primer lugar del concurso de arquitectura para el Museo Memorial Villa San Luis - COLEGIO DE ARQUITECTOS DE CHILE","robots":{"index":"index","follow":"follow","max-snippet":"max-snippet:-1","max-image-preview":"max-image-preview:large","max-video-preview":"max-video-preview:-1"},"canonical":"https:\/\/colegioarquitectos.com\/noticias\/?p=33450","og_locale":"es_ES","og_type":"article","og_title":"Jurado anuncia el primer lugar del concurso de arquitectura para el Museo Memorial Villa San Luis - COLEGIO DE ARQUITECTOS DE CHILE","og_description":"El proyecto presentado por Ignacio Javier Garc\u00eda Partarrieu y realizado por las oficinas de arquitectura Umwelt y Plan Com\u00fan, junto a M\u00e1s Estudio de Ingenier\u00eda y al artista Enrique Ram\u00edrez, se consolid\u00f3 como el flamante ganador. Se trata de un &hellip; ver m\u00e1s","og_url":"https:\/\/colegioarquitectos.com\/noticias\/?p=33450","og_site_name":"COLEGIO DE ARQUITECTOS DE CHILE","article_publisher":"https:\/\/facebook.com\/Colegioarq\/","article_published_time":"2025-04-03T22:29:40+00:00","og_image":[{"width":1280,"height":720,"url":"https:\/\/colegioarquitectos.com\/noticias\/wp-content\/uploads\/2025\/04\/ENCABEZADO-2.png","type":"image\/png"}],"author":"Colegio de Arquitectos de Chile","twitter_card":"summary_large_image","twitter_creator":"@colegioarq","twitter_site":"@colegioarq","twitter_misc":{"Escrito por":"Colegio de Arquitectos de Chile","Tiempo de lectura":"6 minutos"},"schema":{"@context":"https:\/\/schema.org","@graph":[{"@type":"Article","@id":"https:\/\/colegioarquitectos.com\/noticias\/?p=33450#article","isPartOf":{"@id":"https:\/\/colegioarquitectos.com\/noticias\/?p=33450"},"author":{"name":"Colegio de Arquitectos de Chile","@id":"https:\/\/colegioarquitectos.com\/noticias\/#\/schema\/person\/685cc0aad148303c5608f049af8285ad"},"headline":"Jurado anuncia el primer lugar del concurso de arquitectura para el Museo Memorial Villa San Luis","datePublished":"2025-04-03T22:29:40+00:00","dateModified":"2025-04-03T22:29:40+00:00","mainEntityOfPage":{"@id":"https:\/\/colegioarquitectos.com\/noticias\/?p=33450"},"wordCount":961,"publisher":{"@id":"https:\/\/colegioarquitectos.com\/noticias\/#organization"},"image":{"@id":"https:\/\/colegioarquitectos.com\/noticias\/?p=33450#primaryimage"},"thumbnailUrl":"https:\/\/colegioarquitectos.com\/noticias\/wp-content\/uploads\/2025\/04\/ENCABEZADO-2.png","keywords":["Concurso de arquitectura","Museo Memorial de la ex Villa San Luis de Las Condes","Museo Memorial de Villa San Luis","Museo Memorial Villa San Luis","Villa San Luis","villa san luis de las condes"],"articleSection":["Colegio","Concursos"],"inLanguage":"es"},{"@type":"WebPage","@id":"https:\/\/colegioarquitectos.com\/noticias\/?p=33450","url":"https:\/\/colegioarquitectos.com\/noticias\/?p=33450","name":"Jurado anuncia el primer lugar del concurso de arquitectura para el Museo Memorial Villa San Luis - COLEGIO DE ARQUITECTOS DE CHILE","isPartOf":{"@id":"https:\/\/colegioarquitectos.com\/noticias\/#website"},"primaryImageOfPage":{"@id":"https:\/\/colegioarquitectos.com\/noticias\/?p=33450#primaryimage"},"image":{"@id":"https:\/\/colegioarquitectos.com\/noticias\/?p=33450#primaryimage"},"thumbnailUrl":"https:\/\/colegioarquitectos.com\/noticias\/wp-content\/uploads\/2025\/04\/ENCABEZADO-2.png","datePublished":"2025-04-03T22:29:40+00:00","dateModified":"2025-04-03T22:29:40+00:00","breadcrumb":{"@id":"https:\/\/colegioarquitectos.com\/noticias\/?p=33450#breadcrumb"},"inLanguage":"es","potentialAction":[{"@type":"ReadAction","target":["https:\/\/colegioarquitectos.com\/noticias\/?p=33450"]}]},{"@type":"ImageObject","inLanguage":"es","@id":"https:\/\/colegioarquitectos.com\/noticias\/?p=33450#primaryimage","url":"https:\/\/colegioarquitectos.com\/noticias\/wp-content\/uploads\/2025\/04\/ENCABEZADO-2.png","contentUrl":"https:\/\/colegioarquitectos.com\/noticias\/wp-content\/uploads\/2025\/04\/ENCABEZADO-2.png","width":1280,"height":720},{"@type":"BreadcrumbList","@id":"https:\/\/colegioarquitectos.com\/noticias\/?p=33450#breadcrumb","itemListElement":[{"@type":"ListItem","position":1,"name":"Portada","item":"https:\/\/colegioarquitectos.com\/noticias"},{"@type":"ListItem","position":2,"name":"Jurado anuncia el primer lugar del concurso de arquitectura para el Museo Memorial Villa San Luis"}]},{"@type":"WebSite","@id":"https:\/\/colegioarquitectos.com\/noticias\/#website","url":"https:\/\/colegioarquitectos.com\/noticias\/","name":"COLEGIO DE ARQUITECTOS DE CHILE","description":"","publisher":{"@id":"https:\/\/colegioarquitectos.com\/noticias\/#organization"},"potentialAction":[{"@type":"SearchAction","target":{"@type":"EntryPoint","urlTemplate":"https:\/\/colegioarquitectos.com\/noticias\/?s={search_term_string}"},"query-input":{"@type":"PropertyValueSpecification","valueRequired":true,"valueName":"search_term_string"}}],"inLanguage":"es"},{"@type":"Organization","@id":"https:\/\/colegioarquitectos.com\/noticias\/#organization","name":"COLEGIO DE ARQUITECTOS DE CHILE","url":"https:\/\/colegioarquitectos.com\/noticias\/","logo":{"@type":"ImageObject","inLanguage":"es","@id":"https:\/\/colegioarquitectos.com\/noticias\/#\/schema\/logo\/image\/","url":"https:\/\/colegioarquitectos.com\/noticias\/wp-content\/uploads\/2021\/05\/ENCABEZADO-LOGO-CA.jpg","contentUrl":"https:\/\/colegioarquitectos.com\/noticias\/wp-content\/uploads\/2021\/05\/ENCABEZADO-LOGO-CA.jpg","width":690,"height":350,"caption":"COLEGIO DE ARQUITECTOS DE CHILE"},"image":{"@id":"https:\/\/colegioarquitectos.com\/noticias\/#\/schema\/logo\/image\/"},"sameAs":["https:\/\/facebook.com\/Colegioarq\/","https:\/\/x.com\/colegioarq","https:\/\/instagram.com\/colegioarq","https:\/\/youtube.com\/@ColegiodeArquitectosdeChile"]},{"@type":"Person","@id":"https:\/\/colegioarquitectos.com\/noticias\/#\/schema\/person\/685cc0aad148303c5608f049af8285ad","name":"Colegio de Arquitectos de Chile","url":"https:\/\/colegioarquitectos.com\/noticias\/?author=4"}]}},"_links":{"self":[{"href":"https:\/\/colegioarquitectos.com\/noticias\/index.php?rest_route=\/wp\/v2\/posts\/33450","targetHints":{"allow":["GET"]}}],"collection":[{"href":"https:\/\/colegioarquitectos.com\/noticias\/index.php?rest_route=\/wp\/v2\/posts"}],"about":[{"href":"https:\/\/colegioarquitectos.com\/noticias\/index.php?rest_route=\/wp\/v2\/types\/post"}],"author":[{"embeddable":true,"href":"https:\/\/colegioarquitectos.com\/noticias\/index.php?rest_route=\/wp\/v2\/users\/4"}],"replies":[{"embeddable":true,"href":"https:\/\/colegioarquitectos.com\/noticias\/index.php?rest_route=%2Fwp%2Fv2%2Fcomments&post=33450"}],"version-history":[{"count":1,"href":"https:\/\/colegioarquitectos.com\/noticias\/index.php?rest_route=\/wp\/v2\/posts\/33450\/revisions"}],"predecessor-version":[{"id":33459,"href":"https:\/\/colegioarquitectos.com\/noticias\/index.php?rest_route=\/wp\/v2\/posts\/33450\/revisions\/33459"}],"wp:featuredmedia":[{"embeddable":true,"href":"https:\/\/colegioarquitectos.com\/noticias\/index.php?rest_route=\/wp\/v2\/media\/33451"}],"wp:attachment":[{"href":"https:\/\/colegioarquitectos.com\/noticias\/index.php?rest_route=%2Fwp%2Fv2%2Fmedia&parent=33450"}],"wp:term":[{"taxonomy":"category","embeddable":true,"href":"https:\/\/colegioarquitectos.com\/noticias\/index.php?rest_route=%2Fwp%2Fv2%2Fcategories&post=33450"},{"taxonomy":"post_tag","embeddable":true,"href":"https:\/\/colegioarquitectos.com\/noticias\/index.php?rest_route=%2Fwp%2Fv2%2Ftags&post=33450"}],"curies":[{"name":"wp","href":"https:\/\/api.w.org\/{rel}","templated":true}]}}