
{"id":33632,"date":"2025-05-06T11:37:00","date_gmt":"2025-05-06T15:37:00","guid":{"rendered":"https:\/\/colegioarquitectos.com\/noticias\/?p=33632"},"modified":"2025-05-06T11:37:00","modified_gmt":"2025-05-06T15:37:00","slug":"mesa-multigremial-por-la-eficiencia-y-transparencia-en-la-gestion-de-proyectos-y-obras-se-reune-con-la-contralora-general-de-la-republica-dorothy-perez","status":"publish","type":"post","link":"https:\/\/colegioarquitectos.com\/noticias\/?p=33632","title":{"rendered":"Mesa Multigremial por la Eficiencia y Transparencia en la Gesti\u00f3n de Proyectos y Obras se re\u00fane con la Contralora General de la Rep\u00fablica, Dorothy P\u00e9rez"},"content":{"rendered":"<p>El 6 de mayo de 2025, la <strong>Mesa Multigremial por la Eficiencia y Transparencia en la Gesti\u00f3n de Proyectos y Obras<\/strong> \u2014integrada por el <strong>Colegio de Arquitectos de Chile<\/strong>, quien fue representado por su presidente nacional, <strong>Rodolfo Jim\u00e9nez<\/strong>\u2014 sostuvo una reuni\u00f3n con la <strong>Contralora General de la Rep\u00fablica, Dorothy P\u00e9rez<\/strong>.<\/p>\n<p>En el encuentro, la Mesa Multigremial solicit\u00f3 que las interpretaciones o instrucciones emitidas por la Contralor\u00eda General de la Rep\u00fablica no se apliquen retroactivamente, especialmente cuando afectan decisiones previamente adoptadas por organismos como el MINVU, las Seremis o las DOM, para as\u00ed resguardar la certeza jur\u00eddica y los derechos adquiridos.<\/p>\n<p>Por otra parte, se plante\u00f3 la necesidad de que se refuercen los tiempos de respuesta tanto de la Contralor\u00eda como de otras entidades p\u00fablicas, para garantizar mayor eficiencia, certeza y continuidad en la tramitaci\u00f3n de proyectos.<\/p>\n<p>La Mesa Multigremial tambi\u00e9n propuso a la Contralora General que los gremios que la integran, sean considerados para participar en el Consejo de la Sociedad Civil (COSOC) de la Contralor\u00eda, a fin de aportar su experiencia t\u00e9cnica y visi\u00f3n sectorial.<\/p>\n<p>Finalmente,<strong> se le reiter\u00f3 el compromiso de nuestros gremios con el fortalecimiento institucional y el respeto irrestricto a la legalidad, y la confianza en que las propuestas podr\u00e1n ser acogidas en un esp\u00edritu constructivo y colaborativo.<\/strong><\/p>\n<p>La <strong>Mesa Multigremial por la Eficiencia y Transparencia en la Gesti\u00f3n de Proyectos y Obras<\/strong>, es integrada por la <strong>Asociaci\u00f3n de Desarrolladores Inmobiliarios (ADI), la Asociaci\u00f3n de Directores de Obras Municipales (ADOM), la Asociaci\u00f3n Nacional de Revisores Independientes (ANRI), la Asociaci\u00f3n de Oficinas de Arquitectos de Chile (AOA), el Colegio de Arquitectos de Chile (CA), la C\u00e1mara Chilena de la Construcci\u00f3n (CChC)\u00a0 y la Asociaci\u00f3n de Desarrolladores de Viviendas Sociales (ADVS)<\/strong>.<\/p>\n<p>&nbsp;<\/p>\n<p><\/p>","protected":false},"excerpt":{"rendered":"<p>El 6 de mayo de 2025, la Mesa Multigremial por la Eficiencia y Transparencia en la Gesti\u00f3n de Proyectos y Obras \u2014integrada por el Colegio de Arquitectos de Chile, quien fue representado por su presidente nacional, Rodolfo Jim\u00e9nez\u2014 sostuvo una &hellip; <a class=\"more-link\" href=\"https:\/\/colegioarquitectos.com\/noticias\/?p=33632\">ver m\u00e1s<\/a><\/p>","protected":false},"author":4,"featured_media":33633,"comment_status":"closed","ping_status":"closed","sticky":false,"template":"","format":"standard","meta":{"footnotes":""},"categories":[8],"tags":[1269,1268,1270,661,1267,1266,455,1127],"class_list":["post-33632","post","type-post","status-publish","format-standard","has-post-thumbnail","hentry","category-colegio-de-arquitectos","tag-contralora-general-de-la-republica","tag-contraloria-general-de-la-republica","tag-dorothy-perez","tag-mesa-multigremial","tag-mesa-multigremial-por-la-eficiencia-y-transparencia-en-la-gestion-de-proyectos-y-obras","tag-multigremial","tag-reunion","tag-rodolfo-jimenez"],"yoast_head":"<!-- This site is optimized with the Yoast SEO plugin v24.2 - https:\/\/yoast.com\/wordpress\/plugins\/seo\/ -->\n<title>Mesa Multigremial por la Eficiencia y Transparencia en la Gesti\u00f3n de Proyectos y Obras se re\u00fane con la Contralora General de la Rep\u00fablica, Dorothy P\u00e9rez - COLEGIO DE ARQUITECTOS DE CHILE<\/title>\n<meta name=\"description\" content=\"El 6 de mayo de 2025, la Mesa Multigremial por la Eficiencia y Transparencia en la Gesti\u00f3n de Proyectos y Obras \u2014integrada por el Colegio de Arquitectos de Chile, quien fue representado por su presidente nacional, Rodolfo Jim\u00e9nez\u2014 sostuvo una reuni\u00f3n con la Contralora General de la Rep\u00fablica, Dorothy P\u00e9rez.\" \/>\n<meta name=\"robots\" content=\"index, follow, max-snippet:-1, max-image-preview:large, max-video-preview:-1\" \/>\n<link rel=\"canonical\" href=\"https:\/\/colegioarquitectos.com\/noticias\/?p=33632\" \/>\n<meta property=\"og:locale\" content=\"es_ES\" \/>\n<meta property=\"og:type\" content=\"article\" \/>\n<meta property=\"og:title\" content=\"Mesa Multigremial por la Eficiencia y Transparencia en la Gesti\u00f3n de Proyectos y Obras se re\u00fane con la Contralora General de la Rep\u00fablica, Dorothy P\u00e9rez - COLEGIO DE ARQUITECTOS DE CHILE\" \/>\n<meta property=\"og:description\" content=\"El 6 de mayo de 2025, la Mesa Multigremial por la Eficiencia y Transparencia en la Gesti\u00f3n de Proyectos y Obras \u2014integrada por el Colegio de Arquitectos de Chile, quien fue representado por su presidente nacional, Rodolfo Jim\u00e9nez\u2014 sostuvo una reuni\u00f3n con la Contralora General de la Rep\u00fablica, Dorothy P\u00e9rez.\" \/>\n<meta property=\"og:url\" content=\"https:\/\/colegioarquitectos.com\/noticias\/?p=33632\" \/>\n<meta property=\"og:site_name\" content=\"COLEGIO DE ARQUITECTOS DE CHILE\" \/>\n<meta property=\"article:publisher\" content=\"https:\/\/facebook.com\/Colegioarq\/\" \/>\n<meta property=\"article:published_time\" content=\"2025-05-06T15:37:00+00:00\" \/>\n<meta property=\"og:image\" content=\"https:\/\/colegioarquitectos.com\/noticias\/wp-content\/uploads\/2025\/05\/Proyecto-nuevo-1.png\" \/>\n\t<meta property=\"og:image:width\" content=\"1280\" \/>\n\t<meta property=\"og:image:height\" content=\"720\" \/>\n\t<meta property=\"og:image:type\" content=\"image\/png\" \/>\n<meta name=\"author\" content=\"Colegio de Arquitectos de Chile\" \/>\n<meta name=\"twitter:card\" content=\"summary_large_image\" \/>\n<meta name=\"twitter:creator\" content=\"@colegioarq\" \/>\n<meta name=\"twitter:site\" content=\"@colegioarq\" \/>\n<meta name=\"twitter:label1\" content=\"Escrito por\" \/>\n\t<meta name=\"twitter:data1\" content=\"Colegio de Arquitectos de Chile\" \/>\n\t<meta name=\"twitter:label2\" content=\"Tiempo de lectura\" \/>\n\t<meta name=\"twitter:data2\" content=\"2 minutos\" \/>\n<script type=\"application\/ld+json\" class=\"yoast-schema-graph\">{\"@context\":\"https:\/\/schema.org\",\"@graph\":[{\"@type\":\"Article\",\"@id\":\"https:\/\/colegioarquitectos.com\/noticias\/?p=33632#article\",\"isPartOf\":{\"@id\":\"https:\/\/colegioarquitectos.com\/noticias\/?p=33632\"},\"author\":{\"name\":\"Colegio de Arquitectos de Chile\",\"@id\":\"https:\/\/colegioarquitectos.com\/noticias\/#\/schema\/person\/685cc0aad148303c5608f049af8285ad\"},\"headline\":\"Mesa Multigremial por la Eficiencia y Transparencia en la Gesti\u00f3n de Proyectos y Obras se re\u00fane con la Contralora General de la Rep\u00fablica, Dorothy P\u00e9rez\",\"datePublished\":\"2025-05-06T15:37:00+00:00\",\"dateModified\":\"2025-05-06T15:37:00+00:00\",\"mainEntityOfPage\":{\"@id\":\"https:\/\/colegioarquitectos.com\/noticias\/?p=33632\"},\"wordCount\":336,\"publisher\":{\"@id\":\"https:\/\/colegioarquitectos.com\/noticias\/#organization\"},\"image\":{\"@id\":\"https:\/\/colegioarquitectos.com\/noticias\/?p=33632#primaryimage\"},\"thumbnailUrl\":\"https:\/\/colegioarquitectos.com\/noticias\/wp-content\/uploads\/2025\/05\/Proyecto-nuevo-1.png\",\"keywords\":[\"Contralora General de la Rep\u00fablica\",\"Contralor\u00eda General de la Rep\u00fablica\",\"Dorothy P\u00e9rez\",\"Mesa multigremial\",\"Mesa Multigremial por la Eficiencia y Transparencia en la Gesti\u00f3n de Proyectos y Obras\",\"Multigremial\",\"Reuni\u00f3n\",\"Rodolfo Jim\u00e9nez\"],\"articleSection\":[\"Colegio\"],\"inLanguage\":\"es\"},{\"@type\":\"WebPage\",\"@id\":\"https:\/\/colegioarquitectos.com\/noticias\/?p=33632\",\"url\":\"https:\/\/colegioarquitectos.com\/noticias\/?p=33632\",\"name\":\"Mesa Multigremial por la Eficiencia y Transparencia en la Gesti\u00f3n de Proyectos y Obras se re\u00fane con la Contralora General de la Rep\u00fablica, Dorothy P\u00e9rez - COLEGIO DE ARQUITECTOS DE CHILE\",\"isPartOf\":{\"@id\":\"https:\/\/colegioarquitectos.com\/noticias\/#website\"},\"primaryImageOfPage\":{\"@id\":\"https:\/\/colegioarquitectos.com\/noticias\/?p=33632#primaryimage\"},\"image\":{\"@id\":\"https:\/\/colegioarquitectos.com\/noticias\/?p=33632#primaryimage\"},\"thumbnailUrl\":\"https:\/\/colegioarquitectos.com\/noticias\/wp-content\/uploads\/2025\/05\/Proyecto-nuevo-1.png\",\"datePublished\":\"2025-05-06T15:37:00+00:00\",\"dateModified\":\"2025-05-06T15:37:00+00:00\",\"description\":\"El 6 de mayo de 2025, la Mesa Multigremial por la Eficiencia y Transparencia en la Gesti\u00f3n de Proyectos y Obras \u2014integrada por el Colegio de Arquitectos de Chile, quien fue representado por su presidente nacional, Rodolfo Jim\u00e9nez\u2014 sostuvo una reuni\u00f3n con la Contralora General de la Rep\u00fablica, Dorothy P\u00e9rez.\",\"breadcrumb\":{\"@id\":\"https:\/\/colegioarquitectos.com\/noticias\/?p=33632#breadcrumb\"},\"inLanguage\":\"es\",\"potentialAction\":[{\"@type\":\"ReadAction\",\"target\":[\"https:\/\/colegioarquitectos.com\/noticias\/?p=33632\"]}]},{\"@type\":\"ImageObject\",\"inLanguage\":\"es\",\"@id\":\"https:\/\/colegioarquitectos.com\/noticias\/?p=33632#primaryimage\",\"url\":\"https:\/\/colegioarquitectos.com\/noticias\/wp-content\/uploads\/2025\/05\/Proyecto-nuevo-1.png\",\"contentUrl\":\"https:\/\/colegioarquitectos.com\/noticias\/wp-content\/uploads\/2025\/05\/Proyecto-nuevo-1.png\",\"width\":1280,\"height\":720},{\"@type\":\"BreadcrumbList\",\"@id\":\"https:\/\/colegioarquitectos.com\/noticias\/?p=33632#breadcrumb\",\"itemListElement\":[{\"@type\":\"ListItem\",\"position\":1,\"name\":\"Portada\",\"item\":\"https:\/\/colegioarquitectos.com\/noticias\"},{\"@type\":\"ListItem\",\"position\":2,\"name\":\"Mesa Multigremial por la Eficiencia y Transparencia en la Gesti\u00f3n de Proyectos y Obras se re\u00fane con la Contralora General de la Rep\u00fablica, Dorothy P\u00e9rez\"}]},{\"@type\":\"WebSite\",\"@id\":\"https:\/\/colegioarquitectos.com\/noticias\/#website\",\"url\":\"https:\/\/colegioarquitectos.com\/noticias\/\",\"name\":\"COLEGIO DE ARQUITECTOS DE CHILE\",\"description\":\"\",\"publisher\":{\"@id\":\"https:\/\/colegioarquitectos.com\/noticias\/#organization\"},\"potentialAction\":[{\"@type\":\"SearchAction\",\"target\":{\"@type\":\"EntryPoint\",\"urlTemplate\":\"https:\/\/colegioarquitectos.com\/noticias\/?s={search_term_string}\"},\"query-input\":{\"@type\":\"PropertyValueSpecification\",\"valueRequired\":true,\"valueName\":\"search_term_string\"}}],\"inLanguage\":\"es\"},{\"@type\":\"Organization\",\"@id\":\"https:\/\/colegioarquitectos.com\/noticias\/#organization\",\"name\":\"COLEGIO DE ARQUITECTOS DE CHILE\",\"url\":\"https:\/\/colegioarquitectos.com\/noticias\/\",\"logo\":{\"@type\":\"ImageObject\",\"inLanguage\":\"es\",\"@id\":\"https:\/\/colegioarquitectos.com\/noticias\/#\/schema\/logo\/image\/\",\"url\":\"https:\/\/colegioarquitectos.com\/noticias\/wp-content\/uploads\/2021\/05\/ENCABEZADO-LOGO-CA.jpg\",\"contentUrl\":\"https:\/\/colegioarquitectos.com\/noticias\/wp-content\/uploads\/2021\/05\/ENCABEZADO-LOGO-CA.jpg\",\"width\":690,\"height\":350,\"caption\":\"COLEGIO DE ARQUITECTOS DE CHILE\"},\"image\":{\"@id\":\"https:\/\/colegioarquitectos.com\/noticias\/#\/schema\/logo\/image\/\"},\"sameAs\":[\"https:\/\/facebook.com\/Colegioarq\/\",\"https:\/\/x.com\/colegioarq\",\"https:\/\/instagram.com\/colegioarq\",\"https:\/\/youtube.com\/@ColegiodeArquitectosdeChile\"]},{\"@type\":\"Person\",\"@id\":\"https:\/\/colegioarquitectos.com\/noticias\/#\/schema\/person\/685cc0aad148303c5608f049af8285ad\",\"name\":\"Colegio de Arquitectos de Chile\",\"url\":\"https:\/\/colegioarquitectos.com\/noticias\/?author=4\"}]}<\/script>\n<!-- \/ Yoast SEO plugin. -->","yoast_head_json":{"title":"Mesa Multigremial por la Eficiencia y Transparencia en la Gesti\u00f3n de Proyectos y Obras se re\u00fane con la Contralora General de la Rep\u00fablica, Dorothy P\u00e9rez - COLEGIO DE ARQUITECTOS DE CHILE","description":"El 6 de mayo de 2025, la Mesa Multigremial por la Eficiencia y Transparencia en la Gesti\u00f3n de Proyectos y Obras \u2014integrada por el Colegio de Arquitectos de Chile, quien fue representado por su presidente nacional, Rodolfo Jim\u00e9nez\u2014 sostuvo una reuni\u00f3n con la Contralora General de la Rep\u00fablica, Dorothy P\u00e9rez.","robots":{"index":"index","follow":"follow","max-snippet":"max-snippet:-1","max-image-preview":"max-image-preview:large","max-video-preview":"max-video-preview:-1"},"canonical":"https:\/\/colegioarquitectos.com\/noticias\/?p=33632","og_locale":"es_ES","og_type":"article","og_title":"Mesa Multigremial por la Eficiencia y Transparencia en la Gesti\u00f3n de Proyectos y Obras se re\u00fane con la Contralora General de la Rep\u00fablica, Dorothy P\u00e9rez - COLEGIO DE ARQUITECTOS DE CHILE","og_description":"El 6 de mayo de 2025, la Mesa Multigremial por la Eficiencia y Transparencia en la Gesti\u00f3n de Proyectos y Obras \u2014integrada por el Colegio de Arquitectos de Chile, quien fue representado por su presidente nacional, Rodolfo Jim\u00e9nez\u2014 sostuvo una reuni\u00f3n con la Contralora General de la Rep\u00fablica, Dorothy P\u00e9rez.","og_url":"https:\/\/colegioarquitectos.com\/noticias\/?p=33632","og_site_name":"COLEGIO DE ARQUITECTOS DE CHILE","article_publisher":"https:\/\/facebook.com\/Colegioarq\/","article_published_time":"2025-05-06T15:37:00+00:00","og_image":[{"width":1280,"height":720,"url":"https:\/\/colegioarquitectos.com\/noticias\/wp-content\/uploads\/2025\/05\/Proyecto-nuevo-1.png","type":"image\/png"}],"author":"Colegio de Arquitectos de Chile","twitter_card":"summary_large_image","twitter_creator":"@colegioarq","twitter_site":"@colegioarq","twitter_misc":{"Escrito por":"Colegio de Arquitectos de Chile","Tiempo de lectura":"2 minutos"},"schema":{"@context":"https:\/\/schema.org","@graph":[{"@type":"Article","@id":"https:\/\/colegioarquitectos.com\/noticias\/?p=33632#article","isPartOf":{"@id":"https:\/\/colegioarquitectos.com\/noticias\/?p=33632"},"author":{"name":"Colegio de Arquitectos de Chile","@id":"https:\/\/colegioarquitectos.com\/noticias\/#\/schema\/person\/685cc0aad148303c5608f049af8285ad"},"headline":"Mesa Multigremial por la Eficiencia y Transparencia en la Gesti\u00f3n de Proyectos y Obras se re\u00fane con la Contralora General de la Rep\u00fablica, Dorothy P\u00e9rez","datePublished":"2025-05-06T15:37:00+00:00","dateModified":"2025-05-06T15:37:00+00:00","mainEntityOfPage":{"@id":"https:\/\/colegioarquitectos.com\/noticias\/?p=33632"},"wordCount":336,"publisher":{"@id":"https:\/\/colegioarquitectos.com\/noticias\/#organization"},"image":{"@id":"https:\/\/colegioarquitectos.com\/noticias\/?p=33632#primaryimage"},"thumbnailUrl":"https:\/\/colegioarquitectos.com\/noticias\/wp-content\/uploads\/2025\/05\/Proyecto-nuevo-1.png","keywords":["Contralora General de la Rep\u00fablica","Contralor\u00eda General de la Rep\u00fablica","Dorothy P\u00e9rez","Mesa multigremial","Mesa Multigremial por la Eficiencia y Transparencia en la Gesti\u00f3n de Proyectos y Obras","Multigremial","Reuni\u00f3n","Rodolfo Jim\u00e9nez"],"articleSection":["Colegio"],"inLanguage":"es"},{"@type":"WebPage","@id":"https:\/\/colegioarquitectos.com\/noticias\/?p=33632","url":"https:\/\/colegioarquitectos.com\/noticias\/?p=33632","name":"Mesa Multigremial por la Eficiencia y Transparencia en la Gesti\u00f3n de Proyectos y Obras se re\u00fane con la Contralora General de la Rep\u00fablica, Dorothy P\u00e9rez - COLEGIO DE ARQUITECTOS DE CHILE","isPartOf":{"@id":"https:\/\/colegioarquitectos.com\/noticias\/#website"},"primaryImageOfPage":{"@id":"https:\/\/colegioarquitectos.com\/noticias\/?p=33632#primaryimage"},"image":{"@id":"https:\/\/colegioarquitectos.com\/noticias\/?p=33632#primaryimage"},"thumbnailUrl":"https:\/\/colegioarquitectos.com\/noticias\/wp-content\/uploads\/2025\/05\/Proyecto-nuevo-1.png","datePublished":"2025-05-06T15:37:00+00:00","dateModified":"2025-05-06T15:37:00+00:00","description":"El 6 de mayo de 2025, la Mesa Multigremial por la Eficiencia y Transparencia en la Gesti\u00f3n de Proyectos y Obras \u2014integrada por el Colegio de Arquitectos de Chile, quien fue representado por su presidente nacional, Rodolfo Jim\u00e9nez\u2014 sostuvo una reuni\u00f3n con la Contralora General de la Rep\u00fablica, Dorothy P\u00e9rez.","breadcrumb":{"@id":"https:\/\/colegioarquitectos.com\/noticias\/?p=33632#breadcrumb"},"inLanguage":"es","potentialAction":[{"@type":"ReadAction","target":["https:\/\/colegioarquitectos.com\/noticias\/?p=33632"]}]},{"@type":"ImageObject","inLanguage":"es","@id":"https:\/\/colegioarquitectos.com\/noticias\/?p=33632#primaryimage","url":"https:\/\/colegioarquitectos.com\/noticias\/wp-content\/uploads\/2025\/05\/Proyecto-nuevo-1.png","contentUrl":"https:\/\/colegioarquitectos.com\/noticias\/wp-content\/uploads\/2025\/05\/Proyecto-nuevo-1.png","width":1280,"height":720},{"@type":"BreadcrumbList","@id":"https:\/\/colegioarquitectos.com\/noticias\/?p=33632#breadcrumb","itemListElement":[{"@type":"ListItem","position":1,"name":"Portada","item":"https:\/\/colegioarquitectos.com\/noticias"},{"@type":"ListItem","position":2,"name":"Mesa Multigremial por la Eficiencia y Transparencia en la Gesti\u00f3n de Proyectos y Obras se re\u00fane con la Contralora General de la Rep\u00fablica, Dorothy P\u00e9rez"}]},{"@type":"WebSite","@id":"https:\/\/colegioarquitectos.com\/noticias\/#website","url":"https:\/\/colegioarquitectos.com\/noticias\/","name":"COLEGIO DE ARQUITECTOS DE CHILE","description":"","publisher":{"@id":"https:\/\/colegioarquitectos.com\/noticias\/#organization"},"potentialAction":[{"@type":"SearchAction","target":{"@type":"EntryPoint","urlTemplate":"https:\/\/colegioarquitectos.com\/noticias\/?s={search_term_string}"},"query-input":{"@type":"PropertyValueSpecification","valueRequired":true,"valueName":"search_term_string"}}],"inLanguage":"es"},{"@type":"Organization","@id":"https:\/\/colegioarquitectos.com\/noticias\/#organization","name":"COLEGIO DE ARQUITECTOS DE CHILE","url":"https:\/\/colegioarquitectos.com\/noticias\/","logo":{"@type":"ImageObject","inLanguage":"es","@id":"https:\/\/colegioarquitectos.com\/noticias\/#\/schema\/logo\/image\/","url":"https:\/\/colegioarquitectos.com\/noticias\/wp-content\/uploads\/2021\/05\/ENCABEZADO-LOGO-CA.jpg","contentUrl":"https:\/\/colegioarquitectos.com\/noticias\/wp-content\/uploads\/2021\/05\/ENCABEZADO-LOGO-CA.jpg","width":690,"height":350,"caption":"COLEGIO DE ARQUITECTOS DE CHILE"},"image":{"@id":"https:\/\/colegioarquitectos.com\/noticias\/#\/schema\/logo\/image\/"},"sameAs":["https:\/\/facebook.com\/Colegioarq\/","https:\/\/x.com\/colegioarq","https:\/\/instagram.com\/colegioarq","https:\/\/youtube.com\/@ColegiodeArquitectosdeChile"]},{"@type":"Person","@id":"https:\/\/colegioarquitectos.com\/noticias\/#\/schema\/person\/685cc0aad148303c5608f049af8285ad","name":"Colegio de Arquitectos de Chile","url":"https:\/\/colegioarquitectos.com\/noticias\/?author=4"}]}},"_links":{"self":[{"href":"https:\/\/colegioarquitectos.com\/noticias\/index.php?rest_route=\/wp\/v2\/posts\/33632","targetHints":{"allow":["GET"]}}],"collection":[{"href":"https:\/\/colegioarquitectos.com\/noticias\/index.php?rest_route=\/wp\/v2\/posts"}],"about":[{"href":"https:\/\/colegioarquitectos.com\/noticias\/index.php?rest_route=\/wp\/v2\/types\/post"}],"author":[{"embeddable":true,"href":"https:\/\/colegioarquitectos.com\/noticias\/index.php?rest_route=\/wp\/v2\/users\/4"}],"replies":[{"embeddable":true,"href":"https:\/\/colegioarquitectos.com\/noticias\/index.php?rest_route=%2Fwp%2Fv2%2Fcomments&post=33632"}],"version-history":[{"count":1,"href":"https:\/\/colegioarquitectos.com\/noticias\/index.php?rest_route=\/wp\/v2\/posts\/33632\/revisions"}],"predecessor-version":[{"id":33634,"href":"https:\/\/colegioarquitectos.com\/noticias\/index.php?rest_route=\/wp\/v2\/posts\/33632\/revisions\/33634"}],"wp:featuredmedia":[{"embeddable":true,"href":"https:\/\/colegioarquitectos.com\/noticias\/index.php?rest_route=\/wp\/v2\/media\/33633"}],"wp:attachment":[{"href":"https:\/\/colegioarquitectos.com\/noticias\/index.php?rest_route=%2Fwp%2Fv2%2Fmedia&parent=33632"}],"wp:term":[{"taxonomy":"category","embeddable":true,"href":"https:\/\/colegioarquitectos.com\/noticias\/index.php?rest_route=%2Fwp%2Fv2%2Fcategories&post=33632"},{"taxonomy":"post_tag","embeddable":true,"href":"https:\/\/colegioarquitectos.com\/noticias\/index.php?rest_route=%2Fwp%2Fv2%2Ftags&post=33632"}],"curies":[{"name":"wp","href":"https:\/\/api.w.org\/{rel}","templated":true}]}}