
{"id":33636,"date":"2025-05-07T11:03:08","date_gmt":"2025-05-07T15:03:08","guid":{"rendered":"https:\/\/colegioarquitectos.com\/noticias\/?p=33636"},"modified":"2025-05-07T11:03:08","modified_gmt":"2025-05-07T15:03:08","slug":"dossierdeobras-1-m-museo-comunitario-de-la-comunidad-indigena-colla-de-la-comuna-de-copiapo","status":"publish","type":"post","link":"https:\/\/colegioarquitectos.com\/noticias\/?p=33636","title":{"rendered":"#Dossierdeobras 1-M: Museo comunitario de la Comunidad Ind\u00edgena Colla de la Comuna de Copiap\u00f3"},"content":{"rendered":"<p><img loading=\"lazy\" decoding=\"async\" class=\"aligncenter size-large wp-image-33637\" src=\"https:\/\/colegioarquitectos.com\/noticias\/wp-content\/uploads\/2025\/05\/MUSEO-COLLA-DOSSIER-CA-01-1024x576.jpg\" alt=\"\" width=\"690\" height=\"388\" srcset=\"https:\/\/colegioarquitectos.com\/noticias\/wp-content\/uploads\/2025\/05\/MUSEO-COLLA-DOSSIER-CA-01-1024x576.jpg 1024w, https:\/\/colegioarquitectos.com\/noticias\/wp-content\/uploads\/2025\/05\/MUSEO-COLLA-DOSSIER-CA-01-300x169.jpg 300w, https:\/\/colegioarquitectos.com\/noticias\/wp-content\/uploads\/2025\/05\/MUSEO-COLLA-DOSSIER-CA-01-768x432.jpg 768w, https:\/\/colegioarquitectos.com\/noticias\/wp-content\/uploads\/2025\/05\/MUSEO-COLLA-DOSSIER-CA-01-1536x864.jpg 1536w, https:\/\/colegioarquitectos.com\/noticias\/wp-content\/uploads\/2025\/05\/MUSEO-COLLA-DOSSIER-CA-01-2048x1152.jpg 2048w\" sizes=\"auto, (max-width: 690px) 100vw, 690px\" \/><\/p>\n<p><img loading=\"lazy\" decoding=\"async\" class=\"aligncenter size-large wp-image-33638\" src=\"https:\/\/colegioarquitectos.com\/noticias\/wp-content\/uploads\/2025\/05\/MUSEO-COLLA-DOSSIER-CA-02-1024x683.jpg\" alt=\"\" width=\"690\" height=\"460\" srcset=\"https:\/\/colegioarquitectos.com\/noticias\/wp-content\/uploads\/2025\/05\/MUSEO-COLLA-DOSSIER-CA-02-1024x683.jpg 1024w, https:\/\/colegioarquitectos.com\/noticias\/wp-content\/uploads\/2025\/05\/MUSEO-COLLA-DOSSIER-CA-02-300x200.jpg 300w, https:\/\/colegioarquitectos.com\/noticias\/wp-content\/uploads\/2025\/05\/MUSEO-COLLA-DOSSIER-CA-02-768x512.jpg 768w, https:\/\/colegioarquitectos.com\/noticias\/wp-content\/uploads\/2025\/05\/MUSEO-COLLA-DOSSIER-CA-02-1536x1025.jpg 1536w, https:\/\/colegioarquitectos.com\/noticias\/wp-content\/uploads\/2025\/05\/MUSEO-COLLA-DOSSIER-CA-02.jpg 2048w\" sizes=\"auto, (max-width: 690px) 100vw, 690px\" \/><\/p>\n<p><img loading=\"lazy\" decoding=\"async\" class=\"aligncenter size-large wp-image-33639\" src=\"https:\/\/colegioarquitectos.com\/noticias\/wp-content\/uploads\/2025\/05\/MUSEO-COLLA-DOSSIER-CA-03-1024x683.jpg\" alt=\"\" width=\"690\" height=\"460\" srcset=\"https:\/\/colegioarquitectos.com\/noticias\/wp-content\/uploads\/2025\/05\/MUSEO-COLLA-DOSSIER-CA-03-1024x683.jpg 1024w, https:\/\/colegioarquitectos.com\/noticias\/wp-content\/uploads\/2025\/05\/MUSEO-COLLA-DOSSIER-CA-03-300x200.jpg 300w, https:\/\/colegioarquitectos.com\/noticias\/wp-content\/uploads\/2025\/05\/MUSEO-COLLA-DOSSIER-CA-03-768x512.jpg 768w, https:\/\/colegioarquitectos.com\/noticias\/wp-content\/uploads\/2025\/05\/MUSEO-COLLA-DOSSIER-CA-03-1536x1025.jpg 1536w, https:\/\/colegioarquitectos.com\/noticias\/wp-content\/uploads\/2025\/05\/MUSEO-COLLA-DOSSIER-CA-03-2048x1366.jpg 2048w\" sizes=\"auto, (max-width: 690px) 100vw, 690px\" \/><\/p>\n<p><img loading=\"lazy\" decoding=\"async\" class=\"aligncenter size-large wp-image-33640\" src=\"https:\/\/colegioarquitectos.com\/noticias\/wp-content\/uploads\/2025\/05\/MUSEO-COLLA-DOSSIER-CA-04-1024x683.jpg\" alt=\"\" width=\"690\" height=\"460\" srcset=\"https:\/\/colegioarquitectos.com\/noticias\/wp-content\/uploads\/2025\/05\/MUSEO-COLLA-DOSSIER-CA-04-1024x683.jpg 1024w, https:\/\/colegioarquitectos.com\/noticias\/wp-content\/uploads\/2025\/05\/MUSEO-COLLA-DOSSIER-CA-04-300x200.jpg 300w, https:\/\/colegioarquitectos.com\/noticias\/wp-content\/uploads\/2025\/05\/MUSEO-COLLA-DOSSIER-CA-04-768x512.jpg 768w, https:\/\/colegioarquitectos.com\/noticias\/wp-content\/uploads\/2025\/05\/MUSEO-COLLA-DOSSIER-CA-04-1536x1025.jpg 1536w, https:\/\/colegioarquitectos.com\/noticias\/wp-content\/uploads\/2025\/05\/MUSEO-COLLA-DOSSIER-CA-04.jpg 2048w\" sizes=\"auto, (max-width: 690px) 100vw, 690px\" \/><\/p>\n<p><img loading=\"lazy\" decoding=\"async\" class=\"aligncenter size-large wp-image-33641\" src=\"https:\/\/colegioarquitectos.com\/noticias\/wp-content\/uploads\/2025\/05\/MUSEO-COLLA-DOSSIER-CA-05-1024x683.jpg\" alt=\"\" width=\"690\" height=\"460\" srcset=\"https:\/\/colegioarquitectos.com\/noticias\/wp-content\/uploads\/2025\/05\/MUSEO-COLLA-DOSSIER-CA-05-1024x683.jpg 1024w, https:\/\/colegioarquitectos.com\/noticias\/wp-content\/uploads\/2025\/05\/MUSEO-COLLA-DOSSIER-CA-05-300x200.jpg 300w, https:\/\/colegioarquitectos.com\/noticias\/wp-content\/uploads\/2025\/05\/MUSEO-COLLA-DOSSIER-CA-05-768x512.jpg 768w, https:\/\/colegioarquitectos.com\/noticias\/wp-content\/uploads\/2025\/05\/MUSEO-COLLA-DOSSIER-CA-05-1536x1025.jpg 1536w, https:\/\/colegioarquitectos.com\/noticias\/wp-content\/uploads\/2025\/05\/MUSEO-COLLA-DOSSIER-CA-05.jpg 2048w\" sizes=\"auto, (max-width: 690px) 100vw, 690px\" \/><\/p>\n<p><img loading=\"lazy\" decoding=\"async\" class=\"aligncenter size-large wp-image-33642\" src=\"https:\/\/colegioarquitectos.com\/noticias\/wp-content\/uploads\/2025\/05\/MUSEO-COLLA-DOSSIER-CA-06-1024x683.jpg\" alt=\"\" width=\"690\" height=\"460\" srcset=\"https:\/\/colegioarquitectos.com\/noticias\/wp-content\/uploads\/2025\/05\/MUSEO-COLLA-DOSSIER-CA-06-1024x683.jpg 1024w, https:\/\/colegioarquitectos.com\/noticias\/wp-content\/uploads\/2025\/05\/MUSEO-COLLA-DOSSIER-CA-06-300x200.jpg 300w, https:\/\/colegioarquitectos.com\/noticias\/wp-content\/uploads\/2025\/05\/MUSEO-COLLA-DOSSIER-CA-06-768x512.jpg 768w, https:\/\/colegioarquitectos.com\/noticias\/wp-content\/uploads\/2025\/05\/MUSEO-COLLA-DOSSIER-CA-06-1536x1025.jpg 1536w, https:\/\/colegioarquitectos.com\/noticias\/wp-content\/uploads\/2025\/05\/MUSEO-COLLA-DOSSIER-CA-06.jpg 2048w\" sizes=\"auto, (max-width: 690px) 100vw, 690px\" \/><\/p>\n<p><img loading=\"lazy\" decoding=\"async\" class=\"aligncenter size-large wp-image-33643\" src=\"https:\/\/colegioarquitectos.com\/noticias\/wp-content\/uploads\/2025\/05\/MUSEO-COLLA-DOSSIER-CA-07-1024x576.jpg\" alt=\"\" width=\"690\" height=\"388\" srcset=\"https:\/\/colegioarquitectos.com\/noticias\/wp-content\/uploads\/2025\/05\/MUSEO-COLLA-DOSSIER-CA-07-1024x576.jpg 1024w, https:\/\/colegioarquitectos.com\/noticias\/wp-content\/uploads\/2025\/05\/MUSEO-COLLA-DOSSIER-CA-07-300x169.jpg 300w, https:\/\/colegioarquitectos.com\/noticias\/wp-content\/uploads\/2025\/05\/MUSEO-COLLA-DOSSIER-CA-07-768x432.jpg 768w, https:\/\/colegioarquitectos.com\/noticias\/wp-content\/uploads\/2025\/05\/MUSEO-COLLA-DOSSIER-CA-07-1536x864.jpg 1536w, https:\/\/colegioarquitectos.com\/noticias\/wp-content\/uploads\/2025\/05\/MUSEO-COLLA-DOSSIER-CA-07-2048x1152.jpg 2048w\" sizes=\"auto, (max-width: 690px) 100vw, 690px\" \/><\/p>\n<p><img loading=\"lazy\" decoding=\"async\" class=\"aligncenter size-large wp-image-33644\" src=\"https:\/\/colegioarquitectos.com\/noticias\/wp-content\/uploads\/2025\/05\/MUSEO-COLLA-DOSSIER-CA-08-1024x683.jpg\" alt=\"\" width=\"690\" height=\"460\" srcset=\"https:\/\/colegioarquitectos.com\/noticias\/wp-content\/uploads\/2025\/05\/MUSEO-COLLA-DOSSIER-CA-08-1024x683.jpg 1024w, https:\/\/colegioarquitectos.com\/noticias\/wp-content\/uploads\/2025\/05\/MUSEO-COLLA-DOSSIER-CA-08-300x200.jpg 300w, https:\/\/colegioarquitectos.com\/noticias\/wp-content\/uploads\/2025\/05\/MUSEO-COLLA-DOSSIER-CA-08-768x512.jpg 768w, https:\/\/colegioarquitectos.com\/noticias\/wp-content\/uploads\/2025\/05\/MUSEO-COLLA-DOSSIER-CA-08-1536x1025.jpg 1536w, https:\/\/colegioarquitectos.com\/noticias\/wp-content\/uploads\/2025\/05\/MUSEO-COLLA-DOSSIER-CA-08.jpg 2048w\" sizes=\"auto, (max-width: 690px) 100vw, 690px\" \/><\/p>\n<p><img loading=\"lazy\" decoding=\"async\" class=\"aligncenter size-large wp-image-33645\" src=\"https:\/\/colegioarquitectos.com\/noticias\/wp-content\/uploads\/2025\/05\/MUSEO-COLLA-DOSSIER-CA-09-1024x627.jpg\" alt=\"\" width=\"690\" height=\"422\" srcset=\"https:\/\/colegioarquitectos.com\/noticias\/wp-content\/uploads\/2025\/05\/MUSEO-COLLA-DOSSIER-CA-09-1024x627.jpg 1024w, https:\/\/colegioarquitectos.com\/noticias\/wp-content\/uploads\/2025\/05\/MUSEO-COLLA-DOSSIER-CA-09-300x184.jpg 300w, https:\/\/colegioarquitectos.com\/noticias\/wp-content\/uploads\/2025\/05\/MUSEO-COLLA-DOSSIER-CA-09-768x471.jpg 768w, https:\/\/colegioarquitectos.com\/noticias\/wp-content\/uploads\/2025\/05\/MUSEO-COLLA-DOSSIER-CA-09-1536x941.jpg 1536w, https:\/\/colegioarquitectos.com\/noticias\/wp-content\/uploads\/2025\/05\/MUSEO-COLLA-DOSSIER-CA-09.jpg 1895w\" sizes=\"auto, (max-width: 690px) 100vw, 690px\" \/><\/p>\n<p>&nbsp;<\/p>\n<p>&nbsp;<\/p>\n<p>Nombre de la obra: <strong>Museo comunitario de la Comunidad Ind\u00edgena Colla de la Comuna de Copiap\u00f3<\/strong><\/p>\n<p>A\u00f1o de construcci\u00f3n: <strong>2024<\/strong><\/p>\n<p>Autores: <strong>Arquitecto David Cortez Godoy y arquitecta Natalia Jorquera Silva<\/strong><\/p>\n<p>Fotograf\u00edas: <strong>Sebasti\u00e1n Maluenda<\/strong><\/p>\n<p>&nbsp;<\/p>\n<p>El Museo de la comunidad Ind\u00edgena Colla de la Comuna de Copiap\u00f3 se emplaza en el sector El Bolo de la quebrada de Paipote en la regi\u00f3n de Atacama, Chile a 2.130 m.s.n.m. El proyecto surge de la necesidad de la Comunidad por contar con un espacio en donde exponer su cultura y tradiciones. As\u00ed, la propuesta de arquitectura se compone de la restauraci\u00f3n de una vivienda vern\u00e1cula de piedra, la construcci\u00f3n de un volumen nuevo y espacios exteriores que articulan el programa cultural comunitario.<\/p>\n<p>&nbsp;<\/p>\n<p><\/p>","protected":false},"excerpt":{"rendered":"<p>&nbsp; &nbsp; Nombre de la obra: Museo comunitario de la Comunidad Ind\u00edgena Colla de la Comuna de Copiap\u00f3 A\u00f1o de construcci\u00f3n: 2024 Autores: Arquitecto David Cortez Godoy y arquitecta Natalia Jorquera Silva Fotograf\u00edas: Sebasti\u00e1n Maluenda &nbsp; El Museo de la &hellip; <a class=\"more-link\" href=\"https:\/\/colegioarquitectos.com\/noticias\/?p=33636\">ver m\u00e1s<\/a><\/p>","protected":false},"author":4,"featured_media":33647,"comment_status":"closed","ping_status":"closed","sticky":false,"template":"","format":"standard","meta":{"footnotes":""},"categories":[1239,8],"tags":[1157,1273,394,1156,1272,1271,1162,1159],"class_list":["post-33636","post","type-post","status-publish","format-standard","has-post-thumbnail","hentry","category-dossierdeobras","category-colegio-de-arquitectos","tag-dossierdeobras","tag-colla","tag-copiapo","tag-dossier-de-obras","tag-museo-comunitario-de-la-comunidad-indigena-colla-de-la-comuna-de-copiapo","tag-museos","tag-obras","tag-obras-de-arquitectura"],"yoast_head":"<!-- This site is optimized with the Yoast SEO plugin v24.2 - https:\/\/yoast.com\/wordpress\/plugins\/seo\/ -->\n<title>#Dossierdeobras 1-M: Museo comunitario de la Comunidad Ind\u00edgena Colla de la Comuna de Copiap\u00f3 - COLEGIO DE ARQUITECTOS DE CHILE<\/title>\n<meta name=\"description\" content=\"El Museo de la comunidad Ind\u00edgena Colla de la Comuna de Copiap\u00f3 se emplaza en el sector El Bolo de la quebrada de Paipote en la regi\u00f3n de Atacama, Chile a 2.130 m.s.n.m. El proyecto surge de la necesidad de la Comunidad por contar con un espacio en donde exponer su cultura y tradiciones. As\u00ed, la propuesta de arquitectura se compone de la restauraci\u00f3n de una vivienda vern\u00e1cula de piedra, la construcci\u00f3n de un volumen nuevo y espacios exteriores que articulan el programa cultural comunitario.\" \/>\n<meta name=\"robots\" content=\"index, follow, max-snippet:-1, max-image-preview:large, max-video-preview:-1\" \/>\n<link rel=\"canonical\" href=\"https:\/\/colegioarquitectos.com\/noticias\/?p=33636\" \/>\n<meta property=\"og:locale\" content=\"es_ES\" \/>\n<meta property=\"og:type\" content=\"article\" \/>\n<meta property=\"og:title\" content=\"#Dossierdeobras 1-M: Museo comunitario de la Comunidad Ind\u00edgena Colla de la Comuna de Copiap\u00f3 - COLEGIO DE ARQUITECTOS DE CHILE\" \/>\n<meta property=\"og:description\" content=\"El Museo de la comunidad Ind\u00edgena Colla de la Comuna de Copiap\u00f3 se emplaza en el sector El Bolo de la quebrada de Paipote en la regi\u00f3n de Atacama, Chile a 2.130 m.s.n.m. El proyecto surge de la necesidad de la Comunidad por contar con un espacio en donde exponer su cultura y tradiciones. As\u00ed, la propuesta de arquitectura se compone de la restauraci\u00f3n de una vivienda vern\u00e1cula de piedra, la construcci\u00f3n de un volumen nuevo y espacios exteriores que articulan el programa cultural comunitario.\" \/>\n<meta property=\"og:url\" content=\"https:\/\/colegioarquitectos.com\/noticias\/?p=33636\" \/>\n<meta property=\"og:site_name\" content=\"COLEGIO DE ARQUITECTOS DE CHILE\" \/>\n<meta property=\"article:publisher\" content=\"https:\/\/facebook.com\/Colegioarq\/\" \/>\n<meta property=\"article:published_time\" content=\"2025-05-07T15:03:08+00:00\" \/>\n<meta property=\"og:image\" content=\"https:\/\/colegioarquitectos.com\/noticias\/wp-content\/uploads\/2025\/05\/ENCABEZADO-DOSSIER-COLLA.png\" \/>\n\t<meta property=\"og:image:width\" content=\"1280\" \/>\n\t<meta property=\"og:image:height\" content=\"720\" \/>\n\t<meta property=\"og:image:type\" content=\"image\/png\" \/>\n<meta name=\"author\" content=\"Colegio de Arquitectos de Chile\" \/>\n<meta name=\"twitter:card\" content=\"summary_large_image\" \/>\n<meta name=\"twitter:creator\" content=\"@colegioarq\" \/>\n<meta name=\"twitter:site\" content=\"@colegioarq\" \/>\n<meta name=\"twitter:label1\" content=\"Escrito por\" \/>\n\t<meta name=\"twitter:data1\" content=\"Colegio de Arquitectos de Chile\" \/>\n\t<meta name=\"twitter:label2\" content=\"Tiempo de lectura\" \/>\n\t<meta name=\"twitter:data2\" content=\"3 minutos\" \/>\n<script type=\"application\/ld+json\" class=\"yoast-schema-graph\">{\"@context\":\"https:\/\/schema.org\",\"@graph\":[{\"@type\":\"Article\",\"@id\":\"https:\/\/colegioarquitectos.com\/noticias\/?p=33636#article\",\"isPartOf\":{\"@id\":\"https:\/\/colegioarquitectos.com\/noticias\/?p=33636\"},\"author\":{\"name\":\"Colegio de Arquitectos de Chile\",\"@id\":\"https:\/\/colegioarquitectos.com\/noticias\/#\/schema\/person\/685cc0aad148303c5608f049af8285ad\"},\"headline\":\"#Dossierdeobras 1-M: Museo comunitario de la Comunidad Ind\u00edgena Colla de la Comuna de Copiap\u00f3\",\"datePublished\":\"2025-05-07T15:03:08+00:00\",\"dateModified\":\"2025-05-07T15:03:08+00:00\",\"mainEntityOfPage\":{\"@id\":\"https:\/\/colegioarquitectos.com\/noticias\/?p=33636\"},\"wordCount\":148,\"publisher\":{\"@id\":\"https:\/\/colegioarquitectos.com\/noticias\/#organization\"},\"image\":{\"@id\":\"https:\/\/colegioarquitectos.com\/noticias\/?p=33636#primaryimage\"},\"thumbnailUrl\":\"https:\/\/colegioarquitectos.com\/noticias\/wp-content\/uploads\/2025\/05\/ENCABEZADO-DOSSIER-COLLA.png\",\"keywords\":[\"#dossierdeobras\",\"Colla\",\"Copiap\u00f3\",\"Dossier de obras\",\"Museo comunitario de la Comunidad Ind\u00edgena Colla de la Comuna de Copiap\u00f3\",\"museos\",\"obras\",\"Obras de arquitectura\"],\"articleSection\":[\"#Dossierdeobras\",\"Colegio\"],\"inLanguage\":\"es\"},{\"@type\":\"WebPage\",\"@id\":\"https:\/\/colegioarquitectos.com\/noticias\/?p=33636\",\"url\":\"https:\/\/colegioarquitectos.com\/noticias\/?p=33636\",\"name\":\"#Dossierdeobras 1-M: Museo comunitario de la Comunidad Ind\u00edgena Colla de la Comuna de Copiap\u00f3 - COLEGIO DE ARQUITECTOS DE CHILE\",\"isPartOf\":{\"@id\":\"https:\/\/colegioarquitectos.com\/noticias\/#website\"},\"primaryImageOfPage\":{\"@id\":\"https:\/\/colegioarquitectos.com\/noticias\/?p=33636#primaryimage\"},\"image\":{\"@id\":\"https:\/\/colegioarquitectos.com\/noticias\/?p=33636#primaryimage\"},\"thumbnailUrl\":\"https:\/\/colegioarquitectos.com\/noticias\/wp-content\/uploads\/2025\/05\/ENCABEZADO-DOSSIER-COLLA.png\",\"datePublished\":\"2025-05-07T15:03:08+00:00\",\"dateModified\":\"2025-05-07T15:03:08+00:00\",\"description\":\"El Museo de la comunidad Ind\u00edgena Colla de la Comuna de Copiap\u00f3 se emplaza en el sector El Bolo de la quebrada de Paipote en la regi\u00f3n de Atacama, Chile a 2.130 m.s.n.m. El proyecto surge de la necesidad de la Comunidad por contar con un espacio en donde exponer su cultura y tradiciones. As\u00ed, la propuesta de arquitectura se compone de la restauraci\u00f3n de una vivienda vern\u00e1cula de piedra, la construcci\u00f3n de un volumen nuevo y espacios exteriores que articulan el programa cultural comunitario.\",\"breadcrumb\":{\"@id\":\"https:\/\/colegioarquitectos.com\/noticias\/?p=33636#breadcrumb\"},\"inLanguage\":\"es\",\"potentialAction\":[{\"@type\":\"ReadAction\",\"target\":[\"https:\/\/colegioarquitectos.com\/noticias\/?p=33636\"]}]},{\"@type\":\"ImageObject\",\"inLanguage\":\"es\",\"@id\":\"https:\/\/colegioarquitectos.com\/noticias\/?p=33636#primaryimage\",\"url\":\"https:\/\/colegioarquitectos.com\/noticias\/wp-content\/uploads\/2025\/05\/ENCABEZADO-DOSSIER-COLLA.png\",\"contentUrl\":\"https:\/\/colegioarquitectos.com\/noticias\/wp-content\/uploads\/2025\/05\/ENCABEZADO-DOSSIER-COLLA.png\",\"width\":1280,\"height\":720},{\"@type\":\"BreadcrumbList\",\"@id\":\"https:\/\/colegioarquitectos.com\/noticias\/?p=33636#breadcrumb\",\"itemListElement\":[{\"@type\":\"ListItem\",\"position\":1,\"name\":\"Portada\",\"item\":\"https:\/\/colegioarquitectos.com\/noticias\"},{\"@type\":\"ListItem\",\"position\":2,\"name\":\"#Dossierdeobras 1-M: Museo comunitario de la Comunidad Ind\u00edgena Colla de la Comuna de Copiap\u00f3\"}]},{\"@type\":\"WebSite\",\"@id\":\"https:\/\/colegioarquitectos.com\/noticias\/#website\",\"url\":\"https:\/\/colegioarquitectos.com\/noticias\/\",\"name\":\"COLEGIO DE ARQUITECTOS DE CHILE\",\"description\":\"\",\"publisher\":{\"@id\":\"https:\/\/colegioarquitectos.com\/noticias\/#organization\"},\"potentialAction\":[{\"@type\":\"SearchAction\",\"target\":{\"@type\":\"EntryPoint\",\"urlTemplate\":\"https:\/\/colegioarquitectos.com\/noticias\/?s={search_term_string}\"},\"query-input\":{\"@type\":\"PropertyValueSpecification\",\"valueRequired\":true,\"valueName\":\"search_term_string\"}}],\"inLanguage\":\"es\"},{\"@type\":\"Organization\",\"@id\":\"https:\/\/colegioarquitectos.com\/noticias\/#organization\",\"name\":\"COLEGIO DE ARQUITECTOS DE CHILE\",\"url\":\"https:\/\/colegioarquitectos.com\/noticias\/\",\"logo\":{\"@type\":\"ImageObject\",\"inLanguage\":\"es\",\"@id\":\"https:\/\/colegioarquitectos.com\/noticias\/#\/schema\/logo\/image\/\",\"url\":\"https:\/\/colegioarquitectos.com\/noticias\/wp-content\/uploads\/2021\/05\/ENCABEZADO-LOGO-CA.jpg\",\"contentUrl\":\"https:\/\/colegioarquitectos.com\/noticias\/wp-content\/uploads\/2021\/05\/ENCABEZADO-LOGO-CA.jpg\",\"width\":690,\"height\":350,\"caption\":\"COLEGIO DE ARQUITECTOS DE CHILE\"},\"image\":{\"@id\":\"https:\/\/colegioarquitectos.com\/noticias\/#\/schema\/logo\/image\/\"},\"sameAs\":[\"https:\/\/facebook.com\/Colegioarq\/\",\"https:\/\/x.com\/colegioarq\",\"https:\/\/instagram.com\/colegioarq\",\"https:\/\/youtube.com\/@ColegiodeArquitectosdeChile\"]},{\"@type\":\"Person\",\"@id\":\"https:\/\/colegioarquitectos.com\/noticias\/#\/schema\/person\/685cc0aad148303c5608f049af8285ad\",\"name\":\"Colegio de Arquitectos de Chile\",\"url\":\"https:\/\/colegioarquitectos.com\/noticias\/?author=4\"}]}<\/script>\n<!-- \/ Yoast SEO plugin. -->","yoast_head_json":{"title":"#Dossierdeobras 1-M: Museo comunitario de la Comunidad Ind\u00edgena Colla de la Comuna de Copiap\u00f3 - COLEGIO DE ARQUITECTOS DE CHILE","description":"El Museo de la comunidad Ind\u00edgena Colla de la Comuna de Copiap\u00f3 se emplaza en el sector El Bolo de la quebrada de Paipote en la regi\u00f3n de Atacama, Chile a 2.130 m.s.n.m. El proyecto surge de la necesidad de la Comunidad por contar con un espacio en donde exponer su cultura y tradiciones. As\u00ed, la propuesta de arquitectura se compone de la restauraci\u00f3n de una vivienda vern\u00e1cula de piedra, la construcci\u00f3n de un volumen nuevo y espacios exteriores que articulan el programa cultural comunitario.","robots":{"index":"index","follow":"follow","max-snippet":"max-snippet:-1","max-image-preview":"max-image-preview:large","max-video-preview":"max-video-preview:-1"},"canonical":"https:\/\/colegioarquitectos.com\/noticias\/?p=33636","og_locale":"es_ES","og_type":"article","og_title":"#Dossierdeobras 1-M: Museo comunitario de la Comunidad Ind\u00edgena Colla de la Comuna de Copiap\u00f3 - COLEGIO DE ARQUITECTOS DE CHILE","og_description":"El Museo de la comunidad Ind\u00edgena Colla de la Comuna de Copiap\u00f3 se emplaza en el sector El Bolo de la quebrada de Paipote en la regi\u00f3n de Atacama, Chile a 2.130 m.s.n.m. El proyecto surge de la necesidad de la Comunidad por contar con un espacio en donde exponer su cultura y tradiciones. As\u00ed, la propuesta de arquitectura se compone de la restauraci\u00f3n de una vivienda vern\u00e1cula de piedra, la construcci\u00f3n de un volumen nuevo y espacios exteriores que articulan el programa cultural comunitario.","og_url":"https:\/\/colegioarquitectos.com\/noticias\/?p=33636","og_site_name":"COLEGIO DE ARQUITECTOS DE CHILE","article_publisher":"https:\/\/facebook.com\/Colegioarq\/","article_published_time":"2025-05-07T15:03:08+00:00","og_image":[{"width":1280,"height":720,"url":"https:\/\/colegioarquitectos.com\/noticias\/wp-content\/uploads\/2025\/05\/ENCABEZADO-DOSSIER-COLLA.png","type":"image\/png"}],"author":"Colegio de Arquitectos de Chile","twitter_card":"summary_large_image","twitter_creator":"@colegioarq","twitter_site":"@colegioarq","twitter_misc":{"Escrito por":"Colegio de Arquitectos de Chile","Tiempo de lectura":"3 minutos"},"schema":{"@context":"https:\/\/schema.org","@graph":[{"@type":"Article","@id":"https:\/\/colegioarquitectos.com\/noticias\/?p=33636#article","isPartOf":{"@id":"https:\/\/colegioarquitectos.com\/noticias\/?p=33636"},"author":{"name":"Colegio de Arquitectos de Chile","@id":"https:\/\/colegioarquitectos.com\/noticias\/#\/schema\/person\/685cc0aad148303c5608f049af8285ad"},"headline":"#Dossierdeobras 1-M: Museo comunitario de la Comunidad Ind\u00edgena Colla de la Comuna de Copiap\u00f3","datePublished":"2025-05-07T15:03:08+00:00","dateModified":"2025-05-07T15:03:08+00:00","mainEntityOfPage":{"@id":"https:\/\/colegioarquitectos.com\/noticias\/?p=33636"},"wordCount":148,"publisher":{"@id":"https:\/\/colegioarquitectos.com\/noticias\/#organization"},"image":{"@id":"https:\/\/colegioarquitectos.com\/noticias\/?p=33636#primaryimage"},"thumbnailUrl":"https:\/\/colegioarquitectos.com\/noticias\/wp-content\/uploads\/2025\/05\/ENCABEZADO-DOSSIER-COLLA.png","keywords":["#dossierdeobras","Colla","Copiap\u00f3","Dossier de obras","Museo comunitario de la Comunidad Ind\u00edgena Colla de la Comuna de Copiap\u00f3","museos","obras","Obras de arquitectura"],"articleSection":["#Dossierdeobras","Colegio"],"inLanguage":"es"},{"@type":"WebPage","@id":"https:\/\/colegioarquitectos.com\/noticias\/?p=33636","url":"https:\/\/colegioarquitectos.com\/noticias\/?p=33636","name":"#Dossierdeobras 1-M: Museo comunitario de la Comunidad Ind\u00edgena Colla de la Comuna de Copiap\u00f3 - COLEGIO DE ARQUITECTOS DE CHILE","isPartOf":{"@id":"https:\/\/colegioarquitectos.com\/noticias\/#website"},"primaryImageOfPage":{"@id":"https:\/\/colegioarquitectos.com\/noticias\/?p=33636#primaryimage"},"image":{"@id":"https:\/\/colegioarquitectos.com\/noticias\/?p=33636#primaryimage"},"thumbnailUrl":"https:\/\/colegioarquitectos.com\/noticias\/wp-content\/uploads\/2025\/05\/ENCABEZADO-DOSSIER-COLLA.png","datePublished":"2025-05-07T15:03:08+00:00","dateModified":"2025-05-07T15:03:08+00:00","description":"El Museo de la comunidad Ind\u00edgena Colla de la Comuna de Copiap\u00f3 se emplaza en el sector El Bolo de la quebrada de Paipote en la regi\u00f3n de Atacama, Chile a 2.130 m.s.n.m. El proyecto surge de la necesidad de la Comunidad por contar con un espacio en donde exponer su cultura y tradiciones. As\u00ed, la propuesta de arquitectura se compone de la restauraci\u00f3n de una vivienda vern\u00e1cula de piedra, la construcci\u00f3n de un volumen nuevo y espacios exteriores que articulan el programa cultural comunitario.","breadcrumb":{"@id":"https:\/\/colegioarquitectos.com\/noticias\/?p=33636#breadcrumb"},"inLanguage":"es","potentialAction":[{"@type":"ReadAction","target":["https:\/\/colegioarquitectos.com\/noticias\/?p=33636"]}]},{"@type":"ImageObject","inLanguage":"es","@id":"https:\/\/colegioarquitectos.com\/noticias\/?p=33636#primaryimage","url":"https:\/\/colegioarquitectos.com\/noticias\/wp-content\/uploads\/2025\/05\/ENCABEZADO-DOSSIER-COLLA.png","contentUrl":"https:\/\/colegioarquitectos.com\/noticias\/wp-content\/uploads\/2025\/05\/ENCABEZADO-DOSSIER-COLLA.png","width":1280,"height":720},{"@type":"BreadcrumbList","@id":"https:\/\/colegioarquitectos.com\/noticias\/?p=33636#breadcrumb","itemListElement":[{"@type":"ListItem","position":1,"name":"Portada","item":"https:\/\/colegioarquitectos.com\/noticias"},{"@type":"ListItem","position":2,"name":"#Dossierdeobras 1-M: Museo comunitario de la Comunidad Ind\u00edgena Colla de la Comuna de Copiap\u00f3"}]},{"@type":"WebSite","@id":"https:\/\/colegioarquitectos.com\/noticias\/#website","url":"https:\/\/colegioarquitectos.com\/noticias\/","name":"COLEGIO DE ARQUITECTOS DE CHILE","description":"","publisher":{"@id":"https:\/\/colegioarquitectos.com\/noticias\/#organization"},"potentialAction":[{"@type":"SearchAction","target":{"@type":"EntryPoint","urlTemplate":"https:\/\/colegioarquitectos.com\/noticias\/?s={search_term_string}"},"query-input":{"@type":"PropertyValueSpecification","valueRequired":true,"valueName":"search_term_string"}}],"inLanguage":"es"},{"@type":"Organization","@id":"https:\/\/colegioarquitectos.com\/noticias\/#organization","name":"COLEGIO DE ARQUITECTOS DE CHILE","url":"https:\/\/colegioarquitectos.com\/noticias\/","logo":{"@type":"ImageObject","inLanguage":"es","@id":"https:\/\/colegioarquitectos.com\/noticias\/#\/schema\/logo\/image\/","url":"https:\/\/colegioarquitectos.com\/noticias\/wp-content\/uploads\/2021\/05\/ENCABEZADO-LOGO-CA.jpg","contentUrl":"https:\/\/colegioarquitectos.com\/noticias\/wp-content\/uploads\/2021\/05\/ENCABEZADO-LOGO-CA.jpg","width":690,"height":350,"caption":"COLEGIO DE ARQUITECTOS DE CHILE"},"image":{"@id":"https:\/\/colegioarquitectos.com\/noticias\/#\/schema\/logo\/image\/"},"sameAs":["https:\/\/facebook.com\/Colegioarq\/","https:\/\/x.com\/colegioarq","https:\/\/instagram.com\/colegioarq","https:\/\/youtube.com\/@ColegiodeArquitectosdeChile"]},{"@type":"Person","@id":"https:\/\/colegioarquitectos.com\/noticias\/#\/schema\/person\/685cc0aad148303c5608f049af8285ad","name":"Colegio de Arquitectos de Chile","url":"https:\/\/colegioarquitectos.com\/noticias\/?author=4"}]}},"_links":{"self":[{"href":"https:\/\/colegioarquitectos.com\/noticias\/index.php?rest_route=\/wp\/v2\/posts\/33636","targetHints":{"allow":["GET"]}}],"collection":[{"href":"https:\/\/colegioarquitectos.com\/noticias\/index.php?rest_route=\/wp\/v2\/posts"}],"about":[{"href":"https:\/\/colegioarquitectos.com\/noticias\/index.php?rest_route=\/wp\/v2\/types\/post"}],"author":[{"embeddable":true,"href":"https:\/\/colegioarquitectos.com\/noticias\/index.php?rest_route=\/wp\/v2\/users\/4"}],"replies":[{"embeddable":true,"href":"https:\/\/colegioarquitectos.com\/noticias\/index.php?rest_route=%2Fwp%2Fv2%2Fcomments&post=33636"}],"version-history":[{"count":1,"href":"https:\/\/colegioarquitectos.com\/noticias\/index.php?rest_route=\/wp\/v2\/posts\/33636\/revisions"}],"predecessor-version":[{"id":33648,"href":"https:\/\/colegioarquitectos.com\/noticias\/index.php?rest_route=\/wp\/v2\/posts\/33636\/revisions\/33648"}],"wp:featuredmedia":[{"embeddable":true,"href":"https:\/\/colegioarquitectos.com\/noticias\/index.php?rest_route=\/wp\/v2\/media\/33647"}],"wp:attachment":[{"href":"https:\/\/colegioarquitectos.com\/noticias\/index.php?rest_route=%2Fwp%2Fv2%2Fmedia&parent=33636"}],"wp:term":[{"taxonomy":"category","embeddable":true,"href":"https:\/\/colegioarquitectos.com\/noticias\/index.php?rest_route=%2Fwp%2Fv2%2Fcategories&post=33636"},{"taxonomy":"post_tag","embeddable":true,"href":"https:\/\/colegioarquitectos.com\/noticias\/index.php?rest_route=%2Fwp%2Fv2%2Ftags&post=33636"}],"curies":[{"name":"wp","href":"https:\/\/api.w.org\/{rel}","templated":true}]}}