
{"id":33843,"date":"2025-06-09T12:48:42","date_gmt":"2025-06-09T16:48:42","guid":{"rendered":"https:\/\/colegioarquitectos.com\/noticias\/?p=33843"},"modified":"2025-06-09T12:48:42","modified_gmt":"2025-06-09T16:48:42","slug":"premio-nacional-de-arquitectura-lidera-diseno-para-restaurar-la-ex-carcel-publica-de-pisagua","status":"publish","type":"post","link":"https:\/\/colegioarquitectos.com\/noticias\/?p=33843","title":{"rendered":"Premio Nacional de Arquitectura lidera dise\u00f1o para restaurar la ex C\u00e1rcel P\u00fablica de Pisagua"},"content":{"rendered":"<p>El arquitecto <strong>Cristi\u00e1n Castillo<\/strong>, Premio Nacional de Arquitectura 2024, lidera el equipo multidisciplinario a cargo del dise\u00f1o del proyecto de restauraci\u00f3n de la ex C\u00e1rcel P\u00fablica de Pisagua. El inmueble, declarado Monumento Nacional y emblem\u00e1tico sitio de memoria de la Regi\u00f3n de Tarapac\u00e1, ser\u00e1 transformado en un <strong>Centro de Interpretaci\u00f3n Hist\u00f3rica<\/strong> de acceso p\u00fablico.<\/p>\n<p>El proyecto, financiado por el Gobierno Regional de Tarapac\u00e1 con recursos del FNDR por m\u00e1s de <strong>$451 millones<\/strong>, fue adjudicado a las consultoras <strong>U.T.P. Rosenmann L\u00f3pez Arquitectos SPA<\/strong> y <strong>Cristi\u00e1n Castillo Echeverr\u00eda E.I.R.L.<\/strong> Esta semana, ambas firmas realizaron junto a funcionarios de la Divisi\u00f3n de Infraestructura y Transporte del GORE la primera visita t\u00e9cnica al inmueble, constatando su <strong>grave deterioro estructural<\/strong> y el <strong>riesgo de colapso<\/strong> que enfrenta tras 115 a\u00f1os de historia y 87 de uso penitenciario.<\/p>\n<p>\u00abEstamos muy emocionados de estar ac\u00e1. Queremos transformar este espacio en un centro de memoria que reconozca su historia, pero tambi\u00e9n en un lugar donde Pisagua pueda proyectarse como comunidad\u00bb, se\u00f1al\u00f3 <strong>Cristi\u00e1n Castillo<\/strong> durante la visita a la ex C\u00e1rcel P\u00fablica de Pisagua.<\/p>\n<p>El arquitecto tambi\u00e9n destac\u00f3 el desaf\u00edo de generar consenso social: \u00abSabemos que existen diferencias respecto de este tipo de intervenciones, pero creemos que podemos demostrar el valor que tendr\u00e1 este proyecto no solo para Pisagua, sino para toda la regi\u00f3n\u00bb.<\/p>\n<p>El gobernador regional, <strong>Jos\u00e9 Miguel Carvajal<\/strong>, valor\u00f3 la participaci\u00f3n de Cristi\u00e1n Castillo: \u00abContar con un Premio Nacional de Arquitectura en este proyecto nos permite confiar en su est\u00e1ndar. Este es un compromiso serio por recuperar nuestro patrimonio y nuestra identidad regional\u00bb.<\/p>\n<p>&nbsp;<\/p>\n<h4><strong>Un poco de historia<\/strong><\/h4>\n<hr \/>\n<p>Construida a inicios del siglo XX, la ex c\u00e1rcel fue parte del n\u00facleo urbano de Pisagua, con un rol relevante en el ciclo salitrero y portuario. Su historia estuvo marcada por su uso carcelario durante gran parte del siglo pasado. Junto al Teatro Municipal y los vestigios del antiguo hospital, constituye una huella viva de la memoria local. Su restauraci\u00f3n, tras 35 a\u00f1os como Monumento Hist\u00f3rico y ocho como inmueble fiscal, representa un paso fundamental en la <strong>recuperaci\u00f3n del patrimonio y la memoria regional<\/strong>.<\/p>\n<p>&nbsp;<\/p>\n<p><\/p>","protected":false},"excerpt":{"rendered":"<p>El arquitecto Cristi\u00e1n Castillo, Premio Nacional de Arquitectura 2024, lidera el equipo multidisciplinario a cargo del dise\u00f1o del proyecto de restauraci\u00f3n de la ex C\u00e1rcel P\u00fablica de Pisagua. El inmueble, declarado Monumento Nacional y emblem\u00e1tico sitio de memoria de la &hellip; <a class=\"more-link\" href=\"https:\/\/colegioarquitectos.com\/noticias\/?p=33843\">ver m\u00e1s<\/a><\/p>","protected":false},"author":4,"featured_media":33844,"comment_status":"closed","ping_status":"closed","sticky":false,"template":"","format":"standard","meta":{"footnotes":""},"categories":[3],"tags":[898,899,1320,1322,1321,1319,90,799],"class_list":["post-33843","post","type-post","status-publish","format-standard","has-post-thumbnail","hentry","category-noticias","tag-cristian-castillo","tag-cristian-castillo-echeverria","tag-ex-carcel-publica-de-pisagua","tag-gobierno-regional-de-tarapaca","tag-jose-miguel-carvajal","tag-pisagua","tag-premio-nacional-de-arquitectura","tag-premio-nacional-de-arquitectura-2024"],"yoast_head":"<!-- This site is optimized with the Yoast SEO plugin v24.2 - https:\/\/yoast.com\/wordpress\/plugins\/seo\/ -->\n<title>Premio Nacional de Arquitectura lidera dise\u00f1o para restaurar la ex C\u00e1rcel P\u00fablica de Pisagua - COLEGIO DE ARQUITECTOS DE CHILE<\/title>\n<meta name=\"description\" content=\"El arquitecto Cristi\u00e1n Castillo, Premio Nacional de Arquitectura 2024, lidera el equipo multidisciplinario a cargo del dise\u00f1o del proyecto de restauraci\u00f3n de la ex C\u00e1rcel P\u00fablica de Pisagua. El inmueble, declarado Monumento Nacional y emblem\u00e1tico sitio de memoria de la Regi\u00f3n de Tarapac\u00e1, ser\u00e1 transformado en un Centro de Interpretaci\u00f3n Hist\u00f3rica de acceso p\u00fablico.\" \/>\n<meta name=\"robots\" content=\"index, follow, max-snippet:-1, max-image-preview:large, max-video-preview:-1\" \/>\n<link rel=\"canonical\" href=\"https:\/\/colegioarquitectos.com\/noticias\/?p=33843\" \/>\n<meta property=\"og:locale\" content=\"es_ES\" \/>\n<meta property=\"og:type\" content=\"article\" \/>\n<meta property=\"og:title\" content=\"Premio Nacional de Arquitectura lidera dise\u00f1o para restaurar la ex C\u00e1rcel P\u00fablica de Pisagua - COLEGIO DE ARQUITECTOS DE CHILE\" \/>\n<meta property=\"og:description\" content=\"El arquitecto Cristi\u00e1n Castillo, Premio Nacional de Arquitectura 2024, lidera el equipo multidisciplinario a cargo del dise\u00f1o del proyecto de restauraci\u00f3n de la ex C\u00e1rcel P\u00fablica de Pisagua. El inmueble, declarado Monumento Nacional y emblem\u00e1tico sitio de memoria de la Regi\u00f3n de Tarapac\u00e1, ser\u00e1 transformado en un Centro de Interpretaci\u00f3n Hist\u00f3rica de acceso p\u00fablico.\" \/>\n<meta property=\"og:url\" content=\"https:\/\/colegioarquitectos.com\/noticias\/?p=33843\" \/>\n<meta property=\"og:site_name\" content=\"COLEGIO DE ARQUITECTOS DE CHILE\" \/>\n<meta property=\"article:publisher\" content=\"https:\/\/facebook.com\/Colegioarq\/\" \/>\n<meta property=\"article:published_time\" content=\"2025-06-09T16:48:42+00:00\" \/>\n<meta property=\"og:image\" content=\"https:\/\/colegioarquitectos.com\/noticias\/wp-content\/uploads\/2025\/06\/castillo-en-pisagua.png\" \/>\n\t<meta property=\"og:image:width\" content=\"1280\" \/>\n\t<meta property=\"og:image:height\" content=\"720\" \/>\n\t<meta property=\"og:image:type\" content=\"image\/png\" \/>\n<meta name=\"author\" content=\"Colegio de Arquitectos de Chile\" \/>\n<meta name=\"twitter:card\" content=\"summary_large_image\" \/>\n<meta name=\"twitter:creator\" content=\"@colegioarq\" \/>\n<meta name=\"twitter:site\" content=\"@colegioarq\" \/>\n<meta name=\"twitter:label1\" content=\"Escrito por\" \/>\n\t<meta name=\"twitter:data1\" content=\"Colegio de Arquitectos de Chile\" \/>\n\t<meta name=\"twitter:label2\" content=\"Tiempo de lectura\" \/>\n\t<meta name=\"twitter:data2\" content=\"2 minutos\" \/>\n<script type=\"application\/ld+json\" class=\"yoast-schema-graph\">{\"@context\":\"https:\/\/schema.org\",\"@graph\":[{\"@type\":\"Article\",\"@id\":\"https:\/\/colegioarquitectos.com\/noticias\/?p=33843#article\",\"isPartOf\":{\"@id\":\"https:\/\/colegioarquitectos.com\/noticias\/?p=33843\"},\"author\":{\"name\":\"Colegio de Arquitectos de Chile\",\"@id\":\"https:\/\/colegioarquitectos.com\/noticias\/#\/schema\/person\/685cc0aad148303c5608f049af8285ad\"},\"headline\":\"Premio Nacional de Arquitectura lidera dise\u00f1o para restaurar la ex C\u00e1rcel P\u00fablica de Pisagua\",\"datePublished\":\"2025-06-09T16:48:42+00:00\",\"dateModified\":\"2025-06-09T16:48:42+00:00\",\"mainEntityOfPage\":{\"@id\":\"https:\/\/colegioarquitectos.com\/noticias\/?p=33843\"},\"wordCount\":397,\"publisher\":{\"@id\":\"https:\/\/colegioarquitectos.com\/noticias\/#organization\"},\"image\":{\"@id\":\"https:\/\/colegioarquitectos.com\/noticias\/?p=33843#primaryimage\"},\"thumbnailUrl\":\"https:\/\/colegioarquitectos.com\/noticias\/wp-content\/uploads\/2025\/06\/castillo-en-pisagua.png\",\"keywords\":[\"Cristi\u00e1n Castillo\",\"Cristi\u00e1n Castillo Echeverr\u00eda\",\"ex C\u00e1rcel P\u00fablica de Pisagua\",\"Gobierno Regional de Tarapac\u00e1\",\"Jos\u00e9 Miguel Carvajal\",\"Pisagua\",\"premio nacional de arquitectura\",\"Premio Nacional de Arquitectura 2024\"],\"articleSection\":[\"Noticias\"],\"inLanguage\":\"es\"},{\"@type\":\"WebPage\",\"@id\":\"https:\/\/colegioarquitectos.com\/noticias\/?p=33843\",\"url\":\"https:\/\/colegioarquitectos.com\/noticias\/?p=33843\",\"name\":\"Premio Nacional de Arquitectura lidera dise\u00f1o para restaurar la ex C\u00e1rcel P\u00fablica de Pisagua - COLEGIO DE ARQUITECTOS DE CHILE\",\"isPartOf\":{\"@id\":\"https:\/\/colegioarquitectos.com\/noticias\/#website\"},\"primaryImageOfPage\":{\"@id\":\"https:\/\/colegioarquitectos.com\/noticias\/?p=33843#primaryimage\"},\"image\":{\"@id\":\"https:\/\/colegioarquitectos.com\/noticias\/?p=33843#primaryimage\"},\"thumbnailUrl\":\"https:\/\/colegioarquitectos.com\/noticias\/wp-content\/uploads\/2025\/06\/castillo-en-pisagua.png\",\"datePublished\":\"2025-06-09T16:48:42+00:00\",\"dateModified\":\"2025-06-09T16:48:42+00:00\",\"description\":\"El arquitecto Cristi\u00e1n Castillo, Premio Nacional de Arquitectura 2024, lidera el equipo multidisciplinario a cargo del dise\u00f1o del proyecto de restauraci\u00f3n de la ex C\u00e1rcel P\u00fablica de Pisagua. El inmueble, declarado Monumento Nacional y emblem\u00e1tico sitio de memoria de la Regi\u00f3n de Tarapac\u00e1, ser\u00e1 transformado en un Centro de Interpretaci\u00f3n Hist\u00f3rica de acceso p\u00fablico.\",\"breadcrumb\":{\"@id\":\"https:\/\/colegioarquitectos.com\/noticias\/?p=33843#breadcrumb\"},\"inLanguage\":\"es\",\"potentialAction\":[{\"@type\":\"ReadAction\",\"target\":[\"https:\/\/colegioarquitectos.com\/noticias\/?p=33843\"]}]},{\"@type\":\"ImageObject\",\"inLanguage\":\"es\",\"@id\":\"https:\/\/colegioarquitectos.com\/noticias\/?p=33843#primaryimage\",\"url\":\"https:\/\/colegioarquitectos.com\/noticias\/wp-content\/uploads\/2025\/06\/castillo-en-pisagua.png\",\"contentUrl\":\"https:\/\/colegioarquitectos.com\/noticias\/wp-content\/uploads\/2025\/06\/castillo-en-pisagua.png\",\"width\":1280,\"height\":720},{\"@type\":\"BreadcrumbList\",\"@id\":\"https:\/\/colegioarquitectos.com\/noticias\/?p=33843#breadcrumb\",\"itemListElement\":[{\"@type\":\"ListItem\",\"position\":1,\"name\":\"Portada\",\"item\":\"https:\/\/colegioarquitectos.com\/noticias\"},{\"@type\":\"ListItem\",\"position\":2,\"name\":\"Premio Nacional de Arquitectura lidera dise\u00f1o para restaurar la ex C\u00e1rcel P\u00fablica de Pisagua\"}]},{\"@type\":\"WebSite\",\"@id\":\"https:\/\/colegioarquitectos.com\/noticias\/#website\",\"url\":\"https:\/\/colegioarquitectos.com\/noticias\/\",\"name\":\"COLEGIO DE ARQUITECTOS DE CHILE\",\"description\":\"\",\"publisher\":{\"@id\":\"https:\/\/colegioarquitectos.com\/noticias\/#organization\"},\"potentialAction\":[{\"@type\":\"SearchAction\",\"target\":{\"@type\":\"EntryPoint\",\"urlTemplate\":\"https:\/\/colegioarquitectos.com\/noticias\/?s={search_term_string}\"},\"query-input\":{\"@type\":\"PropertyValueSpecification\",\"valueRequired\":true,\"valueName\":\"search_term_string\"}}],\"inLanguage\":\"es\"},{\"@type\":\"Organization\",\"@id\":\"https:\/\/colegioarquitectos.com\/noticias\/#organization\",\"name\":\"COLEGIO DE ARQUITECTOS DE CHILE\",\"url\":\"https:\/\/colegioarquitectos.com\/noticias\/\",\"logo\":{\"@type\":\"ImageObject\",\"inLanguage\":\"es\",\"@id\":\"https:\/\/colegioarquitectos.com\/noticias\/#\/schema\/logo\/image\/\",\"url\":\"https:\/\/colegioarquitectos.com\/noticias\/wp-content\/uploads\/2021\/05\/ENCABEZADO-LOGO-CA.jpg\",\"contentUrl\":\"https:\/\/colegioarquitectos.com\/noticias\/wp-content\/uploads\/2021\/05\/ENCABEZADO-LOGO-CA.jpg\",\"width\":690,\"height\":350,\"caption\":\"COLEGIO DE ARQUITECTOS DE CHILE\"},\"image\":{\"@id\":\"https:\/\/colegioarquitectos.com\/noticias\/#\/schema\/logo\/image\/\"},\"sameAs\":[\"https:\/\/facebook.com\/Colegioarq\/\",\"https:\/\/x.com\/colegioarq\",\"https:\/\/instagram.com\/colegioarq\",\"https:\/\/youtube.com\/@ColegiodeArquitectosdeChile\"]},{\"@type\":\"Person\",\"@id\":\"https:\/\/colegioarquitectos.com\/noticias\/#\/schema\/person\/685cc0aad148303c5608f049af8285ad\",\"name\":\"Colegio de Arquitectos de Chile\",\"url\":\"https:\/\/colegioarquitectos.com\/noticias\/?author=4\"}]}<\/script>\n<!-- \/ Yoast SEO plugin. -->","yoast_head_json":{"title":"Premio Nacional de Arquitectura lidera dise\u00f1o para restaurar la ex C\u00e1rcel P\u00fablica de Pisagua - COLEGIO DE ARQUITECTOS DE CHILE","description":"El arquitecto Cristi\u00e1n Castillo, Premio Nacional de Arquitectura 2024, lidera el equipo multidisciplinario a cargo del dise\u00f1o del proyecto de restauraci\u00f3n de la ex C\u00e1rcel P\u00fablica de Pisagua. El inmueble, declarado Monumento Nacional y emblem\u00e1tico sitio de memoria de la Regi\u00f3n de Tarapac\u00e1, ser\u00e1 transformado en un Centro de Interpretaci\u00f3n Hist\u00f3rica de acceso p\u00fablico.","robots":{"index":"index","follow":"follow","max-snippet":"max-snippet:-1","max-image-preview":"max-image-preview:large","max-video-preview":"max-video-preview:-1"},"canonical":"https:\/\/colegioarquitectos.com\/noticias\/?p=33843","og_locale":"es_ES","og_type":"article","og_title":"Premio Nacional de Arquitectura lidera dise\u00f1o para restaurar la ex C\u00e1rcel P\u00fablica de Pisagua - COLEGIO DE ARQUITECTOS DE CHILE","og_description":"El arquitecto Cristi\u00e1n Castillo, Premio Nacional de Arquitectura 2024, lidera el equipo multidisciplinario a cargo del dise\u00f1o del proyecto de restauraci\u00f3n de la ex C\u00e1rcel P\u00fablica de Pisagua. El inmueble, declarado Monumento Nacional y emblem\u00e1tico sitio de memoria de la Regi\u00f3n de Tarapac\u00e1, ser\u00e1 transformado en un Centro de Interpretaci\u00f3n Hist\u00f3rica de acceso p\u00fablico.","og_url":"https:\/\/colegioarquitectos.com\/noticias\/?p=33843","og_site_name":"COLEGIO DE ARQUITECTOS DE CHILE","article_publisher":"https:\/\/facebook.com\/Colegioarq\/","article_published_time":"2025-06-09T16:48:42+00:00","og_image":[{"width":1280,"height":720,"url":"https:\/\/colegioarquitectos.com\/noticias\/wp-content\/uploads\/2025\/06\/castillo-en-pisagua.png","type":"image\/png"}],"author":"Colegio de Arquitectos de Chile","twitter_card":"summary_large_image","twitter_creator":"@colegioarq","twitter_site":"@colegioarq","twitter_misc":{"Escrito por":"Colegio de Arquitectos de Chile","Tiempo de lectura":"2 minutos"},"schema":{"@context":"https:\/\/schema.org","@graph":[{"@type":"Article","@id":"https:\/\/colegioarquitectos.com\/noticias\/?p=33843#article","isPartOf":{"@id":"https:\/\/colegioarquitectos.com\/noticias\/?p=33843"},"author":{"name":"Colegio de Arquitectos de Chile","@id":"https:\/\/colegioarquitectos.com\/noticias\/#\/schema\/person\/685cc0aad148303c5608f049af8285ad"},"headline":"Premio Nacional de Arquitectura lidera dise\u00f1o para restaurar la ex C\u00e1rcel P\u00fablica de Pisagua","datePublished":"2025-06-09T16:48:42+00:00","dateModified":"2025-06-09T16:48:42+00:00","mainEntityOfPage":{"@id":"https:\/\/colegioarquitectos.com\/noticias\/?p=33843"},"wordCount":397,"publisher":{"@id":"https:\/\/colegioarquitectos.com\/noticias\/#organization"},"image":{"@id":"https:\/\/colegioarquitectos.com\/noticias\/?p=33843#primaryimage"},"thumbnailUrl":"https:\/\/colegioarquitectos.com\/noticias\/wp-content\/uploads\/2025\/06\/castillo-en-pisagua.png","keywords":["Cristi\u00e1n Castillo","Cristi\u00e1n Castillo Echeverr\u00eda","ex C\u00e1rcel P\u00fablica de Pisagua","Gobierno Regional de Tarapac\u00e1","Jos\u00e9 Miguel Carvajal","Pisagua","premio nacional de arquitectura","Premio Nacional de Arquitectura 2024"],"articleSection":["Noticias"],"inLanguage":"es"},{"@type":"WebPage","@id":"https:\/\/colegioarquitectos.com\/noticias\/?p=33843","url":"https:\/\/colegioarquitectos.com\/noticias\/?p=33843","name":"Premio Nacional de Arquitectura lidera dise\u00f1o para restaurar la ex C\u00e1rcel P\u00fablica de Pisagua - COLEGIO DE ARQUITECTOS DE CHILE","isPartOf":{"@id":"https:\/\/colegioarquitectos.com\/noticias\/#website"},"primaryImageOfPage":{"@id":"https:\/\/colegioarquitectos.com\/noticias\/?p=33843#primaryimage"},"image":{"@id":"https:\/\/colegioarquitectos.com\/noticias\/?p=33843#primaryimage"},"thumbnailUrl":"https:\/\/colegioarquitectos.com\/noticias\/wp-content\/uploads\/2025\/06\/castillo-en-pisagua.png","datePublished":"2025-06-09T16:48:42+00:00","dateModified":"2025-06-09T16:48:42+00:00","description":"El arquitecto Cristi\u00e1n Castillo, Premio Nacional de Arquitectura 2024, lidera el equipo multidisciplinario a cargo del dise\u00f1o del proyecto de restauraci\u00f3n de la ex C\u00e1rcel P\u00fablica de Pisagua. El inmueble, declarado Monumento Nacional y emblem\u00e1tico sitio de memoria de la Regi\u00f3n de Tarapac\u00e1, ser\u00e1 transformado en un Centro de Interpretaci\u00f3n Hist\u00f3rica de acceso p\u00fablico.","breadcrumb":{"@id":"https:\/\/colegioarquitectos.com\/noticias\/?p=33843#breadcrumb"},"inLanguage":"es","potentialAction":[{"@type":"ReadAction","target":["https:\/\/colegioarquitectos.com\/noticias\/?p=33843"]}]},{"@type":"ImageObject","inLanguage":"es","@id":"https:\/\/colegioarquitectos.com\/noticias\/?p=33843#primaryimage","url":"https:\/\/colegioarquitectos.com\/noticias\/wp-content\/uploads\/2025\/06\/castillo-en-pisagua.png","contentUrl":"https:\/\/colegioarquitectos.com\/noticias\/wp-content\/uploads\/2025\/06\/castillo-en-pisagua.png","width":1280,"height":720},{"@type":"BreadcrumbList","@id":"https:\/\/colegioarquitectos.com\/noticias\/?p=33843#breadcrumb","itemListElement":[{"@type":"ListItem","position":1,"name":"Portada","item":"https:\/\/colegioarquitectos.com\/noticias"},{"@type":"ListItem","position":2,"name":"Premio Nacional de Arquitectura lidera dise\u00f1o para restaurar la ex C\u00e1rcel P\u00fablica de Pisagua"}]},{"@type":"WebSite","@id":"https:\/\/colegioarquitectos.com\/noticias\/#website","url":"https:\/\/colegioarquitectos.com\/noticias\/","name":"COLEGIO DE ARQUITECTOS DE CHILE","description":"","publisher":{"@id":"https:\/\/colegioarquitectos.com\/noticias\/#organization"},"potentialAction":[{"@type":"SearchAction","target":{"@type":"EntryPoint","urlTemplate":"https:\/\/colegioarquitectos.com\/noticias\/?s={search_term_string}"},"query-input":{"@type":"PropertyValueSpecification","valueRequired":true,"valueName":"search_term_string"}}],"inLanguage":"es"},{"@type":"Organization","@id":"https:\/\/colegioarquitectos.com\/noticias\/#organization","name":"COLEGIO DE ARQUITECTOS DE CHILE","url":"https:\/\/colegioarquitectos.com\/noticias\/","logo":{"@type":"ImageObject","inLanguage":"es","@id":"https:\/\/colegioarquitectos.com\/noticias\/#\/schema\/logo\/image\/","url":"https:\/\/colegioarquitectos.com\/noticias\/wp-content\/uploads\/2021\/05\/ENCABEZADO-LOGO-CA.jpg","contentUrl":"https:\/\/colegioarquitectos.com\/noticias\/wp-content\/uploads\/2021\/05\/ENCABEZADO-LOGO-CA.jpg","width":690,"height":350,"caption":"COLEGIO DE ARQUITECTOS DE CHILE"},"image":{"@id":"https:\/\/colegioarquitectos.com\/noticias\/#\/schema\/logo\/image\/"},"sameAs":["https:\/\/facebook.com\/Colegioarq\/","https:\/\/x.com\/colegioarq","https:\/\/instagram.com\/colegioarq","https:\/\/youtube.com\/@ColegiodeArquitectosdeChile"]},{"@type":"Person","@id":"https:\/\/colegioarquitectos.com\/noticias\/#\/schema\/person\/685cc0aad148303c5608f049af8285ad","name":"Colegio de Arquitectos de Chile","url":"https:\/\/colegioarquitectos.com\/noticias\/?author=4"}]}},"_links":{"self":[{"href":"https:\/\/colegioarquitectos.com\/noticias\/index.php?rest_route=\/wp\/v2\/posts\/33843","targetHints":{"allow":["GET"]}}],"collection":[{"href":"https:\/\/colegioarquitectos.com\/noticias\/index.php?rest_route=\/wp\/v2\/posts"}],"about":[{"href":"https:\/\/colegioarquitectos.com\/noticias\/index.php?rest_route=\/wp\/v2\/types\/post"}],"author":[{"embeddable":true,"href":"https:\/\/colegioarquitectos.com\/noticias\/index.php?rest_route=\/wp\/v2\/users\/4"}],"replies":[{"embeddable":true,"href":"https:\/\/colegioarquitectos.com\/noticias\/index.php?rest_route=%2Fwp%2Fv2%2Fcomments&post=33843"}],"version-history":[{"count":1,"href":"https:\/\/colegioarquitectos.com\/noticias\/index.php?rest_route=\/wp\/v2\/posts\/33843\/revisions"}],"predecessor-version":[{"id":33845,"href":"https:\/\/colegioarquitectos.com\/noticias\/index.php?rest_route=\/wp\/v2\/posts\/33843\/revisions\/33845"}],"wp:featuredmedia":[{"embeddable":true,"href":"https:\/\/colegioarquitectos.com\/noticias\/index.php?rest_route=\/wp\/v2\/media\/33844"}],"wp:attachment":[{"href":"https:\/\/colegioarquitectos.com\/noticias\/index.php?rest_route=%2Fwp%2Fv2%2Fmedia&parent=33843"}],"wp:term":[{"taxonomy":"category","embeddable":true,"href":"https:\/\/colegioarquitectos.com\/noticias\/index.php?rest_route=%2Fwp%2Fv2%2Fcategories&post=33843"},{"taxonomy":"post_tag","embeddable":true,"href":"https:\/\/colegioarquitectos.com\/noticias\/index.php?rest_route=%2Fwp%2Fv2%2Ftags&post=33843"}],"curies":[{"name":"wp","href":"https:\/\/api.w.org\/{rel}","templated":true}]}}