
{"id":3391,"date":"2012-12-05T10:40:45","date_gmt":"2012-12-05T10:40:45","guid":{"rendered":"http:\/\/colegioarquitectos.com\/noticias\/?p=3391"},"modified":"2012-12-12T13:36:45","modified_gmt":"2012-12-12T13:36:45","slug":"premiacion-nanometrajes-%e2%80%a2-patrimoniales-comite-patrimonio-xviii-bienal-de-arquitectura-y-territorio-2012","status":"publish","type":"post","link":"https:\/\/colegioarquitectos.com\/noticias\/?p=3391","title":{"rendered":"Premiaci\u00f3n Nanometrajes \u2022 Patrimoniales \/ Comit\u00e9 Patrimonio \/ XVIII Bienal de Arquitectura y Territorio 2012"},"content":{"rendered":"<p style=\"text-align: justify;\"><strong><span style=\"text-decoration: underline;\">Comit\u00e9 de Patrimonio &#8211; Colegio de Arquitectos de Chile<\/span><\/strong><\/p>\n<p style=\"text-align: justify;\">Quisi\u00e9ramos manifestar la gran satisfacci\u00f3n que tenemos por el \u00e9xito de esta iniciativa.<\/p>\n<p style=\"text-align: justify;\">Felicitamos a todos los participantes, por cuanto aportaron con su mirada a descubrir y a pensar en nuestro patrimonio.<\/p>\n<p style=\"text-align: justify;\">No s\u00f3lo estamos muy contentos por la cantidad de trabajos que han participado, sino tambi\u00e9n por la calidad y diversidad de \u00e9stos, adem\u00e1s de provenir de muchos lugares de nuestro pa\u00eds. Participando, entre otros, proyecto de La Serena, Coquimbo, Villa Alemana, Limache, Santiago, Concepci\u00f3n, Tom\u00e9, Penco, Osorno y Puerto Montt.<\/p>\n<p style=\"text-align: justify;\">El jurado tuvo una ardua labor en la que se pusieron en juego la diversidad del Patrimonio, el contenido de las propuestas y las formas de transmitirlo, el lenguaje propio del video, lo visual y la construcci\u00f3n de un relato.<\/p>\n<p style=\"text-align: justify;\">Agradecemos la labor del jurado.<\/p>\n<p style=\"text-align: justify;\">Agradecemos a Geisha Arriagada por su aporte en el Colegio de Arquitectos.<\/p>\n<p style=\"text-align: justify;\">Y a nuestros patrocinadores: Biblioteca Nacional \/ Cineteca Nacional \/ Cineteca Universidad de Chile \/ Eje Alameda \/ Cultura Mapocho \/ Nodo FAU \/ Instituto Varsovienne \/ Bicipaseos Patrimoniales y muy especialmente a Radio B\u00edo B\u00edo, quien aport\u00f3 significativamente en la difusi\u00f3n y concreci\u00f3n del concurso.<\/p>\n<p style=\"text-align: justify;\"><strong>\u00a0<\/strong><\/p>\n<p style=\"text-align: justify;\"><strong>En esta Bienal, titulada \u201cCiudades para ciudadanos\u201d, han sido los ciudadanos los que nos transmitieron a trav\u00e9s de estos videos, \u00f3pticas y dimensiones del patrimonio.<\/strong><\/p>\n<p style=\"text-align: justify;\"><strong>\u00a0<\/strong><\/p>\n<p style=\"text-align: justify;\"><strong>\u00a0<\/strong><\/p>\n<p style=\"text-align: justify;\"><strong>1er Lugar <\/strong><strong>\u00bfO LO SAB\u00cdA? <\/strong><strong>AMANDA RIVERA VIDAL &#8211; CRISTI\u00c1N MU\u00d1OZ CATAL\u00c1N (SANTIAGO)<\/strong><\/p>\n<p style=\"text-align: justify;\"><strong>\u00a0<\/strong><\/p>\n<p style=\"text-align: justify;\"><strong>2\u00ba Lugar <\/strong><strong>EL TIEMPO PASA LOS SURCOS QUEDAN <\/strong><strong>CLAUDIA NICOLE BERNET VALLE (CON-CON)\u00a0\u00a0\u00a0\u00a0\u00a0\u00a0\u00a0 <\/strong><\/p>\n<p style=\"text-align: justify;\"><strong>\u00a0<\/strong><\/p>\n<p style=\"text-align: justify;\"><strong>Premio del P\u00fablico <\/strong><strong>SUR \u2013 TERRA <\/strong><strong>CONSTANZA MU\u00d1OZ OLIVERA &#8211; FRANCISCA OJEDA AGUILERA (PUERTO MONTT)<\/strong><\/p>\n<p style=\"text-align: justify;\"><strong><span style=\"text-decoration: underline;\">Seleccionados Jurado<\/span><\/strong><\/p>\n<p style=\"text-align: justify;\">PATRICIA SAN NICOL\u00c1S VARGAS &#8211; FELIPE ALFREDO VARELA MAR\u00cdN \/ <strong>ITINERANTE <\/strong>(LA SERENA)<\/p>\n<p style=\"text-align: justify;\">PABLO EMILIANO BLANCO BARROS &#8211; ANDR\u00c9S VALD\u00c9S OJEDA \/ <strong>SAN PEDRO <\/strong>(LA REINA &#8211; SANTIAGO)<\/p>\n<p style=\"text-align: justify;\">CARLOS ALBERTO ROJAS HURTADO \/ <strong>NO ME OLVIDES <\/strong>(OSORNO)<\/p>\n<p style=\"text-align: justify;\">GUSTAVO CASTRO ELGUETA \/ <strong>INTEGRIDAD <\/strong>(PENCO)<\/p>\n<p style=\"text-align: justify;\">ANDR\u00c9S IGNACIO MORALES ZAMBRA &#8211; ANTONIA ZAMBRA \u00c1LVAREZ &#8211; RAFAEL ZAMBRA \u00c1LVAREZ (\u00d1U\u00d1OA &#8211; SANTIAGO) \/ <strong>TODAV\u00cdA QUEDAN PLATOS EN LA MESA<\/strong><\/p>\n<p style=\"text-align: justify;\">MARCELA SILVA VILLANUEVA \/ <strong>EL \u00daLTIMO IMPERIO <\/strong>(PROVIDENCIA &#8211; SANTIAGO)<\/p>\n<p style=\"text-align: justify;\">EDUARDO MOSCOSO MUJICA \/ <strong>YO SOY PATRIMONIO <\/strong>(VILLA ALEMANA)<\/p>\n<p><\/p>","protected":false},"excerpt":{"rendered":"<p>Comit\u00e9 de Patrimonio &#8211; Colegio de Arquitectos de Chile Quisi\u00e9ramos manifestar la gran satisfacci\u00f3n que tenemos por el \u00e9xito de esta iniciativa. Felicitamos a todos los participantes, por cuanto aportaron con su mirada a descubrir y a pensar en nuestro &hellip; <a class=\"more-link\" href=\"https:\/\/colegioarquitectos.com\/noticias\/?p=3391\">ver m\u00e1s<\/a><\/p>","protected":false},"author":1,"featured_media":0,"comment_status":"open","ping_status":"open","sticky":false,"template":"","format":"standard","meta":{"footnotes":""},"categories":[19,8,9,12],"tags":[],"class_list":["post-3391","post","type-post","status-publish","format-standard","hentry","category-actividades","category-colegio-de-arquitectos","category-comites","category-xviii-bienal-de-arquitectura-2012"],"yoast_head":"<!-- This site is optimized with the Yoast SEO plugin v24.2 - https:\/\/yoast.com\/wordpress\/plugins\/seo\/ -->\n<title>Premiaci\u00f3n Nanometrajes \u2022 Patrimoniales \/ Comit\u00e9 Patrimonio \/ XVIII Bienal de Arquitectura y Territorio 2012 - COLEGIO DE ARQUITECTOS DE CHILE<\/title>\n<meta name=\"robots\" content=\"index, follow, max-snippet:-1, max-image-preview:large, max-video-preview:-1\" \/>\n<link rel=\"canonical\" href=\"https:\/\/colegioarquitectos.com\/noticias\/?p=3391\" \/>\n<meta property=\"og:locale\" content=\"es_ES\" \/>\n<meta property=\"og:type\" content=\"article\" \/>\n<meta property=\"og:title\" content=\"Premiaci\u00f3n Nanometrajes \u2022 Patrimoniales \/ Comit\u00e9 Patrimonio \/ XVIII Bienal de Arquitectura y Territorio 2012 - COLEGIO DE ARQUITECTOS DE CHILE\" \/>\n<meta property=\"og:description\" content=\"Comit\u00e9 de Patrimonio &#8211; Colegio de Arquitectos de Chile Quisi\u00e9ramos manifestar la gran satisfacci\u00f3n que tenemos por el \u00e9xito de esta iniciativa. Felicitamos a todos los participantes, por cuanto aportaron con su mirada a descubrir y a pensar en nuestro &hellip; ver m\u00e1s\" \/>\n<meta property=\"og:url\" content=\"https:\/\/colegioarquitectos.com\/noticias\/?p=3391\" \/>\n<meta property=\"og:site_name\" content=\"COLEGIO DE ARQUITECTOS DE CHILE\" \/>\n<meta property=\"article:publisher\" content=\"https:\/\/facebook.com\/Colegioarq\/\" \/>\n<meta property=\"article:published_time\" content=\"2012-12-05T10:40:45+00:00\" \/>\n<meta property=\"article:modified_time\" content=\"2012-12-12T13:36:45+00:00\" \/>\n<meta name=\"author\" content=\"Gabriel Salgado S.\" \/>\n<meta name=\"twitter:card\" content=\"summary_large_image\" \/>\n<meta name=\"twitter:creator\" content=\"@colegioarq\" \/>\n<meta name=\"twitter:site\" content=\"@colegioarq\" \/>\n<meta name=\"twitter:label1\" content=\"Escrito por\" \/>\n\t<meta name=\"twitter:data1\" content=\"Gabriel Salgado S.\" \/>\n\t<meta name=\"twitter:label2\" content=\"Tiempo de lectura\" \/>\n\t<meta name=\"twitter:data2\" content=\"2 minutos\" \/>\n<script type=\"application\/ld+json\" class=\"yoast-schema-graph\">{\"@context\":\"https:\/\/schema.org\",\"@graph\":[{\"@type\":\"Article\",\"@id\":\"https:\/\/colegioarquitectos.com\/noticias\/?p=3391#article\",\"isPartOf\":{\"@id\":\"https:\/\/colegioarquitectos.com\/noticias\/?p=3391\"},\"author\":{\"name\":\"Gabriel Salgado S.\",\"@id\":\"https:\/\/colegioarquitectos.com\/noticias\/#\/schema\/person\/b6c7e912cd1283c089114093ed09741f\"},\"headline\":\"Premiaci\u00f3n Nanometrajes \u2022 Patrimoniales \/ Comit\u00e9 Patrimonio \/ XVIII Bienal de Arquitectura y Territorio 2012\",\"datePublished\":\"2012-12-05T10:40:45+00:00\",\"dateModified\":\"2012-12-12T13:36:45+00:00\",\"mainEntityOfPage\":{\"@id\":\"https:\/\/colegioarquitectos.com\/noticias\/?p=3391\"},\"wordCount\":368,\"commentCount\":0,\"publisher\":{\"@id\":\"https:\/\/colegioarquitectos.com\/noticias\/#organization\"},\"articleSection\":[\"Actividades\",\"Colegio\",\"Comit\u00e9s\",\"XVIII Bienal de Arquitectura 2012\"],\"inLanguage\":\"es\",\"potentialAction\":[{\"@type\":\"CommentAction\",\"name\":\"Comment\",\"target\":[\"https:\/\/colegioarquitectos.com\/noticias\/?p=3391#respond\"]}]},{\"@type\":\"WebPage\",\"@id\":\"https:\/\/colegioarquitectos.com\/noticias\/?p=3391\",\"url\":\"https:\/\/colegioarquitectos.com\/noticias\/?p=3391\",\"name\":\"Premiaci\u00f3n Nanometrajes \u2022 Patrimoniales \/ Comit\u00e9 Patrimonio \/ XVIII Bienal de Arquitectura y Territorio 2012 - COLEGIO DE ARQUITECTOS DE CHILE\",\"isPartOf\":{\"@id\":\"https:\/\/colegioarquitectos.com\/noticias\/#website\"},\"datePublished\":\"2012-12-05T10:40:45+00:00\",\"dateModified\":\"2012-12-12T13:36:45+00:00\",\"breadcrumb\":{\"@id\":\"https:\/\/colegioarquitectos.com\/noticias\/?p=3391#breadcrumb\"},\"inLanguage\":\"es\",\"potentialAction\":[{\"@type\":\"ReadAction\",\"target\":[\"https:\/\/colegioarquitectos.com\/noticias\/?p=3391\"]}]},{\"@type\":\"BreadcrumbList\",\"@id\":\"https:\/\/colegioarquitectos.com\/noticias\/?p=3391#breadcrumb\",\"itemListElement\":[{\"@type\":\"ListItem\",\"position\":1,\"name\":\"Portada\",\"item\":\"https:\/\/colegioarquitectos.com\/noticias\"},{\"@type\":\"ListItem\",\"position\":2,\"name\":\"Premiaci\u00f3n Nanometrajes \u2022 Patrimoniales \/ Comit\u00e9 Patrimonio \/ XVIII Bienal de Arquitectura y Territorio 2012\"}]},{\"@type\":\"WebSite\",\"@id\":\"https:\/\/colegioarquitectos.com\/noticias\/#website\",\"url\":\"https:\/\/colegioarquitectos.com\/noticias\/\",\"name\":\"COLEGIO DE ARQUITECTOS DE CHILE\",\"description\":\"\",\"publisher\":{\"@id\":\"https:\/\/colegioarquitectos.com\/noticias\/#organization\"},\"potentialAction\":[{\"@type\":\"SearchAction\",\"target\":{\"@type\":\"EntryPoint\",\"urlTemplate\":\"https:\/\/colegioarquitectos.com\/noticias\/?s={search_term_string}\"},\"query-input\":{\"@type\":\"PropertyValueSpecification\",\"valueRequired\":true,\"valueName\":\"search_term_string\"}}],\"inLanguage\":\"es\"},{\"@type\":\"Organization\",\"@id\":\"https:\/\/colegioarquitectos.com\/noticias\/#organization\",\"name\":\"COLEGIO DE ARQUITECTOS DE CHILE\",\"url\":\"https:\/\/colegioarquitectos.com\/noticias\/\",\"logo\":{\"@type\":\"ImageObject\",\"inLanguage\":\"es\",\"@id\":\"https:\/\/colegioarquitectos.com\/noticias\/#\/schema\/logo\/image\/\",\"url\":\"https:\/\/colegioarquitectos.com\/noticias\/wp-content\/uploads\/2021\/05\/ENCABEZADO-LOGO-CA.jpg\",\"contentUrl\":\"https:\/\/colegioarquitectos.com\/noticias\/wp-content\/uploads\/2021\/05\/ENCABEZADO-LOGO-CA.jpg\",\"width\":690,\"height\":350,\"caption\":\"COLEGIO DE ARQUITECTOS DE CHILE\"},\"image\":{\"@id\":\"https:\/\/colegioarquitectos.com\/noticias\/#\/schema\/logo\/image\/\"},\"sameAs\":[\"https:\/\/facebook.com\/Colegioarq\/\",\"https:\/\/x.com\/colegioarq\",\"https:\/\/instagram.com\/colegioarq\",\"https:\/\/youtube.com\/@ColegiodeArquitectosdeChile\"]},{\"@type\":\"Person\",\"@id\":\"https:\/\/colegioarquitectos.com\/noticias\/#\/schema\/person\/b6c7e912cd1283c089114093ed09741f\",\"name\":\"Gabriel Salgado S.\",\"url\":\"https:\/\/colegioarquitectos.com\/noticias\/?author=1\"}]}<\/script>\n<!-- \/ Yoast SEO plugin. -->","yoast_head_json":{"title":"Premiaci\u00f3n Nanometrajes \u2022 Patrimoniales \/ Comit\u00e9 Patrimonio \/ XVIII Bienal de Arquitectura y Territorio 2012 - COLEGIO DE ARQUITECTOS DE CHILE","robots":{"index":"index","follow":"follow","max-snippet":"max-snippet:-1","max-image-preview":"max-image-preview:large","max-video-preview":"max-video-preview:-1"},"canonical":"https:\/\/colegioarquitectos.com\/noticias\/?p=3391","og_locale":"es_ES","og_type":"article","og_title":"Premiaci\u00f3n Nanometrajes \u2022 Patrimoniales \/ Comit\u00e9 Patrimonio \/ XVIII Bienal de Arquitectura y Territorio 2012 - COLEGIO DE ARQUITECTOS DE CHILE","og_description":"Comit\u00e9 de Patrimonio &#8211; Colegio de Arquitectos de Chile Quisi\u00e9ramos manifestar la gran satisfacci\u00f3n que tenemos por el \u00e9xito de esta iniciativa. Felicitamos a todos los participantes, por cuanto aportaron con su mirada a descubrir y a pensar en nuestro &hellip; ver m\u00e1s","og_url":"https:\/\/colegioarquitectos.com\/noticias\/?p=3391","og_site_name":"COLEGIO DE ARQUITECTOS DE CHILE","article_publisher":"https:\/\/facebook.com\/Colegioarq\/","article_published_time":"2012-12-05T10:40:45+00:00","article_modified_time":"2012-12-12T13:36:45+00:00","author":"Gabriel Salgado S.","twitter_card":"summary_large_image","twitter_creator":"@colegioarq","twitter_site":"@colegioarq","twitter_misc":{"Escrito por":"Gabriel Salgado S.","Tiempo de lectura":"2 minutos"},"schema":{"@context":"https:\/\/schema.org","@graph":[{"@type":"Article","@id":"https:\/\/colegioarquitectos.com\/noticias\/?p=3391#article","isPartOf":{"@id":"https:\/\/colegioarquitectos.com\/noticias\/?p=3391"},"author":{"name":"Gabriel Salgado S.","@id":"https:\/\/colegioarquitectos.com\/noticias\/#\/schema\/person\/b6c7e912cd1283c089114093ed09741f"},"headline":"Premiaci\u00f3n Nanometrajes \u2022 Patrimoniales \/ Comit\u00e9 Patrimonio \/ XVIII Bienal de Arquitectura y Territorio 2012","datePublished":"2012-12-05T10:40:45+00:00","dateModified":"2012-12-12T13:36:45+00:00","mainEntityOfPage":{"@id":"https:\/\/colegioarquitectos.com\/noticias\/?p=3391"},"wordCount":368,"commentCount":0,"publisher":{"@id":"https:\/\/colegioarquitectos.com\/noticias\/#organization"},"articleSection":["Actividades","Colegio","Comit\u00e9s","XVIII Bienal de Arquitectura 2012"],"inLanguage":"es","potentialAction":[{"@type":"CommentAction","name":"Comment","target":["https:\/\/colegioarquitectos.com\/noticias\/?p=3391#respond"]}]},{"@type":"WebPage","@id":"https:\/\/colegioarquitectos.com\/noticias\/?p=3391","url":"https:\/\/colegioarquitectos.com\/noticias\/?p=3391","name":"Premiaci\u00f3n Nanometrajes \u2022 Patrimoniales \/ Comit\u00e9 Patrimonio \/ XVIII Bienal de Arquitectura y Territorio 2012 - COLEGIO DE ARQUITECTOS DE CHILE","isPartOf":{"@id":"https:\/\/colegioarquitectos.com\/noticias\/#website"},"datePublished":"2012-12-05T10:40:45+00:00","dateModified":"2012-12-12T13:36:45+00:00","breadcrumb":{"@id":"https:\/\/colegioarquitectos.com\/noticias\/?p=3391#breadcrumb"},"inLanguage":"es","potentialAction":[{"@type":"ReadAction","target":["https:\/\/colegioarquitectos.com\/noticias\/?p=3391"]}]},{"@type":"BreadcrumbList","@id":"https:\/\/colegioarquitectos.com\/noticias\/?p=3391#breadcrumb","itemListElement":[{"@type":"ListItem","position":1,"name":"Portada","item":"https:\/\/colegioarquitectos.com\/noticias"},{"@type":"ListItem","position":2,"name":"Premiaci\u00f3n Nanometrajes \u2022 Patrimoniales \/ Comit\u00e9 Patrimonio \/ XVIII Bienal de Arquitectura y Territorio 2012"}]},{"@type":"WebSite","@id":"https:\/\/colegioarquitectos.com\/noticias\/#website","url":"https:\/\/colegioarquitectos.com\/noticias\/","name":"COLEGIO DE ARQUITECTOS DE CHILE","description":"","publisher":{"@id":"https:\/\/colegioarquitectos.com\/noticias\/#organization"},"potentialAction":[{"@type":"SearchAction","target":{"@type":"EntryPoint","urlTemplate":"https:\/\/colegioarquitectos.com\/noticias\/?s={search_term_string}"},"query-input":{"@type":"PropertyValueSpecification","valueRequired":true,"valueName":"search_term_string"}}],"inLanguage":"es"},{"@type":"Organization","@id":"https:\/\/colegioarquitectos.com\/noticias\/#organization","name":"COLEGIO DE ARQUITECTOS DE CHILE","url":"https:\/\/colegioarquitectos.com\/noticias\/","logo":{"@type":"ImageObject","inLanguage":"es","@id":"https:\/\/colegioarquitectos.com\/noticias\/#\/schema\/logo\/image\/","url":"https:\/\/colegioarquitectos.com\/noticias\/wp-content\/uploads\/2021\/05\/ENCABEZADO-LOGO-CA.jpg","contentUrl":"https:\/\/colegioarquitectos.com\/noticias\/wp-content\/uploads\/2021\/05\/ENCABEZADO-LOGO-CA.jpg","width":690,"height":350,"caption":"COLEGIO DE ARQUITECTOS DE CHILE"},"image":{"@id":"https:\/\/colegioarquitectos.com\/noticias\/#\/schema\/logo\/image\/"},"sameAs":["https:\/\/facebook.com\/Colegioarq\/","https:\/\/x.com\/colegioarq","https:\/\/instagram.com\/colegioarq","https:\/\/youtube.com\/@ColegiodeArquitectosdeChile"]},{"@type":"Person","@id":"https:\/\/colegioarquitectos.com\/noticias\/#\/schema\/person\/b6c7e912cd1283c089114093ed09741f","name":"Gabriel Salgado S.","url":"https:\/\/colegioarquitectos.com\/noticias\/?author=1"}]}},"_links":{"self":[{"href":"https:\/\/colegioarquitectos.com\/noticias\/index.php?rest_route=\/wp\/v2\/posts\/3391","targetHints":{"allow":["GET"]}}],"collection":[{"href":"https:\/\/colegioarquitectos.com\/noticias\/index.php?rest_route=\/wp\/v2\/posts"}],"about":[{"href":"https:\/\/colegioarquitectos.com\/noticias\/index.php?rest_route=\/wp\/v2\/types\/post"}],"author":[{"embeddable":true,"href":"https:\/\/colegioarquitectos.com\/noticias\/index.php?rest_route=\/wp\/v2\/users\/1"}],"replies":[{"embeddable":true,"href":"https:\/\/colegioarquitectos.com\/noticias\/index.php?rest_route=%2Fwp%2Fv2%2Fcomments&post=3391"}],"version-history":[{"count":0,"href":"https:\/\/colegioarquitectos.com\/noticias\/index.php?rest_route=\/wp\/v2\/posts\/3391\/revisions"}],"wp:attachment":[{"href":"https:\/\/colegioarquitectos.com\/noticias\/index.php?rest_route=%2Fwp%2Fv2%2Fmedia&parent=3391"}],"wp:term":[{"taxonomy":"category","embeddable":true,"href":"https:\/\/colegioarquitectos.com\/noticias\/index.php?rest_route=%2Fwp%2Fv2%2Fcategories&post=3391"},{"taxonomy":"post_tag","embeddable":true,"href":"https:\/\/colegioarquitectos.com\/noticias\/index.php?rest_route=%2Fwp%2Fv2%2Ftags&post=3391"}],"curies":[{"name":"wp","href":"https:\/\/api.w.org\/{rel}","templated":true}]}}