
{"id":34032,"date":"2025-08-10T17:38:44","date_gmt":"2025-08-10T21:38:44","guid":{"rendered":"https:\/\/colegioarquitectos.com\/noticias\/?p=34032"},"modified":"2025-08-25T10:02:50","modified_gmt":"2025-08-25T14:02:50","slug":"presenta-tus-candidatos-o-candidatas-a-los-premios-ca-2025","status":"publish","type":"post","link":"https:\/\/colegioarquitectos.com\/noticias\/?p=34032","title":{"rendered":"[Convocatoria cerrada] Presenta tus candidatos o candidatas a los Premios CA 2025"},"content":{"rendered":"<p>Los\u00a0<strong>Premios CA<\/strong>\u00a0son uno de los<strong>\u00a0principales reconocimientos a los arquitectos y arquitectas del pa\u00eds<\/strong>, cada uno de los cuales destacan a\u00a0<strong>ocho colegiados o colegiadas<\/strong>, referentes para nuestro quehacer por su\u00a0<strong>excelencia, trabajo y aporte a la arquitectura<\/strong>.<\/p>\n<p>En tal sentido, el pr\u00f3ximo<strong> viernes 29 de agosto<\/strong>\u00a0se realizar\u00e1 la ceremonia de entrega de los Premios CA, en el marco de la celebraci\u00f3n de los\u00a0<strong>83 a\u00f1os del Colegio de Arquitectos de Chile<\/strong>\u00a0y del\u00a0<strong>Mes de la Arquitectura<\/strong>.<\/p>\n<p>A\u00f1o a a\u00f1o <strong>colegiados y colegiadas, Comit\u00e9s, Delegaciones Zonales y facultades de arquitectura<\/strong>, entre otras, se suman y presentan candidatas o candidatos que consideran merecedores de ser reconocidos por el Colegio de Arquitectos de Chile.<\/p>\n<p>Las inscripciones deben contar con un responsable que represente al postulado o postulada y el apoyo de, al menos,\u00a0<strong>cinco arquitectas o arquitectos colegiados activos. S\u00f3lo podr\u00e1n patrocinar a un candidato o candidata.<\/strong><\/p>\n<p>El Directorio Nacional del Colegio de Arquitectos de Chile en su\u00a0<strong>sesi\u00f3n N\u00b012<\/strong>\u00a0(<strong>martes 18 de julio de 2023<\/strong>) decidi\u00f3 que los Premios CA <strong>tienen car\u00e1cter bianual<\/strong>. Por otra parte, <strong>las Distinciones CA ser\u00e1n entregadas en el marco del Congreso Nacional de Arquitectos, con la misma periodicidad<\/strong>.<\/p>\n<p>&nbsp;<\/p>\n<h4>Reglamento de Premios y Distinciones<\/h4>\n<hr \/>\n<p><a href=\"https:\/\/colegioarquitectos.com\/noticias\/wp-content\/uploads\/2024\/04\/Reglamento-Premios-y-Distinciones-CA-2023-DN12-2023.pdf\"><img loading=\"lazy\" decoding=\"async\" class=\"alignleft wp-image-34034\" src=\"https:\/\/colegioarquitectos.com\/noticias\/wp-content\/uploads\/2025\/07\/1-1.png\" alt=\"\" width=\"20\" height=\"20\" srcset=\"https:\/\/colegioarquitectos.com\/noticias\/wp-content\/uploads\/2025\/07\/1-1.png 512w, https:\/\/colegioarquitectos.com\/noticias\/wp-content\/uploads\/2025\/07\/1-1-300x300.png 300w, https:\/\/colegioarquitectos.com\/noticias\/wp-content\/uploads\/2025\/07\/1-1-180x180.png 180w\" sizes=\"auto, (max-width: 20px) 100vw, 20px\" \/><\/a><span style=\"color: #000000;\"><a style=\"color: #000000;\" href=\"https:\/\/colegioarquitectos.com\/noticias\/wp-content\/uploads\/2024\/04\/Reglamento-Premios-y-Distinciones-CA-2023-DN12-2023.pdf\">Reglamento de Premios y Distinciones del Colegio de Arquitectos de Chile<\/a><\/span><\/p>\n<p>&nbsp;<\/p>\n<h4>Calendario de los Premios CA 2025<\/h4>\n<hr \/>\n<p data-wp-editing=\"1\"><img loading=\"lazy\" decoding=\"async\" class=\"alignleft wp-image-34033\" src=\"https:\/\/colegioarquitectos.com\/noticias\/wp-content\/uploads\/2025\/07\/2693507-1.png\" alt=\"\" width=\"20\" height=\"20\" srcset=\"https:\/\/colegioarquitectos.com\/noticias\/wp-content\/uploads\/2025\/07\/2693507-1.png 512w, https:\/\/colegioarquitectos.com\/noticias\/wp-content\/uploads\/2025\/07\/2693507-1-300x300.png 300w, https:\/\/colegioarquitectos.com\/noticias\/wp-content\/uploads\/2025\/07\/2693507-1-180x180.png 180w\" sizes=\"auto, (max-width: 20px) 100vw, 20px\" \/>Lanzamiento de la convocatoria:<strong> Mi\u00e9rcoles 23 de julio <span style=\"color: #00ff00;\">\u2713<\/span><\/strong><\/p>\n<p><img loading=\"lazy\" decoding=\"async\" class=\"alignleft wp-image-34033\" src=\"https:\/\/colegioarquitectos.com\/noticias\/wp-content\/uploads\/2025\/07\/2693507-1.png\" alt=\"\" width=\"20\" height=\"20\" srcset=\"https:\/\/colegioarquitectos.com\/noticias\/wp-content\/uploads\/2025\/07\/2693507-1.png 512w, https:\/\/colegioarquitectos.com\/noticias\/wp-content\/uploads\/2025\/07\/2693507-1-300x300.png 300w, https:\/\/colegioarquitectos.com\/noticias\/wp-content\/uploads\/2025\/07\/2693507-1-180x180.png 180w\" sizes=\"auto, (max-width: 20px) 100vw, 20px\" \/>Cierre de postulaciones: <strong>Lunes 18 de agosto <span style=\"color: #00ff00;\">\u2713<\/span><\/strong><\/p>\n<p><img loading=\"lazy\" decoding=\"async\" class=\"alignleft wp-image-34033\" src=\"https:\/\/colegioarquitectos.com\/noticias\/wp-content\/uploads\/2025\/07\/2693507-1.png\" alt=\"\" width=\"20\" height=\"20\" srcset=\"https:\/\/colegioarquitectos.com\/noticias\/wp-content\/uploads\/2025\/07\/2693507-1.png 512w, https:\/\/colegioarquitectos.com\/noticias\/wp-content\/uploads\/2025\/07\/2693507-1-300x300.png 300w, https:\/\/colegioarquitectos.com\/noticias\/wp-content\/uploads\/2025\/07\/2693507-1-180x180.png 180w\" sizes=\"auto, (max-width: 20px) 100vw, 20px\" \/>Verificaci\u00f3n postulaciones:<strong> Lunes 18 al mi\u00e9rcoles 20 de agosto <span style=\"color: #00ff00;\">\u2713<\/span><\/strong><\/p>\n<p><img loading=\"lazy\" decoding=\"async\" class=\"alignleft wp-image-34033\" src=\"https:\/\/colegioarquitectos.com\/noticias\/wp-content\/uploads\/2025\/07\/2693507-1.png\" alt=\"\" width=\"20\" height=\"20\" srcset=\"https:\/\/colegioarquitectos.com\/noticias\/wp-content\/uploads\/2025\/07\/2693507-1.png 512w, https:\/\/colegioarquitectos.com\/noticias\/wp-content\/uploads\/2025\/07\/2693507-1-300x300.png 300w, https:\/\/colegioarquitectos.com\/noticias\/wp-content\/uploads\/2025\/07\/2693507-1-180x180.png 180w\" sizes=\"auto, (max-width: 20px) 100vw, 20px\" \/>Sesi\u00f3n de Elecciones en Directorio Nacional:<strong> Viernes 22 de agosto <span style=\"color: #00ff00;\">\u2713<\/span><\/strong><\/p>\n<p><img loading=\"lazy\" decoding=\"async\" class=\"alignleft wp-image-34033\" src=\"https:\/\/colegioarquitectos.com\/noticias\/wp-content\/uploads\/2025\/07\/2693507-1.png\" alt=\"\" width=\"20\" height=\"20\" srcset=\"https:\/\/colegioarquitectos.com\/noticias\/wp-content\/uploads\/2025\/07\/2693507-1.png 512w, https:\/\/colegioarquitectos.com\/noticias\/wp-content\/uploads\/2025\/07\/2693507-1-300x300.png 300w, https:\/\/colegioarquitectos.com\/noticias\/wp-content\/uploads\/2025\/07\/2693507-1-180x180.png 180w\" sizes=\"auto, (max-width: 20px) 100vw, 20px\" \/>Publicaci\u00f3n de ganadores o ganadoras:\u00a0<strong>Lunes 25 de agosto <span style=\"color: #00ff00;\">\u2713<\/span><\/strong><\/p>\n<p><img loading=\"lazy\" decoding=\"async\" class=\"alignleft wp-image-34033\" src=\"https:\/\/colegioarquitectos.com\/noticias\/wp-content\/uploads\/2025\/07\/2693507-1.png\" alt=\"\" width=\"20\" height=\"20\" srcset=\"https:\/\/colegioarquitectos.com\/noticias\/wp-content\/uploads\/2025\/07\/2693507-1.png 512w, https:\/\/colegioarquitectos.com\/noticias\/wp-content\/uploads\/2025\/07\/2693507-1-300x300.png 300w, https:\/\/colegioarquitectos.com\/noticias\/wp-content\/uploads\/2025\/07\/2693507-1-180x180.png 180w\" sizes=\"auto, (max-width: 20px) 100vw, 20px\" \/>Premiaci\u00f3n:<strong> Viernes 29 de agosto<\/strong><\/p>\n<p>&nbsp;<\/p>\n<h4>Premios CA<\/h4>\n<hr \/>\n<h4><img loading=\"lazy\" decoding=\"async\" class=\"alignleft wp-image-34035\" src=\"https:\/\/colegioarquitectos.com\/noticias\/wp-content\/uploads\/2025\/07\/16635-200-1.png\" alt=\"\" width=\"20\" height=\"20\" srcset=\"https:\/\/colegioarquitectos.com\/noticias\/wp-content\/uploads\/2025\/07\/16635-200-1.png 200w, https:\/\/colegioarquitectos.com\/noticias\/wp-content\/uploads\/2025\/07\/16635-200-1-180x180.png 180w\" sizes=\"auto, (max-width: 20px) 100vw, 20px\" \/>Premio Alberto Risopatr\u00f3n<\/h4>\n<p>Al arquitecto o arquitecta colegiada que se haya distinguido por su labor gremial en el Colegio de Arquitectos.<\/p>\n<p>\u00daltimo ganador o ganadora: <strong>Cecilia Leiva<\/strong><\/p>\n<p>&nbsp;<\/p>\n<h4><img loading=\"lazy\" decoding=\"async\" class=\"alignleft wp-image-34035\" src=\"https:\/\/colegioarquitectos.com\/noticias\/wp-content\/uploads\/2025\/07\/16635-200-1.png\" alt=\"\" width=\"20\" height=\"20\" srcset=\"https:\/\/colegioarquitectos.com\/noticias\/wp-content\/uploads\/2025\/07\/16635-200-1.png 200w, https:\/\/colegioarquitectos.com\/noticias\/wp-content\/uploads\/2025\/07\/16635-200-1-180x180.png 180w\" sizes=\"auto, (max-width: 20px) 100vw, 20px\" \/><\/h4>\n<h4>Premio Sergio Larra\u00edn Garc\u00eda-Moreno<\/h4>\n<p>Al arquitecto o arquitecta que se haya distinguido en el campo acad\u00e9mico o de investigaci\u00f3n.<\/p>\n<p>\u00daltimo ganador o ganadora: <b>Fue declarado desierto en la \u00faltima edici\u00f3n.<\/b><\/p>\n<p>&nbsp;<\/p>\n<h4><img loading=\"lazy\" decoding=\"async\" class=\"alignleft wp-image-34035\" src=\"https:\/\/colegioarquitectos.com\/noticias\/wp-content\/uploads\/2025\/07\/16635-200-1.png\" alt=\"\" width=\"20\" height=\"20\" srcset=\"https:\/\/colegioarquitectos.com\/noticias\/wp-content\/uploads\/2025\/07\/16635-200-1.png 200w, https:\/\/colegioarquitectos.com\/noticias\/wp-content\/uploads\/2025\/07\/16635-200-1-180x180.png 180w\" sizes=\"auto, (max-width: 20px) 100vw, 20px\" \/><\/h4>\n<h4>Premio Ferm\u00edn Vivaceta Rupio<\/h4>\n<p>Al arquitecto o arquitecta que se haya destacado por su labor profesional en el \u00e1mbito de la tecnolog\u00eda aplicada a la arquitectura.<\/p>\n<p>\u00daltimo ganador o ganadora: <strong>Diego Mellado<\/strong><\/p>\n<p>&nbsp;<\/p>\n<h4><img loading=\"lazy\" decoding=\"async\" class=\"alignleft wp-image-34035\" src=\"https:\/\/colegioarquitectos.com\/noticias\/wp-content\/uploads\/2025\/07\/16635-200-1.png\" alt=\"\" width=\"20\" height=\"20\" srcset=\"https:\/\/colegioarquitectos.com\/noticias\/wp-content\/uploads\/2025\/07\/16635-200-1.png 200w, https:\/\/colegioarquitectos.com\/noticias\/wp-content\/uploads\/2025\/07\/16635-200-1-180x180.png 180w\" sizes=\"auto, (max-width: 20px) 100vw, 20px\" \/><\/h4>\n<h4>Premio Alfredo Johnson<\/h4>\n<p>Al arquitecto o arquitecta que se haya distinguido por su labor como funcionario p\u00fablico, Fiscal o Municipal.<\/p>\n<p>\u00daltimo ganador o ganadora: <strong>Diego Rebolledo Flores<\/strong><\/p>\n<p>&nbsp;<\/p>\n<h4><img loading=\"lazy\" decoding=\"async\" class=\"alignleft wp-image-34035\" src=\"https:\/\/colegioarquitectos.com\/noticias\/wp-content\/uploads\/2025\/07\/16635-200-1.png\" alt=\"\" width=\"20\" height=\"20\" srcset=\"https:\/\/colegioarquitectos.com\/noticias\/wp-content\/uploads\/2025\/07\/16635-200-1.png 200w, https:\/\/colegioarquitectos.com\/noticias\/wp-content\/uploads\/2025\/07\/16635-200-1-180x180.png 180w\" sizes=\"auto, (max-width: 20px) 100vw, 20px\" \/><\/h4>\n<h4>Premio Manuel Moreno Guerrero<\/h4>\n<p>Al arquitecto o arquitecta que se haya destacado en su labor profesional en el \u00e1mbito de la valoraci\u00f3n del patrimonio arquitect\u00f3nico nacional.<\/p>\n<p>\u00daltimo ganador o ganadora: <strong>Natalia Jorquera<\/strong><\/p>\n<p>&nbsp;<\/p>\n<h4><img loading=\"lazy\" decoding=\"async\" class=\"alignleft wp-image-34035\" src=\"https:\/\/colegioarquitectos.com\/noticias\/wp-content\/uploads\/2025\/07\/16635-200-1.png\" alt=\"\" width=\"20\" height=\"20\" srcset=\"https:\/\/colegioarquitectos.com\/noticias\/wp-content\/uploads\/2025\/07\/16635-200-1.png 200w, https:\/\/colegioarquitectos.com\/noticias\/wp-content\/uploads\/2025\/07\/16635-200-1-180x180.png 180w\" sizes=\"auto, (max-width: 20px) 100vw, 20px\" \/><\/h4>\n<h4>Premio Promoci\u00f3n Joven<\/h4>\n<p>Al arquitecto o arquitecta colegiada menor de 35 a\u00f1os, cumplidos en el a\u00f1o de la premiaci\u00f3n, cuya labor constituya un ejemplo para los arquitectos de su generaci\u00f3n.<\/p>\n<p>\u00daltimo ganador o ganadora: <strong>Ana Paz Casimino<\/strong><\/p>\n<p>&nbsp;<\/p>\n<h4><img loading=\"lazy\" decoding=\"async\" class=\"alignleft wp-image-34035\" src=\"https:\/\/colegioarquitectos.com\/noticias\/wp-content\/uploads\/2025\/07\/16635-200-1.png\" alt=\"\" width=\"20\" height=\"20\" srcset=\"https:\/\/colegioarquitectos.com\/noticias\/wp-content\/uploads\/2025\/07\/16635-200-1.png 200w, https:\/\/colegioarquitectos.com\/noticias\/wp-content\/uploads\/2025\/07\/16635-200-1-180x180.png 180w\" sizes=\"auto, (max-width: 20px) 100vw, 20px\" \/><\/h4>\n<h4>Premio Eliana Caraball<\/h4>\n<p>A la arquitecta que se haya destacado en cualquiera de los \u00e1mbitos de la arquitectura y que por su trabajo y rol social constituye un ejemplo por lograr un espacio de igualdad en la sociedad y el mundo laboral.<\/p>\n<p>\u00daltimo ganador o ganadora: <strong><b>Fue declarado desierto en la \u00faltima edici\u00f3n.<\/b><\/strong><\/p>\n<p>&nbsp;<\/p>\n<h4><img loading=\"lazy\" decoding=\"async\" class=\"alignleft wp-image-34035\" src=\"https:\/\/colegioarquitectos.com\/noticias\/wp-content\/uploads\/2025\/07\/16635-200-1.png\" alt=\"\" width=\"20\" height=\"20\" srcset=\"https:\/\/colegioarquitectos.com\/noticias\/wp-content\/uploads\/2025\/07\/16635-200-1.png 200w, https:\/\/colegioarquitectos.com\/noticias\/wp-content\/uploads\/2025\/07\/16635-200-1-180x180.png 180w\" sizes=\"auto, (max-width: 20px) 100vw, 20px\" \/><\/h4>\n<h4>Premio Arquitectura Regional<\/h4>\n<p>Al arquitecto, arquitecta o equipo de arquitectos que vive (n) y se desempe\u00f1a (n) en regiones (fuera la Regi\u00f3n Metropolitana) y que a trav\u00e9s de su trabajo ha hecho importantes contribuciones desde su condici\u00f3n profesional a las ciudades, el territorio y la comunidad.<\/p>\n<p>\u00daltimo ganador o ganadora: <strong>Felipe Alarc\u00f3n Carre\u00f1o<\/strong><\/p>\n<p>&nbsp;<\/p>\n<p>&nbsp;<\/p>\n<h4>Participa de la Cena Anual y la ceremonia de entrega de los Premios CA 2025<\/h4>\n<hr \/>\n<p>Para cerrar la conmemoraci\u00f3n de los <strong>83 a\u00f1os<\/strong> del <strong>Colegio de Arquitectos de Chile<\/strong>, el pr\u00f3ximo <strong>viernes 29 de agosto<\/strong> a las <strong>19.00 horas<\/strong>\u00a0realizaremos\u00a0 la <strong>Cena Anual<\/strong> en el <strong>Sal\u00f3n Atacama<\/strong> del <strong>Hotel Le Meridien <\/strong>, ubicado frente a nuestra <strong>Sede Nacional<\/strong>.<\/p>\n<p>La instancia de camarader\u00eda espera reunir a arquitectas y arquitectos de todo el pa\u00eds para celebrar un nuevo a\u00f1o de nuestra asociaci\u00f3n gremial<strong>, cerrar el Mes de la Arquitectura en Chile <\/strong>y, adem\u00e1s,<strong> realizar la entrega de los Premios CA 2025.<\/strong><\/p>\n<p>Puedes inscribirte <span style=\"color: #000000;\"><strong><a style=\"color: #000000;\" href=\"https:\/\/colegioarquitectos.com\/noticias\/?p=34147\">ac\u00e1<\/a><\/strong><\/span>.<\/p>\n<p>&nbsp;<\/p>\n<p><\/p>","protected":false},"excerpt":{"rendered":"<p>Los\u00a0Premios CA\u00a0son uno de los\u00a0principales reconocimientos a los arquitectos y arquitectas del pa\u00eds, cada uno de los cuales destacan a\u00a0ocho colegiados o colegiadas, referentes para nuestro quehacer por su\u00a0excelencia, trabajo y aporte a la arquitectura. En tal sentido, el pr\u00f3ximo &hellip; <a class=\"more-link\" href=\"https:\/\/colegioarquitectos.com\/noticias\/?p=34032\">ver m\u00e1s<\/a><\/p>","protected":false},"author":4,"featured_media":34160,"comment_status":"closed","ping_status":"closed","sticky":false,"template":"","format":"standard","meta":{"footnotes":""},"categories":[1346,8],"tags":[1347,1348,944,220,488,1350,99,1349],"class_list":["post-34032","post","type-post","status-publish","format-standard","has-post-thumbnail","hentry","category-83-anos-ca","category-colegio-de-arquitectos","tag-83-anos","tag-aniversario","tag-aniversario-ca","tag-convocatoria","tag-mes-de-la-arquitectura","tag-premios","tag-premios-ca","tag-premios-ca-2025"],"yoast_head":"<!-- This site is optimized with the Yoast SEO plugin v24.2 - https:\/\/yoast.com\/wordpress\/plugins\/seo\/ -->\n<title>[Convocatoria cerrada] Presenta tus candidatos o candidatas a los Premios CA 2025 - COLEGIO DE ARQUITECTOS DE CHILE<\/title>\n<meta name=\"description\" content=\"Los\u00a0Premios CA\u00a0son uno de los\u00a0principales reconocimientos a los arquitectos y arquitectas del pa\u00eds, cada uno de los cuales destacan a\u00a0ocho colegiados o colegiadas, referentes para nuestro quehacer por su\u00a0excelencia, trabajo y aporte a la arquitectura. En tal sentido, el pr\u00f3ximo viernes 29 de agosto\u00a0se realizar\u00e1 la ceremonia de entrega de los Premios CA, en el marco de la celebraci\u00f3n de los\u00a083 a\u00f1os del Colegio de Arquitectos de Chile\u00a0y del\u00a0Mes de la Arquitectura.\" \/>\n<meta name=\"robots\" content=\"index, follow, max-snippet:-1, max-image-preview:large, max-video-preview:-1\" \/>\n<link rel=\"canonical\" href=\"https:\/\/colegioarquitectos.com\/noticias\/?p=34032\" \/>\n<meta property=\"og:locale\" content=\"es_ES\" \/>\n<meta property=\"og:type\" content=\"article\" \/>\n<meta property=\"og:title\" content=\"[Convocatoria cerrada] Presenta tus candidatos o candidatas a los Premios CA 2025 - COLEGIO DE ARQUITECTOS DE CHILE\" \/>\n<meta property=\"og:description\" content=\"Los\u00a0Premios CA\u00a0son uno de los\u00a0principales reconocimientos a los arquitectos y arquitectas del pa\u00eds, cada uno de los cuales destacan a\u00a0ocho colegiados o colegiadas, referentes para nuestro quehacer por su\u00a0excelencia, trabajo y aporte a la arquitectura. En tal sentido, el pr\u00f3ximo viernes 29 de agosto\u00a0se realizar\u00e1 la ceremonia de entrega de los Premios CA, en el marco de la celebraci\u00f3n de los\u00a083 a\u00f1os del Colegio de Arquitectos de Chile\u00a0y del\u00a0Mes de la Arquitectura.\" \/>\n<meta property=\"og:url\" content=\"https:\/\/colegioarquitectos.com\/noticias\/?p=34032\" \/>\n<meta property=\"og:site_name\" content=\"COLEGIO DE ARQUITECTOS DE CHILE\" \/>\n<meta property=\"article:publisher\" content=\"https:\/\/facebook.com\/Colegioarq\/\" \/>\n<meta property=\"article:published_time\" content=\"2025-08-10T21:38:44+00:00\" \/>\n<meta property=\"article:modified_time\" content=\"2025-08-25T14:02:50+00:00\" \/>\n<meta property=\"og:image\" content=\"https:\/\/colegioarquitectos.com\/noticias\/wp-content\/uploads\/2025\/08\/ANIVERSARIO83-PREMIOS18-DESTWEB.png\" \/>\n\t<meta property=\"og:image:width\" content=\"1280\" \/>\n\t<meta property=\"og:image:height\" content=\"720\" \/>\n\t<meta property=\"og:image:type\" content=\"image\/png\" \/>\n<meta name=\"author\" content=\"Colegio de Arquitectos de Chile\" \/>\n<meta name=\"twitter:card\" content=\"summary_large_image\" \/>\n<meta name=\"twitter:creator\" content=\"@colegioarq\" \/>\n<meta name=\"twitter:site\" content=\"@colegioarq\" \/>\n<meta name=\"twitter:label1\" content=\"Escrito por\" \/>\n\t<meta name=\"twitter:data1\" content=\"Colegio de Arquitectos de Chile\" \/>\n\t<meta name=\"twitter:label2\" content=\"Tiempo de lectura\" \/>\n\t<meta name=\"twitter:data2\" content=\"7 minutos\" \/>\n<script type=\"application\/ld+json\" class=\"yoast-schema-graph\">{\"@context\":\"https:\/\/schema.org\",\"@graph\":[{\"@type\":\"Article\",\"@id\":\"https:\/\/colegioarquitectos.com\/noticias\/?p=34032#article\",\"isPartOf\":{\"@id\":\"https:\/\/colegioarquitectos.com\/noticias\/?p=34032\"},\"author\":{\"name\":\"Colegio de Arquitectos de Chile\",\"@id\":\"https:\/\/colegioarquitectos.com\/noticias\/#\/schema\/person\/685cc0aad148303c5608f049af8285ad\"},\"headline\":\"[Convocatoria cerrada] Presenta tus candidatos o candidatas a los Premios CA 2025\",\"datePublished\":\"2025-08-10T21:38:44+00:00\",\"dateModified\":\"2025-08-25T14:02:50+00:00\",\"mainEntityOfPage\":{\"@id\":\"https:\/\/colegioarquitectos.com\/noticias\/?p=34032\"},\"wordCount\":716,\"publisher\":{\"@id\":\"https:\/\/colegioarquitectos.com\/noticias\/#organization\"},\"image\":{\"@id\":\"https:\/\/colegioarquitectos.com\/noticias\/?p=34032#primaryimage\"},\"thumbnailUrl\":\"https:\/\/colegioarquitectos.com\/noticias\/wp-content\/uploads\/2025\/08\/ANIVERSARIO83-PREMIOS18-DESTWEB.png\",\"keywords\":[\"83 a\u00f1os\",\"Aniversario\",\"Aniversario CA\",\"convocatoria\",\"Mes de la Arquitectura\",\"Premios\",\"Premios CA\",\"Premios CA 2025\"],\"articleSection\":[\"83 a\u00f1os CA\",\"Colegio\"],\"inLanguage\":\"es\"},{\"@type\":\"WebPage\",\"@id\":\"https:\/\/colegioarquitectos.com\/noticias\/?p=34032\",\"url\":\"https:\/\/colegioarquitectos.com\/noticias\/?p=34032\",\"name\":\"[Convocatoria cerrada] Presenta tus candidatos o candidatas a los Premios CA 2025 - COLEGIO DE ARQUITECTOS DE CHILE\",\"isPartOf\":{\"@id\":\"https:\/\/colegioarquitectos.com\/noticias\/#website\"},\"primaryImageOfPage\":{\"@id\":\"https:\/\/colegioarquitectos.com\/noticias\/?p=34032#primaryimage\"},\"image\":{\"@id\":\"https:\/\/colegioarquitectos.com\/noticias\/?p=34032#primaryimage\"},\"thumbnailUrl\":\"https:\/\/colegioarquitectos.com\/noticias\/wp-content\/uploads\/2025\/08\/ANIVERSARIO83-PREMIOS18-DESTWEB.png\",\"datePublished\":\"2025-08-10T21:38:44+00:00\",\"dateModified\":\"2025-08-25T14:02:50+00:00\",\"description\":\"Los\u00a0Premios CA\u00a0son uno de los\u00a0principales reconocimientos a los arquitectos y arquitectas del pa\u00eds, cada uno de los cuales destacan a\u00a0ocho colegiados o colegiadas, referentes para nuestro quehacer por su\u00a0excelencia, trabajo y aporte a la arquitectura. En tal sentido, el pr\u00f3ximo viernes 29 de agosto\u00a0se realizar\u00e1 la ceremonia de entrega de los Premios CA, en el marco de la celebraci\u00f3n de los\u00a083 a\u00f1os del Colegio de Arquitectos de Chile\u00a0y del\u00a0Mes de la Arquitectura.\",\"breadcrumb\":{\"@id\":\"https:\/\/colegioarquitectos.com\/noticias\/?p=34032#breadcrumb\"},\"inLanguage\":\"es\",\"potentialAction\":[{\"@type\":\"ReadAction\",\"target\":[\"https:\/\/colegioarquitectos.com\/noticias\/?p=34032\"]}]},{\"@type\":\"ImageObject\",\"inLanguage\":\"es\",\"@id\":\"https:\/\/colegioarquitectos.com\/noticias\/?p=34032#primaryimage\",\"url\":\"https:\/\/colegioarquitectos.com\/noticias\/wp-content\/uploads\/2025\/08\/ANIVERSARIO83-PREMIOS18-DESTWEB.png\",\"contentUrl\":\"https:\/\/colegioarquitectos.com\/noticias\/wp-content\/uploads\/2025\/08\/ANIVERSARIO83-PREMIOS18-DESTWEB.png\",\"width\":1280,\"height\":720},{\"@type\":\"BreadcrumbList\",\"@id\":\"https:\/\/colegioarquitectos.com\/noticias\/?p=34032#breadcrumb\",\"itemListElement\":[{\"@type\":\"ListItem\",\"position\":1,\"name\":\"Portada\",\"item\":\"https:\/\/colegioarquitectos.com\/noticias\"},{\"@type\":\"ListItem\",\"position\":2,\"name\":\"[Convocatoria cerrada] Presenta tus candidatos o candidatas a los Premios CA 2025\"}]},{\"@type\":\"WebSite\",\"@id\":\"https:\/\/colegioarquitectos.com\/noticias\/#website\",\"url\":\"https:\/\/colegioarquitectos.com\/noticias\/\",\"name\":\"COLEGIO DE ARQUITECTOS DE CHILE\",\"description\":\"\",\"publisher\":{\"@id\":\"https:\/\/colegioarquitectos.com\/noticias\/#organization\"},\"potentialAction\":[{\"@type\":\"SearchAction\",\"target\":{\"@type\":\"EntryPoint\",\"urlTemplate\":\"https:\/\/colegioarquitectos.com\/noticias\/?s={search_term_string}\"},\"query-input\":{\"@type\":\"PropertyValueSpecification\",\"valueRequired\":true,\"valueName\":\"search_term_string\"}}],\"inLanguage\":\"es\"},{\"@type\":\"Organization\",\"@id\":\"https:\/\/colegioarquitectos.com\/noticias\/#organization\",\"name\":\"COLEGIO DE ARQUITECTOS DE CHILE\",\"url\":\"https:\/\/colegioarquitectos.com\/noticias\/\",\"logo\":{\"@type\":\"ImageObject\",\"inLanguage\":\"es\",\"@id\":\"https:\/\/colegioarquitectos.com\/noticias\/#\/schema\/logo\/image\/\",\"url\":\"https:\/\/colegioarquitectos.com\/noticias\/wp-content\/uploads\/2021\/05\/ENCABEZADO-LOGO-CA.jpg\",\"contentUrl\":\"https:\/\/colegioarquitectos.com\/noticias\/wp-content\/uploads\/2021\/05\/ENCABEZADO-LOGO-CA.jpg\",\"width\":690,\"height\":350,\"caption\":\"COLEGIO DE ARQUITECTOS DE CHILE\"},\"image\":{\"@id\":\"https:\/\/colegioarquitectos.com\/noticias\/#\/schema\/logo\/image\/\"},\"sameAs\":[\"https:\/\/facebook.com\/Colegioarq\/\",\"https:\/\/x.com\/colegioarq\",\"https:\/\/instagram.com\/colegioarq\",\"https:\/\/youtube.com\/@ColegiodeArquitectosdeChile\"]},{\"@type\":\"Person\",\"@id\":\"https:\/\/colegioarquitectos.com\/noticias\/#\/schema\/person\/685cc0aad148303c5608f049af8285ad\",\"name\":\"Colegio de Arquitectos de Chile\",\"url\":\"https:\/\/colegioarquitectos.com\/noticias\/?author=4\"}]}<\/script>\n<!-- \/ Yoast SEO plugin. -->","yoast_head_json":{"title":"[Convocatoria cerrada] Presenta tus candidatos o candidatas a los Premios CA 2025 - COLEGIO DE ARQUITECTOS DE CHILE","description":"Los\u00a0Premios CA\u00a0son uno de los\u00a0principales reconocimientos a los arquitectos y arquitectas del pa\u00eds, cada uno de los cuales destacan a\u00a0ocho colegiados o colegiadas, referentes para nuestro quehacer por su\u00a0excelencia, trabajo y aporte a la arquitectura. En tal sentido, el pr\u00f3ximo viernes 29 de agosto\u00a0se realizar\u00e1 la ceremonia de entrega de los Premios CA, en el marco de la celebraci\u00f3n de los\u00a083 a\u00f1os del Colegio de Arquitectos de Chile\u00a0y del\u00a0Mes de la Arquitectura.","robots":{"index":"index","follow":"follow","max-snippet":"max-snippet:-1","max-image-preview":"max-image-preview:large","max-video-preview":"max-video-preview:-1"},"canonical":"https:\/\/colegioarquitectos.com\/noticias\/?p=34032","og_locale":"es_ES","og_type":"article","og_title":"[Convocatoria cerrada] Presenta tus candidatos o candidatas a los Premios CA 2025 - COLEGIO DE ARQUITECTOS DE CHILE","og_description":"Los\u00a0Premios CA\u00a0son uno de los\u00a0principales reconocimientos a los arquitectos y arquitectas del pa\u00eds, cada uno de los cuales destacan a\u00a0ocho colegiados o colegiadas, referentes para nuestro quehacer por su\u00a0excelencia, trabajo y aporte a la arquitectura. En tal sentido, el pr\u00f3ximo viernes 29 de agosto\u00a0se realizar\u00e1 la ceremonia de entrega de los Premios CA, en el marco de la celebraci\u00f3n de los\u00a083 a\u00f1os del Colegio de Arquitectos de Chile\u00a0y del\u00a0Mes de la Arquitectura.","og_url":"https:\/\/colegioarquitectos.com\/noticias\/?p=34032","og_site_name":"COLEGIO DE ARQUITECTOS DE CHILE","article_publisher":"https:\/\/facebook.com\/Colegioarq\/","article_published_time":"2025-08-10T21:38:44+00:00","article_modified_time":"2025-08-25T14:02:50+00:00","og_image":[{"width":1280,"height":720,"url":"https:\/\/colegioarquitectos.com\/noticias\/wp-content\/uploads\/2025\/08\/ANIVERSARIO83-PREMIOS18-DESTWEB.png","type":"image\/png"}],"author":"Colegio de Arquitectos de Chile","twitter_card":"summary_large_image","twitter_creator":"@colegioarq","twitter_site":"@colegioarq","twitter_misc":{"Escrito por":"Colegio de Arquitectos de Chile","Tiempo de lectura":"7 minutos"},"schema":{"@context":"https:\/\/schema.org","@graph":[{"@type":"Article","@id":"https:\/\/colegioarquitectos.com\/noticias\/?p=34032#article","isPartOf":{"@id":"https:\/\/colegioarquitectos.com\/noticias\/?p=34032"},"author":{"name":"Colegio de Arquitectos de Chile","@id":"https:\/\/colegioarquitectos.com\/noticias\/#\/schema\/person\/685cc0aad148303c5608f049af8285ad"},"headline":"[Convocatoria cerrada] Presenta tus candidatos o candidatas a los Premios CA 2025","datePublished":"2025-08-10T21:38:44+00:00","dateModified":"2025-08-25T14:02:50+00:00","mainEntityOfPage":{"@id":"https:\/\/colegioarquitectos.com\/noticias\/?p=34032"},"wordCount":716,"publisher":{"@id":"https:\/\/colegioarquitectos.com\/noticias\/#organization"},"image":{"@id":"https:\/\/colegioarquitectos.com\/noticias\/?p=34032#primaryimage"},"thumbnailUrl":"https:\/\/colegioarquitectos.com\/noticias\/wp-content\/uploads\/2025\/08\/ANIVERSARIO83-PREMIOS18-DESTWEB.png","keywords":["83 a\u00f1os","Aniversario","Aniversario CA","convocatoria","Mes de la Arquitectura","Premios","Premios CA","Premios CA 2025"],"articleSection":["83 a\u00f1os CA","Colegio"],"inLanguage":"es"},{"@type":"WebPage","@id":"https:\/\/colegioarquitectos.com\/noticias\/?p=34032","url":"https:\/\/colegioarquitectos.com\/noticias\/?p=34032","name":"[Convocatoria cerrada] Presenta tus candidatos o candidatas a los Premios CA 2025 - COLEGIO DE ARQUITECTOS DE CHILE","isPartOf":{"@id":"https:\/\/colegioarquitectos.com\/noticias\/#website"},"primaryImageOfPage":{"@id":"https:\/\/colegioarquitectos.com\/noticias\/?p=34032#primaryimage"},"image":{"@id":"https:\/\/colegioarquitectos.com\/noticias\/?p=34032#primaryimage"},"thumbnailUrl":"https:\/\/colegioarquitectos.com\/noticias\/wp-content\/uploads\/2025\/08\/ANIVERSARIO83-PREMIOS18-DESTWEB.png","datePublished":"2025-08-10T21:38:44+00:00","dateModified":"2025-08-25T14:02:50+00:00","description":"Los\u00a0Premios CA\u00a0son uno de los\u00a0principales reconocimientos a los arquitectos y arquitectas del pa\u00eds, cada uno de los cuales destacan a\u00a0ocho colegiados o colegiadas, referentes para nuestro quehacer por su\u00a0excelencia, trabajo y aporte a la arquitectura. En tal sentido, el pr\u00f3ximo viernes 29 de agosto\u00a0se realizar\u00e1 la ceremonia de entrega de los Premios CA, en el marco de la celebraci\u00f3n de los\u00a083 a\u00f1os del Colegio de Arquitectos de Chile\u00a0y del\u00a0Mes de la Arquitectura.","breadcrumb":{"@id":"https:\/\/colegioarquitectos.com\/noticias\/?p=34032#breadcrumb"},"inLanguage":"es","potentialAction":[{"@type":"ReadAction","target":["https:\/\/colegioarquitectos.com\/noticias\/?p=34032"]}]},{"@type":"ImageObject","inLanguage":"es","@id":"https:\/\/colegioarquitectos.com\/noticias\/?p=34032#primaryimage","url":"https:\/\/colegioarquitectos.com\/noticias\/wp-content\/uploads\/2025\/08\/ANIVERSARIO83-PREMIOS18-DESTWEB.png","contentUrl":"https:\/\/colegioarquitectos.com\/noticias\/wp-content\/uploads\/2025\/08\/ANIVERSARIO83-PREMIOS18-DESTWEB.png","width":1280,"height":720},{"@type":"BreadcrumbList","@id":"https:\/\/colegioarquitectos.com\/noticias\/?p=34032#breadcrumb","itemListElement":[{"@type":"ListItem","position":1,"name":"Portada","item":"https:\/\/colegioarquitectos.com\/noticias"},{"@type":"ListItem","position":2,"name":"[Convocatoria cerrada] Presenta tus candidatos o candidatas a los Premios CA 2025"}]},{"@type":"WebSite","@id":"https:\/\/colegioarquitectos.com\/noticias\/#website","url":"https:\/\/colegioarquitectos.com\/noticias\/","name":"COLEGIO DE ARQUITECTOS DE CHILE","description":"","publisher":{"@id":"https:\/\/colegioarquitectos.com\/noticias\/#organization"},"potentialAction":[{"@type":"SearchAction","target":{"@type":"EntryPoint","urlTemplate":"https:\/\/colegioarquitectos.com\/noticias\/?s={search_term_string}"},"query-input":{"@type":"PropertyValueSpecification","valueRequired":true,"valueName":"search_term_string"}}],"inLanguage":"es"},{"@type":"Organization","@id":"https:\/\/colegioarquitectos.com\/noticias\/#organization","name":"COLEGIO DE ARQUITECTOS DE CHILE","url":"https:\/\/colegioarquitectos.com\/noticias\/","logo":{"@type":"ImageObject","inLanguage":"es","@id":"https:\/\/colegioarquitectos.com\/noticias\/#\/schema\/logo\/image\/","url":"https:\/\/colegioarquitectos.com\/noticias\/wp-content\/uploads\/2021\/05\/ENCABEZADO-LOGO-CA.jpg","contentUrl":"https:\/\/colegioarquitectos.com\/noticias\/wp-content\/uploads\/2021\/05\/ENCABEZADO-LOGO-CA.jpg","width":690,"height":350,"caption":"COLEGIO DE ARQUITECTOS DE CHILE"},"image":{"@id":"https:\/\/colegioarquitectos.com\/noticias\/#\/schema\/logo\/image\/"},"sameAs":["https:\/\/facebook.com\/Colegioarq\/","https:\/\/x.com\/colegioarq","https:\/\/instagram.com\/colegioarq","https:\/\/youtube.com\/@ColegiodeArquitectosdeChile"]},{"@type":"Person","@id":"https:\/\/colegioarquitectos.com\/noticias\/#\/schema\/person\/685cc0aad148303c5608f049af8285ad","name":"Colegio de Arquitectos de Chile","url":"https:\/\/colegioarquitectos.com\/noticias\/?author=4"}]}},"_links":{"self":[{"href":"https:\/\/colegioarquitectos.com\/noticias\/index.php?rest_route=\/wp\/v2\/posts\/34032","targetHints":{"allow":["GET"]}}],"collection":[{"href":"https:\/\/colegioarquitectos.com\/noticias\/index.php?rest_route=\/wp\/v2\/posts"}],"about":[{"href":"https:\/\/colegioarquitectos.com\/noticias\/index.php?rest_route=\/wp\/v2\/types\/post"}],"author":[{"embeddable":true,"href":"https:\/\/colegioarquitectos.com\/noticias\/index.php?rest_route=\/wp\/v2\/users\/4"}],"replies":[{"embeddable":true,"href":"https:\/\/colegioarquitectos.com\/noticias\/index.php?rest_route=%2Fwp%2Fv2%2Fcomments&post=34032"}],"version-history":[{"count":14,"href":"https:\/\/colegioarquitectos.com\/noticias\/index.php?rest_route=\/wp\/v2\/posts\/34032\/revisions"}],"predecessor-version":[{"id":34204,"href":"https:\/\/colegioarquitectos.com\/noticias\/index.php?rest_route=\/wp\/v2\/posts\/34032\/revisions\/34204"}],"wp:featuredmedia":[{"embeddable":true,"href":"https:\/\/colegioarquitectos.com\/noticias\/index.php?rest_route=\/wp\/v2\/media\/34160"}],"wp:attachment":[{"href":"https:\/\/colegioarquitectos.com\/noticias\/index.php?rest_route=%2Fwp%2Fv2%2Fmedia&parent=34032"}],"wp:term":[{"taxonomy":"category","embeddable":true,"href":"https:\/\/colegioarquitectos.com\/noticias\/index.php?rest_route=%2Fwp%2Fv2%2Fcategories&post=34032"},{"taxonomy":"post_tag","embeddable":true,"href":"https:\/\/colegioarquitectos.com\/noticias\/index.php?rest_route=%2Fwp%2Fv2%2Ftags&post=34032"}],"curies":[{"name":"wp","href":"https:\/\/api.w.org\/{rel}","templated":true}]}}