
{"id":34040,"date":"2025-07-17T15:55:04","date_gmt":"2025-07-17T19:55:04","guid":{"rendered":"https:\/\/colegioarquitectos.com\/noticias\/?p=34040"},"modified":"2025-07-17T15:55:04","modified_gmt":"2025-07-17T19:55:04","slug":"congreso-mundial-de-arquitectos-de-la-uia-2026-en-barcelona-ya-esta-abierto-el-concurso-internacional-de-estudiantes","status":"publish","type":"post","link":"https:\/\/colegioarquitectos.com\/noticias\/?p=34040","title":{"rendered":"Congreso Mundial de Arquitectos de la UIA 2026 en Barcelona: Ya est\u00e1 abierto el Concurso Internacional de Estudiantes"},"content":{"rendered":"<p>El <strong>Congreso Mundial de Arquitectos de la UIA 2026 Barcelona (UIA2026BCN)<\/strong> anuncia el <strong>Concurso Internacional de Estudiantes de la UIA<\/strong> , una invitaci\u00f3n a estudiantes de todo el mundo para participar en el tema central del Congreso : <strong>\u00abConvertirse. Arquitecturas para un planeta en transici\u00f3n\u00bb<\/strong>. Los participantes tienen el reto de <strong>dise\u00f1ar intervenciones espaciales que faciliten la resistencia y la adaptaci\u00f3n a amenazas predecibles relacionadas con cambios pol\u00edticos, transformaciones sociales y el cambio clim\u00e1tico, entre otras preocupaciones<\/strong>. Este concurso <strong>invita a los estudiantes a pensar m\u00e1s all\u00e1 de los m\u00e9todos de dise\u00f1o convencionales, utilizando el tiempo como estrategia de dise\u00f1o para impulsar un futuro resiliente.<\/strong><\/p>\n<p>Este concurso de ideas para estudiantes, de una sola fase, se organiza y lleva a cabo de conformidad con el Reglamento Est\u00e1ndar de la UNESCO para Concursos Internacionales de Arquitectura y Urbanismo y las recomendaciones de buenas pr\u00e1cticas de la UIA. El programa del concurso ha sido elaborado por el Equipo Comisario de UIA2026BCN y organizado por el Consejo Superior de los Colegios de Arquitectos de Espa\u00f1a (CSCAE) y el Colegio de Arquitectos de Catalu\u00f1a (COAC).<\/p>\n<p>La convocatoria se alinea con el tema del Congreso UIA 2026: \u00abConvertirse. Arquitecturas para un planeta en transici\u00f3n\u00bb, que definir\u00e1 el programa del Congreso como una <strong>plataforma para explorar perspectivas innovadoras, enfoques interdisciplinarios e ideas transformadoras que aborden los desaf\u00edos contempor\u00e1neos.<\/strong><\/p>\n<p>Se anima a los estudiantes a pensar en la arquitectura no como un resultado final, sino como un proceso din\u00e1mico y adaptativo. En lugar de proponer proyectos est\u00e1ticos, se anima a los participantes a considerar<strong> procesos de transformaci\u00f3n cuidadosos y temporales que respeten y fomenten las realidades f\u00edsicas y culturales del lugar elegido.<\/strong><\/p>\n<p>Las propuestas deben representarse mediante una secuencia de tres dibujos individuales (sitios encontrados, propuestas a corto plazo y desarrollos a largo plazo). Cada uno de estos dibujos debe presentarse como una representaci\u00f3n compleja y rica, incluso como un dibujo compuesto con leyendas y diagramas, manteniendo al mismo tiempo cierta unidad como documento.<\/p>\n<p>&nbsp;<\/p>\n<h4>Jurado internacional<\/h4>\n<hr \/>\n<p>Un jurado de renombre internacional evaluar\u00e1 las propuestas, integrado por<strong> Tatiana Bilbao<\/strong> (M\u00e9xico), <strong>Josep Ferrando<\/strong> (Espa\u00f1a, Presidente del Jurado), <strong>Marianna Rentzou <\/strong>de Point Supreme<strong> y Sumayya Vally<\/strong> de Counterspace (Grecia) y<strong> Wtanya Chanvitan<\/strong> de Bangkok Tokyo Architecture (Tailandia), con dos jurados suplentes \u2014<strong>Entropia Studio<\/strong> (Colombia) y <strong>Donn Holohan<\/strong> de Superposition (China)\u2014 junto al equipo curatorial y un observador designado por la UIA.<\/p>\n<p>El jurado se asegurar\u00e1 de que las propuestas respondan rigurosamente al tema <strong>\u00abCatalizadores de la resiliencia\u00bb<\/strong>, evaluando la coherencia conceptual, la sensibilidad contextual, la claridad de la presentaci\u00f3n y el potencial transformador a largo plazo.<\/p>\n<p>&nbsp;<\/p>\n<h4>Premios<\/h4>\n<hr \/>\n<p>Los premios que se entregar\u00e1n ser\u00e1n los siguientes:<\/p>\n<p>1er premio <strong>5000\u20ac<\/strong> y certificado.<\/p>\n<p>2\u00ba premio<strong> 4000\u20ac<\/strong> y certificado.<\/p>\n<p>3er premio <strong>3000\u20ac<\/strong> y certificado.<\/p>\n<p>4\u00ba premio<strong> 2000\u20ac<\/strong> y diploma.<\/p>\n<p>5\u00ba premio <strong>1.000\u20ac<\/strong> y certificado.<\/p>\n<p>&nbsp;<\/p>\n<p>El jurado tambi\u00e9n podr\u00e1 asignar un m\u00e1ximo de cinco menciones honor\u00edficas, as\u00ed como una lista de propuestas finalistas. No se otorgar\u00e1n premios ex aequo. Los ganadores tendr\u00e1n acceso gratuito al Congreso y todos los gastos de viaje estar\u00e1n cubiertos. Los ganadores, las menciones honor\u00edficas y las propuestas finalistas formar\u00e1n parte de una exposici\u00f3n durante el Congreso.<\/p>\n<p>&nbsp;<\/p>\n<h4>Calendario<\/h4>\n<hr \/>\n<p><strong>15\/07\/2025.<\/strong> Lanzamiento del concurso.<\/p>\n<p><strong>15\/09\/2025.<\/strong> Fecha l\u00edmite para preguntas.<\/p>\n<p><strong>24\/09\/2025.<\/strong> Fecha l\u00edmite para respuestas.<\/p>\n<p><strong>11\/07\/2025.<\/strong> Fecha l\u00edmite de inscripciones.<\/p>\n<p><strong>11\/07\/2025.<\/strong> Fecha l\u00edmite de presentaci\u00f3n de inscripciones.<\/p>\n<p><strong>Noviembre de 2025.<\/strong> Reuni\u00f3n del jurado y evaluaci\u00f3n de las propuestas.<\/p>\n<p><strong>Enero de 2026.<\/strong> Anuncio de resultados.<\/p>\n<p>&nbsp;<\/p>\n<p><strong>D\u00edas del Congreso.<\/strong> Exposici\u00f3n.<\/p>\n<p><strong>D\u00edas del Congreso.<\/strong> Ceremonia de entrega de premios.<\/p>\n<p>&nbsp;<\/p>\n<h4>Registro<\/h4>\n<hr \/>\n<p>Los participantes deber\u00e1n registrarse en el sitio web oficial del concurso ( www.uia-competitions.org ).<\/p>\n<p>Los competidores recibir\u00e1n un n\u00famero o c\u00f3digo que usar\u00e1n para iniciar sesi\u00f3n en el sistema. El registro es gratuito.<\/p>\n<p>Se pueden a\u00f1adir m\u00e1s miembros al equipo una vez cerrado el registro. El l\u00edder del equipo no se puede cambiar.<\/p>\n<p>&nbsp;<\/p>\n<h4>M\u00e1s informaci\u00f3n<\/h4>\n<hr \/>\n<p>Puedes encontrar toda la informaci\u00f3n sobre el Concurso Internacional de Estudiantes <a href=\"https:\/\/uia2026bcn.org\/international-student-competition\/\"><strong><span style=\"color: #000000;\">ac\u00e1<\/span><\/strong><\/a>.<\/p>\n<p>&nbsp;<\/p>\n<p><\/p>","protected":false},"excerpt":{"rendered":"<p>El Congreso Mundial de Arquitectos de la UIA 2026 Barcelona (UIA2026BCN) anuncia el Concurso Internacional de Estudiantes de la UIA , una invitaci\u00f3n a estudiantes de todo el mundo para participar en el tema central del Congreso : \u00abConvertirse. Arquitecturas &hellip; <a class=\"more-link\" href=\"https:\/\/colegioarquitectos.com\/noticias\/?p=34040\">ver m\u00e1s<\/a><\/p>","protected":false},"author":4,"featured_media":34041,"comment_status":"closed","ping_status":"closed","sticky":false,"template":"","format":"standard","meta":{"footnotes":""},"categories":[11,621],"tags":[1226,56,1356,1355,662,1352,1353,220,1351,1354],"class_list":["post-34040","post","type-post","status-publish","format-standard","has-post-thumbnail","hentry","category-concursos","category-internacional","tag-barcelona","tag-concurso","tag-concurso-internacional-de-estudiantes","tag-concurso-internacional-de-estudiantes-de-la-uia","tag-congreso","tag-congreso-mundial-de-arquitectos-de-la-uia-2026","tag-congreso-uia","tag-convocatoria","tag-estudiantes","tag-uia2026bcn"],"yoast_head":"<!-- This site is optimized with the Yoast SEO plugin v24.2 - https:\/\/yoast.com\/wordpress\/plugins\/seo\/ -->\n<title>Congreso Mundial de Arquitectos de la UIA 2026 en Barcelona: Ya est\u00e1 abierto el Concurso Internacional de Estudiantes - COLEGIO DE ARQUITECTOS DE CHILE<\/title>\n<meta name=\"robots\" content=\"index, follow, max-snippet:-1, max-image-preview:large, max-video-preview:-1\" \/>\n<link rel=\"canonical\" href=\"https:\/\/colegioarquitectos.com\/noticias\/?p=34040\" \/>\n<meta property=\"og:locale\" content=\"es_ES\" \/>\n<meta property=\"og:type\" content=\"article\" \/>\n<meta property=\"og:title\" content=\"Congreso Mundial de Arquitectos de la UIA 2026 en Barcelona: Ya est\u00e1 abierto el Concurso Internacional de Estudiantes - COLEGIO DE ARQUITECTOS DE CHILE\" \/>\n<meta property=\"og:description\" content=\"El Congreso Mundial de Arquitectos de la UIA 2026 Barcelona (UIA2026BCN) anuncia el Concurso Internacional de Estudiantes de la UIA , una invitaci\u00f3n a estudiantes de todo el mundo para participar en el tema central del Congreso : \u00abConvertirse. Arquitecturas &hellip; ver m\u00e1s\" \/>\n<meta property=\"og:url\" content=\"https:\/\/colegioarquitectos.com\/noticias\/?p=34040\" \/>\n<meta property=\"og:site_name\" content=\"COLEGIO DE ARQUITECTOS DE CHILE\" \/>\n<meta property=\"article:publisher\" content=\"https:\/\/facebook.com\/Colegioarq\/\" \/>\n<meta property=\"article:published_time\" content=\"2025-07-17T19:55:04+00:00\" \/>\n<meta property=\"og:image\" content=\"https:\/\/colegioarquitectos.com\/noticias\/wp-content\/uploads\/2025\/07\/Proyecto-nuevo-7.png\" \/>\n\t<meta property=\"og:image:width\" content=\"1280\" \/>\n\t<meta property=\"og:image:height\" content=\"720\" \/>\n\t<meta property=\"og:image:type\" content=\"image\/png\" \/>\n<meta name=\"author\" content=\"Colegio de Arquitectos de Chile\" \/>\n<meta name=\"twitter:card\" content=\"summary_large_image\" \/>\n<meta name=\"twitter:creator\" content=\"@colegioarq\" \/>\n<meta name=\"twitter:site\" content=\"@colegioarq\" \/>\n<meta name=\"twitter:label1\" content=\"Escrito por\" \/>\n\t<meta name=\"twitter:data1\" content=\"Colegio de Arquitectos de Chile\" \/>\n\t<meta name=\"twitter:label2\" content=\"Tiempo de lectura\" \/>\n\t<meta name=\"twitter:data2\" content=\"4 minutos\" \/>\n<script type=\"application\/ld+json\" class=\"yoast-schema-graph\">{\"@context\":\"https:\/\/schema.org\",\"@graph\":[{\"@type\":\"Article\",\"@id\":\"https:\/\/colegioarquitectos.com\/noticias\/?p=34040#article\",\"isPartOf\":{\"@id\":\"https:\/\/colegioarquitectos.com\/noticias\/?p=34040\"},\"author\":{\"name\":\"Colegio de Arquitectos de Chile\",\"@id\":\"https:\/\/colegioarquitectos.com\/noticias\/#\/schema\/person\/685cc0aad148303c5608f049af8285ad\"},\"headline\":\"Congreso Mundial de Arquitectos de la UIA 2026 en Barcelona: Ya est\u00e1 abierto el Concurso Internacional de Estudiantes\",\"datePublished\":\"2025-07-17T19:55:04+00:00\",\"dateModified\":\"2025-07-17T19:55:04+00:00\",\"mainEntityOfPage\":{\"@id\":\"https:\/\/colegioarquitectos.com\/noticias\/?p=34040\"},\"wordCount\":706,\"publisher\":{\"@id\":\"https:\/\/colegioarquitectos.com\/noticias\/#organization\"},\"image\":{\"@id\":\"https:\/\/colegioarquitectos.com\/noticias\/?p=34040#primaryimage\"},\"thumbnailUrl\":\"https:\/\/colegioarquitectos.com\/noticias\/wp-content\/uploads\/2025\/07\/Proyecto-nuevo-7.png\",\"keywords\":[\"Barcelona\",\"concurso\",\"Concurso Internacional de Estudiantes\",\"Concurso Internacional de Estudiantes de la UIA\",\"congreso\",\"Congreso Mundial de Arquitectos de la UIA 2026\",\"Congreso UIA\",\"convocatoria\",\"estudiantes\",\"UIA2026BCN\"],\"articleSection\":[\"Concursos\",\"Internacional\"],\"inLanguage\":\"es\"},{\"@type\":\"WebPage\",\"@id\":\"https:\/\/colegioarquitectos.com\/noticias\/?p=34040\",\"url\":\"https:\/\/colegioarquitectos.com\/noticias\/?p=34040\",\"name\":\"Congreso Mundial de Arquitectos de la UIA 2026 en Barcelona: Ya est\u00e1 abierto el Concurso Internacional de Estudiantes - COLEGIO DE ARQUITECTOS DE CHILE\",\"isPartOf\":{\"@id\":\"https:\/\/colegioarquitectos.com\/noticias\/#website\"},\"primaryImageOfPage\":{\"@id\":\"https:\/\/colegioarquitectos.com\/noticias\/?p=34040#primaryimage\"},\"image\":{\"@id\":\"https:\/\/colegioarquitectos.com\/noticias\/?p=34040#primaryimage\"},\"thumbnailUrl\":\"https:\/\/colegioarquitectos.com\/noticias\/wp-content\/uploads\/2025\/07\/Proyecto-nuevo-7.png\",\"datePublished\":\"2025-07-17T19:55:04+00:00\",\"dateModified\":\"2025-07-17T19:55:04+00:00\",\"breadcrumb\":{\"@id\":\"https:\/\/colegioarquitectos.com\/noticias\/?p=34040#breadcrumb\"},\"inLanguage\":\"es\",\"potentialAction\":[{\"@type\":\"ReadAction\",\"target\":[\"https:\/\/colegioarquitectos.com\/noticias\/?p=34040\"]}]},{\"@type\":\"ImageObject\",\"inLanguage\":\"es\",\"@id\":\"https:\/\/colegioarquitectos.com\/noticias\/?p=34040#primaryimage\",\"url\":\"https:\/\/colegioarquitectos.com\/noticias\/wp-content\/uploads\/2025\/07\/Proyecto-nuevo-7.png\",\"contentUrl\":\"https:\/\/colegioarquitectos.com\/noticias\/wp-content\/uploads\/2025\/07\/Proyecto-nuevo-7.png\",\"width\":1280,\"height\":720},{\"@type\":\"BreadcrumbList\",\"@id\":\"https:\/\/colegioarquitectos.com\/noticias\/?p=34040#breadcrumb\",\"itemListElement\":[{\"@type\":\"ListItem\",\"position\":1,\"name\":\"Portada\",\"item\":\"https:\/\/colegioarquitectos.com\/noticias\"},{\"@type\":\"ListItem\",\"position\":2,\"name\":\"Congreso Mundial de Arquitectos de la UIA 2026 en Barcelona: Ya est\u00e1 abierto el Concurso Internacional de Estudiantes\"}]},{\"@type\":\"WebSite\",\"@id\":\"https:\/\/colegioarquitectos.com\/noticias\/#website\",\"url\":\"https:\/\/colegioarquitectos.com\/noticias\/\",\"name\":\"COLEGIO DE ARQUITECTOS DE CHILE\",\"description\":\"\",\"publisher\":{\"@id\":\"https:\/\/colegioarquitectos.com\/noticias\/#organization\"},\"potentialAction\":[{\"@type\":\"SearchAction\",\"target\":{\"@type\":\"EntryPoint\",\"urlTemplate\":\"https:\/\/colegioarquitectos.com\/noticias\/?s={search_term_string}\"},\"query-input\":{\"@type\":\"PropertyValueSpecification\",\"valueRequired\":true,\"valueName\":\"search_term_string\"}}],\"inLanguage\":\"es\"},{\"@type\":\"Organization\",\"@id\":\"https:\/\/colegioarquitectos.com\/noticias\/#organization\",\"name\":\"COLEGIO DE ARQUITECTOS DE CHILE\",\"url\":\"https:\/\/colegioarquitectos.com\/noticias\/\",\"logo\":{\"@type\":\"ImageObject\",\"inLanguage\":\"es\",\"@id\":\"https:\/\/colegioarquitectos.com\/noticias\/#\/schema\/logo\/image\/\",\"url\":\"https:\/\/colegioarquitectos.com\/noticias\/wp-content\/uploads\/2021\/05\/ENCABEZADO-LOGO-CA.jpg\",\"contentUrl\":\"https:\/\/colegioarquitectos.com\/noticias\/wp-content\/uploads\/2021\/05\/ENCABEZADO-LOGO-CA.jpg\",\"width\":690,\"height\":350,\"caption\":\"COLEGIO DE ARQUITECTOS DE CHILE\"},\"image\":{\"@id\":\"https:\/\/colegioarquitectos.com\/noticias\/#\/schema\/logo\/image\/\"},\"sameAs\":[\"https:\/\/facebook.com\/Colegioarq\/\",\"https:\/\/x.com\/colegioarq\",\"https:\/\/instagram.com\/colegioarq\",\"https:\/\/youtube.com\/@ColegiodeArquitectosdeChile\"]},{\"@type\":\"Person\",\"@id\":\"https:\/\/colegioarquitectos.com\/noticias\/#\/schema\/person\/685cc0aad148303c5608f049af8285ad\",\"name\":\"Colegio de Arquitectos de Chile\",\"url\":\"https:\/\/colegioarquitectos.com\/noticias\/?author=4\"}]}<\/script>\n<!-- \/ Yoast SEO plugin. -->","yoast_head_json":{"title":"Congreso Mundial de Arquitectos de la UIA 2026 en Barcelona: Ya est\u00e1 abierto el Concurso Internacional de Estudiantes - COLEGIO DE ARQUITECTOS DE CHILE","robots":{"index":"index","follow":"follow","max-snippet":"max-snippet:-1","max-image-preview":"max-image-preview:large","max-video-preview":"max-video-preview:-1"},"canonical":"https:\/\/colegioarquitectos.com\/noticias\/?p=34040","og_locale":"es_ES","og_type":"article","og_title":"Congreso Mundial de Arquitectos de la UIA 2026 en Barcelona: Ya est\u00e1 abierto el Concurso Internacional de Estudiantes - COLEGIO DE ARQUITECTOS DE CHILE","og_description":"El Congreso Mundial de Arquitectos de la UIA 2026 Barcelona (UIA2026BCN) anuncia el Concurso Internacional de Estudiantes de la UIA , una invitaci\u00f3n a estudiantes de todo el mundo para participar en el tema central del Congreso : \u00abConvertirse. Arquitecturas &hellip; ver m\u00e1s","og_url":"https:\/\/colegioarquitectos.com\/noticias\/?p=34040","og_site_name":"COLEGIO DE ARQUITECTOS DE CHILE","article_publisher":"https:\/\/facebook.com\/Colegioarq\/","article_published_time":"2025-07-17T19:55:04+00:00","og_image":[{"width":1280,"height":720,"url":"https:\/\/colegioarquitectos.com\/noticias\/wp-content\/uploads\/2025\/07\/Proyecto-nuevo-7.png","type":"image\/png"}],"author":"Colegio de Arquitectos de Chile","twitter_card":"summary_large_image","twitter_creator":"@colegioarq","twitter_site":"@colegioarq","twitter_misc":{"Escrito por":"Colegio de Arquitectos de Chile","Tiempo de lectura":"4 minutos"},"schema":{"@context":"https:\/\/schema.org","@graph":[{"@type":"Article","@id":"https:\/\/colegioarquitectos.com\/noticias\/?p=34040#article","isPartOf":{"@id":"https:\/\/colegioarquitectos.com\/noticias\/?p=34040"},"author":{"name":"Colegio de Arquitectos de Chile","@id":"https:\/\/colegioarquitectos.com\/noticias\/#\/schema\/person\/685cc0aad148303c5608f049af8285ad"},"headline":"Congreso Mundial de Arquitectos de la UIA 2026 en Barcelona: Ya est\u00e1 abierto el Concurso Internacional de Estudiantes","datePublished":"2025-07-17T19:55:04+00:00","dateModified":"2025-07-17T19:55:04+00:00","mainEntityOfPage":{"@id":"https:\/\/colegioarquitectos.com\/noticias\/?p=34040"},"wordCount":706,"publisher":{"@id":"https:\/\/colegioarquitectos.com\/noticias\/#organization"},"image":{"@id":"https:\/\/colegioarquitectos.com\/noticias\/?p=34040#primaryimage"},"thumbnailUrl":"https:\/\/colegioarquitectos.com\/noticias\/wp-content\/uploads\/2025\/07\/Proyecto-nuevo-7.png","keywords":["Barcelona","concurso","Concurso Internacional de Estudiantes","Concurso Internacional de Estudiantes de la UIA","congreso","Congreso Mundial de Arquitectos de la UIA 2026","Congreso UIA","convocatoria","estudiantes","UIA2026BCN"],"articleSection":["Concursos","Internacional"],"inLanguage":"es"},{"@type":"WebPage","@id":"https:\/\/colegioarquitectos.com\/noticias\/?p=34040","url":"https:\/\/colegioarquitectos.com\/noticias\/?p=34040","name":"Congreso Mundial de Arquitectos de la UIA 2026 en Barcelona: Ya est\u00e1 abierto el Concurso Internacional de Estudiantes - COLEGIO DE ARQUITECTOS DE CHILE","isPartOf":{"@id":"https:\/\/colegioarquitectos.com\/noticias\/#website"},"primaryImageOfPage":{"@id":"https:\/\/colegioarquitectos.com\/noticias\/?p=34040#primaryimage"},"image":{"@id":"https:\/\/colegioarquitectos.com\/noticias\/?p=34040#primaryimage"},"thumbnailUrl":"https:\/\/colegioarquitectos.com\/noticias\/wp-content\/uploads\/2025\/07\/Proyecto-nuevo-7.png","datePublished":"2025-07-17T19:55:04+00:00","dateModified":"2025-07-17T19:55:04+00:00","breadcrumb":{"@id":"https:\/\/colegioarquitectos.com\/noticias\/?p=34040#breadcrumb"},"inLanguage":"es","potentialAction":[{"@type":"ReadAction","target":["https:\/\/colegioarquitectos.com\/noticias\/?p=34040"]}]},{"@type":"ImageObject","inLanguage":"es","@id":"https:\/\/colegioarquitectos.com\/noticias\/?p=34040#primaryimage","url":"https:\/\/colegioarquitectos.com\/noticias\/wp-content\/uploads\/2025\/07\/Proyecto-nuevo-7.png","contentUrl":"https:\/\/colegioarquitectos.com\/noticias\/wp-content\/uploads\/2025\/07\/Proyecto-nuevo-7.png","width":1280,"height":720},{"@type":"BreadcrumbList","@id":"https:\/\/colegioarquitectos.com\/noticias\/?p=34040#breadcrumb","itemListElement":[{"@type":"ListItem","position":1,"name":"Portada","item":"https:\/\/colegioarquitectos.com\/noticias"},{"@type":"ListItem","position":2,"name":"Congreso Mundial de Arquitectos de la UIA 2026 en Barcelona: Ya est\u00e1 abierto el Concurso Internacional de Estudiantes"}]},{"@type":"WebSite","@id":"https:\/\/colegioarquitectos.com\/noticias\/#website","url":"https:\/\/colegioarquitectos.com\/noticias\/","name":"COLEGIO DE ARQUITECTOS DE CHILE","description":"","publisher":{"@id":"https:\/\/colegioarquitectos.com\/noticias\/#organization"},"potentialAction":[{"@type":"SearchAction","target":{"@type":"EntryPoint","urlTemplate":"https:\/\/colegioarquitectos.com\/noticias\/?s={search_term_string}"},"query-input":{"@type":"PropertyValueSpecification","valueRequired":true,"valueName":"search_term_string"}}],"inLanguage":"es"},{"@type":"Organization","@id":"https:\/\/colegioarquitectos.com\/noticias\/#organization","name":"COLEGIO DE ARQUITECTOS DE CHILE","url":"https:\/\/colegioarquitectos.com\/noticias\/","logo":{"@type":"ImageObject","inLanguage":"es","@id":"https:\/\/colegioarquitectos.com\/noticias\/#\/schema\/logo\/image\/","url":"https:\/\/colegioarquitectos.com\/noticias\/wp-content\/uploads\/2021\/05\/ENCABEZADO-LOGO-CA.jpg","contentUrl":"https:\/\/colegioarquitectos.com\/noticias\/wp-content\/uploads\/2021\/05\/ENCABEZADO-LOGO-CA.jpg","width":690,"height":350,"caption":"COLEGIO DE ARQUITECTOS DE CHILE"},"image":{"@id":"https:\/\/colegioarquitectos.com\/noticias\/#\/schema\/logo\/image\/"},"sameAs":["https:\/\/facebook.com\/Colegioarq\/","https:\/\/x.com\/colegioarq","https:\/\/instagram.com\/colegioarq","https:\/\/youtube.com\/@ColegiodeArquitectosdeChile"]},{"@type":"Person","@id":"https:\/\/colegioarquitectos.com\/noticias\/#\/schema\/person\/685cc0aad148303c5608f049af8285ad","name":"Colegio de Arquitectos de Chile","url":"https:\/\/colegioarquitectos.com\/noticias\/?author=4"}]}},"_links":{"self":[{"href":"https:\/\/colegioarquitectos.com\/noticias\/index.php?rest_route=\/wp\/v2\/posts\/34040","targetHints":{"allow":["GET"]}}],"collection":[{"href":"https:\/\/colegioarquitectos.com\/noticias\/index.php?rest_route=\/wp\/v2\/posts"}],"about":[{"href":"https:\/\/colegioarquitectos.com\/noticias\/index.php?rest_route=\/wp\/v2\/types\/post"}],"author":[{"embeddable":true,"href":"https:\/\/colegioarquitectos.com\/noticias\/index.php?rest_route=\/wp\/v2\/users\/4"}],"replies":[{"embeddable":true,"href":"https:\/\/colegioarquitectos.com\/noticias\/index.php?rest_route=%2Fwp%2Fv2%2Fcomments&post=34040"}],"version-history":[{"count":1,"href":"https:\/\/colegioarquitectos.com\/noticias\/index.php?rest_route=\/wp\/v2\/posts\/34040\/revisions"}],"predecessor-version":[{"id":34042,"href":"https:\/\/colegioarquitectos.com\/noticias\/index.php?rest_route=\/wp\/v2\/posts\/34040\/revisions\/34042"}],"wp:featuredmedia":[{"embeddable":true,"href":"https:\/\/colegioarquitectos.com\/noticias\/index.php?rest_route=\/wp\/v2\/media\/34041"}],"wp:attachment":[{"href":"https:\/\/colegioarquitectos.com\/noticias\/index.php?rest_route=%2Fwp%2Fv2%2Fmedia&parent=34040"}],"wp:term":[{"taxonomy":"category","embeddable":true,"href":"https:\/\/colegioarquitectos.com\/noticias\/index.php?rest_route=%2Fwp%2Fv2%2Fcategories&post=34040"},{"taxonomy":"post_tag","embeddable":true,"href":"https:\/\/colegioarquitectos.com\/noticias\/index.php?rest_route=%2Fwp%2Fv2%2Ftags&post=34040"}],"curies":[{"name":"wp","href":"https:\/\/api.w.org\/{rel}","templated":true}]}}