
{"id":34051,"date":"2025-07-21T10:45:51","date_gmt":"2025-07-21T14:45:51","guid":{"rendered":"https:\/\/colegioarquitectos.com\/noticias\/?p=34051"},"modified":"2025-07-21T10:45:51","modified_gmt":"2025-07-21T14:45:51","slug":"participa-del-1er-congreso-de-intervencion-en-el-patrimonio-arquitectonico-y-urbano","status":"publish","type":"post","link":"https:\/\/colegioarquitectos.com\/noticias\/?p=34051","title":{"rendered":"Participa del 1er Congreso de Intervenci\u00f3n en el Patrimonio Arquitect\u00f3nico y Urbano"},"content":{"rendered":"<p>Se ha iniciado la convocatoria para recibir ponencias al <strong>I Congreso de Intervenci\u00f3n en el Patrimonio Arquitect\u00f3nico y Urbano. Trayectorias y Perspectivas Cr\u00edticas<\/strong>, que se efectuar\u00e1 en la <strong>Facultad de Arquitectura y Urbanismo de la Universidad de Chile<\/strong>, el <strong>25, 26 y 27 de marzo de 2026<\/strong>, y es patrocinado por nuestro <strong>Comit\u00e9 de Patrimonio Arquitect\u00f3nico y Ambiental<\/strong>.<\/p>\n<p>Les recordamos que el Congreso busca integrar al mundo acad\u00e9mico, profesional, institucional y a las comunidades, con sus investigaciones y proyectos en una instancia de relevancia e impacto nacional, <strong>en la que podamos realizar un balance y trazar trayectorias ante los desaf\u00edos que presenta la conservaci\u00f3n, intervenci\u00f3n y gesti\u00f3n de nuestro patrimonio<\/strong>.<\/p>\n<p>Esperamos que puedan colaborarnos <strong>difundiendo la invitaci\u00f3n a presentar trabajos a todos los profesionales, investigadores, acad\u00e9micos, estudiantes de postgrado, representantes de instituciones, asociaciones y organizaciones comunitarias, que desarrollen iniciativas vinculadas con las diversas \u00e1reas de intervenci\u00f3n, la planificaci\u00f3n y la gesti\u00f3n del patrimonio arquitect\u00f3nico y urbano.<\/strong><\/p>\n<p>Los ejes tem\u00e1ticos que aborda el Congreso son los siguientes:<\/p>\n<ol>\n<li>Teor\u00eda y metodolog\u00eda de la intervenci\u00f3n en el patrimonio arquitect\u00f3nico y urbano.<\/li>\n<li>Planes de manejo, pol\u00edticas p\u00fablicas y gesti\u00f3n del patrimonio arquitect\u00f3nico y urbano.<\/li>\n<li>Integraci\u00f3n y participaci\u00f3n comunitaria.<\/li>\n<li>Estrategias y proyectos de intervenci\u00f3n patrimonial.<\/li>\n<li>Tecnolog\u00edas para la intervenci\u00f3n patrimonial.<\/li>\n<\/ol>\n<p>&nbsp;<\/p>\n<p>Las presentaciones pueden derivar de los siguientes \u00e1mbitos de actuaci\u00f3n:<\/p>\n<ol>\n<li>a) Trabajos de Investigaci\u00f3n, de acad\u00e9micos y trabajos finales o Tesis de Postgrado o Tesis de Grados.<\/li>\n<li>b) Proyectos Profesionales, de intervenci\u00f3n en el Patrimonio Arquitect\u00f3nico y Urbano, planes de gesti\u00f3n o manejo, propuestas de intervenci\u00f3n t\u00e9cnica. etc., presentados por los arquitectos proyectistas, sus equipos profesionales, instituciones p\u00fablicas u otras organizaciones.<\/li>\n<li>c) Acciones comunitarias, en las que las organizaciones sociales han liderado proyectos de salvaguarda del patrimonio construido.<\/li>\n<\/ol>\n<p>&nbsp;<\/p>\n<p>Para contar con mayores detalles del Congreso, puedes consultar la p\u00e1gina web<span style=\"color: #000000;\"> <strong><a style=\"color: #000000;\" href=\"https:\/\/cipau.cl\/\">www.cipau.cl<\/a><\/strong><\/span><\/p>\n<p><\/p>","protected":false},"excerpt":{"rendered":"<p>Se ha iniciado la convocatoria para recibir ponencias al I Congreso de Intervenci\u00f3n en el Patrimonio Arquitect\u00f3nico y Urbano. Trayectorias y Perspectivas Cr\u00edticas, que se efectuar\u00e1 en la Facultad de Arquitectura y Urbanismo de la Universidad de Chile, el 25, &hellip; <a class=\"more-link\" href=\"https:\/\/colegioarquitectos.com\/noticias\/?p=34051\">ver m\u00e1s<\/a><\/p>","protected":false},"author":4,"featured_media":34052,"comment_status":"closed","ping_status":"closed","sticky":false,"template":"","format":"standard","meta":{"footnotes":""},"categories":[19,41],"tags":[662,1362,1361,1363],"class_list":["post-34051","post","type-post","status-publish","format-standard","has-post-thumbnail","hentry","category-actividades","category-congresos","tag-congreso","tag-congreso-de-intervencion-en-el-patrimonio-arquitectonico-y-urbano","tag-ipau","tag-trayectorias-y-perspectivas-criticas"],"yoast_head":"<!-- This site is optimized with the Yoast SEO plugin v24.2 - https:\/\/yoast.com\/wordpress\/plugins\/seo\/ -->\n<title>Participa del 1er Congreso de Intervenci\u00f3n en el Patrimonio Arquitect\u00f3nico y Urbano - COLEGIO DE ARQUITECTOS DE CHILE<\/title>\n<meta name=\"description\" content=\"Se ha iniciado la convocatoria para recibir ponencias al I Congreso de Intervenci\u00f3n en el Patrimonio Arquitect\u00f3nico y Urbano. Trayectorias y Perspectivas Cr\u00edticas, que se efectuar\u00e1 en la Facultad de Arquitectura y Urbanismo de la Universidad de Chile, el 25, 26 y 27 de marzo de 2026. Les recordamos que el Congreso busca integrar al mundo acad\u00e9mico, profesional, institucional y a las comunidades, con sus investigaciones y proyectos en una instancia de relevancia e impacto nacional, en la que podamos realizar un balance y trazar trayectorias ante los desaf\u00edos que presenta la conservaci\u00f3n, intervenci\u00f3n y gesti\u00f3n de nuestro patrimonio.\" \/>\n<meta name=\"robots\" content=\"index, follow, max-snippet:-1, max-image-preview:large, max-video-preview:-1\" \/>\n<link rel=\"canonical\" href=\"https:\/\/colegioarquitectos.com\/noticias\/?p=34051\" \/>\n<meta property=\"og:locale\" content=\"es_ES\" \/>\n<meta property=\"og:type\" content=\"article\" \/>\n<meta property=\"og:title\" content=\"Participa del 1er Congreso de Intervenci\u00f3n en el Patrimonio Arquitect\u00f3nico y Urbano - COLEGIO DE ARQUITECTOS DE CHILE\" \/>\n<meta property=\"og:description\" content=\"Se ha iniciado la convocatoria para recibir ponencias al I Congreso de Intervenci\u00f3n en el Patrimonio Arquitect\u00f3nico y Urbano. Trayectorias y Perspectivas Cr\u00edticas, que se efectuar\u00e1 en la Facultad de Arquitectura y Urbanismo de la Universidad de Chile, el 25, 26 y 27 de marzo de 2026. Les recordamos que el Congreso busca integrar al mundo acad\u00e9mico, profesional, institucional y a las comunidades, con sus investigaciones y proyectos en una instancia de relevancia e impacto nacional, en la que podamos realizar un balance y trazar trayectorias ante los desaf\u00edos que presenta la conservaci\u00f3n, intervenci\u00f3n y gesti\u00f3n de nuestro patrimonio.\" \/>\n<meta property=\"og:url\" content=\"https:\/\/colegioarquitectos.com\/noticias\/?p=34051\" \/>\n<meta property=\"og:site_name\" content=\"COLEGIO DE ARQUITECTOS DE CHILE\" \/>\n<meta property=\"article:publisher\" content=\"https:\/\/facebook.com\/Colegioarq\/\" \/>\n<meta property=\"article:published_time\" content=\"2025-07-21T14:45:51+00:00\" \/>\n<meta property=\"og:image\" content=\"https:\/\/colegioarquitectos.com\/noticias\/wp-content\/uploads\/2025\/07\/ENCABEZADO-WEB-1.png\" \/>\n\t<meta property=\"og:image:width\" content=\"1280\" \/>\n\t<meta property=\"og:image:height\" content=\"720\" \/>\n\t<meta property=\"og:image:type\" content=\"image\/png\" \/>\n<meta name=\"author\" content=\"Colegio de Arquitectos de Chile\" \/>\n<meta name=\"twitter:card\" content=\"summary_large_image\" \/>\n<meta name=\"twitter:creator\" content=\"@colegioarq\" \/>\n<meta name=\"twitter:site\" content=\"@colegioarq\" \/>\n<meta name=\"twitter:label1\" content=\"Escrito por\" \/>\n\t<meta name=\"twitter:data1\" content=\"Colegio de Arquitectos de Chile\" \/>\n\t<meta name=\"twitter:label2\" content=\"Tiempo de lectura\" \/>\n\t<meta name=\"twitter:data2\" content=\"2 minutos\" \/>\n<script type=\"application\/ld+json\" class=\"yoast-schema-graph\">{\"@context\":\"https:\/\/schema.org\",\"@graph\":[{\"@type\":\"Article\",\"@id\":\"https:\/\/colegioarquitectos.com\/noticias\/?p=34051#article\",\"isPartOf\":{\"@id\":\"https:\/\/colegioarquitectos.com\/noticias\/?p=34051\"},\"author\":{\"name\":\"Colegio de Arquitectos de Chile\",\"@id\":\"https:\/\/colegioarquitectos.com\/noticias\/#\/schema\/person\/685cc0aad148303c5608f049af8285ad\"},\"headline\":\"Participa del 1er Congreso de Intervenci\u00f3n en el Patrimonio Arquitect\u00f3nico y Urbano\",\"datePublished\":\"2025-07-21T14:45:51+00:00\",\"dateModified\":\"2025-07-21T14:45:51+00:00\",\"mainEntityOfPage\":{\"@id\":\"https:\/\/colegioarquitectos.com\/noticias\/?p=34051\"},\"wordCount\":349,\"publisher\":{\"@id\":\"https:\/\/colegioarquitectos.com\/noticias\/#organization\"},\"image\":{\"@id\":\"https:\/\/colegioarquitectos.com\/noticias\/?p=34051#primaryimage\"},\"thumbnailUrl\":\"https:\/\/colegioarquitectos.com\/noticias\/wp-content\/uploads\/2025\/07\/ENCABEZADO-WEB-1.png\",\"keywords\":[\"congreso\",\"Congreso de Intervenci\u00f3n en el Patrimonio Arquitect\u00f3nico y Urbano\",\"IPAU\",\"Trayectorias y perspectivas cr\u00edticas\"],\"articleSection\":[\"Actividades\",\"Congresos\"],\"inLanguage\":\"es\"},{\"@type\":\"WebPage\",\"@id\":\"https:\/\/colegioarquitectos.com\/noticias\/?p=34051\",\"url\":\"https:\/\/colegioarquitectos.com\/noticias\/?p=34051\",\"name\":\"Participa del 1er Congreso de Intervenci\u00f3n en el Patrimonio Arquitect\u00f3nico y Urbano - COLEGIO DE ARQUITECTOS DE CHILE\",\"isPartOf\":{\"@id\":\"https:\/\/colegioarquitectos.com\/noticias\/#website\"},\"primaryImageOfPage\":{\"@id\":\"https:\/\/colegioarquitectos.com\/noticias\/?p=34051#primaryimage\"},\"image\":{\"@id\":\"https:\/\/colegioarquitectos.com\/noticias\/?p=34051#primaryimage\"},\"thumbnailUrl\":\"https:\/\/colegioarquitectos.com\/noticias\/wp-content\/uploads\/2025\/07\/ENCABEZADO-WEB-1.png\",\"datePublished\":\"2025-07-21T14:45:51+00:00\",\"dateModified\":\"2025-07-21T14:45:51+00:00\",\"description\":\"Se ha iniciado la convocatoria para recibir ponencias al I Congreso de Intervenci\u00f3n en el Patrimonio Arquitect\u00f3nico y Urbano. Trayectorias y Perspectivas Cr\u00edticas, que se efectuar\u00e1 en la Facultad de Arquitectura y Urbanismo de la Universidad de Chile, el 25, 26 y 27 de marzo de 2026. Les recordamos que el Congreso busca integrar al mundo acad\u00e9mico, profesional, institucional y a las comunidades, con sus investigaciones y proyectos en una instancia de relevancia e impacto nacional, en la que podamos realizar un balance y trazar trayectorias ante los desaf\u00edos que presenta la conservaci\u00f3n, intervenci\u00f3n y gesti\u00f3n de nuestro patrimonio.\",\"breadcrumb\":{\"@id\":\"https:\/\/colegioarquitectos.com\/noticias\/?p=34051#breadcrumb\"},\"inLanguage\":\"es\",\"potentialAction\":[{\"@type\":\"ReadAction\",\"target\":[\"https:\/\/colegioarquitectos.com\/noticias\/?p=34051\"]}]},{\"@type\":\"ImageObject\",\"inLanguage\":\"es\",\"@id\":\"https:\/\/colegioarquitectos.com\/noticias\/?p=34051#primaryimage\",\"url\":\"https:\/\/colegioarquitectos.com\/noticias\/wp-content\/uploads\/2025\/07\/ENCABEZADO-WEB-1.png\",\"contentUrl\":\"https:\/\/colegioarquitectos.com\/noticias\/wp-content\/uploads\/2025\/07\/ENCABEZADO-WEB-1.png\",\"width\":1280,\"height\":720},{\"@type\":\"BreadcrumbList\",\"@id\":\"https:\/\/colegioarquitectos.com\/noticias\/?p=34051#breadcrumb\",\"itemListElement\":[{\"@type\":\"ListItem\",\"position\":1,\"name\":\"Portada\",\"item\":\"https:\/\/colegioarquitectos.com\/noticias\"},{\"@type\":\"ListItem\",\"position\":2,\"name\":\"Participa del 1er Congreso de Intervenci\u00f3n en el Patrimonio Arquitect\u00f3nico y Urbano\"}]},{\"@type\":\"WebSite\",\"@id\":\"https:\/\/colegioarquitectos.com\/noticias\/#website\",\"url\":\"https:\/\/colegioarquitectos.com\/noticias\/\",\"name\":\"COLEGIO DE ARQUITECTOS DE CHILE\",\"description\":\"\",\"publisher\":{\"@id\":\"https:\/\/colegioarquitectos.com\/noticias\/#organization\"},\"potentialAction\":[{\"@type\":\"SearchAction\",\"target\":{\"@type\":\"EntryPoint\",\"urlTemplate\":\"https:\/\/colegioarquitectos.com\/noticias\/?s={search_term_string}\"},\"query-input\":{\"@type\":\"PropertyValueSpecification\",\"valueRequired\":true,\"valueName\":\"search_term_string\"}}],\"inLanguage\":\"es\"},{\"@type\":\"Organization\",\"@id\":\"https:\/\/colegioarquitectos.com\/noticias\/#organization\",\"name\":\"COLEGIO DE ARQUITECTOS DE CHILE\",\"url\":\"https:\/\/colegioarquitectos.com\/noticias\/\",\"logo\":{\"@type\":\"ImageObject\",\"inLanguage\":\"es\",\"@id\":\"https:\/\/colegioarquitectos.com\/noticias\/#\/schema\/logo\/image\/\",\"url\":\"https:\/\/colegioarquitectos.com\/noticias\/wp-content\/uploads\/2021\/05\/ENCABEZADO-LOGO-CA.jpg\",\"contentUrl\":\"https:\/\/colegioarquitectos.com\/noticias\/wp-content\/uploads\/2021\/05\/ENCABEZADO-LOGO-CA.jpg\",\"width\":690,\"height\":350,\"caption\":\"COLEGIO DE ARQUITECTOS DE CHILE\"},\"image\":{\"@id\":\"https:\/\/colegioarquitectos.com\/noticias\/#\/schema\/logo\/image\/\"},\"sameAs\":[\"https:\/\/facebook.com\/Colegioarq\/\",\"https:\/\/x.com\/colegioarq\",\"https:\/\/instagram.com\/colegioarq\",\"https:\/\/youtube.com\/@ColegiodeArquitectosdeChile\"]},{\"@type\":\"Person\",\"@id\":\"https:\/\/colegioarquitectos.com\/noticias\/#\/schema\/person\/685cc0aad148303c5608f049af8285ad\",\"name\":\"Colegio de Arquitectos de Chile\",\"url\":\"https:\/\/colegioarquitectos.com\/noticias\/?author=4\"}]}<\/script>\n<!-- \/ Yoast SEO plugin. -->","yoast_head_json":{"title":"Participa del 1er Congreso de Intervenci\u00f3n en el Patrimonio Arquitect\u00f3nico y Urbano - COLEGIO DE ARQUITECTOS DE CHILE","description":"Se ha iniciado la convocatoria para recibir ponencias al I Congreso de Intervenci\u00f3n en el Patrimonio Arquitect\u00f3nico y Urbano. Trayectorias y Perspectivas Cr\u00edticas, que se efectuar\u00e1 en la Facultad de Arquitectura y Urbanismo de la Universidad de Chile, el 25, 26 y 27 de marzo de 2026. Les recordamos que el Congreso busca integrar al mundo acad\u00e9mico, profesional, institucional y a las comunidades, con sus investigaciones y proyectos en una instancia de relevancia e impacto nacional, en la que podamos realizar un balance y trazar trayectorias ante los desaf\u00edos que presenta la conservaci\u00f3n, intervenci\u00f3n y gesti\u00f3n de nuestro patrimonio.","robots":{"index":"index","follow":"follow","max-snippet":"max-snippet:-1","max-image-preview":"max-image-preview:large","max-video-preview":"max-video-preview:-1"},"canonical":"https:\/\/colegioarquitectos.com\/noticias\/?p=34051","og_locale":"es_ES","og_type":"article","og_title":"Participa del 1er Congreso de Intervenci\u00f3n en el Patrimonio Arquitect\u00f3nico y Urbano - COLEGIO DE ARQUITECTOS DE CHILE","og_description":"Se ha iniciado la convocatoria para recibir ponencias al I Congreso de Intervenci\u00f3n en el Patrimonio Arquitect\u00f3nico y Urbano. Trayectorias y Perspectivas Cr\u00edticas, que se efectuar\u00e1 en la Facultad de Arquitectura y Urbanismo de la Universidad de Chile, el 25, 26 y 27 de marzo de 2026. Les recordamos que el Congreso busca integrar al mundo acad\u00e9mico, profesional, institucional y a las comunidades, con sus investigaciones y proyectos en una instancia de relevancia e impacto nacional, en la que podamos realizar un balance y trazar trayectorias ante los desaf\u00edos que presenta la conservaci\u00f3n, intervenci\u00f3n y gesti\u00f3n de nuestro patrimonio.","og_url":"https:\/\/colegioarquitectos.com\/noticias\/?p=34051","og_site_name":"COLEGIO DE ARQUITECTOS DE CHILE","article_publisher":"https:\/\/facebook.com\/Colegioarq\/","article_published_time":"2025-07-21T14:45:51+00:00","og_image":[{"width":1280,"height":720,"url":"https:\/\/colegioarquitectos.com\/noticias\/wp-content\/uploads\/2025\/07\/ENCABEZADO-WEB-1.png","type":"image\/png"}],"author":"Colegio de Arquitectos de Chile","twitter_card":"summary_large_image","twitter_creator":"@colegioarq","twitter_site":"@colegioarq","twitter_misc":{"Escrito por":"Colegio de Arquitectos de Chile","Tiempo de lectura":"2 minutos"},"schema":{"@context":"https:\/\/schema.org","@graph":[{"@type":"Article","@id":"https:\/\/colegioarquitectos.com\/noticias\/?p=34051#article","isPartOf":{"@id":"https:\/\/colegioarquitectos.com\/noticias\/?p=34051"},"author":{"name":"Colegio de Arquitectos de Chile","@id":"https:\/\/colegioarquitectos.com\/noticias\/#\/schema\/person\/685cc0aad148303c5608f049af8285ad"},"headline":"Participa del 1er Congreso de Intervenci\u00f3n en el Patrimonio Arquitect\u00f3nico y Urbano","datePublished":"2025-07-21T14:45:51+00:00","dateModified":"2025-07-21T14:45:51+00:00","mainEntityOfPage":{"@id":"https:\/\/colegioarquitectos.com\/noticias\/?p=34051"},"wordCount":349,"publisher":{"@id":"https:\/\/colegioarquitectos.com\/noticias\/#organization"},"image":{"@id":"https:\/\/colegioarquitectos.com\/noticias\/?p=34051#primaryimage"},"thumbnailUrl":"https:\/\/colegioarquitectos.com\/noticias\/wp-content\/uploads\/2025\/07\/ENCABEZADO-WEB-1.png","keywords":["congreso","Congreso de Intervenci\u00f3n en el Patrimonio Arquitect\u00f3nico y Urbano","IPAU","Trayectorias y perspectivas cr\u00edticas"],"articleSection":["Actividades","Congresos"],"inLanguage":"es"},{"@type":"WebPage","@id":"https:\/\/colegioarquitectos.com\/noticias\/?p=34051","url":"https:\/\/colegioarquitectos.com\/noticias\/?p=34051","name":"Participa del 1er Congreso de Intervenci\u00f3n en el Patrimonio Arquitect\u00f3nico y Urbano - COLEGIO DE ARQUITECTOS DE CHILE","isPartOf":{"@id":"https:\/\/colegioarquitectos.com\/noticias\/#website"},"primaryImageOfPage":{"@id":"https:\/\/colegioarquitectos.com\/noticias\/?p=34051#primaryimage"},"image":{"@id":"https:\/\/colegioarquitectos.com\/noticias\/?p=34051#primaryimage"},"thumbnailUrl":"https:\/\/colegioarquitectos.com\/noticias\/wp-content\/uploads\/2025\/07\/ENCABEZADO-WEB-1.png","datePublished":"2025-07-21T14:45:51+00:00","dateModified":"2025-07-21T14:45:51+00:00","description":"Se ha iniciado la convocatoria para recibir ponencias al I Congreso de Intervenci\u00f3n en el Patrimonio Arquitect\u00f3nico y Urbano. Trayectorias y Perspectivas Cr\u00edticas, que se efectuar\u00e1 en la Facultad de Arquitectura y Urbanismo de la Universidad de Chile, el 25, 26 y 27 de marzo de 2026. Les recordamos que el Congreso busca integrar al mundo acad\u00e9mico, profesional, institucional y a las comunidades, con sus investigaciones y proyectos en una instancia de relevancia e impacto nacional, en la que podamos realizar un balance y trazar trayectorias ante los desaf\u00edos que presenta la conservaci\u00f3n, intervenci\u00f3n y gesti\u00f3n de nuestro patrimonio.","breadcrumb":{"@id":"https:\/\/colegioarquitectos.com\/noticias\/?p=34051#breadcrumb"},"inLanguage":"es","potentialAction":[{"@type":"ReadAction","target":["https:\/\/colegioarquitectos.com\/noticias\/?p=34051"]}]},{"@type":"ImageObject","inLanguage":"es","@id":"https:\/\/colegioarquitectos.com\/noticias\/?p=34051#primaryimage","url":"https:\/\/colegioarquitectos.com\/noticias\/wp-content\/uploads\/2025\/07\/ENCABEZADO-WEB-1.png","contentUrl":"https:\/\/colegioarquitectos.com\/noticias\/wp-content\/uploads\/2025\/07\/ENCABEZADO-WEB-1.png","width":1280,"height":720},{"@type":"BreadcrumbList","@id":"https:\/\/colegioarquitectos.com\/noticias\/?p=34051#breadcrumb","itemListElement":[{"@type":"ListItem","position":1,"name":"Portada","item":"https:\/\/colegioarquitectos.com\/noticias"},{"@type":"ListItem","position":2,"name":"Participa del 1er Congreso de Intervenci\u00f3n en el Patrimonio Arquitect\u00f3nico y Urbano"}]},{"@type":"WebSite","@id":"https:\/\/colegioarquitectos.com\/noticias\/#website","url":"https:\/\/colegioarquitectos.com\/noticias\/","name":"COLEGIO DE ARQUITECTOS DE CHILE","description":"","publisher":{"@id":"https:\/\/colegioarquitectos.com\/noticias\/#organization"},"potentialAction":[{"@type":"SearchAction","target":{"@type":"EntryPoint","urlTemplate":"https:\/\/colegioarquitectos.com\/noticias\/?s={search_term_string}"},"query-input":{"@type":"PropertyValueSpecification","valueRequired":true,"valueName":"search_term_string"}}],"inLanguage":"es"},{"@type":"Organization","@id":"https:\/\/colegioarquitectos.com\/noticias\/#organization","name":"COLEGIO DE ARQUITECTOS DE CHILE","url":"https:\/\/colegioarquitectos.com\/noticias\/","logo":{"@type":"ImageObject","inLanguage":"es","@id":"https:\/\/colegioarquitectos.com\/noticias\/#\/schema\/logo\/image\/","url":"https:\/\/colegioarquitectos.com\/noticias\/wp-content\/uploads\/2021\/05\/ENCABEZADO-LOGO-CA.jpg","contentUrl":"https:\/\/colegioarquitectos.com\/noticias\/wp-content\/uploads\/2021\/05\/ENCABEZADO-LOGO-CA.jpg","width":690,"height":350,"caption":"COLEGIO DE ARQUITECTOS DE CHILE"},"image":{"@id":"https:\/\/colegioarquitectos.com\/noticias\/#\/schema\/logo\/image\/"},"sameAs":["https:\/\/facebook.com\/Colegioarq\/","https:\/\/x.com\/colegioarq","https:\/\/instagram.com\/colegioarq","https:\/\/youtube.com\/@ColegiodeArquitectosdeChile"]},{"@type":"Person","@id":"https:\/\/colegioarquitectos.com\/noticias\/#\/schema\/person\/685cc0aad148303c5608f049af8285ad","name":"Colegio de Arquitectos de Chile","url":"https:\/\/colegioarquitectos.com\/noticias\/?author=4"}]}},"_links":{"self":[{"href":"https:\/\/colegioarquitectos.com\/noticias\/index.php?rest_route=\/wp\/v2\/posts\/34051","targetHints":{"allow":["GET"]}}],"collection":[{"href":"https:\/\/colegioarquitectos.com\/noticias\/index.php?rest_route=\/wp\/v2\/posts"}],"about":[{"href":"https:\/\/colegioarquitectos.com\/noticias\/index.php?rest_route=\/wp\/v2\/types\/post"}],"author":[{"embeddable":true,"href":"https:\/\/colegioarquitectos.com\/noticias\/index.php?rest_route=\/wp\/v2\/users\/4"}],"replies":[{"embeddable":true,"href":"https:\/\/colegioarquitectos.com\/noticias\/index.php?rest_route=%2Fwp%2Fv2%2Fcomments&post=34051"}],"version-history":[{"count":1,"href":"https:\/\/colegioarquitectos.com\/noticias\/index.php?rest_route=\/wp\/v2\/posts\/34051\/revisions"}],"predecessor-version":[{"id":34053,"href":"https:\/\/colegioarquitectos.com\/noticias\/index.php?rest_route=\/wp\/v2\/posts\/34051\/revisions\/34053"}],"wp:featuredmedia":[{"embeddable":true,"href":"https:\/\/colegioarquitectos.com\/noticias\/index.php?rest_route=\/wp\/v2\/media\/34052"}],"wp:attachment":[{"href":"https:\/\/colegioarquitectos.com\/noticias\/index.php?rest_route=%2Fwp%2Fv2%2Fmedia&parent=34051"}],"wp:term":[{"taxonomy":"category","embeddable":true,"href":"https:\/\/colegioarquitectos.com\/noticias\/index.php?rest_route=%2Fwp%2Fv2%2Fcategories&post=34051"},{"taxonomy":"post_tag","embeddable":true,"href":"https:\/\/colegioarquitectos.com\/noticias\/index.php?rest_route=%2Fwp%2Fv2%2Ftags&post=34051"}],"curies":[{"name":"wp","href":"https:\/\/api.w.org\/{rel}","templated":true}]}}