
{"id":34065,"date":"2025-07-21T15:24:38","date_gmt":"2025-07-21T19:24:38","guid":{"rendered":"https:\/\/colegioarquitectos.com\/noticias\/?p=34065"},"modified":"2025-07-21T15:24:38","modified_gmt":"2025-07-21T19:24:38","slug":"jorge-broughton-y-maria-cristina-latorre-asumen-como-director-de-desarrollo-y-directora-de-beneficios-del-colegio-de-arquitectos-de-chile","status":"publish","type":"post","link":"https:\/\/colegioarquitectos.com\/noticias\/?p=34065","title":{"rendered":"Jorge Broughton y Mar\u00eda Cristina Latorre asumen como director de desarrollo y directora de beneficios del Colegio de Arquitectos de Chile"},"content":{"rendered":"<p>Este <strong>lunes 21 de julio<\/strong>, en el marco de la <strong>sesi\u00f3n extraordinaria N\u00b016-2025<\/strong> del <strong>Directorio Nacional<\/strong> del <strong>Colegio de Arquitectos de Chile<\/strong>, fueron proclamados como nuevos directores nacionales el arquitecto <strong>Jorge Broughton Wainer<\/strong> y la arquitecta <strong>Mar\u00eda Cristina Latorre Carmona<\/strong>.<\/p>\n<p>Ambos participaron en el proceso de<strong> Elecciones Extraordinarias CA 2025<\/strong>, realizadas el pasado <strong>26 y 27 de junio de 2025<\/strong>, que ten\u00eda como fin sumar autoridades para los cargos desiertos del Directorio Nacional.<\/p>\n<p>En esa l\u00ednea, el Directorio Nacional eligi\u00f3 a <strong>Jorge Broughton Wainer<\/strong> como nuevo <strong>director de desarrollo<\/strong>, y a <strong>Mar\u00eda Cristina Latorre Carmona<\/strong>, como <strong>directora de beneficios<\/strong> del Colegio de Arquitectos de Chile<\/p>\n<p><strong>Como asociaci\u00f3n gremial les deseamos el mayor de los \u00e9xitos a Jorge Broughton y Mar\u00eda Cristina Latorre en los m\u00faltiples desaf\u00edos que afrontar\u00e1n en sus nuevos cargos.<\/strong><\/p>\n<p>&nbsp;<\/p>\n<p>&nbsp;<\/p>\n<h4>Jorge Broughton Wainer \u2014 Director de desarrollo<\/h4>\n<hr \/>\n<p><img loading=\"lazy\" decoding=\"async\" class=\"alignleft wp-image-33861\" src=\"https:\/\/colegioarquitectos.com\/noticias\/wp-content\/uploads\/2025\/06\/Mi_foto_2023-856x1024.jpg\" alt=\"\" width=\"300\" height=\"359\" srcset=\"https:\/\/colegioarquitectos.com\/noticias\/wp-content\/uploads\/2025\/06\/Mi_foto_2023-856x1024.jpg 856w, https:\/\/colegioarquitectos.com\/noticias\/wp-content\/uploads\/2025\/06\/Mi_foto_2023-251x300.jpg 251w, https:\/\/colegioarquitectos.com\/noticias\/wp-content\/uploads\/2025\/06\/Mi_foto_2023-768x918.jpg 768w, https:\/\/colegioarquitectos.com\/noticias\/wp-content\/uploads\/2025\/06\/Mi_foto_2023-1285x1536.jpg 1285w, https:\/\/colegioarquitectos.com\/noticias\/wp-content\/uploads\/2025\/06\/Mi_foto_2023-1713x2048.jpg 1713w\" sizes=\"auto, (max-width: 300px) 100vw, 300px\" \/><\/p>\n<p>Arquitecto de la Universidad Cat\u00f3lica de Valpara\u00edso.<\/p>\n<p>Ha desarrollado en Chile por m\u00e1s de 29 a\u00f1os el sistema constructivo en base a fardos de paja y barro, logrando una depuraci\u00f3n y \u00abbiolog\u00eda\u00bb en el m\u00e9todo de ejecuci\u00f3n, construyendo hasta la fecha m\u00e1s de 30 viviendas con esta t\u00e9cnica calculadas s\u00edsmicamente, con permiso de edificaci\u00f3n y recepci\u00f3n final, sumando aproximadamente 7000 m2 construidos, la mayor\u00eda antes del Terremoto del 27 de febrero del 2010 las cuales no presentaron ning\u00fan da\u00f1o.<\/p>\n<p>Tambi\u00e9n ha capacitado a profesionales en este sistema, presentado Proyectos de Vivienda Social, Proyectos para la reconstrucci\u00f3n despu\u00e9s del F27 y de casas particulares, generando hace 10 a\u00f1os el primer condominio radicalmente sustentable hecho en Chile.<\/p>\n<p>Ha hecho tambi\u00e9n ensayos de este sistema constructivo en el Idiem y Citec logrando un comportamiento al fuego de un F-120 tanto de muros de fardos de 50 cms. y tabiques de quincha seca de 15 cms., como tambi\u00e9n transmitancias t\u00e9rmicas de 0,15 w\/m2K, con dicha informaci\u00f3n y su experiencia en este sistema ha desarrollado Manuales de autoconstrucci\u00f3n disponibles gratuitamente.<\/p>\n<p>Actualmente es profesor del Magister impartido por la Fundaci\u00f3n Apus junto a la Universidad Polit\u00e9cnica de Madrid, del Diplomado de Arquitectura Contempor\u00e1nea en tierra de la USACH y de Taller avanzado 7\u00b0 semestre en la UTFSM.<\/p>\n<p>Es past presidente de la Corporaci\u00f3n Protierra del Colegio de Arquitectos, miembro de la Directiva del Gremio de Bioconstructores de Chile e integrante de la Red Iberomericana PROTERRA.<\/p>\n<p>En 2019 fue distinguido con el premio Ferm\u00edn Vivaceta del Colegio de Arquitectos de Chile, que entrega al arquitecto o arquitecta que se haya destacado por su labor profesional en el \u00e1mbito de la tecnolog\u00eda aplicada a la arquitectura.<\/p>\n<p>&nbsp;<\/p>\n<p>&nbsp;<\/p>\n<h4>Mar\u00eda Cristina Latorre Carmona \u2014 Directora de beneficios<\/h4>\n<hr \/>\n<p><img loading=\"lazy\" decoding=\"async\" class=\"alignleft wp-image-33858\" src=\"https:\/\/colegioarquitectos.com\/noticias\/wp-content\/uploads\/2025\/06\/IMG-20200420-WA0001-768x1024.jpg\" alt=\"\" width=\"300\" height=\"400\" srcset=\"https:\/\/colegioarquitectos.com\/noticias\/wp-content\/uploads\/2025\/06\/IMG-20200420-WA0001-768x1024.jpg 768w, https:\/\/colegioarquitectos.com\/noticias\/wp-content\/uploads\/2025\/06\/IMG-20200420-WA0001-225x300.jpg 225w, https:\/\/colegioarquitectos.com\/noticias\/wp-content\/uploads\/2025\/06\/IMG-20200420-WA0001.jpg 810w\" sizes=\"auto, (max-width: 300px) 100vw, 300px\" \/>Arquitecta de la Universidad de Chile.<\/p>\n<p>Se ha desempe\u00f1ado como arquitecta en organismos p\u00fablicos y privados, entre los que se cuenta la Ilustre Municipalidad de La Florida, en donde se desempe\u00f1\u00f3 como jefa de los departamentos de Catastro y Edificaci\u00f3n, participando en un proyecto de modernizaci\u00f3n de gesti\u00f3n que incorpora el SIG de la comuna para automatizar la emisi\u00f3n de certificados.<\/p>\n<p>Actualmente trabaja como Revisora Independiente de Primera Categor\u00eda y es miembro de la Asociaci\u00f3n Nacional de Revisores Independientes (ANRI) y vicepresidenta de la Asociaci\u00f3n de Revisores Independientes de Chile (ARICH), desde donde ha participado en numerosas instancias de perfeccionamiento de normas a nivel ministerial y parlamentario.<\/p>\n<p>&nbsp;<\/p>\n<p>&nbsp;<\/p>\n<p>&nbsp;<\/p>\n<p>&nbsp;<\/p>\n<p>&nbsp;<\/p>\n<p><\/p>","protected":false},"excerpt":{"rendered":"<p>Este lunes 21 de julio, en el marco de la sesi\u00f3n extraordinaria N\u00b016-2025 del Directorio Nacional del Colegio de Arquitectos de Chile, fueron proclamados como nuevos directores nacionales el arquitecto Jorge Broughton Wainer y la arquitecta Mar\u00eda Cristina Latorre Carmona. &hellip; <a class=\"more-link\" href=\"https:\/\/colegioarquitectos.com\/noticias\/?p=34065\">ver m\u00e1s<\/a><\/p>","protected":false},"author":4,"featured_media":33196,"comment_status":"closed","ping_status":"closed","sticky":false,"template":"","format":"standard","meta":{"footnotes":""},"categories":[8],"tags":[105,676,742,703,1252,1364,1366,1365,1367],"class_list":["post-34065","post","type-post","status-publish","format-standard","has-post-thumbnail","hentry","category-colegio-de-arquitectos","tag-colegio-de-arquitectos-de-chile","tag-director-de-desarrollo","tag-directora-de-beneficios","tag-directorio-nacional","tag-elecciones-extraordinarias-ca-2025","tag-jorge-broughton","tag-jorge-broughton-wainer","tag-maria-cristina-latorre","tag-maria-cristina-latorre-carmona"],"yoast_head":"<!-- This site is optimized with the Yoast SEO plugin v24.2 - https:\/\/yoast.com\/wordpress\/plugins\/seo\/ -->\n<title>Jorge Broughton y Mar\u00eda Cristina Latorre asumen como director de desarrollo y directora de beneficios del Colegio de Arquitectos de Chile - COLEGIO DE ARQUITECTOS DE CHILE<\/title>\n<meta name=\"robots\" content=\"index, follow, max-snippet:-1, max-image-preview:large, max-video-preview:-1\" \/>\n<link rel=\"canonical\" href=\"https:\/\/colegioarquitectos.com\/noticias\/?p=34065\" \/>\n<meta property=\"og:locale\" content=\"es_ES\" \/>\n<meta property=\"og:type\" content=\"article\" \/>\n<meta property=\"og:title\" content=\"Jorge Broughton y Mar\u00eda Cristina Latorre asumen como director de desarrollo y directora de beneficios del Colegio de Arquitectos de Chile - COLEGIO DE ARQUITECTOS DE CHILE\" \/>\n<meta property=\"og:description\" content=\"Este lunes 21 de julio, en el marco de la sesi\u00f3n extraordinaria N\u00b016-2025 del Directorio Nacional del Colegio de Arquitectos de Chile, fueron proclamados como nuevos directores nacionales el arquitecto Jorge Broughton Wainer y la arquitecta Mar\u00eda Cristina Latorre Carmona. &hellip; ver m\u00e1s\" \/>\n<meta property=\"og:url\" content=\"https:\/\/colegioarquitectos.com\/noticias\/?p=34065\" \/>\n<meta property=\"og:site_name\" content=\"COLEGIO DE ARQUITECTOS DE CHILE\" \/>\n<meta property=\"article:publisher\" content=\"https:\/\/facebook.com\/Colegioarq\/\" \/>\n<meta property=\"article:published_time\" content=\"2025-07-21T19:24:38+00:00\" \/>\n<meta property=\"og:image\" content=\"https:\/\/colegioarquitectos.com\/noticias\/wp-content\/uploads\/2025\/01\/Proyecto-nuevo-10.png\" \/>\n\t<meta property=\"og:image:width\" content=\"1280\" \/>\n\t<meta property=\"og:image:height\" content=\"720\" \/>\n\t<meta property=\"og:image:type\" content=\"image\/png\" \/>\n<meta name=\"author\" content=\"Colegio de Arquitectos de Chile\" \/>\n<meta name=\"twitter:card\" content=\"summary_large_image\" \/>\n<meta name=\"twitter:creator\" content=\"@colegioarq\" \/>\n<meta name=\"twitter:site\" content=\"@colegioarq\" \/>\n<meta name=\"twitter:label1\" content=\"Escrito por\" \/>\n\t<meta name=\"twitter:data1\" content=\"Colegio de Arquitectos de Chile\" \/>\n\t<meta name=\"twitter:label2\" content=\"Tiempo de lectura\" \/>\n\t<meta name=\"twitter:data2\" content=\"4 minutos\" \/>\n<script type=\"application\/ld+json\" class=\"yoast-schema-graph\">{\"@context\":\"https:\/\/schema.org\",\"@graph\":[{\"@type\":\"Article\",\"@id\":\"https:\/\/colegioarquitectos.com\/noticias\/?p=34065#article\",\"isPartOf\":{\"@id\":\"https:\/\/colegioarquitectos.com\/noticias\/?p=34065\"},\"author\":{\"name\":\"Colegio de Arquitectos de Chile\",\"@id\":\"https:\/\/colegioarquitectos.com\/noticias\/#\/schema\/person\/685cc0aad148303c5608f049af8285ad\"},\"headline\":\"Jorge Broughton y Mar\u00eda Cristina Latorre asumen como director de desarrollo y directora de beneficios del Colegio de Arquitectos de Chile\",\"datePublished\":\"2025-07-21T19:24:38+00:00\",\"dateModified\":\"2025-07-21T19:24:38+00:00\",\"mainEntityOfPage\":{\"@id\":\"https:\/\/colegioarquitectos.com\/noticias\/?p=34065\"},\"wordCount\":599,\"publisher\":{\"@id\":\"https:\/\/colegioarquitectos.com\/noticias\/#organization\"},\"image\":{\"@id\":\"https:\/\/colegioarquitectos.com\/noticias\/?p=34065#primaryimage\"},\"thumbnailUrl\":\"https:\/\/colegioarquitectos.com\/noticias\/wp-content\/uploads\/2025\/01\/Proyecto-nuevo-10.png\",\"keywords\":[\"Colegio de Arquitectos de Chile\",\"Director de Desarrollo\",\"Directora de Beneficios\",\"Directorio Nacional\",\"Elecciones Extraordinarias CA 2025\",\"Jorge Broughton\",\"Jorge Broughton Wainer\",\"Mar\u00eda Cristina Latorre\",\"Mar\u00eda Cristina Latorre Carmona\"],\"articleSection\":[\"Colegio\"],\"inLanguage\":\"es\"},{\"@type\":\"WebPage\",\"@id\":\"https:\/\/colegioarquitectos.com\/noticias\/?p=34065\",\"url\":\"https:\/\/colegioarquitectos.com\/noticias\/?p=34065\",\"name\":\"Jorge Broughton y Mar\u00eda Cristina Latorre asumen como director de desarrollo y directora de beneficios del Colegio de Arquitectos de Chile - COLEGIO DE ARQUITECTOS DE CHILE\",\"isPartOf\":{\"@id\":\"https:\/\/colegioarquitectos.com\/noticias\/#website\"},\"primaryImageOfPage\":{\"@id\":\"https:\/\/colegioarquitectos.com\/noticias\/?p=34065#primaryimage\"},\"image\":{\"@id\":\"https:\/\/colegioarquitectos.com\/noticias\/?p=34065#primaryimage\"},\"thumbnailUrl\":\"https:\/\/colegioarquitectos.com\/noticias\/wp-content\/uploads\/2025\/01\/Proyecto-nuevo-10.png\",\"datePublished\":\"2025-07-21T19:24:38+00:00\",\"dateModified\":\"2025-07-21T19:24:38+00:00\",\"breadcrumb\":{\"@id\":\"https:\/\/colegioarquitectos.com\/noticias\/?p=34065#breadcrumb\"},\"inLanguage\":\"es\",\"potentialAction\":[{\"@type\":\"ReadAction\",\"target\":[\"https:\/\/colegioarquitectos.com\/noticias\/?p=34065\"]}]},{\"@type\":\"ImageObject\",\"inLanguage\":\"es\",\"@id\":\"https:\/\/colegioarquitectos.com\/noticias\/?p=34065#primaryimage\",\"url\":\"https:\/\/colegioarquitectos.com\/noticias\/wp-content\/uploads\/2025\/01\/Proyecto-nuevo-10.png\",\"contentUrl\":\"https:\/\/colegioarquitectos.com\/noticias\/wp-content\/uploads\/2025\/01\/Proyecto-nuevo-10.png\",\"width\":1280,\"height\":720},{\"@type\":\"BreadcrumbList\",\"@id\":\"https:\/\/colegioarquitectos.com\/noticias\/?p=34065#breadcrumb\",\"itemListElement\":[{\"@type\":\"ListItem\",\"position\":1,\"name\":\"Portada\",\"item\":\"https:\/\/colegioarquitectos.com\/noticias\"},{\"@type\":\"ListItem\",\"position\":2,\"name\":\"Jorge Broughton y Mar\u00eda Cristina Latorre asumen como director de desarrollo y directora de beneficios del Colegio de Arquitectos de Chile\"}]},{\"@type\":\"WebSite\",\"@id\":\"https:\/\/colegioarquitectos.com\/noticias\/#website\",\"url\":\"https:\/\/colegioarquitectos.com\/noticias\/\",\"name\":\"COLEGIO DE ARQUITECTOS DE CHILE\",\"description\":\"\",\"publisher\":{\"@id\":\"https:\/\/colegioarquitectos.com\/noticias\/#organization\"},\"potentialAction\":[{\"@type\":\"SearchAction\",\"target\":{\"@type\":\"EntryPoint\",\"urlTemplate\":\"https:\/\/colegioarquitectos.com\/noticias\/?s={search_term_string}\"},\"query-input\":{\"@type\":\"PropertyValueSpecification\",\"valueRequired\":true,\"valueName\":\"search_term_string\"}}],\"inLanguage\":\"es\"},{\"@type\":\"Organization\",\"@id\":\"https:\/\/colegioarquitectos.com\/noticias\/#organization\",\"name\":\"COLEGIO DE ARQUITECTOS DE CHILE\",\"url\":\"https:\/\/colegioarquitectos.com\/noticias\/\",\"logo\":{\"@type\":\"ImageObject\",\"inLanguage\":\"es\",\"@id\":\"https:\/\/colegioarquitectos.com\/noticias\/#\/schema\/logo\/image\/\",\"url\":\"https:\/\/colegioarquitectos.com\/noticias\/wp-content\/uploads\/2021\/05\/ENCABEZADO-LOGO-CA.jpg\",\"contentUrl\":\"https:\/\/colegioarquitectos.com\/noticias\/wp-content\/uploads\/2021\/05\/ENCABEZADO-LOGO-CA.jpg\",\"width\":690,\"height\":350,\"caption\":\"COLEGIO DE ARQUITECTOS DE CHILE\"},\"image\":{\"@id\":\"https:\/\/colegioarquitectos.com\/noticias\/#\/schema\/logo\/image\/\"},\"sameAs\":[\"https:\/\/facebook.com\/Colegioarq\/\",\"https:\/\/x.com\/colegioarq\",\"https:\/\/instagram.com\/colegioarq\",\"https:\/\/youtube.com\/@ColegiodeArquitectosdeChile\"]},{\"@type\":\"Person\",\"@id\":\"https:\/\/colegioarquitectos.com\/noticias\/#\/schema\/person\/685cc0aad148303c5608f049af8285ad\",\"name\":\"Colegio de Arquitectos de Chile\",\"url\":\"https:\/\/colegioarquitectos.com\/noticias\/?author=4\"}]}<\/script>\n<!-- \/ Yoast SEO plugin. -->","yoast_head_json":{"title":"Jorge Broughton y Mar\u00eda Cristina Latorre asumen como director de desarrollo y directora de beneficios del Colegio de Arquitectos de Chile - COLEGIO DE ARQUITECTOS DE CHILE","robots":{"index":"index","follow":"follow","max-snippet":"max-snippet:-1","max-image-preview":"max-image-preview:large","max-video-preview":"max-video-preview:-1"},"canonical":"https:\/\/colegioarquitectos.com\/noticias\/?p=34065","og_locale":"es_ES","og_type":"article","og_title":"Jorge Broughton y Mar\u00eda Cristina Latorre asumen como director de desarrollo y directora de beneficios del Colegio de Arquitectos de Chile - COLEGIO DE ARQUITECTOS DE CHILE","og_description":"Este lunes 21 de julio, en el marco de la sesi\u00f3n extraordinaria N\u00b016-2025 del Directorio Nacional del Colegio de Arquitectos de Chile, fueron proclamados como nuevos directores nacionales el arquitecto Jorge Broughton Wainer y la arquitecta Mar\u00eda Cristina Latorre Carmona. &hellip; ver m\u00e1s","og_url":"https:\/\/colegioarquitectos.com\/noticias\/?p=34065","og_site_name":"COLEGIO DE ARQUITECTOS DE CHILE","article_publisher":"https:\/\/facebook.com\/Colegioarq\/","article_published_time":"2025-07-21T19:24:38+00:00","og_image":[{"width":1280,"height":720,"url":"https:\/\/colegioarquitectos.com\/noticias\/wp-content\/uploads\/2025\/01\/Proyecto-nuevo-10.png","type":"image\/png"}],"author":"Colegio de Arquitectos de Chile","twitter_card":"summary_large_image","twitter_creator":"@colegioarq","twitter_site":"@colegioarq","twitter_misc":{"Escrito por":"Colegio de Arquitectos de Chile","Tiempo de lectura":"4 minutos"},"schema":{"@context":"https:\/\/schema.org","@graph":[{"@type":"Article","@id":"https:\/\/colegioarquitectos.com\/noticias\/?p=34065#article","isPartOf":{"@id":"https:\/\/colegioarquitectos.com\/noticias\/?p=34065"},"author":{"name":"Colegio de Arquitectos de Chile","@id":"https:\/\/colegioarquitectos.com\/noticias\/#\/schema\/person\/685cc0aad148303c5608f049af8285ad"},"headline":"Jorge Broughton y Mar\u00eda Cristina Latorre asumen como director de desarrollo y directora de beneficios del Colegio de Arquitectos de Chile","datePublished":"2025-07-21T19:24:38+00:00","dateModified":"2025-07-21T19:24:38+00:00","mainEntityOfPage":{"@id":"https:\/\/colegioarquitectos.com\/noticias\/?p=34065"},"wordCount":599,"publisher":{"@id":"https:\/\/colegioarquitectos.com\/noticias\/#organization"},"image":{"@id":"https:\/\/colegioarquitectos.com\/noticias\/?p=34065#primaryimage"},"thumbnailUrl":"https:\/\/colegioarquitectos.com\/noticias\/wp-content\/uploads\/2025\/01\/Proyecto-nuevo-10.png","keywords":["Colegio de Arquitectos de Chile","Director de Desarrollo","Directora de Beneficios","Directorio Nacional","Elecciones Extraordinarias CA 2025","Jorge Broughton","Jorge Broughton Wainer","Mar\u00eda Cristina Latorre","Mar\u00eda Cristina Latorre Carmona"],"articleSection":["Colegio"],"inLanguage":"es"},{"@type":"WebPage","@id":"https:\/\/colegioarquitectos.com\/noticias\/?p=34065","url":"https:\/\/colegioarquitectos.com\/noticias\/?p=34065","name":"Jorge Broughton y Mar\u00eda Cristina Latorre asumen como director de desarrollo y directora de beneficios del Colegio de Arquitectos de Chile - COLEGIO DE ARQUITECTOS DE CHILE","isPartOf":{"@id":"https:\/\/colegioarquitectos.com\/noticias\/#website"},"primaryImageOfPage":{"@id":"https:\/\/colegioarquitectos.com\/noticias\/?p=34065#primaryimage"},"image":{"@id":"https:\/\/colegioarquitectos.com\/noticias\/?p=34065#primaryimage"},"thumbnailUrl":"https:\/\/colegioarquitectos.com\/noticias\/wp-content\/uploads\/2025\/01\/Proyecto-nuevo-10.png","datePublished":"2025-07-21T19:24:38+00:00","dateModified":"2025-07-21T19:24:38+00:00","breadcrumb":{"@id":"https:\/\/colegioarquitectos.com\/noticias\/?p=34065#breadcrumb"},"inLanguage":"es","potentialAction":[{"@type":"ReadAction","target":["https:\/\/colegioarquitectos.com\/noticias\/?p=34065"]}]},{"@type":"ImageObject","inLanguage":"es","@id":"https:\/\/colegioarquitectos.com\/noticias\/?p=34065#primaryimage","url":"https:\/\/colegioarquitectos.com\/noticias\/wp-content\/uploads\/2025\/01\/Proyecto-nuevo-10.png","contentUrl":"https:\/\/colegioarquitectos.com\/noticias\/wp-content\/uploads\/2025\/01\/Proyecto-nuevo-10.png","width":1280,"height":720},{"@type":"BreadcrumbList","@id":"https:\/\/colegioarquitectos.com\/noticias\/?p=34065#breadcrumb","itemListElement":[{"@type":"ListItem","position":1,"name":"Portada","item":"https:\/\/colegioarquitectos.com\/noticias"},{"@type":"ListItem","position":2,"name":"Jorge Broughton y Mar\u00eda Cristina Latorre asumen como director de desarrollo y directora de beneficios del Colegio de Arquitectos de Chile"}]},{"@type":"WebSite","@id":"https:\/\/colegioarquitectos.com\/noticias\/#website","url":"https:\/\/colegioarquitectos.com\/noticias\/","name":"COLEGIO DE ARQUITECTOS DE CHILE","description":"","publisher":{"@id":"https:\/\/colegioarquitectos.com\/noticias\/#organization"},"potentialAction":[{"@type":"SearchAction","target":{"@type":"EntryPoint","urlTemplate":"https:\/\/colegioarquitectos.com\/noticias\/?s={search_term_string}"},"query-input":{"@type":"PropertyValueSpecification","valueRequired":true,"valueName":"search_term_string"}}],"inLanguage":"es"},{"@type":"Organization","@id":"https:\/\/colegioarquitectos.com\/noticias\/#organization","name":"COLEGIO DE ARQUITECTOS DE CHILE","url":"https:\/\/colegioarquitectos.com\/noticias\/","logo":{"@type":"ImageObject","inLanguage":"es","@id":"https:\/\/colegioarquitectos.com\/noticias\/#\/schema\/logo\/image\/","url":"https:\/\/colegioarquitectos.com\/noticias\/wp-content\/uploads\/2021\/05\/ENCABEZADO-LOGO-CA.jpg","contentUrl":"https:\/\/colegioarquitectos.com\/noticias\/wp-content\/uploads\/2021\/05\/ENCABEZADO-LOGO-CA.jpg","width":690,"height":350,"caption":"COLEGIO DE ARQUITECTOS DE CHILE"},"image":{"@id":"https:\/\/colegioarquitectos.com\/noticias\/#\/schema\/logo\/image\/"},"sameAs":["https:\/\/facebook.com\/Colegioarq\/","https:\/\/x.com\/colegioarq","https:\/\/instagram.com\/colegioarq","https:\/\/youtube.com\/@ColegiodeArquitectosdeChile"]},{"@type":"Person","@id":"https:\/\/colegioarquitectos.com\/noticias\/#\/schema\/person\/685cc0aad148303c5608f049af8285ad","name":"Colegio de Arquitectos de Chile","url":"https:\/\/colegioarquitectos.com\/noticias\/?author=4"}]}},"_links":{"self":[{"href":"https:\/\/colegioarquitectos.com\/noticias\/index.php?rest_route=\/wp\/v2\/posts\/34065","targetHints":{"allow":["GET"]}}],"collection":[{"href":"https:\/\/colegioarquitectos.com\/noticias\/index.php?rest_route=\/wp\/v2\/posts"}],"about":[{"href":"https:\/\/colegioarquitectos.com\/noticias\/index.php?rest_route=\/wp\/v2\/types\/post"}],"author":[{"embeddable":true,"href":"https:\/\/colegioarquitectos.com\/noticias\/index.php?rest_route=\/wp\/v2\/users\/4"}],"replies":[{"embeddable":true,"href":"https:\/\/colegioarquitectos.com\/noticias\/index.php?rest_route=%2Fwp%2Fv2%2Fcomments&post=34065"}],"version-history":[{"count":1,"href":"https:\/\/colegioarquitectos.com\/noticias\/index.php?rest_route=\/wp\/v2\/posts\/34065\/revisions"}],"predecessor-version":[{"id":34067,"href":"https:\/\/colegioarquitectos.com\/noticias\/index.php?rest_route=\/wp\/v2\/posts\/34065\/revisions\/34067"}],"wp:featuredmedia":[{"embeddable":true,"href":"https:\/\/colegioarquitectos.com\/noticias\/index.php?rest_route=\/wp\/v2\/media\/33196"}],"wp:attachment":[{"href":"https:\/\/colegioarquitectos.com\/noticias\/index.php?rest_route=%2Fwp%2Fv2%2Fmedia&parent=34065"}],"wp:term":[{"taxonomy":"category","embeddable":true,"href":"https:\/\/colegioarquitectos.com\/noticias\/index.php?rest_route=%2Fwp%2Fv2%2Fcategories&post=34065"},{"taxonomy":"post_tag","embeddable":true,"href":"https:\/\/colegioarquitectos.com\/noticias\/index.php?rest_route=%2Fwp%2Fv2%2Ftags&post=34065"}],"curies":[{"name":"wp","href":"https:\/\/api.w.org\/{rel}","templated":true}]}}