
{"id":34069,"date":"2025-07-22T16:38:55","date_gmt":"2025-07-22T20:38:55","guid":{"rendered":"https:\/\/colegioarquitectos.com\/noticias\/?p=34069"},"modified":"2025-07-22T16:45:31","modified_gmt":"2025-07-22T20:45:31","slug":"terminos-de-referencia-concesion-de-centro-de-eventos-y-centro-de-fabricacion-digital-3d","status":"publish","type":"post","link":"https:\/\/colegioarquitectos.com\/noticias\/?p=34069","title":{"rendered":"[T\u00e9rminos de referencia] Concesi\u00f3n de centro de eventos y centro de fabricaci\u00f3n digital 3D"},"content":{"rendered":"<h3>Centro de eventos<\/h3>\n<hr \/>\n<p>Quien se adjudique la Concesi\u00f3n deber\u00e1 habilitar y administrar espacios destinados a la prestaci\u00f3n de servicios en un espacio de car\u00e1cter patrimonial &#8211; arquitect\u00f3nico dedicado a la realizaci\u00f3n de eventos, tanto gremiales, privados, como p\u00fablicos, donde el encuentro, la comida y la gastronom\u00eda sean uno de los focos principales, ofreciendo el servicio de catering, almuerzos, cenas, salones para eventos y a veces incluso escuelas de cocina o espacios para talleres gastron\u00f3micos, incluyendo espacios para celebrar fiestas de matrimonios, cenas de negocios, festivales gastron\u00f3micos, exposiciones de arte y arquitectura, presentaciones de obras culturales, micro cine y\/o eventos tem\u00e1ticos variados. Donde la concepci\u00f3n del centro de eventos, su dise\u00f1o, actividades y carta gastron\u00f3mica utilice e integre el valor patrimonial y la arquitectura kulczewskiana como un soporte identitario para entregar una experiencia gastron\u00f3mica cultural completa, diversa y \u00fanica.<\/p>\n<p>Asimismo, deber\u00e1 gestionar y obtener los permisos municipales y patentes comerciales que sean necesarios, considerando un descuento de entre 10% a 30% para colegiados, colegiadas, funcionarios y funcionarias del Colegio de Arquitectos de Chile.<\/p>\n<p>&nbsp;<\/p>\n<h4><strong>Plazos<\/strong><\/h4>\n<hr \/>\n<p><strong>Apertura y publicaci\u00f3n del proceso:<\/strong> 21 de julio de 2025.<\/p>\n<p><strong>Visita t\u00e9cnica:<\/strong> 28 de julio, a las 11.30 horas, en la Sede Nacional del Colegio de Arquitectos de Chile, Alameda 115.<\/p>\n<p><strong>\u00a0<\/strong><strong>Cierre del proceso para presentar ofertas:<\/strong> 15 de agosto de 2025.<\/p>\n<p><strong>Evaluaci\u00f3n ofertas:<\/strong> 29 de agosto de 2025.<\/p>\n<p><strong>Publicaci\u00f3n Resultados:<\/strong> 8 de septiembre de 2025.<\/p>\n<p><strong>Firma de Contrato:<\/strong> 29 de septiembre de 2025.<\/p>\n<p><strong>Plazo de habilitaci\u00f3n y puesta en marcha:<\/strong> 2 a 3 meses luego de la firma del contrato, seg\u00fan propuesta del Oferente.<\/p>\n<p>&nbsp;<\/p>\n<h4>T\u00e9rminos de referencia<\/h4>\n<hr \/>\n<p><a href=\"https:\/\/colegioarquitectos.com\/noticias\/wp-content\/uploads\/2025\/07\/CONCESION_CENTRO_EVENTOS_vfp_220725.pdf\"><img loading=\"lazy\" decoding=\"async\" class=\"alignnone\" src=\"http:\/\/www.colegioarquitectos.com\/imgs\/descargas_linea_punto\/pdfcolor.jpg\" alt=\"\" width=\"21\" height=\"21\" border=\"0\" \/><\/a> <span style=\"color: #000000;\"><a style=\"color: #000000;\" href=\"https:\/\/colegioarquitectos.com\/noticias\/wp-content\/uploads\/2025\/07\/CONCESION_CENTRO_EVENTOS_vfp_220725.pdf\">Concesi\u00f3n centro de eventos en la Sede Nacional del Colegio de Arquitectos de Chile<\/a><\/span><\/p>\n<p>&nbsp;<\/p>\n<p>&nbsp;<\/p>\n<h3>Centro de fabricaci\u00f3n digital 3D<\/h3>\n<hr \/>\n<p>Quien se adjudique la Concesi\u00f3n deber\u00e1 habilitar y administrar el espacio destinado para la prestaci\u00f3n de servicios de dise\u00f1o en 3D para modelado, impresi\u00f3n y\/o proyecci\u00f3n (mapping, holograma, video interactivo, impresi\u00f3n 3D, animaci\u00f3n, visualizaci\u00f3n arquitect\u00f3nica, etc.) y venta de modelos a escala de obras arquitect\u00f3nicas patrimoniales y no patrimoniales.<\/p>\n<p>As\u00ed mismo deber\u00e1 gestionar y obtener los permisos municipales y patentes comerciales que sean necesarios, considerando un descuento de entre 10% a 20% para colegiados, colegiadas, funcionarios y funcionarias del Colegio de Arquitectos de Chile (CA).<\/p>\n<p>&nbsp;<\/p>\n<h3><strong>Plazos<\/strong><\/h3>\n<hr \/>\n<p><strong>Apertura del proceso:<\/strong> 21 de julio de 2025.<\/p>\n<p><strong>Visita t\u00e9cnica:<\/strong> 04 de agosto de 2025, a las 11.30 horas, en la Sede Nacional del Colegio de Arquitectos de Chile, Alameda 115.<\/p>\n<p><strong>Cierre del proceso para presentar ofertas:<\/strong> 22 de agosto de 2025.<\/p>\n<p><strong>Evaluaci\u00f3n ofertas:<\/strong> 05 de septiembre de 2025.<\/p>\n<p><strong>Publicaci\u00f3n Resultados:<\/strong> 15 de septiembre de 2025.<\/p>\n<p><strong>Firma de Contrato:<\/strong> 06 octubre de 2025.<\/p>\n<p><strong>Plazo de habilitaci\u00f3n y puesta en marcha:<\/strong> 1 a 2 meses luego de la firma del contrato, seg\u00fan propuesta del Oferente.<\/p>\n<p>&nbsp;<\/p>\n<h4>T\u00e9rminos de referencia<\/h4>\n<hr \/>\n<p><a href=\"https:\/\/colegioarquitectos.com\/noticias\/wp-content\/uploads\/2025\/07\/CONCESION_CENTRO_FABRICACION_DIGITAL_vfp_210725.pdf\"><img loading=\"lazy\" decoding=\"async\" class=\"alignnone\" src=\"http:\/\/www.colegioarquitectos.com\/imgs\/descargas_linea_punto\/pdfcolor.jpg\" alt=\"\" width=\"21\" height=\"21\" border=\"0\" \/><\/a> <span style=\"color: #000000;\"><a style=\"color: #000000;\" href=\"https:\/\/colegioarquitectos.com\/noticias\/wp-content\/uploads\/2025\/07\/CONCESION_CENTRO_FABRICACION_DIGITAL_vfp_210725.pdf\">Concesi\u00f3n centro de fabricaci\u00f3n digital 3D<\/a><\/span><\/p>\n<p>&nbsp;<\/p>\n<p>&nbsp;<\/p>\n<p>&nbsp;<\/p>\n<p>&nbsp;<\/p>\n<hr \/>\n<p>Consultas o contacto escribiendo a<strong> <span style=\"color: #000000;\"><a style=\"color: #000000;\" href=\"mailto:proyectos@colegioarquitectos.com\">proyectos@colegioarquitectos.com<\/a><\/span><\/strong><\/p>\n<p><\/p>","protected":false},"excerpt":{"rendered":"<p>Centro de eventos Quien se adjudique la Concesi\u00f3n deber\u00e1 habilitar y administrar espacios destinados a la prestaci\u00f3n de servicios en un espacio de car\u00e1cter patrimonial &#8211; arquitect\u00f3nico dedicado a la realizaci\u00f3n de eventos, tanto gremiales, privados, como p\u00fablicos, donde el &hellip; <a class=\"more-link\" href=\"https:\/\/colegioarquitectos.com\/noticias\/?p=34069\">ver m\u00e1s<\/a><\/p>","protected":false},"author":4,"featured_media":34073,"comment_status":"closed","ping_status":"closed","sticky":false,"template":"","format":"standard","meta":{"footnotes":""},"categories":[8],"tags":[1369,1370,105,820,672,239,1368,821],"class_list":["post-34069","post","type-post","status-publish","format-standard","has-post-thumbnail","hentry","category-colegio-de-arquitectos","tag-centro-de-eventos","tag-centro-de-fabricacion-digital-3d","tag-colegio-de-arquitectos-de-chile","tag-concesion","tag-licitacion","tag-sede-nacional","tag-tdr","tag-terminos-de-referencia"],"yoast_head":"<!-- This site is optimized with the Yoast SEO plugin v24.2 - https:\/\/yoast.com\/wordpress\/plugins\/seo\/ -->\n<title>[T\u00e9rminos de referencia] Concesi\u00f3n de centro de eventos y centro de fabricaci\u00f3n digital 3D - COLEGIO DE ARQUITECTOS DE CHILE<\/title>\n<meta name=\"description\" content=\"T\u00e9rminos de referencia. Concesi\u00f3n de centro de eventos y centro de fabricaci\u00f3n digital 3D\" \/>\n<meta name=\"robots\" content=\"index, follow, max-snippet:-1, max-image-preview:large, max-video-preview:-1\" \/>\n<link rel=\"canonical\" href=\"https:\/\/colegioarquitectos.com\/noticias\/?p=34069\" \/>\n<meta property=\"og:locale\" content=\"es_ES\" \/>\n<meta property=\"og:type\" content=\"article\" \/>\n<meta property=\"og:title\" content=\"[T\u00e9rminos de referencia] Concesi\u00f3n de centro de eventos y centro de fabricaci\u00f3n digital 3D - COLEGIO DE ARQUITECTOS DE CHILE\" \/>\n<meta property=\"og:description\" content=\"T\u00e9rminos de referencia. Concesi\u00f3n de centro de eventos y centro de fabricaci\u00f3n digital 3D\" \/>\n<meta property=\"og:url\" content=\"https:\/\/colegioarquitectos.com\/noticias\/?p=34069\" \/>\n<meta property=\"og:site_name\" content=\"COLEGIO DE ARQUITECTOS DE CHILE\" \/>\n<meta property=\"article:publisher\" content=\"https:\/\/facebook.com\/Colegioarq\/\" \/>\n<meta property=\"article:published_time\" content=\"2025-07-22T20:38:55+00:00\" \/>\n<meta property=\"article:modified_time\" content=\"2025-07-22T20:45:31+00:00\" \/>\n<meta property=\"og:image\" content=\"https:\/\/colegioarquitectos.com\/noticias\/wp-content\/uploads\/2025\/07\/TDR-FACHADA.png\" \/>\n\t<meta property=\"og:image:width\" content=\"1280\" \/>\n\t<meta property=\"og:image:height\" content=\"720\" \/>\n\t<meta property=\"og:image:type\" content=\"image\/png\" \/>\n<meta name=\"author\" content=\"Colegio de Arquitectos de Chile\" \/>\n<meta name=\"twitter:card\" content=\"summary_large_image\" \/>\n<meta name=\"twitter:creator\" content=\"@colegioarq\" \/>\n<meta name=\"twitter:site\" content=\"@colegioarq\" \/>\n<meta name=\"twitter:label1\" content=\"Escrito por\" \/>\n\t<meta name=\"twitter:data1\" content=\"Colegio de Arquitectos de Chile\" \/>\n\t<meta name=\"twitter:label2\" content=\"Tiempo de lectura\" \/>\n\t<meta name=\"twitter:data2\" content=\"3 minutos\" \/>\n<script type=\"application\/ld+json\" class=\"yoast-schema-graph\">{\"@context\":\"https:\/\/schema.org\",\"@graph\":[{\"@type\":\"Article\",\"@id\":\"https:\/\/colegioarquitectos.com\/noticias\/?p=34069#article\",\"isPartOf\":{\"@id\":\"https:\/\/colegioarquitectos.com\/noticias\/?p=34069\"},\"author\":{\"name\":\"Colegio de Arquitectos de Chile\",\"@id\":\"https:\/\/colegioarquitectos.com\/noticias\/#\/schema\/person\/685cc0aad148303c5608f049af8285ad\"},\"headline\":\"[T\u00e9rminos de referencia] Concesi\u00f3n de centro de eventos y centro de fabricaci\u00f3n digital 3D\",\"datePublished\":\"2025-07-22T20:38:55+00:00\",\"dateModified\":\"2025-07-22T20:45:31+00:00\",\"mainEntityOfPage\":{\"@id\":\"https:\/\/colegioarquitectos.com\/noticias\/?p=34069\"},\"wordCount\":502,\"publisher\":{\"@id\":\"https:\/\/colegioarquitectos.com\/noticias\/#organization\"},\"image\":{\"@id\":\"https:\/\/colegioarquitectos.com\/noticias\/?p=34069#primaryimage\"},\"thumbnailUrl\":\"https:\/\/colegioarquitectos.com\/noticias\/wp-content\/uploads\/2025\/07\/TDR-FACHADA.png\",\"keywords\":[\"centro de eventos\",\"centro de fabricaci\u00f3n digital 3D\",\"Colegio de Arquitectos de Chile\",\"concesi\u00f3n\",\"Licitaci\u00f3n\",\"Sede Nacional\",\"tdr\",\"t\u00e9rminos de referencia\"],\"articleSection\":[\"Colegio\"],\"inLanguage\":\"es\"},{\"@type\":\"WebPage\",\"@id\":\"https:\/\/colegioarquitectos.com\/noticias\/?p=34069\",\"url\":\"https:\/\/colegioarquitectos.com\/noticias\/?p=34069\",\"name\":\"[T\u00e9rminos de referencia] Concesi\u00f3n de centro de eventos y centro de fabricaci\u00f3n digital 3D - COLEGIO DE ARQUITECTOS DE CHILE\",\"isPartOf\":{\"@id\":\"https:\/\/colegioarquitectos.com\/noticias\/#website\"},\"primaryImageOfPage\":{\"@id\":\"https:\/\/colegioarquitectos.com\/noticias\/?p=34069#primaryimage\"},\"image\":{\"@id\":\"https:\/\/colegioarquitectos.com\/noticias\/?p=34069#primaryimage\"},\"thumbnailUrl\":\"https:\/\/colegioarquitectos.com\/noticias\/wp-content\/uploads\/2025\/07\/TDR-FACHADA.png\",\"datePublished\":\"2025-07-22T20:38:55+00:00\",\"dateModified\":\"2025-07-22T20:45:31+00:00\",\"description\":\"T\u00e9rminos de referencia. Concesi\u00f3n de centro de eventos y centro de fabricaci\u00f3n digital 3D\",\"breadcrumb\":{\"@id\":\"https:\/\/colegioarquitectos.com\/noticias\/?p=34069#breadcrumb\"},\"inLanguage\":\"es\",\"potentialAction\":[{\"@type\":\"ReadAction\",\"target\":[\"https:\/\/colegioarquitectos.com\/noticias\/?p=34069\"]}]},{\"@type\":\"ImageObject\",\"inLanguage\":\"es\",\"@id\":\"https:\/\/colegioarquitectos.com\/noticias\/?p=34069#primaryimage\",\"url\":\"https:\/\/colegioarquitectos.com\/noticias\/wp-content\/uploads\/2025\/07\/TDR-FACHADA.png\",\"contentUrl\":\"https:\/\/colegioarquitectos.com\/noticias\/wp-content\/uploads\/2025\/07\/TDR-FACHADA.png\",\"width\":1280,\"height\":720},{\"@type\":\"BreadcrumbList\",\"@id\":\"https:\/\/colegioarquitectos.com\/noticias\/?p=34069#breadcrumb\",\"itemListElement\":[{\"@type\":\"ListItem\",\"position\":1,\"name\":\"Portada\",\"item\":\"https:\/\/colegioarquitectos.com\/noticias\"},{\"@type\":\"ListItem\",\"position\":2,\"name\":\"[T\u00e9rminos de referencia] Concesi\u00f3n de centro de eventos y centro de fabricaci\u00f3n digital 3D\"}]},{\"@type\":\"WebSite\",\"@id\":\"https:\/\/colegioarquitectos.com\/noticias\/#website\",\"url\":\"https:\/\/colegioarquitectos.com\/noticias\/\",\"name\":\"COLEGIO DE ARQUITECTOS DE CHILE\",\"description\":\"\",\"publisher\":{\"@id\":\"https:\/\/colegioarquitectos.com\/noticias\/#organization\"},\"potentialAction\":[{\"@type\":\"SearchAction\",\"target\":{\"@type\":\"EntryPoint\",\"urlTemplate\":\"https:\/\/colegioarquitectos.com\/noticias\/?s={search_term_string}\"},\"query-input\":{\"@type\":\"PropertyValueSpecification\",\"valueRequired\":true,\"valueName\":\"search_term_string\"}}],\"inLanguage\":\"es\"},{\"@type\":\"Organization\",\"@id\":\"https:\/\/colegioarquitectos.com\/noticias\/#organization\",\"name\":\"COLEGIO DE ARQUITECTOS DE CHILE\",\"url\":\"https:\/\/colegioarquitectos.com\/noticias\/\",\"logo\":{\"@type\":\"ImageObject\",\"inLanguage\":\"es\",\"@id\":\"https:\/\/colegioarquitectos.com\/noticias\/#\/schema\/logo\/image\/\",\"url\":\"https:\/\/colegioarquitectos.com\/noticias\/wp-content\/uploads\/2021\/05\/ENCABEZADO-LOGO-CA.jpg\",\"contentUrl\":\"https:\/\/colegioarquitectos.com\/noticias\/wp-content\/uploads\/2021\/05\/ENCABEZADO-LOGO-CA.jpg\",\"width\":690,\"height\":350,\"caption\":\"COLEGIO DE ARQUITECTOS DE CHILE\"},\"image\":{\"@id\":\"https:\/\/colegioarquitectos.com\/noticias\/#\/schema\/logo\/image\/\"},\"sameAs\":[\"https:\/\/facebook.com\/Colegioarq\/\",\"https:\/\/x.com\/colegioarq\",\"https:\/\/instagram.com\/colegioarq\",\"https:\/\/youtube.com\/@ColegiodeArquitectosdeChile\"]},{\"@type\":\"Person\",\"@id\":\"https:\/\/colegioarquitectos.com\/noticias\/#\/schema\/person\/685cc0aad148303c5608f049af8285ad\",\"name\":\"Colegio de Arquitectos de Chile\",\"url\":\"https:\/\/colegioarquitectos.com\/noticias\/?author=4\"}]}<\/script>\n<!-- \/ Yoast SEO plugin. -->","yoast_head_json":{"title":"[T\u00e9rminos de referencia] Concesi\u00f3n de centro de eventos y centro de fabricaci\u00f3n digital 3D - COLEGIO DE ARQUITECTOS DE CHILE","description":"T\u00e9rminos de referencia. Concesi\u00f3n de centro de eventos y centro de fabricaci\u00f3n digital 3D","robots":{"index":"index","follow":"follow","max-snippet":"max-snippet:-1","max-image-preview":"max-image-preview:large","max-video-preview":"max-video-preview:-1"},"canonical":"https:\/\/colegioarquitectos.com\/noticias\/?p=34069","og_locale":"es_ES","og_type":"article","og_title":"[T\u00e9rminos de referencia] Concesi\u00f3n de centro de eventos y centro de fabricaci\u00f3n digital 3D - COLEGIO DE ARQUITECTOS DE CHILE","og_description":"T\u00e9rminos de referencia. Concesi\u00f3n de centro de eventos y centro de fabricaci\u00f3n digital 3D","og_url":"https:\/\/colegioarquitectos.com\/noticias\/?p=34069","og_site_name":"COLEGIO DE ARQUITECTOS DE CHILE","article_publisher":"https:\/\/facebook.com\/Colegioarq\/","article_published_time":"2025-07-22T20:38:55+00:00","article_modified_time":"2025-07-22T20:45:31+00:00","og_image":[{"width":1280,"height":720,"url":"https:\/\/colegioarquitectos.com\/noticias\/wp-content\/uploads\/2025\/07\/TDR-FACHADA.png","type":"image\/png"}],"author":"Colegio de Arquitectos de Chile","twitter_card":"summary_large_image","twitter_creator":"@colegioarq","twitter_site":"@colegioarq","twitter_misc":{"Escrito por":"Colegio de Arquitectos de Chile","Tiempo de lectura":"3 minutos"},"schema":{"@context":"https:\/\/schema.org","@graph":[{"@type":"Article","@id":"https:\/\/colegioarquitectos.com\/noticias\/?p=34069#article","isPartOf":{"@id":"https:\/\/colegioarquitectos.com\/noticias\/?p=34069"},"author":{"name":"Colegio de Arquitectos de Chile","@id":"https:\/\/colegioarquitectos.com\/noticias\/#\/schema\/person\/685cc0aad148303c5608f049af8285ad"},"headline":"[T\u00e9rminos de referencia] Concesi\u00f3n de centro de eventos y centro de fabricaci\u00f3n digital 3D","datePublished":"2025-07-22T20:38:55+00:00","dateModified":"2025-07-22T20:45:31+00:00","mainEntityOfPage":{"@id":"https:\/\/colegioarquitectos.com\/noticias\/?p=34069"},"wordCount":502,"publisher":{"@id":"https:\/\/colegioarquitectos.com\/noticias\/#organization"},"image":{"@id":"https:\/\/colegioarquitectos.com\/noticias\/?p=34069#primaryimage"},"thumbnailUrl":"https:\/\/colegioarquitectos.com\/noticias\/wp-content\/uploads\/2025\/07\/TDR-FACHADA.png","keywords":["centro de eventos","centro de fabricaci\u00f3n digital 3D","Colegio de Arquitectos de Chile","concesi\u00f3n","Licitaci\u00f3n","Sede Nacional","tdr","t\u00e9rminos de referencia"],"articleSection":["Colegio"],"inLanguage":"es"},{"@type":"WebPage","@id":"https:\/\/colegioarquitectos.com\/noticias\/?p=34069","url":"https:\/\/colegioarquitectos.com\/noticias\/?p=34069","name":"[T\u00e9rminos de referencia] Concesi\u00f3n de centro de eventos y centro de fabricaci\u00f3n digital 3D - COLEGIO DE ARQUITECTOS DE CHILE","isPartOf":{"@id":"https:\/\/colegioarquitectos.com\/noticias\/#website"},"primaryImageOfPage":{"@id":"https:\/\/colegioarquitectos.com\/noticias\/?p=34069#primaryimage"},"image":{"@id":"https:\/\/colegioarquitectos.com\/noticias\/?p=34069#primaryimage"},"thumbnailUrl":"https:\/\/colegioarquitectos.com\/noticias\/wp-content\/uploads\/2025\/07\/TDR-FACHADA.png","datePublished":"2025-07-22T20:38:55+00:00","dateModified":"2025-07-22T20:45:31+00:00","description":"T\u00e9rminos de referencia. Concesi\u00f3n de centro de eventos y centro de fabricaci\u00f3n digital 3D","breadcrumb":{"@id":"https:\/\/colegioarquitectos.com\/noticias\/?p=34069#breadcrumb"},"inLanguage":"es","potentialAction":[{"@type":"ReadAction","target":["https:\/\/colegioarquitectos.com\/noticias\/?p=34069"]}]},{"@type":"ImageObject","inLanguage":"es","@id":"https:\/\/colegioarquitectos.com\/noticias\/?p=34069#primaryimage","url":"https:\/\/colegioarquitectos.com\/noticias\/wp-content\/uploads\/2025\/07\/TDR-FACHADA.png","contentUrl":"https:\/\/colegioarquitectos.com\/noticias\/wp-content\/uploads\/2025\/07\/TDR-FACHADA.png","width":1280,"height":720},{"@type":"BreadcrumbList","@id":"https:\/\/colegioarquitectos.com\/noticias\/?p=34069#breadcrumb","itemListElement":[{"@type":"ListItem","position":1,"name":"Portada","item":"https:\/\/colegioarquitectos.com\/noticias"},{"@type":"ListItem","position":2,"name":"[T\u00e9rminos de referencia] Concesi\u00f3n de centro de eventos y centro de fabricaci\u00f3n digital 3D"}]},{"@type":"WebSite","@id":"https:\/\/colegioarquitectos.com\/noticias\/#website","url":"https:\/\/colegioarquitectos.com\/noticias\/","name":"COLEGIO DE ARQUITECTOS DE CHILE","description":"","publisher":{"@id":"https:\/\/colegioarquitectos.com\/noticias\/#organization"},"potentialAction":[{"@type":"SearchAction","target":{"@type":"EntryPoint","urlTemplate":"https:\/\/colegioarquitectos.com\/noticias\/?s={search_term_string}"},"query-input":{"@type":"PropertyValueSpecification","valueRequired":true,"valueName":"search_term_string"}}],"inLanguage":"es"},{"@type":"Organization","@id":"https:\/\/colegioarquitectos.com\/noticias\/#organization","name":"COLEGIO DE ARQUITECTOS DE CHILE","url":"https:\/\/colegioarquitectos.com\/noticias\/","logo":{"@type":"ImageObject","inLanguage":"es","@id":"https:\/\/colegioarquitectos.com\/noticias\/#\/schema\/logo\/image\/","url":"https:\/\/colegioarquitectos.com\/noticias\/wp-content\/uploads\/2021\/05\/ENCABEZADO-LOGO-CA.jpg","contentUrl":"https:\/\/colegioarquitectos.com\/noticias\/wp-content\/uploads\/2021\/05\/ENCABEZADO-LOGO-CA.jpg","width":690,"height":350,"caption":"COLEGIO DE ARQUITECTOS DE CHILE"},"image":{"@id":"https:\/\/colegioarquitectos.com\/noticias\/#\/schema\/logo\/image\/"},"sameAs":["https:\/\/facebook.com\/Colegioarq\/","https:\/\/x.com\/colegioarq","https:\/\/instagram.com\/colegioarq","https:\/\/youtube.com\/@ColegiodeArquitectosdeChile"]},{"@type":"Person","@id":"https:\/\/colegioarquitectos.com\/noticias\/#\/schema\/person\/685cc0aad148303c5608f049af8285ad","name":"Colegio de Arquitectos de Chile","url":"https:\/\/colegioarquitectos.com\/noticias\/?author=4"}]}},"_links":{"self":[{"href":"https:\/\/colegioarquitectos.com\/noticias\/index.php?rest_route=\/wp\/v2\/posts\/34069","targetHints":{"allow":["GET"]}}],"collection":[{"href":"https:\/\/colegioarquitectos.com\/noticias\/index.php?rest_route=\/wp\/v2\/posts"}],"about":[{"href":"https:\/\/colegioarquitectos.com\/noticias\/index.php?rest_route=\/wp\/v2\/types\/post"}],"author":[{"embeddable":true,"href":"https:\/\/colegioarquitectos.com\/noticias\/index.php?rest_route=\/wp\/v2\/users\/4"}],"replies":[{"embeddable":true,"href":"https:\/\/colegioarquitectos.com\/noticias\/index.php?rest_route=%2Fwp%2Fv2%2Fcomments&post=34069"}],"version-history":[{"count":6,"href":"https:\/\/colegioarquitectos.com\/noticias\/index.php?rest_route=\/wp\/v2\/posts\/34069\/revisions"}],"predecessor-version":[{"id":34081,"href":"https:\/\/colegioarquitectos.com\/noticias\/index.php?rest_route=\/wp\/v2\/posts\/34069\/revisions\/34081"}],"wp:featuredmedia":[{"embeddable":true,"href":"https:\/\/colegioarquitectos.com\/noticias\/index.php?rest_route=\/wp\/v2\/media\/34073"}],"wp:attachment":[{"href":"https:\/\/colegioarquitectos.com\/noticias\/index.php?rest_route=%2Fwp%2Fv2%2Fmedia&parent=34069"}],"wp:term":[{"taxonomy":"category","embeddable":true,"href":"https:\/\/colegioarquitectos.com\/noticias\/index.php?rest_route=%2Fwp%2Fv2%2Fcategories&post=34069"},{"taxonomy":"post_tag","embeddable":true,"href":"https:\/\/colegioarquitectos.com\/noticias\/index.php?rest_route=%2Fwp%2Fv2%2Ftags&post=34069"}],"curies":[{"name":"wp","href":"https:\/\/api.w.org\/{rel}","templated":true}]}}