
{"id":34111,"date":"2025-07-29T15:48:09","date_gmt":"2025-07-29T19:48:09","guid":{"rendered":"https:\/\/colegioarquitectos.com\/noticias\/?p=34111"},"modified":"2025-08-01T11:02:27","modified_gmt":"2025-08-01T15:02:27","slug":"83anosca-ceremonia-del-inicio-reunira-a-colegiados-y-colegiadas-de-distintas-generaciones-y-cerrara-con-una-conferencia-de-la-oficina-eb-arquitectos","status":"publish","type":"post","link":"https:\/\/colegioarquitectos.com\/noticias\/?p=34111","title":{"rendered":"#83A\u00f1osCA: Ceremonia del Inicio reunir\u00e1 a colegiados y colegiadas de distintas generaciones y cerrar\u00e1 con una conferencia de la oficina EB Arquitectos"},"content":{"rendered":"<p>Una ceremonia para recibir a las y los nuevos colegiados y reconocer a nuestros Miembros Vitalicios y de Honor, di\u00e1logos de arquitectura y la entrega de los Premios CA 2025,<strong> son algunas de las actividades con que el Colegio de Arquitectos de Chile conmemorar\u00e1 sus 83 a\u00f1os de vida<\/strong>.<\/p>\n<p>El hito se iniciar\u00e1 el<strong>\u00a04 de agosto<\/strong>, d\u00eda en que se cumplen <strong>83 a\u00f1os<\/strong> desde la promulgaci\u00f3n de la <strong>Ley 7.211<\/strong> que cre\u00f3 el <strong>Colegio de Arquitectos de Chile<\/strong> en <strong>1942<\/strong>, y dar\u00e1 la partida al <strong>Mes de la Arquitectura<\/strong>.<\/p>\n<p>Para iniciar la conmemoraci\u00f3n del Mes de la Arquitectura en Chile, el pr\u00f3ximo lunes<strong> 4 de agosto<\/strong> a las <strong>12.00 horas<\/strong>\u00a0en nuestra Sede Nacional se realizar\u00e1 la <strong>\u00abCeremonia del Inicio\u00bb<\/strong>, <strong>instancia en que jurar\u00e1n nuestros nuevos colegiados y colegiadas, se realizar\u00e1 un homenaje a los asociados y asociadas fallecidas y se entregar\u00e1n reconocimientos a los Miembros Vitalicios y de Honor<\/strong>.<\/p>\n<p>Como cierre de la actividad, la oficina <strong>EB Arquitectos<\/strong>, conformada por los arquitectos <strong>Magdalena Besomi Terrazas<\/strong>, <strong>Claudio Baladr\u00f3n Zanetti<\/strong> y <strong>Andr\u00e9s Besomi Terrazas<\/strong>, realizar\u00e1 una conferencia para todos los presentes.<\/p>\n<p>La\u00a0<strong>\u00abCeremonia del Inicio\u00bb<\/strong> ser\u00e1 transmitida en vivo a trav\u00e9s de YouTube en <span style=\"color: #000000;\"><strong><a style=\"color: #000000;\" href=\"http:\/\/www.youtube.com\/ColegiodeArquitectosdeChile\">www.youtube.com\/ColegiodeArquitectosdeChile<\/a><\/strong><\/span> y Facebook Live en <strong><a href=\"http:\/\/www.facebook.com\/colegioarq\"><span style=\"color: #000000;\">www.facebook.com\/colegioarq<\/span><\/a><\/strong>.<\/p>\n<p>&nbsp;<\/p>\n<p>&nbsp;<\/p>\n<h3><strong>EB ARQUITECTOS<\/strong><\/h3>\n<hr \/>\n<p>Oficina de arquitectura formada el a\u00f1o 2016 por los arquitectos Magdalena Besomi Terrazas, Claudio Baladr\u00f3n Zanetti y Andr\u00e9s Besomi Terrazas., en sociedad con la constructora EBCO. Desde esa fecha nos hemos dedicado al desarrollo personalizado de proyectos de vivienda, equipamiento e industria, en un sistema de trabajo integrado a un equipo multidisciplinario de desarrollo de proyectos.<\/p>\n<p>Ganadores del Premio Aporte Urbano PAU 2023 al Mejor Edificio de Uso Mixto por el N\u00facleo San Diego, comuna Santiago y PAU 2024 al Mejor Edificio de integraci\u00f3n social Condominio Santa Teresa, comuna de San Bernardo.<\/p>\n<p>&nbsp;<\/p>\n<h4><strong>Claudio Baladr\u00f3n Zanetti<\/strong><\/h4>\n<p>Arquitecto Pontificia Universidad Cat\u00f3lica de Chile, 2010.<\/p>\n<p>Ha trabajado como arquitecto jefe de proyectos en Izquierdo Lehmann arquitectos (2010-2016), como arquitecto consultor en CEC asesores urbanistas (2009-2010).<br \/>\nSu trabajo ha sido publicado en diversos libros y revistas internacionales, destacando la selecci\u00f3n \u201cArchitects Under 30\u201d de la revista Casabella (2013).<\/p>\n<p>&nbsp;<\/p>\n<h4><strong>Magdalena Besomi Terrazas<\/strong><\/h4>\n<p>Arquitecto Pontificia Universidad Cat\u00f3lica de Chile, 2012.<br \/>\nMaster en Conservaci\u00f3n de patrimonio y museolog\u00eda, Universidad de Ginebra, Suiza. 2017.<\/p>\n<p>Ha trabajo en Izquierdo Lehmann arquitectos (2012-2013), DRAA (2013-2016), como profesora asistente de Taller de arquitectura Pontificia Universidad Cat\u00f3lica (2013-2017) y como arquitecto independiente.<\/p>\n<p>Junto a Nicol\u00e1s del R\u00edo, obtuvo el Premio Universidad Mayor 2018, Obra M\u00ednima, Cabina Shangri-l\u00e1, 3 primeros lugar en Concurso Colegios Bicentenario (2015)\u00a0 convocado por el MINEDUC.<\/p>\n<p><strong>\u00a0<\/strong><\/p>\n<h4><strong>Andr\u00e9s Besomi Terrazas<\/strong><\/h4>\n<p>Arquitecto Pontificia Universidad Cat\u00f3lica de Chile, 2007.<\/p>\n<p>Minor en Dise\u00f1o.<\/p>\n<p>Ha trabajado con I\u00f1aki \u00c1balos (\u00c1balos&amp;Sentkiewickz arquitectos, Madrid, Espa\u00f1a 2007-2009), con \u2013Scape (Roma, Italia 2010-2013), con Gumuchdjian Architects (Londres, Inglaterra 2013-2014) y como arquitecto independiente.<\/p>\n<p>Es parte del equipo fundador de Plataforma Arquitectura (ArchDaily).<\/p>\n<p>&nbsp;<\/p>\n<p><img loading=\"lazy\" decoding=\"async\" class=\"aligncenter size-full wp-image-34112\" src=\"https:\/\/colegioarquitectos.com\/noticias\/wp-content\/uploads\/2025\/07\/FOTO-SOCIOS-D-scaled.jpg\" alt=\"\" width=\"2560\" height=\"1696\" srcset=\"https:\/\/colegioarquitectos.com\/noticias\/wp-content\/uploads\/2025\/07\/FOTO-SOCIOS-D-scaled.jpg 2560w, https:\/\/colegioarquitectos.com\/noticias\/wp-content\/uploads\/2025\/07\/FOTO-SOCIOS-D-300x199.jpg 300w, https:\/\/colegioarquitectos.com\/noticias\/wp-content\/uploads\/2025\/07\/FOTO-SOCIOS-D-1024x678.jpg 1024w, https:\/\/colegioarquitectos.com\/noticias\/wp-content\/uploads\/2025\/07\/FOTO-SOCIOS-D-768x509.jpg 768w, https:\/\/colegioarquitectos.com\/noticias\/wp-content\/uploads\/2025\/07\/FOTO-SOCIOS-D-1536x1017.jpg 1536w, https:\/\/colegioarquitectos.com\/noticias\/wp-content\/uploads\/2025\/07\/FOTO-SOCIOS-D-2048x1356.jpg 2048w\" sizes=\"auto, (max-width: 2560px) 100vw, 2560px\" \/><\/p>\n<p>&nbsp;<\/p>\n<p>&nbsp;<\/p>\n<hr \/>\n<p>Puedes encontrar toda la informaci\u00f3n sobre el <strong>Mes de la Arquitectura<\/strong> y las actividades de conmemoraci\u00f3n de los <strong>83 a\u00f1os del Colegio de Arquitectos de Chile<\/strong> en <strong><a href=\"http:\/\/www.colegioarquitectos.com\"><span style=\"color: #000000;\">wwww.colegioarquitectos.com<\/span><\/a><\/strong> y en nuestras redes sociales: <strong>@colegioarq<\/strong> (<span style=\"color: #000000;\"><strong><a style=\"color: #000000;\" href=\"https:\/\/www.instagram.com\/colegioarq\/\">Instagram<\/a><\/strong><\/span>,<span style=\"color: #000000;\"> <strong><a style=\"color: #000000;\" href=\"https:\/\/twitter.com\/colegioarq\">Twitter<\/a><\/strong><\/span>, <span style=\"color: #000000;\"><strong><a style=\"color: #000000;\" href=\"https:\/\/www.facebook.com\/Colegioarq\/\">Facebook<\/a><\/strong><\/span>) y <strong>@ColegiodeArquitectosdeChile<\/strong> (<span style=\"color: #000000;\"><strong><a style=\"color: #000000;\" href=\"https:\/\/www.youtube.com\/ColegiodeArquitectosdeChile\">YouTube<\/a><\/strong><\/span>).<\/p>\n<p><\/p>","protected":false},"excerpt":{"rendered":"<p>Una ceremonia para recibir a las y los nuevos colegiados y reconocer a nuestros Miembros Vitalicios y de Honor, di\u00e1logos de arquitectura y la entrega de los Premios CA 2025, son algunas de las actividades con que el Colegio de &hellip; <a class=\"more-link\" href=\"https:\/\/colegioarquitectos.com\/noticias\/?p=34111\">ver m\u00e1s<\/a><\/p>","protected":false},"author":4,"featured_media":34117,"comment_status":"closed","ping_status":"closed","sticky":false,"template":"","format":"standard","meta":{"footnotes":""},"categories":[1346,8],"tags":[1347,1376,1377,1381,944,507,1379,1378,1380,488,537],"class_list":["post-34111","post","type-post","status-publish","format-standard","has-post-thumbnail","hentry","category-83-anos-ca","category-colegio-de-arquitectos","tag-83-anos","tag-83-anos-ca","tag-83-anos-del-colegio-de-arquitectos-de-chile","tag-andres-besomi-terrazas","tag-aniversario-ca","tag-ceremonia-del-inicio","tag-claudio-baladron-zanetti","tag-eb-arquitectos","tag-magdalena-besomi-terrazas","tag-mes-de-la-arquitectura","tag-mes-de-la-arquitectura-en-chile"],"yoast_head":"<!-- This site is optimized with the Yoast SEO plugin v24.2 - https:\/\/yoast.com\/wordpress\/plugins\/seo\/ -->\n<title>#83A\u00f1osCA: Ceremonia del Inicio reunir\u00e1 a colegiados y colegiadas de distintas generaciones y cerrar\u00e1 con una conferencia de la oficina EB Arquitectos - COLEGIO DE ARQUITECTOS DE CHILE<\/title>\n<meta name=\"description\" content=\"Para iniciar la conmemoraci\u00f3n del Mes de la Arquitectura en Chile, el pr\u00f3ximo lunes 4 de agosto a las 12.00 horas\u00a0en nuestra Sede Nacional se realizar\u00e1 la \u00abCeremonia del Inicio\u00bb, instancia en que jurar\u00e1n nuestros nuevos colegiados y colegiadas, se realizar\u00e1 un homenaje a los asociados y asociadas fallecidas y se entregar\u00e1n reconocimientos a los Miembros Vitalicios y de Honor. Como cierre de la actividad, la oficina EB Arquitectos, conformada por los arquitectos Magdalena Besomi Terrazas, Claudio Baladr\u00f3n Zanetti y Andr\u00e9s Besomi Terrazas, realizar\u00e1 una conferencia para todos los presentes.\" \/>\n<meta name=\"robots\" content=\"index, follow, max-snippet:-1, max-image-preview:large, max-video-preview:-1\" \/>\n<link rel=\"canonical\" href=\"https:\/\/colegioarquitectos.com\/noticias\/?p=34111\" \/>\n<meta property=\"og:locale\" content=\"es_ES\" \/>\n<meta property=\"og:type\" content=\"article\" \/>\n<meta property=\"og:title\" content=\"#83A\u00f1osCA: Ceremonia del Inicio reunir\u00e1 a colegiados y colegiadas de distintas generaciones y cerrar\u00e1 con una conferencia de la oficina EB Arquitectos - COLEGIO DE ARQUITECTOS DE CHILE\" \/>\n<meta property=\"og:description\" content=\"Para iniciar la conmemoraci\u00f3n del Mes de la Arquitectura en Chile, el pr\u00f3ximo lunes 4 de agosto a las 12.00 horas\u00a0en nuestra Sede Nacional se realizar\u00e1 la \u00abCeremonia del Inicio\u00bb, instancia en que jurar\u00e1n nuestros nuevos colegiados y colegiadas, se realizar\u00e1 un homenaje a los asociados y asociadas fallecidas y se entregar\u00e1n reconocimientos a los Miembros Vitalicios y de Honor. Como cierre de la actividad, la oficina EB Arquitectos, conformada por los arquitectos Magdalena Besomi Terrazas, Claudio Baladr\u00f3n Zanetti y Andr\u00e9s Besomi Terrazas, realizar\u00e1 una conferencia para todos los presentes.\" \/>\n<meta property=\"og:url\" content=\"https:\/\/colegioarquitectos.com\/noticias\/?p=34111\" \/>\n<meta property=\"og:site_name\" content=\"COLEGIO DE ARQUITECTOS DE CHILE\" \/>\n<meta property=\"article:publisher\" content=\"https:\/\/facebook.com\/Colegioarq\/\" \/>\n<meta property=\"article:published_time\" content=\"2025-07-29T19:48:09+00:00\" \/>\n<meta property=\"article:modified_time\" content=\"2025-08-01T15:02:27+00:00\" \/>\n<meta property=\"og:image\" content=\"https:\/\/colegioarquitectos.com\/noticias\/wp-content\/uploads\/2025\/07\/ANIVERSARIO83-CEREINICIO-DESTWEB.png\" \/>\n\t<meta property=\"og:image:width\" content=\"1280\" \/>\n\t<meta property=\"og:image:height\" content=\"720\" \/>\n\t<meta property=\"og:image:type\" content=\"image\/png\" \/>\n<meta name=\"author\" content=\"Colegio de Arquitectos de Chile\" \/>\n<meta name=\"twitter:card\" content=\"summary_large_image\" \/>\n<meta name=\"twitter:creator\" content=\"@colegioarq\" \/>\n<meta name=\"twitter:site\" content=\"@colegioarq\" \/>\n<meta name=\"twitter:label1\" content=\"Escrito por\" \/>\n\t<meta name=\"twitter:data1\" content=\"Colegio de Arquitectos de Chile\" \/>\n\t<meta name=\"twitter:label2\" content=\"Tiempo de lectura\" \/>\n\t<meta name=\"twitter:data2\" content=\"3 minutos\" \/>\n<script type=\"application\/ld+json\" class=\"yoast-schema-graph\">{\"@context\":\"https:\/\/schema.org\",\"@graph\":[{\"@type\":\"Article\",\"@id\":\"https:\/\/colegioarquitectos.com\/noticias\/?p=34111#article\",\"isPartOf\":{\"@id\":\"https:\/\/colegioarquitectos.com\/noticias\/?p=34111\"},\"author\":{\"name\":\"Colegio de Arquitectos de Chile\",\"@id\":\"https:\/\/colegioarquitectos.com\/noticias\/#\/schema\/person\/685cc0aad148303c5608f049af8285ad\"},\"headline\":\"#83A\u00f1osCA: Ceremonia del Inicio reunir\u00e1 a colegiados y colegiadas de distintas generaciones y cerrar\u00e1 con una conferencia de la oficina EB Arquitectos\",\"datePublished\":\"2025-07-29T19:48:09+00:00\",\"dateModified\":\"2025-08-01T15:02:27+00:00\",\"mainEntityOfPage\":{\"@id\":\"https:\/\/colegioarquitectos.com\/noticias\/?p=34111\"},\"wordCount\":560,\"publisher\":{\"@id\":\"https:\/\/colegioarquitectos.com\/noticias\/#organization\"},\"image\":{\"@id\":\"https:\/\/colegioarquitectos.com\/noticias\/?p=34111#primaryimage\"},\"thumbnailUrl\":\"https:\/\/colegioarquitectos.com\/noticias\/wp-content\/uploads\/2025\/07\/ANIVERSARIO83-CEREINICIO-DESTWEB.png\",\"keywords\":[\"83 a\u00f1os\",\"83 a\u00f1os CA\",\"83 a\u00f1os del Colegio de Arquitectos de Chile\",\"Andr\u00e9s Besomi Terrazas\",\"Aniversario CA\",\"Ceremonia del Inicio\",\"Claudio Baladr\u00f3n Zanetti\",\"EB Arquitectos\",\"Magdalena Besomi Terrazas\",\"Mes de la Arquitectura\",\"Mes de la Arquitectura en Chile\"],\"articleSection\":[\"83 a\u00f1os CA\",\"Colegio\"],\"inLanguage\":\"es\"},{\"@type\":\"WebPage\",\"@id\":\"https:\/\/colegioarquitectos.com\/noticias\/?p=34111\",\"url\":\"https:\/\/colegioarquitectos.com\/noticias\/?p=34111\",\"name\":\"#83A\u00f1osCA: Ceremonia del Inicio reunir\u00e1 a colegiados y colegiadas de distintas generaciones y cerrar\u00e1 con una conferencia de la oficina EB Arquitectos - COLEGIO DE ARQUITECTOS DE CHILE\",\"isPartOf\":{\"@id\":\"https:\/\/colegioarquitectos.com\/noticias\/#website\"},\"primaryImageOfPage\":{\"@id\":\"https:\/\/colegioarquitectos.com\/noticias\/?p=34111#primaryimage\"},\"image\":{\"@id\":\"https:\/\/colegioarquitectos.com\/noticias\/?p=34111#primaryimage\"},\"thumbnailUrl\":\"https:\/\/colegioarquitectos.com\/noticias\/wp-content\/uploads\/2025\/07\/ANIVERSARIO83-CEREINICIO-DESTWEB.png\",\"datePublished\":\"2025-07-29T19:48:09+00:00\",\"dateModified\":\"2025-08-01T15:02:27+00:00\",\"description\":\"Para iniciar la conmemoraci\u00f3n del Mes de la Arquitectura en Chile, el pr\u00f3ximo lunes 4 de agosto a las 12.00 horas\u00a0en nuestra Sede Nacional se realizar\u00e1 la \u00abCeremonia del Inicio\u00bb, instancia en que jurar\u00e1n nuestros nuevos colegiados y colegiadas, se realizar\u00e1 un homenaje a los asociados y asociadas fallecidas y se entregar\u00e1n reconocimientos a los Miembros Vitalicios y de Honor. Como cierre de la actividad, la oficina EB Arquitectos, conformada por los arquitectos Magdalena Besomi Terrazas, Claudio Baladr\u00f3n Zanetti y Andr\u00e9s Besomi Terrazas, realizar\u00e1 una conferencia para todos los presentes.\",\"breadcrumb\":{\"@id\":\"https:\/\/colegioarquitectos.com\/noticias\/?p=34111#breadcrumb\"},\"inLanguage\":\"es\",\"potentialAction\":[{\"@type\":\"ReadAction\",\"target\":[\"https:\/\/colegioarquitectos.com\/noticias\/?p=34111\"]}]},{\"@type\":\"ImageObject\",\"inLanguage\":\"es\",\"@id\":\"https:\/\/colegioarquitectos.com\/noticias\/?p=34111#primaryimage\",\"url\":\"https:\/\/colegioarquitectos.com\/noticias\/wp-content\/uploads\/2025\/07\/ANIVERSARIO83-CEREINICIO-DESTWEB.png\",\"contentUrl\":\"https:\/\/colegioarquitectos.com\/noticias\/wp-content\/uploads\/2025\/07\/ANIVERSARIO83-CEREINICIO-DESTWEB.png\",\"width\":1280,\"height\":720},{\"@type\":\"BreadcrumbList\",\"@id\":\"https:\/\/colegioarquitectos.com\/noticias\/?p=34111#breadcrumb\",\"itemListElement\":[{\"@type\":\"ListItem\",\"position\":1,\"name\":\"Portada\",\"item\":\"https:\/\/colegioarquitectos.com\/noticias\"},{\"@type\":\"ListItem\",\"position\":2,\"name\":\"#83A\u00f1osCA: Ceremonia del Inicio reunir\u00e1 a colegiados y colegiadas de distintas generaciones y cerrar\u00e1 con una conferencia de la oficina EB Arquitectos\"}]},{\"@type\":\"WebSite\",\"@id\":\"https:\/\/colegioarquitectos.com\/noticias\/#website\",\"url\":\"https:\/\/colegioarquitectos.com\/noticias\/\",\"name\":\"COLEGIO DE ARQUITECTOS DE CHILE\",\"description\":\"\",\"publisher\":{\"@id\":\"https:\/\/colegioarquitectos.com\/noticias\/#organization\"},\"potentialAction\":[{\"@type\":\"SearchAction\",\"target\":{\"@type\":\"EntryPoint\",\"urlTemplate\":\"https:\/\/colegioarquitectos.com\/noticias\/?s={search_term_string}\"},\"query-input\":{\"@type\":\"PropertyValueSpecification\",\"valueRequired\":true,\"valueName\":\"search_term_string\"}}],\"inLanguage\":\"es\"},{\"@type\":\"Organization\",\"@id\":\"https:\/\/colegioarquitectos.com\/noticias\/#organization\",\"name\":\"COLEGIO DE ARQUITECTOS DE CHILE\",\"url\":\"https:\/\/colegioarquitectos.com\/noticias\/\",\"logo\":{\"@type\":\"ImageObject\",\"inLanguage\":\"es\",\"@id\":\"https:\/\/colegioarquitectos.com\/noticias\/#\/schema\/logo\/image\/\",\"url\":\"https:\/\/colegioarquitectos.com\/noticias\/wp-content\/uploads\/2021\/05\/ENCABEZADO-LOGO-CA.jpg\",\"contentUrl\":\"https:\/\/colegioarquitectos.com\/noticias\/wp-content\/uploads\/2021\/05\/ENCABEZADO-LOGO-CA.jpg\",\"width\":690,\"height\":350,\"caption\":\"COLEGIO DE ARQUITECTOS DE CHILE\"},\"image\":{\"@id\":\"https:\/\/colegioarquitectos.com\/noticias\/#\/schema\/logo\/image\/\"},\"sameAs\":[\"https:\/\/facebook.com\/Colegioarq\/\",\"https:\/\/x.com\/colegioarq\",\"https:\/\/instagram.com\/colegioarq\",\"https:\/\/youtube.com\/@ColegiodeArquitectosdeChile\"]},{\"@type\":\"Person\",\"@id\":\"https:\/\/colegioarquitectos.com\/noticias\/#\/schema\/person\/685cc0aad148303c5608f049af8285ad\",\"name\":\"Colegio de Arquitectos de Chile\",\"url\":\"https:\/\/colegioarquitectos.com\/noticias\/?author=4\"}]}<\/script>\n<!-- \/ Yoast SEO plugin. -->","yoast_head_json":{"title":"#83A\u00f1osCA: Ceremonia del Inicio reunir\u00e1 a colegiados y colegiadas de distintas generaciones y cerrar\u00e1 con una conferencia de la oficina EB Arquitectos - COLEGIO DE ARQUITECTOS DE CHILE","description":"Para iniciar la conmemoraci\u00f3n del Mes de la Arquitectura en Chile, el pr\u00f3ximo lunes 4 de agosto a las 12.00 horas\u00a0en nuestra Sede Nacional se realizar\u00e1 la \u00abCeremonia del Inicio\u00bb, instancia en que jurar\u00e1n nuestros nuevos colegiados y colegiadas, se realizar\u00e1 un homenaje a los asociados y asociadas fallecidas y se entregar\u00e1n reconocimientos a los Miembros Vitalicios y de Honor. Como cierre de la actividad, la oficina EB Arquitectos, conformada por los arquitectos Magdalena Besomi Terrazas, Claudio Baladr\u00f3n Zanetti y Andr\u00e9s Besomi Terrazas, realizar\u00e1 una conferencia para todos los presentes.","robots":{"index":"index","follow":"follow","max-snippet":"max-snippet:-1","max-image-preview":"max-image-preview:large","max-video-preview":"max-video-preview:-1"},"canonical":"https:\/\/colegioarquitectos.com\/noticias\/?p=34111","og_locale":"es_ES","og_type":"article","og_title":"#83A\u00f1osCA: Ceremonia del Inicio reunir\u00e1 a colegiados y colegiadas de distintas generaciones y cerrar\u00e1 con una conferencia de la oficina EB Arquitectos - COLEGIO DE ARQUITECTOS DE CHILE","og_description":"Para iniciar la conmemoraci\u00f3n del Mes de la Arquitectura en Chile, el pr\u00f3ximo lunes 4 de agosto a las 12.00 horas\u00a0en nuestra Sede Nacional se realizar\u00e1 la \u00abCeremonia del Inicio\u00bb, instancia en que jurar\u00e1n nuestros nuevos colegiados y colegiadas, se realizar\u00e1 un homenaje a los asociados y asociadas fallecidas y se entregar\u00e1n reconocimientos a los Miembros Vitalicios y de Honor. Como cierre de la actividad, la oficina EB Arquitectos, conformada por los arquitectos Magdalena Besomi Terrazas, Claudio Baladr\u00f3n Zanetti y Andr\u00e9s Besomi Terrazas, realizar\u00e1 una conferencia para todos los presentes.","og_url":"https:\/\/colegioarquitectos.com\/noticias\/?p=34111","og_site_name":"COLEGIO DE ARQUITECTOS DE CHILE","article_publisher":"https:\/\/facebook.com\/Colegioarq\/","article_published_time":"2025-07-29T19:48:09+00:00","article_modified_time":"2025-08-01T15:02:27+00:00","og_image":[{"width":1280,"height":720,"url":"https:\/\/colegioarquitectos.com\/noticias\/wp-content\/uploads\/2025\/07\/ANIVERSARIO83-CEREINICIO-DESTWEB.png","type":"image\/png"}],"author":"Colegio de Arquitectos de Chile","twitter_card":"summary_large_image","twitter_creator":"@colegioarq","twitter_site":"@colegioarq","twitter_misc":{"Escrito por":"Colegio de Arquitectos de Chile","Tiempo de lectura":"3 minutos"},"schema":{"@context":"https:\/\/schema.org","@graph":[{"@type":"Article","@id":"https:\/\/colegioarquitectos.com\/noticias\/?p=34111#article","isPartOf":{"@id":"https:\/\/colegioarquitectos.com\/noticias\/?p=34111"},"author":{"name":"Colegio de Arquitectos de Chile","@id":"https:\/\/colegioarquitectos.com\/noticias\/#\/schema\/person\/685cc0aad148303c5608f049af8285ad"},"headline":"#83A\u00f1osCA: Ceremonia del Inicio reunir\u00e1 a colegiados y colegiadas de distintas generaciones y cerrar\u00e1 con una conferencia de la oficina EB Arquitectos","datePublished":"2025-07-29T19:48:09+00:00","dateModified":"2025-08-01T15:02:27+00:00","mainEntityOfPage":{"@id":"https:\/\/colegioarquitectos.com\/noticias\/?p=34111"},"wordCount":560,"publisher":{"@id":"https:\/\/colegioarquitectos.com\/noticias\/#organization"},"image":{"@id":"https:\/\/colegioarquitectos.com\/noticias\/?p=34111#primaryimage"},"thumbnailUrl":"https:\/\/colegioarquitectos.com\/noticias\/wp-content\/uploads\/2025\/07\/ANIVERSARIO83-CEREINICIO-DESTWEB.png","keywords":["83 a\u00f1os","83 a\u00f1os CA","83 a\u00f1os del Colegio de Arquitectos de Chile","Andr\u00e9s Besomi Terrazas","Aniversario CA","Ceremonia del Inicio","Claudio Baladr\u00f3n Zanetti","EB Arquitectos","Magdalena Besomi Terrazas","Mes de la Arquitectura","Mes de la Arquitectura en Chile"],"articleSection":["83 a\u00f1os CA","Colegio"],"inLanguage":"es"},{"@type":"WebPage","@id":"https:\/\/colegioarquitectos.com\/noticias\/?p=34111","url":"https:\/\/colegioarquitectos.com\/noticias\/?p=34111","name":"#83A\u00f1osCA: Ceremonia del Inicio reunir\u00e1 a colegiados y colegiadas de distintas generaciones y cerrar\u00e1 con una conferencia de la oficina EB Arquitectos - COLEGIO DE ARQUITECTOS DE CHILE","isPartOf":{"@id":"https:\/\/colegioarquitectos.com\/noticias\/#website"},"primaryImageOfPage":{"@id":"https:\/\/colegioarquitectos.com\/noticias\/?p=34111#primaryimage"},"image":{"@id":"https:\/\/colegioarquitectos.com\/noticias\/?p=34111#primaryimage"},"thumbnailUrl":"https:\/\/colegioarquitectos.com\/noticias\/wp-content\/uploads\/2025\/07\/ANIVERSARIO83-CEREINICIO-DESTWEB.png","datePublished":"2025-07-29T19:48:09+00:00","dateModified":"2025-08-01T15:02:27+00:00","description":"Para iniciar la conmemoraci\u00f3n del Mes de la Arquitectura en Chile, el pr\u00f3ximo lunes 4 de agosto a las 12.00 horas\u00a0en nuestra Sede Nacional se realizar\u00e1 la \u00abCeremonia del Inicio\u00bb, instancia en que jurar\u00e1n nuestros nuevos colegiados y colegiadas, se realizar\u00e1 un homenaje a los asociados y asociadas fallecidas y se entregar\u00e1n reconocimientos a los Miembros Vitalicios y de Honor. Como cierre de la actividad, la oficina EB Arquitectos, conformada por los arquitectos Magdalena Besomi Terrazas, Claudio Baladr\u00f3n Zanetti y Andr\u00e9s Besomi Terrazas, realizar\u00e1 una conferencia para todos los presentes.","breadcrumb":{"@id":"https:\/\/colegioarquitectos.com\/noticias\/?p=34111#breadcrumb"},"inLanguage":"es","potentialAction":[{"@type":"ReadAction","target":["https:\/\/colegioarquitectos.com\/noticias\/?p=34111"]}]},{"@type":"ImageObject","inLanguage":"es","@id":"https:\/\/colegioarquitectos.com\/noticias\/?p=34111#primaryimage","url":"https:\/\/colegioarquitectos.com\/noticias\/wp-content\/uploads\/2025\/07\/ANIVERSARIO83-CEREINICIO-DESTWEB.png","contentUrl":"https:\/\/colegioarquitectos.com\/noticias\/wp-content\/uploads\/2025\/07\/ANIVERSARIO83-CEREINICIO-DESTWEB.png","width":1280,"height":720},{"@type":"BreadcrumbList","@id":"https:\/\/colegioarquitectos.com\/noticias\/?p=34111#breadcrumb","itemListElement":[{"@type":"ListItem","position":1,"name":"Portada","item":"https:\/\/colegioarquitectos.com\/noticias"},{"@type":"ListItem","position":2,"name":"#83A\u00f1osCA: Ceremonia del Inicio reunir\u00e1 a colegiados y colegiadas de distintas generaciones y cerrar\u00e1 con una conferencia de la oficina EB Arquitectos"}]},{"@type":"WebSite","@id":"https:\/\/colegioarquitectos.com\/noticias\/#website","url":"https:\/\/colegioarquitectos.com\/noticias\/","name":"COLEGIO DE ARQUITECTOS DE CHILE","description":"","publisher":{"@id":"https:\/\/colegioarquitectos.com\/noticias\/#organization"},"potentialAction":[{"@type":"SearchAction","target":{"@type":"EntryPoint","urlTemplate":"https:\/\/colegioarquitectos.com\/noticias\/?s={search_term_string}"},"query-input":{"@type":"PropertyValueSpecification","valueRequired":true,"valueName":"search_term_string"}}],"inLanguage":"es"},{"@type":"Organization","@id":"https:\/\/colegioarquitectos.com\/noticias\/#organization","name":"COLEGIO DE ARQUITECTOS DE CHILE","url":"https:\/\/colegioarquitectos.com\/noticias\/","logo":{"@type":"ImageObject","inLanguage":"es","@id":"https:\/\/colegioarquitectos.com\/noticias\/#\/schema\/logo\/image\/","url":"https:\/\/colegioarquitectos.com\/noticias\/wp-content\/uploads\/2021\/05\/ENCABEZADO-LOGO-CA.jpg","contentUrl":"https:\/\/colegioarquitectos.com\/noticias\/wp-content\/uploads\/2021\/05\/ENCABEZADO-LOGO-CA.jpg","width":690,"height":350,"caption":"COLEGIO DE ARQUITECTOS DE CHILE"},"image":{"@id":"https:\/\/colegioarquitectos.com\/noticias\/#\/schema\/logo\/image\/"},"sameAs":["https:\/\/facebook.com\/Colegioarq\/","https:\/\/x.com\/colegioarq","https:\/\/instagram.com\/colegioarq","https:\/\/youtube.com\/@ColegiodeArquitectosdeChile"]},{"@type":"Person","@id":"https:\/\/colegioarquitectos.com\/noticias\/#\/schema\/person\/685cc0aad148303c5608f049af8285ad","name":"Colegio de Arquitectos de Chile","url":"https:\/\/colegioarquitectos.com\/noticias\/?author=4"}]}},"_links":{"self":[{"href":"https:\/\/colegioarquitectos.com\/noticias\/index.php?rest_route=\/wp\/v2\/posts\/34111","targetHints":{"allow":["GET"]}}],"collection":[{"href":"https:\/\/colegioarquitectos.com\/noticias\/index.php?rest_route=\/wp\/v2\/posts"}],"about":[{"href":"https:\/\/colegioarquitectos.com\/noticias\/index.php?rest_route=\/wp\/v2\/types\/post"}],"author":[{"embeddable":true,"href":"https:\/\/colegioarquitectos.com\/noticias\/index.php?rest_route=\/wp\/v2\/users\/4"}],"replies":[{"embeddable":true,"href":"https:\/\/colegioarquitectos.com\/noticias\/index.php?rest_route=%2Fwp%2Fv2%2Fcomments&post=34111"}],"version-history":[{"count":4,"href":"https:\/\/colegioarquitectos.com\/noticias\/index.php?rest_route=\/wp\/v2\/posts\/34111\/revisions"}],"predecessor-version":[{"id":34122,"href":"https:\/\/colegioarquitectos.com\/noticias\/index.php?rest_route=\/wp\/v2\/posts\/34111\/revisions\/34122"}],"wp:featuredmedia":[{"embeddable":true,"href":"https:\/\/colegioarquitectos.com\/noticias\/index.php?rest_route=\/wp\/v2\/media\/34117"}],"wp:attachment":[{"href":"https:\/\/colegioarquitectos.com\/noticias\/index.php?rest_route=%2Fwp%2Fv2%2Fmedia&parent=34111"}],"wp:term":[{"taxonomy":"category","embeddable":true,"href":"https:\/\/colegioarquitectos.com\/noticias\/index.php?rest_route=%2Fwp%2Fv2%2Fcategories&post=34111"},{"taxonomy":"post_tag","embeddable":true,"href":"https:\/\/colegioarquitectos.com\/noticias\/index.php?rest_route=%2Fwp%2Fv2%2Ftags&post=34111"}],"curies":[{"name":"wp","href":"https:\/\/api.w.org\/{rel}","templated":true}]}}