
{"id":34270,"date":"2025-09-13T12:17:57","date_gmt":"2025-09-13T16:17:57","guid":{"rendered":"https:\/\/colegioarquitectos.com\/noticias\/?p=34270"},"modified":"2025-09-23T16:41:49","modified_gmt":"2025-09-23T20:41:49","slug":"conoce-las-sedes-de-la-bienal-de-arquitectura-y-urbanismo-de-chile-doble-exposicion","status":"publish","type":"post","link":"https:\/\/colegioarquitectos.com\/noticias\/?p=34270","title":{"rendered":"Desde el CEINA, pasando por el GAM, hasta la Iglesia de San francisco de Borja: Conoce las sedes de la XXIII Bienal de Arquitectura y Urbanismo de Chile | Doble Exposici\u00f3n"},"content":{"rendered":"<p>La <strong>XXIII Bienal de Arquitectura y Urbanismo de Chile<\/strong>, bajo el concepto <strong>\u00abDoble exposici\u00f3n\u00bb<\/strong>, propone una reflexi\u00f3n sobre <strong>c\u00f3mo intervenir lo existente en un pa\u00eds marcado por cambios constantes, crisis clim\u00e1tica y escasez de recursos<\/strong>.<\/p>\n<p>M\u00e1s que construir desde cero,<strong> se plantea la urgencia de reprogramar, adaptar y reconstruir a partir de lo preexistente, articulando pasado, presente y futuro<\/strong>. A trav\u00e9s de ejemplos hist\u00f3ricos y contempor\u00e1neos,<strong> la Bienal mostrar\u00e1 c\u00f3mo la arquitectura puede transformar la obsolescencia y el deterioro en nuevas oportunidades<\/strong>, entendiendo cada intervenci\u00f3n como un acto de memoria y resistencia.<\/p>\n<p>El evento se desarrollar\u00e1 <strong>desde el 25 de septiembre al 5 de octubre<\/strong> en un circuito por el eje Alameda en Santiago, en sedes como la<strong> Iglesia San Francisco de Borja<\/strong>,<strong> el Centro Cultural Gabriela Mistral (GAM)<\/strong>,<strong> el Colegio de Arquitectos de Chile<\/strong>, <strong>Centro Cultural CEINA, Barco galer\u00eda<\/strong>,<strong> Parroquia de la Veracruz, <\/strong><strong>el Parque San Borja <\/strong>y<strong> Edificio de rentas calpe &#8211; El Cuervo<\/strong>. Luego se extender\u00e1 a regiones, abriendo el debate sobre regeneraci\u00f3n y revitalizaci\u00f3n urbana en diversos territorios.<\/p>\n<p>A continuaci\u00f3n, revisa en detalle las<strong> sedes<\/strong> en que se desplegar\u00e1 la <span style=\"color: #0000ff;\"><strong>Bienal de Arquitectura y Urbanismo de Chile | Doble Exposici\u00f3n<\/strong><\/span>.<\/p>\n<p>&nbsp;<\/p>\n<p>&nbsp;<\/p>\n<h4>Iglesia de San francisco de Borja<\/h4>\n<hr \/>\n<p>Direcci\u00f3n: Carabineros de Chile 160<\/p>\n<p>&nbsp;<\/p>\n<p><strong>Nave central<\/strong><\/p>\n<p>Muestra oficial<\/p>\n<p>La nave de la ex Iglesia San Francisco de Borja albergar\u00e1 la muestra oficial de la bienal, integrada por proyectos seleccionados mediante convocatoria abierta, nominaci\u00f3n y participaci\u00f3n acad\u00e9mica.<\/p>\n<p>&nbsp;<\/p>\n<p><strong>Patio exterior<\/strong><\/p>\n<p>Encuentros y conversaciones<\/p>\n<p>El patio de la iglesia ser\u00e1 un espacio abierto para charlas y encuentros, pensado como un lugar de di\u00e1logo entre arquitectos, estudiantes y p\u00fablico general, que invita a compartir ideas y ampliar las reflexiones de la Bienal.<\/p>\n<p>&nbsp;<\/p>\n<p>&nbsp;<\/p>\n<h4>Centro Cultural Gabriela Mistral (GAM)<\/h4>\n<hr \/>\n<p>Direcci\u00f3n: Avenida Libertador Bernardo O\u2019Higgins 227<\/p>\n<p>&nbsp;<\/p>\n<p><strong>Auditorio s1<\/strong><\/p>\n<p>Ceremonia inaugural y de clausura<\/p>\n<p>En el auditorio S1 del GAM la Bienal comienza y termina. Un espacio de encuentro donde se abre el programa con la ceremonia inaugural (jueves 25 de septiembre, 17:00 h) y, d\u00edas despu\u00e9s, se celebra el cierre (domingo 5 de octubre, jornada completa) con la entrega de premios y distinciones.<\/p>\n<p>&nbsp;<\/p>\n<p><strong>Sala de Artes Visuales<\/strong><\/p>\n<p>Muestra Bienal y di\u00e1logos p\u00fablicos<\/p>\n<p>&nbsp;<\/p>\n<p>&nbsp;<\/p>\n<h4>Colegio de Arquitectos de Chile<\/h4>\n<hr \/>\n<p>Direcci\u00f3n: Avenida Libertador Bernardo O\u2019Higgins 115<\/p>\n<p>&nbsp;<\/p>\n<p><strong>Auditorio<\/strong><\/p>\n<p>Workshop universitario y exhibici\u00f3n<\/p>\n<p>El auditorio del CA ser\u00e1 sede del workshop universitario, que reunir\u00e1 a estudiantes de 12 escuelas de arquitectura, incluida una internacional. Bajo la direcci\u00f3n de Carles Enric y UMWELT, y acompa\u00f1ado por el programa Quiero mi Barrio \/ MINVU, este espacio acoger\u00e1 jornadas de trabajo, conversaci\u00f3n y debate.<\/p>\n<p>A partir del mi\u00e9rcoles 1 de octubre, el auditorio se transformar\u00e1 en sala de exhibici\u00f3n con la presentaci\u00f3n de los proyectos resultantes del workshop<\/p>\n<p>&nbsp;<\/p>\n<p><strong>Hall 1<\/strong><\/p>\n<p>Conferencias y charlas<\/p>\n<p>&nbsp;<\/p>\n<h4>Centro cultural CEINA<\/h4>\n<hr \/>\n<p>Direcci\u00f3n: Arturo Prat 33<\/p>\n<p>&nbsp;<\/p>\n<p>Muestra del Premio Nacional de Arquitectura 2024, Cristi\u00e1n Castillo Echeverr\u00eda; conversatorios y experiencias ciudadanas.<\/p>\n<p>&nbsp;<\/p>\n<h4>Barco, galer\u00eda de arquitectura<\/h4>\n<hr \/>\n<p>Direcci\u00f3n: Santa Luc\u00eda 382<\/p>\n<p>&nbsp;<\/p>\n<p><strong>Galer\u00eda<\/strong><\/p>\n<p>Exposici\u00f3n prueba de estado<\/p>\n<p>&nbsp;<\/p>\n<p>&nbsp;<\/p>\n<h4>Parroquia de la Veracruz<\/h4>\n<hr \/>\n<p>Direcci\u00f3n: Jos\u00e9 Victorino Lastarria 124<\/p>\n<p>&nbsp;<\/p>\n<p><strong>Nave central<\/strong><\/p>\n<p>Instalaciones temporales y conversaciones<\/p>\n<p>La parroquia acoger\u00e1 instalaciones temporales concebidas para dialogar con su arquitectura y memoria. En torno a ellas se desarrollar\u00e1 un programa de conversaciones abiertas a la comunidad, que invita a la reflexi\u00f3n y al encuentro colectivo.<\/p>\n<p>&nbsp;<\/p>\n<p>&nbsp;<\/p>\n<h4>Parque San Borja<\/h4>\n<hr \/>\n<p>Direcci\u00f3n: Jos\u00e9 Victorino Lastarria 124<\/p>\n<p>&nbsp;<\/p>\n<p><strong>Pabell\u00f3n\u00a0<\/strong><\/p>\n<p>Conferencias y comunidad<\/p>\n<p>El parque albergar\u00e1 un pabell\u00f3n dise\u00f1ado y desarrollado por la escuela de arquitectura de la universidad mayor, concebido como un espacio abierto para conferencias, conversaciones con la comunidad y exhibiciones.<\/p>\n<p>&nbsp;<\/p>\n<h4>Edificio de rentas calpe &#8211; El cuervo<\/h4>\n<hr \/>\n<p>Direcci\u00f3n: Avenida Libertador Bernardo O\u2019Higgins 140<\/p>\n<p>&nbsp;<\/p>\n<p><strong>Obra<\/strong><\/p>\n<p>El cuervo<\/p>\n<p>Artista: Sebasti\u00e1n Preece<\/p>\n<p>&nbsp;<\/p>\n<hr \/>\n<p><img loading=\"lazy\" decoding=\"async\" class=\"aligncenter size-full wp-image-34550\" src=\"https:\/\/colegioarquitectos.com\/noticias\/wp-content\/uploads\/2025\/09\/LAYOUT-LOGOS-EMPRESAS.png\" alt=\"\" width=\"1080\" height=\"394\" srcset=\"https:\/\/colegioarquitectos.com\/noticias\/wp-content\/uploads\/2025\/09\/LAYOUT-LOGOS-EMPRESAS.png 1080w, https:\/\/colegioarquitectos.com\/noticias\/wp-content\/uploads\/2025\/09\/LAYOUT-LOGOS-EMPRESAS-300x109.png 300w, https:\/\/colegioarquitectos.com\/noticias\/wp-content\/uploads\/2025\/09\/LAYOUT-LOGOS-EMPRESAS-1024x374.png 1024w, https:\/\/colegioarquitectos.com\/noticias\/wp-content\/uploads\/2025\/09\/LAYOUT-LOGOS-EMPRESAS-768x280.png 768w\" sizes=\"auto, (max-width: 1080px) 100vw, 1080px\" \/><\/p>\n<p>&nbsp;<\/p>\n<p><\/p>","protected":false},"excerpt":{"rendered":"<p>La XXIII Bienal de Arquitectura y Urbanismo de Chile, bajo el concepto \u00abDoble exposici\u00f3n\u00bb, propone una reflexi\u00f3n sobre c\u00f3mo intervenir lo existente en un pa\u00eds marcado por cambios constantes, crisis clim\u00e1tica y escasez de recursos. M\u00e1s que construir desde cero, &hellip; <a class=\"more-link\" href=\"https:\/\/colegioarquitectos.com\/noticias\/?p=34270\">ver m\u00e1s<\/a><\/p>","protected":false},"author":4,"featured_media":34268,"comment_status":"closed","ping_status":"closed","sticky":false,"template":"","format":"standard","meta":{"footnotes":""},"categories":[59],"tags":[128,1025,802,1419,1196,1024,1387],"class_list":["post-34270","post","type-post","status-publish","format-standard","has-post-thumbnail","hentry","category-bienal","tag-bienal","tag-bienal-2025","tag-bienal-de-arquitectura-y-urbanismo-de-chile","tag-sedes","tag-xxiii-bienal","tag-xxiii-bienal-de-arquitectura-y-urbanismo-de-chile","tag-xxiii-bienal-de-arquitectura-y-urbanismo-de-chile-2025"],"yoast_head":"<!-- This site is optimized with the Yoast SEO plugin v24.2 - https:\/\/yoast.com\/wordpress\/plugins\/seo\/ -->\n<title>Desde el CEINA, pasando por el GAM, hasta la Iglesia de San francisco de Borja: Conoce las sedes de la XXIII Bienal de Arquitectura y Urbanismo de Chile | Doble Exposici\u00f3n - COLEGIO DE ARQUITECTOS DE CHILE<\/title>\n<meta name=\"robots\" content=\"index, follow, max-snippet:-1, max-image-preview:large, max-video-preview:-1\" \/>\n<link rel=\"canonical\" href=\"https:\/\/colegioarquitectos.com\/noticias\/?p=34270\" \/>\n<meta property=\"og:locale\" content=\"es_ES\" \/>\n<meta property=\"og:type\" content=\"article\" \/>\n<meta property=\"og:title\" content=\"Desde el CEINA, pasando por el GAM, hasta la Iglesia de San francisco de Borja: Conoce las sedes de la XXIII Bienal de Arquitectura y Urbanismo de Chile | Doble Exposici\u00f3n - COLEGIO DE ARQUITECTOS DE CHILE\" \/>\n<meta property=\"og:description\" content=\"La XXIII Bienal de Arquitectura y Urbanismo de Chile, bajo el concepto \u00abDoble exposici\u00f3n\u00bb, propone una reflexi\u00f3n sobre c\u00f3mo intervenir lo existente en un pa\u00eds marcado por cambios constantes, crisis clim\u00e1tica y escasez de recursos. M\u00e1s que construir desde cero, &hellip; ver m\u00e1s\" \/>\n<meta property=\"og:url\" content=\"https:\/\/colegioarquitectos.com\/noticias\/?p=34270\" \/>\n<meta property=\"og:site_name\" content=\"COLEGIO DE ARQUITECTOS DE CHILE\" \/>\n<meta property=\"article:publisher\" content=\"https:\/\/facebook.com\/Colegioarq\/\" \/>\n<meta property=\"article:published_time\" content=\"2025-09-13T16:17:57+00:00\" \/>\n<meta property=\"article:modified_time\" content=\"2025-09-23T20:41:49+00:00\" \/>\n<meta property=\"og:image\" content=\"https:\/\/colegioarquitectos.com\/noticias\/wp-content\/uploads\/2025\/09\/Proyecto-nuevo-17-1024x576.png\" \/>\n\t<meta property=\"og:image:width\" content=\"1024\" \/>\n\t<meta property=\"og:image:height\" content=\"576\" \/>\n\t<meta property=\"og:image:type\" content=\"image\/png\" \/>\n<meta name=\"author\" content=\"Colegio de Arquitectos de Chile\" \/>\n<meta name=\"twitter:card\" content=\"summary_large_image\" \/>\n<meta name=\"twitter:creator\" content=\"@colegioarq\" \/>\n<meta name=\"twitter:site\" content=\"@colegioarq\" \/>\n<meta name=\"twitter:label1\" content=\"Escrito por\" \/>\n\t<meta name=\"twitter:data1\" content=\"Colegio de Arquitectos de Chile\" \/>\n\t<meta name=\"twitter:label2\" content=\"Tiempo de lectura\" \/>\n\t<meta name=\"twitter:data2\" content=\"4 minutos\" \/>\n<script type=\"application\/ld+json\" class=\"yoast-schema-graph\">{\"@context\":\"https:\/\/schema.org\",\"@graph\":[{\"@type\":\"Article\",\"@id\":\"https:\/\/colegioarquitectos.com\/noticias\/?p=34270#article\",\"isPartOf\":{\"@id\":\"https:\/\/colegioarquitectos.com\/noticias\/?p=34270\"},\"author\":{\"name\":\"Colegio de Arquitectos de Chile\",\"@id\":\"https:\/\/colegioarquitectos.com\/noticias\/#\/schema\/person\/685cc0aad148303c5608f049af8285ad\"},\"headline\":\"Desde el CEINA, pasando por el GAM, hasta la Iglesia de San francisco de Borja: Conoce las sedes de la XXIII Bienal de Arquitectura y Urbanismo de Chile | Doble Exposici\u00f3n\",\"datePublished\":\"2025-09-13T16:17:57+00:00\",\"dateModified\":\"2025-09-23T20:41:49+00:00\",\"mainEntityOfPage\":{\"@id\":\"https:\/\/colegioarquitectos.com\/noticias\/?p=34270\"},\"wordCount\":687,\"publisher\":{\"@id\":\"https:\/\/colegioarquitectos.com\/noticias\/#organization\"},\"image\":{\"@id\":\"https:\/\/colegioarquitectos.com\/noticias\/?p=34270#primaryimage\"},\"thumbnailUrl\":\"https:\/\/colegioarquitectos.com\/noticias\/wp-content\/uploads\/2025\/09\/Proyecto-nuevo-17.png\",\"keywords\":[\"Bienal\",\"Bienal 2025\",\"Bienal de Arquitectura y Urbanismo de Chile\",\"Sedes\",\"XXIII Bienal\",\"XXIII Bienal de Arquitectura y Urbanismo de Chile\",\"XXIII Bienal de Arquitectura y Urbanismo de Chile 2025\"],\"articleSection\":[\"Bienal\"],\"inLanguage\":\"es\"},{\"@type\":\"WebPage\",\"@id\":\"https:\/\/colegioarquitectos.com\/noticias\/?p=34270\",\"url\":\"https:\/\/colegioarquitectos.com\/noticias\/?p=34270\",\"name\":\"Desde el CEINA, pasando por el GAM, hasta la Iglesia de San francisco de Borja: Conoce las sedes de la XXIII Bienal de Arquitectura y Urbanismo de Chile | Doble Exposici\u00f3n - COLEGIO DE ARQUITECTOS DE CHILE\",\"isPartOf\":{\"@id\":\"https:\/\/colegioarquitectos.com\/noticias\/#website\"},\"primaryImageOfPage\":{\"@id\":\"https:\/\/colegioarquitectos.com\/noticias\/?p=34270#primaryimage\"},\"image\":{\"@id\":\"https:\/\/colegioarquitectos.com\/noticias\/?p=34270#primaryimage\"},\"thumbnailUrl\":\"https:\/\/colegioarquitectos.com\/noticias\/wp-content\/uploads\/2025\/09\/Proyecto-nuevo-17.png\",\"datePublished\":\"2025-09-13T16:17:57+00:00\",\"dateModified\":\"2025-09-23T20:41:49+00:00\",\"breadcrumb\":{\"@id\":\"https:\/\/colegioarquitectos.com\/noticias\/?p=34270#breadcrumb\"},\"inLanguage\":\"es\",\"potentialAction\":[{\"@type\":\"ReadAction\",\"target\":[\"https:\/\/colegioarquitectos.com\/noticias\/?p=34270\"]}]},{\"@type\":\"ImageObject\",\"inLanguage\":\"es\",\"@id\":\"https:\/\/colegioarquitectos.com\/noticias\/?p=34270#primaryimage\",\"url\":\"https:\/\/colegioarquitectos.com\/noticias\/wp-content\/uploads\/2025\/09\/Proyecto-nuevo-17.png\",\"contentUrl\":\"https:\/\/colegioarquitectos.com\/noticias\/wp-content\/uploads\/2025\/09\/Proyecto-nuevo-17.png\",\"width\":2560,\"height\":1440},{\"@type\":\"BreadcrumbList\",\"@id\":\"https:\/\/colegioarquitectos.com\/noticias\/?p=34270#breadcrumb\",\"itemListElement\":[{\"@type\":\"ListItem\",\"position\":1,\"name\":\"Portada\",\"item\":\"https:\/\/colegioarquitectos.com\/noticias\"},{\"@type\":\"ListItem\",\"position\":2,\"name\":\"Desde el CEINA, pasando por el GAM, hasta la Iglesia de San francisco de Borja: Conoce las sedes de la XXIII Bienal de Arquitectura y Urbanismo de Chile | Doble Exposici\u00f3n\"}]},{\"@type\":\"WebSite\",\"@id\":\"https:\/\/colegioarquitectos.com\/noticias\/#website\",\"url\":\"https:\/\/colegioarquitectos.com\/noticias\/\",\"name\":\"COLEGIO DE ARQUITECTOS DE CHILE\",\"description\":\"\",\"publisher\":{\"@id\":\"https:\/\/colegioarquitectos.com\/noticias\/#organization\"},\"potentialAction\":[{\"@type\":\"SearchAction\",\"target\":{\"@type\":\"EntryPoint\",\"urlTemplate\":\"https:\/\/colegioarquitectos.com\/noticias\/?s={search_term_string}\"},\"query-input\":{\"@type\":\"PropertyValueSpecification\",\"valueRequired\":true,\"valueName\":\"search_term_string\"}}],\"inLanguage\":\"es\"},{\"@type\":\"Organization\",\"@id\":\"https:\/\/colegioarquitectos.com\/noticias\/#organization\",\"name\":\"COLEGIO DE ARQUITECTOS DE CHILE\",\"url\":\"https:\/\/colegioarquitectos.com\/noticias\/\",\"logo\":{\"@type\":\"ImageObject\",\"inLanguage\":\"es\",\"@id\":\"https:\/\/colegioarquitectos.com\/noticias\/#\/schema\/logo\/image\/\",\"url\":\"https:\/\/colegioarquitectos.com\/noticias\/wp-content\/uploads\/2021\/05\/ENCABEZADO-LOGO-CA.jpg\",\"contentUrl\":\"https:\/\/colegioarquitectos.com\/noticias\/wp-content\/uploads\/2021\/05\/ENCABEZADO-LOGO-CA.jpg\",\"width\":690,\"height\":350,\"caption\":\"COLEGIO DE ARQUITECTOS DE CHILE\"},\"image\":{\"@id\":\"https:\/\/colegioarquitectos.com\/noticias\/#\/schema\/logo\/image\/\"},\"sameAs\":[\"https:\/\/facebook.com\/Colegioarq\/\",\"https:\/\/x.com\/colegioarq\",\"https:\/\/instagram.com\/colegioarq\",\"https:\/\/youtube.com\/@ColegiodeArquitectosdeChile\"]},{\"@type\":\"Person\",\"@id\":\"https:\/\/colegioarquitectos.com\/noticias\/#\/schema\/person\/685cc0aad148303c5608f049af8285ad\",\"name\":\"Colegio de Arquitectos de Chile\",\"url\":\"https:\/\/colegioarquitectos.com\/noticias\/?author=4\"}]}<\/script>\n<!-- \/ Yoast SEO plugin. -->","yoast_head_json":{"title":"Desde el CEINA, pasando por el GAM, hasta la Iglesia de San francisco de Borja: Conoce las sedes de la XXIII Bienal de Arquitectura y Urbanismo de Chile | Doble Exposici\u00f3n - COLEGIO DE ARQUITECTOS DE CHILE","robots":{"index":"index","follow":"follow","max-snippet":"max-snippet:-1","max-image-preview":"max-image-preview:large","max-video-preview":"max-video-preview:-1"},"canonical":"https:\/\/colegioarquitectos.com\/noticias\/?p=34270","og_locale":"es_ES","og_type":"article","og_title":"Desde el CEINA, pasando por el GAM, hasta la Iglesia de San francisco de Borja: Conoce las sedes de la XXIII Bienal de Arquitectura y Urbanismo de Chile | Doble Exposici\u00f3n - COLEGIO DE ARQUITECTOS DE CHILE","og_description":"La XXIII Bienal de Arquitectura y Urbanismo de Chile, bajo el concepto \u00abDoble exposici\u00f3n\u00bb, propone una reflexi\u00f3n sobre c\u00f3mo intervenir lo existente en un pa\u00eds marcado por cambios constantes, crisis clim\u00e1tica y escasez de recursos. M\u00e1s que construir desde cero, &hellip; ver m\u00e1s","og_url":"https:\/\/colegioarquitectos.com\/noticias\/?p=34270","og_site_name":"COLEGIO DE ARQUITECTOS DE CHILE","article_publisher":"https:\/\/facebook.com\/Colegioarq\/","article_published_time":"2025-09-13T16:17:57+00:00","article_modified_time":"2025-09-23T20:41:49+00:00","og_image":[{"width":1024,"height":576,"url":"https:\/\/colegioarquitectos.com\/noticias\/wp-content\/uploads\/2025\/09\/Proyecto-nuevo-17-1024x576.png","type":"image\/png"}],"author":"Colegio de Arquitectos de Chile","twitter_card":"summary_large_image","twitter_creator":"@colegioarq","twitter_site":"@colegioarq","twitter_misc":{"Escrito por":"Colegio de Arquitectos de Chile","Tiempo de lectura":"4 minutos"},"schema":{"@context":"https:\/\/schema.org","@graph":[{"@type":"Article","@id":"https:\/\/colegioarquitectos.com\/noticias\/?p=34270#article","isPartOf":{"@id":"https:\/\/colegioarquitectos.com\/noticias\/?p=34270"},"author":{"name":"Colegio de Arquitectos de Chile","@id":"https:\/\/colegioarquitectos.com\/noticias\/#\/schema\/person\/685cc0aad148303c5608f049af8285ad"},"headline":"Desde el CEINA, pasando por el GAM, hasta la Iglesia de San francisco de Borja: Conoce las sedes de la XXIII Bienal de Arquitectura y Urbanismo de Chile | Doble Exposici\u00f3n","datePublished":"2025-09-13T16:17:57+00:00","dateModified":"2025-09-23T20:41:49+00:00","mainEntityOfPage":{"@id":"https:\/\/colegioarquitectos.com\/noticias\/?p=34270"},"wordCount":687,"publisher":{"@id":"https:\/\/colegioarquitectos.com\/noticias\/#organization"},"image":{"@id":"https:\/\/colegioarquitectos.com\/noticias\/?p=34270#primaryimage"},"thumbnailUrl":"https:\/\/colegioarquitectos.com\/noticias\/wp-content\/uploads\/2025\/09\/Proyecto-nuevo-17.png","keywords":["Bienal","Bienal 2025","Bienal de Arquitectura y Urbanismo de Chile","Sedes","XXIII Bienal","XXIII Bienal de Arquitectura y Urbanismo de Chile","XXIII Bienal de Arquitectura y Urbanismo de Chile 2025"],"articleSection":["Bienal"],"inLanguage":"es"},{"@type":"WebPage","@id":"https:\/\/colegioarquitectos.com\/noticias\/?p=34270","url":"https:\/\/colegioarquitectos.com\/noticias\/?p=34270","name":"Desde el CEINA, pasando por el GAM, hasta la Iglesia de San francisco de Borja: Conoce las sedes de la XXIII Bienal de Arquitectura y Urbanismo de Chile | Doble Exposici\u00f3n - COLEGIO DE ARQUITECTOS DE CHILE","isPartOf":{"@id":"https:\/\/colegioarquitectos.com\/noticias\/#website"},"primaryImageOfPage":{"@id":"https:\/\/colegioarquitectos.com\/noticias\/?p=34270#primaryimage"},"image":{"@id":"https:\/\/colegioarquitectos.com\/noticias\/?p=34270#primaryimage"},"thumbnailUrl":"https:\/\/colegioarquitectos.com\/noticias\/wp-content\/uploads\/2025\/09\/Proyecto-nuevo-17.png","datePublished":"2025-09-13T16:17:57+00:00","dateModified":"2025-09-23T20:41:49+00:00","breadcrumb":{"@id":"https:\/\/colegioarquitectos.com\/noticias\/?p=34270#breadcrumb"},"inLanguage":"es","potentialAction":[{"@type":"ReadAction","target":["https:\/\/colegioarquitectos.com\/noticias\/?p=34270"]}]},{"@type":"ImageObject","inLanguage":"es","@id":"https:\/\/colegioarquitectos.com\/noticias\/?p=34270#primaryimage","url":"https:\/\/colegioarquitectos.com\/noticias\/wp-content\/uploads\/2025\/09\/Proyecto-nuevo-17.png","contentUrl":"https:\/\/colegioarquitectos.com\/noticias\/wp-content\/uploads\/2025\/09\/Proyecto-nuevo-17.png","width":2560,"height":1440},{"@type":"BreadcrumbList","@id":"https:\/\/colegioarquitectos.com\/noticias\/?p=34270#breadcrumb","itemListElement":[{"@type":"ListItem","position":1,"name":"Portada","item":"https:\/\/colegioarquitectos.com\/noticias"},{"@type":"ListItem","position":2,"name":"Desde el CEINA, pasando por el GAM, hasta la Iglesia de San francisco de Borja: Conoce las sedes de la XXIII Bienal de Arquitectura y Urbanismo de Chile | Doble Exposici\u00f3n"}]},{"@type":"WebSite","@id":"https:\/\/colegioarquitectos.com\/noticias\/#website","url":"https:\/\/colegioarquitectos.com\/noticias\/","name":"COLEGIO DE ARQUITECTOS DE CHILE","description":"","publisher":{"@id":"https:\/\/colegioarquitectos.com\/noticias\/#organization"},"potentialAction":[{"@type":"SearchAction","target":{"@type":"EntryPoint","urlTemplate":"https:\/\/colegioarquitectos.com\/noticias\/?s={search_term_string}"},"query-input":{"@type":"PropertyValueSpecification","valueRequired":true,"valueName":"search_term_string"}}],"inLanguage":"es"},{"@type":"Organization","@id":"https:\/\/colegioarquitectos.com\/noticias\/#organization","name":"COLEGIO DE ARQUITECTOS DE CHILE","url":"https:\/\/colegioarquitectos.com\/noticias\/","logo":{"@type":"ImageObject","inLanguage":"es","@id":"https:\/\/colegioarquitectos.com\/noticias\/#\/schema\/logo\/image\/","url":"https:\/\/colegioarquitectos.com\/noticias\/wp-content\/uploads\/2021\/05\/ENCABEZADO-LOGO-CA.jpg","contentUrl":"https:\/\/colegioarquitectos.com\/noticias\/wp-content\/uploads\/2021\/05\/ENCABEZADO-LOGO-CA.jpg","width":690,"height":350,"caption":"COLEGIO DE ARQUITECTOS DE CHILE"},"image":{"@id":"https:\/\/colegioarquitectos.com\/noticias\/#\/schema\/logo\/image\/"},"sameAs":["https:\/\/facebook.com\/Colegioarq\/","https:\/\/x.com\/colegioarq","https:\/\/instagram.com\/colegioarq","https:\/\/youtube.com\/@ColegiodeArquitectosdeChile"]},{"@type":"Person","@id":"https:\/\/colegioarquitectos.com\/noticias\/#\/schema\/person\/685cc0aad148303c5608f049af8285ad","name":"Colegio de Arquitectos de Chile","url":"https:\/\/colegioarquitectos.com\/noticias\/?author=4"}]}},"_links":{"self":[{"href":"https:\/\/colegioarquitectos.com\/noticias\/index.php?rest_route=\/wp\/v2\/posts\/34270","targetHints":{"allow":["GET"]}}],"collection":[{"href":"https:\/\/colegioarquitectos.com\/noticias\/index.php?rest_route=\/wp\/v2\/posts"}],"about":[{"href":"https:\/\/colegioarquitectos.com\/noticias\/index.php?rest_route=\/wp\/v2\/types\/post"}],"author":[{"embeddable":true,"href":"https:\/\/colegioarquitectos.com\/noticias\/index.php?rest_route=\/wp\/v2\/users\/4"}],"replies":[{"embeddable":true,"href":"https:\/\/colegioarquitectos.com\/noticias\/index.php?rest_route=%2Fwp%2Fv2%2Fcomments&post=34270"}],"version-history":[{"count":7,"href":"https:\/\/colegioarquitectos.com\/noticias\/index.php?rest_route=\/wp\/v2\/posts\/34270\/revisions"}],"predecessor-version":[{"id":34559,"href":"https:\/\/colegioarquitectos.com\/noticias\/index.php?rest_route=\/wp\/v2\/posts\/34270\/revisions\/34559"}],"wp:featuredmedia":[{"embeddable":true,"href":"https:\/\/colegioarquitectos.com\/noticias\/index.php?rest_route=\/wp\/v2\/media\/34268"}],"wp:attachment":[{"href":"https:\/\/colegioarquitectos.com\/noticias\/index.php?rest_route=%2Fwp%2Fv2%2Fmedia&parent=34270"}],"wp:term":[{"taxonomy":"category","embeddable":true,"href":"https:\/\/colegioarquitectos.com\/noticias\/index.php?rest_route=%2Fwp%2Fv2%2Fcategories&post=34270"},{"taxonomy":"post_tag","embeddable":true,"href":"https:\/\/colegioarquitectos.com\/noticias\/index.php?rest_route=%2Fwp%2Fv2%2Ftags&post=34270"}],"curies":[{"name":"wp","href":"https:\/\/api.w.org\/{rel}","templated":true}]}}