
{"id":34493,"date":"2025-09-04T17:38:50","date_gmt":"2025-09-04T21:38:50","guid":{"rendered":"https:\/\/colegioarquitectos.com\/noticias\/?p=34493"},"modified":"2025-09-04T17:39:36","modified_gmt":"2025-09-04T21:39:36","slug":"chile-se-posiciona-como-referente-y-principal-polo-de-desarrollo-de-la-construccion-industrializada-en-el-cono-sur-eici-2025","status":"publish","type":"post","link":"https:\/\/colegioarquitectos.com\/noticias\/?p=34493","title":{"rendered":"Chile se posiciona como Referente y principal Polo de Desarrollo de la Construcci\u00f3n Industrializada en el cono sur \u2013 EICI 2025"},"content":{"rendered":"<p>&nbsp;<\/p>\n<p style=\"text-align: right;\">Por <em><strong>Diego Mellado<\/strong><\/em><\/p>\n<p style=\"text-align: right;\"><strong>Vicepresidente del Comit\u00e9 de Tecnolog\u00eda del Colegio de Arquitectos de Chile<\/strong><\/p>\n<p>&nbsp;<\/p>\n<p>&nbsp;<\/p>\n<p>El Consejo de Construcci\u00f3n Industrializada (CCI), junto al Construye2025 y con la C\u00e1mara Chilena de la Construcci\u00f3n (CCh), en un destacado trabajo en conjunto han organizando el <strong>II Encuentro Internacional de Construcci\u00f3n Industrializada<\/strong>, EICI 2025 que tendr\u00e1 lugar entre el 8 y 10 de septiembre del presente a\u00f1o. Este hito responde al actual plan estrat\u00e9gico del CCI que busca fortalecer su rol como articulador del ecosistema de construcci\u00f3n industrializada en Chile y el Cono Sur y que anteriormente ha promovido e impulsado la creaci\u00f3n de documentos referenciales para el rubro como fue la \u00abGu\u00eda de Integraci\u00f3n Temprana para Construcci\u00f3n Industrializada\u00bb con una importante participaci\u00f3n del Colegio de Arquitectos de Chile y cuyo lanzamiento se realiz\u00f3 en nuestra sede nacional de Santiago en 2024.\u00a0 Este congreso da continuidad al \u00abEncuentro Nacional de Construcci\u00f3n Industrializada\u00bb realizado en 2023 con referentes profesionales y proyectos emblem\u00e1ticos industrializados a nivel nacional.<\/p>\n<p>En esta oportunidad el EICI 2025 se realizar\u00e1 en tres jornadas consecutivas, iniciando el lunes 8 y martes 9 de septiembre en Santiago, y culminando el mi\u00e9rcoles 10 con un despliegue simult\u00e1neo en 12 ciudades de diversas regiones del pa\u00eds, apuntando fuertemente a la descentralizaci\u00f3n de la producci\u00f3n industrializada y al desarrollo de plantas industrializadoras a lo largo de nuestro pa\u00eds. \u00a0El evento presentar\u00e1 una gran variedad de formatos mezclando \u00a0actividades presenciales, charlas magistrales, paneles, talleres, exposiciones tecnol\u00f3gicas, rutas t\u00e9cnicas en terreno y networking multisectorial, con el objetivo de visibilizar y acelerar la transformaci\u00f3n del rubro en Chile y Latinoam\u00e9rica, a trav\u00e9s de la adopci\u00f3n de soluciones industrializadas y colaborativas que mejoren la productividad y sostenibilidad ambiental de los procesos constructivos.<\/p>\n<p>En este importante encuentro y referente a nivel latinoamericano se discutir\u00e1n tem\u00e1ticas relevantes como el \u00abPlan de Emergencia Habitacional\u00bb y el rol de las industrializadoras en el mismo; siendo un plan prototipo que muestra el gran potencial de aporte de la tecnolog\u00eda en construcci\u00f3n y de la construcci\u00f3n off-site a la soluci\u00f3n de problem\u00e1ticas de car\u00e1cter social y de pol\u00edticas p\u00fablicas. Tambi\u00e9n se realizar\u00e1n presentaciones y talleres referentes a inteligencia artificial, BIM, infraestructura, productividad, integraci\u00f3n temprana, e innovaci\u00f3n tecnol\u00f3gica.<\/p>\n<p>&nbsp;<\/p>\n<h4><strong>Descentralizaci\u00f3n de la producci\u00f3n de Prefabricados y Soluciones Modulares<\/strong><\/h4>\n<hr \/>\n<p>El evento considera visitas al Parque CTeC ubicado en Laguna Car\u00e9n, Regi\u00f3n Metropolitana, donde se exhibir\u00e1n prototipos y soluciones innovadoras prefabricadas y modulares.<\/p>\n<p>El mi\u00e9rcoles 10 de septiembre ser\u00e1 un d\u00eda clave en la descentralizaci\u00f3n del conocimiento t\u00e9cnico y sus soluciones constructivas con actividades presenciales en c\u00e1maras regionales, sedes universitarias, obras, constructoras e industrializadoras en Arica, Iquique, Antofagasta, La Serena, Valpara\u00edso, Talca, Concepci\u00f3n, Temuco, Valdivia, Puerto Montt, Puerto Varas y Santiago.<\/p>\n<p>Habr\u00e1 rutas regionales intensivas con tres bloques: charlas en sedes locales gremiales, presentaciones acad\u00e9micas y visitas a terreno de proyectos.<\/p>\n<p>El EICI 2025 es \u00a0patrocinado por el Colegio de Arquitectos de Chile.<\/p>\n<p>&nbsp;<\/p>\n<p><\/p>","protected":false},"excerpt":{"rendered":"<p>&nbsp; Por Diego Mellado Vicepresidente del Comit\u00e9 de Tecnolog\u00eda del Colegio de Arquitectos de Chile &nbsp; &nbsp; El Consejo de Construcci\u00f3n Industrializada (CCI), junto al Construye2025 y con la C\u00e1mara Chilena de la Construcci\u00f3n (CCh), en un destacado trabajo en &hellip; <a class=\"more-link\" href=\"https:\/\/colegioarquitectos.com\/noticias\/?p=34493\">ver m\u00e1s<\/a><\/p>","protected":false},"author":4,"featured_media":34494,"comment_status":"closed","ping_status":"closed","sticky":false,"template":"","format":"standard","meta":{"footnotes":""},"categories":[19],"tags":[208,1403,1420,1422,1421],"class_list":["post-34493","post","type-post","status-publish","format-standard","has-post-thumbnail","hentry","category-actividades","tag-comite-de-tecnologia","tag-diego-mellado","tag-eici","tag-encuentro-internacional-de-construccion-industrializada","tag-ii-encuentro-internacional-de-construccion-industrializada"],"yoast_head":"<!-- This site is optimized with the Yoast SEO plugin v24.2 - https:\/\/yoast.com\/wordpress\/plugins\/seo\/ -->\n<title>Chile se posiciona como Referente y principal Polo de Desarrollo de la Construcci\u00f3n Industrializada en el cono sur \u2013 EICI 2025 - COLEGIO DE ARQUITECTOS DE CHILE<\/title>\n<meta name=\"robots\" content=\"index, follow, max-snippet:-1, max-image-preview:large, max-video-preview:-1\" \/>\n<link rel=\"canonical\" href=\"https:\/\/colegioarquitectos.com\/noticias\/?p=34493\" \/>\n<meta property=\"og:locale\" content=\"es_ES\" \/>\n<meta property=\"og:type\" content=\"article\" \/>\n<meta property=\"og:title\" content=\"Chile se posiciona como Referente y principal Polo de Desarrollo de la Construcci\u00f3n Industrializada en el cono sur \u2013 EICI 2025 - COLEGIO DE ARQUITECTOS DE CHILE\" \/>\n<meta property=\"og:description\" content=\"&nbsp; Por Diego Mellado Vicepresidente del Comit\u00e9 de Tecnolog\u00eda del Colegio de Arquitectos de Chile &nbsp; &nbsp; El Consejo de Construcci\u00f3n Industrializada (CCI), junto al Construye2025 y con la C\u00e1mara Chilena de la Construcci\u00f3n (CCh), en un destacado trabajo en &hellip; ver m\u00e1s\" \/>\n<meta property=\"og:url\" content=\"https:\/\/colegioarquitectos.com\/noticias\/?p=34493\" \/>\n<meta property=\"og:site_name\" content=\"COLEGIO DE ARQUITECTOS DE CHILE\" \/>\n<meta property=\"article:publisher\" content=\"https:\/\/facebook.com\/Colegioarq\/\" \/>\n<meta property=\"article:published_time\" content=\"2025-09-04T21:38:50+00:00\" \/>\n<meta property=\"article:modified_time\" content=\"2025-09-04T21:39:36+00:00\" \/>\n<meta property=\"og:image\" content=\"https:\/\/colegioarquitectos.com\/noticias\/wp-content\/uploads\/2025\/09\/ENCAB-FINAL-MELLADO.png\" \/>\n\t<meta property=\"og:image:width\" content=\"1280\" \/>\n\t<meta property=\"og:image:height\" content=\"720\" \/>\n\t<meta property=\"og:image:type\" content=\"image\/png\" \/>\n<meta name=\"author\" content=\"Colegio de Arquitectos de Chile\" \/>\n<meta name=\"twitter:card\" content=\"summary_large_image\" \/>\n<meta name=\"twitter:creator\" content=\"@colegioarq\" \/>\n<meta name=\"twitter:site\" content=\"@colegioarq\" \/>\n<meta name=\"twitter:label1\" content=\"Escrito por\" \/>\n\t<meta name=\"twitter:data1\" content=\"Colegio de Arquitectos de Chile\" \/>\n\t<meta name=\"twitter:label2\" content=\"Tiempo de lectura\" \/>\n\t<meta name=\"twitter:data2\" content=\"3 minutos\" \/>\n<script type=\"application\/ld+json\" class=\"yoast-schema-graph\">{\"@context\":\"https:\/\/schema.org\",\"@graph\":[{\"@type\":\"Article\",\"@id\":\"https:\/\/colegioarquitectos.com\/noticias\/?p=34493#article\",\"isPartOf\":{\"@id\":\"https:\/\/colegioarquitectos.com\/noticias\/?p=34493\"},\"author\":{\"name\":\"Colegio de Arquitectos de Chile\",\"@id\":\"https:\/\/colegioarquitectos.com\/noticias\/#\/schema\/person\/685cc0aad148303c5608f049af8285ad\"},\"headline\":\"Chile se posiciona como Referente y principal Polo de Desarrollo de la Construcci\u00f3n Industrializada en el cono sur \u2013 EICI 2025\",\"datePublished\":\"2025-09-04T21:38:50+00:00\",\"dateModified\":\"2025-09-04T21:39:36+00:00\",\"mainEntityOfPage\":{\"@id\":\"https:\/\/colegioarquitectos.com\/noticias\/?p=34493\"},\"wordCount\":540,\"publisher\":{\"@id\":\"https:\/\/colegioarquitectos.com\/noticias\/#organization\"},\"image\":{\"@id\":\"https:\/\/colegioarquitectos.com\/noticias\/?p=34493#primaryimage\"},\"thumbnailUrl\":\"https:\/\/colegioarquitectos.com\/noticias\/wp-content\/uploads\/2025\/09\/ENCAB-FINAL-MELLADO.png\",\"keywords\":[\"Comit\u00e9 de Tecnolog\u00eda\",\"Diego Mellado\",\"EICI\",\"Encuentro Internacional de Construcci\u00f3n Industrializada\",\"II Encuentro Internacional de Construcci\u00f3n Industrializada\"],\"articleSection\":[\"Actividades\"],\"inLanguage\":\"es\"},{\"@type\":\"WebPage\",\"@id\":\"https:\/\/colegioarquitectos.com\/noticias\/?p=34493\",\"url\":\"https:\/\/colegioarquitectos.com\/noticias\/?p=34493\",\"name\":\"Chile se posiciona como Referente y principal Polo de Desarrollo de la Construcci\u00f3n Industrializada en el cono sur \u2013 EICI 2025 - COLEGIO DE ARQUITECTOS DE CHILE\",\"isPartOf\":{\"@id\":\"https:\/\/colegioarquitectos.com\/noticias\/#website\"},\"primaryImageOfPage\":{\"@id\":\"https:\/\/colegioarquitectos.com\/noticias\/?p=34493#primaryimage\"},\"image\":{\"@id\":\"https:\/\/colegioarquitectos.com\/noticias\/?p=34493#primaryimage\"},\"thumbnailUrl\":\"https:\/\/colegioarquitectos.com\/noticias\/wp-content\/uploads\/2025\/09\/ENCAB-FINAL-MELLADO.png\",\"datePublished\":\"2025-09-04T21:38:50+00:00\",\"dateModified\":\"2025-09-04T21:39:36+00:00\",\"breadcrumb\":{\"@id\":\"https:\/\/colegioarquitectos.com\/noticias\/?p=34493#breadcrumb\"},\"inLanguage\":\"es\",\"potentialAction\":[{\"@type\":\"ReadAction\",\"target\":[\"https:\/\/colegioarquitectos.com\/noticias\/?p=34493\"]}]},{\"@type\":\"ImageObject\",\"inLanguage\":\"es\",\"@id\":\"https:\/\/colegioarquitectos.com\/noticias\/?p=34493#primaryimage\",\"url\":\"https:\/\/colegioarquitectos.com\/noticias\/wp-content\/uploads\/2025\/09\/ENCAB-FINAL-MELLADO.png\",\"contentUrl\":\"https:\/\/colegioarquitectos.com\/noticias\/wp-content\/uploads\/2025\/09\/ENCAB-FINAL-MELLADO.png\",\"width\":1280,\"height\":720},{\"@type\":\"BreadcrumbList\",\"@id\":\"https:\/\/colegioarquitectos.com\/noticias\/?p=34493#breadcrumb\",\"itemListElement\":[{\"@type\":\"ListItem\",\"position\":1,\"name\":\"Portada\",\"item\":\"https:\/\/colegioarquitectos.com\/noticias\"},{\"@type\":\"ListItem\",\"position\":2,\"name\":\"Chile se posiciona como Referente y principal Polo de Desarrollo de la Construcci\u00f3n Industrializada en el cono sur \u2013 EICI 2025\"}]},{\"@type\":\"WebSite\",\"@id\":\"https:\/\/colegioarquitectos.com\/noticias\/#website\",\"url\":\"https:\/\/colegioarquitectos.com\/noticias\/\",\"name\":\"COLEGIO DE ARQUITECTOS DE CHILE\",\"description\":\"\",\"publisher\":{\"@id\":\"https:\/\/colegioarquitectos.com\/noticias\/#organization\"},\"potentialAction\":[{\"@type\":\"SearchAction\",\"target\":{\"@type\":\"EntryPoint\",\"urlTemplate\":\"https:\/\/colegioarquitectos.com\/noticias\/?s={search_term_string}\"},\"query-input\":{\"@type\":\"PropertyValueSpecification\",\"valueRequired\":true,\"valueName\":\"search_term_string\"}}],\"inLanguage\":\"es\"},{\"@type\":\"Organization\",\"@id\":\"https:\/\/colegioarquitectos.com\/noticias\/#organization\",\"name\":\"COLEGIO DE ARQUITECTOS DE CHILE\",\"url\":\"https:\/\/colegioarquitectos.com\/noticias\/\",\"logo\":{\"@type\":\"ImageObject\",\"inLanguage\":\"es\",\"@id\":\"https:\/\/colegioarquitectos.com\/noticias\/#\/schema\/logo\/image\/\",\"url\":\"https:\/\/colegioarquitectos.com\/noticias\/wp-content\/uploads\/2021\/05\/ENCABEZADO-LOGO-CA.jpg\",\"contentUrl\":\"https:\/\/colegioarquitectos.com\/noticias\/wp-content\/uploads\/2021\/05\/ENCABEZADO-LOGO-CA.jpg\",\"width\":690,\"height\":350,\"caption\":\"COLEGIO DE ARQUITECTOS DE CHILE\"},\"image\":{\"@id\":\"https:\/\/colegioarquitectos.com\/noticias\/#\/schema\/logo\/image\/\"},\"sameAs\":[\"https:\/\/facebook.com\/Colegioarq\/\",\"https:\/\/x.com\/colegioarq\",\"https:\/\/instagram.com\/colegioarq\",\"https:\/\/youtube.com\/@ColegiodeArquitectosdeChile\"]},{\"@type\":\"Person\",\"@id\":\"https:\/\/colegioarquitectos.com\/noticias\/#\/schema\/person\/685cc0aad148303c5608f049af8285ad\",\"name\":\"Colegio de Arquitectos de Chile\",\"url\":\"https:\/\/colegioarquitectos.com\/noticias\/?author=4\"}]}<\/script>\n<!-- \/ Yoast SEO plugin. -->","yoast_head_json":{"title":"Chile se posiciona como Referente y principal Polo de Desarrollo de la Construcci\u00f3n Industrializada en el cono sur \u2013 EICI 2025 - COLEGIO DE ARQUITECTOS DE CHILE","robots":{"index":"index","follow":"follow","max-snippet":"max-snippet:-1","max-image-preview":"max-image-preview:large","max-video-preview":"max-video-preview:-1"},"canonical":"https:\/\/colegioarquitectos.com\/noticias\/?p=34493","og_locale":"es_ES","og_type":"article","og_title":"Chile se posiciona como Referente y principal Polo de Desarrollo de la Construcci\u00f3n Industrializada en el cono sur \u2013 EICI 2025 - COLEGIO DE ARQUITECTOS DE CHILE","og_description":"&nbsp; Por Diego Mellado Vicepresidente del Comit\u00e9 de Tecnolog\u00eda del Colegio de Arquitectos de Chile &nbsp; &nbsp; El Consejo de Construcci\u00f3n Industrializada (CCI), junto al Construye2025 y con la C\u00e1mara Chilena de la Construcci\u00f3n (CCh), en un destacado trabajo en &hellip; ver m\u00e1s","og_url":"https:\/\/colegioarquitectos.com\/noticias\/?p=34493","og_site_name":"COLEGIO DE ARQUITECTOS DE CHILE","article_publisher":"https:\/\/facebook.com\/Colegioarq\/","article_published_time":"2025-09-04T21:38:50+00:00","article_modified_time":"2025-09-04T21:39:36+00:00","og_image":[{"width":1280,"height":720,"url":"https:\/\/colegioarquitectos.com\/noticias\/wp-content\/uploads\/2025\/09\/ENCAB-FINAL-MELLADO.png","type":"image\/png"}],"author":"Colegio de Arquitectos de Chile","twitter_card":"summary_large_image","twitter_creator":"@colegioarq","twitter_site":"@colegioarq","twitter_misc":{"Escrito por":"Colegio de Arquitectos de Chile","Tiempo de lectura":"3 minutos"},"schema":{"@context":"https:\/\/schema.org","@graph":[{"@type":"Article","@id":"https:\/\/colegioarquitectos.com\/noticias\/?p=34493#article","isPartOf":{"@id":"https:\/\/colegioarquitectos.com\/noticias\/?p=34493"},"author":{"name":"Colegio de Arquitectos de Chile","@id":"https:\/\/colegioarquitectos.com\/noticias\/#\/schema\/person\/685cc0aad148303c5608f049af8285ad"},"headline":"Chile se posiciona como Referente y principal Polo de Desarrollo de la Construcci\u00f3n Industrializada en el cono sur \u2013 EICI 2025","datePublished":"2025-09-04T21:38:50+00:00","dateModified":"2025-09-04T21:39:36+00:00","mainEntityOfPage":{"@id":"https:\/\/colegioarquitectos.com\/noticias\/?p=34493"},"wordCount":540,"publisher":{"@id":"https:\/\/colegioarquitectos.com\/noticias\/#organization"},"image":{"@id":"https:\/\/colegioarquitectos.com\/noticias\/?p=34493#primaryimage"},"thumbnailUrl":"https:\/\/colegioarquitectos.com\/noticias\/wp-content\/uploads\/2025\/09\/ENCAB-FINAL-MELLADO.png","keywords":["Comit\u00e9 de Tecnolog\u00eda","Diego Mellado","EICI","Encuentro Internacional de Construcci\u00f3n Industrializada","II Encuentro Internacional de Construcci\u00f3n Industrializada"],"articleSection":["Actividades"],"inLanguage":"es"},{"@type":"WebPage","@id":"https:\/\/colegioarquitectos.com\/noticias\/?p=34493","url":"https:\/\/colegioarquitectos.com\/noticias\/?p=34493","name":"Chile se posiciona como Referente y principal Polo de Desarrollo de la Construcci\u00f3n Industrializada en el cono sur \u2013 EICI 2025 - COLEGIO DE ARQUITECTOS DE CHILE","isPartOf":{"@id":"https:\/\/colegioarquitectos.com\/noticias\/#website"},"primaryImageOfPage":{"@id":"https:\/\/colegioarquitectos.com\/noticias\/?p=34493#primaryimage"},"image":{"@id":"https:\/\/colegioarquitectos.com\/noticias\/?p=34493#primaryimage"},"thumbnailUrl":"https:\/\/colegioarquitectos.com\/noticias\/wp-content\/uploads\/2025\/09\/ENCAB-FINAL-MELLADO.png","datePublished":"2025-09-04T21:38:50+00:00","dateModified":"2025-09-04T21:39:36+00:00","breadcrumb":{"@id":"https:\/\/colegioarquitectos.com\/noticias\/?p=34493#breadcrumb"},"inLanguage":"es","potentialAction":[{"@type":"ReadAction","target":["https:\/\/colegioarquitectos.com\/noticias\/?p=34493"]}]},{"@type":"ImageObject","inLanguage":"es","@id":"https:\/\/colegioarquitectos.com\/noticias\/?p=34493#primaryimage","url":"https:\/\/colegioarquitectos.com\/noticias\/wp-content\/uploads\/2025\/09\/ENCAB-FINAL-MELLADO.png","contentUrl":"https:\/\/colegioarquitectos.com\/noticias\/wp-content\/uploads\/2025\/09\/ENCAB-FINAL-MELLADO.png","width":1280,"height":720},{"@type":"BreadcrumbList","@id":"https:\/\/colegioarquitectos.com\/noticias\/?p=34493#breadcrumb","itemListElement":[{"@type":"ListItem","position":1,"name":"Portada","item":"https:\/\/colegioarquitectos.com\/noticias"},{"@type":"ListItem","position":2,"name":"Chile se posiciona como Referente y principal Polo de Desarrollo de la Construcci\u00f3n Industrializada en el cono sur \u2013 EICI 2025"}]},{"@type":"WebSite","@id":"https:\/\/colegioarquitectos.com\/noticias\/#website","url":"https:\/\/colegioarquitectos.com\/noticias\/","name":"COLEGIO DE ARQUITECTOS DE CHILE","description":"","publisher":{"@id":"https:\/\/colegioarquitectos.com\/noticias\/#organization"},"potentialAction":[{"@type":"SearchAction","target":{"@type":"EntryPoint","urlTemplate":"https:\/\/colegioarquitectos.com\/noticias\/?s={search_term_string}"},"query-input":{"@type":"PropertyValueSpecification","valueRequired":true,"valueName":"search_term_string"}}],"inLanguage":"es"},{"@type":"Organization","@id":"https:\/\/colegioarquitectos.com\/noticias\/#organization","name":"COLEGIO DE ARQUITECTOS DE CHILE","url":"https:\/\/colegioarquitectos.com\/noticias\/","logo":{"@type":"ImageObject","inLanguage":"es","@id":"https:\/\/colegioarquitectos.com\/noticias\/#\/schema\/logo\/image\/","url":"https:\/\/colegioarquitectos.com\/noticias\/wp-content\/uploads\/2021\/05\/ENCABEZADO-LOGO-CA.jpg","contentUrl":"https:\/\/colegioarquitectos.com\/noticias\/wp-content\/uploads\/2021\/05\/ENCABEZADO-LOGO-CA.jpg","width":690,"height":350,"caption":"COLEGIO DE ARQUITECTOS DE CHILE"},"image":{"@id":"https:\/\/colegioarquitectos.com\/noticias\/#\/schema\/logo\/image\/"},"sameAs":["https:\/\/facebook.com\/Colegioarq\/","https:\/\/x.com\/colegioarq","https:\/\/instagram.com\/colegioarq","https:\/\/youtube.com\/@ColegiodeArquitectosdeChile"]},{"@type":"Person","@id":"https:\/\/colegioarquitectos.com\/noticias\/#\/schema\/person\/685cc0aad148303c5608f049af8285ad","name":"Colegio de Arquitectos de Chile","url":"https:\/\/colegioarquitectos.com\/noticias\/?author=4"}]}},"_links":{"self":[{"href":"https:\/\/colegioarquitectos.com\/noticias\/index.php?rest_route=\/wp\/v2\/posts\/34493","targetHints":{"allow":["GET"]}}],"collection":[{"href":"https:\/\/colegioarquitectos.com\/noticias\/index.php?rest_route=\/wp\/v2\/posts"}],"about":[{"href":"https:\/\/colegioarquitectos.com\/noticias\/index.php?rest_route=\/wp\/v2\/types\/post"}],"author":[{"embeddable":true,"href":"https:\/\/colegioarquitectos.com\/noticias\/index.php?rest_route=\/wp\/v2\/users\/4"}],"replies":[{"embeddable":true,"href":"https:\/\/colegioarquitectos.com\/noticias\/index.php?rest_route=%2Fwp%2Fv2%2Fcomments&post=34493"}],"version-history":[{"count":1,"href":"https:\/\/colegioarquitectos.com\/noticias\/index.php?rest_route=\/wp\/v2\/posts\/34493\/revisions"}],"predecessor-version":[{"id":34495,"href":"https:\/\/colegioarquitectos.com\/noticias\/index.php?rest_route=\/wp\/v2\/posts\/34493\/revisions\/34495"}],"wp:featuredmedia":[{"embeddable":true,"href":"https:\/\/colegioarquitectos.com\/noticias\/index.php?rest_route=\/wp\/v2\/media\/34494"}],"wp:attachment":[{"href":"https:\/\/colegioarquitectos.com\/noticias\/index.php?rest_route=%2Fwp%2Fv2%2Fmedia&parent=34493"}],"wp:term":[{"taxonomy":"category","embeddable":true,"href":"https:\/\/colegioarquitectos.com\/noticias\/index.php?rest_route=%2Fwp%2Fv2%2Fcategories&post=34493"},{"taxonomy":"post_tag","embeddable":true,"href":"https:\/\/colegioarquitectos.com\/noticias\/index.php?rest_route=%2Fwp%2Fv2%2Ftags&post=34493"}],"curies":[{"name":"wp","href":"https:\/\/api.w.org\/{rel}","templated":true}]}}