
{"id":34496,"date":"2025-09-05T11:31:43","date_gmt":"2025-09-05T15:31:43","guid":{"rendered":"https:\/\/colegioarquitectos.com\/noticias\/?p=34496"},"modified":"2025-09-05T11:31:43","modified_gmt":"2025-09-05T15:31:43","slug":"felicitaciones-a-jose-bengoa-premio-nacional-de-humanidades-y-ciencias-sociales-2025","status":"publish","type":"post","link":"https:\/\/colegioarquitectos.com\/noticias\/?p=34496","title":{"rendered":"Felicitaciones a Jos\u00e9 Bengoa, Premio Nacional de Humanidades y Ciencias Sociales 2025"},"content":{"rendered":"<p>Como<strong> Colegio de Arquitectos de Chile<\/strong> felicitamos a <strong>Jos\u00e9 Bengoa<\/strong> por haber sido reconocido como <strong>Premio Nacional de Humanidades y Ciencias Sociales 2025<\/strong>, m\u00e1ximo galard\u00f3n que entrega el Estado de Chile a quienes han hecho aportes sobresalientes en las ciencias humanas y sociales. <strong>Recibimos con alegr\u00eda el galard\u00f3n a uno de los m\u00e1s reconocidos especialistas latinoamericanos en materias ind\u00edgenas y minor\u00edas, historia y cultura.<\/strong><\/p>\n<p><strong>Jos\u00e9 Bengoa<\/strong> ha sido un activo participante en el debate intelectual y p\u00fablico. Sus escritos circulan ampliamente, son textos obligados en la educaci\u00f3n y han sido un factor determinante en la creaci\u00f3n de instituciones y espacios para el desarrollo de las humanidades y las ciencias sociales. Por su actuaci\u00f3n como profesor, como l\u00edder universitario, como intelectual p\u00fablico y como defensor de causas ligadas a la libertad y a la reparaci\u00f3n de injusticias hist\u00f3ricas. Sus normas y mediaciones como referentes en derechos ind\u00edgenas y campesinos; su legado local al encabezar y participar en comisiones que sentaron bases para pol\u00edticas p\u00fablicas chilenas; y su v\u00ednculo entre academia y acci\u00f3n: une investigaci\u00f3n rigurosa con trabajo en terreno. Particip\u00f3 en procesos de paz, especialmente en contextos ind\u00edgenas y territorios con conflictos \u00e9tnico-pol\u00edticos. Sus misiones abarcaron \u00c1frica, Europa, Am\u00e9rica Latina y el \u00c1rtico, destacando su rol en mediaci\u00f3n y asesor\u00eda en derechos territoriales.<\/p>\n<p>Naci\u00f3 en Valpara\u00edso el 19 de enero de 1945. Es licenciado en Filosof\u00eda, con postgrados en Antropolog\u00eda y Ciencias Sociales. Fund\u00f3 la Escuela de Antropolog\u00eda de la Universidad Academia de Humanismo Cristiano, donde ejerce como acad\u00e9mico de pregrado y en el Doctorado en Estudios Latinoamericanos, y es profesor de la Escuela Superior Campesina de Curaco de V\u00e9lez, en Chilo\u00e9. Sus investigaciones est\u00e1n reunidas en 15 libros y cientos de art\u00edculos en revistas especializadas.<\/p>\n<p><strong>Desde el Colegio de Arquitectos de Chile reiteramos nuestras m\u00e1s sinceras felicitaciones.<\/strong><\/p>\n<p>&nbsp;<\/p>\n<p><\/p>","protected":false},"excerpt":{"rendered":"<p>Como Colegio de Arquitectos de Chile felicitamos a Jos\u00e9 Bengoa por haber sido reconocido como Premio Nacional de Humanidades y Ciencias Sociales 2025, m\u00e1ximo galard\u00f3n que entrega el Estado de Chile a quienes han hecho aportes sobresalientes en las ciencias &hellip; <a class=\"more-link\" href=\"https:\/\/colegioarquitectos.com\/noticias\/?p=34496\">ver m\u00e1s<\/a><\/p>","protected":false},"author":4,"featured_media":34497,"comment_status":"closed","ping_status":"closed","sticky":false,"template":"","format":"standard","meta":{"footnotes":""},"categories":[8],"tags":[1423,1425,1424],"class_list":["post-34496","post","type-post","status-publish","format-standard","has-post-thumbnail","hentry","category-colegio-de-arquitectos","tag-jose-bengoa","tag-premio-nacional-de-humanidades-y-ciencias-sociales","tag-premio-nacional-de-humanidades-y-ciencias-sociales-2025"],"yoast_head":"<!-- This site is optimized with the Yoast SEO plugin v24.2 - https:\/\/yoast.com\/wordpress\/plugins\/seo\/ -->\n<title>Felicitaciones a Jos\u00e9 Bengoa, Premio Nacional de Humanidades y Ciencias Sociales 2025 - COLEGIO DE ARQUITECTOS DE CHILE<\/title>\n<meta name=\"description\" content=\"Como Colegio de Arquitectos de Chile felicitamos a Jos\u00e9 Bengoa por haber sido reconocido como Premio Nacional de Humanidades y Ciencias Sociales 2025, m\u00e1ximo galard\u00f3n que entrega el Estado de Chile a quienes han hecho aportes sobresalientes en las ciencias humanas y sociales. Recibimos con alegr\u00eda el galard\u00f3n a uno de los m\u00e1s reconocidos especialistas latinoamericanos en materias ind\u00edgenas y minor\u00edas, historia y cultura.\" \/>\n<meta name=\"robots\" content=\"index, follow, max-snippet:-1, max-image-preview:large, max-video-preview:-1\" \/>\n<link rel=\"canonical\" href=\"https:\/\/colegioarquitectos.com\/noticias\/?p=34496\" \/>\n<meta property=\"og:locale\" content=\"es_ES\" \/>\n<meta property=\"og:type\" content=\"article\" \/>\n<meta property=\"og:title\" content=\"Felicitaciones a Jos\u00e9 Bengoa, Premio Nacional de Humanidades y Ciencias Sociales 2025 - COLEGIO DE ARQUITECTOS DE CHILE\" \/>\n<meta property=\"og:description\" content=\"Como Colegio de Arquitectos de Chile felicitamos a Jos\u00e9 Bengoa por haber sido reconocido como Premio Nacional de Humanidades y Ciencias Sociales 2025, m\u00e1ximo galard\u00f3n que entrega el Estado de Chile a quienes han hecho aportes sobresalientes en las ciencias humanas y sociales. Recibimos con alegr\u00eda el galard\u00f3n a uno de los m\u00e1s reconocidos especialistas latinoamericanos en materias ind\u00edgenas y minor\u00edas, historia y cultura.\" \/>\n<meta property=\"og:url\" content=\"https:\/\/colegioarquitectos.com\/noticias\/?p=34496\" \/>\n<meta property=\"og:site_name\" content=\"COLEGIO DE ARQUITECTOS DE CHILE\" \/>\n<meta property=\"article:publisher\" content=\"https:\/\/facebook.com\/Colegioarq\/\" \/>\n<meta property=\"article:published_time\" content=\"2025-09-05T15:31:43+00:00\" \/>\n<meta property=\"og:image\" content=\"https:\/\/colegioarquitectos.com\/noticias\/wp-content\/uploads\/2025\/09\/ENCAB-FINAL.png\" \/>\n\t<meta property=\"og:image:width\" content=\"1280\" \/>\n\t<meta property=\"og:image:height\" content=\"720\" \/>\n\t<meta property=\"og:image:type\" content=\"image\/png\" \/>\n<meta name=\"author\" content=\"Colegio de Arquitectos de Chile\" \/>\n<meta name=\"twitter:card\" content=\"summary_large_image\" \/>\n<meta name=\"twitter:creator\" content=\"@colegioarq\" \/>\n<meta name=\"twitter:site\" content=\"@colegioarq\" \/>\n<meta name=\"twitter:label1\" content=\"Escrito por\" \/>\n\t<meta name=\"twitter:data1\" content=\"Colegio de Arquitectos de Chile\" \/>\n\t<meta name=\"twitter:label2\" content=\"Tiempo de lectura\" \/>\n\t<meta name=\"twitter:data2\" content=\"2 minutos\" \/>\n<script type=\"application\/ld+json\" class=\"yoast-schema-graph\">{\"@context\":\"https:\/\/schema.org\",\"@graph\":[{\"@type\":\"Article\",\"@id\":\"https:\/\/colegioarquitectos.com\/noticias\/?p=34496#article\",\"isPartOf\":{\"@id\":\"https:\/\/colegioarquitectos.com\/noticias\/?p=34496\"},\"author\":{\"name\":\"Colegio de Arquitectos de Chile\",\"@id\":\"https:\/\/colegioarquitectos.com\/noticias\/#\/schema\/person\/685cc0aad148303c5608f049af8285ad\"},\"headline\":\"Felicitaciones a Jos\u00e9 Bengoa, Premio Nacional de Humanidades y Ciencias Sociales 2025\",\"datePublished\":\"2025-09-05T15:31:43+00:00\",\"dateModified\":\"2025-09-05T15:31:43+00:00\",\"mainEntityOfPage\":{\"@id\":\"https:\/\/colegioarquitectos.com\/noticias\/?p=34496\"},\"wordCount\":340,\"publisher\":{\"@id\":\"https:\/\/colegioarquitectos.com\/noticias\/#organization\"},\"image\":{\"@id\":\"https:\/\/colegioarquitectos.com\/noticias\/?p=34496#primaryimage\"},\"thumbnailUrl\":\"https:\/\/colegioarquitectos.com\/noticias\/wp-content\/uploads\/2025\/09\/ENCAB-FINAL.png\",\"keywords\":[\"Jos\u00e9 Bengoa\",\"Premio Nacional de Humanidades y Ciencias Sociales\",\"Premio Nacional de Humanidades y Ciencias Sociales 2025\"],\"articleSection\":[\"Colegio\"],\"inLanguage\":\"es\"},{\"@type\":\"WebPage\",\"@id\":\"https:\/\/colegioarquitectos.com\/noticias\/?p=34496\",\"url\":\"https:\/\/colegioarquitectos.com\/noticias\/?p=34496\",\"name\":\"Felicitaciones a Jos\u00e9 Bengoa, Premio Nacional de Humanidades y Ciencias Sociales 2025 - COLEGIO DE ARQUITECTOS DE CHILE\",\"isPartOf\":{\"@id\":\"https:\/\/colegioarquitectos.com\/noticias\/#website\"},\"primaryImageOfPage\":{\"@id\":\"https:\/\/colegioarquitectos.com\/noticias\/?p=34496#primaryimage\"},\"image\":{\"@id\":\"https:\/\/colegioarquitectos.com\/noticias\/?p=34496#primaryimage\"},\"thumbnailUrl\":\"https:\/\/colegioarquitectos.com\/noticias\/wp-content\/uploads\/2025\/09\/ENCAB-FINAL.png\",\"datePublished\":\"2025-09-05T15:31:43+00:00\",\"dateModified\":\"2025-09-05T15:31:43+00:00\",\"description\":\"Como Colegio de Arquitectos de Chile felicitamos a Jos\u00e9 Bengoa por haber sido reconocido como Premio Nacional de Humanidades y Ciencias Sociales 2025, m\u00e1ximo galard\u00f3n que entrega el Estado de Chile a quienes han hecho aportes sobresalientes en las ciencias humanas y sociales. Recibimos con alegr\u00eda el galard\u00f3n a uno de los m\u00e1s reconocidos especialistas latinoamericanos en materias ind\u00edgenas y minor\u00edas, historia y cultura.\",\"breadcrumb\":{\"@id\":\"https:\/\/colegioarquitectos.com\/noticias\/?p=34496#breadcrumb\"},\"inLanguage\":\"es\",\"potentialAction\":[{\"@type\":\"ReadAction\",\"target\":[\"https:\/\/colegioarquitectos.com\/noticias\/?p=34496\"]}]},{\"@type\":\"ImageObject\",\"inLanguage\":\"es\",\"@id\":\"https:\/\/colegioarquitectos.com\/noticias\/?p=34496#primaryimage\",\"url\":\"https:\/\/colegioarquitectos.com\/noticias\/wp-content\/uploads\/2025\/09\/ENCAB-FINAL.png\",\"contentUrl\":\"https:\/\/colegioarquitectos.com\/noticias\/wp-content\/uploads\/2025\/09\/ENCAB-FINAL.png\",\"width\":1280,\"height\":720},{\"@type\":\"BreadcrumbList\",\"@id\":\"https:\/\/colegioarquitectos.com\/noticias\/?p=34496#breadcrumb\",\"itemListElement\":[{\"@type\":\"ListItem\",\"position\":1,\"name\":\"Portada\",\"item\":\"https:\/\/colegioarquitectos.com\/noticias\"},{\"@type\":\"ListItem\",\"position\":2,\"name\":\"Felicitaciones a Jos\u00e9 Bengoa, Premio Nacional de Humanidades y Ciencias Sociales 2025\"}]},{\"@type\":\"WebSite\",\"@id\":\"https:\/\/colegioarquitectos.com\/noticias\/#website\",\"url\":\"https:\/\/colegioarquitectos.com\/noticias\/\",\"name\":\"COLEGIO DE ARQUITECTOS DE CHILE\",\"description\":\"\",\"publisher\":{\"@id\":\"https:\/\/colegioarquitectos.com\/noticias\/#organization\"},\"potentialAction\":[{\"@type\":\"SearchAction\",\"target\":{\"@type\":\"EntryPoint\",\"urlTemplate\":\"https:\/\/colegioarquitectos.com\/noticias\/?s={search_term_string}\"},\"query-input\":{\"@type\":\"PropertyValueSpecification\",\"valueRequired\":true,\"valueName\":\"search_term_string\"}}],\"inLanguage\":\"es\"},{\"@type\":\"Organization\",\"@id\":\"https:\/\/colegioarquitectos.com\/noticias\/#organization\",\"name\":\"COLEGIO DE ARQUITECTOS DE CHILE\",\"url\":\"https:\/\/colegioarquitectos.com\/noticias\/\",\"logo\":{\"@type\":\"ImageObject\",\"inLanguage\":\"es\",\"@id\":\"https:\/\/colegioarquitectos.com\/noticias\/#\/schema\/logo\/image\/\",\"url\":\"https:\/\/colegioarquitectos.com\/noticias\/wp-content\/uploads\/2021\/05\/ENCABEZADO-LOGO-CA.jpg\",\"contentUrl\":\"https:\/\/colegioarquitectos.com\/noticias\/wp-content\/uploads\/2021\/05\/ENCABEZADO-LOGO-CA.jpg\",\"width\":690,\"height\":350,\"caption\":\"COLEGIO DE ARQUITECTOS DE CHILE\"},\"image\":{\"@id\":\"https:\/\/colegioarquitectos.com\/noticias\/#\/schema\/logo\/image\/\"},\"sameAs\":[\"https:\/\/facebook.com\/Colegioarq\/\",\"https:\/\/x.com\/colegioarq\",\"https:\/\/instagram.com\/colegioarq\",\"https:\/\/youtube.com\/@ColegiodeArquitectosdeChile\"]},{\"@type\":\"Person\",\"@id\":\"https:\/\/colegioarquitectos.com\/noticias\/#\/schema\/person\/685cc0aad148303c5608f049af8285ad\",\"name\":\"Colegio de Arquitectos de Chile\",\"url\":\"https:\/\/colegioarquitectos.com\/noticias\/?author=4\"}]}<\/script>\n<!-- \/ Yoast SEO plugin. -->","yoast_head_json":{"title":"Felicitaciones a Jos\u00e9 Bengoa, Premio Nacional de Humanidades y Ciencias Sociales 2025 - COLEGIO DE ARQUITECTOS DE CHILE","description":"Como Colegio de Arquitectos de Chile felicitamos a Jos\u00e9 Bengoa por haber sido reconocido como Premio Nacional de Humanidades y Ciencias Sociales 2025, m\u00e1ximo galard\u00f3n que entrega el Estado de Chile a quienes han hecho aportes sobresalientes en las ciencias humanas y sociales. Recibimos con alegr\u00eda el galard\u00f3n a uno de los m\u00e1s reconocidos especialistas latinoamericanos en materias ind\u00edgenas y minor\u00edas, historia y cultura.","robots":{"index":"index","follow":"follow","max-snippet":"max-snippet:-1","max-image-preview":"max-image-preview:large","max-video-preview":"max-video-preview:-1"},"canonical":"https:\/\/colegioarquitectos.com\/noticias\/?p=34496","og_locale":"es_ES","og_type":"article","og_title":"Felicitaciones a Jos\u00e9 Bengoa, Premio Nacional de Humanidades y Ciencias Sociales 2025 - COLEGIO DE ARQUITECTOS DE CHILE","og_description":"Como Colegio de Arquitectos de Chile felicitamos a Jos\u00e9 Bengoa por haber sido reconocido como Premio Nacional de Humanidades y Ciencias Sociales 2025, m\u00e1ximo galard\u00f3n que entrega el Estado de Chile a quienes han hecho aportes sobresalientes en las ciencias humanas y sociales. Recibimos con alegr\u00eda el galard\u00f3n a uno de los m\u00e1s reconocidos especialistas latinoamericanos en materias ind\u00edgenas y minor\u00edas, historia y cultura.","og_url":"https:\/\/colegioarquitectos.com\/noticias\/?p=34496","og_site_name":"COLEGIO DE ARQUITECTOS DE CHILE","article_publisher":"https:\/\/facebook.com\/Colegioarq\/","article_published_time":"2025-09-05T15:31:43+00:00","og_image":[{"width":1280,"height":720,"url":"https:\/\/colegioarquitectos.com\/noticias\/wp-content\/uploads\/2025\/09\/ENCAB-FINAL.png","type":"image\/png"}],"author":"Colegio de Arquitectos de Chile","twitter_card":"summary_large_image","twitter_creator":"@colegioarq","twitter_site":"@colegioarq","twitter_misc":{"Escrito por":"Colegio de Arquitectos de Chile","Tiempo de lectura":"2 minutos"},"schema":{"@context":"https:\/\/schema.org","@graph":[{"@type":"Article","@id":"https:\/\/colegioarquitectos.com\/noticias\/?p=34496#article","isPartOf":{"@id":"https:\/\/colegioarquitectos.com\/noticias\/?p=34496"},"author":{"name":"Colegio de Arquitectos de Chile","@id":"https:\/\/colegioarquitectos.com\/noticias\/#\/schema\/person\/685cc0aad148303c5608f049af8285ad"},"headline":"Felicitaciones a Jos\u00e9 Bengoa, Premio Nacional de Humanidades y Ciencias Sociales 2025","datePublished":"2025-09-05T15:31:43+00:00","dateModified":"2025-09-05T15:31:43+00:00","mainEntityOfPage":{"@id":"https:\/\/colegioarquitectos.com\/noticias\/?p=34496"},"wordCount":340,"publisher":{"@id":"https:\/\/colegioarquitectos.com\/noticias\/#organization"},"image":{"@id":"https:\/\/colegioarquitectos.com\/noticias\/?p=34496#primaryimage"},"thumbnailUrl":"https:\/\/colegioarquitectos.com\/noticias\/wp-content\/uploads\/2025\/09\/ENCAB-FINAL.png","keywords":["Jos\u00e9 Bengoa","Premio Nacional de Humanidades y Ciencias Sociales","Premio Nacional de Humanidades y Ciencias Sociales 2025"],"articleSection":["Colegio"],"inLanguage":"es"},{"@type":"WebPage","@id":"https:\/\/colegioarquitectos.com\/noticias\/?p=34496","url":"https:\/\/colegioarquitectos.com\/noticias\/?p=34496","name":"Felicitaciones a Jos\u00e9 Bengoa, Premio Nacional de Humanidades y Ciencias Sociales 2025 - COLEGIO DE ARQUITECTOS DE CHILE","isPartOf":{"@id":"https:\/\/colegioarquitectos.com\/noticias\/#website"},"primaryImageOfPage":{"@id":"https:\/\/colegioarquitectos.com\/noticias\/?p=34496#primaryimage"},"image":{"@id":"https:\/\/colegioarquitectos.com\/noticias\/?p=34496#primaryimage"},"thumbnailUrl":"https:\/\/colegioarquitectos.com\/noticias\/wp-content\/uploads\/2025\/09\/ENCAB-FINAL.png","datePublished":"2025-09-05T15:31:43+00:00","dateModified":"2025-09-05T15:31:43+00:00","description":"Como Colegio de Arquitectos de Chile felicitamos a Jos\u00e9 Bengoa por haber sido reconocido como Premio Nacional de Humanidades y Ciencias Sociales 2025, m\u00e1ximo galard\u00f3n que entrega el Estado de Chile a quienes han hecho aportes sobresalientes en las ciencias humanas y sociales. Recibimos con alegr\u00eda el galard\u00f3n a uno de los m\u00e1s reconocidos especialistas latinoamericanos en materias ind\u00edgenas y minor\u00edas, historia y cultura.","breadcrumb":{"@id":"https:\/\/colegioarquitectos.com\/noticias\/?p=34496#breadcrumb"},"inLanguage":"es","potentialAction":[{"@type":"ReadAction","target":["https:\/\/colegioarquitectos.com\/noticias\/?p=34496"]}]},{"@type":"ImageObject","inLanguage":"es","@id":"https:\/\/colegioarquitectos.com\/noticias\/?p=34496#primaryimage","url":"https:\/\/colegioarquitectos.com\/noticias\/wp-content\/uploads\/2025\/09\/ENCAB-FINAL.png","contentUrl":"https:\/\/colegioarquitectos.com\/noticias\/wp-content\/uploads\/2025\/09\/ENCAB-FINAL.png","width":1280,"height":720},{"@type":"BreadcrumbList","@id":"https:\/\/colegioarquitectos.com\/noticias\/?p=34496#breadcrumb","itemListElement":[{"@type":"ListItem","position":1,"name":"Portada","item":"https:\/\/colegioarquitectos.com\/noticias"},{"@type":"ListItem","position":2,"name":"Felicitaciones a Jos\u00e9 Bengoa, Premio Nacional de Humanidades y Ciencias Sociales 2025"}]},{"@type":"WebSite","@id":"https:\/\/colegioarquitectos.com\/noticias\/#website","url":"https:\/\/colegioarquitectos.com\/noticias\/","name":"COLEGIO DE ARQUITECTOS DE CHILE","description":"","publisher":{"@id":"https:\/\/colegioarquitectos.com\/noticias\/#organization"},"potentialAction":[{"@type":"SearchAction","target":{"@type":"EntryPoint","urlTemplate":"https:\/\/colegioarquitectos.com\/noticias\/?s={search_term_string}"},"query-input":{"@type":"PropertyValueSpecification","valueRequired":true,"valueName":"search_term_string"}}],"inLanguage":"es"},{"@type":"Organization","@id":"https:\/\/colegioarquitectos.com\/noticias\/#organization","name":"COLEGIO DE ARQUITECTOS DE CHILE","url":"https:\/\/colegioarquitectos.com\/noticias\/","logo":{"@type":"ImageObject","inLanguage":"es","@id":"https:\/\/colegioarquitectos.com\/noticias\/#\/schema\/logo\/image\/","url":"https:\/\/colegioarquitectos.com\/noticias\/wp-content\/uploads\/2021\/05\/ENCABEZADO-LOGO-CA.jpg","contentUrl":"https:\/\/colegioarquitectos.com\/noticias\/wp-content\/uploads\/2021\/05\/ENCABEZADO-LOGO-CA.jpg","width":690,"height":350,"caption":"COLEGIO DE ARQUITECTOS DE CHILE"},"image":{"@id":"https:\/\/colegioarquitectos.com\/noticias\/#\/schema\/logo\/image\/"},"sameAs":["https:\/\/facebook.com\/Colegioarq\/","https:\/\/x.com\/colegioarq","https:\/\/instagram.com\/colegioarq","https:\/\/youtube.com\/@ColegiodeArquitectosdeChile"]},{"@type":"Person","@id":"https:\/\/colegioarquitectos.com\/noticias\/#\/schema\/person\/685cc0aad148303c5608f049af8285ad","name":"Colegio de Arquitectos de Chile","url":"https:\/\/colegioarquitectos.com\/noticias\/?author=4"}]}},"_links":{"self":[{"href":"https:\/\/colegioarquitectos.com\/noticias\/index.php?rest_route=\/wp\/v2\/posts\/34496","targetHints":{"allow":["GET"]}}],"collection":[{"href":"https:\/\/colegioarquitectos.com\/noticias\/index.php?rest_route=\/wp\/v2\/posts"}],"about":[{"href":"https:\/\/colegioarquitectos.com\/noticias\/index.php?rest_route=\/wp\/v2\/types\/post"}],"author":[{"embeddable":true,"href":"https:\/\/colegioarquitectos.com\/noticias\/index.php?rest_route=\/wp\/v2\/users\/4"}],"replies":[{"embeddable":true,"href":"https:\/\/colegioarquitectos.com\/noticias\/index.php?rest_route=%2Fwp%2Fv2%2Fcomments&post=34496"}],"version-history":[{"count":1,"href":"https:\/\/colegioarquitectos.com\/noticias\/index.php?rest_route=\/wp\/v2\/posts\/34496\/revisions"}],"predecessor-version":[{"id":34498,"href":"https:\/\/colegioarquitectos.com\/noticias\/index.php?rest_route=\/wp\/v2\/posts\/34496\/revisions\/34498"}],"wp:featuredmedia":[{"embeddable":true,"href":"https:\/\/colegioarquitectos.com\/noticias\/index.php?rest_route=\/wp\/v2\/media\/34497"}],"wp:attachment":[{"href":"https:\/\/colegioarquitectos.com\/noticias\/index.php?rest_route=%2Fwp%2Fv2%2Fmedia&parent=34496"}],"wp:term":[{"taxonomy":"category","embeddable":true,"href":"https:\/\/colegioarquitectos.com\/noticias\/index.php?rest_route=%2Fwp%2Fv2%2Fcategories&post=34496"},{"taxonomy":"post_tag","embeddable":true,"href":"https:\/\/colegioarquitectos.com\/noticias\/index.php?rest_route=%2Fwp%2Fv2%2Ftags&post=34496"}],"curies":[{"name":"wp","href":"https:\/\/api.w.org\/{rel}","templated":true}]}}